{"id":148435,"date":"2025-07-07T12:56:28","date_gmt":"2025-07-07T17:56:28","guid":{"rendered":"https:\/\/lospoliticosveracruz.com.mx\/?p=148435"},"modified":"2025-07-07T12:58:03","modified_gmt":"2025-07-07T17:58:03","slug":"extorsion-veracruz-esta-de-moda","status":"publish","type":"post","link":"https:\/\/lospoliticosveracruz.com\/?p=148435","title":{"rendered":"EXTORSI\u00d3N: VERACRUZ EST\u00c1 DE MODA"},"content":{"rendered":"\n\n\n<p><strong>Vicente Luna Hern\u00e1ndez<\/strong><\/p>\n\n\n\n<p>La presidenta Claudia Sheimbaun Pardo &#8211; acompa\u00f1ada de la Gobernadora Roc\u00edo Nahle Garc\u00eda -, durante su visita a Veracruz decidi\u00f3 dar a conocer la Estrategia Nacional para contrarrestar el delito de Extorsi\u00f3n, el gobierno federal ha decidido enfrentar con la fuerza del Estado el delito de extorsi\u00f3n que lastima de manera cruel a los mexicanos, un delito que afecta las finanzas familiares y la tranquilidad de los involucrados, un delito que se ha minimizado al no ser denunciado de manera p\u00fablica por las v\u00edctimas, un delito que \u2013 ahora se confirma \u2013 se lleva a cabo desde las c\u00e1rceles del pa\u00eds, \u00bfqui\u00e9n tiene el control de una c\u00e1rcel el gobierno o los criminales?<\/p>\n\n\n\n<p>Veracruz est\u00e1 de moda \u2013 lamentablemente \u2013 en el delito de extorsi\u00f3n, es uno de los 8 Estados donde se concentra el 66% de las denuncias por extorsi\u00f3n, denuncias que est\u00e1n muy lejos de ser las cifras reales, el temor a las represalias de los grupos de la delincuencia organizada es mayor que a la confianza a la autoridades correspondientes, \u00bfante un crimen organizado la victima buscar\u00e1 una autoridad desorganizada? \u00bfEs mejor pagar un \u201cimpuesto\u201d al crimen que un impuesto al gobierno? \u00bfEntre huachicol y extorsi\u00f3n Veracruz est\u00e1 de moda? Veracruz es uno de los 8 Estados en la lista negra, \u00bfa qui\u00e9n culpar? \u00bfAl que cobra de manera ilegal un \u201cimpuesto\u201d? \u00bfAl gobierno? \u00bfAl que paga un \u201cimpuesto\u201d y no denuncia por temor? Si se trata de culpar el pasado se ven entre las filas de morena a los 2 \u00faltimos ex gobernadores del Estado posando sonrientes para las c\u00e1maras.<\/p>\n\n\n\n<p>La realidad social y delictiva todo mundo la sabe y en la esferas del gobierno se sabe m\u00e1s, el eje de la estrategia nacional contra la extorsi\u00f3n se debe combatir empezando por tener el control absoluto de los centros penitenciarios con toda la fuerza del Estado, la realidad lastima y causa una profunda decepci\u00f3n social en el pa\u00eds: con gobiernos neoliberales o con la llegada de gobiernos humanistas la corrupci\u00f3n en las c\u00e1rceles de M\u00e9xico no se ha tocado ni con el p\u00e9talo de un rosa, llevar a cabo actos de extorsi\u00f3n por individuos que se encuentran privados de la libertad y sujetos a estrictas normas de seguridad y de disciplina solo se explican por los r\u00edos de dinero que corren por los pasillos de los centros de Reinserci\u00f3n social y por las oficinas de las autoridades involucradas, \u00bfen serio esto lo ignoran el gobierno federal y los gobiernos estatales?<\/p>\n\n\n\n<p>En Veracruz existen 18 Centros de Reinserci\u00f3n Social y de acuerdo a una nota de la Jornada Veracruz &#8211; del pasado mes de Enero -, ninguno de esos 18 centros cumpli\u00f3 las certificaciones que se\u00f1al\u00f3 la CNDH a trav\u00e9s del Diagn\u00f3stico Nacional de Supervisi\u00f3n Penitenciaria, \u00bfque hizo al respecto el gobernador m\u00e1s honesto que entre descansar despu\u00e9s de un sexenio arduo a favor de Veracruz decidi\u00f3 despachar en CENEGAS?<\/p>\n\n\n\n<p>M\u00e1s all\u00e1 de las acciones anunciadas por el Secretario de Seguridad y Protecci\u00f3n Ciudadana Omar Garc\u00eda Harfuch, resalto 3 muy concretas y 2 que \u2013 considero &#8211; quedaron pendientes:<\/p>\n\n\n\n<p>1.- La creaci\u00f3n de unidades anti extorsi\u00f3n locales.<\/p>\n\n\n\n<p>2.- La unidad de inteligencia financiera (UIF) solicitar\u00e1 bloquear l\u00edneas y equipos celulares vinculados a llamadas de extorsi\u00f3n, as\u00ed como el congelamiento de cuentas bancarias identificadas como receptoras de cobros por extorsiones.<\/p>\n\n\n\n<p>3.- El incremento de operativos en las c\u00e1rceles para el aseguramiento de equipos telef\u00f3nicos utilizados por internos para cometer este delito.<\/p>\n\n\n\n<p>Con las prisas al Secretario se le olvid\u00f3 mencionar 2 fundamentales:<\/p>\n\n\n\n<p>4.- Combatir la corrupci\u00f3n llevada a cabo por funcionarios del poder ejecutivo, del poder judicial y llegar al eslab\u00f3n que opera en los centros penitenciarios.<\/p>\n\n\n\n<p>5.- Implementar m\u00e1s y mejores medidas de protecci\u00f3n para quienes deciden trabajar de manera honesta al interior de los centros de rehabilitaci\u00f3n.<\/p>\n\n\n\n<p>La extorsi\u00f3n provoca muertes, dolor en las familias afectadas, quiebre de empresas peque\u00f1as y medianas principalmente, desintegraci\u00f3n familiar, afecta las finanzas familiares, es mucho el da\u00f1o al pa\u00eds pero \u2013lamentablemente- es mucho el dolor que deja en las victimas, \u00bfest\u00e1 decidido el gobierno federal humanista a mitigar el dolor?<\/p>\n\n\n\n<p>P.D.- Con el \u00e1nimo que la estrategia: \u201cLas dependencias que conforman el gabinete de seguridad se comprometen a trabajar de forma coordinada, atendiendo este delito a trav\u00e9s de la l\u00ednea telef\u00f3nica an\u00f3nima 089\u201d sea una realidad\u2026Escribir\u00e9 otro d\u00eda.<\/p>\n","protected":false},"excerpt":{"rendered":"<p>Vicente Luna Hern\u00e1ndez La presidenta Claudia Sheimbaun Pardo &#8211; acompa\u00f1ada de la Gobernadora Roc\u00edo Nahle Garc\u00eda -, durante su visita a Veracruz decidi\u00f3 dar a conocer la Estrategia Nacional para contrarrestar el delito de Extorsi\u00f3n, el gobierno federal ha decidido enfrentar con la fuerza del Estado el delito de extorsi\u00f3n que lastima de manera cruel [&hellip;]<\/p>\n","protected":false},"author":2,"featured_media":141415,"comment_status":"closed","ping_status":"closed","sticky":false,"template":"","format":"standard","meta":{"tdm_status":"","tdm_grid_status":"","footnotes":""},"categories":[70],"tags":[42940,15667],"class_list":{"0":"post-148435","1":"post","2":"type-post","3":"status-publish","4":"format-standard","5":"has-post-thumbnail","7":"category-de-opinion","8":"tag-claudia-sheimbaun-pardo","9":"tag-vicente-luna-hernandez"},"yoast_head":"<!-- This site is optimized with the Yoast SEO plugin v27.4 - https:\/\/yoast.com\/product\/yoast-seo-wordpress\/ -->\n<title>EXTORSI\u00d3N: VERACRUZ EST\u00c1 DE MODA - Los pol\u00edticos Veracruz<\/title>\n<meta name=\"robots\" content=\"index, follow, max-snippet:-1, max-image-preview:large, max-video-preview:-1\" \/>\n<link rel=\"canonical\" href=\"https:\/\/lospoliticosveracruz.com\/?p=148435\" \/>\n<meta property=\"og:locale\" content=\"es_ES\" \/>\n<meta property=\"og:type\" content=\"article\" \/>\n<meta property=\"og:title\" content=\"EXTORSI\u00d3N: VERACRUZ EST\u00c1 DE MODA - Los pol\u00edticos Veracruz\" \/>\n<meta property=\"og:description\" content=\"Vicente Luna Hern\u00e1ndez La presidenta Claudia Sheimbaun Pardo &#8211; acompa\u00f1ada de la Gobernadora Roc\u00edo Nahle Garc\u00eda -, durante su visita a Veracruz decidi\u00f3 dar a conocer la Estrategia Nacional para contrarrestar el delito de Extorsi\u00f3n, el gobierno federal ha decidido enfrentar con la fuerza del Estado el delito de extorsi\u00f3n que lastima de manera cruel [&hellip;]\" \/>\n<meta property=\"og:url\" content=\"https:\/\/lospoliticosveracruz.com\/?p=148435\" \/>\n<meta property=\"og:site_name\" content=\"Los pol\u00edticos Veracruz\" \/>\n<meta property=\"article:publisher\" content=\"https:\/\/www.facebook.com\/people\/Notimemes-de-los-Polticos\/61565672886568\/\" \/>\n<meta property=\"article:published_time\" content=\"2025-07-07T17:56:28+00:00\" \/>\n<meta property=\"article:modified_time\" content=\"2025-07-07T17:58:03+00:00\" \/>\n<meta property=\"og:image\" content=\"https:\/\/lospoliticosveracruz.com\/wp-content\/uploads\/2025\/04\/Vicente-Luna-Hernandez.jpg\" \/>\n\t<meta property=\"og:image:width\" content=\"1250\" \/>\n\t<meta property=\"og:image:height\" content=\"667\" \/>\n\t<meta property=\"og:image:type\" content=\"image\/jpeg\" \/>\n<meta name=\"author\" content=\"Lo viste en Los Pol\u00edticos\" \/>\n<meta name=\"twitter:card\" content=\"summary_large_image\" \/>\n<meta name=\"twitter:creator\" content=\"@LosPoliticosVer\" \/>\n<meta name=\"twitter:site\" content=\"@LosPoliticosVer\" \/>\n<meta name=\"twitter:label1\" content=\"Escrito por\" \/>\n\t<meta name=\"twitter:data1\" content=\"Lo viste en Los Pol\u00edticos\" \/>\n\t<meta name=\"twitter:label2\" content=\"Tiempo de lectura\" \/>\n\t<meta name=\"twitter:data2\" content=\"4 minutos\" \/>\n<script type=\"application\/ld+json\" class=\"yoast-schema-graph\">{\"@context\":\"https:\\\/\\\/schema.org\",\"@graph\":[{\"@type\":\"Article\",\"@id\":\"https:\\\/\\\/lospoliticosveracruz.com\\\/?p=148435#article\",\"isPartOf\":{\"@id\":\"https:\\\/\\\/lospoliticosveracruz.com\\\/?p=148435\"},\"author\":{\"name\":\"Lo viste en Los Pol\u00edticos\",\"@id\":\"https:\\\/\\\/lospoliticosveracruz.com\\\/#\\\/schema\\\/person\\\/b8702bb0e538456e6efd07080bf2a4a2\"},\"headline\":\"EXTORSI\u00d3N: VERACRUZ EST\u00c1 DE MODA\",\"datePublished\":\"2025-07-07T17:56:28+00:00\",\"dateModified\":\"2025-07-07T17:58:03+00:00\",\"mainEntityOfPage\":{\"@id\":\"https:\\\/\\\/lospoliticosveracruz.com\\\/?p=148435\"},\"wordCount\":775,\"publisher\":{\"@id\":\"https:\\\/\\\/lospoliticosveracruz.com\\\/#organization\"},\"image\":{\"@id\":\"https:\\\/\\\/lospoliticosveracruz.com\\\/?p=148435#primaryimage\"},\"thumbnailUrl\":\"https:\\\/\\\/lospoliticosveracruz.com\\\/wp-content\\\/uploads\\\/2025\\\/04\\\/Vicente-Luna-Hernandez.jpg\",\"keywords\":[\"Claudia Sheimbaun Pardo\",\"Vicente Luna Hern\u00e1ndez\"],\"articleSection\":[\"De Opini\u00f3n\"],\"inLanguage\":\"es\"},{\"@type\":\"WebPage\",\"@id\":\"https:\\\/\\\/lospoliticosveracruz.com\\\/?p=148435\",\"url\":\"https:\\\/\\\/lospoliticosveracruz.com\\\/?p=148435\",\"name\":\"EXTORSI\u00d3N: VERACRUZ EST\u00c1 DE MODA - Los pol\u00edticos Veracruz\",\"isPartOf\":{\"@id\":\"https:\\\/\\\/lospoliticosveracruz.com\\\/#website\"},\"primaryImageOfPage\":{\"@id\":\"https:\\\/\\\/lospoliticosveracruz.com\\\/?p=148435#primaryimage\"},\"image\":{\"@id\":\"https:\\\/\\\/lospoliticosveracruz.com\\\/?p=148435#primaryimage\"},\"thumbnailUrl\":\"https:\\\/\\\/lospoliticosveracruz.com\\\/wp-content\\\/uploads\\\/2025\\\/04\\\/Vicente-Luna-Hernandez.jpg\",\"datePublished\":\"2025-07-07T17:56:28+00:00\",\"dateModified\":\"2025-07-07T17:58:03+00:00\",\"breadcrumb\":{\"@id\":\"https:\\\/\\\/lospoliticosveracruz.com\\\/?p=148435#breadcrumb\"},\"inLanguage\":\"es\",\"potentialAction\":[{\"@type\":\"ReadAction\",\"target\":[\"https:\\\/\\\/lospoliticosveracruz.com\\\/?p=148435\"]}]},{\"@type\":\"ImageObject\",\"inLanguage\":\"es\",\"@id\":\"https:\\\/\\\/lospoliticosveracruz.com\\\/?p=148435#primaryimage\",\"url\":\"https:\\\/\\\/lospoliticosveracruz.com\\\/wp-content\\\/uploads\\\/2025\\\/04\\\/Vicente-Luna-Hernandez.jpg\",\"contentUrl\":\"https:\\\/\\\/lospoliticosveracruz.com\\\/wp-content\\\/uploads\\\/2025\\\/04\\\/Vicente-Luna-Hernandez.jpg\",\"width\":1250,\"height\":667},{\"@type\":\"BreadcrumbList\",\"@id\":\"https:\\\/\\\/lospoliticosveracruz.com\\\/?p=148435#breadcrumb\",\"itemListElement\":[{\"@type\":\"ListItem\",\"position\":1,\"name\":\"Portada\",\"item\":\"https:\\\/\\\/lospoliticosveracruz.com\\\/\"},{\"@type\":\"ListItem\",\"position\":2,\"name\":\"EXTORSI\u00d3N: VERACRUZ EST\u00c1 DE MODA\"}]},{\"@type\":\"WebSite\",\"@id\":\"https:\\\/\\\/lospoliticosveracruz.com\\\/#website\",\"url\":\"https:\\\/\\\/lospoliticosveracruz.com\\\/\",\"name\":\"Los pol\u00edticos Veracruz\",\"description\":\"\",\"publisher\":{\"@id\":\"https:\\\/\\\/lospoliticosveracruz.com\\\/#organization\"},\"potentialAction\":[{\"@type\":\"SearchAction\",\"target\":{\"@type\":\"EntryPoint\",\"urlTemplate\":\"https:\\\/\\\/lospoliticosveracruz.com\\\/?s={search_term_string}\"},\"query-input\":{\"@type\":\"PropertyValueSpecification\",\"valueRequired\":true,\"valueName\":\"search_term_string\"}}],\"inLanguage\":\"es\"},{\"@type\":\"Organization\",\"@id\":\"https:\\\/\\\/lospoliticosveracruz.com\\\/#organization\",\"name\":\"Los pol\u00edticos Veracruz\",\"url\":\"https:\\\/\\\/lospoliticosveracruz.com\\\/\",\"logo\":{\"@type\":\"ImageObject\",\"inLanguage\":\"es\",\"@id\":\"https:\\\/\\\/lospoliticosveracruz.com\\\/#\\\/schema\\\/logo\\\/image\\\/\",\"url\":\"https:\\\/\\\/lospoliticosveracruz.com\\\/wp-content\\\/uploads\\\/2025\\\/12\\\/Logo-Nuevo-LOS-POLITICOS-1.jpg\",\"contentUrl\":\"https:\\\/\\\/lospoliticosveracruz.com\\\/wp-content\\\/uploads\\\/2025\\\/12\\\/Logo-Nuevo-LOS-POLITICOS-1.jpg\",\"width\":260,\"height\":70,\"caption\":\"Los pol\u00edticos Veracruz\"},\"image\":{\"@id\":\"https:\\\/\\\/lospoliticosveracruz.com\\\/#\\\/schema\\\/logo\\\/image\\\/\"},\"sameAs\":[\"https:\\\/\\\/www.facebook.com\\\/people\\\/Notimemes-de-los-Polticos\\\/61565672886568\\\/\",\"https:\\\/\\\/x.com\\\/LosPoliticosVer\"]},{\"@type\":\"Person\",\"@id\":\"https:\\\/\\\/lospoliticosveracruz.com\\\/#\\\/schema\\\/person\\\/b8702bb0e538456e6efd07080bf2a4a2\",\"name\":\"Lo viste en Los Pol\u00edticos\",\"image\":{\"@type\":\"ImageObject\",\"inLanguage\":\"es\",\"@id\":\"https:\\\/\\\/secure.gravatar.com\\\/avatar\\\/3a8de04a2656d44082be478bd6c086daa447c4651605818287b9532d3d0bd435?s=96&d=mm&r=g\",\"url\":\"https:\\\/\\\/secure.gravatar.com\\\/avatar\\\/3a8de04a2656d44082be478bd6c086daa447c4651605818287b9532d3d0bd435?s=96&d=mm&r=g\",\"contentUrl\":\"https:\\\/\\\/secure.gravatar.com\\\/avatar\\\/3a8de04a2656d44082be478bd6c086daa447c4651605818287b9532d3d0bd435?s=96&d=mm&r=g\",\"caption\":\"Lo viste en Los Pol\u00edticos\"},\"url\":\"https:\\\/\\\/lospoliticosveracruz.com\\\/?author=2\"}]}<\/script>\n<!-- \/ Yoast SEO plugin. -->","yoast_head_json":{"title":"EXTORSI\u00d3N: VERACRUZ EST\u00c1 DE MODA - Los pol\u00edticos Veracruz","robots":{"index":"index","follow":"follow","max-snippet":"max-snippet:-1","max-image-preview":"max-image-preview:large","max-video-preview":"max-video-preview:-1"},"canonical":"https:\/\/lospoliticosveracruz.com\/?p=148435","og_locale":"es_ES","og_type":"article","og_title":"EXTORSI\u00d3N: VERACRUZ EST\u00c1 DE MODA - Los pol\u00edticos Veracruz","og_description":"Vicente Luna Hern\u00e1ndez La presidenta Claudia Sheimbaun Pardo &#8211; acompa\u00f1ada de la Gobernadora Roc\u00edo Nahle Garc\u00eda -, durante su visita a Veracruz decidi\u00f3 dar a conocer la Estrategia Nacional para contrarrestar el delito de Extorsi\u00f3n, el gobierno federal ha decidido enfrentar con la fuerza del Estado el delito de extorsi\u00f3n que lastima de manera cruel [&hellip;]","og_url":"https:\/\/lospoliticosveracruz.com\/?p=148435","og_site_name":"Los pol\u00edticos Veracruz","article_publisher":"https:\/\/www.facebook.com\/people\/Notimemes-de-los-Polticos\/61565672886568\/","article_published_time":"2025-07-07T17:56:28+00:00","article_modified_time":"2025-07-07T17:58:03+00:00","og_image":[{"width":1250,"height":667,"url":"https:\/\/lospoliticosveracruz.com\/wp-content\/uploads\/2025\/04\/Vicente-Luna-Hernandez.jpg","type":"image\/jpeg"}],"author":"Lo viste en Los Pol\u00edticos","twitter_card":"summary_large_image","twitter_creator":"@LosPoliticosVer","twitter_site":"@LosPoliticosVer","twitter_misc":{"Escrito por":"Lo viste en Los Pol\u00edticos","Tiempo de lectura":"4 minutos"},"schema":{"@context":"https:\/\/schema.org","@graph":[{"@type":"Article","@id":"https:\/\/lospoliticosveracruz.com\/?p=148435#article","isPartOf":{"@id":"https:\/\/lospoliticosveracruz.com\/?p=148435"},"author":{"name":"Lo viste en Los Pol\u00edticos","@id":"https:\/\/lospoliticosveracruz.com\/#\/schema\/person\/b8702bb0e538456e6efd07080bf2a4a2"},"headline":"EXTORSI\u00d3N: VERACRUZ EST\u00c1 DE MODA","datePublished":"2025-07-07T17:56:28+00:00","dateModified":"2025-07-07T17:58:03+00:00","mainEntityOfPage":{"@id":"https:\/\/lospoliticosveracruz.com\/?p=148435"},"wordCount":775,"publisher":{"@id":"https:\/\/lospoliticosveracruz.com\/#organization"},"image":{"@id":"https:\/\/lospoliticosveracruz.com\/?p=148435#primaryimage"},"thumbnailUrl":"https:\/\/lospoliticosveracruz.com\/wp-content\/uploads\/2025\/04\/Vicente-Luna-Hernandez.jpg","keywords":["Claudia Sheimbaun Pardo","Vicente Luna Hern\u00e1ndez"],"articleSection":["De Opini\u00f3n"],"inLanguage":"es"},{"@type":"WebPage","@id":"https:\/\/lospoliticosveracruz.com\/?p=148435","url":"https:\/\/lospoliticosveracruz.com\/?p=148435","name":"EXTORSI\u00d3N: VERACRUZ EST\u00c1 DE MODA - Los pol\u00edticos Veracruz","isPartOf":{"@id":"https:\/\/lospoliticosveracruz.com\/#website"},"primaryImageOfPage":{"@id":"https:\/\/lospoliticosveracruz.com\/?p=148435#primaryimage"},"image":{"@id":"https:\/\/lospoliticosveracruz.com\/?p=148435#primaryimage"},"thumbnailUrl":"https:\/\/lospoliticosveracruz.com\/wp-content\/uploads\/2025\/04\/Vicente-Luna-Hernandez.jpg","datePublished":"2025-07-07T17:56:28+00:00","dateModified":"2025-07-07T17:58:03+00:00","breadcrumb":{"@id":"https:\/\/lospoliticosveracruz.com\/?p=148435#breadcrumb"},"inLanguage":"es","potentialAction":[{"@type":"ReadAction","target":["https:\/\/lospoliticosveracruz.com\/?p=148435"]}]},{"@type":"ImageObject","inLanguage":"es","@id":"https:\/\/lospoliticosveracruz.com\/?p=148435#primaryimage","url":"https:\/\/lospoliticosveracruz.com\/wp-content\/uploads\/2025\/04\/Vicente-Luna-Hernandez.jpg","contentUrl":"https:\/\/lospoliticosveracruz.com\/wp-content\/uploads\/2025\/04\/Vicente-Luna-Hernandez.jpg","width":1250,"height":667},{"@type":"BreadcrumbList","@id":"https:\/\/lospoliticosveracruz.com\/?p=148435#breadcrumb","itemListElement":[{"@type":"ListItem","position":1,"name":"Portada","item":"https:\/\/lospoliticosveracruz.com\/"},{"@type":"ListItem","position":2,"name":"EXTORSI\u00d3N: VERACRUZ EST\u00c1 DE MODA"}]},{"@type":"WebSite","@id":"https:\/\/lospoliticosveracruz.com\/#website","url":"https:\/\/lospoliticosveracruz.com\/","name":"Los pol\u00edticos Veracruz","description":"","publisher":{"@id":"https:\/\/lospoliticosveracruz.com\/#organization"},"potentialAction":[{"@type":"SearchAction","target":{"@type":"EntryPoint","urlTemplate":"https:\/\/lospoliticosveracruz.com\/?s={search_term_string}"},"query-input":{"@type":"PropertyValueSpecification","valueRequired":true,"valueName":"search_term_string"}}],"inLanguage":"es"},{"@type":"Organization","@id":"https:\/\/lospoliticosveracruz.com\/#organization","name":"Los pol\u00edticos Veracruz","url":"https:\/\/lospoliticosveracruz.com\/","logo":{"@type":"ImageObject","inLanguage":"es","@id":"https:\/\/lospoliticosveracruz.com\/#\/schema\/logo\/image\/","url":"https:\/\/lospoliticosveracruz.com\/wp-content\/uploads\/2025\/12\/Logo-Nuevo-LOS-POLITICOS-1.jpg","contentUrl":"https:\/\/lospoliticosveracruz.com\/wp-content\/uploads\/2025\/12\/Logo-Nuevo-LOS-POLITICOS-1.jpg","width":260,"height":70,"caption":"Los pol\u00edticos Veracruz"},"image":{"@id":"https:\/\/lospoliticosveracruz.com\/#\/schema\/logo\/image\/"},"sameAs":["https:\/\/www.facebook.com\/people\/Notimemes-de-los-Polticos\/61565672886568\/","https:\/\/x.com\/LosPoliticosVer"]},{"@type":"Person","@id":"https:\/\/lospoliticosveracruz.com\/#\/schema\/person\/b8702bb0e538456e6efd07080bf2a4a2","name":"Lo viste en Los Pol\u00edticos","image":{"@type":"ImageObject","inLanguage":"es","@id":"https:\/\/secure.gravatar.com\/avatar\/3a8de04a2656d44082be478bd6c086daa447c4651605818287b9532d3d0bd435?s=96&d=mm&r=g","url":"https:\/\/secure.gravatar.com\/avatar\/3a8de04a2656d44082be478bd6c086daa447c4651605818287b9532d3d0bd435?s=96&d=mm&r=g","contentUrl":"https:\/\/secure.gravatar.com\/avatar\/3a8de04a2656d44082be478bd6c086daa447c4651605818287b9532d3d0bd435?s=96&d=mm&r=g","caption":"Lo viste en Los Pol\u00edticos"},"url":"https:\/\/lospoliticosveracruz.com\/?author=2"}]}},"_links":{"self":[{"href":"https:\/\/lospoliticosveracruz.com\/index.php?rest_route=\/wp\/v2\/posts\/148435","targetHints":{"allow":["GET"]}}],"collection":[{"href":"https:\/\/lospoliticosveracruz.com\/index.php?rest_route=\/wp\/v2\/posts"}],"about":[{"href":"https:\/\/lospoliticosveracruz.com\/index.php?rest_route=\/wp\/v2\/types\/post"}],"author":[{"embeddable":true,"href":"https:\/\/lospoliticosveracruz.com\/index.php?rest_route=\/wp\/v2\/users\/2"}],"replies":[{"embeddable":true,"href":"https:\/\/lospoliticosveracruz.com\/index.php?rest_route=%2Fwp%2Fv2%2Fcomments&post=148435"}],"version-history":[{"count":1,"href":"https:\/\/lospoliticosveracruz.com\/index.php?rest_route=\/wp\/v2\/posts\/148435\/revisions"}],"predecessor-version":[{"id":148436,"href":"https:\/\/lospoliticosveracruz.com\/index.php?rest_route=\/wp\/v2\/posts\/148435\/revisions\/148436"}],"wp:featuredmedia":[{"embeddable":true,"href":"https:\/\/lospoliticosveracruz.com\/index.php?rest_route=\/wp\/v2\/media\/141415"}],"wp:attachment":[{"href":"https:\/\/lospoliticosveracruz.com\/index.php?rest_route=%2Fwp%2Fv2%2Fmedia&parent=148435"}],"wp:term":[{"taxonomy":"category","embeddable":true,"href":"https:\/\/lospoliticosveracruz.com\/index.php?rest_route=%2Fwp%2Fv2%2Fcategories&post=148435"},{"taxonomy":"post_tag","embeddable":true,"href":"https:\/\/lospoliticosveracruz.com\/index.php?rest_route=%2Fwp%2Fv2%2Ftags&post=148435"}],"curies":[{"name":"wp","href":"https:\/\/api.w.org\/{rel}","templated":true}]}}