{"id":148472,"date":"2025-07-08T08:37:16","date_gmt":"2025-07-08T13:37:16","guid":{"rendered":"https:\/\/lospoliticosveracruz.com.mx\/?p=148472"},"modified":"2025-07-08T08:38:24","modified_gmt":"2025-07-08T13:38:24","slug":"obras-son-amores-y-dolores-de-cabeza","status":"publish","type":"post","link":"https:\/\/lospoliticosveracruz.com\/?p=148472","title":{"rendered":"OBRAS SON AMORES\u2026 Y DOLORES DE CABEZA"},"content":{"rendered":"\n\n\n<p><strong>Manolo Victorio<\/strong><\/p>\n\n\n\n<p><em>Carpe Diem<\/em><\/p>\n\n\n\n<p>En el sexenio alemanista, este reportero cubri\u00f3 una gira presidencial en el poblado 14 Los Liberales, en la profundidad del Valle del Uxpanapa.<\/p>\n\n\n\n<p>El frugal desayuno, a trote,&nbsp;en el extremo sur de un puente que cruza las aguas de este r\u00edo impresionante,&nbsp;cuyo caudal produce un sonido hondo, que se siente en el est\u00f3mago, fue un cuadrado de un bizcocho de pan relleno de manjar s\u00f3lido y un vaso de refresco de naranja.<\/p>\n\n\n\n<p>Salir del Uxpanapa fue una expedici\u00f3n, despu\u00e9s de comer-cenar en un modesto restaurante del Poblado 6, donde el pull de prensa recuper\u00f3 fuerzas despu\u00e9s de la faena, con rebanadas de robalo fritas con salsa de pico de gallo, tortillas y unas cervezas, atravesar la espesura de los \u00e1rboles de hule, en una Suburban atestada, fue una experiencia que ubic\u00f3 a los periodistas sobre el abandono de los pobladores&nbsp;respecto al progreso citadino.<\/p>\n\n\n\n<p>Un enfermo se muere en el camino, nos dec\u00edan en ese entonces las personas, en platica que m\u00e1s bien era una tarea urgente para los periodistas: cuestionar los porqu\u00e9s no hab\u00eda infraestructura de salud para los pobladores del sur profundo.<\/p>\n\n\n\n<p>Luego de 13 a\u00f1os de promesas incumplidas por gobiernos priistas, panistas y el morenista que encabez\u00f3 el multicitado Cuitl\u00e1huac Garc\u00eda Jim\u00e9nez, la presidenta Claudia Sheinbaum Pardo \u00abinaugur\u00f3 el Hospital Materno Infantil IMSS Bienestar de Coatzacoalcos, el cual cuenta con el equipo m\u00e1s moderno para garantizar dignidad y justicia social para las mujeres, ni\u00f1as y ni\u00f1os del Istmo de Tehuantepec\u00bb, sintetiza el lead del comunicado del gobierno federal.<\/p>\n\n\n\n<p>El comunicado resalta \u00ab&nbsp;que la modernizaci\u00f3n del Hospital Materno Infantil del IMSS Bienestar de Coatzacoalcos lleg\u00f3 con la Cuarta Transformaci\u00f3n, despu\u00e9s de que gobiernos neoliberales lo dejaron en el abandono, por ello, a trav\u00e9s de una inversi\u00f3n superior a los 800 millones de pesos (mdp) esta nueva unidad hospitalaria comenzar\u00e1 a operar con 140 camas censables, 14 consultorios, 5 quir\u00f3fanos, un tom\u00f3grafo, dos salas de choque, una plantilla inicial de 280 trabajadores y trabajadoras de la salud y una &nbsp;y una cartera de servicios de ginecolog\u00eda, obstetricia, un sistema especializado en embarazo de alto riesgo, neonatolog\u00eda, cl\u00ednica de mama, cirug\u00eda pedi\u00e1trica, nutrici\u00f3n, psicolog\u00eda, laboratorios, centros de transfusi\u00f3n y hasta Banco de Leche\u00bb.<\/p>\n\n\n\n<p>Adem\u00e1s, a&nbsp;contrapelo del slogan period\u00edstico gringo del \u00ab<em>bad news, good news<\/em>\u00bb, en el coraz\u00f3n del sur profundo, en la tierra adoptiva de la gobernadora Norma Roc\u00edo Nahle, vinieron mas anuncios que paliaron la sed de justicia sanitaria para los pueblos del Istmo&nbsp;de Tehuantepec, diseccionados&nbsp;mujeres, ni\u00f1as y ni\u00f1os&nbsp;que esperan tener una cama de hospital lo m\u00e1s cercana posible.<\/p>\n\n\n\n<p>Alejandro Svarch P\u00e9rez,&nbsp;director general del IMSS Bienestar,&nbsp;detall\u00f3 que&nbsp;\u00aben Veracruz la inversi\u00f3n adicional en rehabilitaci\u00f3n de hospitales ser\u00e1 de 2 mil 300 mdp para intervenir el Hospital de Alta Especialidad con los pisos 7 y 8, as\u00ed como la primera sala de la Unidad&nbsp;Especializada en Atenci\u00f3n de Ni\u00f1os Quemados; la sustituci\u00f3n del Hospital de Misantla con inversi\u00f3n de 300 mdp; y dos nuevos hospitales: de Tuxpan con 120 camas y cinco quir\u00f3fanos; y de P\u00e1nuco con 40 camas\u00bb.<\/p>\n\n\n\n<p>Tres anuncios que deben resonar por lo menos todo el mes de julio en la comunicaci\u00f3n gubernamental.<\/p>\n\n\n\n<p>Sin embargo, el concepto del refranero pol\u00edtico mexicanos respecto a que las \u00abobras&nbsp;son amores, y no buenas razones\u00bb, que debieran ser materia prima para la difusi\u00f3n popular que llegue al m\u00e1s apartado lugar poblacional en el estado de Veracruz, se distorsiona por el dolor de cabeza que significa el tema de la infraestructura deportiva, que jala en la opini\u00f3n publica hacia abajo, la positividad de contar con un nuevo hospital en Coatzacoalcos.<\/p>\n\n\n\n<p>Si Cuitl\u00e1huac Garc\u00eda Jim\u00e9nez le hubiese apostado a la salud, hubiese construido al menos dos hospitales de 140 camas como el inaugurado en Coatzacoalcos en lugar de meterle&nbsp;mil 676 millones 466 mil 826 pesos&nbsp;a la remodelaci\u00f3n de un estadio de futbol, \u00abEl Pirata\u00bb de la Fuente, que no tiene ni equipo,&nbsp;franquicia&nbsp;en puerta, ni pies ni cabeza.<\/p>\n\n\n\n<p>Se hubiera llevado las fanfarrias con ese presupuesto bien direccionado.<\/p>\n\n\n\n<p>Ahora, la obra de remodelaci\u00f3n, cacareada en un&nbsp;<em>reel<\/em>&nbsp;de redes sociales por el pastor de los legisladores de Morena que representan a Veracruz en San L\u00e1zaro, Roberto Zenyazen Escobar Garc\u00eda, es otra piedra en la zapatilla de la gobernadora por el costo inflado de la obra que no result\u00f3 ser una joya de ingenier\u00eda y que ocupa los espacios de&nbsp;<em>hate<\/em>en las redes sociales entre la afici\u00f3n porte\u00f1a que se siente&nbsp;\u2500otra vez\u2500&nbsp;enga\u00f1ada.<\/p>\n\n\n\n<p>Y es que, en las redes sociales,&nbsp;el p\u00fablico que asisti\u00f3 al International Football Cup, subieron videos e im\u00e1genes respecto al&nbsp;mal estado de algunos detalles en el estadio Luis Pirata Fuente&nbsp;como las escalinatas sin pasamanos, ba\u00f1os inundados,&nbsp;asientos&nbsp;incomodos en la zona de&nbsp;gradas, fragilidad de los barandales, la mala calidad del pasto de la cancha, falta de acabado en muros, errores en el dise\u00f1o de las escaleras de las gradas.<\/p>\n\n\n\n<p>El periodista deportivo Antonio \u00abEl divino\u00bb L\u00f3pez, exhibi\u00f3 como las torres de palcos obstruyen la visi\u00f3n en las gradas de las partes altas, de una parte del rect\u00e1ngulo de juego.<\/p>\n\n\n\n<p>Errores tan colosales como irresponsables que ameritan una sanci\u00f3n a quienes se encargaron de la obra m\u00e1xima del cuitlahuismo.<\/p>\n\n\n\n<p>Si de origen, remodelar un estadio que no tiene equipo de futbol profesional, cuyo nombre, \u00abTiburones Rojos\u00bb de Veracruz chapalea en el oc\u00e9ano de la corrupci\u00f3n y en litigios judiciales, era una trastada; ahora con un estadio que es puro cascar\u00f3n, caro e inoperante, cuya irritabilidad social no la tiene que padecer Cuitl\u00e1huac Garc\u00eda Jim\u00e9nez, es el colmo de una desgracia publica cronicada con antelaci\u00f3n.<\/p>\n\n\n\n<p>El tema del Pirata Fuente, obligado en la interrogante, fue planteado por el periodista Miguel \u00c1ngel Le\u00f3n Carmona a la gobernadora Nahle, quien \u2013un&nbsp;d\u00eda&nbsp;despu\u00e9s de la gran fiesta por la inauguraci\u00f3n del hospital materno-infantil&nbsp;de Coatza- tuvo que atajar reactivamente un tema que no es suyo, dijo:<\/p>\n\n\n\n<p>\u00abPrimero le voy a decir a Protecci\u00f3n Civil que vaya. Que vaya, para m\u00ed lo m\u00e1s importante es la seguridad. Que vaya y luego le voy a pedir a Leonardo Cornejo que vaya a hacer una supervisi\u00f3n del dise\u00f1o donde hay obstrucciones (\u2026) o donde el estadio est\u00e9 fuera de dise\u00f1o\u00bb.<\/p>\n\n\n\n<p>Y encima chutarse un video donde Zenyazen junto&nbsp;con el exsecretario de Finanzas, Jos\u00e9 Luis Lima Franco, y el responsable de la reconstrucci\u00f3n del inmueble, Ricardo Garc\u00eda, alardea&nbsp;la obra magna de Cuitl\u00e1huac Garc\u00eda, debe ser un ejercicio did\u00e1ctico de diplomacia.<\/p>\n\n\n\n<p>Por cierto, en esta nueva irrupci\u00f3n de la impronta negativa de Cuitl\u00e1huac Garc\u00eda, quien sigue vigente en el manejo informativo con el tema del estadio, las malas noticias para el retorno del futbol parecen no cesar.<\/p>\n\n\n\n<p>Antonio L\u00f3pez escribi\u00f3 que el equipo Toros de Celaya ten\u00eda previsto mudarse al Pirata donde jugar\u00eda como local en la Liga de Expansi\u00f3n MX.<\/p>\n\n\n\n<p>\u00abAntes del inicio de la International Football Cup, la ropa, el material de utiler\u00eda y el material de entrenamiento lo ten\u00edan guardado en un vestidor, pero una vez iniciado el torneo todas las cosas las cambiaron de lugar para que nadie las viera.<\/p>\n\n\n\n<p>Se entiende que Ronald Baroni y Carlos Benavidez sacaron la ropa y el material con la ayuda de un&nbsp;tr\u00e1iler&nbsp;en horas de la madrugada, algo que se supo en Celaya y que incluso se hizo viral en las redes sociales, esto con la finalidad de traerlo al Coloso del Fraccionamiento Virginia con la autorizaci\u00f3n de Carlos y Ren\u00e9 Vives, quienes buscaban con la Asamblea de la Federaci\u00f3n Mexicana de F\u00fatbol violentar el reglamento y mudar la franquicia de Celaya, algo que finalmente no se dar\u00e1\u00bb.<\/p>\n\n\n\n<p><strong><em>\u2026 del mismo costal.<\/em><\/strong><\/p>\n\n\n\n<p>La guinda del pastel en la inauguraci\u00f3n del hospital de Coatzacoalcos&nbsp;pudiera ser&nbsp;el anuncio de un banco de sangre en el Hospital General de Minatitl\u00e1n, crisol de atenci\u00f3n de un n\u00facleo poblacional que se extiende hasta el Uxpanapa.<\/p>\n\n\n\n<p>Y es que la demanda de sangre para las intervenciones quir\u00fargicas registra un incremento&nbsp;de&nbsp;300&nbsp;por ciento de solicitudes de unidades de&nbsp;plasma que&nbsp;requieren enfermos del&nbsp;nosocomio.<\/p>\n\n\n\n<p>Edwin Armenta&nbsp;jefe de Laboratorio del Hospital General de Minatitl\u00e1n&nbsp;dijo&nbsp;que&nbsp;semanalmente se requieren hasta 35 unidades de sangre en el hospital, cuando anteriormente solo se requieran solo 5 unidades por semana.<\/p>\n\n\n\n<p>Actualmente&nbsp;los donantes de sangre de los familiares tienen que&nbsp;apersonarse&nbsp;desde las&nbsp;06:00 horas en el&nbsp;Hospital Comunitario Valent\u00edn G\u00f3mez Far\u00edas&nbsp;de&nbsp;Coatzacoalcos&nbsp;para donar sangre a los enfermos internados en Minatitl\u00e1n, lo que significa un viacrucis econ\u00f3mico para las familias que proceden de las zonas rurales.<\/p>\n\n\n\n<p>Que la alcaldesa Carmen Medel Palma remiende un poco su dignidad como servidora p\u00fablica y como galena y gestione, antes de marcharse al juicio de la historia,&nbsp;la construcci\u00f3n de&nbsp;<a><\/a>un banco de sangre para su cabecera municipal, es la petici\u00f3n popular.<\/p>\n\n\n\n<p><em>columnacarpediem@gmail.com<\/em><\/p>\n","protected":false},"excerpt":{"rendered":"<p>Manolo Victorio Carpe Diem En el sexenio alemanista, este reportero cubri\u00f3 una gira presidencial en el poblado 14 Los Liberales, en la profundidad del Valle del Uxpanapa. El frugal desayuno, a trote,&nbsp;en el extremo sur de un puente que cruza las aguas de este r\u00edo impresionante,&nbsp;cuyo caudal produce un sonido hondo, que se siente en [&hellip;]<\/p>\n","protected":false},"author":2,"featured_media":141399,"comment_status":"closed","ping_status":"closed","sticky":false,"template":"","format":"standard","meta":{"tdm_status":"","tdm_grid_status":"","footnotes":""},"categories":[70],"tags":[1563,11986,1026,3578,195],"class_list":{"0":"post-148472","1":"post","2":"type-post","3":"status-publish","4":"format-standard","5":"has-post-thumbnail","7":"category-de-opinion","8":"tag-cuitlahuac-garcia-jimenez","9":"tag-luis-pirata-fuente","10":"tag-morena","11":"tag-rocio-nahle","12":"tag-veracruz"},"yoast_head":"<!-- This site is optimized with the Yoast SEO plugin v27.4 - https:\/\/yoast.com\/product\/yoast-seo-wordpress\/ -->\n<title>OBRAS SON AMORES\u2026 Y DOLORES DE CABEZA - Los pol\u00edticos Veracruz<\/title>\n<meta name=\"robots\" content=\"index, follow, max-snippet:-1, max-image-preview:large, max-video-preview:-1\" \/>\n<link rel=\"canonical\" href=\"https:\/\/lospoliticosveracruz.com\/?p=148472\" \/>\n<meta property=\"og:locale\" content=\"es_ES\" \/>\n<meta property=\"og:type\" content=\"article\" \/>\n<meta property=\"og:title\" content=\"OBRAS SON AMORES\u2026 Y DOLORES DE CABEZA - Los pol\u00edticos Veracruz\" \/>\n<meta property=\"og:description\" content=\"Manolo Victorio Carpe Diem En el sexenio alemanista, este reportero cubri\u00f3 una gira presidencial en el poblado 14 Los Liberales, en la profundidad del Valle del Uxpanapa. El frugal desayuno, a trote,&nbsp;en el extremo sur de un puente que cruza las aguas de este r\u00edo impresionante,&nbsp;cuyo caudal produce un sonido hondo, que se siente en [&hellip;]\" \/>\n<meta property=\"og:url\" content=\"https:\/\/lospoliticosveracruz.com\/?p=148472\" \/>\n<meta property=\"og:site_name\" content=\"Los pol\u00edticos Veracruz\" \/>\n<meta property=\"article:publisher\" content=\"https:\/\/www.facebook.com\/people\/Notimemes-de-los-Polticos\/61565672886568\/\" \/>\n<meta property=\"article:published_time\" content=\"2025-07-08T13:37:16+00:00\" \/>\n<meta property=\"article:modified_time\" content=\"2025-07-08T13:38:24+00:00\" \/>\n<meta property=\"og:image\" content=\"https:\/\/lospoliticosveracruz.com\/wp-content\/uploads\/2025\/04\/Manolo-Victorio-Valle.jpg\" \/>\n\t<meta property=\"og:image:width\" content=\"1250\" \/>\n\t<meta property=\"og:image:height\" content=\"667\" \/>\n\t<meta property=\"og:image:type\" content=\"image\/jpeg\" \/>\n<meta name=\"author\" content=\"Lo viste en Los Pol\u00edticos\" \/>\n<meta name=\"twitter:card\" content=\"summary_large_image\" \/>\n<meta name=\"twitter:creator\" content=\"@LosPoliticosVer\" \/>\n<meta name=\"twitter:site\" content=\"@LosPoliticosVer\" \/>\n<meta name=\"twitter:label1\" content=\"Escrito por\" \/>\n\t<meta name=\"twitter:data1\" content=\"Lo viste en Los Pol\u00edticos\" \/>\n\t<meta name=\"twitter:label2\" content=\"Tiempo de lectura\" \/>\n\t<meta name=\"twitter:data2\" content=\"8 minutos\" \/>\n<script type=\"application\/ld+json\" class=\"yoast-schema-graph\">{\"@context\":\"https:\\\/\\\/schema.org\",\"@graph\":[{\"@type\":\"Article\",\"@id\":\"https:\\\/\\\/lospoliticosveracruz.com\\\/?p=148472#article\",\"isPartOf\":{\"@id\":\"https:\\\/\\\/lospoliticosveracruz.com\\\/?p=148472\"},\"author\":{\"name\":\"Lo viste en Los Pol\u00edticos\",\"@id\":\"https:\\\/\\\/lospoliticosveracruz.com\\\/#\\\/schema\\\/person\\\/b8702bb0e538456e6efd07080bf2a4a2\"},\"headline\":\"OBRAS SON AMORES\u2026 Y DOLORES DE CABEZA\",\"datePublished\":\"2025-07-08T13:37:16+00:00\",\"dateModified\":\"2025-07-08T13:38:24+00:00\",\"mainEntityOfPage\":{\"@id\":\"https:\\\/\\\/lospoliticosveracruz.com\\\/?p=148472\"},\"wordCount\":1622,\"publisher\":{\"@id\":\"https:\\\/\\\/lospoliticosveracruz.com\\\/#organization\"},\"image\":{\"@id\":\"https:\\\/\\\/lospoliticosveracruz.com\\\/?p=148472#primaryimage\"},\"thumbnailUrl\":\"https:\\\/\\\/lospoliticosveracruz.com\\\/wp-content\\\/uploads\\\/2025\\\/04\\\/Manolo-Victorio-Valle.jpg\",\"keywords\":[\"Cuitl\u00e1huac Garc\u00eda Jim\u00e9nez\",\"Luis Pirata Fuente\",\"Morena\",\"Roc\u00edo Nahle\",\"Veracruz\"],\"articleSection\":[\"De Opini\u00f3n\"],\"inLanguage\":\"es\"},{\"@type\":\"WebPage\",\"@id\":\"https:\\\/\\\/lospoliticosveracruz.com\\\/?p=148472\",\"url\":\"https:\\\/\\\/lospoliticosveracruz.com\\\/?p=148472\",\"name\":\"OBRAS SON AMORES\u2026 Y DOLORES DE CABEZA - Los pol\u00edticos Veracruz\",\"isPartOf\":{\"@id\":\"https:\\\/\\\/lospoliticosveracruz.com\\\/#website\"},\"primaryImageOfPage\":{\"@id\":\"https:\\\/\\\/lospoliticosveracruz.com\\\/?p=148472#primaryimage\"},\"image\":{\"@id\":\"https:\\\/\\\/lospoliticosveracruz.com\\\/?p=148472#primaryimage\"},\"thumbnailUrl\":\"https:\\\/\\\/lospoliticosveracruz.com\\\/wp-content\\\/uploads\\\/2025\\\/04\\\/Manolo-Victorio-Valle.jpg\",\"datePublished\":\"2025-07-08T13:37:16+00:00\",\"dateModified\":\"2025-07-08T13:38:24+00:00\",\"breadcrumb\":{\"@id\":\"https:\\\/\\\/lospoliticosveracruz.com\\\/?p=148472#breadcrumb\"},\"inLanguage\":\"es\",\"potentialAction\":[{\"@type\":\"ReadAction\",\"target\":[\"https:\\\/\\\/lospoliticosveracruz.com\\\/?p=148472\"]}]},{\"@type\":\"ImageObject\",\"inLanguage\":\"es\",\"@id\":\"https:\\\/\\\/lospoliticosveracruz.com\\\/?p=148472#primaryimage\",\"url\":\"https:\\\/\\\/lospoliticosveracruz.com\\\/wp-content\\\/uploads\\\/2025\\\/04\\\/Manolo-Victorio-Valle.jpg\",\"contentUrl\":\"https:\\\/\\\/lospoliticosveracruz.com\\\/wp-content\\\/uploads\\\/2025\\\/04\\\/Manolo-Victorio-Valle.jpg\",\"width\":1250,\"height\":667},{\"@type\":\"BreadcrumbList\",\"@id\":\"https:\\\/\\\/lospoliticosveracruz.com\\\/?p=148472#breadcrumb\",\"itemListElement\":[{\"@type\":\"ListItem\",\"position\":1,\"name\":\"Portada\",\"item\":\"https:\\\/\\\/lospoliticosveracruz.com\\\/\"},{\"@type\":\"ListItem\",\"position\":2,\"name\":\"OBRAS SON AMORES\u2026 Y DOLORES DE CABEZA\"}]},{\"@type\":\"WebSite\",\"@id\":\"https:\\\/\\\/lospoliticosveracruz.com\\\/#website\",\"url\":\"https:\\\/\\\/lospoliticosveracruz.com\\\/\",\"name\":\"Los pol\u00edticos Veracruz\",\"description\":\"\",\"publisher\":{\"@id\":\"https:\\\/\\\/lospoliticosveracruz.com\\\/#organization\"},\"potentialAction\":[{\"@type\":\"SearchAction\",\"target\":{\"@type\":\"EntryPoint\",\"urlTemplate\":\"https:\\\/\\\/lospoliticosveracruz.com\\\/?s={search_term_string}\"},\"query-input\":{\"@type\":\"PropertyValueSpecification\",\"valueRequired\":true,\"valueName\":\"search_term_string\"}}],\"inLanguage\":\"es\"},{\"@type\":\"Organization\",\"@id\":\"https:\\\/\\\/lospoliticosveracruz.com\\\/#organization\",\"name\":\"Los pol\u00edticos Veracruz\",\"url\":\"https:\\\/\\\/lospoliticosveracruz.com\\\/\",\"logo\":{\"@type\":\"ImageObject\",\"inLanguage\":\"es\",\"@id\":\"https:\\\/\\\/lospoliticosveracruz.com\\\/#\\\/schema\\\/logo\\\/image\\\/\",\"url\":\"https:\\\/\\\/lospoliticosveracruz.com\\\/wp-content\\\/uploads\\\/2025\\\/12\\\/Logo-Nuevo-LOS-POLITICOS-1.jpg\",\"contentUrl\":\"https:\\\/\\\/lospoliticosveracruz.com\\\/wp-content\\\/uploads\\\/2025\\\/12\\\/Logo-Nuevo-LOS-POLITICOS-1.jpg\",\"width\":260,\"height\":70,\"caption\":\"Los pol\u00edticos Veracruz\"},\"image\":{\"@id\":\"https:\\\/\\\/lospoliticosveracruz.com\\\/#\\\/schema\\\/logo\\\/image\\\/\"},\"sameAs\":[\"https:\\\/\\\/www.facebook.com\\\/people\\\/Notimemes-de-los-Polticos\\\/61565672886568\\\/\",\"https:\\\/\\\/x.com\\\/LosPoliticosVer\"]},{\"@type\":\"Person\",\"@id\":\"https:\\\/\\\/lospoliticosveracruz.com\\\/#\\\/schema\\\/person\\\/b8702bb0e538456e6efd07080bf2a4a2\",\"name\":\"Lo viste en Los Pol\u00edticos\",\"image\":{\"@type\":\"ImageObject\",\"inLanguage\":\"es\",\"@id\":\"https:\\\/\\\/secure.gravatar.com\\\/avatar\\\/3a8de04a2656d44082be478bd6c086daa447c4651605818287b9532d3d0bd435?s=96&d=mm&r=g\",\"url\":\"https:\\\/\\\/secure.gravatar.com\\\/avatar\\\/3a8de04a2656d44082be478bd6c086daa447c4651605818287b9532d3d0bd435?s=96&d=mm&r=g\",\"contentUrl\":\"https:\\\/\\\/secure.gravatar.com\\\/avatar\\\/3a8de04a2656d44082be478bd6c086daa447c4651605818287b9532d3d0bd435?s=96&d=mm&r=g\",\"caption\":\"Lo viste en Los Pol\u00edticos\"},\"url\":\"https:\\\/\\\/lospoliticosveracruz.com\\\/?author=2\"}]}<\/script>\n<!-- \/ Yoast SEO plugin. -->","yoast_head_json":{"title":"OBRAS SON AMORES\u2026 Y DOLORES DE CABEZA - Los pol\u00edticos Veracruz","robots":{"index":"index","follow":"follow","max-snippet":"max-snippet:-1","max-image-preview":"max-image-preview:large","max-video-preview":"max-video-preview:-1"},"canonical":"https:\/\/lospoliticosveracruz.com\/?p=148472","og_locale":"es_ES","og_type":"article","og_title":"OBRAS SON AMORES\u2026 Y DOLORES DE CABEZA - Los pol\u00edticos Veracruz","og_description":"Manolo Victorio Carpe Diem En el sexenio alemanista, este reportero cubri\u00f3 una gira presidencial en el poblado 14 Los Liberales, en la profundidad del Valle del Uxpanapa. El frugal desayuno, a trote,&nbsp;en el extremo sur de un puente que cruza las aguas de este r\u00edo impresionante,&nbsp;cuyo caudal produce un sonido hondo, que se siente en [&hellip;]","og_url":"https:\/\/lospoliticosveracruz.com\/?p=148472","og_site_name":"Los pol\u00edticos Veracruz","article_publisher":"https:\/\/www.facebook.com\/people\/Notimemes-de-los-Polticos\/61565672886568\/","article_published_time":"2025-07-08T13:37:16+00:00","article_modified_time":"2025-07-08T13:38:24+00:00","og_image":[{"width":1250,"height":667,"url":"https:\/\/lospoliticosveracruz.com\/wp-content\/uploads\/2025\/04\/Manolo-Victorio-Valle.jpg","type":"image\/jpeg"}],"author":"Lo viste en Los Pol\u00edticos","twitter_card":"summary_large_image","twitter_creator":"@LosPoliticosVer","twitter_site":"@LosPoliticosVer","twitter_misc":{"Escrito por":"Lo viste en Los Pol\u00edticos","Tiempo de lectura":"8 minutos"},"schema":{"@context":"https:\/\/schema.org","@graph":[{"@type":"Article","@id":"https:\/\/lospoliticosveracruz.com\/?p=148472#article","isPartOf":{"@id":"https:\/\/lospoliticosveracruz.com\/?p=148472"},"author":{"name":"Lo viste en Los Pol\u00edticos","@id":"https:\/\/lospoliticosveracruz.com\/#\/schema\/person\/b8702bb0e538456e6efd07080bf2a4a2"},"headline":"OBRAS SON AMORES\u2026 Y DOLORES DE CABEZA","datePublished":"2025-07-08T13:37:16+00:00","dateModified":"2025-07-08T13:38:24+00:00","mainEntityOfPage":{"@id":"https:\/\/lospoliticosveracruz.com\/?p=148472"},"wordCount":1622,"publisher":{"@id":"https:\/\/lospoliticosveracruz.com\/#organization"},"image":{"@id":"https:\/\/lospoliticosveracruz.com\/?p=148472#primaryimage"},"thumbnailUrl":"https:\/\/lospoliticosveracruz.com\/wp-content\/uploads\/2025\/04\/Manolo-Victorio-Valle.jpg","keywords":["Cuitl\u00e1huac Garc\u00eda Jim\u00e9nez","Luis Pirata Fuente","Morena","Roc\u00edo Nahle","Veracruz"],"articleSection":["De Opini\u00f3n"],"inLanguage":"es"},{"@type":"WebPage","@id":"https:\/\/lospoliticosveracruz.com\/?p=148472","url":"https:\/\/lospoliticosveracruz.com\/?p=148472","name":"OBRAS SON AMORES\u2026 Y DOLORES DE CABEZA - Los pol\u00edticos Veracruz","isPartOf":{"@id":"https:\/\/lospoliticosveracruz.com\/#website"},"primaryImageOfPage":{"@id":"https:\/\/lospoliticosveracruz.com\/?p=148472#primaryimage"},"image":{"@id":"https:\/\/lospoliticosveracruz.com\/?p=148472#primaryimage"},"thumbnailUrl":"https:\/\/lospoliticosveracruz.com\/wp-content\/uploads\/2025\/04\/Manolo-Victorio-Valle.jpg","datePublished":"2025-07-08T13:37:16+00:00","dateModified":"2025-07-08T13:38:24+00:00","breadcrumb":{"@id":"https:\/\/lospoliticosveracruz.com\/?p=148472#breadcrumb"},"inLanguage":"es","potentialAction":[{"@type":"ReadAction","target":["https:\/\/lospoliticosveracruz.com\/?p=148472"]}]},{"@type":"ImageObject","inLanguage":"es","@id":"https:\/\/lospoliticosveracruz.com\/?p=148472#primaryimage","url":"https:\/\/lospoliticosveracruz.com\/wp-content\/uploads\/2025\/04\/Manolo-Victorio-Valle.jpg","contentUrl":"https:\/\/lospoliticosveracruz.com\/wp-content\/uploads\/2025\/04\/Manolo-Victorio-Valle.jpg","width":1250,"height":667},{"@type":"BreadcrumbList","@id":"https:\/\/lospoliticosveracruz.com\/?p=148472#breadcrumb","itemListElement":[{"@type":"ListItem","position":1,"name":"Portada","item":"https:\/\/lospoliticosveracruz.com\/"},{"@type":"ListItem","position":2,"name":"OBRAS SON AMORES\u2026 Y DOLORES DE CABEZA"}]},{"@type":"WebSite","@id":"https:\/\/lospoliticosveracruz.com\/#website","url":"https:\/\/lospoliticosveracruz.com\/","name":"Los pol\u00edticos Veracruz","description":"","publisher":{"@id":"https:\/\/lospoliticosveracruz.com\/#organization"},"potentialAction":[{"@type":"SearchAction","target":{"@type":"EntryPoint","urlTemplate":"https:\/\/lospoliticosveracruz.com\/?s={search_term_string}"},"query-input":{"@type":"PropertyValueSpecification","valueRequired":true,"valueName":"search_term_string"}}],"inLanguage":"es"},{"@type":"Organization","@id":"https:\/\/lospoliticosveracruz.com\/#organization","name":"Los pol\u00edticos Veracruz","url":"https:\/\/lospoliticosveracruz.com\/","logo":{"@type":"ImageObject","inLanguage":"es","@id":"https:\/\/lospoliticosveracruz.com\/#\/schema\/logo\/image\/","url":"https:\/\/lospoliticosveracruz.com\/wp-content\/uploads\/2025\/12\/Logo-Nuevo-LOS-POLITICOS-1.jpg","contentUrl":"https:\/\/lospoliticosveracruz.com\/wp-content\/uploads\/2025\/12\/Logo-Nuevo-LOS-POLITICOS-1.jpg","width":260,"height":70,"caption":"Los pol\u00edticos Veracruz"},"image":{"@id":"https:\/\/lospoliticosveracruz.com\/#\/schema\/logo\/image\/"},"sameAs":["https:\/\/www.facebook.com\/people\/Notimemes-de-los-Polticos\/61565672886568\/","https:\/\/x.com\/LosPoliticosVer"]},{"@type":"Person","@id":"https:\/\/lospoliticosveracruz.com\/#\/schema\/person\/b8702bb0e538456e6efd07080bf2a4a2","name":"Lo viste en Los Pol\u00edticos","image":{"@type":"ImageObject","inLanguage":"es","@id":"https:\/\/secure.gravatar.com\/avatar\/3a8de04a2656d44082be478bd6c086daa447c4651605818287b9532d3d0bd435?s=96&d=mm&r=g","url":"https:\/\/secure.gravatar.com\/avatar\/3a8de04a2656d44082be478bd6c086daa447c4651605818287b9532d3d0bd435?s=96&d=mm&r=g","contentUrl":"https:\/\/secure.gravatar.com\/avatar\/3a8de04a2656d44082be478bd6c086daa447c4651605818287b9532d3d0bd435?s=96&d=mm&r=g","caption":"Lo viste en Los Pol\u00edticos"},"url":"https:\/\/lospoliticosveracruz.com\/?author=2"}]}},"_links":{"self":[{"href":"https:\/\/lospoliticosveracruz.com\/index.php?rest_route=\/wp\/v2\/posts\/148472","targetHints":{"allow":["GET"]}}],"collection":[{"href":"https:\/\/lospoliticosveracruz.com\/index.php?rest_route=\/wp\/v2\/posts"}],"about":[{"href":"https:\/\/lospoliticosveracruz.com\/index.php?rest_route=\/wp\/v2\/types\/post"}],"author":[{"embeddable":true,"href":"https:\/\/lospoliticosveracruz.com\/index.php?rest_route=\/wp\/v2\/users\/2"}],"replies":[{"embeddable":true,"href":"https:\/\/lospoliticosveracruz.com\/index.php?rest_route=%2Fwp%2Fv2%2Fcomments&post=148472"}],"version-history":[{"count":2,"href":"https:\/\/lospoliticosveracruz.com\/index.php?rest_route=\/wp\/v2\/posts\/148472\/revisions"}],"predecessor-version":[{"id":148474,"href":"https:\/\/lospoliticosveracruz.com\/index.php?rest_route=\/wp\/v2\/posts\/148472\/revisions\/148474"}],"wp:featuredmedia":[{"embeddable":true,"href":"https:\/\/lospoliticosveracruz.com\/index.php?rest_route=\/wp\/v2\/media\/141399"}],"wp:attachment":[{"href":"https:\/\/lospoliticosveracruz.com\/index.php?rest_route=%2Fwp%2Fv2%2Fmedia&parent=148472"}],"wp:term":[{"taxonomy":"category","embeddable":true,"href":"https:\/\/lospoliticosveracruz.com\/index.php?rest_route=%2Fwp%2Fv2%2Fcategories&post=148472"},{"taxonomy":"post_tag","embeddable":true,"href":"https:\/\/lospoliticosveracruz.com\/index.php?rest_route=%2Fwp%2Fv2%2Ftags&post=148472"}],"curies":[{"name":"wp","href":"https:\/\/api.w.org\/{rel}","templated":true}]}}