{"id":148525,"date":"2025-07-08T20:59:57","date_gmt":"2025-07-09T01:59:57","guid":{"rendered":"https:\/\/lospoliticosveracruz.com.mx\/?p=148525"},"modified":"2025-07-08T21:00:12","modified_gmt":"2025-07-09T02:00:12","slug":"penalty","status":"publish","type":"post","link":"https:\/\/lospoliticosveracruz.com\/?p=148525","title":{"rendered":"PENALTY"},"content":{"rendered":"\n\n\n<p><strong>Guadalupe H. Mar<\/strong><\/p>\n\n\n\n<p><em>Mira Pol\u00edtica<\/em><\/p>\n\n\n\n<p>PERO SIN PORTERO \u2026 No est\u00e1n ustedes para saberlo amables lectoras y lectores, pero el pasado fin de semana que se llev\u00f3 a cabo en el municipio de Boca del R\u00edo la International Football Cup 2025 en el reci\u00e9n restaurado estadio Luis \u201cEl Pirata\u201d Fuente del municipio de Boca del R\u00edo, obra en la cual la pasada administraci\u00f3n estatal, la del ingeniero mec\u00e1nico electricista Cuitl\u00e1huac Garc\u00eda Jim\u00e9nez invirti\u00f3 casi dos mil millones de pesos, salieron a relucir un buen n\u00famero de fallas de las cuales han dado cuenta los cronistas deportivos y otros tambi\u00e9n.<\/p>\n\n\n\n<p>De las fallas visibles y dif\u00edciles de ocultar, pese a que se supon\u00eda que la obra de restauraci\u00f3n a cargo de la empresa PEGSA Construcciones ya estaba terminada, es la falta de vestidores que ahora se sabe no est\u00e1n terminados, por lo que fue necesario montar carpas en el estacionamiento del \u201cPirata\u201d Fuente para que all\u00ed se cambiaran los jugadores, muchos de los cuales optaron por irse a ba\u00f1ar hasta los hoteles en que los hospedaron.<\/p>\n\n\n\n<p>Sumen a eso que los ba\u00f1os p\u00fablicos no funcionaron, adem\u00e1s de encontrarse anegados entre aguas pestilentes, est\u00e1n en lo que se llama obra negra, por ende, inconclusos.<\/p>\n\n\n\n<p>Leyendo a los cronistas deportivos nos enteramos que estructuralmente la restauraci\u00f3n del \u201cPirata\u201d Fuente es inadecuada en principio por el mal dise\u00f1o de las gradas, con zonas desde las que no se pueden ver las porter\u00edas, pues les colocaron palcos en forma de torre que impiden la visibilidad.<\/p>\n\n\n\n<p>M\u00e1s grave es que son muy reducidos los espacios entre los asientos, por lo que, si alguien a medio partido quiere salir por alguna raz\u00f3n, tendr\u00e1 que pasar literalmente sobre los ocupantes de los otros lugares.<\/p>\n\n\n\n<p>Por ello los mismos cronistas deportivos sugieren a la actual administraci\u00f3n estatal, la que preside la ingeniera Norma Roc\u00edo Nahle Garc\u00eda, que los t\u00e9cnicos de la Secretar\u00eda de Protecci\u00f3n Civil inspeccionen el Luis \u201cEl Pirata\u201d Fuente, pues estructuralmente est\u00e1 mal dise\u00f1ado y podr\u00eda generar serios problemas si alg\u00fan d\u00eda el estadio se llena totalmente.<\/p>\n\n\n\n<p>PIENSA MAL Y \u2026 Por cierto, lo que llam\u00f3 la atenci\u00f3n de asistentes y vecinos del estadio Luis \u201cEl Pirata\u201d Fuente, es que para la International Football Cup 2025 del pasado fin de semana, no abrieron las zonas de estacionamiento lo que gener\u00f3 problemas de embotellamientos, cierre de banquetas y ocupaci\u00f3n de espacios peatonales, as\u00ed como de cocheras particulares.<\/p>\n\n\n\n<p>Eso s\u00ed, seg\u00fan cuenta uno de los cronistas deportivos, El Divino, los promotores de este encuentro deportivo se despacharon con la cuchara grande en cuanto a los precios de los productos que se ofertaban dentro del \u201cPirata\u201d Fuente, ya que por ejemplo se dejaron pedir hasta 140 pesos por una cerveza, 180 por una michelada, 50 pesos por una botella de agua y hasta 70 pesos por un refresco.<\/p>\n\n\n\n<p>\u00bfES O SOMOS? \u2026 Ante tantos se\u00f1alamientos y observaciones generadas tras un encuentro deportivo de medio pelo en el \u201cPirata\u201d Fuente, alguien de la actual administraci\u00f3n estatal debe repasar el asunto, pues si bien no pueden barrer para atr\u00e1s, al menos deben evitar que la basura de quienes les antecedieron les caiga en la cara.<\/p>\n\n\n\n<p>ASTROLABIO \u2026 El presidente de la Comisi\u00f3n Estatal para la Atenci\u00f3n y Protecci\u00f3n de Periodistas, Luis Ram\u00edrez Baqueiro dio a conocer en la ciudad de Xalapa la convocatoria para la d\u00e9cima edici\u00f3n del Premio de Investigaci\u00f3n CEAPP 2025, que en esta ocasi\u00f3n contar\u00e1 con cuatro categor\u00edas y premios de varios miles de pesos.<\/p>\n\n\n\n<p>En la presentaci\u00f3n, Ram\u00edrez Baqueiro expres\u00f3, \u201cEl periodismo es indispensable como registro del acontecer de la actualidad, pero tambi\u00e9n porque investiga, informa, revela asuntos de inter\u00e9s p\u00fablico, fortaleciendo el conocimiento de la realidad y la construcci\u00f3n de ciudadan\u00eda.\u201d<\/p>\n\n\n\n<p>Los interesados en participar en este certamen deber\u00e1n presentar trabajos publicados en alg\u00fan medio de comunicaci\u00f3n local, estatal, nacional e incluso internacional, entre el 10 de agosto del 2024 y el ocho de agosto de este 2025.<\/p>\n\n\n\n<p>Para mayores detalles se puede consultar la convocatoria en la siguiente liga: https:\/\/ceapp.org.mx\/convocatoria\/Convocatoriapremio2025.pdf&nbsp;<\/p>\n\n\n\n<p>IRON\u00cdA XALAPE\u00d1A \u2026 Pues resulta que a pesar de los intensos aguaceros que pr\u00e1cticamente han azotado la regi\u00f3n de Xalapa, la Comisi\u00f3n Municipal de Agua y Saneamiento de la ciudad capital del estado de Veracruz (CMAS) mantiene su Calendario de Tandeos para la mayor\u00eda o casi la totalidad de las colonias y zonas residenciales de ese municipio.<\/p>\n\n\n\n<p>El argumento es que, si bien ha llovido intensamente, es agua lodosa y dif\u00edcil de potabilizar, por lo que su tratamiento y purificaci\u00f3n es lento, lo que obliga a mantener el tandeo.<\/p>\n\n\n\n<p>Por ejemplo, en lo que CMAS denomina Macro Sector A, m\u00e1s de un centenar de colonias tendr\u00e1n agua potable dos d\u00edas y cuatro no, aunque hayan pagado anualmente el servicio.&nbsp;<\/p>\n\n\n\n<p>D\u00cdGALO SIN MIEDO \u2026 Al correo electr\u00f3nico guadalupehmar@gmail.com<\/p>\n","protected":false},"excerpt":{"rendered":"<p>Guadalupe H. Mar Mira Pol\u00edtica PERO SIN PORTERO \u2026 No est\u00e1n ustedes para saberlo amables lectoras y lectores, pero el pasado fin de semana que se llev\u00f3 a cabo en el municipio de Boca del R\u00edo la International Football Cup 2025 en el reci\u00e9n restaurado estadio Luis \u201cEl Pirata\u201d Fuente del municipio de Boca del [&hellip;]<\/p>\n","protected":false},"author":2,"featured_media":141398,"comment_status":"closed","ping_status":"closed","sticky":false,"template":"","format":"standard","meta":{"tdm_status":"","tdm_grid_status":"","footnotes":""},"categories":[70],"tags":[1606],"class_list":{"0":"post-148525","1":"post","2":"type-post","3":"status-publish","4":"format-standard","5":"has-post-thumbnail","7":"category-de-opinion","8":"tag-guadalupe-h-mar"},"yoast_head":"<!-- This site is optimized with the Yoast SEO plugin v27.4 - https:\/\/yoast.com\/product\/yoast-seo-wordpress\/ -->\n<title>PENALTY - Los pol\u00edticos Veracruz<\/title>\n<meta name=\"robots\" content=\"index, follow, max-snippet:-1, max-image-preview:large, max-video-preview:-1\" \/>\n<link rel=\"canonical\" href=\"https:\/\/lospoliticosveracruz.com\/?p=148525\" \/>\n<meta property=\"og:locale\" content=\"es_ES\" \/>\n<meta property=\"og:type\" content=\"article\" \/>\n<meta property=\"og:title\" content=\"PENALTY - Los pol\u00edticos Veracruz\" \/>\n<meta property=\"og:description\" content=\"Guadalupe H. Mar Mira Pol\u00edtica PERO SIN PORTERO \u2026 No est\u00e1n ustedes para saberlo amables lectoras y lectores, pero el pasado fin de semana que se llev\u00f3 a cabo en el municipio de Boca del R\u00edo la International Football Cup 2025 en el reci\u00e9n restaurado estadio Luis \u201cEl Pirata\u201d Fuente del municipio de Boca del [&hellip;]\" \/>\n<meta property=\"og:url\" content=\"https:\/\/lospoliticosveracruz.com\/?p=148525\" \/>\n<meta property=\"og:site_name\" content=\"Los pol\u00edticos Veracruz\" \/>\n<meta property=\"article:publisher\" content=\"https:\/\/www.facebook.com\/people\/Notimemes-de-los-Polticos\/61565672886568\/\" \/>\n<meta property=\"article:published_time\" content=\"2025-07-09T01:59:57+00:00\" \/>\n<meta property=\"article:modified_time\" content=\"2025-07-09T02:00:12+00:00\" \/>\n<meta property=\"og:image\" content=\"https:\/\/lospoliticosveracruz.com\/wp-content\/uploads\/2025\/04\/Lupita-H-Mar.jpg\" \/>\n\t<meta property=\"og:image:width\" content=\"1250\" \/>\n\t<meta property=\"og:image:height\" content=\"667\" \/>\n\t<meta property=\"og:image:type\" content=\"image\/jpeg\" \/>\n<meta name=\"author\" content=\"Lo viste en Los Pol\u00edticos\" \/>\n<meta name=\"twitter:card\" content=\"summary_large_image\" \/>\n<meta name=\"twitter:creator\" content=\"@LosPoliticosVer\" \/>\n<meta name=\"twitter:site\" content=\"@LosPoliticosVer\" \/>\n<meta name=\"twitter:label1\" content=\"Escrito por\" \/>\n\t<meta name=\"twitter:data1\" content=\"Lo viste en Los Pol\u00edticos\" \/>\n\t<meta name=\"twitter:label2\" content=\"Tiempo de lectura\" \/>\n\t<meta name=\"twitter:data2\" content=\"4 minutos\" \/>\n<script type=\"application\/ld+json\" class=\"yoast-schema-graph\">{\"@context\":\"https:\\\/\\\/schema.org\",\"@graph\":[{\"@type\":\"Article\",\"@id\":\"https:\\\/\\\/lospoliticosveracruz.com\\\/?p=148525#article\",\"isPartOf\":{\"@id\":\"https:\\\/\\\/lospoliticosveracruz.com\\\/?p=148525\"},\"author\":{\"name\":\"Lo viste en Los Pol\u00edticos\",\"@id\":\"https:\\\/\\\/lospoliticosveracruz.com\\\/#\\\/schema\\\/person\\\/b8702bb0e538456e6efd07080bf2a4a2\"},\"headline\":\"PENALTY\",\"datePublished\":\"2025-07-09T01:59:57+00:00\",\"dateModified\":\"2025-07-09T02:00:12+00:00\",\"mainEntityOfPage\":{\"@id\":\"https:\\\/\\\/lospoliticosveracruz.com\\\/?p=148525\"},\"wordCount\":860,\"publisher\":{\"@id\":\"https:\\\/\\\/lospoliticosveracruz.com\\\/#organization\"},\"image\":{\"@id\":\"https:\\\/\\\/lospoliticosveracruz.com\\\/?p=148525#primaryimage\"},\"thumbnailUrl\":\"https:\\\/\\\/lospoliticosveracruz.com\\\/wp-content\\\/uploads\\\/2025\\\/04\\\/Lupita-H-Mar.jpg\",\"keywords\":[\"Guadalupe H. Mar\"],\"articleSection\":[\"De Opini\u00f3n\"],\"inLanguage\":\"es\"},{\"@type\":\"WebPage\",\"@id\":\"https:\\\/\\\/lospoliticosveracruz.com\\\/?p=148525\",\"url\":\"https:\\\/\\\/lospoliticosveracruz.com\\\/?p=148525\",\"name\":\"PENALTY - Los pol\u00edticos Veracruz\",\"isPartOf\":{\"@id\":\"https:\\\/\\\/lospoliticosveracruz.com\\\/#website\"},\"primaryImageOfPage\":{\"@id\":\"https:\\\/\\\/lospoliticosveracruz.com\\\/?p=148525#primaryimage\"},\"image\":{\"@id\":\"https:\\\/\\\/lospoliticosveracruz.com\\\/?p=148525#primaryimage\"},\"thumbnailUrl\":\"https:\\\/\\\/lospoliticosveracruz.com\\\/wp-content\\\/uploads\\\/2025\\\/04\\\/Lupita-H-Mar.jpg\",\"datePublished\":\"2025-07-09T01:59:57+00:00\",\"dateModified\":\"2025-07-09T02:00:12+00:00\",\"breadcrumb\":{\"@id\":\"https:\\\/\\\/lospoliticosveracruz.com\\\/?p=148525#breadcrumb\"},\"inLanguage\":\"es\",\"potentialAction\":[{\"@type\":\"ReadAction\",\"target\":[\"https:\\\/\\\/lospoliticosveracruz.com\\\/?p=148525\"]}]},{\"@type\":\"ImageObject\",\"inLanguage\":\"es\",\"@id\":\"https:\\\/\\\/lospoliticosveracruz.com\\\/?p=148525#primaryimage\",\"url\":\"https:\\\/\\\/lospoliticosveracruz.com\\\/wp-content\\\/uploads\\\/2025\\\/04\\\/Lupita-H-Mar.jpg\",\"contentUrl\":\"https:\\\/\\\/lospoliticosveracruz.com\\\/wp-content\\\/uploads\\\/2025\\\/04\\\/Lupita-H-Mar.jpg\",\"width\":1250,\"height\":667},{\"@type\":\"BreadcrumbList\",\"@id\":\"https:\\\/\\\/lospoliticosveracruz.com\\\/?p=148525#breadcrumb\",\"itemListElement\":[{\"@type\":\"ListItem\",\"position\":1,\"name\":\"Portada\",\"item\":\"https:\\\/\\\/lospoliticosveracruz.com\\\/\"},{\"@type\":\"ListItem\",\"position\":2,\"name\":\"PENALTY\"}]},{\"@type\":\"WebSite\",\"@id\":\"https:\\\/\\\/lospoliticosveracruz.com\\\/#website\",\"url\":\"https:\\\/\\\/lospoliticosveracruz.com\\\/\",\"name\":\"Los pol\u00edticos Veracruz\",\"description\":\"\",\"publisher\":{\"@id\":\"https:\\\/\\\/lospoliticosveracruz.com\\\/#organization\"},\"potentialAction\":[{\"@type\":\"SearchAction\",\"target\":{\"@type\":\"EntryPoint\",\"urlTemplate\":\"https:\\\/\\\/lospoliticosveracruz.com\\\/?s={search_term_string}\"},\"query-input\":{\"@type\":\"PropertyValueSpecification\",\"valueRequired\":true,\"valueName\":\"search_term_string\"}}],\"inLanguage\":\"es\"},{\"@type\":\"Organization\",\"@id\":\"https:\\\/\\\/lospoliticosveracruz.com\\\/#organization\",\"name\":\"Los pol\u00edticos Veracruz\",\"url\":\"https:\\\/\\\/lospoliticosveracruz.com\\\/\",\"logo\":{\"@type\":\"ImageObject\",\"inLanguage\":\"es\",\"@id\":\"https:\\\/\\\/lospoliticosveracruz.com\\\/#\\\/schema\\\/logo\\\/image\\\/\",\"url\":\"https:\\\/\\\/lospoliticosveracruz.com\\\/wp-content\\\/uploads\\\/2025\\\/12\\\/Logo-Nuevo-LOS-POLITICOS-1.jpg\",\"contentUrl\":\"https:\\\/\\\/lospoliticosveracruz.com\\\/wp-content\\\/uploads\\\/2025\\\/12\\\/Logo-Nuevo-LOS-POLITICOS-1.jpg\",\"width\":260,\"height\":70,\"caption\":\"Los pol\u00edticos Veracruz\"},\"image\":{\"@id\":\"https:\\\/\\\/lospoliticosveracruz.com\\\/#\\\/schema\\\/logo\\\/image\\\/\"},\"sameAs\":[\"https:\\\/\\\/www.facebook.com\\\/people\\\/Notimemes-de-los-Polticos\\\/61565672886568\\\/\",\"https:\\\/\\\/x.com\\\/LosPoliticosVer\"]},{\"@type\":\"Person\",\"@id\":\"https:\\\/\\\/lospoliticosveracruz.com\\\/#\\\/schema\\\/person\\\/b8702bb0e538456e6efd07080bf2a4a2\",\"name\":\"Lo viste en Los Pol\u00edticos\",\"image\":{\"@type\":\"ImageObject\",\"inLanguage\":\"es\",\"@id\":\"https:\\\/\\\/secure.gravatar.com\\\/avatar\\\/3a8de04a2656d44082be478bd6c086daa447c4651605818287b9532d3d0bd435?s=96&d=mm&r=g\",\"url\":\"https:\\\/\\\/secure.gravatar.com\\\/avatar\\\/3a8de04a2656d44082be478bd6c086daa447c4651605818287b9532d3d0bd435?s=96&d=mm&r=g\",\"contentUrl\":\"https:\\\/\\\/secure.gravatar.com\\\/avatar\\\/3a8de04a2656d44082be478bd6c086daa447c4651605818287b9532d3d0bd435?s=96&d=mm&r=g\",\"caption\":\"Lo viste en Los Pol\u00edticos\"},\"url\":\"https:\\\/\\\/lospoliticosveracruz.com\\\/?author=2\"}]}<\/script>\n<!-- \/ Yoast SEO plugin. -->","yoast_head_json":{"title":"PENALTY - Los pol\u00edticos Veracruz","robots":{"index":"index","follow":"follow","max-snippet":"max-snippet:-1","max-image-preview":"max-image-preview:large","max-video-preview":"max-video-preview:-1"},"canonical":"https:\/\/lospoliticosveracruz.com\/?p=148525","og_locale":"es_ES","og_type":"article","og_title":"PENALTY - Los pol\u00edticos Veracruz","og_description":"Guadalupe H. Mar Mira Pol\u00edtica PERO SIN PORTERO \u2026 No est\u00e1n ustedes para saberlo amables lectoras y lectores, pero el pasado fin de semana que se llev\u00f3 a cabo en el municipio de Boca del R\u00edo la International Football Cup 2025 en el reci\u00e9n restaurado estadio Luis \u201cEl Pirata\u201d Fuente del municipio de Boca del [&hellip;]","og_url":"https:\/\/lospoliticosveracruz.com\/?p=148525","og_site_name":"Los pol\u00edticos Veracruz","article_publisher":"https:\/\/www.facebook.com\/people\/Notimemes-de-los-Polticos\/61565672886568\/","article_published_time":"2025-07-09T01:59:57+00:00","article_modified_time":"2025-07-09T02:00:12+00:00","og_image":[{"width":1250,"height":667,"url":"https:\/\/lospoliticosveracruz.com\/wp-content\/uploads\/2025\/04\/Lupita-H-Mar.jpg","type":"image\/jpeg"}],"author":"Lo viste en Los Pol\u00edticos","twitter_card":"summary_large_image","twitter_creator":"@LosPoliticosVer","twitter_site":"@LosPoliticosVer","twitter_misc":{"Escrito por":"Lo viste en Los Pol\u00edticos","Tiempo de lectura":"4 minutos"},"schema":{"@context":"https:\/\/schema.org","@graph":[{"@type":"Article","@id":"https:\/\/lospoliticosveracruz.com\/?p=148525#article","isPartOf":{"@id":"https:\/\/lospoliticosveracruz.com\/?p=148525"},"author":{"name":"Lo viste en Los Pol\u00edticos","@id":"https:\/\/lospoliticosveracruz.com\/#\/schema\/person\/b8702bb0e538456e6efd07080bf2a4a2"},"headline":"PENALTY","datePublished":"2025-07-09T01:59:57+00:00","dateModified":"2025-07-09T02:00:12+00:00","mainEntityOfPage":{"@id":"https:\/\/lospoliticosveracruz.com\/?p=148525"},"wordCount":860,"publisher":{"@id":"https:\/\/lospoliticosveracruz.com\/#organization"},"image":{"@id":"https:\/\/lospoliticosveracruz.com\/?p=148525#primaryimage"},"thumbnailUrl":"https:\/\/lospoliticosveracruz.com\/wp-content\/uploads\/2025\/04\/Lupita-H-Mar.jpg","keywords":["Guadalupe H. Mar"],"articleSection":["De Opini\u00f3n"],"inLanguage":"es"},{"@type":"WebPage","@id":"https:\/\/lospoliticosveracruz.com\/?p=148525","url":"https:\/\/lospoliticosveracruz.com\/?p=148525","name":"PENALTY - Los pol\u00edticos Veracruz","isPartOf":{"@id":"https:\/\/lospoliticosveracruz.com\/#website"},"primaryImageOfPage":{"@id":"https:\/\/lospoliticosveracruz.com\/?p=148525#primaryimage"},"image":{"@id":"https:\/\/lospoliticosveracruz.com\/?p=148525#primaryimage"},"thumbnailUrl":"https:\/\/lospoliticosveracruz.com\/wp-content\/uploads\/2025\/04\/Lupita-H-Mar.jpg","datePublished":"2025-07-09T01:59:57+00:00","dateModified":"2025-07-09T02:00:12+00:00","breadcrumb":{"@id":"https:\/\/lospoliticosveracruz.com\/?p=148525#breadcrumb"},"inLanguage":"es","potentialAction":[{"@type":"ReadAction","target":["https:\/\/lospoliticosveracruz.com\/?p=148525"]}]},{"@type":"ImageObject","inLanguage":"es","@id":"https:\/\/lospoliticosveracruz.com\/?p=148525#primaryimage","url":"https:\/\/lospoliticosveracruz.com\/wp-content\/uploads\/2025\/04\/Lupita-H-Mar.jpg","contentUrl":"https:\/\/lospoliticosveracruz.com\/wp-content\/uploads\/2025\/04\/Lupita-H-Mar.jpg","width":1250,"height":667},{"@type":"BreadcrumbList","@id":"https:\/\/lospoliticosveracruz.com\/?p=148525#breadcrumb","itemListElement":[{"@type":"ListItem","position":1,"name":"Portada","item":"https:\/\/lospoliticosveracruz.com\/"},{"@type":"ListItem","position":2,"name":"PENALTY"}]},{"@type":"WebSite","@id":"https:\/\/lospoliticosveracruz.com\/#website","url":"https:\/\/lospoliticosveracruz.com\/","name":"Los pol\u00edticos Veracruz","description":"","publisher":{"@id":"https:\/\/lospoliticosveracruz.com\/#organization"},"potentialAction":[{"@type":"SearchAction","target":{"@type":"EntryPoint","urlTemplate":"https:\/\/lospoliticosveracruz.com\/?s={search_term_string}"},"query-input":{"@type":"PropertyValueSpecification","valueRequired":true,"valueName":"search_term_string"}}],"inLanguage":"es"},{"@type":"Organization","@id":"https:\/\/lospoliticosveracruz.com\/#organization","name":"Los pol\u00edticos Veracruz","url":"https:\/\/lospoliticosveracruz.com\/","logo":{"@type":"ImageObject","inLanguage":"es","@id":"https:\/\/lospoliticosveracruz.com\/#\/schema\/logo\/image\/","url":"https:\/\/lospoliticosveracruz.com\/wp-content\/uploads\/2025\/12\/Logo-Nuevo-LOS-POLITICOS-1.jpg","contentUrl":"https:\/\/lospoliticosveracruz.com\/wp-content\/uploads\/2025\/12\/Logo-Nuevo-LOS-POLITICOS-1.jpg","width":260,"height":70,"caption":"Los pol\u00edticos Veracruz"},"image":{"@id":"https:\/\/lospoliticosveracruz.com\/#\/schema\/logo\/image\/"},"sameAs":["https:\/\/www.facebook.com\/people\/Notimemes-de-los-Polticos\/61565672886568\/","https:\/\/x.com\/LosPoliticosVer"]},{"@type":"Person","@id":"https:\/\/lospoliticosveracruz.com\/#\/schema\/person\/b8702bb0e538456e6efd07080bf2a4a2","name":"Lo viste en Los Pol\u00edticos","image":{"@type":"ImageObject","inLanguage":"es","@id":"https:\/\/secure.gravatar.com\/avatar\/3a8de04a2656d44082be478bd6c086daa447c4651605818287b9532d3d0bd435?s=96&d=mm&r=g","url":"https:\/\/secure.gravatar.com\/avatar\/3a8de04a2656d44082be478bd6c086daa447c4651605818287b9532d3d0bd435?s=96&d=mm&r=g","contentUrl":"https:\/\/secure.gravatar.com\/avatar\/3a8de04a2656d44082be478bd6c086daa447c4651605818287b9532d3d0bd435?s=96&d=mm&r=g","caption":"Lo viste en Los Pol\u00edticos"},"url":"https:\/\/lospoliticosveracruz.com\/?author=2"}]}},"_links":{"self":[{"href":"https:\/\/lospoliticosveracruz.com\/index.php?rest_route=\/wp\/v2\/posts\/148525","targetHints":{"allow":["GET"]}}],"collection":[{"href":"https:\/\/lospoliticosveracruz.com\/index.php?rest_route=\/wp\/v2\/posts"}],"about":[{"href":"https:\/\/lospoliticosveracruz.com\/index.php?rest_route=\/wp\/v2\/types\/post"}],"author":[{"embeddable":true,"href":"https:\/\/lospoliticosveracruz.com\/index.php?rest_route=\/wp\/v2\/users\/2"}],"replies":[{"embeddable":true,"href":"https:\/\/lospoliticosveracruz.com\/index.php?rest_route=%2Fwp%2Fv2%2Fcomments&post=148525"}],"version-history":[{"count":1,"href":"https:\/\/lospoliticosveracruz.com\/index.php?rest_route=\/wp\/v2\/posts\/148525\/revisions"}],"predecessor-version":[{"id":148526,"href":"https:\/\/lospoliticosveracruz.com\/index.php?rest_route=\/wp\/v2\/posts\/148525\/revisions\/148526"}],"wp:featuredmedia":[{"embeddable":true,"href":"https:\/\/lospoliticosveracruz.com\/index.php?rest_route=\/wp\/v2\/media\/141398"}],"wp:attachment":[{"href":"https:\/\/lospoliticosveracruz.com\/index.php?rest_route=%2Fwp%2Fv2%2Fmedia&parent=148525"}],"wp:term":[{"taxonomy":"category","embeddable":true,"href":"https:\/\/lospoliticosveracruz.com\/index.php?rest_route=%2Fwp%2Fv2%2Fcategories&post=148525"},{"taxonomy":"post_tag","embeddable":true,"href":"https:\/\/lospoliticosveracruz.com\/index.php?rest_route=%2Fwp%2Fv2%2Ftags&post=148525"}],"curies":[{"name":"wp","href":"https:\/\/api.w.org\/{rel}","templated":true}]}}