{"id":148537,"date":"2025-07-08T22:29:05","date_gmt":"2025-07-09T03:29:05","guid":{"rendered":"https:\/\/lospoliticosveracruz.com.mx\/?p=148537"},"modified":"2025-07-08T22:29:23","modified_gmt":"2025-07-09T03:29:23","slug":"morena-y-la-purificacion-de-alcaldes-electos","status":"publish","type":"post","link":"https:\/\/lospoliticosveracruz.com\/?p=148537","title":{"rendered":"MORENA Y LA \u00abPURIFICACI\u00d3N\u00bb DE ALCALDES ELECTOS"},"content":{"rendered":"\n\n\n<p><strong>Ricardo Chua<\/strong><\/p>\n\n\n\n<p><em>Sale y Vale<\/em><\/p>\n\n\n\n<p>Apenas el pasado lunes se\u00f1alamos los conflictos que hab\u00eda entre partidos que pertenecen a la 4T, como MORENA y el Partido del Trabajo en Veracruz.. Ya que con presiones pol\u00edticas y presuntas amenazas de funcionarios estatales.. MORENA y su dirigencia intentan que alcaldes electos del PT renuncien a su organismo para convertirse en \u00abMorenos\u00bb.. No importando si estos ten\u00edan mala fama o cualquier tipo de se\u00f1alamientos en sus municipios.. Lo importante era que \u00abengrosaran\u00bb las filas de su partido.. De hacerlo, ser\u00edan \u00abpurificados\u00bb de cualquier \u00abpecado\u00bb y pasar\u00edan a ser personajes bien vistos en el Estado.. Y ayer un \u00abpetista\u00bb cay\u00f3 en el \u00abcanto de las sirenas\u00bb.. Se volvi\u00f3 \u00abMoreno\u00bb..<\/p>\n\n\n\n<p>En su cuenta oficial de redes sociales, el dirigente estatal de MORENA, Esteban Ram\u00edrez Zepeta, anunci\u00f3 que Paco Mart\u00ednez Meraz, alcalde electo de Tempoal (Municipio ubicado al norte de Veracruz) se sumaba al proyecto de la 4T en Veracruz con el partido MORENA, dejando al PT.. A pesar de que Mart\u00ednez Meraz, presuntamente era uno de los electos, no con buenas referencias.. Y que se sab\u00eda que en Palacio de Gobierno en Xalapa era considerado como uno de los \u00abno gratos\u00bb para la administraci\u00f3n.. Y que posiblemente ser\u00eda uno de los que Roc\u00edo Nahle como gobernadora, no se iba a sentar como autoridad.. Tal como lo hab\u00eda anunciado hace tres semanas en su conferencia ma\u00f1anera de los lunes..<\/p>\n\n\n\n<p>Pero desde ayer.. Todo eso qued\u00f3 en el olvido..Lo que haya hecho para ganar la elecci\u00f3n, ha sido perdonado.. Ya que al pasarse del \u00ablado correcto de la historia\u00bb este personaje, ha sido \u00abPURIFICADO\u00bb.. Le dieron PERD\u00d3N Y OLVIDO al estilo Yunes.. Hay que recordar que en sus comentarios pol\u00edticos llamados \u00abEn Corto\u00bb, de su p\u00e1gina Web \u00abVersiones\u00bb del pasado 15 de junio, el afamado periodista, Jos\u00e9 Ort\u00edz Medina, hace menci\u00f3n que en ese entonces el abanderado petista, Paco Mer\u00e1z \u00abtir\u00f3 la casa por la ventana\u00bb en su campa\u00f1a a la alcald\u00eda de Tempoal y se hace la pregunta: \u00bfY de d\u00f3nde sali\u00f3 tanta lana?.. Hubo muchas versiones al respecto, pero todo eso ayer qued\u00f3 en el olvido..&nbsp;<\/p>\n\n\n\n<p>Sin embargo, estas acciones que est\u00e1 tomando MORENA para engrosar sus filas con alcaldes electos.. Que \u00abdisimulen\u00bb un poco, lo mal que les fue electoralmente en la elecci\u00f3n pasada a las alcald\u00edas.. Tambi\u00e9n deja claro que es a trav\u00e9s de las presiones y de otorgar cualquier tipo de perd\u00f3n o impunidad, es que est\u00e1n realizando todas estas acciones de que presidentes electos se vayan con ellos y abandonen a sus partidos.. No s\u00f3lo del PT sino que tambi\u00e9n andan buscando que los de Movimiento Ciudadano, PRI y PAN hagan lo mismo.. Ya que al dar ese paso, ser\u00edan \u00abpurificados\u00bb completamente y todo lo realizado con anterioridad, ya no importar\u00eda porque ser\u00eda \u00abborr\u00f3n y cuenta nueva\u00bb..&nbsp;<\/p>\n\n\n\n<p>Pero en la realidad pol\u00edtica de Veracruz.. Las cosas no \u00abpintan\u00bb tan bien como quiere hacerlo parecer MORENA.. Ya que la percepci\u00f3n ciudadana denota que todo esto es un ACTO DE DESESPERACI\u00d3N para que el comit\u00e9 estatal de este partido, pueda congraciarse de nuevo con la gobernadora Roc\u00edo Nahle.. Y eso lo est\u00e1 haciendo Esteban Ram\u00edrez, al traerse a los alcaldes electos del PT.. Cuando en campa\u00f1a a las alcald\u00edas \u00e9l dijo varias veces en sus discursos, que el PT en Veracruz, no era la \u00ab4T\u00bb.. Y lo \u00fanico que est\u00e1n provocando con esas acciones, es seguir tensando las relaciones para las elecciones intermedias para las diputaciones locales y federales del 2027.. La relaci\u00f3n estar\u00e1 ROTA..<\/p>\n\n\n\n<p>As\u00ed que todo esto parece, que en MORENA est\u00e1n \u00abjugando a la pirotecnia\u00bb en la pol\u00edtica en Veracruz.. Ya que esa \u00abcacer\u00eda\u00bb que tienen ese partido por quedarse con los alcaldes electos petistas, cuando meses antes, son los que la misma dirigencia estatal RECHAZ\u00d3 para que fueran sus candidatos alcaldes \u00abMorenos\u00bb.. Y esos personajes al ver ese rechazo, decidieron \u00abjugar\u00bb por el PT y ahora quieren que vuelvan a MORENA \u00abhaiga como haiga sido\u00bb.. Y si no aceptan, entonces, vienen las amenazas de que ocuparan los \u00abinstrumentos\u00bb que tiene el Estado para presionarlos que se vayan con ellos.. Y en eso est\u00e1n en este momento.. PRESIONANDO CON TODO..&nbsp;<\/p>\n\n\n\n<p>Pero esto tambi\u00e9n deja en claro, que ahora MORENA tiene un \u00abgran vac\u00edo\u00bb pol\u00edtico que le dejaron los operadores que se fueron a otros partidos cuando fueron rechazados.. Y ahora no quieren volver.. Despu\u00e9s de que fueron hechos a un lado por las \u00abencuestas\u00bb y que les gener\u00f3 una gran divisi\u00f3n y que ahora el PT quieran o no tienen m\u00e1s del 10 por ciento de las alcald\u00edas en Veracruz a partir del pr\u00f3ximo a\u00f1o.. Y eso va a poner en riesgo la pr\u00f3xima coalici\u00f3n para las elecciones a diputados locales en Veracruz.. Ya que en lo federal se ve que la Presidenta, Claudia Shienbaum.. Va a meter las manos y va a \u00abapapachar\u00bb al PT.. ESO ES M\u00c1S QUE OBVIO..&nbsp;<\/p>\n\n\n\n<p>Sobre todo con la fuerza pol\u00edtica que hoy representa en Veracruz aunque en Palacio de Gobierno en Xalapa.. Se nieguen a reconocerlo porque en esas oficinas les \u00abcalentaron la cabeza\u00bb contra los petistas.. Tanto que hasta el PT est\u00e1n pidiendo que paren a Esteban Ram\u00edrez Zepeta.. Recordando que un diputado local petista, se fue con los Morenos en el actual Congreso del Estado.. Y eso provoc\u00f3 que el PT fuera \u00abcastigado\u00bb pol\u00edticamente, al no reunir el n\u00famero de legisladores necesarios para que hicieran una bancada legislativa como organismo pol\u00edtico.. Por ello, es que el PT no tiene grupo parlamentario local y a\u00fan as\u00ed les quieren quitar a sus alcaldes electos.. ABROOOONNN<\/p>\n\n\n\n<p>REFLEXI\u00d3N.. \u00abBorrachos\u00bb de poder por su triunfo electoral en 2024 en Veracruz.. MORENA ahora es \u00abreh\u00e9n\u00bb de su soberbia y arrogancia por no hacer OPERACI\u00d3N POL\u00cdTICA y tratar de imponer, sin hacer pol\u00edtica, ni consensuar con los grupos que est\u00e1n dentro del Movimiento de la 4T.. Hoy por eso en actos desesperados, el partido tiene que estarse \u00abtrag\u00e1ndose su saliva\u00bb para echar mano del PT cuando presum\u00edan en discursos a lo largo y ancho del Estado, que el PT no era 4T.. Por eso andan sumidos, callados y humildes, tratando a toda costa recuperar esa fuerza pol\u00edtica.. Que mostrar\u00e1 su real poder en las elecciones intermedias locales del 2027.. CONSUMATUM EST..<\/p>\n","protected":false},"excerpt":{"rendered":"<p>Ricardo Chua Sale y Vale Apenas el pasado lunes se\u00f1alamos los conflictos que hab\u00eda entre partidos que pertenecen a la 4T, como MORENA y el Partido del Trabajo en Veracruz.. Ya que con presiones pol\u00edticas y presuntas amenazas de funcionarios estatales.. MORENA y su dirigencia intentan que alcaldes electos del PT renuncien a su organismo [&hellip;]<\/p>\n","protected":false},"author":2,"featured_media":141434,"comment_status":"closed","ping_status":"closed","sticky":false,"template":"","format":"standard","meta":{"tdm_status":"","tdm_grid_status":"","footnotes":""},"categories":[70],"tags":[28660],"class_list":{"0":"post-148537","1":"post","2":"type-post","3":"status-publish","4":"format-standard","5":"has-post-thumbnail","7":"category-de-opinion","8":"tag-ricardo-chua-2"},"yoast_head":"<!-- This site is optimized with the Yoast SEO plugin v27.4 - https:\/\/yoast.com\/product\/yoast-seo-wordpress\/ -->\n<title>MORENA Y LA &quot;PURIFICACI\u00d3N&quot; DE ALCALDES ELECTOS - Los pol\u00edticos Veracruz<\/title>\n<meta name=\"robots\" content=\"index, follow, max-snippet:-1, max-image-preview:large, max-video-preview:-1\" \/>\n<link rel=\"canonical\" href=\"https:\/\/lospoliticosveracruz.com\/?p=148537\" \/>\n<meta property=\"og:locale\" content=\"es_ES\" \/>\n<meta property=\"og:type\" content=\"article\" \/>\n<meta property=\"og:title\" content=\"MORENA Y LA &quot;PURIFICACI\u00d3N&quot; DE ALCALDES ELECTOS - Los pol\u00edticos Veracruz\" \/>\n<meta property=\"og:description\" content=\"Ricardo Chua Sale y Vale Apenas el pasado lunes se\u00f1alamos los conflictos que hab\u00eda entre partidos que pertenecen a la 4T, como MORENA y el Partido del Trabajo en Veracruz.. Ya que con presiones pol\u00edticas y presuntas amenazas de funcionarios estatales.. MORENA y su dirigencia intentan que alcaldes electos del PT renuncien a su organismo [&hellip;]\" \/>\n<meta property=\"og:url\" content=\"https:\/\/lospoliticosveracruz.com\/?p=148537\" \/>\n<meta property=\"og:site_name\" content=\"Los pol\u00edticos Veracruz\" \/>\n<meta property=\"article:publisher\" content=\"https:\/\/www.facebook.com\/people\/Notimemes-de-los-Polticos\/61565672886568\/\" \/>\n<meta property=\"article:published_time\" content=\"2025-07-09T03:29:05+00:00\" \/>\n<meta property=\"article:modified_time\" content=\"2025-07-09T03:29:23+00:00\" \/>\n<meta property=\"og:image\" content=\"https:\/\/lospoliticosveracruz.com\/wp-content\/uploads\/2025\/04\/Chua-e1761364658706.jpg\" \/>\n\t<meta property=\"og:image:width\" content=\"600\" \/>\n\t<meta property=\"og:image:height\" content=\"320\" \/>\n\t<meta property=\"og:image:type\" content=\"image\/jpeg\" \/>\n<meta name=\"author\" content=\"Lo viste en Los Pol\u00edticos\" \/>\n<meta name=\"twitter:card\" content=\"summary_large_image\" \/>\n<meta name=\"twitter:creator\" content=\"@LosPoliticosVer\" \/>\n<meta name=\"twitter:site\" content=\"@LosPoliticosVer\" \/>\n<meta name=\"twitter:label1\" content=\"Escrito por\" \/>\n\t<meta name=\"twitter:data1\" content=\"Lo viste en Los Pol\u00edticos\" \/>\n\t<meta name=\"twitter:label2\" content=\"Tiempo de lectura\" \/>\n\t<meta name=\"twitter:data2\" content=\"6 minutos\" \/>\n<script type=\"application\/ld+json\" class=\"yoast-schema-graph\">{\"@context\":\"https:\\\/\\\/schema.org\",\"@graph\":[{\"@type\":\"Article\",\"@id\":\"https:\\\/\\\/lospoliticosveracruz.com\\\/?p=148537#article\",\"isPartOf\":{\"@id\":\"https:\\\/\\\/lospoliticosveracruz.com\\\/?p=148537\"},\"author\":{\"name\":\"Lo viste en Los Pol\u00edticos\",\"@id\":\"https:\\\/\\\/lospoliticosveracruz.com\\\/#\\\/schema\\\/person\\\/b8702bb0e538456e6efd07080bf2a4a2\"},\"headline\":\"MORENA Y LA \u00abPURIFICACI\u00d3N\u00bb DE ALCALDES ELECTOS\",\"datePublished\":\"2025-07-09T03:29:05+00:00\",\"dateModified\":\"2025-07-09T03:29:23+00:00\",\"mainEntityOfPage\":{\"@id\":\"https:\\\/\\\/lospoliticosveracruz.com\\\/?p=148537\"},\"wordCount\":1120,\"publisher\":{\"@id\":\"https:\\\/\\\/lospoliticosveracruz.com\\\/#organization\"},\"image\":{\"@id\":\"https:\\\/\\\/lospoliticosveracruz.com\\\/?p=148537#primaryimage\"},\"thumbnailUrl\":\"https:\\\/\\\/lospoliticosveracruz.com\\\/wp-content\\\/uploads\\\/2025\\\/04\\\/Chua-e1761364658706.jpg\",\"keywords\":[\"Ricardo Chua\"],\"articleSection\":[\"De Opini\u00f3n\"],\"inLanguage\":\"es\"},{\"@type\":\"WebPage\",\"@id\":\"https:\\\/\\\/lospoliticosveracruz.com\\\/?p=148537\",\"url\":\"https:\\\/\\\/lospoliticosveracruz.com\\\/?p=148537\",\"name\":\"MORENA Y LA \\\"PURIFICACI\u00d3N\\\" DE ALCALDES ELECTOS - Los pol\u00edticos Veracruz\",\"isPartOf\":{\"@id\":\"https:\\\/\\\/lospoliticosveracruz.com\\\/#website\"},\"primaryImageOfPage\":{\"@id\":\"https:\\\/\\\/lospoliticosveracruz.com\\\/?p=148537#primaryimage\"},\"image\":{\"@id\":\"https:\\\/\\\/lospoliticosveracruz.com\\\/?p=148537#primaryimage\"},\"thumbnailUrl\":\"https:\\\/\\\/lospoliticosveracruz.com\\\/wp-content\\\/uploads\\\/2025\\\/04\\\/Chua-e1761364658706.jpg\",\"datePublished\":\"2025-07-09T03:29:05+00:00\",\"dateModified\":\"2025-07-09T03:29:23+00:00\",\"breadcrumb\":{\"@id\":\"https:\\\/\\\/lospoliticosveracruz.com\\\/?p=148537#breadcrumb\"},\"inLanguage\":\"es\",\"potentialAction\":[{\"@type\":\"ReadAction\",\"target\":[\"https:\\\/\\\/lospoliticosveracruz.com\\\/?p=148537\"]}]},{\"@type\":\"ImageObject\",\"inLanguage\":\"es\",\"@id\":\"https:\\\/\\\/lospoliticosveracruz.com\\\/?p=148537#primaryimage\",\"url\":\"https:\\\/\\\/lospoliticosveracruz.com\\\/wp-content\\\/uploads\\\/2025\\\/04\\\/Chua-e1761364658706.jpg\",\"contentUrl\":\"https:\\\/\\\/lospoliticosveracruz.com\\\/wp-content\\\/uploads\\\/2025\\\/04\\\/Chua-e1761364658706.jpg\",\"width\":600,\"height\":320},{\"@type\":\"BreadcrumbList\",\"@id\":\"https:\\\/\\\/lospoliticosveracruz.com\\\/?p=148537#breadcrumb\",\"itemListElement\":[{\"@type\":\"ListItem\",\"position\":1,\"name\":\"Portada\",\"item\":\"https:\\\/\\\/lospoliticosveracruz.com\\\/\"},{\"@type\":\"ListItem\",\"position\":2,\"name\":\"MORENA Y LA \u00abPURIFICACI\u00d3N\u00bb DE ALCALDES ELECTOS\"}]},{\"@type\":\"WebSite\",\"@id\":\"https:\\\/\\\/lospoliticosveracruz.com\\\/#website\",\"url\":\"https:\\\/\\\/lospoliticosveracruz.com\\\/\",\"name\":\"Los pol\u00edticos Veracruz\",\"description\":\"\",\"publisher\":{\"@id\":\"https:\\\/\\\/lospoliticosveracruz.com\\\/#organization\"},\"potentialAction\":[{\"@type\":\"SearchAction\",\"target\":{\"@type\":\"EntryPoint\",\"urlTemplate\":\"https:\\\/\\\/lospoliticosveracruz.com\\\/?s={search_term_string}\"},\"query-input\":{\"@type\":\"PropertyValueSpecification\",\"valueRequired\":true,\"valueName\":\"search_term_string\"}}],\"inLanguage\":\"es\"},{\"@type\":\"Organization\",\"@id\":\"https:\\\/\\\/lospoliticosveracruz.com\\\/#organization\",\"name\":\"Los pol\u00edticos Veracruz\",\"url\":\"https:\\\/\\\/lospoliticosveracruz.com\\\/\",\"logo\":{\"@type\":\"ImageObject\",\"inLanguage\":\"es\",\"@id\":\"https:\\\/\\\/lospoliticosveracruz.com\\\/#\\\/schema\\\/logo\\\/image\\\/\",\"url\":\"https:\\\/\\\/lospoliticosveracruz.com\\\/wp-content\\\/uploads\\\/2025\\\/12\\\/Logo-Nuevo-LOS-POLITICOS-1.jpg\",\"contentUrl\":\"https:\\\/\\\/lospoliticosveracruz.com\\\/wp-content\\\/uploads\\\/2025\\\/12\\\/Logo-Nuevo-LOS-POLITICOS-1.jpg\",\"width\":260,\"height\":70,\"caption\":\"Los pol\u00edticos Veracruz\"},\"image\":{\"@id\":\"https:\\\/\\\/lospoliticosveracruz.com\\\/#\\\/schema\\\/logo\\\/image\\\/\"},\"sameAs\":[\"https:\\\/\\\/www.facebook.com\\\/people\\\/Notimemes-de-los-Polticos\\\/61565672886568\\\/\",\"https:\\\/\\\/x.com\\\/LosPoliticosVer\"]},{\"@type\":\"Person\",\"@id\":\"https:\\\/\\\/lospoliticosveracruz.com\\\/#\\\/schema\\\/person\\\/b8702bb0e538456e6efd07080bf2a4a2\",\"name\":\"Lo viste en Los Pol\u00edticos\",\"image\":{\"@type\":\"ImageObject\",\"inLanguage\":\"es\",\"@id\":\"https:\\\/\\\/secure.gravatar.com\\\/avatar\\\/3a8de04a2656d44082be478bd6c086daa447c4651605818287b9532d3d0bd435?s=96&d=mm&r=g\",\"url\":\"https:\\\/\\\/secure.gravatar.com\\\/avatar\\\/3a8de04a2656d44082be478bd6c086daa447c4651605818287b9532d3d0bd435?s=96&d=mm&r=g\",\"contentUrl\":\"https:\\\/\\\/secure.gravatar.com\\\/avatar\\\/3a8de04a2656d44082be478bd6c086daa447c4651605818287b9532d3d0bd435?s=96&d=mm&r=g\",\"caption\":\"Lo viste en Los Pol\u00edticos\"},\"url\":\"https:\\\/\\\/lospoliticosveracruz.com\\\/?author=2\"}]}<\/script>\n<!-- \/ Yoast SEO plugin. -->","yoast_head_json":{"title":"MORENA Y LA \"PURIFICACI\u00d3N\" DE ALCALDES ELECTOS - Los pol\u00edticos Veracruz","robots":{"index":"index","follow":"follow","max-snippet":"max-snippet:-1","max-image-preview":"max-image-preview:large","max-video-preview":"max-video-preview:-1"},"canonical":"https:\/\/lospoliticosveracruz.com\/?p=148537","og_locale":"es_ES","og_type":"article","og_title":"MORENA Y LA \"PURIFICACI\u00d3N\" DE ALCALDES ELECTOS - Los pol\u00edticos Veracruz","og_description":"Ricardo Chua Sale y Vale Apenas el pasado lunes se\u00f1alamos los conflictos que hab\u00eda entre partidos que pertenecen a la 4T, como MORENA y el Partido del Trabajo en Veracruz.. Ya que con presiones pol\u00edticas y presuntas amenazas de funcionarios estatales.. MORENA y su dirigencia intentan que alcaldes electos del PT renuncien a su organismo [&hellip;]","og_url":"https:\/\/lospoliticosveracruz.com\/?p=148537","og_site_name":"Los pol\u00edticos Veracruz","article_publisher":"https:\/\/www.facebook.com\/people\/Notimemes-de-los-Polticos\/61565672886568\/","article_published_time":"2025-07-09T03:29:05+00:00","article_modified_time":"2025-07-09T03:29:23+00:00","og_image":[{"width":600,"height":320,"url":"https:\/\/lospoliticosveracruz.com\/wp-content\/uploads\/2025\/04\/Chua-e1761364658706.jpg","type":"image\/jpeg"}],"author":"Lo viste en Los Pol\u00edticos","twitter_card":"summary_large_image","twitter_creator":"@LosPoliticosVer","twitter_site":"@LosPoliticosVer","twitter_misc":{"Escrito por":"Lo viste en Los Pol\u00edticos","Tiempo de lectura":"6 minutos"},"schema":{"@context":"https:\/\/schema.org","@graph":[{"@type":"Article","@id":"https:\/\/lospoliticosveracruz.com\/?p=148537#article","isPartOf":{"@id":"https:\/\/lospoliticosveracruz.com\/?p=148537"},"author":{"name":"Lo viste en Los Pol\u00edticos","@id":"https:\/\/lospoliticosveracruz.com\/#\/schema\/person\/b8702bb0e538456e6efd07080bf2a4a2"},"headline":"MORENA Y LA \u00abPURIFICACI\u00d3N\u00bb DE ALCALDES ELECTOS","datePublished":"2025-07-09T03:29:05+00:00","dateModified":"2025-07-09T03:29:23+00:00","mainEntityOfPage":{"@id":"https:\/\/lospoliticosveracruz.com\/?p=148537"},"wordCount":1120,"publisher":{"@id":"https:\/\/lospoliticosveracruz.com\/#organization"},"image":{"@id":"https:\/\/lospoliticosveracruz.com\/?p=148537#primaryimage"},"thumbnailUrl":"https:\/\/lospoliticosveracruz.com\/wp-content\/uploads\/2025\/04\/Chua-e1761364658706.jpg","keywords":["Ricardo Chua"],"articleSection":["De Opini\u00f3n"],"inLanguage":"es"},{"@type":"WebPage","@id":"https:\/\/lospoliticosveracruz.com\/?p=148537","url":"https:\/\/lospoliticosveracruz.com\/?p=148537","name":"MORENA Y LA \"PURIFICACI\u00d3N\" DE ALCALDES ELECTOS - Los pol\u00edticos Veracruz","isPartOf":{"@id":"https:\/\/lospoliticosveracruz.com\/#website"},"primaryImageOfPage":{"@id":"https:\/\/lospoliticosveracruz.com\/?p=148537#primaryimage"},"image":{"@id":"https:\/\/lospoliticosveracruz.com\/?p=148537#primaryimage"},"thumbnailUrl":"https:\/\/lospoliticosveracruz.com\/wp-content\/uploads\/2025\/04\/Chua-e1761364658706.jpg","datePublished":"2025-07-09T03:29:05+00:00","dateModified":"2025-07-09T03:29:23+00:00","breadcrumb":{"@id":"https:\/\/lospoliticosveracruz.com\/?p=148537#breadcrumb"},"inLanguage":"es","potentialAction":[{"@type":"ReadAction","target":["https:\/\/lospoliticosveracruz.com\/?p=148537"]}]},{"@type":"ImageObject","inLanguage":"es","@id":"https:\/\/lospoliticosveracruz.com\/?p=148537#primaryimage","url":"https:\/\/lospoliticosveracruz.com\/wp-content\/uploads\/2025\/04\/Chua-e1761364658706.jpg","contentUrl":"https:\/\/lospoliticosveracruz.com\/wp-content\/uploads\/2025\/04\/Chua-e1761364658706.jpg","width":600,"height":320},{"@type":"BreadcrumbList","@id":"https:\/\/lospoliticosveracruz.com\/?p=148537#breadcrumb","itemListElement":[{"@type":"ListItem","position":1,"name":"Portada","item":"https:\/\/lospoliticosveracruz.com\/"},{"@type":"ListItem","position":2,"name":"MORENA Y LA \u00abPURIFICACI\u00d3N\u00bb DE ALCALDES ELECTOS"}]},{"@type":"WebSite","@id":"https:\/\/lospoliticosveracruz.com\/#website","url":"https:\/\/lospoliticosveracruz.com\/","name":"Los pol\u00edticos Veracruz","description":"","publisher":{"@id":"https:\/\/lospoliticosveracruz.com\/#organization"},"potentialAction":[{"@type":"SearchAction","target":{"@type":"EntryPoint","urlTemplate":"https:\/\/lospoliticosveracruz.com\/?s={search_term_string}"},"query-input":{"@type":"PropertyValueSpecification","valueRequired":true,"valueName":"search_term_string"}}],"inLanguage":"es"},{"@type":"Organization","@id":"https:\/\/lospoliticosveracruz.com\/#organization","name":"Los pol\u00edticos Veracruz","url":"https:\/\/lospoliticosveracruz.com\/","logo":{"@type":"ImageObject","inLanguage":"es","@id":"https:\/\/lospoliticosveracruz.com\/#\/schema\/logo\/image\/","url":"https:\/\/lospoliticosveracruz.com\/wp-content\/uploads\/2025\/12\/Logo-Nuevo-LOS-POLITICOS-1.jpg","contentUrl":"https:\/\/lospoliticosveracruz.com\/wp-content\/uploads\/2025\/12\/Logo-Nuevo-LOS-POLITICOS-1.jpg","width":260,"height":70,"caption":"Los pol\u00edticos Veracruz"},"image":{"@id":"https:\/\/lospoliticosveracruz.com\/#\/schema\/logo\/image\/"},"sameAs":["https:\/\/www.facebook.com\/people\/Notimemes-de-los-Polticos\/61565672886568\/","https:\/\/x.com\/LosPoliticosVer"]},{"@type":"Person","@id":"https:\/\/lospoliticosveracruz.com\/#\/schema\/person\/b8702bb0e538456e6efd07080bf2a4a2","name":"Lo viste en Los Pol\u00edticos","image":{"@type":"ImageObject","inLanguage":"es","@id":"https:\/\/secure.gravatar.com\/avatar\/3a8de04a2656d44082be478bd6c086daa447c4651605818287b9532d3d0bd435?s=96&d=mm&r=g","url":"https:\/\/secure.gravatar.com\/avatar\/3a8de04a2656d44082be478bd6c086daa447c4651605818287b9532d3d0bd435?s=96&d=mm&r=g","contentUrl":"https:\/\/secure.gravatar.com\/avatar\/3a8de04a2656d44082be478bd6c086daa447c4651605818287b9532d3d0bd435?s=96&d=mm&r=g","caption":"Lo viste en Los Pol\u00edticos"},"url":"https:\/\/lospoliticosveracruz.com\/?author=2"}]}},"_links":{"self":[{"href":"https:\/\/lospoliticosveracruz.com\/index.php?rest_route=\/wp\/v2\/posts\/148537","targetHints":{"allow":["GET"]}}],"collection":[{"href":"https:\/\/lospoliticosveracruz.com\/index.php?rest_route=\/wp\/v2\/posts"}],"about":[{"href":"https:\/\/lospoliticosveracruz.com\/index.php?rest_route=\/wp\/v2\/types\/post"}],"author":[{"embeddable":true,"href":"https:\/\/lospoliticosveracruz.com\/index.php?rest_route=\/wp\/v2\/users\/2"}],"replies":[{"embeddable":true,"href":"https:\/\/lospoliticosveracruz.com\/index.php?rest_route=%2Fwp%2Fv2%2Fcomments&post=148537"}],"version-history":[{"count":1,"href":"https:\/\/lospoliticosveracruz.com\/index.php?rest_route=\/wp\/v2\/posts\/148537\/revisions"}],"predecessor-version":[{"id":148538,"href":"https:\/\/lospoliticosveracruz.com\/index.php?rest_route=\/wp\/v2\/posts\/148537\/revisions\/148538"}],"wp:featuredmedia":[{"embeddable":true,"href":"https:\/\/lospoliticosveracruz.com\/index.php?rest_route=\/wp\/v2\/media\/141434"}],"wp:attachment":[{"href":"https:\/\/lospoliticosveracruz.com\/index.php?rest_route=%2Fwp%2Fv2%2Fmedia&parent=148537"}],"wp:term":[{"taxonomy":"category","embeddable":true,"href":"https:\/\/lospoliticosveracruz.com\/index.php?rest_route=%2Fwp%2Fv2%2Fcategories&post=148537"},{"taxonomy":"post_tag","embeddable":true,"href":"https:\/\/lospoliticosveracruz.com\/index.php?rest_route=%2Fwp%2Fv2%2Ftags&post=148537"}],"curies":[{"name":"wp","href":"https:\/\/api.w.org\/{rel}","templated":true}]}}