{"id":148539,"date":"2025-07-09T07:08:10","date_gmt":"2025-07-09T12:08:10","guid":{"rendered":"https:\/\/lospoliticosveracruz.com.mx\/?p=148539"},"modified":"2025-07-09T07:08:26","modified_gmt":"2025-07-09T12:08:26","slug":"aplicaran-cernidor","status":"publish","type":"post","link":"https:\/\/lospoliticosveracruz.com\/?p=148539","title":{"rendered":"APLICAR\u00c1N CERNIDOR!"},"content":{"rendered":"\n\n\n<p><br><strong>Fanny Y\u00e9pez<br><\/strong><em>La Columna<\/em><\/p>\n\n\n\n<p><\/p>\n\n\n\n<p>Personajes de dudosa calidad moral y convicci\u00f3n partidista lograron ingresar a las filas del Movimiento de Regeneraci\u00f3n Nacional, donde no se puso en marcha el tan sonado \u201cderecho de admisi\u00f3n\u201d. En ese proceso a algunos dirigentes privilegiaron la cantidad, m\u00e1s que la calidad.<\/p>\n\n\n\n<p>Ante la ausencia de filtros que hubiera permitido comprobar la probidad de los aspirantes en el proceso de afiliaci\u00f3n, muchos lograron entrar al partido guinda lo que gener\u00f3 una serie de inconformidades sobre la incorporaci\u00f3n al partido de perfiles pol\u00e9micos o controvertidos, por ello Morena crear\u00e1 la Comisi\u00f3n Evaluadora de Incorporaciones.<\/p>\n\n\n\n<p>Por ello, el pr\u00f3ximo 20 de julio, los 300 consejeros nacionales de Morena est\u00e1n convocados a sesi\u00f3n para aprobar nuevas comisiones y aterrizar el proyecto de Andr\u00e9s Manuel L\u00f3pez Obrador, de crear 70 mil 751 comit\u00e9s seccionales en el Pa\u00eds.<\/p>\n\n\n\n<p>De hecho, la dirigencia nacional de la 4T rumbo a las elecciones intermedias del 2027, pondr\u00e1 en marcha un proceso de reorganizaci\u00f3n de todos sus comit\u00e9s distritales y estatales en todo el pa\u00eds.<\/p>\n\n\n\n<p>Se espera que en este proceso de reorganizaci\u00f3n interna que realizara Morena, se revisen perfiles sobre todo de los militantes de reci\u00e9n ingreso, a trav\u00e9s de este mecanismo se espera que se lleve a cabo una depuraci\u00f3n de quienes solo ingresaron a este instituto para aprovecharse de la marca, y que no cuentan con ninguna convicci\u00f3n.<\/p>\n\n\n\n<p>En los \u00faltimos a\u00f1os, al ser el partido mayoritario, en cada elecci\u00f3n o coyuntura importante, actores pol\u00edticos que no encuentran cupo en sus institutos pol\u00edticos recurren a Morena, lo que ha generado inconformidades de liderazgos nacionales y locales y de la militancia.<br>De acuerdo con fuentes morenistas, se propone que la Comisi\u00f3n Evaluadora est\u00e9 conformada por liderazgos importantes del partido, quienes revisar\u00e1n la honorabilidad de perfiles externos, que no tengan un pasado delictivo u oscuro.<br>Esto, afirman, con miras a la elecci\u00f3n de 2027, a\u00f1o en el que se renovar\u00e1n la C\u00e1mara de Diputados, 16 gubernaturas y alcald\u00edas o congresos en 30 entidades.<br>El proceso de afiliaci\u00f3n y re afiliaci\u00f3n se llev\u00f3 a cabo con demasiada premura, tal parece que les interesaba m\u00e1s la cantidad, que la calidad. A la fecha seg\u00fan Morena cuanta con m\u00e1s de 180 mil militantes solo en el estado de Veracruz.<br>Hay que recordar que en las filas morenistas el a\u00f1o anterior causo una gran pol\u00e9mica la afiliaci\u00f3n del ex panista Miguel \u00c1ngel Yunes M\u00e1rquez, por lo que \u00e9ste tuvo que desistir.<br>Tambi\u00e9n hubo protestas por la incorporaci\u00f3n del ex priista Alejandro Murat y ex perredistas.<br>El peri\u00f3dico Reforma la tarde de este martes en su p\u00e1gina online, p\u00fablico que desde que L\u00f3pez Obrador cre\u00f3 Morena se propuso crear un comit\u00e9 por cada secci\u00f3n electoral en el Pa\u00eds, pero, en 10 a\u00f1os, las dirigencias nacionales no han logrado cumplir ese prop\u00f3sito.<br>Ahora, con el hijo del ex Mandatario, Andr\u00e9s Manuel L\u00f3pez Beltr\u00e1n, al frente de la Secretar\u00eda de Organizaci\u00f3n, el partido busca crear formalmente 70 mil 751 comit\u00e9s seccionales.<br>El antecesor de \u201cAndy\u201d, Alejandro Pe\u00f1a, inform\u00f3 en octubre de 2024 que dejaba 153 mil comit\u00e9s de la 4T, pero \u00e9stos deb\u00edan ratificarse y organizarse, pues no hubo reglas en su conformaci\u00f3n.<br>En la reforma de sus estatutos, en octubre pasado, Morena estableci\u00f3 normas para la creaci\u00f3n de \u201cComit\u00e9s Seccionales de Defensa de la Transformaci\u00f3n\u201d.<br>En la sesi\u00f3n que se celebrar\u00e1 el pr\u00f3ximo 20 de julio el Consejo Nacional aprobar\u00e1 el Plan Organizativo Seccional y los lineamientos con los que operar\u00e1n los comit\u00e9s.<\/p>\n\n\n\n<p>Esa red ser\u00e1 la columna vertebral del partido para las pr\u00f3ximas elecciones, pues se encargar\u00e1 de promoverlo, defender el voto y a los gobiernos morenistas, as\u00ed como bajar instrucciones partidistas.<\/p>\n\n\n\n<p>Estar\u00e1n encabezados por cinco dirigentes de la comunidad y sin l\u00edmite de integrantes, y tendr\u00e1n que reportarle a la Secretar\u00eda de Organizaci\u00f3n estatal, y \u00e9sta lo har\u00e1 al Comit\u00e9 Ejecutivo Nacional.<\/p>\n\n\n\n<p>\u201cEn el caso de estados con m\u00e1s de 50 municipios, o municipios de m\u00e1s de 100 mil habitantes, la Secretar\u00eda de Organizaci\u00f3n del Comit\u00e9 Ejecutivo Nacional podr\u00e1 determinar la conformaci\u00f3n de regiones o zonas de atenci\u00f3n, para facilitar la actividad territorial y los v\u00ednculos con los CDT\u201d, indican los estatutos.<\/p>\n\n\n\n<p>De acuerdo con la convocatoria, tambi\u00e9n se aprobar\u00e1 un Plan Municipalista, el cual est\u00e1 en el tintero desde 2021.<\/p>\n\n\n\n<p>Con esto se busca que las alcald\u00edas gobernadas por Morena o en coalici\u00f3n con el PT y PVEM cuenten con herramientas parecidas para resolver problemas comunes.<\/p>\n\n\n\n<p>De los 2 mil 500 municipios que existen en M\u00e9xico, Morena gobierna alrededor de 750, y junto con sus aliados mil 125.<\/p>\n\n\n\n<p>El Consejo Nacional tambi\u00e9n crear\u00e1 el Consejo Consultivo, integrado por liderazgos que podr\u00e1n opinar sobre temas de coyuntura o planes electorales o de gobiern<\/p>\n","protected":false},"excerpt":{"rendered":"<p>Fanny Y\u00e9pezLa Columna Personajes de dudosa calidad moral y convicci\u00f3n partidista lograron ingresar a las filas del Movimiento de Regeneraci\u00f3n Nacional, donde no se puso en marcha el tan sonado \u201cderecho de admisi\u00f3n\u201d. En ese proceso a algunos dirigentes privilegiaron la cantidad, m\u00e1s que la calidad. Ante la ausencia de filtros que hubiera permitido comprobar [&hellip;]<\/p>\n","protected":false},"author":2,"featured_media":141383,"comment_status":"closed","ping_status":"closed","sticky":false,"template":"","format":"standard","meta":{"tdm_status":"","tdm_grid_status":"","footnotes":""},"categories":[70],"tags":[44219,1026,195],"class_list":{"0":"post-148539","1":"post","2":"type-post","3":"status-publish","4":"format-standard","5":"has-post-thumbnail","7":"category-de-opinion","8":"tag-comision-evaluadora","9":"tag-morena","10":"tag-veracruz"},"yoast_head":"<!-- This site is optimized with the Yoast SEO plugin v27.4 - https:\/\/yoast.com\/product\/yoast-seo-wordpress\/ -->\n<title>APLICAR\u00c1N CERNIDOR! - Los pol\u00edticos Veracruz<\/title>\n<meta name=\"robots\" content=\"index, follow, max-snippet:-1, max-image-preview:large, max-video-preview:-1\" \/>\n<link rel=\"canonical\" href=\"https:\/\/lospoliticosveracruz.com\/?p=148539\" \/>\n<meta property=\"og:locale\" content=\"es_ES\" \/>\n<meta property=\"og:type\" content=\"article\" \/>\n<meta property=\"og:title\" content=\"APLICAR\u00c1N CERNIDOR! - Los pol\u00edticos Veracruz\" \/>\n<meta property=\"og:description\" content=\"Fanny Y\u00e9pezLa Columna Personajes de dudosa calidad moral y convicci\u00f3n partidista lograron ingresar a las filas del Movimiento de Regeneraci\u00f3n Nacional, donde no se puso en marcha el tan sonado \u201cderecho de admisi\u00f3n\u201d. En ese proceso a algunos dirigentes privilegiaron la cantidad, m\u00e1s que la calidad. Ante la ausencia de filtros que hubiera permitido comprobar [&hellip;]\" \/>\n<meta property=\"og:url\" content=\"https:\/\/lospoliticosveracruz.com\/?p=148539\" \/>\n<meta property=\"og:site_name\" content=\"Los pol\u00edticos Veracruz\" \/>\n<meta property=\"article:publisher\" content=\"https:\/\/www.facebook.com\/people\/Notimemes-de-los-Polticos\/61565672886568\/\" \/>\n<meta property=\"article:published_time\" content=\"2025-07-09T12:08:10+00:00\" \/>\n<meta property=\"article:modified_time\" content=\"2025-07-09T12:08:26+00:00\" \/>\n<meta property=\"og:image\" content=\"https:\/\/lospoliticosveracruz.com\/wp-content\/uploads\/2025\/04\/Fanny-Yepez-Luna-e1768657334923.jpg\" \/>\n\t<meta property=\"og:image:width\" content=\"600\" \/>\n\t<meta property=\"og:image:height\" content=\"320\" \/>\n\t<meta property=\"og:image:type\" content=\"image\/jpeg\" \/>\n<meta name=\"author\" content=\"Lo viste en Los Pol\u00edticos\" \/>\n<meta name=\"twitter:card\" content=\"summary_large_image\" \/>\n<meta name=\"twitter:creator\" content=\"@LosPoliticosVer\" \/>\n<meta name=\"twitter:site\" content=\"@LosPoliticosVer\" \/>\n<meta name=\"twitter:label1\" content=\"Escrito por\" \/>\n\t<meta name=\"twitter:data1\" content=\"Lo viste en Los Pol\u00edticos\" \/>\n\t<meta name=\"twitter:label2\" content=\"Tiempo de lectura\" \/>\n\t<meta name=\"twitter:data2\" content=\"4 minutos\" \/>\n<script type=\"application\/ld+json\" class=\"yoast-schema-graph\">{\"@context\":\"https:\\\/\\\/schema.org\",\"@graph\":[{\"@type\":\"Article\",\"@id\":\"https:\\\/\\\/lospoliticosveracruz.com\\\/?p=148539#article\",\"isPartOf\":{\"@id\":\"https:\\\/\\\/lospoliticosveracruz.com\\\/?p=148539\"},\"author\":{\"name\":\"Lo viste en Los Pol\u00edticos\",\"@id\":\"https:\\\/\\\/lospoliticosveracruz.com\\\/#\\\/schema\\\/person\\\/b8702bb0e538456e6efd07080bf2a4a2\"},\"headline\":\"APLICAR\u00c1N CERNIDOR!\",\"datePublished\":\"2025-07-09T12:08:10+00:00\",\"dateModified\":\"2025-07-09T12:08:26+00:00\",\"mainEntityOfPage\":{\"@id\":\"https:\\\/\\\/lospoliticosveracruz.com\\\/?p=148539\"},\"wordCount\":847,\"publisher\":{\"@id\":\"https:\\\/\\\/lospoliticosveracruz.com\\\/#organization\"},\"image\":{\"@id\":\"https:\\\/\\\/lospoliticosveracruz.com\\\/?p=148539#primaryimage\"},\"thumbnailUrl\":\"https:\\\/\\\/lospoliticosveracruz.com\\\/wp-content\\\/uploads\\\/2025\\\/04\\\/Fanny-Yepez-Luna-e1768657334923.jpg\",\"keywords\":[\"Comisi\u00f3n Evaluadora\",\"Morena\",\"Veracruz\"],\"articleSection\":[\"De Opini\u00f3n\"],\"inLanguage\":\"es\"},{\"@type\":\"WebPage\",\"@id\":\"https:\\\/\\\/lospoliticosveracruz.com\\\/?p=148539\",\"url\":\"https:\\\/\\\/lospoliticosveracruz.com\\\/?p=148539\",\"name\":\"APLICAR\u00c1N CERNIDOR! - Los pol\u00edticos Veracruz\",\"isPartOf\":{\"@id\":\"https:\\\/\\\/lospoliticosveracruz.com\\\/#website\"},\"primaryImageOfPage\":{\"@id\":\"https:\\\/\\\/lospoliticosveracruz.com\\\/?p=148539#primaryimage\"},\"image\":{\"@id\":\"https:\\\/\\\/lospoliticosveracruz.com\\\/?p=148539#primaryimage\"},\"thumbnailUrl\":\"https:\\\/\\\/lospoliticosveracruz.com\\\/wp-content\\\/uploads\\\/2025\\\/04\\\/Fanny-Yepez-Luna-e1768657334923.jpg\",\"datePublished\":\"2025-07-09T12:08:10+00:00\",\"dateModified\":\"2025-07-09T12:08:26+00:00\",\"breadcrumb\":{\"@id\":\"https:\\\/\\\/lospoliticosveracruz.com\\\/?p=148539#breadcrumb\"},\"inLanguage\":\"es\",\"potentialAction\":[{\"@type\":\"ReadAction\",\"target\":[\"https:\\\/\\\/lospoliticosveracruz.com\\\/?p=148539\"]}]},{\"@type\":\"ImageObject\",\"inLanguage\":\"es\",\"@id\":\"https:\\\/\\\/lospoliticosveracruz.com\\\/?p=148539#primaryimage\",\"url\":\"https:\\\/\\\/lospoliticosveracruz.com\\\/wp-content\\\/uploads\\\/2025\\\/04\\\/Fanny-Yepez-Luna-e1768657334923.jpg\",\"contentUrl\":\"https:\\\/\\\/lospoliticosveracruz.com\\\/wp-content\\\/uploads\\\/2025\\\/04\\\/Fanny-Yepez-Luna-e1768657334923.jpg\",\"width\":600,\"height\":320},{\"@type\":\"BreadcrumbList\",\"@id\":\"https:\\\/\\\/lospoliticosveracruz.com\\\/?p=148539#breadcrumb\",\"itemListElement\":[{\"@type\":\"ListItem\",\"position\":1,\"name\":\"Portada\",\"item\":\"https:\\\/\\\/lospoliticosveracruz.com\\\/\"},{\"@type\":\"ListItem\",\"position\":2,\"name\":\"APLICAR\u00c1N CERNIDOR!\"}]},{\"@type\":\"WebSite\",\"@id\":\"https:\\\/\\\/lospoliticosveracruz.com\\\/#website\",\"url\":\"https:\\\/\\\/lospoliticosveracruz.com\\\/\",\"name\":\"Los pol\u00edticos Veracruz\",\"description\":\"\",\"publisher\":{\"@id\":\"https:\\\/\\\/lospoliticosveracruz.com\\\/#organization\"},\"potentialAction\":[{\"@type\":\"SearchAction\",\"target\":{\"@type\":\"EntryPoint\",\"urlTemplate\":\"https:\\\/\\\/lospoliticosveracruz.com\\\/?s={search_term_string}\"},\"query-input\":{\"@type\":\"PropertyValueSpecification\",\"valueRequired\":true,\"valueName\":\"search_term_string\"}}],\"inLanguage\":\"es\"},{\"@type\":\"Organization\",\"@id\":\"https:\\\/\\\/lospoliticosveracruz.com\\\/#organization\",\"name\":\"Los pol\u00edticos Veracruz\",\"url\":\"https:\\\/\\\/lospoliticosveracruz.com\\\/\",\"logo\":{\"@type\":\"ImageObject\",\"inLanguage\":\"es\",\"@id\":\"https:\\\/\\\/lospoliticosveracruz.com\\\/#\\\/schema\\\/logo\\\/image\\\/\",\"url\":\"https:\\\/\\\/lospoliticosveracruz.com\\\/wp-content\\\/uploads\\\/2025\\\/12\\\/Logo-Nuevo-LOS-POLITICOS-1.jpg\",\"contentUrl\":\"https:\\\/\\\/lospoliticosveracruz.com\\\/wp-content\\\/uploads\\\/2025\\\/12\\\/Logo-Nuevo-LOS-POLITICOS-1.jpg\",\"width\":260,\"height\":70,\"caption\":\"Los pol\u00edticos Veracruz\"},\"image\":{\"@id\":\"https:\\\/\\\/lospoliticosveracruz.com\\\/#\\\/schema\\\/logo\\\/image\\\/\"},\"sameAs\":[\"https:\\\/\\\/www.facebook.com\\\/people\\\/Notimemes-de-los-Polticos\\\/61565672886568\\\/\",\"https:\\\/\\\/x.com\\\/LosPoliticosVer\"]},{\"@type\":\"Person\",\"@id\":\"https:\\\/\\\/lospoliticosveracruz.com\\\/#\\\/schema\\\/person\\\/b8702bb0e538456e6efd07080bf2a4a2\",\"name\":\"Lo viste en Los Pol\u00edticos\",\"image\":{\"@type\":\"ImageObject\",\"inLanguage\":\"es\",\"@id\":\"https:\\\/\\\/secure.gravatar.com\\\/avatar\\\/3a8de04a2656d44082be478bd6c086daa447c4651605818287b9532d3d0bd435?s=96&d=mm&r=g\",\"url\":\"https:\\\/\\\/secure.gravatar.com\\\/avatar\\\/3a8de04a2656d44082be478bd6c086daa447c4651605818287b9532d3d0bd435?s=96&d=mm&r=g\",\"contentUrl\":\"https:\\\/\\\/secure.gravatar.com\\\/avatar\\\/3a8de04a2656d44082be478bd6c086daa447c4651605818287b9532d3d0bd435?s=96&d=mm&r=g\",\"caption\":\"Lo viste en Los Pol\u00edticos\"},\"url\":\"https:\\\/\\\/lospoliticosveracruz.com\\\/?author=2\"}]}<\/script>\n<!-- \/ Yoast SEO plugin. -->","yoast_head_json":{"title":"APLICAR\u00c1N CERNIDOR! - Los pol\u00edticos Veracruz","robots":{"index":"index","follow":"follow","max-snippet":"max-snippet:-1","max-image-preview":"max-image-preview:large","max-video-preview":"max-video-preview:-1"},"canonical":"https:\/\/lospoliticosveracruz.com\/?p=148539","og_locale":"es_ES","og_type":"article","og_title":"APLICAR\u00c1N CERNIDOR! - Los pol\u00edticos Veracruz","og_description":"Fanny Y\u00e9pezLa Columna Personajes de dudosa calidad moral y convicci\u00f3n partidista lograron ingresar a las filas del Movimiento de Regeneraci\u00f3n Nacional, donde no se puso en marcha el tan sonado \u201cderecho de admisi\u00f3n\u201d. En ese proceso a algunos dirigentes privilegiaron la cantidad, m\u00e1s que la calidad. Ante la ausencia de filtros que hubiera permitido comprobar [&hellip;]","og_url":"https:\/\/lospoliticosveracruz.com\/?p=148539","og_site_name":"Los pol\u00edticos Veracruz","article_publisher":"https:\/\/www.facebook.com\/people\/Notimemes-de-los-Polticos\/61565672886568\/","article_published_time":"2025-07-09T12:08:10+00:00","article_modified_time":"2025-07-09T12:08:26+00:00","og_image":[{"width":600,"height":320,"url":"https:\/\/lospoliticosveracruz.com\/wp-content\/uploads\/2025\/04\/Fanny-Yepez-Luna-e1768657334923.jpg","type":"image\/jpeg"}],"author":"Lo viste en Los Pol\u00edticos","twitter_card":"summary_large_image","twitter_creator":"@LosPoliticosVer","twitter_site":"@LosPoliticosVer","twitter_misc":{"Escrito por":"Lo viste en Los Pol\u00edticos","Tiempo de lectura":"4 minutos"},"schema":{"@context":"https:\/\/schema.org","@graph":[{"@type":"Article","@id":"https:\/\/lospoliticosveracruz.com\/?p=148539#article","isPartOf":{"@id":"https:\/\/lospoliticosveracruz.com\/?p=148539"},"author":{"name":"Lo viste en Los Pol\u00edticos","@id":"https:\/\/lospoliticosveracruz.com\/#\/schema\/person\/b8702bb0e538456e6efd07080bf2a4a2"},"headline":"APLICAR\u00c1N CERNIDOR!","datePublished":"2025-07-09T12:08:10+00:00","dateModified":"2025-07-09T12:08:26+00:00","mainEntityOfPage":{"@id":"https:\/\/lospoliticosveracruz.com\/?p=148539"},"wordCount":847,"publisher":{"@id":"https:\/\/lospoliticosveracruz.com\/#organization"},"image":{"@id":"https:\/\/lospoliticosveracruz.com\/?p=148539#primaryimage"},"thumbnailUrl":"https:\/\/lospoliticosveracruz.com\/wp-content\/uploads\/2025\/04\/Fanny-Yepez-Luna-e1768657334923.jpg","keywords":["Comisi\u00f3n Evaluadora","Morena","Veracruz"],"articleSection":["De Opini\u00f3n"],"inLanguage":"es"},{"@type":"WebPage","@id":"https:\/\/lospoliticosveracruz.com\/?p=148539","url":"https:\/\/lospoliticosveracruz.com\/?p=148539","name":"APLICAR\u00c1N CERNIDOR! - Los pol\u00edticos Veracruz","isPartOf":{"@id":"https:\/\/lospoliticosveracruz.com\/#website"},"primaryImageOfPage":{"@id":"https:\/\/lospoliticosveracruz.com\/?p=148539#primaryimage"},"image":{"@id":"https:\/\/lospoliticosveracruz.com\/?p=148539#primaryimage"},"thumbnailUrl":"https:\/\/lospoliticosveracruz.com\/wp-content\/uploads\/2025\/04\/Fanny-Yepez-Luna-e1768657334923.jpg","datePublished":"2025-07-09T12:08:10+00:00","dateModified":"2025-07-09T12:08:26+00:00","breadcrumb":{"@id":"https:\/\/lospoliticosveracruz.com\/?p=148539#breadcrumb"},"inLanguage":"es","potentialAction":[{"@type":"ReadAction","target":["https:\/\/lospoliticosveracruz.com\/?p=148539"]}]},{"@type":"ImageObject","inLanguage":"es","@id":"https:\/\/lospoliticosveracruz.com\/?p=148539#primaryimage","url":"https:\/\/lospoliticosveracruz.com\/wp-content\/uploads\/2025\/04\/Fanny-Yepez-Luna-e1768657334923.jpg","contentUrl":"https:\/\/lospoliticosveracruz.com\/wp-content\/uploads\/2025\/04\/Fanny-Yepez-Luna-e1768657334923.jpg","width":600,"height":320},{"@type":"BreadcrumbList","@id":"https:\/\/lospoliticosveracruz.com\/?p=148539#breadcrumb","itemListElement":[{"@type":"ListItem","position":1,"name":"Portada","item":"https:\/\/lospoliticosveracruz.com\/"},{"@type":"ListItem","position":2,"name":"APLICAR\u00c1N CERNIDOR!"}]},{"@type":"WebSite","@id":"https:\/\/lospoliticosveracruz.com\/#website","url":"https:\/\/lospoliticosveracruz.com\/","name":"Los pol\u00edticos Veracruz","description":"","publisher":{"@id":"https:\/\/lospoliticosveracruz.com\/#organization"},"potentialAction":[{"@type":"SearchAction","target":{"@type":"EntryPoint","urlTemplate":"https:\/\/lospoliticosveracruz.com\/?s={search_term_string}"},"query-input":{"@type":"PropertyValueSpecification","valueRequired":true,"valueName":"search_term_string"}}],"inLanguage":"es"},{"@type":"Organization","@id":"https:\/\/lospoliticosveracruz.com\/#organization","name":"Los pol\u00edticos Veracruz","url":"https:\/\/lospoliticosveracruz.com\/","logo":{"@type":"ImageObject","inLanguage":"es","@id":"https:\/\/lospoliticosveracruz.com\/#\/schema\/logo\/image\/","url":"https:\/\/lospoliticosveracruz.com\/wp-content\/uploads\/2025\/12\/Logo-Nuevo-LOS-POLITICOS-1.jpg","contentUrl":"https:\/\/lospoliticosveracruz.com\/wp-content\/uploads\/2025\/12\/Logo-Nuevo-LOS-POLITICOS-1.jpg","width":260,"height":70,"caption":"Los pol\u00edticos Veracruz"},"image":{"@id":"https:\/\/lospoliticosveracruz.com\/#\/schema\/logo\/image\/"},"sameAs":["https:\/\/www.facebook.com\/people\/Notimemes-de-los-Polticos\/61565672886568\/","https:\/\/x.com\/LosPoliticosVer"]},{"@type":"Person","@id":"https:\/\/lospoliticosveracruz.com\/#\/schema\/person\/b8702bb0e538456e6efd07080bf2a4a2","name":"Lo viste en Los Pol\u00edticos","image":{"@type":"ImageObject","inLanguage":"es","@id":"https:\/\/secure.gravatar.com\/avatar\/3a8de04a2656d44082be478bd6c086daa447c4651605818287b9532d3d0bd435?s=96&d=mm&r=g","url":"https:\/\/secure.gravatar.com\/avatar\/3a8de04a2656d44082be478bd6c086daa447c4651605818287b9532d3d0bd435?s=96&d=mm&r=g","contentUrl":"https:\/\/secure.gravatar.com\/avatar\/3a8de04a2656d44082be478bd6c086daa447c4651605818287b9532d3d0bd435?s=96&d=mm&r=g","caption":"Lo viste en Los Pol\u00edticos"},"url":"https:\/\/lospoliticosveracruz.com\/?author=2"}]}},"_links":{"self":[{"href":"https:\/\/lospoliticosveracruz.com\/index.php?rest_route=\/wp\/v2\/posts\/148539","targetHints":{"allow":["GET"]}}],"collection":[{"href":"https:\/\/lospoliticosveracruz.com\/index.php?rest_route=\/wp\/v2\/posts"}],"about":[{"href":"https:\/\/lospoliticosveracruz.com\/index.php?rest_route=\/wp\/v2\/types\/post"}],"author":[{"embeddable":true,"href":"https:\/\/lospoliticosveracruz.com\/index.php?rest_route=\/wp\/v2\/users\/2"}],"replies":[{"embeddable":true,"href":"https:\/\/lospoliticosveracruz.com\/index.php?rest_route=%2Fwp%2Fv2%2Fcomments&post=148539"}],"version-history":[{"count":2,"href":"https:\/\/lospoliticosveracruz.com\/index.php?rest_route=\/wp\/v2\/posts\/148539\/revisions"}],"predecessor-version":[{"id":148541,"href":"https:\/\/lospoliticosveracruz.com\/index.php?rest_route=\/wp\/v2\/posts\/148539\/revisions\/148541"}],"wp:featuredmedia":[{"embeddable":true,"href":"https:\/\/lospoliticosveracruz.com\/index.php?rest_route=\/wp\/v2\/media\/141383"}],"wp:attachment":[{"href":"https:\/\/lospoliticosveracruz.com\/index.php?rest_route=%2Fwp%2Fv2%2Fmedia&parent=148539"}],"wp:term":[{"taxonomy":"category","embeddable":true,"href":"https:\/\/lospoliticosveracruz.com\/index.php?rest_route=%2Fwp%2Fv2%2Fcategories&post=148539"},{"taxonomy":"post_tag","embeddable":true,"href":"https:\/\/lospoliticosveracruz.com\/index.php?rest_route=%2Fwp%2Fv2%2Ftags&post=148539"}],"curies":[{"name":"wp","href":"https:\/\/api.w.org\/{rel}","templated":true}]}}