{"id":148564,"date":"2025-07-09T13:59:58","date_gmt":"2025-07-09T18:59:58","guid":{"rendered":"https:\/\/lospoliticosveracruz.com.mx\/?p=148564"},"modified":"2025-07-09T14:00:12","modified_gmt":"2025-07-09T19:00:12","slug":"la-gentrificacion-y-la-migracion","status":"publish","type":"post","link":"https:\/\/lospoliticosveracruz.com\/?p=148564","title":{"rendered":"LA GENTRIFICACI\u00d3N Y LA MIGRACI\u00d3N"},"content":{"rendered":"\n\n\n<p><strong>Mara Iliana Cruz Pastrana<\/strong><\/p>\n\n\n\n<p>La gentrificaci\u00f3n y la migraci\u00f3n son dos fen\u00f3menos que han estado presentes en la ciudad moderna durante d\u00e9cadas. Aunque pueden parecer dos temas separados, en realidad est\u00e1n estrechamente relacionados.<\/p>\n\n\n\n<p><strong>\u00bfQu\u00e9 es la gentrificaci\u00f3n?<\/strong><\/p>\n\n\n\n<p>La gentrificaci\u00f3n es un proceso de transformaci\u00f3n urbana que implica la llegada de nuevos residentes y negocios a un barrio o \u00e1rea que anteriormente era considerada marginal o de bajos ingresos. Esto puede llevar a un aumento en el valor de la propiedad, la renta y los precios de los bienes y servicios. Aunque la gentrificaci\u00f3n puede traer beneficios econ\u00f3micos y mejoras en la infraestructura, tambi\u00e9n puede desplazar a los residentes y negocios locales que no pueden pagar los nuevos precios.<\/p>\n\n\n\n<p><strong>\u00bfQu\u00e9 es la migraci\u00f3n?<\/strong><\/p>\n\n\n\n<p>La migraci\u00f3n es el movimiento de personas de un lugar a otro, ya sea dentro de un pa\u00eds o entre pa\u00edses. La migraci\u00f3n puede ser voluntaria o forzada, y puede ser motivada por factores econ\u00f3micos, pol\u00edticos, sociales o ambientales. En las ciudades modernas, la migraci\u00f3n puede ser una fuente de diversidad y riqueza cultural, pero tambi\u00e9n puede generar tensiones y desaf\u00edos para los residentes y los servicios p\u00fablicos.<\/p>\n\n\n\n<p><strong>La intersecci\u00f3n entre la gentrificaci\u00f3n y la migraci\u00f3n<\/strong><\/p>\n\n\n\n<p>La gentrificaci\u00f3n y la migraci\u00f3n se entrelazan en las ciudades modernas de varias maneras. Por un lado, la gentrificaci\u00f3n puede atraer a nuevos residentes y negocios, lo que puede incluir a migrantes que buscan oportunidades econ\u00f3micas y una mejor calidad de vida. Sin embargo, la gentrificaci\u00f3n tambi\u00e9n puede desplazar a los residentes y negocios locales que no pueden pagar los nuevos precios, lo que puede incluir a migrantes que ya viven en la comunidad.<\/p>\n\n\n\n<p>Adem\u00e1s, la gentrificaci\u00f3n puede cambiar la din\u00e1mica cultural y social de las comunidades en las ciudades, lo que puede afectar a los migrantes que se han establecido all\u00ed. Por ejemplo, la llegada de nuevos negocios y residentes puede llevar a la p\u00e9rdida de la identidad cultural y la exclusi\u00f3n de los residentes y negocios locales.<\/p>\n\n\n\n<p>La gentrificaci\u00f3n y la migraci\u00f3n pueden tener implicaciones significativas para los residentes y los negocios locales. Por un lado, la gentrificaci\u00f3n puede traer beneficios econ\u00f3micos y mejoras en la infraestructura, lo que puede mejorar la calidad de vida de los residentes y los negocios locales. Sin embargo, tambi\u00e9n puede desplazar a los residentes y negocios locales que no pueden pagar los nuevos precios, lo que puede generar tensiones y desaf\u00edos para la comunidad.<\/p>\n\n\n\n<p>Adem\u00e1s, la migraci\u00f3n puede generar tensiones y desaf\u00edos para los residentes y los servicios p\u00fablicos, especialmente si no se proporcionan suficientes recursos y apoyo para integrar a los migrantes en la comunidad.<\/p>\n\n\n\n<p><strong>Soluciones y pol\u00edticas<\/strong><\/p>\n\n\n\n<p>Para abordar los desaf\u00edos de la gentrificaci\u00f3n y la migraci\u00f3n, es importante implementar pol\u00edticas espec\u00edficas y soluciones que beneficien a todos los residentes y negocios locales. Algunas posibles soluciones ser\u00edan:<br>\u2022\u2060 \u2060Programas de vivienda asequible para ayudar a los residentes y negocios locales a mantener sus hogares y negocios en el barrio.<br>\u2022\u2060 \u2060Inversi\u00f3n en infraestructura comunitaria, como parques, centros comunitarios y servicios de salud, que adem\u00e1s puede ayudar a mejorar la calidad de vida de los residentes y los negocios ya establecidos.<br>\u2022\u2060 \u2060Los gobiernos locales pueden proporcionar apoyo a los negocios locales, como pr\u00e9stamos y capacitaci\u00f3n, para ayudarlos a competir con los nuevos negocios que llegan a competir.<br>\u2022\u2060 \u2060Pol\u00edticas de integraci\u00f3n para ayudar a los migrantes a establecerse en la comunidad y acceder a los servicios p\u00fablicos y recursos necesarios.<\/p>\n\n\n\n<p>Podemos concluir que la gentrificaci\u00f3n y la migraci\u00f3n son dos fen\u00f3menos que se entrelazan en la ciudad moderna. Aunque pueden traer beneficios econ\u00f3micos y culturales, tambi\u00e9n pueden generar tensiones y desaf\u00edos para los residentes y los negocios locales. Para abordar estos desaf\u00edos, es importante implementar pol\u00edticas y soluciones que beneficien a todos. Al trabajar juntos, se pueden crear comunidades m\u00e1s inclusivas y equitativas para todos.<\/p>\n","protected":false},"excerpt":{"rendered":"<p>Mara Iliana Cruz Pastrana La gentrificaci\u00f3n y la migraci\u00f3n son dos fen\u00f3menos que han estado presentes en la ciudad moderna durante d\u00e9cadas. Aunque pueden parecer dos temas separados, en realidad est\u00e1n estrechamente relacionados. \u00bfQu\u00e9 es la gentrificaci\u00f3n? La gentrificaci\u00f3n es un proceso de transformaci\u00f3n urbana que implica la llegada de nuevos residentes y negocios a [&hellip;]<\/p>\n","protected":false},"author":2,"featured_media":141401,"comment_status":"closed","ping_status":"closed","sticky":false,"template":"","format":"standard","meta":{"tdm_status":"","tdm_grid_status":"","footnotes":""},"categories":[70],"tags":[42836],"class_list":{"0":"post-148564","1":"post","2":"type-post","3":"status-publish","4":"format-standard","5":"has-post-thumbnail","7":"category-de-opinion","8":"tag-mara-iliana-cruz-pastrana"},"yoast_head":"<!-- This site is optimized with the Yoast SEO plugin v27.4 - https:\/\/yoast.com\/product\/yoast-seo-wordpress\/ -->\n<title>LA GENTRIFICACI\u00d3N Y LA MIGRACI\u00d3N - Los pol\u00edticos Veracruz<\/title>\n<meta name=\"robots\" content=\"index, follow, max-snippet:-1, max-image-preview:large, max-video-preview:-1\" \/>\n<link rel=\"canonical\" href=\"https:\/\/lospoliticosveracruz.com\/?p=148564\" \/>\n<meta property=\"og:locale\" content=\"es_ES\" \/>\n<meta property=\"og:type\" content=\"article\" \/>\n<meta property=\"og:title\" content=\"LA GENTRIFICACI\u00d3N Y LA MIGRACI\u00d3N - Los pol\u00edticos Veracruz\" \/>\n<meta property=\"og:description\" content=\"Mara Iliana Cruz Pastrana La gentrificaci\u00f3n y la migraci\u00f3n son dos fen\u00f3menos que han estado presentes en la ciudad moderna durante d\u00e9cadas. Aunque pueden parecer dos temas separados, en realidad est\u00e1n estrechamente relacionados. \u00bfQu\u00e9 es la gentrificaci\u00f3n? La gentrificaci\u00f3n es un proceso de transformaci\u00f3n urbana que implica la llegada de nuevos residentes y negocios a [&hellip;]\" \/>\n<meta property=\"og:url\" content=\"https:\/\/lospoliticosveracruz.com\/?p=148564\" \/>\n<meta property=\"og:site_name\" content=\"Los pol\u00edticos Veracruz\" \/>\n<meta property=\"article:publisher\" content=\"https:\/\/www.facebook.com\/people\/Notimemes-de-los-Polticos\/61565672886568\/\" \/>\n<meta property=\"article:published_time\" content=\"2025-07-09T18:59:58+00:00\" \/>\n<meta property=\"article:modified_time\" content=\"2025-07-09T19:00:12+00:00\" \/>\n<meta property=\"og:image\" content=\"https:\/\/lospoliticosveracruz.com\/wp-content\/uploads\/2025\/04\/Mara-Cruz-Pastrana.jpg\" \/>\n\t<meta property=\"og:image:width\" content=\"1250\" \/>\n\t<meta property=\"og:image:height\" content=\"667\" \/>\n\t<meta property=\"og:image:type\" content=\"image\/jpeg\" \/>\n<meta name=\"author\" content=\"Lo viste en Los Pol\u00edticos\" \/>\n<meta name=\"twitter:card\" content=\"summary_large_image\" \/>\n<meta name=\"twitter:creator\" content=\"@LosPoliticosVer\" \/>\n<meta name=\"twitter:site\" content=\"@LosPoliticosVer\" \/>\n<meta name=\"twitter:label1\" content=\"Escrito por\" \/>\n\t<meta name=\"twitter:data1\" content=\"Lo viste en Los Pol\u00edticos\" \/>\n\t<meta name=\"twitter:label2\" content=\"Tiempo de lectura\" \/>\n\t<meta name=\"twitter:data2\" content=\"3 minutos\" \/>\n<script type=\"application\/ld+json\" class=\"yoast-schema-graph\">{\"@context\":\"https:\\\/\\\/schema.org\",\"@graph\":[{\"@type\":\"Article\",\"@id\":\"https:\\\/\\\/lospoliticosveracruz.com\\\/?p=148564#article\",\"isPartOf\":{\"@id\":\"https:\\\/\\\/lospoliticosveracruz.com\\\/?p=148564\"},\"author\":{\"name\":\"Lo viste en Los Pol\u00edticos\",\"@id\":\"https:\\\/\\\/lospoliticosveracruz.com\\\/#\\\/schema\\\/person\\\/b8702bb0e538456e6efd07080bf2a4a2\"},\"headline\":\"LA GENTRIFICACI\u00d3N Y LA MIGRACI\u00d3N\",\"datePublished\":\"2025-07-09T18:59:58+00:00\",\"dateModified\":\"2025-07-09T19:00:12+00:00\",\"mainEntityOfPage\":{\"@id\":\"https:\\\/\\\/lospoliticosveracruz.com\\\/?p=148564\"},\"wordCount\":705,\"publisher\":{\"@id\":\"https:\\\/\\\/lospoliticosveracruz.com\\\/#organization\"},\"image\":{\"@id\":\"https:\\\/\\\/lospoliticosveracruz.com\\\/?p=148564#primaryimage\"},\"thumbnailUrl\":\"https:\\\/\\\/lospoliticosveracruz.com\\\/wp-content\\\/uploads\\\/2025\\\/04\\\/Mara-Cruz-Pastrana.jpg\",\"keywords\":[\"Mara Iliana Cruz Pastrana\"],\"articleSection\":[\"De Opini\u00f3n\"],\"inLanguage\":\"es\"},{\"@type\":\"WebPage\",\"@id\":\"https:\\\/\\\/lospoliticosveracruz.com\\\/?p=148564\",\"url\":\"https:\\\/\\\/lospoliticosveracruz.com\\\/?p=148564\",\"name\":\"LA GENTRIFICACI\u00d3N Y LA MIGRACI\u00d3N - Los pol\u00edticos Veracruz\",\"isPartOf\":{\"@id\":\"https:\\\/\\\/lospoliticosveracruz.com\\\/#website\"},\"primaryImageOfPage\":{\"@id\":\"https:\\\/\\\/lospoliticosveracruz.com\\\/?p=148564#primaryimage\"},\"image\":{\"@id\":\"https:\\\/\\\/lospoliticosveracruz.com\\\/?p=148564#primaryimage\"},\"thumbnailUrl\":\"https:\\\/\\\/lospoliticosveracruz.com\\\/wp-content\\\/uploads\\\/2025\\\/04\\\/Mara-Cruz-Pastrana.jpg\",\"datePublished\":\"2025-07-09T18:59:58+00:00\",\"dateModified\":\"2025-07-09T19:00:12+00:00\",\"breadcrumb\":{\"@id\":\"https:\\\/\\\/lospoliticosveracruz.com\\\/?p=148564#breadcrumb\"},\"inLanguage\":\"es\",\"potentialAction\":[{\"@type\":\"ReadAction\",\"target\":[\"https:\\\/\\\/lospoliticosveracruz.com\\\/?p=148564\"]}]},{\"@type\":\"ImageObject\",\"inLanguage\":\"es\",\"@id\":\"https:\\\/\\\/lospoliticosveracruz.com\\\/?p=148564#primaryimage\",\"url\":\"https:\\\/\\\/lospoliticosveracruz.com\\\/wp-content\\\/uploads\\\/2025\\\/04\\\/Mara-Cruz-Pastrana.jpg\",\"contentUrl\":\"https:\\\/\\\/lospoliticosveracruz.com\\\/wp-content\\\/uploads\\\/2025\\\/04\\\/Mara-Cruz-Pastrana.jpg\",\"width\":1250,\"height\":667},{\"@type\":\"BreadcrumbList\",\"@id\":\"https:\\\/\\\/lospoliticosveracruz.com\\\/?p=148564#breadcrumb\",\"itemListElement\":[{\"@type\":\"ListItem\",\"position\":1,\"name\":\"Portada\",\"item\":\"https:\\\/\\\/lospoliticosveracruz.com\\\/\"},{\"@type\":\"ListItem\",\"position\":2,\"name\":\"LA GENTRIFICACI\u00d3N Y LA MIGRACI\u00d3N\"}]},{\"@type\":\"WebSite\",\"@id\":\"https:\\\/\\\/lospoliticosveracruz.com\\\/#website\",\"url\":\"https:\\\/\\\/lospoliticosveracruz.com\\\/\",\"name\":\"Los pol\u00edticos Veracruz\",\"description\":\"\",\"publisher\":{\"@id\":\"https:\\\/\\\/lospoliticosveracruz.com\\\/#organization\"},\"potentialAction\":[{\"@type\":\"SearchAction\",\"target\":{\"@type\":\"EntryPoint\",\"urlTemplate\":\"https:\\\/\\\/lospoliticosveracruz.com\\\/?s={search_term_string}\"},\"query-input\":{\"@type\":\"PropertyValueSpecification\",\"valueRequired\":true,\"valueName\":\"search_term_string\"}}],\"inLanguage\":\"es\"},{\"@type\":\"Organization\",\"@id\":\"https:\\\/\\\/lospoliticosveracruz.com\\\/#organization\",\"name\":\"Los pol\u00edticos Veracruz\",\"url\":\"https:\\\/\\\/lospoliticosveracruz.com\\\/\",\"logo\":{\"@type\":\"ImageObject\",\"inLanguage\":\"es\",\"@id\":\"https:\\\/\\\/lospoliticosveracruz.com\\\/#\\\/schema\\\/logo\\\/image\\\/\",\"url\":\"https:\\\/\\\/lospoliticosveracruz.com\\\/wp-content\\\/uploads\\\/2025\\\/12\\\/Logo-Nuevo-LOS-POLITICOS-1.jpg\",\"contentUrl\":\"https:\\\/\\\/lospoliticosveracruz.com\\\/wp-content\\\/uploads\\\/2025\\\/12\\\/Logo-Nuevo-LOS-POLITICOS-1.jpg\",\"width\":260,\"height\":70,\"caption\":\"Los pol\u00edticos Veracruz\"},\"image\":{\"@id\":\"https:\\\/\\\/lospoliticosveracruz.com\\\/#\\\/schema\\\/logo\\\/image\\\/\"},\"sameAs\":[\"https:\\\/\\\/www.facebook.com\\\/people\\\/Notimemes-de-los-Polticos\\\/61565672886568\\\/\",\"https:\\\/\\\/x.com\\\/LosPoliticosVer\"]},{\"@type\":\"Person\",\"@id\":\"https:\\\/\\\/lospoliticosveracruz.com\\\/#\\\/schema\\\/person\\\/b8702bb0e538456e6efd07080bf2a4a2\",\"name\":\"Lo viste en Los Pol\u00edticos\",\"image\":{\"@type\":\"ImageObject\",\"inLanguage\":\"es\",\"@id\":\"https:\\\/\\\/secure.gravatar.com\\\/avatar\\\/3a8de04a2656d44082be478bd6c086daa447c4651605818287b9532d3d0bd435?s=96&d=mm&r=g\",\"url\":\"https:\\\/\\\/secure.gravatar.com\\\/avatar\\\/3a8de04a2656d44082be478bd6c086daa447c4651605818287b9532d3d0bd435?s=96&d=mm&r=g\",\"contentUrl\":\"https:\\\/\\\/secure.gravatar.com\\\/avatar\\\/3a8de04a2656d44082be478bd6c086daa447c4651605818287b9532d3d0bd435?s=96&d=mm&r=g\",\"caption\":\"Lo viste en Los Pol\u00edticos\"},\"url\":\"https:\\\/\\\/lospoliticosveracruz.com\\\/?author=2\"}]}<\/script>\n<!-- \/ Yoast SEO plugin. -->","yoast_head_json":{"title":"LA GENTRIFICACI\u00d3N Y LA MIGRACI\u00d3N - Los pol\u00edticos Veracruz","robots":{"index":"index","follow":"follow","max-snippet":"max-snippet:-1","max-image-preview":"max-image-preview:large","max-video-preview":"max-video-preview:-1"},"canonical":"https:\/\/lospoliticosveracruz.com\/?p=148564","og_locale":"es_ES","og_type":"article","og_title":"LA GENTRIFICACI\u00d3N Y LA MIGRACI\u00d3N - Los pol\u00edticos Veracruz","og_description":"Mara Iliana Cruz Pastrana La gentrificaci\u00f3n y la migraci\u00f3n son dos fen\u00f3menos que han estado presentes en la ciudad moderna durante d\u00e9cadas. Aunque pueden parecer dos temas separados, en realidad est\u00e1n estrechamente relacionados. \u00bfQu\u00e9 es la gentrificaci\u00f3n? La gentrificaci\u00f3n es un proceso de transformaci\u00f3n urbana que implica la llegada de nuevos residentes y negocios a [&hellip;]","og_url":"https:\/\/lospoliticosveracruz.com\/?p=148564","og_site_name":"Los pol\u00edticos Veracruz","article_publisher":"https:\/\/www.facebook.com\/people\/Notimemes-de-los-Polticos\/61565672886568\/","article_published_time":"2025-07-09T18:59:58+00:00","article_modified_time":"2025-07-09T19:00:12+00:00","og_image":[{"width":1250,"height":667,"url":"https:\/\/lospoliticosveracruz.com\/wp-content\/uploads\/2025\/04\/Mara-Cruz-Pastrana.jpg","type":"image\/jpeg"}],"author":"Lo viste en Los Pol\u00edticos","twitter_card":"summary_large_image","twitter_creator":"@LosPoliticosVer","twitter_site":"@LosPoliticosVer","twitter_misc":{"Escrito por":"Lo viste en Los Pol\u00edticos","Tiempo de lectura":"3 minutos"},"schema":{"@context":"https:\/\/schema.org","@graph":[{"@type":"Article","@id":"https:\/\/lospoliticosveracruz.com\/?p=148564#article","isPartOf":{"@id":"https:\/\/lospoliticosveracruz.com\/?p=148564"},"author":{"name":"Lo viste en Los Pol\u00edticos","@id":"https:\/\/lospoliticosveracruz.com\/#\/schema\/person\/b8702bb0e538456e6efd07080bf2a4a2"},"headline":"LA GENTRIFICACI\u00d3N Y LA MIGRACI\u00d3N","datePublished":"2025-07-09T18:59:58+00:00","dateModified":"2025-07-09T19:00:12+00:00","mainEntityOfPage":{"@id":"https:\/\/lospoliticosveracruz.com\/?p=148564"},"wordCount":705,"publisher":{"@id":"https:\/\/lospoliticosveracruz.com\/#organization"},"image":{"@id":"https:\/\/lospoliticosveracruz.com\/?p=148564#primaryimage"},"thumbnailUrl":"https:\/\/lospoliticosveracruz.com\/wp-content\/uploads\/2025\/04\/Mara-Cruz-Pastrana.jpg","keywords":["Mara Iliana Cruz Pastrana"],"articleSection":["De Opini\u00f3n"],"inLanguage":"es"},{"@type":"WebPage","@id":"https:\/\/lospoliticosveracruz.com\/?p=148564","url":"https:\/\/lospoliticosveracruz.com\/?p=148564","name":"LA GENTRIFICACI\u00d3N Y LA MIGRACI\u00d3N - Los pol\u00edticos Veracruz","isPartOf":{"@id":"https:\/\/lospoliticosveracruz.com\/#website"},"primaryImageOfPage":{"@id":"https:\/\/lospoliticosveracruz.com\/?p=148564#primaryimage"},"image":{"@id":"https:\/\/lospoliticosveracruz.com\/?p=148564#primaryimage"},"thumbnailUrl":"https:\/\/lospoliticosveracruz.com\/wp-content\/uploads\/2025\/04\/Mara-Cruz-Pastrana.jpg","datePublished":"2025-07-09T18:59:58+00:00","dateModified":"2025-07-09T19:00:12+00:00","breadcrumb":{"@id":"https:\/\/lospoliticosveracruz.com\/?p=148564#breadcrumb"},"inLanguage":"es","potentialAction":[{"@type":"ReadAction","target":["https:\/\/lospoliticosveracruz.com\/?p=148564"]}]},{"@type":"ImageObject","inLanguage":"es","@id":"https:\/\/lospoliticosveracruz.com\/?p=148564#primaryimage","url":"https:\/\/lospoliticosveracruz.com\/wp-content\/uploads\/2025\/04\/Mara-Cruz-Pastrana.jpg","contentUrl":"https:\/\/lospoliticosveracruz.com\/wp-content\/uploads\/2025\/04\/Mara-Cruz-Pastrana.jpg","width":1250,"height":667},{"@type":"BreadcrumbList","@id":"https:\/\/lospoliticosveracruz.com\/?p=148564#breadcrumb","itemListElement":[{"@type":"ListItem","position":1,"name":"Portada","item":"https:\/\/lospoliticosveracruz.com\/"},{"@type":"ListItem","position":2,"name":"LA GENTRIFICACI\u00d3N Y LA MIGRACI\u00d3N"}]},{"@type":"WebSite","@id":"https:\/\/lospoliticosveracruz.com\/#website","url":"https:\/\/lospoliticosveracruz.com\/","name":"Los pol\u00edticos Veracruz","description":"","publisher":{"@id":"https:\/\/lospoliticosveracruz.com\/#organization"},"potentialAction":[{"@type":"SearchAction","target":{"@type":"EntryPoint","urlTemplate":"https:\/\/lospoliticosveracruz.com\/?s={search_term_string}"},"query-input":{"@type":"PropertyValueSpecification","valueRequired":true,"valueName":"search_term_string"}}],"inLanguage":"es"},{"@type":"Organization","@id":"https:\/\/lospoliticosveracruz.com\/#organization","name":"Los pol\u00edticos Veracruz","url":"https:\/\/lospoliticosveracruz.com\/","logo":{"@type":"ImageObject","inLanguage":"es","@id":"https:\/\/lospoliticosveracruz.com\/#\/schema\/logo\/image\/","url":"https:\/\/lospoliticosveracruz.com\/wp-content\/uploads\/2025\/12\/Logo-Nuevo-LOS-POLITICOS-1.jpg","contentUrl":"https:\/\/lospoliticosveracruz.com\/wp-content\/uploads\/2025\/12\/Logo-Nuevo-LOS-POLITICOS-1.jpg","width":260,"height":70,"caption":"Los pol\u00edticos Veracruz"},"image":{"@id":"https:\/\/lospoliticosveracruz.com\/#\/schema\/logo\/image\/"},"sameAs":["https:\/\/www.facebook.com\/people\/Notimemes-de-los-Polticos\/61565672886568\/","https:\/\/x.com\/LosPoliticosVer"]},{"@type":"Person","@id":"https:\/\/lospoliticosveracruz.com\/#\/schema\/person\/b8702bb0e538456e6efd07080bf2a4a2","name":"Lo viste en Los Pol\u00edticos","image":{"@type":"ImageObject","inLanguage":"es","@id":"https:\/\/secure.gravatar.com\/avatar\/3a8de04a2656d44082be478bd6c086daa447c4651605818287b9532d3d0bd435?s=96&d=mm&r=g","url":"https:\/\/secure.gravatar.com\/avatar\/3a8de04a2656d44082be478bd6c086daa447c4651605818287b9532d3d0bd435?s=96&d=mm&r=g","contentUrl":"https:\/\/secure.gravatar.com\/avatar\/3a8de04a2656d44082be478bd6c086daa447c4651605818287b9532d3d0bd435?s=96&d=mm&r=g","caption":"Lo viste en Los Pol\u00edticos"},"url":"https:\/\/lospoliticosveracruz.com\/?author=2"}]}},"_links":{"self":[{"href":"https:\/\/lospoliticosveracruz.com\/index.php?rest_route=\/wp\/v2\/posts\/148564","targetHints":{"allow":["GET"]}}],"collection":[{"href":"https:\/\/lospoliticosveracruz.com\/index.php?rest_route=\/wp\/v2\/posts"}],"about":[{"href":"https:\/\/lospoliticosveracruz.com\/index.php?rest_route=\/wp\/v2\/types\/post"}],"author":[{"embeddable":true,"href":"https:\/\/lospoliticosveracruz.com\/index.php?rest_route=\/wp\/v2\/users\/2"}],"replies":[{"embeddable":true,"href":"https:\/\/lospoliticosveracruz.com\/index.php?rest_route=%2Fwp%2Fv2%2Fcomments&post=148564"}],"version-history":[{"count":1,"href":"https:\/\/lospoliticosveracruz.com\/index.php?rest_route=\/wp\/v2\/posts\/148564\/revisions"}],"predecessor-version":[{"id":148565,"href":"https:\/\/lospoliticosveracruz.com\/index.php?rest_route=\/wp\/v2\/posts\/148564\/revisions\/148565"}],"wp:featuredmedia":[{"embeddable":true,"href":"https:\/\/lospoliticosveracruz.com\/index.php?rest_route=\/wp\/v2\/media\/141401"}],"wp:attachment":[{"href":"https:\/\/lospoliticosveracruz.com\/index.php?rest_route=%2Fwp%2Fv2%2Fmedia&parent=148564"}],"wp:term":[{"taxonomy":"category","embeddable":true,"href":"https:\/\/lospoliticosveracruz.com\/index.php?rest_route=%2Fwp%2Fv2%2Fcategories&post=148564"},{"taxonomy":"post_tag","embeddable":true,"href":"https:\/\/lospoliticosveracruz.com\/index.php?rest_route=%2Fwp%2Fv2%2Ftags&post=148564"}],"curies":[{"name":"wp","href":"https:\/\/api.w.org\/{rel}","templated":true}]}}