{"id":148601,"date":"2025-07-09T20:25:25","date_gmt":"2025-07-10T01:25:25","guid":{"rendered":"https:\/\/lospoliticosveracruz.com.mx\/?p=148601"},"modified":"2025-07-09T20:25:43","modified_gmt":"2025-07-10T01:25:43","slug":"nahle-mano-firme-en-veracruz","status":"publish","type":"post","link":"https:\/\/lospoliticosveracruz.com\/?p=148601","title":{"rendered":"NAHLE, MANO FIRME EN VERACRUZ"},"content":{"rendered":"\n\n\n<p><br><strong>Iv\u00e1n Calder\u00f3n<\/strong><\/p>\n\n\n\n<p><em>Perfilando<\/em><\/p>\n\n\n\n<p>La reciente reuni\u00f3n entre la gobernadora Roc\u00edo Nahle con los integrantes del Poder Judicial de Veracruz, incluidos quienes conformar\u00e1n el \u00f3rgano administrativo y el \u00f3rgano de disciplina, no vino a ser un simple acto protocolario. Al contrario, fue, m\u00e1s bien, una se\u00f1al contundente de que en Veracruz hay mando, hay conducci\u00f3n, y, sobre todo: Gobernadora.<\/p>\n\n\n\n<p>La explico.<\/p>\n\n\n\n<p>Aunque el Poder Judicial es un poder aut\u00f3nomo, lo cierto es que bajo esta administraci\u00f3n existe coordinaci\u00f3n, di\u00e1logo, as\u00ed como operaci\u00f3n pol\u00edtica, y lo que antes era sin\u00f3nimo de confrontaci\u00f3n o distanciamiento institucional, hoy representa un canal de trabajo conjunto con visi\u00f3n de Estado.<\/p>\n\n\n\n<p>Desde el primer d\u00eda de su gesti\u00f3n, Roc\u00edo Nahle ha dejado claro que no permitir\u00e1 el desgobierno que imper\u00f3 en varias \u00e1reas del Ejecutivo, donde cada quien hac\u00eda lo que quer\u00eda, sin coordinaci\u00f3n o responsabilidad.<\/p>\n\n\n\n<p>Hoy, la realidad es otra, la mandataria veracruzana no s\u00f3lo observa, sino que decide, ordena y ejecuta.<\/p>\n\n\n\n<p>Incluso as\u00ed ha sido en el sector educativo, donde el reciente nombramiento de David Jim\u00e9nez Rojas como subsecretario de Educaci\u00f3n Media Superior no fue casual, fue parte de una estrategia clara para profesionalizar y alinear a todo el aparato institucional con el nuevo proyecto estatal. David Jim\u00e9nez no lleg\u00f3 por cuota ni por capricho, sino como parte de una estructura que responde al liderazgo de la primera mujer en gobernar Veracruz, qui\u00e9n tambi\u00e9n ya se coordin\u00f3 con l\u00edderes magisteriales del Estado, sacando el trabajo en la SEV junto con su titular Claudia Tello.<\/p>\n\n\n\n<p>De esta manera, lo ocurrido en el Poder Judicial es tambi\u00e9n reflejo de esa misma l\u00f3gica: Nahle no interviene, pero s\u00ed influye y su influencia no es menor, es la de una mujer con experiencia en el poder federal, con legitimidad en las urnas, y con el car\u00e1cter necesario para recomponer estructuras olvidadas.<\/p>\n\n\n\n<p>Sin lugar a dudas hay gobernadora, y eso se nota en cada movimiento, en cada nombramiento y en cada decisi\u00f3n, y para quienes pensaban que el poder se repartir\u00eda entre tribus, cuotas o intereses, la realidad les pas\u00f3 por encima: en Veracruz, las cosas se mueven, pero al ritmo que se imprime desde Palacio de Gobierno.<\/p>\n\n\n\n<p>POR CIERTO, con la foto publicada por la mandataria veracruzana en sus redes sociales, no hay que perder de vista ni a la magistrada Rosalba Hern\u00e1ndez, ni mucho menos a la actual presidenta del Poder Judicial, Lisbeth Aurelia Jim\u00e9nez Aguirre, qui\u00e9n tendr\u00e1 mucho trabajo por hacer en un futuro cercano.<\/p>\n\n\n\n<p>Esperemos.<\/p>\n\n\n\n<p>@IvanKalderon<\/p>\n","protected":false},"excerpt":{"rendered":"<p>Iv\u00e1n Calder\u00f3n Perfilando La reciente reuni\u00f3n entre la gobernadora Roc\u00edo Nahle con los integrantes del Poder Judicial de Veracruz, incluidos quienes conformar\u00e1n el \u00f3rgano administrativo y el \u00f3rgano de disciplina, no vino a ser un simple acto protocolario. Al contrario, fue, m\u00e1s bien, una se\u00f1al contundente de que en Veracruz hay mando, hay conducci\u00f3n, y, [&hellip;]<\/p>\n","protected":false},"author":2,"featured_media":141388,"comment_status":"closed","ping_status":"closed","sticky":false,"template":"","format":"standard","meta":{"tdm_status":"","tdm_grid_status":"","footnotes":""},"categories":[70],"tags":[44223],"class_list":{"0":"post-148601","1":"post","2":"type-post","3":"status-publish","4":"format-standard","5":"has-post-thumbnail","7":"category-de-opinion","8":"tag-sev-y-poder-judicial"},"yoast_head":"<!-- This site is optimized with the Yoast SEO plugin v27.4 - https:\/\/yoast.com\/product\/yoast-seo-wordpress\/ -->\n<title>NAHLE, MANO FIRME EN VERACRUZ - Los pol\u00edticos Veracruz<\/title>\n<meta name=\"robots\" content=\"index, follow, max-snippet:-1, max-image-preview:large, max-video-preview:-1\" \/>\n<link rel=\"canonical\" href=\"https:\/\/lospoliticosveracruz.com\/?p=148601\" \/>\n<meta property=\"og:locale\" content=\"es_ES\" \/>\n<meta property=\"og:type\" content=\"article\" \/>\n<meta property=\"og:title\" content=\"NAHLE, MANO FIRME EN VERACRUZ - Los pol\u00edticos Veracruz\" \/>\n<meta property=\"og:description\" content=\"Iv\u00e1n Calder\u00f3n Perfilando La reciente reuni\u00f3n entre la gobernadora Roc\u00edo Nahle con los integrantes del Poder Judicial de Veracruz, incluidos quienes conformar\u00e1n el \u00f3rgano administrativo y el \u00f3rgano de disciplina, no vino a ser un simple acto protocolario. Al contrario, fue, m\u00e1s bien, una se\u00f1al contundente de que en Veracruz hay mando, hay conducci\u00f3n, y, [&hellip;]\" \/>\n<meta property=\"og:url\" content=\"https:\/\/lospoliticosveracruz.com\/?p=148601\" \/>\n<meta property=\"og:site_name\" content=\"Los pol\u00edticos Veracruz\" \/>\n<meta property=\"article:publisher\" content=\"https:\/\/www.facebook.com\/people\/Notimemes-de-los-Polticos\/61565672886568\/\" \/>\n<meta property=\"article:published_time\" content=\"2025-07-10T01:25:25+00:00\" \/>\n<meta property=\"article:modified_time\" content=\"2025-07-10T01:25:43+00:00\" \/>\n<meta property=\"og:image\" content=\"https:\/\/lospoliticosveracruz.com\/wp-content\/uploads\/2025\/04\/Ivan-Calderon-Flores.jpg\" \/>\n\t<meta property=\"og:image:width\" content=\"1250\" \/>\n\t<meta property=\"og:image:height\" content=\"667\" \/>\n\t<meta property=\"og:image:type\" content=\"image\/jpeg\" \/>\n<meta name=\"author\" content=\"Lo viste en Los Pol\u00edticos\" \/>\n<meta name=\"twitter:card\" content=\"summary_large_image\" \/>\n<meta name=\"twitter:creator\" content=\"@LosPoliticosVer\" \/>\n<meta name=\"twitter:site\" content=\"@LosPoliticosVer\" \/>\n<meta name=\"twitter:label1\" content=\"Escrito por\" \/>\n\t<meta name=\"twitter:data1\" content=\"Lo viste en Los Pol\u00edticos\" \/>\n\t<meta name=\"twitter:label2\" content=\"Tiempo de lectura\" \/>\n\t<meta name=\"twitter:data2\" content=\"2 minutos\" \/>\n<script type=\"application\/ld+json\" class=\"yoast-schema-graph\">{\"@context\":\"https:\\\/\\\/schema.org\",\"@graph\":[{\"@type\":\"Article\",\"@id\":\"https:\\\/\\\/lospoliticosveracruz.com\\\/?p=148601#article\",\"isPartOf\":{\"@id\":\"https:\\\/\\\/lospoliticosveracruz.com\\\/?p=148601\"},\"author\":{\"name\":\"Lo viste en Los Pol\u00edticos\",\"@id\":\"https:\\\/\\\/lospoliticosveracruz.com\\\/#\\\/schema\\\/person\\\/b8702bb0e538456e6efd07080bf2a4a2\"},\"headline\":\"NAHLE, MANO FIRME EN VERACRUZ\",\"datePublished\":\"2025-07-10T01:25:25+00:00\",\"dateModified\":\"2025-07-10T01:25:43+00:00\",\"mainEntityOfPage\":{\"@id\":\"https:\\\/\\\/lospoliticosveracruz.com\\\/?p=148601\"},\"wordCount\":453,\"publisher\":{\"@id\":\"https:\\\/\\\/lospoliticosveracruz.com\\\/#organization\"},\"image\":{\"@id\":\"https:\\\/\\\/lospoliticosveracruz.com\\\/?p=148601#primaryimage\"},\"thumbnailUrl\":\"https:\\\/\\\/lospoliticosveracruz.com\\\/wp-content\\\/uploads\\\/2025\\\/04\\\/Ivan-Calderon-Flores.jpg\",\"keywords\":[\"SEV y Poder Judicial\"],\"articleSection\":[\"De Opini\u00f3n\"],\"inLanguage\":\"es\"},{\"@type\":\"WebPage\",\"@id\":\"https:\\\/\\\/lospoliticosveracruz.com\\\/?p=148601\",\"url\":\"https:\\\/\\\/lospoliticosveracruz.com\\\/?p=148601\",\"name\":\"NAHLE, MANO FIRME EN VERACRUZ - Los pol\u00edticos Veracruz\",\"isPartOf\":{\"@id\":\"https:\\\/\\\/lospoliticosveracruz.com\\\/#website\"},\"primaryImageOfPage\":{\"@id\":\"https:\\\/\\\/lospoliticosveracruz.com\\\/?p=148601#primaryimage\"},\"image\":{\"@id\":\"https:\\\/\\\/lospoliticosveracruz.com\\\/?p=148601#primaryimage\"},\"thumbnailUrl\":\"https:\\\/\\\/lospoliticosveracruz.com\\\/wp-content\\\/uploads\\\/2025\\\/04\\\/Ivan-Calderon-Flores.jpg\",\"datePublished\":\"2025-07-10T01:25:25+00:00\",\"dateModified\":\"2025-07-10T01:25:43+00:00\",\"breadcrumb\":{\"@id\":\"https:\\\/\\\/lospoliticosveracruz.com\\\/?p=148601#breadcrumb\"},\"inLanguage\":\"es\",\"potentialAction\":[{\"@type\":\"ReadAction\",\"target\":[\"https:\\\/\\\/lospoliticosveracruz.com\\\/?p=148601\"]}]},{\"@type\":\"ImageObject\",\"inLanguage\":\"es\",\"@id\":\"https:\\\/\\\/lospoliticosveracruz.com\\\/?p=148601#primaryimage\",\"url\":\"https:\\\/\\\/lospoliticosveracruz.com\\\/wp-content\\\/uploads\\\/2025\\\/04\\\/Ivan-Calderon-Flores.jpg\",\"contentUrl\":\"https:\\\/\\\/lospoliticosveracruz.com\\\/wp-content\\\/uploads\\\/2025\\\/04\\\/Ivan-Calderon-Flores.jpg\",\"width\":1250,\"height\":667},{\"@type\":\"BreadcrumbList\",\"@id\":\"https:\\\/\\\/lospoliticosveracruz.com\\\/?p=148601#breadcrumb\",\"itemListElement\":[{\"@type\":\"ListItem\",\"position\":1,\"name\":\"Portada\",\"item\":\"https:\\\/\\\/lospoliticosveracruz.com\\\/\"},{\"@type\":\"ListItem\",\"position\":2,\"name\":\"NAHLE, MANO FIRME EN VERACRUZ\"}]},{\"@type\":\"WebSite\",\"@id\":\"https:\\\/\\\/lospoliticosveracruz.com\\\/#website\",\"url\":\"https:\\\/\\\/lospoliticosveracruz.com\\\/\",\"name\":\"Los pol\u00edticos Veracruz\",\"description\":\"\",\"publisher\":{\"@id\":\"https:\\\/\\\/lospoliticosveracruz.com\\\/#organization\"},\"potentialAction\":[{\"@type\":\"SearchAction\",\"target\":{\"@type\":\"EntryPoint\",\"urlTemplate\":\"https:\\\/\\\/lospoliticosveracruz.com\\\/?s={search_term_string}\"},\"query-input\":{\"@type\":\"PropertyValueSpecification\",\"valueRequired\":true,\"valueName\":\"search_term_string\"}}],\"inLanguage\":\"es\"},{\"@type\":\"Organization\",\"@id\":\"https:\\\/\\\/lospoliticosveracruz.com\\\/#organization\",\"name\":\"Los pol\u00edticos Veracruz\",\"url\":\"https:\\\/\\\/lospoliticosveracruz.com\\\/\",\"logo\":{\"@type\":\"ImageObject\",\"inLanguage\":\"es\",\"@id\":\"https:\\\/\\\/lospoliticosveracruz.com\\\/#\\\/schema\\\/logo\\\/image\\\/\",\"url\":\"https:\\\/\\\/lospoliticosveracruz.com\\\/wp-content\\\/uploads\\\/2025\\\/12\\\/Logo-Nuevo-LOS-POLITICOS-1.jpg\",\"contentUrl\":\"https:\\\/\\\/lospoliticosveracruz.com\\\/wp-content\\\/uploads\\\/2025\\\/12\\\/Logo-Nuevo-LOS-POLITICOS-1.jpg\",\"width\":260,\"height\":70,\"caption\":\"Los pol\u00edticos Veracruz\"},\"image\":{\"@id\":\"https:\\\/\\\/lospoliticosveracruz.com\\\/#\\\/schema\\\/logo\\\/image\\\/\"},\"sameAs\":[\"https:\\\/\\\/www.facebook.com\\\/people\\\/Notimemes-de-los-Polticos\\\/61565672886568\\\/\",\"https:\\\/\\\/x.com\\\/LosPoliticosVer\"]},{\"@type\":\"Person\",\"@id\":\"https:\\\/\\\/lospoliticosveracruz.com\\\/#\\\/schema\\\/person\\\/b8702bb0e538456e6efd07080bf2a4a2\",\"name\":\"Lo viste en Los Pol\u00edticos\",\"image\":{\"@type\":\"ImageObject\",\"inLanguage\":\"es\",\"@id\":\"https:\\\/\\\/secure.gravatar.com\\\/avatar\\\/3a8de04a2656d44082be478bd6c086daa447c4651605818287b9532d3d0bd435?s=96&d=mm&r=g\",\"url\":\"https:\\\/\\\/secure.gravatar.com\\\/avatar\\\/3a8de04a2656d44082be478bd6c086daa447c4651605818287b9532d3d0bd435?s=96&d=mm&r=g\",\"contentUrl\":\"https:\\\/\\\/secure.gravatar.com\\\/avatar\\\/3a8de04a2656d44082be478bd6c086daa447c4651605818287b9532d3d0bd435?s=96&d=mm&r=g\",\"caption\":\"Lo viste en Los Pol\u00edticos\"},\"url\":\"https:\\\/\\\/lospoliticosveracruz.com\\\/?author=2\"}]}<\/script>\n<!-- \/ Yoast SEO plugin. -->","yoast_head_json":{"title":"NAHLE, MANO FIRME EN VERACRUZ - Los pol\u00edticos Veracruz","robots":{"index":"index","follow":"follow","max-snippet":"max-snippet:-1","max-image-preview":"max-image-preview:large","max-video-preview":"max-video-preview:-1"},"canonical":"https:\/\/lospoliticosveracruz.com\/?p=148601","og_locale":"es_ES","og_type":"article","og_title":"NAHLE, MANO FIRME EN VERACRUZ - Los pol\u00edticos Veracruz","og_description":"Iv\u00e1n Calder\u00f3n Perfilando La reciente reuni\u00f3n entre la gobernadora Roc\u00edo Nahle con los integrantes del Poder Judicial de Veracruz, incluidos quienes conformar\u00e1n el \u00f3rgano administrativo y el \u00f3rgano de disciplina, no vino a ser un simple acto protocolario. Al contrario, fue, m\u00e1s bien, una se\u00f1al contundente de que en Veracruz hay mando, hay conducci\u00f3n, y, [&hellip;]","og_url":"https:\/\/lospoliticosveracruz.com\/?p=148601","og_site_name":"Los pol\u00edticos Veracruz","article_publisher":"https:\/\/www.facebook.com\/people\/Notimemes-de-los-Polticos\/61565672886568\/","article_published_time":"2025-07-10T01:25:25+00:00","article_modified_time":"2025-07-10T01:25:43+00:00","og_image":[{"width":1250,"height":667,"url":"https:\/\/lospoliticosveracruz.com\/wp-content\/uploads\/2025\/04\/Ivan-Calderon-Flores.jpg","type":"image\/jpeg"}],"author":"Lo viste en Los Pol\u00edticos","twitter_card":"summary_large_image","twitter_creator":"@LosPoliticosVer","twitter_site":"@LosPoliticosVer","twitter_misc":{"Escrito por":"Lo viste en Los Pol\u00edticos","Tiempo de lectura":"2 minutos"},"schema":{"@context":"https:\/\/schema.org","@graph":[{"@type":"Article","@id":"https:\/\/lospoliticosveracruz.com\/?p=148601#article","isPartOf":{"@id":"https:\/\/lospoliticosveracruz.com\/?p=148601"},"author":{"name":"Lo viste en Los Pol\u00edticos","@id":"https:\/\/lospoliticosveracruz.com\/#\/schema\/person\/b8702bb0e538456e6efd07080bf2a4a2"},"headline":"NAHLE, MANO FIRME EN VERACRUZ","datePublished":"2025-07-10T01:25:25+00:00","dateModified":"2025-07-10T01:25:43+00:00","mainEntityOfPage":{"@id":"https:\/\/lospoliticosveracruz.com\/?p=148601"},"wordCount":453,"publisher":{"@id":"https:\/\/lospoliticosveracruz.com\/#organization"},"image":{"@id":"https:\/\/lospoliticosveracruz.com\/?p=148601#primaryimage"},"thumbnailUrl":"https:\/\/lospoliticosveracruz.com\/wp-content\/uploads\/2025\/04\/Ivan-Calderon-Flores.jpg","keywords":["SEV y Poder Judicial"],"articleSection":["De Opini\u00f3n"],"inLanguage":"es"},{"@type":"WebPage","@id":"https:\/\/lospoliticosveracruz.com\/?p=148601","url":"https:\/\/lospoliticosveracruz.com\/?p=148601","name":"NAHLE, MANO FIRME EN VERACRUZ - Los pol\u00edticos Veracruz","isPartOf":{"@id":"https:\/\/lospoliticosveracruz.com\/#website"},"primaryImageOfPage":{"@id":"https:\/\/lospoliticosveracruz.com\/?p=148601#primaryimage"},"image":{"@id":"https:\/\/lospoliticosveracruz.com\/?p=148601#primaryimage"},"thumbnailUrl":"https:\/\/lospoliticosveracruz.com\/wp-content\/uploads\/2025\/04\/Ivan-Calderon-Flores.jpg","datePublished":"2025-07-10T01:25:25+00:00","dateModified":"2025-07-10T01:25:43+00:00","breadcrumb":{"@id":"https:\/\/lospoliticosveracruz.com\/?p=148601#breadcrumb"},"inLanguage":"es","potentialAction":[{"@type":"ReadAction","target":["https:\/\/lospoliticosveracruz.com\/?p=148601"]}]},{"@type":"ImageObject","inLanguage":"es","@id":"https:\/\/lospoliticosveracruz.com\/?p=148601#primaryimage","url":"https:\/\/lospoliticosveracruz.com\/wp-content\/uploads\/2025\/04\/Ivan-Calderon-Flores.jpg","contentUrl":"https:\/\/lospoliticosveracruz.com\/wp-content\/uploads\/2025\/04\/Ivan-Calderon-Flores.jpg","width":1250,"height":667},{"@type":"BreadcrumbList","@id":"https:\/\/lospoliticosveracruz.com\/?p=148601#breadcrumb","itemListElement":[{"@type":"ListItem","position":1,"name":"Portada","item":"https:\/\/lospoliticosveracruz.com\/"},{"@type":"ListItem","position":2,"name":"NAHLE, MANO FIRME EN VERACRUZ"}]},{"@type":"WebSite","@id":"https:\/\/lospoliticosveracruz.com\/#website","url":"https:\/\/lospoliticosveracruz.com\/","name":"Los pol\u00edticos Veracruz","description":"","publisher":{"@id":"https:\/\/lospoliticosveracruz.com\/#organization"},"potentialAction":[{"@type":"SearchAction","target":{"@type":"EntryPoint","urlTemplate":"https:\/\/lospoliticosveracruz.com\/?s={search_term_string}"},"query-input":{"@type":"PropertyValueSpecification","valueRequired":true,"valueName":"search_term_string"}}],"inLanguage":"es"},{"@type":"Organization","@id":"https:\/\/lospoliticosveracruz.com\/#organization","name":"Los pol\u00edticos Veracruz","url":"https:\/\/lospoliticosveracruz.com\/","logo":{"@type":"ImageObject","inLanguage":"es","@id":"https:\/\/lospoliticosveracruz.com\/#\/schema\/logo\/image\/","url":"https:\/\/lospoliticosveracruz.com\/wp-content\/uploads\/2025\/12\/Logo-Nuevo-LOS-POLITICOS-1.jpg","contentUrl":"https:\/\/lospoliticosveracruz.com\/wp-content\/uploads\/2025\/12\/Logo-Nuevo-LOS-POLITICOS-1.jpg","width":260,"height":70,"caption":"Los pol\u00edticos Veracruz"},"image":{"@id":"https:\/\/lospoliticosveracruz.com\/#\/schema\/logo\/image\/"},"sameAs":["https:\/\/www.facebook.com\/people\/Notimemes-de-los-Polticos\/61565672886568\/","https:\/\/x.com\/LosPoliticosVer"]},{"@type":"Person","@id":"https:\/\/lospoliticosveracruz.com\/#\/schema\/person\/b8702bb0e538456e6efd07080bf2a4a2","name":"Lo viste en Los Pol\u00edticos","image":{"@type":"ImageObject","inLanguage":"es","@id":"https:\/\/secure.gravatar.com\/avatar\/3a8de04a2656d44082be478bd6c086daa447c4651605818287b9532d3d0bd435?s=96&d=mm&r=g","url":"https:\/\/secure.gravatar.com\/avatar\/3a8de04a2656d44082be478bd6c086daa447c4651605818287b9532d3d0bd435?s=96&d=mm&r=g","contentUrl":"https:\/\/secure.gravatar.com\/avatar\/3a8de04a2656d44082be478bd6c086daa447c4651605818287b9532d3d0bd435?s=96&d=mm&r=g","caption":"Lo viste en Los Pol\u00edticos"},"url":"https:\/\/lospoliticosveracruz.com\/?author=2"}]}},"_links":{"self":[{"href":"https:\/\/lospoliticosveracruz.com\/index.php?rest_route=\/wp\/v2\/posts\/148601","targetHints":{"allow":["GET"]}}],"collection":[{"href":"https:\/\/lospoliticosveracruz.com\/index.php?rest_route=\/wp\/v2\/posts"}],"about":[{"href":"https:\/\/lospoliticosveracruz.com\/index.php?rest_route=\/wp\/v2\/types\/post"}],"author":[{"embeddable":true,"href":"https:\/\/lospoliticosveracruz.com\/index.php?rest_route=\/wp\/v2\/users\/2"}],"replies":[{"embeddable":true,"href":"https:\/\/lospoliticosveracruz.com\/index.php?rest_route=%2Fwp%2Fv2%2Fcomments&post=148601"}],"version-history":[{"count":2,"href":"https:\/\/lospoliticosveracruz.com\/index.php?rest_route=\/wp\/v2\/posts\/148601\/revisions"}],"predecessor-version":[{"id":148603,"href":"https:\/\/lospoliticosveracruz.com\/index.php?rest_route=\/wp\/v2\/posts\/148601\/revisions\/148603"}],"wp:featuredmedia":[{"embeddable":true,"href":"https:\/\/lospoliticosveracruz.com\/index.php?rest_route=\/wp\/v2\/media\/141388"}],"wp:attachment":[{"href":"https:\/\/lospoliticosveracruz.com\/index.php?rest_route=%2Fwp%2Fv2%2Fmedia&parent=148601"}],"wp:term":[{"taxonomy":"category","embeddable":true,"href":"https:\/\/lospoliticosveracruz.com\/index.php?rest_route=%2Fwp%2Fv2%2Fcategories&post=148601"},{"taxonomy":"post_tag","embeddable":true,"href":"https:\/\/lospoliticosveracruz.com\/index.php?rest_route=%2Fwp%2Fv2%2Ftags&post=148601"}],"curies":[{"name":"wp","href":"https:\/\/api.w.org\/{rel}","templated":true}]}}