{"id":148607,"date":"2025-07-09T21:22:13","date_gmt":"2025-07-10T02:22:13","guid":{"rendered":"https:\/\/lospoliticosveracruz.com.mx\/?p=148607"},"modified":"2025-07-09T21:22:28","modified_gmt":"2025-07-10T02:22:28","slug":"buenas-noticias-de-la-4t","status":"publish","type":"post","link":"https:\/\/lospoliticosveracruz.com\/?p=148607","title":{"rendered":"\u201cBUENAS NOTICIAS\u201d DE LA 4T"},"content":{"rendered":"\n\n\n<p><br><strong>Jos\u00e9 Luis Ortega Vidal<\/strong><\/p>\n\n\n\n<p><em>Claroscuros<\/em><\/p>\n\n\n\n<p>(1)<\/p>\n\n\n\n<p>Dos buenas noticias han trascendido durante las \u00faltimas semanas en torno a inversiones privadas en Veracruz: una en el rubro de fertilizantes y otra en el ramo del gas natural licuado.<\/p>\n\n\n\n<p>La primera inversi\u00f3n estar\u00eda arrancando a fines del 2025 en un terreno de 60 hect\u00e1reas entre Poza Rica y Coatzintla, en la zona totonaca veracruzana, donde Petr\u00f3leos Mexicanos y la firma portuguesa Mota Engil planean instalar una f\u00e1brica de fertilizantes; PEMEX gestiona los permisos ambientales respectivos ante la SEMARNAT. (1)<\/p>\n\n\n\n<p>La planta tendr\u00e1 acceso por el lado de Poza Rica, en cuya demarcaci\u00f3n se ubican cuarenta hect\u00e1reas, mientras que en Coatzintla se ubican las 20 hect\u00e1reas restantes; en este lugar oper\u00f3, d\u00e9cadas atr\u00e1s, el Complejo Petroqu\u00edmico Escol\u00edn de PEMEX.<\/p>\n\n\n\n<p>La inversi\u00f3n ser\u00e1 de 1 mil 553 millones de d\u00f3lares y correr\u00e1 a cargo de Mota Engil.<\/p>\n\n\n\n<p>(2)<\/p>\n\n\n\n<p>La segunda noticia fue confirmada por la empresa mexicana URSUS Energy que invertir\u00e1 450 millones de d\u00f3lares en la creaci\u00f3n de una planta de Gas Natural Licuado (GNL) en el Polo de Desarrollo para el Bienestar \u2013PODEBIS- Coatzacoalcos II.<\/p>\n\n\n\n<p>(3)<\/p>\n\n\n\n<p>Ambos proyectos se inscriben en planes oficiales de alianzas p\u00fablico-privadas anunciados durante el gobierno del ex presidente Andr\u00e9s Manuel L\u00f3pez Obrador.<\/p>\n\n\n\n<p>Aclaro detalles: mientras el plan de crear una f\u00e1brica de fertilizantes en Poza Rica fue un compromiso de AMLO durante su \u00faltimo a\u00f1o de gesti\u00f3n, la instalaci\u00f3n de una planta de Gas Natural Licuado en Coatzacoalcos es un anuncio reciente vinculado \u2013eso s\u00ed- al megaproyecto del Corredor Interoce\u00e1nico del Istmo de Tehuantepec cuyo arranque se dio desde el inicio del sexenio anterior.<\/p>\n\n\n\n<p>(4)<\/p>\n\n\n\n<p>M\u00e1s detalles: nunca hab\u00eda estado tan claro, como hoy, al menos un punto espec\u00edfico sobre la relaci\u00f3n financiera entre el gobierno federal y el sector privado en torno a un proyecto de calado profundo como la f\u00e1brica de fertilizantes en Poza Rica-Coatzintla.<\/p>\n\n\n\n<p>AMLO anunci\u00f3 desde el a\u00f1o 2024 que la inversi\u00f3n en la f\u00e1brica de fertilizantes vendr\u00eda de Mota Engil, empresa portuguesa con la cual su gobierno mantuvo una relaci\u00f3n constante y la hizo participar en la construcci\u00f3n del Tren Maya.<\/p>\n\n\n\n<p>Empero, L\u00f3pez Obrador nunca explic\u00f3 las condiciones de esa inversi\u00f3n, ciertamente extra\u00f1a debido a la pol\u00edtica de rechazo a empresarios en todo lo que tuviera que ver con el rubro energ\u00e9tico donde PEMEX y CFE son cuasi monopolios.<\/p>\n\n\n\n<p>(5)<\/p>\n\n\n\n<p>En octubre del 2024, la presidenta Claudia Sheinbaum ventil\u00f3 la participaci\u00f3n del sector privado en materia energ\u00e9tica pero, advirti\u00f3, ser\u00eda con nuevas reglas:<\/p>\n\n\n\n<p>\u201cLa presidenta Claudia Sheinbaum asegur\u00f3 que la empresa de energ\u00eda Iberdrola seguir\u00e1 (en) el sector energ\u00e9tico nacional pero, aclar\u00f3 que no de la misma forma que lo ven\u00eda haciendo. En este sentido, la mandataria afirm\u00f3 que la reciente iniciativa de reforma constitucional en materia energ\u00e9tica no excluye la inversi\u00f3n privada en el sector energ\u00e9tico, sino que busca priorizar los recursos nacionales en beneficio del pa\u00eds.<\/p>\n\n\n\n<p>Sobre esto, Sheinbaum explic\u00f3 que la inversi\u00f3n privada seguir\u00e1 teniendo espacio en el marco de la nueva reforma constitucional de energ\u00eda, pero, aclar\u00f3, se establecer\u00e1n nuevas reglas para asegurar la estabilidad y seguridad del suministro el\u00e9ctrico en el pa\u00eds.\u201d (2)<\/p>\n\n\n\n<p>Aquella declaraci\u00f3n de Sheinbaum Pardo, si bien se refiri\u00f3 al rubro el\u00e9ctrico, finalmente est\u00e1 relacionada con la participaci\u00f3n de Mota Engil en la puesta en marcha de una planta que busca consolidar el suministro de fertilizante mexicano para nuestro sector agr\u00edcola.<\/p>\n\n\n\n<p>Respecto a la f\u00e1brica de fertilizantes en Poza Rica-Coatzintla, en julio del 2024 se firm\u00f3 un acuerdo entre PEMEX y Mota Engil:<\/p>\n\n\n\n<p>\u201cEl convenio, suscrito por la unidad de la compa\u00f1\u00eda en M\u00e9xico y la filial de la petrolera Pemex Transformaci\u00f3n Industrial (PTI), establece que el cliente entrega las principales materias primas (gas y agua) al operador, quien ser\u00e1 el \u00fanico responsable de su transformaci\u00f3n y de la entrega del producto final.\u201d (3)<\/p>\n\n\n\n<p>Este convenio, suscrito hace un a\u00f1o, nos remite a un dato clave: la conclusi\u00f3n del gasoducto submarino Puerta al Sureste, Tuxpan de Rodr\u00edguez Cano-Coatzacoalcos, concluido en el 2025 por la compa\u00f1\u00eda norteamericana TC Energy y puesto en marcha en mayo pasado.<\/p>\n\n\n\n<p>(6)<\/p>\n\n\n\n<p>A Tuxpan ya llegaba gas natural desde Brownsville, Texas, luego de que TransCanada concluy\u00f3 el primer gasoducto contratado por el gobierno de Enrique Pe\u00f1a Nieto y puesto en operaci\u00f3n desde el 2019, durante el gobierno de Andr\u00e9s Manuel L\u00f3pez Obrador.<\/p>\n\n\n\n<p>Con AMLO, se decidi\u00f3 la continuidad de esta infraestructura que extiende el suministro de gas texano al sur profundo, en playas de Barrillas, Coatzacoalcos.<\/p>\n\n\n\n<p>Es tan elevada la capacidad de transporte y tan grande la producci\u00f3n de este recurso en Estados Unidos, que el primer gasoducto Brownsville-Tuxpan suministra la materia prima al puerto de Altamira, Tamaulipas, y luego desde el puerto tuxpe\u00f1o se env\u00eda el gas a Hidalgo, la ciudad y el estado de M\u00e9xico para atender la demanda de manufactureras de pl\u00e1stico; entre otros clientes y rubros.<\/p>\n\n\n\n<p>Ahora, con el gasoducto Tuxpan-Coatzacoalcos, habr\u00e1 gas natural para Dos Bocas, la CFE en Yucat\u00e1n y los Polos de Desarrollo para el Bienestar (PODEBIS), en el Corredor Interoce\u00e1nico del Istmo de Tehuantepec.<\/p>\n\n\n\n<p>Desde luego, la instalaci\u00f3n de una planta de fertilizantes en Poza Rica no tendr\u00e1 problemas con el suministro de gas por la cercan\u00eda en los municipios pozarricense y tuxpe\u00f1o, separados s\u00f3lo por el municipio de Tihuatl\u00e1n.<\/p>\n\n\n\n<p>(7)<\/p>\n\n\n\n<p>Ahora bien, lo trascendente de estas noticias no queda s\u00f3lo en las inversiones millonarias anunciadas que, al parecer, por fin ser\u00edan una realidad durante los pr\u00f3ximos meses\u2026<\/p>\n\n\n\n<p>Resalta un tema de fondo: el giro en la pol\u00edtica energ\u00e9tica del gobierno mexicano.<\/p>\n\n\n\n<p>El discurso de la soberan\u00eda energ\u00e9tica y el paroxismo muy propio de la 4T en materia de inversi\u00f3n destinada a las industrias el\u00e9ctrica, petrolera, del gas, estar\u00eda arribando a su tope, a su l\u00edmite\u2026<\/p>\n\n\n\n<p>Lo de URSUS Energy en Coatzacoalcos no se sale del gui\u00f3n porque el CIIT siempre ha sido presentado como un megaproyecto destinado a inversiones privadas nacionales e internacionales en los parques industriales llamados PODEBIS.<\/p>\n\n\n\n<p>Pero, lo de Poza Rica-Coatzintla es distinto porque ah\u00ed PEMEX admite su carencia de dinero para hacerse cargo por s\u00ed mismo de construir una manufacturera que estar\u00eda bajo su control.<\/p>\n\n\n\n<p>La f\u00e1brica de fertilizantes ser\u00e1 copropiedad: PEMEX pondr\u00e1 la materia prima y el terreno, mientras que Mota Engil aportar\u00e1 1 mil 553 millones de d\u00f3lares para la construcci\u00f3n y luego se har\u00e1 cargo de la producci\u00f3n del fertilizante.<\/p>\n\n\n\n<p>(8)<\/p>\n\n\n\n<p>\u00bfY el sindicato petrolero?<\/p>\n\n\n\n<p>\u00bfY la Secci\u00f3n 30 del STPRM?<\/p>\n\n\n\n<p>Las empresas privadas invierten para recuperar su dinero y una vez cumplido este objetivo el siguiente paso es obtener ganancias.<\/p>\n\n\n\n<p>Los l\u00edderes sindicales no operan bajo esa l\u00f3gica.<\/p>\n\n\n\n<p>Personajes como Sergio Lorenzo Quiroz y Ricardo Aldana Prieto se han enriquecido en sus cargos; lo negocian todo; son mandamases; son sin\u00f3nimo de corrupci\u00f3n, cacicazgo y explotaci\u00f3n de la clase obrera.<\/p>\n\n\n\n<p>Por tanto, resulta l\u00f3gico pensar que los acuerdos entre PEMEX y Mota Engil para generar cuatro mil empleos directos a lo largo de 33 meses de construcci\u00f3n de la f\u00e1brica de fertilizantes en Poza Rica, as\u00ed como su posterior operaci\u00f3n, no incluyen los intereses&nbsp;&nbsp;funestos de los mafiosos l\u00edderes sindicales petroleros.<\/p>\n\n\n\n<p>(1) Pemex inicia tr\u00e1mite para construir nueva planta de fertilizantes \u2013 C\u00faspide M\u00e9xico<\/p>\n\n\n\n<p>(2) Sheinbaum redefine juego energ\u00e9tico: inversi\u00f3n privada sigue, pero con nuevas reglas &#8211; Revista Fortuna<\/p>\n\n\n\n<p>(3)&nbsp;&nbsp;Mota-Engil firma acuerdo con Pemex para construir una planta de fertilizantes en Veracruz<\/p>\n","protected":false},"excerpt":{"rendered":"<p>Jos\u00e9 Luis Ortega Vidal Claroscuros (1) Dos buenas noticias han trascendido durante las \u00faltimas semanas en torno a inversiones privadas en Veracruz: una en el rubro de fertilizantes y otra en el ramo del gas natural licuado. La primera inversi\u00f3n estar\u00eda arrancando a fines del 2025 en un terreno de 60 hect\u00e1reas entre Poza Rica [&hellip;]<\/p>\n","protected":false},"author":2,"featured_media":141392,"comment_status":"closed","ping_status":"closed","sticky":false,"template":"","format":"standard","meta":{"tdm_status":"","tdm_grid_status":"","footnotes":""},"categories":[70],"tags":[2769],"class_list":{"0":"post-148607","1":"post","2":"type-post","3":"status-publish","4":"format-standard","5":"has-post-thumbnail","7":"category-de-opinion","8":"tag-jose-luis-ortega-vidal"},"yoast_head":"<!-- This site is optimized with the Yoast SEO plugin v27.4 - https:\/\/yoast.com\/product\/yoast-seo-wordpress\/ -->\n<title>\u201cBUENAS NOTICIAS\u201d DE LA 4T - Los pol\u00edticos Veracruz<\/title>\n<meta name=\"robots\" content=\"index, follow, max-snippet:-1, max-image-preview:large, max-video-preview:-1\" \/>\n<link rel=\"canonical\" href=\"https:\/\/lospoliticosveracruz.com\/?p=148607\" \/>\n<meta property=\"og:locale\" content=\"es_ES\" \/>\n<meta property=\"og:type\" content=\"article\" \/>\n<meta property=\"og:title\" content=\"\u201cBUENAS NOTICIAS\u201d DE LA 4T - Los pol\u00edticos Veracruz\" \/>\n<meta property=\"og:description\" content=\"Jos\u00e9 Luis Ortega Vidal Claroscuros (1) Dos buenas noticias han trascendido durante las \u00faltimas semanas en torno a inversiones privadas en Veracruz: una en el rubro de fertilizantes y otra en el ramo del gas natural licuado. La primera inversi\u00f3n estar\u00eda arrancando a fines del 2025 en un terreno de 60 hect\u00e1reas entre Poza Rica [&hellip;]\" \/>\n<meta property=\"og:url\" content=\"https:\/\/lospoliticosveracruz.com\/?p=148607\" \/>\n<meta property=\"og:site_name\" content=\"Los pol\u00edticos Veracruz\" \/>\n<meta property=\"article:publisher\" content=\"https:\/\/www.facebook.com\/people\/Notimemes-de-los-Polticos\/61565672886568\/\" \/>\n<meta property=\"article:published_time\" content=\"2025-07-10T02:22:13+00:00\" \/>\n<meta property=\"article:modified_time\" content=\"2025-07-10T02:22:28+00:00\" \/>\n<meta property=\"og:image\" content=\"https:\/\/lospoliticosveracruz.com\/wp-content\/uploads\/2025\/04\/Jose-Luis-Ortega-Vidal.jpg\" \/>\n\t<meta property=\"og:image:width\" content=\"1250\" \/>\n\t<meta property=\"og:image:height\" content=\"667\" \/>\n\t<meta property=\"og:image:type\" content=\"image\/jpeg\" \/>\n<meta name=\"author\" content=\"Lo viste en Los Pol\u00edticos\" \/>\n<meta name=\"twitter:card\" content=\"summary_large_image\" \/>\n<meta name=\"twitter:creator\" content=\"@LosPoliticosVer\" \/>\n<meta name=\"twitter:site\" content=\"@LosPoliticosVer\" \/>\n<meta name=\"twitter:label1\" content=\"Escrito por\" \/>\n\t<meta name=\"twitter:data1\" content=\"Lo viste en Los Pol\u00edticos\" \/>\n\t<meta name=\"twitter:label2\" content=\"Tiempo de lectura\" \/>\n\t<meta name=\"twitter:data2\" content=\"7 minutos\" \/>\n<script type=\"application\/ld+json\" class=\"yoast-schema-graph\">{\"@context\":\"https:\\\/\\\/schema.org\",\"@graph\":[{\"@type\":\"Article\",\"@id\":\"https:\\\/\\\/lospoliticosveracruz.com\\\/?p=148607#article\",\"isPartOf\":{\"@id\":\"https:\\\/\\\/lospoliticosveracruz.com\\\/?p=148607\"},\"author\":{\"name\":\"Lo viste en Los Pol\u00edticos\",\"@id\":\"https:\\\/\\\/lospoliticosveracruz.com\\\/#\\\/schema\\\/person\\\/b8702bb0e538456e6efd07080bf2a4a2\"},\"headline\":\"\u201cBUENAS NOTICIAS\u201d DE LA 4T\",\"datePublished\":\"2025-07-10T02:22:13+00:00\",\"dateModified\":\"2025-07-10T02:22:28+00:00\",\"mainEntityOfPage\":{\"@id\":\"https:\\\/\\\/lospoliticosveracruz.com\\\/?p=148607\"},\"wordCount\":1306,\"publisher\":{\"@id\":\"https:\\\/\\\/lospoliticosveracruz.com\\\/#organization\"},\"image\":{\"@id\":\"https:\\\/\\\/lospoliticosveracruz.com\\\/?p=148607#primaryimage\"},\"thumbnailUrl\":\"https:\\\/\\\/lospoliticosveracruz.com\\\/wp-content\\\/uploads\\\/2025\\\/04\\\/Jose-Luis-Ortega-Vidal.jpg\",\"keywords\":[\"Jos\u00e9 Luis Ortega Vidal\"],\"articleSection\":[\"De Opini\u00f3n\"],\"inLanguage\":\"es\"},{\"@type\":\"WebPage\",\"@id\":\"https:\\\/\\\/lospoliticosveracruz.com\\\/?p=148607\",\"url\":\"https:\\\/\\\/lospoliticosveracruz.com\\\/?p=148607\",\"name\":\"\u201cBUENAS NOTICIAS\u201d DE LA 4T - Los pol\u00edticos Veracruz\",\"isPartOf\":{\"@id\":\"https:\\\/\\\/lospoliticosveracruz.com\\\/#website\"},\"primaryImageOfPage\":{\"@id\":\"https:\\\/\\\/lospoliticosveracruz.com\\\/?p=148607#primaryimage\"},\"image\":{\"@id\":\"https:\\\/\\\/lospoliticosveracruz.com\\\/?p=148607#primaryimage\"},\"thumbnailUrl\":\"https:\\\/\\\/lospoliticosveracruz.com\\\/wp-content\\\/uploads\\\/2025\\\/04\\\/Jose-Luis-Ortega-Vidal.jpg\",\"datePublished\":\"2025-07-10T02:22:13+00:00\",\"dateModified\":\"2025-07-10T02:22:28+00:00\",\"breadcrumb\":{\"@id\":\"https:\\\/\\\/lospoliticosveracruz.com\\\/?p=148607#breadcrumb\"},\"inLanguage\":\"es\",\"potentialAction\":[{\"@type\":\"ReadAction\",\"target\":[\"https:\\\/\\\/lospoliticosveracruz.com\\\/?p=148607\"]}]},{\"@type\":\"ImageObject\",\"inLanguage\":\"es\",\"@id\":\"https:\\\/\\\/lospoliticosveracruz.com\\\/?p=148607#primaryimage\",\"url\":\"https:\\\/\\\/lospoliticosveracruz.com\\\/wp-content\\\/uploads\\\/2025\\\/04\\\/Jose-Luis-Ortega-Vidal.jpg\",\"contentUrl\":\"https:\\\/\\\/lospoliticosveracruz.com\\\/wp-content\\\/uploads\\\/2025\\\/04\\\/Jose-Luis-Ortega-Vidal.jpg\",\"width\":1250,\"height\":667},{\"@type\":\"BreadcrumbList\",\"@id\":\"https:\\\/\\\/lospoliticosveracruz.com\\\/?p=148607#breadcrumb\",\"itemListElement\":[{\"@type\":\"ListItem\",\"position\":1,\"name\":\"Portada\",\"item\":\"https:\\\/\\\/lospoliticosveracruz.com\\\/\"},{\"@type\":\"ListItem\",\"position\":2,\"name\":\"\u201cBUENAS NOTICIAS\u201d DE LA 4T\"}]},{\"@type\":\"WebSite\",\"@id\":\"https:\\\/\\\/lospoliticosveracruz.com\\\/#website\",\"url\":\"https:\\\/\\\/lospoliticosveracruz.com\\\/\",\"name\":\"Los pol\u00edticos Veracruz\",\"description\":\"\",\"publisher\":{\"@id\":\"https:\\\/\\\/lospoliticosveracruz.com\\\/#organization\"},\"potentialAction\":[{\"@type\":\"SearchAction\",\"target\":{\"@type\":\"EntryPoint\",\"urlTemplate\":\"https:\\\/\\\/lospoliticosveracruz.com\\\/?s={search_term_string}\"},\"query-input\":{\"@type\":\"PropertyValueSpecification\",\"valueRequired\":true,\"valueName\":\"search_term_string\"}}],\"inLanguage\":\"es\"},{\"@type\":\"Organization\",\"@id\":\"https:\\\/\\\/lospoliticosveracruz.com\\\/#organization\",\"name\":\"Los pol\u00edticos Veracruz\",\"url\":\"https:\\\/\\\/lospoliticosveracruz.com\\\/\",\"logo\":{\"@type\":\"ImageObject\",\"inLanguage\":\"es\",\"@id\":\"https:\\\/\\\/lospoliticosveracruz.com\\\/#\\\/schema\\\/logo\\\/image\\\/\",\"url\":\"https:\\\/\\\/lospoliticosveracruz.com\\\/wp-content\\\/uploads\\\/2025\\\/12\\\/Logo-Nuevo-LOS-POLITICOS-1.jpg\",\"contentUrl\":\"https:\\\/\\\/lospoliticosveracruz.com\\\/wp-content\\\/uploads\\\/2025\\\/12\\\/Logo-Nuevo-LOS-POLITICOS-1.jpg\",\"width\":260,\"height\":70,\"caption\":\"Los pol\u00edticos Veracruz\"},\"image\":{\"@id\":\"https:\\\/\\\/lospoliticosveracruz.com\\\/#\\\/schema\\\/logo\\\/image\\\/\"},\"sameAs\":[\"https:\\\/\\\/www.facebook.com\\\/people\\\/Notimemes-de-los-Polticos\\\/61565672886568\\\/\",\"https:\\\/\\\/x.com\\\/LosPoliticosVer\"]},{\"@type\":\"Person\",\"@id\":\"https:\\\/\\\/lospoliticosveracruz.com\\\/#\\\/schema\\\/person\\\/b8702bb0e538456e6efd07080bf2a4a2\",\"name\":\"Lo viste en Los Pol\u00edticos\",\"image\":{\"@type\":\"ImageObject\",\"inLanguage\":\"es\",\"@id\":\"https:\\\/\\\/secure.gravatar.com\\\/avatar\\\/3a8de04a2656d44082be478bd6c086daa447c4651605818287b9532d3d0bd435?s=96&d=mm&r=g\",\"url\":\"https:\\\/\\\/secure.gravatar.com\\\/avatar\\\/3a8de04a2656d44082be478bd6c086daa447c4651605818287b9532d3d0bd435?s=96&d=mm&r=g\",\"contentUrl\":\"https:\\\/\\\/secure.gravatar.com\\\/avatar\\\/3a8de04a2656d44082be478bd6c086daa447c4651605818287b9532d3d0bd435?s=96&d=mm&r=g\",\"caption\":\"Lo viste en Los Pol\u00edticos\"},\"url\":\"https:\\\/\\\/lospoliticosveracruz.com\\\/?author=2\"}]}<\/script>\n<!-- \/ Yoast SEO plugin. -->","yoast_head_json":{"title":"\u201cBUENAS NOTICIAS\u201d DE LA 4T - Los pol\u00edticos Veracruz","robots":{"index":"index","follow":"follow","max-snippet":"max-snippet:-1","max-image-preview":"max-image-preview:large","max-video-preview":"max-video-preview:-1"},"canonical":"https:\/\/lospoliticosveracruz.com\/?p=148607","og_locale":"es_ES","og_type":"article","og_title":"\u201cBUENAS NOTICIAS\u201d DE LA 4T - Los pol\u00edticos Veracruz","og_description":"Jos\u00e9 Luis Ortega Vidal Claroscuros (1) Dos buenas noticias han trascendido durante las \u00faltimas semanas en torno a inversiones privadas en Veracruz: una en el rubro de fertilizantes y otra en el ramo del gas natural licuado. La primera inversi\u00f3n estar\u00eda arrancando a fines del 2025 en un terreno de 60 hect\u00e1reas entre Poza Rica [&hellip;]","og_url":"https:\/\/lospoliticosveracruz.com\/?p=148607","og_site_name":"Los pol\u00edticos Veracruz","article_publisher":"https:\/\/www.facebook.com\/people\/Notimemes-de-los-Polticos\/61565672886568\/","article_published_time":"2025-07-10T02:22:13+00:00","article_modified_time":"2025-07-10T02:22:28+00:00","og_image":[{"width":1250,"height":667,"url":"https:\/\/lospoliticosveracruz.com\/wp-content\/uploads\/2025\/04\/Jose-Luis-Ortega-Vidal.jpg","type":"image\/jpeg"}],"author":"Lo viste en Los Pol\u00edticos","twitter_card":"summary_large_image","twitter_creator":"@LosPoliticosVer","twitter_site":"@LosPoliticosVer","twitter_misc":{"Escrito por":"Lo viste en Los Pol\u00edticos","Tiempo de lectura":"7 minutos"},"schema":{"@context":"https:\/\/schema.org","@graph":[{"@type":"Article","@id":"https:\/\/lospoliticosveracruz.com\/?p=148607#article","isPartOf":{"@id":"https:\/\/lospoliticosveracruz.com\/?p=148607"},"author":{"name":"Lo viste en Los Pol\u00edticos","@id":"https:\/\/lospoliticosveracruz.com\/#\/schema\/person\/b8702bb0e538456e6efd07080bf2a4a2"},"headline":"\u201cBUENAS NOTICIAS\u201d DE LA 4T","datePublished":"2025-07-10T02:22:13+00:00","dateModified":"2025-07-10T02:22:28+00:00","mainEntityOfPage":{"@id":"https:\/\/lospoliticosveracruz.com\/?p=148607"},"wordCount":1306,"publisher":{"@id":"https:\/\/lospoliticosveracruz.com\/#organization"},"image":{"@id":"https:\/\/lospoliticosveracruz.com\/?p=148607#primaryimage"},"thumbnailUrl":"https:\/\/lospoliticosveracruz.com\/wp-content\/uploads\/2025\/04\/Jose-Luis-Ortega-Vidal.jpg","keywords":["Jos\u00e9 Luis Ortega Vidal"],"articleSection":["De Opini\u00f3n"],"inLanguage":"es"},{"@type":"WebPage","@id":"https:\/\/lospoliticosveracruz.com\/?p=148607","url":"https:\/\/lospoliticosveracruz.com\/?p=148607","name":"\u201cBUENAS NOTICIAS\u201d DE LA 4T - Los pol\u00edticos Veracruz","isPartOf":{"@id":"https:\/\/lospoliticosveracruz.com\/#website"},"primaryImageOfPage":{"@id":"https:\/\/lospoliticosveracruz.com\/?p=148607#primaryimage"},"image":{"@id":"https:\/\/lospoliticosveracruz.com\/?p=148607#primaryimage"},"thumbnailUrl":"https:\/\/lospoliticosveracruz.com\/wp-content\/uploads\/2025\/04\/Jose-Luis-Ortega-Vidal.jpg","datePublished":"2025-07-10T02:22:13+00:00","dateModified":"2025-07-10T02:22:28+00:00","breadcrumb":{"@id":"https:\/\/lospoliticosveracruz.com\/?p=148607#breadcrumb"},"inLanguage":"es","potentialAction":[{"@type":"ReadAction","target":["https:\/\/lospoliticosveracruz.com\/?p=148607"]}]},{"@type":"ImageObject","inLanguage":"es","@id":"https:\/\/lospoliticosveracruz.com\/?p=148607#primaryimage","url":"https:\/\/lospoliticosveracruz.com\/wp-content\/uploads\/2025\/04\/Jose-Luis-Ortega-Vidal.jpg","contentUrl":"https:\/\/lospoliticosveracruz.com\/wp-content\/uploads\/2025\/04\/Jose-Luis-Ortega-Vidal.jpg","width":1250,"height":667},{"@type":"BreadcrumbList","@id":"https:\/\/lospoliticosveracruz.com\/?p=148607#breadcrumb","itemListElement":[{"@type":"ListItem","position":1,"name":"Portada","item":"https:\/\/lospoliticosveracruz.com\/"},{"@type":"ListItem","position":2,"name":"\u201cBUENAS NOTICIAS\u201d DE LA 4T"}]},{"@type":"WebSite","@id":"https:\/\/lospoliticosveracruz.com\/#website","url":"https:\/\/lospoliticosveracruz.com\/","name":"Los pol\u00edticos Veracruz","description":"","publisher":{"@id":"https:\/\/lospoliticosveracruz.com\/#organization"},"potentialAction":[{"@type":"SearchAction","target":{"@type":"EntryPoint","urlTemplate":"https:\/\/lospoliticosveracruz.com\/?s={search_term_string}"},"query-input":{"@type":"PropertyValueSpecification","valueRequired":true,"valueName":"search_term_string"}}],"inLanguage":"es"},{"@type":"Organization","@id":"https:\/\/lospoliticosveracruz.com\/#organization","name":"Los pol\u00edticos Veracruz","url":"https:\/\/lospoliticosveracruz.com\/","logo":{"@type":"ImageObject","inLanguage":"es","@id":"https:\/\/lospoliticosveracruz.com\/#\/schema\/logo\/image\/","url":"https:\/\/lospoliticosveracruz.com\/wp-content\/uploads\/2025\/12\/Logo-Nuevo-LOS-POLITICOS-1.jpg","contentUrl":"https:\/\/lospoliticosveracruz.com\/wp-content\/uploads\/2025\/12\/Logo-Nuevo-LOS-POLITICOS-1.jpg","width":260,"height":70,"caption":"Los pol\u00edticos Veracruz"},"image":{"@id":"https:\/\/lospoliticosveracruz.com\/#\/schema\/logo\/image\/"},"sameAs":["https:\/\/www.facebook.com\/people\/Notimemes-de-los-Polticos\/61565672886568\/","https:\/\/x.com\/LosPoliticosVer"]},{"@type":"Person","@id":"https:\/\/lospoliticosveracruz.com\/#\/schema\/person\/b8702bb0e538456e6efd07080bf2a4a2","name":"Lo viste en Los Pol\u00edticos","image":{"@type":"ImageObject","inLanguage":"es","@id":"https:\/\/secure.gravatar.com\/avatar\/3a8de04a2656d44082be478bd6c086daa447c4651605818287b9532d3d0bd435?s=96&d=mm&r=g","url":"https:\/\/secure.gravatar.com\/avatar\/3a8de04a2656d44082be478bd6c086daa447c4651605818287b9532d3d0bd435?s=96&d=mm&r=g","contentUrl":"https:\/\/secure.gravatar.com\/avatar\/3a8de04a2656d44082be478bd6c086daa447c4651605818287b9532d3d0bd435?s=96&d=mm&r=g","caption":"Lo viste en Los Pol\u00edticos"},"url":"https:\/\/lospoliticosveracruz.com\/?author=2"}]}},"_links":{"self":[{"href":"https:\/\/lospoliticosveracruz.com\/index.php?rest_route=\/wp\/v2\/posts\/148607","targetHints":{"allow":["GET"]}}],"collection":[{"href":"https:\/\/lospoliticosveracruz.com\/index.php?rest_route=\/wp\/v2\/posts"}],"about":[{"href":"https:\/\/lospoliticosveracruz.com\/index.php?rest_route=\/wp\/v2\/types\/post"}],"author":[{"embeddable":true,"href":"https:\/\/lospoliticosveracruz.com\/index.php?rest_route=\/wp\/v2\/users\/2"}],"replies":[{"embeddable":true,"href":"https:\/\/lospoliticosveracruz.com\/index.php?rest_route=%2Fwp%2Fv2%2Fcomments&post=148607"}],"version-history":[{"count":1,"href":"https:\/\/lospoliticosveracruz.com\/index.php?rest_route=\/wp\/v2\/posts\/148607\/revisions"}],"predecessor-version":[{"id":148608,"href":"https:\/\/lospoliticosveracruz.com\/index.php?rest_route=\/wp\/v2\/posts\/148607\/revisions\/148608"}],"wp:featuredmedia":[{"embeddable":true,"href":"https:\/\/lospoliticosveracruz.com\/index.php?rest_route=\/wp\/v2\/media\/141392"}],"wp:attachment":[{"href":"https:\/\/lospoliticosveracruz.com\/index.php?rest_route=%2Fwp%2Fv2%2Fmedia&parent=148607"}],"wp:term":[{"taxonomy":"category","embeddable":true,"href":"https:\/\/lospoliticosveracruz.com\/index.php?rest_route=%2Fwp%2Fv2%2Fcategories&post=148607"},{"taxonomy":"post_tag","embeddable":true,"href":"https:\/\/lospoliticosveracruz.com\/index.php?rest_route=%2Fwp%2Fv2%2Ftags&post=148607"}],"curies":[{"name":"wp","href":"https:\/\/api.w.org\/{rel}","templated":true}]}}