{"id":148614,"date":"2025-07-10T07:16:22","date_gmt":"2025-07-10T12:16:22","guid":{"rendered":"https:\/\/lospoliticosveracruz.com.mx\/?p=148614"},"modified":"2025-07-10T07:16:42","modified_gmt":"2025-07-10T12:16:42","slug":"nahle-y-el-enfrentamiento-con-el-pt","status":"publish","type":"post","link":"https:\/\/lospoliticosveracruz.com\/?p=148614","title":{"rendered":"NAHLE Y EL ENFRENTAMIENTO CON EL PT"},"content":{"rendered":"\n\n\n<p><br><strong>Ricardo Chua<\/strong><\/p>\n\n\n\n<p><em>Sale y Vale<\/em><\/p>\n\n\n\n<p>La lectura que dan en el \u00abC\u00edrculo Rojo\u00bb del poder en Veracruz, sobre la reuni\u00f3n que sostuvo la gobernadora Roc\u00edo Nahle con alcaldes electos de MORENA y PVEM.. Sin invitar a los del Partido del Trabajo, que son parte de la 4T en el gobierno federal de Claudia Sheinbaum.. Es que la mandataria estatal MANDA un MENSAJE CONTRADICTORIO a la ciudadan\u00eda.. Ya que entonces se cree que Esteban Ram\u00edrez Zepeta, l\u00edder estatal de MORENA, s\u00f3lo cumple sus \u00f3rdenes de DESMANTELAR al PT en el Estado.. Quitando presidentes municipales a este organismo para \u00abengrosar\u00bb las filas de los \u00abMorenos\u00bb y representar que su movimiento es quien verdaderamente gobierna en la entidad.. Lo cual es un ESPEJISMO..<\/p>\n\n\n\n<p>El imaginario colectivo se\u00f1ala que todo esta acci\u00f3n en Palacio de Gobierno en Xalapa.. Hace pensar, que la \u00fanica intenci\u00f3n es que el PT, junto con el PAN, PRI y hasta Movimiento Ciudadano.. Lleguen \u00absin fuerza\u00bb a la mesa de gobierno al inicio del 2026.. Y que eso finalmente haga que MORENA tenga el control absoluto de la 4T en Veracruz.. Lo cual deja en claro, que ese frente com\u00fan, de lo que tanto habla Shienbaum en sus \u00abma\u00f1aneras\u00bb de MORENA-PVEM-PT, pues, al menos, en Veracruz, no existe.. No hay unidad.. A pesar de que los diputados del PT le hacen \u00abfuerte\u00bba la Presidenta y a la gobernadora en ambas c\u00e1maras la local y la federal..<\/p>\n\n\n\n<p>Pero en Veracruz, el mensaje que est\u00e1n mandando, es que al PT lo siguen \u00abdesde\u00f1ando y desangrando\u00bb.. Quiere decir que entonces que el mensaje de \u00abRUPTURA\u00bb con el PT nacional y estatal.. Lo mandan desde Palacio de Gobierno en Xalapa, no lo manda Ram\u00edrez Zepeta en el comit\u00e9 estatal de su partido.. Por eso la pregunta que salta en el aire en el Estado es: C\u00faal unidad, c\u00faal alianza de la 4T en Veracruz.. Por lo tanto, se denota que no hay buena voluntad, que no hay \u00abpuentes\u00bb para que este movimiento en Veracruz, construya acuerdos pol\u00edticos para lo que sigue.. Aqu\u00ed es lo que decidan en el edificio del Parque Ju\u00e1rez de esta capital.. NO HAY M\u00c1S..<\/p>\n\n\n\n<p>Lo malo es que la figura pol\u00edtica del dirigente de MORENA, Esteban Ram\u00edrez Zepeta, es la que queda \u00abmaltrecha\u00bb y \u00abdesgastada\u00bb porque es la que ocupan para \u00abgolpear\u00bb a sus aliados nacionales del PT.. Lo cual hace pensar que esto va m\u00e1s all\u00e1 de lo local.. Que en Veracruz, ya el conflicto es con el dirigente nacional petista, Alberto Anaya y todo su grupo pol\u00edtico de senadores y diputados federales.. Es una \u00abruptura\u00bb en abierto con la c\u00fapula nacional del PT, que viene desde Palacio de Gobierno en Veracruz.. Pero que ocupan de \u00abcortina de humo\u00bb al comit\u00e9 estatal de MORENA.. Finalmente en el gobierno local se \u00ablavan las manos\u00bb..<\/p>\n\n\n\n<p>Pero adem\u00e1s independientemente de estas \u00abrupturas\u00bb y pleitos con el PT en Veracruz.. En MORENA y Palacio de Gobierno deben recordar, que el proceso electoral local a las alcald\u00edas a\u00fan no ha concluido.. Se est\u00e1 en la etapa poselectoral y algunos de esos alcaldes electos pueden ser o est\u00e1n impugnados en sus triunfos.. Motivo por el cual, esas victorias se pueden revertir.. Eso habr\u00e1 que esperar.. Pero por lo pronto, ser\u00e1 importante saber cu\u00e1l ser\u00e1 el mensaje que mande el PT nacional a Veracruz.. Despu\u00e9s de ver como presionan a sus alcaldes electos para que se vayan a MORENA.. Y de la advertencia que pueden mandar como grupo parlamentario a Palacio Nacional.. ESO QUEDA PENDIENTE..<\/p>\n\n\n\n<p>Sin embargo, se comenta que para los l\u00edderes y pol\u00edticos petistas locales, ha quedado claro, que pese a lo que hagan en su contra.. MORENA ya no puede quitarle municipios porque aunque se voltee el alcalde electo.. Esa ciudadan\u00eda en la elecci\u00f3n del 2027, obviamente VOTAR\u00c1 en contra de MORENA, no s\u00f3lo ese a\u00f1o sino tambi\u00e9n en 2029 y 2030, por la molestia de la coacci\u00f3n que hacen con sus autoridades municipales.. Y el VOTO DE CASTIGO ser\u00eda peor.. Ya que la fuerza que en este momento que tiene PT y otros partidos como Movimiento Ciudadano..Al gobierno estatal y a los \u00abMorenos\u00bb se le pueden complicar terriblemente las cosas.. Sobre todo por el RESENTIMIENTO social que se puede dar por estos resultados..<\/p>\n\n\n\n<p>As\u00ed que despu\u00e9s del \u00abtrago amargo\u00bb de la elecci\u00f3n municipal.. La gobernadora Roc\u00edo Nahle se dio cuenta que las cosas en Veracruz, no est\u00e1n como hab\u00edan dicho sus operadores.. Ella tuvo que hacer la contraparte, ocupando la figura de Zepeta.. Se dio cuenta que para ganar una elecci\u00f3n en Veracruz.. No basta ser de MORENA.. Habr\u00e1 que ver si ella quiere o no recomponer su trato y su coalici\u00f3n con el PT en un futuro no muy lejano.. La elecci\u00f3n para renovar el Congreso del Estado est\u00e1 a menos de 2 a\u00f1os.. Y ella tendr\u00e1 que entregar buenas cuentas a la 4T, tanto nacional, como ella quedar fortalecida en su gobierno en Veracruz..<\/p>\n\n\n\n<p>La obligaci\u00f3n de Palacio de Gobierno en Veracruz es ganar la mayor\u00eda en ambas C\u00e1maras (local y federal) en Veracruz.. No importa como se haga o se opere.. Lo que debe hacer es ganarla.. De no hacerlo, Roc\u00edo Nahle sabe que se le vendr\u00e1 toda la camada de adversarios que tiene al interior de MORENA en su contra, as\u00ed como los adversarios de la oposici\u00f3n.. Le aplicar\u00e1n los \u00abamagues\u00bb pol\u00edticos.. Por eso, no se entiende el enfrentamiento que tienen con el PT nacional desde Veracruz.. Ella sabe que los enemigos son de verdad y los amigos de mentiras en pol\u00edtica.. Alberto Anaya no es un improvisado.. Ha sobrevivido en el liderazgo del partido desde el salinismo hasta la 4T.. Y ah\u00ed sigue.. OJO debe tener la gobernadora porque Anaya es un \u00abanimal peligroso\u00bb.. Y esos animales en la pol\u00edtica no se asustan f\u00e1cilmente y son duros de \u00abroer\u00bb.. AMEN..<\/p>\n","protected":false},"excerpt":{"rendered":"<p>Ricardo Chua Sale y Vale La lectura que dan en el \u00abC\u00edrculo Rojo\u00bb del poder en Veracruz, sobre la reuni\u00f3n que sostuvo la gobernadora Roc\u00edo Nahle con alcaldes electos de MORENA y PVEM.. Sin invitar a los del Partido del Trabajo, que son parte de la 4T en el gobierno federal de Claudia Sheinbaum.. Es [&hellip;]<\/p>\n","protected":false},"author":2,"featured_media":141434,"comment_status":"closed","ping_status":"closed","sticky":false,"template":"","format":"standard","meta":{"tdm_status":"","tdm_grid_status":"","footnotes":""},"categories":[70],"tags":[17053,1026,2289,3578,195],"class_list":{"0":"post-148614","1":"post","2":"type-post","3":"status-publish","4":"format-standard","5":"has-post-thumbnail","7":"category-de-opinion","8":"tag-esteban-ramirez-zepeta","9":"tag-morena","10":"tag-pt","11":"tag-rocio-nahle","12":"tag-veracruz"},"yoast_head":"<!-- This site is optimized with the Yoast SEO plugin v27.4 - https:\/\/yoast.com\/product\/yoast-seo-wordpress\/ -->\n<title>NAHLE Y EL ENFRENTAMIENTO CON EL PT - Los pol\u00edticos Veracruz<\/title>\n<meta name=\"robots\" content=\"index, follow, max-snippet:-1, max-image-preview:large, max-video-preview:-1\" \/>\n<link rel=\"canonical\" href=\"https:\/\/lospoliticosveracruz.com\/?p=148614\" \/>\n<meta property=\"og:locale\" content=\"es_ES\" \/>\n<meta property=\"og:type\" content=\"article\" \/>\n<meta property=\"og:title\" content=\"NAHLE Y EL ENFRENTAMIENTO CON EL PT - Los pol\u00edticos Veracruz\" \/>\n<meta property=\"og:description\" content=\"Ricardo Chua Sale y Vale La lectura que dan en el \u00abC\u00edrculo Rojo\u00bb del poder en Veracruz, sobre la reuni\u00f3n que sostuvo la gobernadora Roc\u00edo Nahle con alcaldes electos de MORENA y PVEM.. Sin invitar a los del Partido del Trabajo, que son parte de la 4T en el gobierno federal de Claudia Sheinbaum.. Es [&hellip;]\" \/>\n<meta property=\"og:url\" content=\"https:\/\/lospoliticosveracruz.com\/?p=148614\" \/>\n<meta property=\"og:site_name\" content=\"Los pol\u00edticos Veracruz\" \/>\n<meta property=\"article:publisher\" content=\"https:\/\/www.facebook.com\/people\/Notimemes-de-los-Polticos\/61565672886568\/\" \/>\n<meta property=\"article:published_time\" content=\"2025-07-10T12:16:22+00:00\" \/>\n<meta property=\"article:modified_time\" content=\"2025-07-10T12:16:42+00:00\" \/>\n<meta property=\"og:image\" content=\"https:\/\/lospoliticosveracruz.com\/wp-content\/uploads\/2025\/04\/Chua-e1761364658706.jpg\" \/>\n\t<meta property=\"og:image:width\" content=\"600\" \/>\n\t<meta property=\"og:image:height\" content=\"320\" \/>\n\t<meta property=\"og:image:type\" content=\"image\/jpeg\" \/>\n<meta name=\"author\" content=\"Lo viste en Los Pol\u00edticos\" \/>\n<meta name=\"twitter:card\" content=\"summary_large_image\" \/>\n<meta name=\"twitter:creator\" content=\"@LosPoliticosVer\" \/>\n<meta name=\"twitter:site\" content=\"@LosPoliticosVer\" \/>\n<meta name=\"twitter:label1\" content=\"Escrito por\" \/>\n\t<meta name=\"twitter:data1\" content=\"Lo viste en Los Pol\u00edticos\" \/>\n\t<meta name=\"twitter:label2\" content=\"Tiempo de lectura\" \/>\n\t<meta name=\"twitter:data2\" content=\"5 minutos\" \/>\n<script type=\"application\/ld+json\" class=\"yoast-schema-graph\">{\"@context\":\"https:\\\/\\\/schema.org\",\"@graph\":[{\"@type\":\"Article\",\"@id\":\"https:\\\/\\\/lospoliticosveracruz.com\\\/?p=148614#article\",\"isPartOf\":{\"@id\":\"https:\\\/\\\/lospoliticosveracruz.com\\\/?p=148614\"},\"author\":{\"name\":\"Lo viste en Los Pol\u00edticos\",\"@id\":\"https:\\\/\\\/lospoliticosveracruz.com\\\/#\\\/schema\\\/person\\\/b8702bb0e538456e6efd07080bf2a4a2\"},\"headline\":\"NAHLE Y EL ENFRENTAMIENTO CON EL PT\",\"datePublished\":\"2025-07-10T12:16:22+00:00\",\"dateModified\":\"2025-07-10T12:16:42+00:00\",\"mainEntityOfPage\":{\"@id\":\"https:\\\/\\\/lospoliticosveracruz.com\\\/?p=148614\"},\"wordCount\":1027,\"publisher\":{\"@id\":\"https:\\\/\\\/lospoliticosveracruz.com\\\/#organization\"},\"image\":{\"@id\":\"https:\\\/\\\/lospoliticosveracruz.com\\\/?p=148614#primaryimage\"},\"thumbnailUrl\":\"https:\\\/\\\/lospoliticosveracruz.com\\\/wp-content\\\/uploads\\\/2025\\\/04\\\/Chua-e1761364658706.jpg\",\"keywords\":[\"Esteban Ram\u00edrez Zepeta\",\"Morena\",\"PT\",\"Roc\u00edo Nahle\",\"Veracruz\"],\"articleSection\":[\"De Opini\u00f3n\"],\"inLanguage\":\"es\"},{\"@type\":\"WebPage\",\"@id\":\"https:\\\/\\\/lospoliticosveracruz.com\\\/?p=148614\",\"url\":\"https:\\\/\\\/lospoliticosveracruz.com\\\/?p=148614\",\"name\":\"NAHLE Y EL ENFRENTAMIENTO CON EL PT - Los pol\u00edticos Veracruz\",\"isPartOf\":{\"@id\":\"https:\\\/\\\/lospoliticosveracruz.com\\\/#website\"},\"primaryImageOfPage\":{\"@id\":\"https:\\\/\\\/lospoliticosveracruz.com\\\/?p=148614#primaryimage\"},\"image\":{\"@id\":\"https:\\\/\\\/lospoliticosveracruz.com\\\/?p=148614#primaryimage\"},\"thumbnailUrl\":\"https:\\\/\\\/lospoliticosveracruz.com\\\/wp-content\\\/uploads\\\/2025\\\/04\\\/Chua-e1761364658706.jpg\",\"datePublished\":\"2025-07-10T12:16:22+00:00\",\"dateModified\":\"2025-07-10T12:16:42+00:00\",\"breadcrumb\":{\"@id\":\"https:\\\/\\\/lospoliticosveracruz.com\\\/?p=148614#breadcrumb\"},\"inLanguage\":\"es\",\"potentialAction\":[{\"@type\":\"ReadAction\",\"target\":[\"https:\\\/\\\/lospoliticosveracruz.com\\\/?p=148614\"]}]},{\"@type\":\"ImageObject\",\"inLanguage\":\"es\",\"@id\":\"https:\\\/\\\/lospoliticosveracruz.com\\\/?p=148614#primaryimage\",\"url\":\"https:\\\/\\\/lospoliticosveracruz.com\\\/wp-content\\\/uploads\\\/2025\\\/04\\\/Chua-e1761364658706.jpg\",\"contentUrl\":\"https:\\\/\\\/lospoliticosveracruz.com\\\/wp-content\\\/uploads\\\/2025\\\/04\\\/Chua-e1761364658706.jpg\",\"width\":600,\"height\":320},{\"@type\":\"BreadcrumbList\",\"@id\":\"https:\\\/\\\/lospoliticosveracruz.com\\\/?p=148614#breadcrumb\",\"itemListElement\":[{\"@type\":\"ListItem\",\"position\":1,\"name\":\"Portada\",\"item\":\"https:\\\/\\\/lospoliticosveracruz.com\\\/\"},{\"@type\":\"ListItem\",\"position\":2,\"name\":\"NAHLE Y EL ENFRENTAMIENTO CON EL PT\"}]},{\"@type\":\"WebSite\",\"@id\":\"https:\\\/\\\/lospoliticosveracruz.com\\\/#website\",\"url\":\"https:\\\/\\\/lospoliticosveracruz.com\\\/\",\"name\":\"Los pol\u00edticos Veracruz\",\"description\":\"\",\"publisher\":{\"@id\":\"https:\\\/\\\/lospoliticosveracruz.com\\\/#organization\"},\"potentialAction\":[{\"@type\":\"SearchAction\",\"target\":{\"@type\":\"EntryPoint\",\"urlTemplate\":\"https:\\\/\\\/lospoliticosveracruz.com\\\/?s={search_term_string}\"},\"query-input\":{\"@type\":\"PropertyValueSpecification\",\"valueRequired\":true,\"valueName\":\"search_term_string\"}}],\"inLanguage\":\"es\"},{\"@type\":\"Organization\",\"@id\":\"https:\\\/\\\/lospoliticosveracruz.com\\\/#organization\",\"name\":\"Los pol\u00edticos Veracruz\",\"url\":\"https:\\\/\\\/lospoliticosveracruz.com\\\/\",\"logo\":{\"@type\":\"ImageObject\",\"inLanguage\":\"es\",\"@id\":\"https:\\\/\\\/lospoliticosveracruz.com\\\/#\\\/schema\\\/logo\\\/image\\\/\",\"url\":\"https:\\\/\\\/lospoliticosveracruz.com\\\/wp-content\\\/uploads\\\/2025\\\/12\\\/Logo-Nuevo-LOS-POLITICOS-1.jpg\",\"contentUrl\":\"https:\\\/\\\/lospoliticosveracruz.com\\\/wp-content\\\/uploads\\\/2025\\\/12\\\/Logo-Nuevo-LOS-POLITICOS-1.jpg\",\"width\":260,\"height\":70,\"caption\":\"Los pol\u00edticos Veracruz\"},\"image\":{\"@id\":\"https:\\\/\\\/lospoliticosveracruz.com\\\/#\\\/schema\\\/logo\\\/image\\\/\"},\"sameAs\":[\"https:\\\/\\\/www.facebook.com\\\/people\\\/Notimemes-de-los-Polticos\\\/61565672886568\\\/\",\"https:\\\/\\\/x.com\\\/LosPoliticosVer\"]},{\"@type\":\"Person\",\"@id\":\"https:\\\/\\\/lospoliticosveracruz.com\\\/#\\\/schema\\\/person\\\/b8702bb0e538456e6efd07080bf2a4a2\",\"name\":\"Lo viste en Los Pol\u00edticos\",\"image\":{\"@type\":\"ImageObject\",\"inLanguage\":\"es\",\"@id\":\"https:\\\/\\\/secure.gravatar.com\\\/avatar\\\/3a8de04a2656d44082be478bd6c086daa447c4651605818287b9532d3d0bd435?s=96&d=mm&r=g\",\"url\":\"https:\\\/\\\/secure.gravatar.com\\\/avatar\\\/3a8de04a2656d44082be478bd6c086daa447c4651605818287b9532d3d0bd435?s=96&d=mm&r=g\",\"contentUrl\":\"https:\\\/\\\/secure.gravatar.com\\\/avatar\\\/3a8de04a2656d44082be478bd6c086daa447c4651605818287b9532d3d0bd435?s=96&d=mm&r=g\",\"caption\":\"Lo viste en Los Pol\u00edticos\"},\"url\":\"https:\\\/\\\/lospoliticosveracruz.com\\\/?author=2\"}]}<\/script>\n<!-- \/ Yoast SEO plugin. -->","yoast_head_json":{"title":"NAHLE Y EL ENFRENTAMIENTO CON EL PT - Los pol\u00edticos Veracruz","robots":{"index":"index","follow":"follow","max-snippet":"max-snippet:-1","max-image-preview":"max-image-preview:large","max-video-preview":"max-video-preview:-1"},"canonical":"https:\/\/lospoliticosveracruz.com\/?p=148614","og_locale":"es_ES","og_type":"article","og_title":"NAHLE Y EL ENFRENTAMIENTO CON EL PT - Los pol\u00edticos Veracruz","og_description":"Ricardo Chua Sale y Vale La lectura que dan en el \u00abC\u00edrculo Rojo\u00bb del poder en Veracruz, sobre la reuni\u00f3n que sostuvo la gobernadora Roc\u00edo Nahle con alcaldes electos de MORENA y PVEM.. Sin invitar a los del Partido del Trabajo, que son parte de la 4T en el gobierno federal de Claudia Sheinbaum.. Es [&hellip;]","og_url":"https:\/\/lospoliticosveracruz.com\/?p=148614","og_site_name":"Los pol\u00edticos Veracruz","article_publisher":"https:\/\/www.facebook.com\/people\/Notimemes-de-los-Polticos\/61565672886568\/","article_published_time":"2025-07-10T12:16:22+00:00","article_modified_time":"2025-07-10T12:16:42+00:00","og_image":[{"width":600,"height":320,"url":"https:\/\/lospoliticosveracruz.com\/wp-content\/uploads\/2025\/04\/Chua-e1761364658706.jpg","type":"image\/jpeg"}],"author":"Lo viste en Los Pol\u00edticos","twitter_card":"summary_large_image","twitter_creator":"@LosPoliticosVer","twitter_site":"@LosPoliticosVer","twitter_misc":{"Escrito por":"Lo viste en Los Pol\u00edticos","Tiempo de lectura":"5 minutos"},"schema":{"@context":"https:\/\/schema.org","@graph":[{"@type":"Article","@id":"https:\/\/lospoliticosveracruz.com\/?p=148614#article","isPartOf":{"@id":"https:\/\/lospoliticosveracruz.com\/?p=148614"},"author":{"name":"Lo viste en Los Pol\u00edticos","@id":"https:\/\/lospoliticosveracruz.com\/#\/schema\/person\/b8702bb0e538456e6efd07080bf2a4a2"},"headline":"NAHLE Y EL ENFRENTAMIENTO CON EL PT","datePublished":"2025-07-10T12:16:22+00:00","dateModified":"2025-07-10T12:16:42+00:00","mainEntityOfPage":{"@id":"https:\/\/lospoliticosveracruz.com\/?p=148614"},"wordCount":1027,"publisher":{"@id":"https:\/\/lospoliticosveracruz.com\/#organization"},"image":{"@id":"https:\/\/lospoliticosveracruz.com\/?p=148614#primaryimage"},"thumbnailUrl":"https:\/\/lospoliticosveracruz.com\/wp-content\/uploads\/2025\/04\/Chua-e1761364658706.jpg","keywords":["Esteban Ram\u00edrez Zepeta","Morena","PT","Roc\u00edo Nahle","Veracruz"],"articleSection":["De Opini\u00f3n"],"inLanguage":"es"},{"@type":"WebPage","@id":"https:\/\/lospoliticosveracruz.com\/?p=148614","url":"https:\/\/lospoliticosveracruz.com\/?p=148614","name":"NAHLE Y EL ENFRENTAMIENTO CON EL PT - Los pol\u00edticos Veracruz","isPartOf":{"@id":"https:\/\/lospoliticosveracruz.com\/#website"},"primaryImageOfPage":{"@id":"https:\/\/lospoliticosveracruz.com\/?p=148614#primaryimage"},"image":{"@id":"https:\/\/lospoliticosveracruz.com\/?p=148614#primaryimage"},"thumbnailUrl":"https:\/\/lospoliticosveracruz.com\/wp-content\/uploads\/2025\/04\/Chua-e1761364658706.jpg","datePublished":"2025-07-10T12:16:22+00:00","dateModified":"2025-07-10T12:16:42+00:00","breadcrumb":{"@id":"https:\/\/lospoliticosveracruz.com\/?p=148614#breadcrumb"},"inLanguage":"es","potentialAction":[{"@type":"ReadAction","target":["https:\/\/lospoliticosveracruz.com\/?p=148614"]}]},{"@type":"ImageObject","inLanguage":"es","@id":"https:\/\/lospoliticosveracruz.com\/?p=148614#primaryimage","url":"https:\/\/lospoliticosveracruz.com\/wp-content\/uploads\/2025\/04\/Chua-e1761364658706.jpg","contentUrl":"https:\/\/lospoliticosveracruz.com\/wp-content\/uploads\/2025\/04\/Chua-e1761364658706.jpg","width":600,"height":320},{"@type":"BreadcrumbList","@id":"https:\/\/lospoliticosveracruz.com\/?p=148614#breadcrumb","itemListElement":[{"@type":"ListItem","position":1,"name":"Portada","item":"https:\/\/lospoliticosveracruz.com\/"},{"@type":"ListItem","position":2,"name":"NAHLE Y EL ENFRENTAMIENTO CON EL PT"}]},{"@type":"WebSite","@id":"https:\/\/lospoliticosveracruz.com\/#website","url":"https:\/\/lospoliticosveracruz.com\/","name":"Los pol\u00edticos Veracruz","description":"","publisher":{"@id":"https:\/\/lospoliticosveracruz.com\/#organization"},"potentialAction":[{"@type":"SearchAction","target":{"@type":"EntryPoint","urlTemplate":"https:\/\/lospoliticosveracruz.com\/?s={search_term_string}"},"query-input":{"@type":"PropertyValueSpecification","valueRequired":true,"valueName":"search_term_string"}}],"inLanguage":"es"},{"@type":"Organization","@id":"https:\/\/lospoliticosveracruz.com\/#organization","name":"Los pol\u00edticos Veracruz","url":"https:\/\/lospoliticosveracruz.com\/","logo":{"@type":"ImageObject","inLanguage":"es","@id":"https:\/\/lospoliticosveracruz.com\/#\/schema\/logo\/image\/","url":"https:\/\/lospoliticosveracruz.com\/wp-content\/uploads\/2025\/12\/Logo-Nuevo-LOS-POLITICOS-1.jpg","contentUrl":"https:\/\/lospoliticosveracruz.com\/wp-content\/uploads\/2025\/12\/Logo-Nuevo-LOS-POLITICOS-1.jpg","width":260,"height":70,"caption":"Los pol\u00edticos Veracruz"},"image":{"@id":"https:\/\/lospoliticosveracruz.com\/#\/schema\/logo\/image\/"},"sameAs":["https:\/\/www.facebook.com\/people\/Notimemes-de-los-Polticos\/61565672886568\/","https:\/\/x.com\/LosPoliticosVer"]},{"@type":"Person","@id":"https:\/\/lospoliticosveracruz.com\/#\/schema\/person\/b8702bb0e538456e6efd07080bf2a4a2","name":"Lo viste en Los Pol\u00edticos","image":{"@type":"ImageObject","inLanguage":"es","@id":"https:\/\/secure.gravatar.com\/avatar\/3a8de04a2656d44082be478bd6c086daa447c4651605818287b9532d3d0bd435?s=96&d=mm&r=g","url":"https:\/\/secure.gravatar.com\/avatar\/3a8de04a2656d44082be478bd6c086daa447c4651605818287b9532d3d0bd435?s=96&d=mm&r=g","contentUrl":"https:\/\/secure.gravatar.com\/avatar\/3a8de04a2656d44082be478bd6c086daa447c4651605818287b9532d3d0bd435?s=96&d=mm&r=g","caption":"Lo viste en Los Pol\u00edticos"},"url":"https:\/\/lospoliticosveracruz.com\/?author=2"}]}},"_links":{"self":[{"href":"https:\/\/lospoliticosveracruz.com\/index.php?rest_route=\/wp\/v2\/posts\/148614","targetHints":{"allow":["GET"]}}],"collection":[{"href":"https:\/\/lospoliticosveracruz.com\/index.php?rest_route=\/wp\/v2\/posts"}],"about":[{"href":"https:\/\/lospoliticosveracruz.com\/index.php?rest_route=\/wp\/v2\/types\/post"}],"author":[{"embeddable":true,"href":"https:\/\/lospoliticosveracruz.com\/index.php?rest_route=\/wp\/v2\/users\/2"}],"replies":[{"embeddable":true,"href":"https:\/\/lospoliticosveracruz.com\/index.php?rest_route=%2Fwp%2Fv2%2Fcomments&post=148614"}],"version-history":[{"count":1,"href":"https:\/\/lospoliticosveracruz.com\/index.php?rest_route=\/wp\/v2\/posts\/148614\/revisions"}],"predecessor-version":[{"id":148615,"href":"https:\/\/lospoliticosveracruz.com\/index.php?rest_route=\/wp\/v2\/posts\/148614\/revisions\/148615"}],"wp:featuredmedia":[{"embeddable":true,"href":"https:\/\/lospoliticosveracruz.com\/index.php?rest_route=\/wp\/v2\/media\/141434"}],"wp:attachment":[{"href":"https:\/\/lospoliticosveracruz.com\/index.php?rest_route=%2Fwp%2Fv2%2Fmedia&parent=148614"}],"wp:term":[{"taxonomy":"category","embeddable":true,"href":"https:\/\/lospoliticosveracruz.com\/index.php?rest_route=%2Fwp%2Fv2%2Fcategories&post=148614"},{"taxonomy":"post_tag","embeddable":true,"href":"https:\/\/lospoliticosveracruz.com\/index.php?rest_route=%2Fwp%2Fv2%2Ftags&post=148614"}],"curies":[{"name":"wp","href":"https:\/\/api.w.org\/{rel}","templated":true}]}}