{"id":148616,"date":"2025-07-10T07:28:09","date_gmt":"2025-07-10T12:28:09","guid":{"rendered":"https:\/\/lospoliticosveracruz.com.mx\/?p=148616"},"modified":"2025-07-10T07:28:20","modified_gmt":"2025-07-10T12:28:20","slug":"monos-blancos-y-ximena","status":"publish","type":"post","link":"https:\/\/lospoliticosveracruz.com\/?p=148616","title":{"rendered":"MONOS BLANCOS Y XIMENA"},"content":{"rendered":"\n\n\n<p><br><strong>Bernardo Guti\u00e9rrez Parra<\/strong><\/p>\n\n\n\n<p><em>Desde el Caf\u00e9<\/em><br>Cuando el subcomandante Marcos visit\u00f3 la Ciudad de M\u00e9xico en 2001, lo hizo acompa\u00f1ado de un grupo de sujetos italianos a los que los ind\u00edgenas chiapanecos apodaron \u201cLos Monos Blancos\u201d por el color de su vestimenta. \u201c\u00bfY lo de monos por qu\u00e9?\u201d, pregunt\u00e9 a una ind\u00edgena totzil. \u201cPorque son unos pinches monos\u201d, fue su contestaci\u00f3n.<\/p>\n\n\n\n<p>Arrogantes, prepotentes y odiositos, los Monos Blancos eran los encargados de hacer un c\u00edrculo alrededor del sub tomados de las manos a fin de que nadie se le acercara. Y as\u00ed lo acompa\u00f1aron hasta el Z\u00f3calo, el coraz\u00f3n de la ciudad.<\/p>\n\n\n\n<p>Cuando Marcos visit\u00f3 la UNAM, los Monos Blancos se tiraron en cualquier parte a descansar. Fue en ese momento que un reportero gr\u00e1fico, prieto como la negrura de la noche y fuerte como un toro al que le dec\u00edamos \u201cEl Merengue\u201d, se puso a accionar su c\u00e1mara. Esto no le gust\u00f3 a uno de los italianos que trat\u00f3 de arrebat\u00e1rsela al momento que le dec\u00eda: \u201cHey indio, largo de aqu\u00ed\u201d.<\/p>\n\n\n\n<p>Futa\u2026<\/p>\n\n\n\n<p>Al Merengue le sali\u00f3 el chichimeca que llevaba dentro porque lo agarr\u00f3 de la camisa, lo zarande\u00f3 hasta romp\u00e9rsela, lo avent\u00f3 contra el suelo como si fuera un hilacho y luego lo levant\u00f3 para gritarle: \u201cA mi ning\u00fan italiano baboso va a venir a correrme de mi casa, porque esto que ves aqu\u00ed pedazo de pendejo es M\u00e9xico y M\u00e9xico es mi casa\u201d.<\/p>\n\n\n\n<p>El altercado debi\u00f3 llegar a o\u00eddos del sub porque pasaron dos cosas: los Monos Blancos le bajaron un mundo al volumen de su radio y no volvimos a ver a aquel sujeto.<\/p>\n\n\n\n<p>El fin de semana, un agente de tr\u00e1nsito que vigilaba el tr\u00e1fico en la calle Alfonso Reyes de la colonia Condesa en la CDMX, vio que el due\u00f1o de un auto estacionado en un caj\u00f3n con parqu\u00edmetro olvid\u00f3 ponerle monedas al aparatejo, por lo que procedi\u00f3 a ponerle un inmovilizador al veh\u00edculo.<\/p>\n\n\n\n<p>Para desagracia del agente, en ese momento se le apareci\u00f3 Ximena Pichel, la due\u00f1a, una argentina identificada en las redes como Lady Racista y lo llen\u00f3 de soeces improperios. Primero lo tir\u00f3 hacia atr\u00e1s para evitar que pusiera el inmovilizador y luego le dijo. \u201cNo me est\u00e9s insultando pinche negro\u201d, cuando el agente no le hab\u00eda dicho nada.<\/p>\n\n\n\n<p>El video muestra al agente contest\u00e1ndole de manera tranquila: \u201cHasta racista eres\u201d lo que encendi\u00f3 a la mujer que le escupi\u00f3: \u201cA huevo, odio a los negros como t\u00fa, los odio por nacos. A m\u00ed no me hablas as\u00ed, pinche indio\u201d. Y agreg\u00f3 de corrido: \u201cEste es un resentido social porque ve que traigo un Mercedes, porque no tienes un pinche mugroso peso, pendejo. No entiendes por las buenas. \u00bfQuieres que te rompa tu madre?\u201d<\/p>\n\n\n\n<p>Aleg\u00f3rica la se\u00f1ora.<\/p>\n\n\n\n<p>Hay quienes le han reclamado al agente porque no meti\u00f3 ni las manos, pero hizo bien. Sabiendo como debe saber que en este pa\u00eds primero est\u00e1n los delincuentes y luego las autoridades, lo que hizo con su silencio fue defender el sustento de su familia.<\/p>\n\n\n\n<p>No es la primera vez ni ser\u00e1 la \u00faltima (al menos en lo que dura la 4T en el poder), que un delincuente o cualquier hijo de vecino insulta a un polic\u00eda, lo golpea o incluso lo mata y no pasa nada. Pero que no se le ocurra al polic\u00eda darle un toletazo a su agresor porque uta\u2026 se le viene el mundo encima.<\/p>\n\n\n\n<p>El caso lleg\u00f3 a la ma\u00f1anera donde la doctora Sheinbaum lo calific\u00f3 de hecho deplorable. \u201cEso no puede existir en nuestro pa\u00eds y hay que se\u00f1alarlo siempre\u2026 Ni xenofobia, ni racismo, ni clasismo, cero discriminaci\u00f3n en nuestro pa\u00eds\u201d.<\/p>\n\n\n\n<p>\u00bfEso es todo, se\u00f1ora presidenta?<\/p>\n\n\n\n<p>Aproximadamente un a\u00f1o despu\u00e9s del altercado en la UNAM nos enteramos que ese mismo d\u00eda, la embajada de Italia en nuestro pa\u00eds llam\u00f3 al Mono Blanco para decirle que ten\u00eda 24 horas para abandonar M\u00e9xico y el tipo se tuvo que ir.<\/p>\n\n\n\n<p>El 24 de febrero y al conmemorar el D\u00eda de la Bandera, la presidenta Claudia Sheinbaum dijo: \u201cCon la llegada de la Cuarta Transformaci\u00f3n se reivindic\u00f3 al pa\u00eds ante los ojos del mundo por lo que ahora a M\u00e9xico se le respeta\u2026 Nosotros no traicionamos ni a nuestro pueblo, ni a nuestra patria, ni a nuestra bandera\u201d.<\/p>\n\n\n\n<p>El destino le est\u00e1 brindando la oportunidad de ordenar que se expulse del pa\u00eds a Lady Racista por dos razones: porque no es la primera vez que insulta a un mexicano y porque de otra manera estar\u00e1 traicionando al agente de tr\u00e1nsito que tambi\u00e9n es pueblo y estaba cumpliendo con su deber.<\/p>\n\n\n\n<p>Solo entonces sabremos que en efecto a M\u00e9xico se le respeta. Y sujetos y sujetas indeseables como Ximena Pichel, la pensar\u00e1n dos veces antes de arremeter groseramente contra un ciudadano de la naci\u00f3n que generosamente los ha recibido.<\/p>\n\n\n\n<p>bernagup28@gmail.com<\/p>\n","protected":false},"excerpt":{"rendered":"<p>Bernardo Guti\u00e9rrez Parra Desde el Caf\u00e9Cuando el subcomandante Marcos visit\u00f3 la Ciudad de M\u00e9xico en 2001, lo hizo acompa\u00f1ado de un grupo de sujetos italianos a los que los ind\u00edgenas chiapanecos apodaron \u201cLos Monos Blancos\u201d por el color de su vestimenta. \u201c\u00bfY lo de monos por qu\u00e9?\u201d, pregunt\u00e9 a una ind\u00edgena totzil. \u201cPorque son unos [&hellip;]<\/p>\n","protected":false},"author":2,"featured_media":141479,"comment_status":"closed","ping_status":"closed","sticky":false,"template":"","format":"standard","meta":{"tdm_status":"","tdm_grid_status":"","footnotes":""},"categories":[70],"tags":[9627,44225,15950],"class_list":{"0":"post-148616","1":"post","2":"type-post","3":"status-publish","4":"format-standard","5":"has-post-thumbnail","7":"category-de-opinion","8":"tag-claudia-sheinbaum","9":"tag-monos-blancos","10":"tag-subcomandante-marcos"},"yoast_head":"<!-- This site is optimized with the Yoast SEO plugin v27.4 - https:\/\/yoast.com\/product\/yoast-seo-wordpress\/ -->\n<title>MONOS BLANCOS Y XIMENA - Los pol\u00edticos Veracruz<\/title>\n<meta name=\"robots\" content=\"index, follow, max-snippet:-1, max-image-preview:large, max-video-preview:-1\" \/>\n<link rel=\"canonical\" href=\"https:\/\/lospoliticosveracruz.com\/?p=148616\" \/>\n<meta property=\"og:locale\" content=\"es_ES\" \/>\n<meta property=\"og:type\" content=\"article\" \/>\n<meta property=\"og:title\" content=\"MONOS BLANCOS Y XIMENA - Los pol\u00edticos Veracruz\" \/>\n<meta property=\"og:description\" content=\"Bernardo Guti\u00e9rrez Parra Desde el Caf\u00e9Cuando el subcomandante Marcos visit\u00f3 la Ciudad de M\u00e9xico en 2001, lo hizo acompa\u00f1ado de un grupo de sujetos italianos a los que los ind\u00edgenas chiapanecos apodaron \u201cLos Monos Blancos\u201d por el color de su vestimenta. \u201c\u00bfY lo de monos por qu\u00e9?\u201d, pregunt\u00e9 a una ind\u00edgena totzil. \u201cPorque son unos [&hellip;]\" \/>\n<meta property=\"og:url\" content=\"https:\/\/lospoliticosveracruz.com\/?p=148616\" \/>\n<meta property=\"og:site_name\" content=\"Los pol\u00edticos Veracruz\" \/>\n<meta property=\"article:publisher\" content=\"https:\/\/www.facebook.com\/people\/Notimemes-de-los-Polticos\/61565672886568\/\" \/>\n<meta property=\"article:published_time\" content=\"2025-07-10T12:28:09+00:00\" \/>\n<meta property=\"article:modified_time\" content=\"2025-07-10T12:28:20+00:00\" \/>\n<meta property=\"og:image\" content=\"https:\/\/lospoliticosveracruz.com\/wp-content\/uploads\/2025\/04\/Bernardo-Gutierrez-Parra.jpg\" \/>\n\t<meta property=\"og:image:width\" content=\"1250\" \/>\n\t<meta property=\"og:image:height\" content=\"667\" \/>\n\t<meta property=\"og:image:type\" content=\"image\/jpeg\" \/>\n<meta name=\"author\" content=\"Lo viste en Los Pol\u00edticos\" \/>\n<meta name=\"twitter:card\" content=\"summary_large_image\" \/>\n<meta name=\"twitter:creator\" content=\"@LosPoliticosVer\" \/>\n<meta name=\"twitter:site\" content=\"@LosPoliticosVer\" \/>\n<meta name=\"twitter:label1\" content=\"Escrito por\" \/>\n\t<meta name=\"twitter:data1\" content=\"Lo viste en Los Pol\u00edticos\" \/>\n\t<meta name=\"twitter:label2\" content=\"Tiempo de lectura\" \/>\n\t<meta name=\"twitter:data2\" content=\"4 minutos\" \/>\n<script type=\"application\/ld+json\" class=\"yoast-schema-graph\">{\"@context\":\"https:\\\/\\\/schema.org\",\"@graph\":[{\"@type\":\"Article\",\"@id\":\"https:\\\/\\\/lospoliticosveracruz.com\\\/?p=148616#article\",\"isPartOf\":{\"@id\":\"https:\\\/\\\/lospoliticosveracruz.com\\\/?p=148616\"},\"author\":{\"name\":\"Lo viste en Los Pol\u00edticos\",\"@id\":\"https:\\\/\\\/lospoliticosveracruz.com\\\/#\\\/schema\\\/person\\\/b8702bb0e538456e6efd07080bf2a4a2\"},\"headline\":\"MONOS BLANCOS Y XIMENA\",\"datePublished\":\"2025-07-10T12:28:09+00:00\",\"dateModified\":\"2025-07-10T12:28:20+00:00\",\"mainEntityOfPage\":{\"@id\":\"https:\\\/\\\/lospoliticosveracruz.com\\\/?p=148616\"},\"wordCount\":860,\"publisher\":{\"@id\":\"https:\\\/\\\/lospoliticosveracruz.com\\\/#organization\"},\"image\":{\"@id\":\"https:\\\/\\\/lospoliticosveracruz.com\\\/?p=148616#primaryimage\"},\"thumbnailUrl\":\"https:\\\/\\\/lospoliticosveracruz.com\\\/wp-content\\\/uploads\\\/2025\\\/04\\\/Bernardo-Gutierrez-Parra.jpg\",\"keywords\":[\"Claudia Sheinbaum\",\"Monos blancos\",\"Subcomandante Marcos\"],\"articleSection\":[\"De Opini\u00f3n\"],\"inLanguage\":\"es\"},{\"@type\":\"WebPage\",\"@id\":\"https:\\\/\\\/lospoliticosveracruz.com\\\/?p=148616\",\"url\":\"https:\\\/\\\/lospoliticosveracruz.com\\\/?p=148616\",\"name\":\"MONOS BLANCOS Y XIMENA - Los pol\u00edticos Veracruz\",\"isPartOf\":{\"@id\":\"https:\\\/\\\/lospoliticosveracruz.com\\\/#website\"},\"primaryImageOfPage\":{\"@id\":\"https:\\\/\\\/lospoliticosveracruz.com\\\/?p=148616#primaryimage\"},\"image\":{\"@id\":\"https:\\\/\\\/lospoliticosveracruz.com\\\/?p=148616#primaryimage\"},\"thumbnailUrl\":\"https:\\\/\\\/lospoliticosveracruz.com\\\/wp-content\\\/uploads\\\/2025\\\/04\\\/Bernardo-Gutierrez-Parra.jpg\",\"datePublished\":\"2025-07-10T12:28:09+00:00\",\"dateModified\":\"2025-07-10T12:28:20+00:00\",\"breadcrumb\":{\"@id\":\"https:\\\/\\\/lospoliticosveracruz.com\\\/?p=148616#breadcrumb\"},\"inLanguage\":\"es\",\"potentialAction\":[{\"@type\":\"ReadAction\",\"target\":[\"https:\\\/\\\/lospoliticosveracruz.com\\\/?p=148616\"]}]},{\"@type\":\"ImageObject\",\"inLanguage\":\"es\",\"@id\":\"https:\\\/\\\/lospoliticosveracruz.com\\\/?p=148616#primaryimage\",\"url\":\"https:\\\/\\\/lospoliticosveracruz.com\\\/wp-content\\\/uploads\\\/2025\\\/04\\\/Bernardo-Gutierrez-Parra.jpg\",\"contentUrl\":\"https:\\\/\\\/lospoliticosveracruz.com\\\/wp-content\\\/uploads\\\/2025\\\/04\\\/Bernardo-Gutierrez-Parra.jpg\",\"width\":1250,\"height\":667},{\"@type\":\"BreadcrumbList\",\"@id\":\"https:\\\/\\\/lospoliticosveracruz.com\\\/?p=148616#breadcrumb\",\"itemListElement\":[{\"@type\":\"ListItem\",\"position\":1,\"name\":\"Portada\",\"item\":\"https:\\\/\\\/lospoliticosveracruz.com\\\/\"},{\"@type\":\"ListItem\",\"position\":2,\"name\":\"MONOS BLANCOS Y XIMENA\"}]},{\"@type\":\"WebSite\",\"@id\":\"https:\\\/\\\/lospoliticosveracruz.com\\\/#website\",\"url\":\"https:\\\/\\\/lospoliticosveracruz.com\\\/\",\"name\":\"Los pol\u00edticos Veracruz\",\"description\":\"\",\"publisher\":{\"@id\":\"https:\\\/\\\/lospoliticosveracruz.com\\\/#organization\"},\"potentialAction\":[{\"@type\":\"SearchAction\",\"target\":{\"@type\":\"EntryPoint\",\"urlTemplate\":\"https:\\\/\\\/lospoliticosveracruz.com\\\/?s={search_term_string}\"},\"query-input\":{\"@type\":\"PropertyValueSpecification\",\"valueRequired\":true,\"valueName\":\"search_term_string\"}}],\"inLanguage\":\"es\"},{\"@type\":\"Organization\",\"@id\":\"https:\\\/\\\/lospoliticosveracruz.com\\\/#organization\",\"name\":\"Los pol\u00edticos Veracruz\",\"url\":\"https:\\\/\\\/lospoliticosveracruz.com\\\/\",\"logo\":{\"@type\":\"ImageObject\",\"inLanguage\":\"es\",\"@id\":\"https:\\\/\\\/lospoliticosveracruz.com\\\/#\\\/schema\\\/logo\\\/image\\\/\",\"url\":\"https:\\\/\\\/lospoliticosveracruz.com\\\/wp-content\\\/uploads\\\/2025\\\/12\\\/Logo-Nuevo-LOS-POLITICOS-1.jpg\",\"contentUrl\":\"https:\\\/\\\/lospoliticosveracruz.com\\\/wp-content\\\/uploads\\\/2025\\\/12\\\/Logo-Nuevo-LOS-POLITICOS-1.jpg\",\"width\":260,\"height\":70,\"caption\":\"Los pol\u00edticos Veracruz\"},\"image\":{\"@id\":\"https:\\\/\\\/lospoliticosveracruz.com\\\/#\\\/schema\\\/logo\\\/image\\\/\"},\"sameAs\":[\"https:\\\/\\\/www.facebook.com\\\/people\\\/Notimemes-de-los-Polticos\\\/61565672886568\\\/\",\"https:\\\/\\\/x.com\\\/LosPoliticosVer\"]},{\"@type\":\"Person\",\"@id\":\"https:\\\/\\\/lospoliticosveracruz.com\\\/#\\\/schema\\\/person\\\/b8702bb0e538456e6efd07080bf2a4a2\",\"name\":\"Lo viste en Los Pol\u00edticos\",\"image\":{\"@type\":\"ImageObject\",\"inLanguage\":\"es\",\"@id\":\"https:\\\/\\\/secure.gravatar.com\\\/avatar\\\/3a8de04a2656d44082be478bd6c086daa447c4651605818287b9532d3d0bd435?s=96&d=mm&r=g\",\"url\":\"https:\\\/\\\/secure.gravatar.com\\\/avatar\\\/3a8de04a2656d44082be478bd6c086daa447c4651605818287b9532d3d0bd435?s=96&d=mm&r=g\",\"contentUrl\":\"https:\\\/\\\/secure.gravatar.com\\\/avatar\\\/3a8de04a2656d44082be478bd6c086daa447c4651605818287b9532d3d0bd435?s=96&d=mm&r=g\",\"caption\":\"Lo viste en Los Pol\u00edticos\"},\"url\":\"https:\\\/\\\/lospoliticosveracruz.com\\\/?author=2\"}]}<\/script>\n<!-- \/ Yoast SEO plugin. -->","yoast_head_json":{"title":"MONOS BLANCOS Y XIMENA - Los pol\u00edticos Veracruz","robots":{"index":"index","follow":"follow","max-snippet":"max-snippet:-1","max-image-preview":"max-image-preview:large","max-video-preview":"max-video-preview:-1"},"canonical":"https:\/\/lospoliticosveracruz.com\/?p=148616","og_locale":"es_ES","og_type":"article","og_title":"MONOS BLANCOS Y XIMENA - Los pol\u00edticos Veracruz","og_description":"Bernardo Guti\u00e9rrez Parra Desde el Caf\u00e9Cuando el subcomandante Marcos visit\u00f3 la Ciudad de M\u00e9xico en 2001, lo hizo acompa\u00f1ado de un grupo de sujetos italianos a los que los ind\u00edgenas chiapanecos apodaron \u201cLos Monos Blancos\u201d por el color de su vestimenta. \u201c\u00bfY lo de monos por qu\u00e9?\u201d, pregunt\u00e9 a una ind\u00edgena totzil. \u201cPorque son unos [&hellip;]","og_url":"https:\/\/lospoliticosveracruz.com\/?p=148616","og_site_name":"Los pol\u00edticos Veracruz","article_publisher":"https:\/\/www.facebook.com\/people\/Notimemes-de-los-Polticos\/61565672886568\/","article_published_time":"2025-07-10T12:28:09+00:00","article_modified_time":"2025-07-10T12:28:20+00:00","og_image":[{"width":1250,"height":667,"url":"https:\/\/lospoliticosveracruz.com\/wp-content\/uploads\/2025\/04\/Bernardo-Gutierrez-Parra.jpg","type":"image\/jpeg"}],"author":"Lo viste en Los Pol\u00edticos","twitter_card":"summary_large_image","twitter_creator":"@LosPoliticosVer","twitter_site":"@LosPoliticosVer","twitter_misc":{"Escrito por":"Lo viste en Los Pol\u00edticos","Tiempo de lectura":"4 minutos"},"schema":{"@context":"https:\/\/schema.org","@graph":[{"@type":"Article","@id":"https:\/\/lospoliticosveracruz.com\/?p=148616#article","isPartOf":{"@id":"https:\/\/lospoliticosveracruz.com\/?p=148616"},"author":{"name":"Lo viste en Los Pol\u00edticos","@id":"https:\/\/lospoliticosveracruz.com\/#\/schema\/person\/b8702bb0e538456e6efd07080bf2a4a2"},"headline":"MONOS BLANCOS Y XIMENA","datePublished":"2025-07-10T12:28:09+00:00","dateModified":"2025-07-10T12:28:20+00:00","mainEntityOfPage":{"@id":"https:\/\/lospoliticosveracruz.com\/?p=148616"},"wordCount":860,"publisher":{"@id":"https:\/\/lospoliticosveracruz.com\/#organization"},"image":{"@id":"https:\/\/lospoliticosveracruz.com\/?p=148616#primaryimage"},"thumbnailUrl":"https:\/\/lospoliticosveracruz.com\/wp-content\/uploads\/2025\/04\/Bernardo-Gutierrez-Parra.jpg","keywords":["Claudia Sheinbaum","Monos blancos","Subcomandante Marcos"],"articleSection":["De Opini\u00f3n"],"inLanguage":"es"},{"@type":"WebPage","@id":"https:\/\/lospoliticosveracruz.com\/?p=148616","url":"https:\/\/lospoliticosveracruz.com\/?p=148616","name":"MONOS BLANCOS Y XIMENA - Los pol\u00edticos Veracruz","isPartOf":{"@id":"https:\/\/lospoliticosveracruz.com\/#website"},"primaryImageOfPage":{"@id":"https:\/\/lospoliticosveracruz.com\/?p=148616#primaryimage"},"image":{"@id":"https:\/\/lospoliticosveracruz.com\/?p=148616#primaryimage"},"thumbnailUrl":"https:\/\/lospoliticosveracruz.com\/wp-content\/uploads\/2025\/04\/Bernardo-Gutierrez-Parra.jpg","datePublished":"2025-07-10T12:28:09+00:00","dateModified":"2025-07-10T12:28:20+00:00","breadcrumb":{"@id":"https:\/\/lospoliticosveracruz.com\/?p=148616#breadcrumb"},"inLanguage":"es","potentialAction":[{"@type":"ReadAction","target":["https:\/\/lospoliticosveracruz.com\/?p=148616"]}]},{"@type":"ImageObject","inLanguage":"es","@id":"https:\/\/lospoliticosveracruz.com\/?p=148616#primaryimage","url":"https:\/\/lospoliticosveracruz.com\/wp-content\/uploads\/2025\/04\/Bernardo-Gutierrez-Parra.jpg","contentUrl":"https:\/\/lospoliticosveracruz.com\/wp-content\/uploads\/2025\/04\/Bernardo-Gutierrez-Parra.jpg","width":1250,"height":667},{"@type":"BreadcrumbList","@id":"https:\/\/lospoliticosveracruz.com\/?p=148616#breadcrumb","itemListElement":[{"@type":"ListItem","position":1,"name":"Portada","item":"https:\/\/lospoliticosveracruz.com\/"},{"@type":"ListItem","position":2,"name":"MONOS BLANCOS Y XIMENA"}]},{"@type":"WebSite","@id":"https:\/\/lospoliticosveracruz.com\/#website","url":"https:\/\/lospoliticosveracruz.com\/","name":"Los pol\u00edticos Veracruz","description":"","publisher":{"@id":"https:\/\/lospoliticosveracruz.com\/#organization"},"potentialAction":[{"@type":"SearchAction","target":{"@type":"EntryPoint","urlTemplate":"https:\/\/lospoliticosveracruz.com\/?s={search_term_string}"},"query-input":{"@type":"PropertyValueSpecification","valueRequired":true,"valueName":"search_term_string"}}],"inLanguage":"es"},{"@type":"Organization","@id":"https:\/\/lospoliticosveracruz.com\/#organization","name":"Los pol\u00edticos Veracruz","url":"https:\/\/lospoliticosveracruz.com\/","logo":{"@type":"ImageObject","inLanguage":"es","@id":"https:\/\/lospoliticosveracruz.com\/#\/schema\/logo\/image\/","url":"https:\/\/lospoliticosveracruz.com\/wp-content\/uploads\/2025\/12\/Logo-Nuevo-LOS-POLITICOS-1.jpg","contentUrl":"https:\/\/lospoliticosveracruz.com\/wp-content\/uploads\/2025\/12\/Logo-Nuevo-LOS-POLITICOS-1.jpg","width":260,"height":70,"caption":"Los pol\u00edticos Veracruz"},"image":{"@id":"https:\/\/lospoliticosveracruz.com\/#\/schema\/logo\/image\/"},"sameAs":["https:\/\/www.facebook.com\/people\/Notimemes-de-los-Polticos\/61565672886568\/","https:\/\/x.com\/LosPoliticosVer"]},{"@type":"Person","@id":"https:\/\/lospoliticosveracruz.com\/#\/schema\/person\/b8702bb0e538456e6efd07080bf2a4a2","name":"Lo viste en Los Pol\u00edticos","image":{"@type":"ImageObject","inLanguage":"es","@id":"https:\/\/secure.gravatar.com\/avatar\/3a8de04a2656d44082be478bd6c086daa447c4651605818287b9532d3d0bd435?s=96&d=mm&r=g","url":"https:\/\/secure.gravatar.com\/avatar\/3a8de04a2656d44082be478bd6c086daa447c4651605818287b9532d3d0bd435?s=96&d=mm&r=g","contentUrl":"https:\/\/secure.gravatar.com\/avatar\/3a8de04a2656d44082be478bd6c086daa447c4651605818287b9532d3d0bd435?s=96&d=mm&r=g","caption":"Lo viste en Los Pol\u00edticos"},"url":"https:\/\/lospoliticosveracruz.com\/?author=2"}]}},"_links":{"self":[{"href":"https:\/\/lospoliticosveracruz.com\/index.php?rest_route=\/wp\/v2\/posts\/148616","targetHints":{"allow":["GET"]}}],"collection":[{"href":"https:\/\/lospoliticosveracruz.com\/index.php?rest_route=\/wp\/v2\/posts"}],"about":[{"href":"https:\/\/lospoliticosveracruz.com\/index.php?rest_route=\/wp\/v2\/types\/post"}],"author":[{"embeddable":true,"href":"https:\/\/lospoliticosveracruz.com\/index.php?rest_route=\/wp\/v2\/users\/2"}],"replies":[{"embeddable":true,"href":"https:\/\/lospoliticosveracruz.com\/index.php?rest_route=%2Fwp%2Fv2%2Fcomments&post=148616"}],"version-history":[{"count":1,"href":"https:\/\/lospoliticosveracruz.com\/index.php?rest_route=\/wp\/v2\/posts\/148616\/revisions"}],"predecessor-version":[{"id":148617,"href":"https:\/\/lospoliticosveracruz.com\/index.php?rest_route=\/wp\/v2\/posts\/148616\/revisions\/148617"}],"wp:featuredmedia":[{"embeddable":true,"href":"https:\/\/lospoliticosveracruz.com\/index.php?rest_route=\/wp\/v2\/media\/141479"}],"wp:attachment":[{"href":"https:\/\/lospoliticosveracruz.com\/index.php?rest_route=%2Fwp%2Fv2%2Fmedia&parent=148616"}],"wp:term":[{"taxonomy":"category","embeddable":true,"href":"https:\/\/lospoliticosveracruz.com\/index.php?rest_route=%2Fwp%2Fv2%2Fcategories&post=148616"},{"taxonomy":"post_tag","embeddable":true,"href":"https:\/\/lospoliticosveracruz.com\/index.php?rest_route=%2Fwp%2Fv2%2Ftags&post=148616"}],"curies":[{"name":"wp","href":"https:\/\/api.w.org\/{rel}","templated":true}]}}