{"id":148618,"date":"2025-07-10T07:36:24","date_gmt":"2025-07-10T12:36:24","guid":{"rendered":"https:\/\/lospoliticosveracruz.com.mx\/?p=148618"},"modified":"2025-07-10T07:36:38","modified_gmt":"2025-07-10T12:36:38","slug":"extrano-otorgamiento-de-contrato-en-la-cfe","status":"publish","type":"post","link":"https:\/\/lospoliticosveracruz.com\/?p=148618","title":{"rendered":"EXTRA\u00d1O OTORGAMIENTO DE CONTRATO EN LA CFE"},"content":{"rendered":"\n\n\n<p><strong>Fanny Y\u00e9pez<\/strong><\/p>\n\n\n\n<p><em>La Columna<\/em><\/p>\n\n\n\n<p><\/p>\n\n\n\n<p>Los golpes certeros que ha dado el gobierno federal en diversos actos de corrupci\u00f3n, renuevan la esperanza de que se puedan corregir muchas cosas que hab\u00edan tratado de normalizar en el imaginario colectivo, aunque evidentemente no puede ser as\u00ed el desarrollo de un pa\u00eds, entonces, es saludable ver que diariamente descubren fraudes y desv\u00edos de recursos p\u00fablicos, que se fugaban sin que nadie hiciera o dijera nada.<\/p>\n\n\n\n<p>En la Comisi\u00f3n Federal de Electricidad pareciera que las cosas caminan bien, pero resulta que el otorgamiento de contratos para el mantenimiento y suministro de equipo y refacciones, solo tiene dos proveedores y eso llama la atenci\u00f3n de trabajadores y empresarios, que esperan que les toque su turno, pero administraciones van y vienen y las cosas siguen igual, al menos en la Regi\u00f3n VI.<br>Ser\u00e1n las autoridades correspondientes quienes realicen las investigaciones de lo que ah\u00ed sucede, pero entre los nombres que se manejan est\u00e1n los de Miguel \u00c1ngel M\u00e1rquez Dom\u00ednguez, superintendente general del complejo termoel\u00e9ctrico Presidente Adolfo L\u00f3pez Mateos; y el ingeniero C\u00e9sar Iv\u00e1n Cruz Ch\u00e1vez, superintendente de mantenimiento, quienes al parecer tienen sus favoritos.<br>Una auditor\u00eda t\u00e9cnica y administrativa ser\u00eda muy saludable, para despejar esas dudas que flotan entre los trabajadores y algunos sectores que solo observan esos malos manejos.<br>La Central Termoel\u00e9ctrica \u00abPresidente Adolfo L\u00f3pez Mateos\u00bb est\u00e1 ubicada en Tuxpan, Veracruz, y es una de las plantas generadoras de energ\u00eda m\u00e1s grandes de M\u00e9xico.<br>La informaci\u00f3n acerca de las empresas que han sido beneficiadas con enormes montos, est\u00e1 a la vista de todos, porque es p\u00fablica, pero aqu\u00ed presentamos algunas de ellas que aparecen en esa relaci\u00f3n, que deber\u00e1 ser revisada para determinar si el procedimiento del otorgamiento de esos contratos fue el m\u00e1s adecuado.<br>Suministros y servicios de Altamira, que obtuvo 15 contratos que suman en total $ 154,484,539.87.<br>En otra relaci\u00f3n aparece lo siguiente: Mantenimiento y montaje de Tuxpan, que obtuvo 11 contratos que suman $ 45, 473,554.66.<br>De entrada, llama la atenci\u00f3n la denominaci\u00f3n de Suministros y servicios de Altamira, porque sabemos que Altamira est\u00e1 en el estado de Tamaulipas, pero tal vez sea solamente el nombre lo que prende los focos rojos, aunque dice la vieja frase \u201cpiensa mal y acertar\u00e1s\u201d.<br>Le cortan el suministro el\u00e9ctrico al Municipio de Agua Dulce<br>En el municipio sure\u00f1o de Agua Dulce, la ma\u00f1ana de este mi\u00e9rcoles elementos de la polic\u00eda municipal retuvieron por varias horas a trabajadores de la Comisi\u00f3n Federal de Electricidad, quienes acudieron a las instalaciones del ayuntamiento a cortar el suministro el\u00e9ctrico, ante la falta de pago de la autoridad.<br>El adeudo que enfrenta el ayuntamiento es de varios meses y hasta la fecha no ha cubierto este compromiso.<br>Los trabajadores federales informaron que actuaban conforme a lo establecido en sus protocolos internos y bajo \u00f3rdenes administrativas, por el incumplimiento de pago del servicio, situaci\u00f3n que ha sido documentada en otras instancias gubernamentales. Sin embargo, los agentes municipales alegaron tener instrucciones de impedir su salida.<br>Esta acci\u00f3n podr\u00eda tener implicaciones legales para el Ayuntamiento de Agua Dulce, ya que la retenci\u00f3n de personal y de una unidad oficial de una empresa del Estado podr\u00eda ser considerada una obstrucci\u00f3n a funciones federales e incluso una privaci\u00f3n ilegal de la libertad, de acuerdo con lo establecido en el C\u00f3digo Penal Federal.<br>Veracruz en quinto lugar nacional en delitos de extorsi\u00f3n<br>El delito de extorsi\u00f3n se ha convertido en gran preocupaci\u00f3n en M\u00e9xico, al menos en los \u00faltimos seis a\u00f1os este delito en el estado de Veracruz se ha incrementado en un 40 por ciento, debido a su creciente incidencia y al impacto directo que tiene en la seguridad de la poblaci\u00f3n y la econom\u00eda local. La lista la encabeza Edomex y Guanajuato.<br>La extorsi\u00f3n abarca desde amenazas telef\u00f3nicas hasta el cobro de \u201cpiso\u201d, por parte de grupos criminales, lo que afecta tanto a ciudadanos como a empresarios en distintos puntos del pa\u00eds.<br>En a\u00f1os recientes, la violencia asociada a la extorsi\u00f3n ha aumentado considerablemente, generando un ambiente de temor y afectando la vida cotidiana de miles de personas.<br>Entidades con mayor \u00edndice de extorsi\u00f3n<br>Ocho estados del pa\u00eds acumulan el 68% de las denuncias por extorsi\u00f3n a nivel nacional, siendo el Estado de M\u00e9xico y Guanajuato las entidades con mayor registro de este delito.<br>Estado de M\u00e9xico (Edomex): 2,049 carpetas<br>Guanajuato: 879<br>Nuevo Le\u00f3n: 645<br>Ciudad de M\u00e9xico(CDMX): 602<br>Veracruz: 585<br>Jalisco: 178<br>Michoac\u00e1n: 124<br>Guerrero: 47<br>Por eso fue bien vista la propuesta de la gobernadora Roc\u00edo Nahle, de aumentar las penas para castigar ese delito, porque con esa medida se podr\u00eda disuadir a los delincuentes y detener las extorciones.<br>Ser\u00e1 cuesti\u00f3n de que los diputados agilicen la modificaci\u00f3n al C\u00f3digo Penal del Estado para proceder en consecuencia y, efectivamente, aplicar la mano dura como lo se\u00f1ala la mandataria.<\/p>\n","protected":false},"excerpt":{"rendered":"<p>Fanny Y\u00e9pez La Columna Los golpes certeros que ha dado el gobierno federal en diversos actos de corrupci\u00f3n, renuevan la esperanza de que se puedan corregir muchas cosas que hab\u00edan tratado de normalizar en el imaginario colectivo, aunque evidentemente no puede ser as\u00ed el desarrollo de un pa\u00eds, entonces, es saludable ver que diariamente descubren [&hellip;]<\/p>\n","protected":false},"author":2,"featured_media":141383,"comment_status":"closed","ping_status":"closed","sticky":false,"template":"","format":"standard","meta":{"tdm_status":"","tdm_grid_status":"","footnotes":""},"categories":[70],"tags":[4973],"class_list":{"0":"post-148618","1":"post","2":"type-post","3":"status-publish","4":"format-standard","5":"has-post-thumbnail","7":"category-de-opinion","8":"tag-cfe"},"yoast_head":"<!-- This site is optimized with the Yoast SEO plugin v27.4 - https:\/\/yoast.com\/product\/yoast-seo-wordpress\/ -->\n<title>EXTRA\u00d1O OTORGAMIENTO DE CONTRATO EN LA CFE - Los pol\u00edticos Veracruz<\/title>\n<meta name=\"robots\" content=\"index, follow, max-snippet:-1, max-image-preview:large, max-video-preview:-1\" \/>\n<link rel=\"canonical\" href=\"https:\/\/lospoliticosveracruz.com\/?p=148618\" \/>\n<meta property=\"og:locale\" content=\"es_ES\" \/>\n<meta property=\"og:type\" content=\"article\" \/>\n<meta property=\"og:title\" content=\"EXTRA\u00d1O OTORGAMIENTO DE CONTRATO EN LA CFE - Los pol\u00edticos Veracruz\" \/>\n<meta property=\"og:description\" content=\"Fanny Y\u00e9pez La Columna Los golpes certeros que ha dado el gobierno federal en diversos actos de corrupci\u00f3n, renuevan la esperanza de que se puedan corregir muchas cosas que hab\u00edan tratado de normalizar en el imaginario colectivo, aunque evidentemente no puede ser as\u00ed el desarrollo de un pa\u00eds, entonces, es saludable ver que diariamente descubren [&hellip;]\" \/>\n<meta property=\"og:url\" content=\"https:\/\/lospoliticosveracruz.com\/?p=148618\" \/>\n<meta property=\"og:site_name\" content=\"Los pol\u00edticos Veracruz\" \/>\n<meta property=\"article:publisher\" content=\"https:\/\/www.facebook.com\/people\/Notimemes-de-los-Polticos\/61565672886568\/\" \/>\n<meta property=\"article:published_time\" content=\"2025-07-10T12:36:24+00:00\" \/>\n<meta property=\"article:modified_time\" content=\"2025-07-10T12:36:38+00:00\" \/>\n<meta property=\"og:image\" content=\"https:\/\/lospoliticosveracruz.com\/wp-content\/uploads\/2025\/04\/Fanny-Yepez-Luna-e1768657334923.jpg\" \/>\n\t<meta property=\"og:image:width\" content=\"600\" \/>\n\t<meta property=\"og:image:height\" content=\"320\" \/>\n\t<meta property=\"og:image:type\" content=\"image\/jpeg\" \/>\n<meta name=\"author\" content=\"Lo viste en Los Pol\u00edticos\" \/>\n<meta name=\"twitter:card\" content=\"summary_large_image\" \/>\n<meta name=\"twitter:creator\" content=\"@LosPoliticosVer\" \/>\n<meta name=\"twitter:site\" content=\"@LosPoliticosVer\" \/>\n<meta name=\"twitter:label1\" content=\"Escrito por\" \/>\n\t<meta name=\"twitter:data1\" content=\"Lo viste en Los Pol\u00edticos\" \/>\n\t<meta name=\"twitter:label2\" content=\"Tiempo de lectura\" \/>\n\t<meta name=\"twitter:data2\" content=\"4 minutos\" \/>\n<script type=\"application\/ld+json\" class=\"yoast-schema-graph\">{\"@context\":\"https:\\\/\\\/schema.org\",\"@graph\":[{\"@type\":\"Article\",\"@id\":\"https:\\\/\\\/lospoliticosveracruz.com\\\/?p=148618#article\",\"isPartOf\":{\"@id\":\"https:\\\/\\\/lospoliticosveracruz.com\\\/?p=148618\"},\"author\":{\"name\":\"Lo viste en Los Pol\u00edticos\",\"@id\":\"https:\\\/\\\/lospoliticosveracruz.com\\\/#\\\/schema\\\/person\\\/b8702bb0e538456e6efd07080bf2a4a2\"},\"headline\":\"EXTRA\u00d1O OTORGAMIENTO DE CONTRATO EN LA CFE\",\"datePublished\":\"2025-07-10T12:36:24+00:00\",\"dateModified\":\"2025-07-10T12:36:38+00:00\",\"mainEntityOfPage\":{\"@id\":\"https:\\\/\\\/lospoliticosveracruz.com\\\/?p=148618\"},\"wordCount\":859,\"publisher\":{\"@id\":\"https:\\\/\\\/lospoliticosveracruz.com\\\/#organization\"},\"image\":{\"@id\":\"https:\\\/\\\/lospoliticosveracruz.com\\\/?p=148618#primaryimage\"},\"thumbnailUrl\":\"https:\\\/\\\/lospoliticosveracruz.com\\\/wp-content\\\/uploads\\\/2025\\\/04\\\/Fanny-Yepez-Luna-e1768657334923.jpg\",\"keywords\":[\"CFE\"],\"articleSection\":[\"De Opini\u00f3n\"],\"inLanguage\":\"es\"},{\"@type\":\"WebPage\",\"@id\":\"https:\\\/\\\/lospoliticosveracruz.com\\\/?p=148618\",\"url\":\"https:\\\/\\\/lospoliticosveracruz.com\\\/?p=148618\",\"name\":\"EXTRA\u00d1O OTORGAMIENTO DE CONTRATO EN LA CFE - Los pol\u00edticos Veracruz\",\"isPartOf\":{\"@id\":\"https:\\\/\\\/lospoliticosveracruz.com\\\/#website\"},\"primaryImageOfPage\":{\"@id\":\"https:\\\/\\\/lospoliticosveracruz.com\\\/?p=148618#primaryimage\"},\"image\":{\"@id\":\"https:\\\/\\\/lospoliticosveracruz.com\\\/?p=148618#primaryimage\"},\"thumbnailUrl\":\"https:\\\/\\\/lospoliticosveracruz.com\\\/wp-content\\\/uploads\\\/2025\\\/04\\\/Fanny-Yepez-Luna-e1768657334923.jpg\",\"datePublished\":\"2025-07-10T12:36:24+00:00\",\"dateModified\":\"2025-07-10T12:36:38+00:00\",\"breadcrumb\":{\"@id\":\"https:\\\/\\\/lospoliticosveracruz.com\\\/?p=148618#breadcrumb\"},\"inLanguage\":\"es\",\"potentialAction\":[{\"@type\":\"ReadAction\",\"target\":[\"https:\\\/\\\/lospoliticosveracruz.com\\\/?p=148618\"]}]},{\"@type\":\"ImageObject\",\"inLanguage\":\"es\",\"@id\":\"https:\\\/\\\/lospoliticosveracruz.com\\\/?p=148618#primaryimage\",\"url\":\"https:\\\/\\\/lospoliticosveracruz.com\\\/wp-content\\\/uploads\\\/2025\\\/04\\\/Fanny-Yepez-Luna-e1768657334923.jpg\",\"contentUrl\":\"https:\\\/\\\/lospoliticosveracruz.com\\\/wp-content\\\/uploads\\\/2025\\\/04\\\/Fanny-Yepez-Luna-e1768657334923.jpg\",\"width\":600,\"height\":320},{\"@type\":\"BreadcrumbList\",\"@id\":\"https:\\\/\\\/lospoliticosveracruz.com\\\/?p=148618#breadcrumb\",\"itemListElement\":[{\"@type\":\"ListItem\",\"position\":1,\"name\":\"Portada\",\"item\":\"https:\\\/\\\/lospoliticosveracruz.com\\\/\"},{\"@type\":\"ListItem\",\"position\":2,\"name\":\"EXTRA\u00d1O OTORGAMIENTO DE CONTRATO EN LA CFE\"}]},{\"@type\":\"WebSite\",\"@id\":\"https:\\\/\\\/lospoliticosveracruz.com\\\/#website\",\"url\":\"https:\\\/\\\/lospoliticosveracruz.com\\\/\",\"name\":\"Los pol\u00edticos Veracruz\",\"description\":\"\",\"publisher\":{\"@id\":\"https:\\\/\\\/lospoliticosveracruz.com\\\/#organization\"},\"potentialAction\":[{\"@type\":\"SearchAction\",\"target\":{\"@type\":\"EntryPoint\",\"urlTemplate\":\"https:\\\/\\\/lospoliticosveracruz.com\\\/?s={search_term_string}\"},\"query-input\":{\"@type\":\"PropertyValueSpecification\",\"valueRequired\":true,\"valueName\":\"search_term_string\"}}],\"inLanguage\":\"es\"},{\"@type\":\"Organization\",\"@id\":\"https:\\\/\\\/lospoliticosveracruz.com\\\/#organization\",\"name\":\"Los pol\u00edticos Veracruz\",\"url\":\"https:\\\/\\\/lospoliticosveracruz.com\\\/\",\"logo\":{\"@type\":\"ImageObject\",\"inLanguage\":\"es\",\"@id\":\"https:\\\/\\\/lospoliticosveracruz.com\\\/#\\\/schema\\\/logo\\\/image\\\/\",\"url\":\"https:\\\/\\\/lospoliticosveracruz.com\\\/wp-content\\\/uploads\\\/2025\\\/12\\\/Logo-Nuevo-LOS-POLITICOS-1.jpg\",\"contentUrl\":\"https:\\\/\\\/lospoliticosveracruz.com\\\/wp-content\\\/uploads\\\/2025\\\/12\\\/Logo-Nuevo-LOS-POLITICOS-1.jpg\",\"width\":260,\"height\":70,\"caption\":\"Los pol\u00edticos Veracruz\"},\"image\":{\"@id\":\"https:\\\/\\\/lospoliticosveracruz.com\\\/#\\\/schema\\\/logo\\\/image\\\/\"},\"sameAs\":[\"https:\\\/\\\/www.facebook.com\\\/people\\\/Notimemes-de-los-Polticos\\\/61565672886568\\\/\",\"https:\\\/\\\/x.com\\\/LosPoliticosVer\"]},{\"@type\":\"Person\",\"@id\":\"https:\\\/\\\/lospoliticosveracruz.com\\\/#\\\/schema\\\/person\\\/b8702bb0e538456e6efd07080bf2a4a2\",\"name\":\"Lo viste en Los Pol\u00edticos\",\"image\":{\"@type\":\"ImageObject\",\"inLanguage\":\"es\",\"@id\":\"https:\\\/\\\/secure.gravatar.com\\\/avatar\\\/3a8de04a2656d44082be478bd6c086daa447c4651605818287b9532d3d0bd435?s=96&d=mm&r=g\",\"url\":\"https:\\\/\\\/secure.gravatar.com\\\/avatar\\\/3a8de04a2656d44082be478bd6c086daa447c4651605818287b9532d3d0bd435?s=96&d=mm&r=g\",\"contentUrl\":\"https:\\\/\\\/secure.gravatar.com\\\/avatar\\\/3a8de04a2656d44082be478bd6c086daa447c4651605818287b9532d3d0bd435?s=96&d=mm&r=g\",\"caption\":\"Lo viste en Los Pol\u00edticos\"},\"url\":\"https:\\\/\\\/lospoliticosveracruz.com\\\/?author=2\"}]}<\/script>\n<!-- \/ Yoast SEO plugin. -->","yoast_head_json":{"title":"EXTRA\u00d1O OTORGAMIENTO DE CONTRATO EN LA CFE - Los pol\u00edticos Veracruz","robots":{"index":"index","follow":"follow","max-snippet":"max-snippet:-1","max-image-preview":"max-image-preview:large","max-video-preview":"max-video-preview:-1"},"canonical":"https:\/\/lospoliticosveracruz.com\/?p=148618","og_locale":"es_ES","og_type":"article","og_title":"EXTRA\u00d1O OTORGAMIENTO DE CONTRATO EN LA CFE - Los pol\u00edticos Veracruz","og_description":"Fanny Y\u00e9pez La Columna Los golpes certeros que ha dado el gobierno federal en diversos actos de corrupci\u00f3n, renuevan la esperanza de que se puedan corregir muchas cosas que hab\u00edan tratado de normalizar en el imaginario colectivo, aunque evidentemente no puede ser as\u00ed el desarrollo de un pa\u00eds, entonces, es saludable ver que diariamente descubren [&hellip;]","og_url":"https:\/\/lospoliticosveracruz.com\/?p=148618","og_site_name":"Los pol\u00edticos Veracruz","article_publisher":"https:\/\/www.facebook.com\/people\/Notimemes-de-los-Polticos\/61565672886568\/","article_published_time":"2025-07-10T12:36:24+00:00","article_modified_time":"2025-07-10T12:36:38+00:00","og_image":[{"width":600,"height":320,"url":"https:\/\/lospoliticosveracruz.com\/wp-content\/uploads\/2025\/04\/Fanny-Yepez-Luna-e1768657334923.jpg","type":"image\/jpeg"}],"author":"Lo viste en Los Pol\u00edticos","twitter_card":"summary_large_image","twitter_creator":"@LosPoliticosVer","twitter_site":"@LosPoliticosVer","twitter_misc":{"Escrito por":"Lo viste en Los Pol\u00edticos","Tiempo de lectura":"4 minutos"},"schema":{"@context":"https:\/\/schema.org","@graph":[{"@type":"Article","@id":"https:\/\/lospoliticosveracruz.com\/?p=148618#article","isPartOf":{"@id":"https:\/\/lospoliticosveracruz.com\/?p=148618"},"author":{"name":"Lo viste en Los Pol\u00edticos","@id":"https:\/\/lospoliticosveracruz.com\/#\/schema\/person\/b8702bb0e538456e6efd07080bf2a4a2"},"headline":"EXTRA\u00d1O OTORGAMIENTO DE CONTRATO EN LA CFE","datePublished":"2025-07-10T12:36:24+00:00","dateModified":"2025-07-10T12:36:38+00:00","mainEntityOfPage":{"@id":"https:\/\/lospoliticosveracruz.com\/?p=148618"},"wordCount":859,"publisher":{"@id":"https:\/\/lospoliticosveracruz.com\/#organization"},"image":{"@id":"https:\/\/lospoliticosveracruz.com\/?p=148618#primaryimage"},"thumbnailUrl":"https:\/\/lospoliticosveracruz.com\/wp-content\/uploads\/2025\/04\/Fanny-Yepez-Luna-e1768657334923.jpg","keywords":["CFE"],"articleSection":["De Opini\u00f3n"],"inLanguage":"es"},{"@type":"WebPage","@id":"https:\/\/lospoliticosveracruz.com\/?p=148618","url":"https:\/\/lospoliticosveracruz.com\/?p=148618","name":"EXTRA\u00d1O OTORGAMIENTO DE CONTRATO EN LA CFE - Los pol\u00edticos Veracruz","isPartOf":{"@id":"https:\/\/lospoliticosveracruz.com\/#website"},"primaryImageOfPage":{"@id":"https:\/\/lospoliticosveracruz.com\/?p=148618#primaryimage"},"image":{"@id":"https:\/\/lospoliticosveracruz.com\/?p=148618#primaryimage"},"thumbnailUrl":"https:\/\/lospoliticosveracruz.com\/wp-content\/uploads\/2025\/04\/Fanny-Yepez-Luna-e1768657334923.jpg","datePublished":"2025-07-10T12:36:24+00:00","dateModified":"2025-07-10T12:36:38+00:00","breadcrumb":{"@id":"https:\/\/lospoliticosveracruz.com\/?p=148618#breadcrumb"},"inLanguage":"es","potentialAction":[{"@type":"ReadAction","target":["https:\/\/lospoliticosveracruz.com\/?p=148618"]}]},{"@type":"ImageObject","inLanguage":"es","@id":"https:\/\/lospoliticosveracruz.com\/?p=148618#primaryimage","url":"https:\/\/lospoliticosveracruz.com\/wp-content\/uploads\/2025\/04\/Fanny-Yepez-Luna-e1768657334923.jpg","contentUrl":"https:\/\/lospoliticosveracruz.com\/wp-content\/uploads\/2025\/04\/Fanny-Yepez-Luna-e1768657334923.jpg","width":600,"height":320},{"@type":"BreadcrumbList","@id":"https:\/\/lospoliticosveracruz.com\/?p=148618#breadcrumb","itemListElement":[{"@type":"ListItem","position":1,"name":"Portada","item":"https:\/\/lospoliticosveracruz.com\/"},{"@type":"ListItem","position":2,"name":"EXTRA\u00d1O OTORGAMIENTO DE CONTRATO EN LA CFE"}]},{"@type":"WebSite","@id":"https:\/\/lospoliticosveracruz.com\/#website","url":"https:\/\/lospoliticosveracruz.com\/","name":"Los pol\u00edticos Veracruz","description":"","publisher":{"@id":"https:\/\/lospoliticosveracruz.com\/#organization"},"potentialAction":[{"@type":"SearchAction","target":{"@type":"EntryPoint","urlTemplate":"https:\/\/lospoliticosveracruz.com\/?s={search_term_string}"},"query-input":{"@type":"PropertyValueSpecification","valueRequired":true,"valueName":"search_term_string"}}],"inLanguage":"es"},{"@type":"Organization","@id":"https:\/\/lospoliticosveracruz.com\/#organization","name":"Los pol\u00edticos Veracruz","url":"https:\/\/lospoliticosveracruz.com\/","logo":{"@type":"ImageObject","inLanguage":"es","@id":"https:\/\/lospoliticosveracruz.com\/#\/schema\/logo\/image\/","url":"https:\/\/lospoliticosveracruz.com\/wp-content\/uploads\/2025\/12\/Logo-Nuevo-LOS-POLITICOS-1.jpg","contentUrl":"https:\/\/lospoliticosveracruz.com\/wp-content\/uploads\/2025\/12\/Logo-Nuevo-LOS-POLITICOS-1.jpg","width":260,"height":70,"caption":"Los pol\u00edticos Veracruz"},"image":{"@id":"https:\/\/lospoliticosveracruz.com\/#\/schema\/logo\/image\/"},"sameAs":["https:\/\/www.facebook.com\/people\/Notimemes-de-los-Polticos\/61565672886568\/","https:\/\/x.com\/LosPoliticosVer"]},{"@type":"Person","@id":"https:\/\/lospoliticosveracruz.com\/#\/schema\/person\/b8702bb0e538456e6efd07080bf2a4a2","name":"Lo viste en Los Pol\u00edticos","image":{"@type":"ImageObject","inLanguage":"es","@id":"https:\/\/secure.gravatar.com\/avatar\/3a8de04a2656d44082be478bd6c086daa447c4651605818287b9532d3d0bd435?s=96&d=mm&r=g","url":"https:\/\/secure.gravatar.com\/avatar\/3a8de04a2656d44082be478bd6c086daa447c4651605818287b9532d3d0bd435?s=96&d=mm&r=g","contentUrl":"https:\/\/secure.gravatar.com\/avatar\/3a8de04a2656d44082be478bd6c086daa447c4651605818287b9532d3d0bd435?s=96&d=mm&r=g","caption":"Lo viste en Los Pol\u00edticos"},"url":"https:\/\/lospoliticosveracruz.com\/?author=2"}]}},"_links":{"self":[{"href":"https:\/\/lospoliticosveracruz.com\/index.php?rest_route=\/wp\/v2\/posts\/148618","targetHints":{"allow":["GET"]}}],"collection":[{"href":"https:\/\/lospoliticosveracruz.com\/index.php?rest_route=\/wp\/v2\/posts"}],"about":[{"href":"https:\/\/lospoliticosveracruz.com\/index.php?rest_route=\/wp\/v2\/types\/post"}],"author":[{"embeddable":true,"href":"https:\/\/lospoliticosveracruz.com\/index.php?rest_route=\/wp\/v2\/users\/2"}],"replies":[{"embeddable":true,"href":"https:\/\/lospoliticosveracruz.com\/index.php?rest_route=%2Fwp%2Fv2%2Fcomments&post=148618"}],"version-history":[{"count":2,"href":"https:\/\/lospoliticosveracruz.com\/index.php?rest_route=\/wp\/v2\/posts\/148618\/revisions"}],"predecessor-version":[{"id":148620,"href":"https:\/\/lospoliticosveracruz.com\/index.php?rest_route=\/wp\/v2\/posts\/148618\/revisions\/148620"}],"wp:featuredmedia":[{"embeddable":true,"href":"https:\/\/lospoliticosveracruz.com\/index.php?rest_route=\/wp\/v2\/media\/141383"}],"wp:attachment":[{"href":"https:\/\/lospoliticosveracruz.com\/index.php?rest_route=%2Fwp%2Fv2%2Fmedia&parent=148618"}],"wp:term":[{"taxonomy":"category","embeddable":true,"href":"https:\/\/lospoliticosveracruz.com\/index.php?rest_route=%2Fwp%2Fv2%2Fcategories&post=148618"},{"taxonomy":"post_tag","embeddable":true,"href":"https:\/\/lospoliticosveracruz.com\/index.php?rest_route=%2Fwp%2Fv2%2Ftags&post=148618"}],"curies":[{"name":"wp","href":"https:\/\/api.w.org\/{rel}","templated":true}]}}