{"id":148761,"date":"2025-07-13T10:44:23","date_gmt":"2025-07-13T15:44:23","guid":{"rendered":"https:\/\/lospoliticosveracruz.com.mx\/?p=148761"},"modified":"2025-07-13T10:54:31","modified_gmt":"2025-07-13T15:54:31","slug":"la-revolucion-institucionalizada-contrasentido","status":"publish","type":"post","link":"https:\/\/lospoliticosveracruz.com\/?p=148761","title":{"rendered":"LA REVOLUCI\u00d3N INSTITUCIONALIZADA, CONTRASENTIDO?"},"content":{"rendered":"\n\n\n<p><br><strong>INOCENCIO Y\u00c1\u00d1EZ VICENCIO<\/strong><br><br>S\u00f3lo voy a tratar de dar respuesta a algunos lectores que me pidieron les abundara sobre est\u00e1 relaci\u00f3n. En verdad muchas gracias. S\u00e9 que pueden acudir a diccionarios especializados y me distinguen con su lectura y su confianza, por lo que espero no defraudar su confianza con est\u00e1s reflexiones.<\/p>\n\n\n\n\n\n<p><br>As\u00ed como cuando al llegar un auto al talachero para que les arregle una llanta, si vieran que quiere desmontar la llanta con las u\u00f1as, se retirar\u00edan, porque saben que si no tiene las herramientas para hacer ese trabajo, as\u00ed sucede cuando cuando se trata de montar o desmontar una teor\u00eda, sin las herramientas conceptuales correspondientes, con la diferencia, que en las ciencias sociales, por no ser visible a los ciudadanos comunes, se realiza sin consecuencias para el autor y admitimos la charlataner\u00eda.<br>Por este motivo, comencemos por definir lo que es una revoluci\u00f3n.<br>De Cop\u00e9rnico, que fue el que utiliz\u00f3 por vez primera en 1543, a Thomas Kuhn, que la emplea para explicar el cambio de un viejo a un nuevo paradigma, ya , ese t\u00e9rmino pas\u00f3 por muchos usos.<br>En las ciencias sociales ese concepto resulta de la transformaci\u00f3n cualitativa, por lo que se denomina a los cambios cuantativos como Reforma y a los cambios cualitativos como Revoluci\u00f3n, sean pac\u00edficos o violentos o pac\u00edficos, cruentos o incruentos, graduales o violentos. Al calor de los acontecimientos que tuvieron lugar al terminar la Primera Guerra Mundial en Alemania, esa gran mujer que fue Rosa Luxemburgo, escribi\u00f3 un trabajo que es un referente sobre este tema que titula: Reforma o Revoluci\u00f3n. Don Jes\u00fas Reyes Heroles, dec\u00eda, con raz\u00f3n, que la acumulaci\u00f3n de cambios cuantitativos pueden desembocar en un cambio cualitativo, es decir, que la acumulaci\u00f3n de reformas pueden conducir a un cambio revolucionario. Este desconocimiento ha llevado a no pocos a llamar a un simple cambio violento revolucionario, eso es una distorsi\u00f3n, porque , antes que otra cosa , el cambio tiene que ser progresivo, no regresivo, para recibir el t\u00edtulo de revolucionario. Cuando destruye los logros de una revoluci\u00f3n estamos frente a una contra revoluci\u00f3n. Como se llama tambi\u00e9n conservador al que defiende la tradici\u00f3n. Edmund Burke, se asombraba que mientras en Inglaterra hicieran la Gran Revoluci\u00f3n de 1688, para restaurar la vieja ley, en Francia realizaran la Revoluci\u00f3n de 1789, para liquidar la vieja ley. C\u00f3mo se llama reaccionario al que se opone al cambio. Diferente al que trata de destruir la revoluci\u00f3n, que como ya vimos es un contrarrevolucionario. De todo esto se deduce que no hay revoluci\u00f3n permanente. Se puede invocar ese acontecimiento o salto cualitativo, pero s\u00f3lo eso. Normalmente se invoca para dos cosas: una , como fuente y la otra para legitimar un r\u00e9gimen.<br>Hay dos clases de revoluciones: las pol\u00edticas y las sociales. La revoluci\u00f3n pol\u00edtica se circunscribe al plano pol\u00edtico, se limita a cambiar el personal del gobierno. La revoluci\u00f3n social comprende no \u00fanicamente el reemplazo de las personas que gobiernan sino tambi\u00e9n la estructura econ\u00f3mico-social.<br>Francisco I. Madero, se propuso una revoluci\u00f3n pol\u00edtica, porque lo \u00fanico que le importaba era cambiar el personal que gobernaba y sus reglas para renovarlo. No olvidemos que la familia Madero, era parte de las \u00e9lites dominantes, ellas querr\u00edan un porfirismo sin Porfirio D\u00edaz. Cuando es aplastado el experimento democr\u00e1tico por el Cuartelazo de Victoriano Huerta, surge la Revoluci\u00f3n Social, que ya no s\u00f3lo se plantea enviar a su casa a los usurpadores sino , adem\u00e1s de disolver el Ej\u00e9rcito Federal, los Jefes Pol\u00edticos, los Rurales\u2026 Tambi\u00e9n acabar con el Latifundio, la Gran Hacienda, la Tienda de Raya, la esclavitud de Valle Nacional, el peonaje encasillado, las compa\u00f1\u00edas deslindadoras, el maridaje Iglesia Cat\u00f3lica &#8211; Dictadura y toda la estructura semifeudal que ven\u00eda desde la Colonia.<br>No falt\u00f3 qui\u00e9n despu\u00e9s de las princesas incumplidas de Madero, quisieron llevar la Revoluci\u00f3n aqu\u00ed y ahora. Cuando Lucio Blanco hizo el primer reparto agrario, se le dijo: no , as\u00ed no , el reparto agrario tendr\u00e1 que llevarse a cabo por medio de instituciones, porque al rato viene otra movilizaci\u00f3n y tratara de anularla por la fuerza. El reparto es un derecho y se har\u00e1 por la via del derecho.<br>En una revoluci\u00f3n el poder est\u00e1 en el fusil, pero una vez consumada, ese poder hay que nacionalizarlo, hay que ponerle l\u00edmites, empezando por someterlo al derecho.<br>Que el gobierno de la ley sustitituya al gobierno de las personas, es una aspiraci\u00f3n de las primeras civilizaciones. Nosotros no pod\u00edamos sustraernos a ese reclamo.<br>Pocos le han reconocido esa gran aportaci\u00f3n a Don Venustiano Carranza ( que por cierto ahora que apuntaba que su estatua registra ese craso error de ponerle General Venustiano Carranza, me corrigi\u00f3 Rafael Ram\u00edrez, su ubicaci\u00f3n, aclar\u00e1ndome que se localiza en el Barrio del Dique), que la Revoluci\u00f3n deb\u00eda de concretar su proyecto por la via de las instituciones. Su experiencia como gobernador en Coahuila, fue determinante.<br>Pocos saben que el presidente del Congreso Constituyente, Luis Manuel Rojas, env\u00edo, pr\u00e1cticamente, al cesto de la basura el proyecto de reformas que le envi\u00f3 el encargado del Poder Ejecutivo y Jefe del Ej\u00e9rcito Constitucionalista. ( Imaginemos lo que hubiera dicho AMLO, en su lugar: a mi no le cambian ni una coma). Ese m\u00e9rito, hoy m\u00e1s que nunca sabemos que no es cosa menor. Hans Kelsen, dice que no se le puede regatear a la fracci\u00f3n triunfante de una Revoluci\u00f3n, su derecho a convocar a un Constituyente. Por haberlo convocado y dejarlo en plena libertad, tiene un sitio de honor . No creo que no haya estado consciente que en plena revoluci\u00f3n estaba en quienes ten\u00edan las armas. M\u00e1s pienso que su antimilitarismo lo impuls\u00f3 a promover como sucesor al licenciado Ignacio Bonilla jr, lo que le cost\u00f3 la vida.<br>Si en lugar de defender que el reparto agrario se hiciera mediante una solicitud ante una oficina que expresamente fuera instituida con ese prop\u00f3sito y el estudio correspondiente de la necesidad y el derecho, Don Venustiano hubiera tenido un esp\u00edritu populista, el reparto lo hubiera realizado directamente, sin intermediarios \u00bb corruptos\u00bb, por lo cual se le hubiera visto como un mes\u00edas y el mejor presidente de M\u00e9xico.<br>Por esto , dec\u00eda en mi anterior colaboraci\u00f3n, tiene raz\u00f3n Don Jes\u00fas Reyes Heroles, al decir que una revoluci\u00f3n que no pretenda ser Institucional, es un enga\u00f1o. Toda revoluci\u00f3n sabe que sus hombres est\u00e1n de paso pero no as\u00ed sus instituciones.<br>El empe\u00f1o de Morena de sustituir el gobierno de las leyes por el gobierno de las personas e insistir en que los apoyos no se otorguen por el Estado sino como actos de los que gobiernan, cuando salen de los impuestos de todos, es un retroceso y una estafa.<br>Repito: AMLO no se sali\u00f3 del PRI porque no estuviera de acuerdo con sus ideas y pr\u00e1ctica, se sali\u00f3 porque no le dieron una candidatura. Dej\u00f3 el PRD, porque no quer\u00eda someterse a sus \u00f3rganos de gobierno. Creo Morena, porque es enemigo de reglas, es enemigo de instituciones, Creo Morena, para tener un partido donde impere s\u00f3lo su voluntad. Hoy hace de M\u00e9xico, un pa\u00eds sin divisi\u00f3n de poderes, sin un Poder Judicial independiente que le pida cuentas, sin \u00f3rganos aut\u00f3nomos que lo vigilen y controlen, sometido a alianzas que el abogado de los Guzm\u00e1n pone al descubierto. Respeto es lo que menos merece un gobernante postrado ante el cr\u00edmen y los caprichos de Trump. Claudia, puso a enfriar tanto su cabeza que se le congelo, tal vez por eso no vea que los destrozos que hicieron los v\u00e1ndalos en la Condesa, tienen la marca de Morena. No confunda un Sistema Imperial con su pueblo. Los norteamericanas como todo extranjero merece nuestro respeto, m\u00e1s si consideramos que andan o est\u00e1n lejos de su familia.<br>La ausencia de institucionalidad de Morena, la compensado con movilidad y propaganda, pero su f\u00e1brica de mentiras e infundios, empieza a palidecer, como los dineros para anestesiar a los beneficiarios de los programas sociales y seguir pagando esos despreciables paleros.<br>Hace algunos a\u00f1os Carlos Fuentes, fue recriminado por expresar: Echeverr\u00eda o el fascismo. Hoy diremos: la alianza PRI- PAN o el populismo vand\u00e1lico.<\/p>\n","protected":false},"excerpt":{"rendered":"<p>INOCENCIO Y\u00c1\u00d1EZ VICENCIO S\u00f3lo voy a tratar de dar respuesta a algunos lectores que me pidieron les abundara sobre est\u00e1 relaci\u00f3n. En verdad muchas gracias. S\u00e9 que pueden acudir a diccionarios especializados y me distinguen con su lectura y su confianza, por lo que espero no defraudar su confianza con est\u00e1s reflexiones. As\u00ed como cuando [&hellip;]<\/p>\n","protected":false},"author":2,"featured_media":141387,"comment_status":"closed","ping_status":"closed","sticky":false,"template":"","format":"standard","meta":{"tdm_status":"","tdm_grid_status":"","footnotes":""},"categories":[70],"tags":[],"class_list":{"0":"post-148761","1":"post","2":"type-post","3":"status-publish","4":"format-standard","5":"has-post-thumbnail","7":"category-de-opinion"},"yoast_head":"<!-- This site is optimized with the Yoast SEO plugin v27.4 - https:\/\/yoast.com\/product\/yoast-seo-wordpress\/ -->\n<title>LA REVOLUCI\u00d3N INSTITUCIONALIZADA, CONTRASENTIDO? - Los pol\u00edticos Veracruz<\/title>\n<meta name=\"robots\" content=\"index, follow, max-snippet:-1, max-image-preview:large, max-video-preview:-1\" \/>\n<link rel=\"canonical\" href=\"https:\/\/lospoliticosveracruz.com\/?p=148761\" \/>\n<meta property=\"og:locale\" content=\"es_ES\" \/>\n<meta property=\"og:type\" content=\"article\" \/>\n<meta property=\"og:title\" content=\"LA REVOLUCI\u00d3N INSTITUCIONALIZADA, CONTRASENTIDO? - Los pol\u00edticos Veracruz\" \/>\n<meta property=\"og:description\" content=\"INOCENCIO Y\u00c1\u00d1EZ VICENCIO S\u00f3lo voy a tratar de dar respuesta a algunos lectores que me pidieron les abundara sobre est\u00e1 relaci\u00f3n. En verdad muchas gracias. S\u00e9 que pueden acudir a diccionarios especializados y me distinguen con su lectura y su confianza, por lo que espero no defraudar su confianza con est\u00e1s reflexiones. As\u00ed como cuando [&hellip;]\" \/>\n<meta property=\"og:url\" content=\"https:\/\/lospoliticosveracruz.com\/?p=148761\" \/>\n<meta property=\"og:site_name\" content=\"Los pol\u00edticos Veracruz\" \/>\n<meta property=\"article:publisher\" content=\"https:\/\/www.facebook.com\/people\/Notimemes-de-los-Polticos\/61565672886568\/\" \/>\n<meta property=\"article:published_time\" content=\"2025-07-13T15:44:23+00:00\" \/>\n<meta property=\"article:modified_time\" content=\"2025-07-13T15:54:31+00:00\" \/>\n<meta property=\"og:image\" content=\"https:\/\/lospoliticosveracruz.com\/wp-content\/uploads\/2025\/04\/Inocencio-Yanez-Vicencio.jpg\" \/>\n\t<meta property=\"og:image:width\" content=\"1250\" \/>\n\t<meta property=\"og:image:height\" content=\"667\" \/>\n\t<meta property=\"og:image:type\" content=\"image\/jpeg\" \/>\n<meta name=\"author\" content=\"Lo viste en Los Pol\u00edticos\" \/>\n<meta name=\"twitter:card\" content=\"summary_large_image\" \/>\n<meta name=\"twitter:creator\" content=\"@LosPoliticosVer\" \/>\n<meta name=\"twitter:site\" content=\"@LosPoliticosVer\" \/>\n<meta name=\"twitter:label1\" content=\"Escrito por\" \/>\n\t<meta name=\"twitter:data1\" content=\"Lo viste en Los Pol\u00edticos\" \/>\n\t<meta name=\"twitter:label2\" content=\"Tiempo de lectura\" \/>\n\t<meta name=\"twitter:data2\" content=\"7 minutos\" \/>\n<script type=\"application\/ld+json\" class=\"yoast-schema-graph\">{\"@context\":\"https:\\\/\\\/schema.org\",\"@graph\":[{\"@type\":\"Article\",\"@id\":\"https:\\\/\\\/lospoliticosveracruz.com\\\/?p=148761#article\",\"isPartOf\":{\"@id\":\"https:\\\/\\\/lospoliticosveracruz.com\\\/?p=148761\"},\"author\":{\"name\":\"Lo viste en Los Pol\u00edticos\",\"@id\":\"https:\\\/\\\/lospoliticosveracruz.com\\\/#\\\/schema\\\/person\\\/b8702bb0e538456e6efd07080bf2a4a2\"},\"headline\":\"LA REVOLUCI\u00d3N INSTITUCIONALIZADA, CONTRASENTIDO?\",\"datePublished\":\"2025-07-13T15:44:23+00:00\",\"dateModified\":\"2025-07-13T15:54:31+00:00\",\"mainEntityOfPage\":{\"@id\":\"https:\\\/\\\/lospoliticosveracruz.com\\\/?p=148761\"},\"wordCount\":1444,\"publisher\":{\"@id\":\"https:\\\/\\\/lospoliticosveracruz.com\\\/#organization\"},\"image\":{\"@id\":\"https:\\\/\\\/lospoliticosveracruz.com\\\/?p=148761#primaryimage\"},\"thumbnailUrl\":\"https:\\\/\\\/lospoliticosveracruz.com\\\/wp-content\\\/uploads\\\/2025\\\/04\\\/Inocencio-Yanez-Vicencio.jpg\",\"articleSection\":[\"De Opini\u00f3n\"],\"inLanguage\":\"es\"},{\"@type\":\"WebPage\",\"@id\":\"https:\\\/\\\/lospoliticosveracruz.com\\\/?p=148761\",\"url\":\"https:\\\/\\\/lospoliticosveracruz.com\\\/?p=148761\",\"name\":\"LA REVOLUCI\u00d3N INSTITUCIONALIZADA, CONTRASENTIDO? - Los pol\u00edticos Veracruz\",\"isPartOf\":{\"@id\":\"https:\\\/\\\/lospoliticosveracruz.com\\\/#website\"},\"primaryImageOfPage\":{\"@id\":\"https:\\\/\\\/lospoliticosveracruz.com\\\/?p=148761#primaryimage\"},\"image\":{\"@id\":\"https:\\\/\\\/lospoliticosveracruz.com\\\/?p=148761#primaryimage\"},\"thumbnailUrl\":\"https:\\\/\\\/lospoliticosveracruz.com\\\/wp-content\\\/uploads\\\/2025\\\/04\\\/Inocencio-Yanez-Vicencio.jpg\",\"datePublished\":\"2025-07-13T15:44:23+00:00\",\"dateModified\":\"2025-07-13T15:54:31+00:00\",\"breadcrumb\":{\"@id\":\"https:\\\/\\\/lospoliticosveracruz.com\\\/?p=148761#breadcrumb\"},\"inLanguage\":\"es\",\"potentialAction\":[{\"@type\":\"ReadAction\",\"target\":[\"https:\\\/\\\/lospoliticosveracruz.com\\\/?p=148761\"]}]},{\"@type\":\"ImageObject\",\"inLanguage\":\"es\",\"@id\":\"https:\\\/\\\/lospoliticosveracruz.com\\\/?p=148761#primaryimage\",\"url\":\"https:\\\/\\\/lospoliticosveracruz.com\\\/wp-content\\\/uploads\\\/2025\\\/04\\\/Inocencio-Yanez-Vicencio.jpg\",\"contentUrl\":\"https:\\\/\\\/lospoliticosveracruz.com\\\/wp-content\\\/uploads\\\/2025\\\/04\\\/Inocencio-Yanez-Vicencio.jpg\",\"width\":1250,\"height\":667},{\"@type\":\"BreadcrumbList\",\"@id\":\"https:\\\/\\\/lospoliticosveracruz.com\\\/?p=148761#breadcrumb\",\"itemListElement\":[{\"@type\":\"ListItem\",\"position\":1,\"name\":\"Portada\",\"item\":\"https:\\\/\\\/lospoliticosveracruz.com\\\/\"},{\"@type\":\"ListItem\",\"position\":2,\"name\":\"LA REVOLUCI\u00d3N INSTITUCIONALIZADA, CONTRASENTIDO?\"}]},{\"@type\":\"WebSite\",\"@id\":\"https:\\\/\\\/lospoliticosveracruz.com\\\/#website\",\"url\":\"https:\\\/\\\/lospoliticosveracruz.com\\\/\",\"name\":\"Los pol\u00edticos Veracruz\",\"description\":\"\",\"publisher\":{\"@id\":\"https:\\\/\\\/lospoliticosveracruz.com\\\/#organization\"},\"potentialAction\":[{\"@type\":\"SearchAction\",\"target\":{\"@type\":\"EntryPoint\",\"urlTemplate\":\"https:\\\/\\\/lospoliticosveracruz.com\\\/?s={search_term_string}\"},\"query-input\":{\"@type\":\"PropertyValueSpecification\",\"valueRequired\":true,\"valueName\":\"search_term_string\"}}],\"inLanguage\":\"es\"},{\"@type\":\"Organization\",\"@id\":\"https:\\\/\\\/lospoliticosveracruz.com\\\/#organization\",\"name\":\"Los pol\u00edticos Veracruz\",\"url\":\"https:\\\/\\\/lospoliticosveracruz.com\\\/\",\"logo\":{\"@type\":\"ImageObject\",\"inLanguage\":\"es\",\"@id\":\"https:\\\/\\\/lospoliticosveracruz.com\\\/#\\\/schema\\\/logo\\\/image\\\/\",\"url\":\"https:\\\/\\\/lospoliticosveracruz.com\\\/wp-content\\\/uploads\\\/2025\\\/12\\\/Logo-Nuevo-LOS-POLITICOS-1.jpg\",\"contentUrl\":\"https:\\\/\\\/lospoliticosveracruz.com\\\/wp-content\\\/uploads\\\/2025\\\/12\\\/Logo-Nuevo-LOS-POLITICOS-1.jpg\",\"width\":260,\"height\":70,\"caption\":\"Los pol\u00edticos Veracruz\"},\"image\":{\"@id\":\"https:\\\/\\\/lospoliticosveracruz.com\\\/#\\\/schema\\\/logo\\\/image\\\/\"},\"sameAs\":[\"https:\\\/\\\/www.facebook.com\\\/people\\\/Notimemes-de-los-Polticos\\\/61565672886568\\\/\",\"https:\\\/\\\/x.com\\\/LosPoliticosVer\"]},{\"@type\":\"Person\",\"@id\":\"https:\\\/\\\/lospoliticosveracruz.com\\\/#\\\/schema\\\/person\\\/b8702bb0e538456e6efd07080bf2a4a2\",\"name\":\"Lo viste en Los Pol\u00edticos\",\"image\":{\"@type\":\"ImageObject\",\"inLanguage\":\"es\",\"@id\":\"https:\\\/\\\/secure.gravatar.com\\\/avatar\\\/3a8de04a2656d44082be478bd6c086daa447c4651605818287b9532d3d0bd435?s=96&d=mm&r=g\",\"url\":\"https:\\\/\\\/secure.gravatar.com\\\/avatar\\\/3a8de04a2656d44082be478bd6c086daa447c4651605818287b9532d3d0bd435?s=96&d=mm&r=g\",\"contentUrl\":\"https:\\\/\\\/secure.gravatar.com\\\/avatar\\\/3a8de04a2656d44082be478bd6c086daa447c4651605818287b9532d3d0bd435?s=96&d=mm&r=g\",\"caption\":\"Lo viste en Los Pol\u00edticos\"},\"url\":\"https:\\\/\\\/lospoliticosveracruz.com\\\/?author=2\"}]}<\/script>\n<!-- \/ Yoast SEO plugin. -->","yoast_head_json":{"title":"LA REVOLUCI\u00d3N INSTITUCIONALIZADA, CONTRASENTIDO? - Los pol\u00edticos Veracruz","robots":{"index":"index","follow":"follow","max-snippet":"max-snippet:-1","max-image-preview":"max-image-preview:large","max-video-preview":"max-video-preview:-1"},"canonical":"https:\/\/lospoliticosveracruz.com\/?p=148761","og_locale":"es_ES","og_type":"article","og_title":"LA REVOLUCI\u00d3N INSTITUCIONALIZADA, CONTRASENTIDO? - Los pol\u00edticos Veracruz","og_description":"INOCENCIO Y\u00c1\u00d1EZ VICENCIO S\u00f3lo voy a tratar de dar respuesta a algunos lectores que me pidieron les abundara sobre est\u00e1 relaci\u00f3n. En verdad muchas gracias. S\u00e9 que pueden acudir a diccionarios especializados y me distinguen con su lectura y su confianza, por lo que espero no defraudar su confianza con est\u00e1s reflexiones. As\u00ed como cuando [&hellip;]","og_url":"https:\/\/lospoliticosveracruz.com\/?p=148761","og_site_name":"Los pol\u00edticos Veracruz","article_publisher":"https:\/\/www.facebook.com\/people\/Notimemes-de-los-Polticos\/61565672886568\/","article_published_time":"2025-07-13T15:44:23+00:00","article_modified_time":"2025-07-13T15:54:31+00:00","og_image":[{"width":1250,"height":667,"url":"https:\/\/lospoliticosveracruz.com\/wp-content\/uploads\/2025\/04\/Inocencio-Yanez-Vicencio.jpg","type":"image\/jpeg"}],"author":"Lo viste en Los Pol\u00edticos","twitter_card":"summary_large_image","twitter_creator":"@LosPoliticosVer","twitter_site":"@LosPoliticosVer","twitter_misc":{"Escrito por":"Lo viste en Los Pol\u00edticos","Tiempo de lectura":"7 minutos"},"schema":{"@context":"https:\/\/schema.org","@graph":[{"@type":"Article","@id":"https:\/\/lospoliticosveracruz.com\/?p=148761#article","isPartOf":{"@id":"https:\/\/lospoliticosveracruz.com\/?p=148761"},"author":{"name":"Lo viste en Los Pol\u00edticos","@id":"https:\/\/lospoliticosveracruz.com\/#\/schema\/person\/b8702bb0e538456e6efd07080bf2a4a2"},"headline":"LA REVOLUCI\u00d3N INSTITUCIONALIZADA, CONTRASENTIDO?","datePublished":"2025-07-13T15:44:23+00:00","dateModified":"2025-07-13T15:54:31+00:00","mainEntityOfPage":{"@id":"https:\/\/lospoliticosveracruz.com\/?p=148761"},"wordCount":1444,"publisher":{"@id":"https:\/\/lospoliticosveracruz.com\/#organization"},"image":{"@id":"https:\/\/lospoliticosveracruz.com\/?p=148761#primaryimage"},"thumbnailUrl":"https:\/\/lospoliticosveracruz.com\/wp-content\/uploads\/2025\/04\/Inocencio-Yanez-Vicencio.jpg","articleSection":["De Opini\u00f3n"],"inLanguage":"es"},{"@type":"WebPage","@id":"https:\/\/lospoliticosveracruz.com\/?p=148761","url":"https:\/\/lospoliticosveracruz.com\/?p=148761","name":"LA REVOLUCI\u00d3N INSTITUCIONALIZADA, CONTRASENTIDO? - Los pol\u00edticos Veracruz","isPartOf":{"@id":"https:\/\/lospoliticosveracruz.com\/#website"},"primaryImageOfPage":{"@id":"https:\/\/lospoliticosveracruz.com\/?p=148761#primaryimage"},"image":{"@id":"https:\/\/lospoliticosveracruz.com\/?p=148761#primaryimage"},"thumbnailUrl":"https:\/\/lospoliticosveracruz.com\/wp-content\/uploads\/2025\/04\/Inocencio-Yanez-Vicencio.jpg","datePublished":"2025-07-13T15:44:23+00:00","dateModified":"2025-07-13T15:54:31+00:00","breadcrumb":{"@id":"https:\/\/lospoliticosveracruz.com\/?p=148761#breadcrumb"},"inLanguage":"es","potentialAction":[{"@type":"ReadAction","target":["https:\/\/lospoliticosveracruz.com\/?p=148761"]}]},{"@type":"ImageObject","inLanguage":"es","@id":"https:\/\/lospoliticosveracruz.com\/?p=148761#primaryimage","url":"https:\/\/lospoliticosveracruz.com\/wp-content\/uploads\/2025\/04\/Inocencio-Yanez-Vicencio.jpg","contentUrl":"https:\/\/lospoliticosveracruz.com\/wp-content\/uploads\/2025\/04\/Inocencio-Yanez-Vicencio.jpg","width":1250,"height":667},{"@type":"BreadcrumbList","@id":"https:\/\/lospoliticosveracruz.com\/?p=148761#breadcrumb","itemListElement":[{"@type":"ListItem","position":1,"name":"Portada","item":"https:\/\/lospoliticosveracruz.com\/"},{"@type":"ListItem","position":2,"name":"LA REVOLUCI\u00d3N INSTITUCIONALIZADA, CONTRASENTIDO?"}]},{"@type":"WebSite","@id":"https:\/\/lospoliticosveracruz.com\/#website","url":"https:\/\/lospoliticosveracruz.com\/","name":"Los pol\u00edticos Veracruz","description":"","publisher":{"@id":"https:\/\/lospoliticosveracruz.com\/#organization"},"potentialAction":[{"@type":"SearchAction","target":{"@type":"EntryPoint","urlTemplate":"https:\/\/lospoliticosveracruz.com\/?s={search_term_string}"},"query-input":{"@type":"PropertyValueSpecification","valueRequired":true,"valueName":"search_term_string"}}],"inLanguage":"es"},{"@type":"Organization","@id":"https:\/\/lospoliticosveracruz.com\/#organization","name":"Los pol\u00edticos Veracruz","url":"https:\/\/lospoliticosveracruz.com\/","logo":{"@type":"ImageObject","inLanguage":"es","@id":"https:\/\/lospoliticosveracruz.com\/#\/schema\/logo\/image\/","url":"https:\/\/lospoliticosveracruz.com\/wp-content\/uploads\/2025\/12\/Logo-Nuevo-LOS-POLITICOS-1.jpg","contentUrl":"https:\/\/lospoliticosveracruz.com\/wp-content\/uploads\/2025\/12\/Logo-Nuevo-LOS-POLITICOS-1.jpg","width":260,"height":70,"caption":"Los pol\u00edticos Veracruz"},"image":{"@id":"https:\/\/lospoliticosveracruz.com\/#\/schema\/logo\/image\/"},"sameAs":["https:\/\/www.facebook.com\/people\/Notimemes-de-los-Polticos\/61565672886568\/","https:\/\/x.com\/LosPoliticosVer"]},{"@type":"Person","@id":"https:\/\/lospoliticosveracruz.com\/#\/schema\/person\/b8702bb0e538456e6efd07080bf2a4a2","name":"Lo viste en Los Pol\u00edticos","image":{"@type":"ImageObject","inLanguage":"es","@id":"https:\/\/secure.gravatar.com\/avatar\/3a8de04a2656d44082be478bd6c086daa447c4651605818287b9532d3d0bd435?s=96&d=mm&r=g","url":"https:\/\/secure.gravatar.com\/avatar\/3a8de04a2656d44082be478bd6c086daa447c4651605818287b9532d3d0bd435?s=96&d=mm&r=g","contentUrl":"https:\/\/secure.gravatar.com\/avatar\/3a8de04a2656d44082be478bd6c086daa447c4651605818287b9532d3d0bd435?s=96&d=mm&r=g","caption":"Lo viste en Los Pol\u00edticos"},"url":"https:\/\/lospoliticosveracruz.com\/?author=2"}]}},"_links":{"self":[{"href":"https:\/\/lospoliticosveracruz.com\/index.php?rest_route=\/wp\/v2\/posts\/148761","targetHints":{"allow":["GET"]}}],"collection":[{"href":"https:\/\/lospoliticosveracruz.com\/index.php?rest_route=\/wp\/v2\/posts"}],"about":[{"href":"https:\/\/lospoliticosveracruz.com\/index.php?rest_route=\/wp\/v2\/types\/post"}],"author":[{"embeddable":true,"href":"https:\/\/lospoliticosveracruz.com\/index.php?rest_route=\/wp\/v2\/users\/2"}],"replies":[{"embeddable":true,"href":"https:\/\/lospoliticosveracruz.com\/index.php?rest_route=%2Fwp%2Fv2%2Fcomments&post=148761"}],"version-history":[{"count":2,"href":"https:\/\/lospoliticosveracruz.com\/index.php?rest_route=\/wp\/v2\/posts\/148761\/revisions"}],"predecessor-version":[{"id":148764,"href":"https:\/\/lospoliticosveracruz.com\/index.php?rest_route=\/wp\/v2\/posts\/148761\/revisions\/148764"}],"wp:featuredmedia":[{"embeddable":true,"href":"https:\/\/lospoliticosveracruz.com\/index.php?rest_route=\/wp\/v2\/media\/141387"}],"wp:attachment":[{"href":"https:\/\/lospoliticosveracruz.com\/index.php?rest_route=%2Fwp%2Fv2%2Fmedia&parent=148761"}],"wp:term":[{"taxonomy":"category","embeddable":true,"href":"https:\/\/lospoliticosveracruz.com\/index.php?rest_route=%2Fwp%2Fv2%2Fcategories&post=148761"},{"taxonomy":"post_tag","embeddable":true,"href":"https:\/\/lospoliticosveracruz.com\/index.php?rest_route=%2Fwp%2Fv2%2Ftags&post=148761"}],"curies":[{"name":"wp","href":"https:\/\/api.w.org\/{rel}","templated":true}]}}