{"id":148777,"date":"2025-07-13T20:57:17","date_gmt":"2025-07-14T01:57:17","guid":{"rendered":"https:\/\/lospoliticosveracruz.com.mx\/?p=148777"},"modified":"2025-07-13T20:57:27","modified_gmt":"2025-07-14T01:57:27","slug":"la-ausente-oposicion-en-mexico","status":"publish","type":"post","link":"https:\/\/lospoliticosveracruz.com\/?p=148777","title":{"rendered":"LA AUSENTE OPOSICI\u00d3N EN M\u00c9XICO"},"content":{"rendered":"\n\n\n<p><br><br><strong>Carlos Miguel Acosta Bravo*<\/strong><\/p>\n\n\n\n<p><em>&nbsp;Impronta<\/em><\/p>\n\n\n\n<p>La oposici\u00f3n pol\u00edtica es fundamental en un sistema democr\u00e1tico como M\u00e9xico por varias razones clave: Equilibrio de poder: Evita la concentraci\u00f3n absoluta del poder en un solo partido o grupo, fomentando la rendici\u00f3n de cuentas y previniendo abusos de autoridad.&nbsp;&nbsp;\u2060Representaci\u00f3n plural: Permite que diversas visiones e intereses de la sociedad sean considerados en la toma de decisiones, reflejando la diversidad pol\u00edtica, social y cultural del pa\u00eds.&nbsp;&nbsp;\u2060Control y fiscalizaci\u00f3n: La oposici\u00f3n vigila y critica las acciones del gobierno, exigiendo transparencia y mejor desempe\u00f1o en la administraci\u00f3n p\u00fablica.&nbsp;&nbsp;Alternancia pol\u00edtica: Facilita un cambio pac\u00edfico de gobierno mediante elecciones, lo que es esencial para renovar ideas y evitar el estancamiento.&nbsp;&nbsp;Defensa de las minor\u00edas: Garantiza que los grupos menos representados tengan voz en el debate pol\u00edtico, promoviendo la inclusi\u00f3n y la justicia social.&nbsp;&nbsp;Innovaci\u00f3n en pol\u00edticas p\u00fablicas: Al presentar propuestas distintas, la oposici\u00f3n enriquece el debate y puede impulsar soluciones m\u00e1s efectivas a los problemas nacionales.&nbsp;&nbsp;<\/p>\n\n\n\n\n\n<p>En M\u00e9xico, la oposici\u00f3n ha sido crucial en la transici\u00f3n democr\u00e1tica desde el fin del predominio del PRI en el 2000, aunque a\u00fan enfrenta desaf\u00edos como la polarizaci\u00f3n y la falta de propuestas s\u00f3lidas. Su fortalecimiento es vital para una democracia m\u00e1s sana y participativa.<\/p>\n\n\n\n<p>En M\u00e9xico la oposici\u00f3n apenas da se\u00f1ales de vida, durante el reciente per\u00edodo extraordinario de sesiones, el Congreso aprob\u00f3 16 reformas de alto impacto que como lo han apuntado varios analistas y organizaciones no gubernamentales, abren la puerta al espionaje estatal, refuerzan la militarizaci\u00f3n de la Guardia Nacional y crean nuevos m\u00e1rgenes para la censura. Aunque el PAN y el PRI votaron en contra, su presencia en la opini\u00f3n p\u00fablica en lo ocurrido fue casi inexistente. No marcaron agenda ni ocuparon un lugar visible en el debate nacional. Apenas fueron mencionados en los editoriales o an\u00e1lisis de las reformas, lo cual les resta presencia y credibilidad en la sociedad mexicana.<\/p>\n\n\n\n<p>La oposici\u00f3n est\u00e1 tan desacreditada por m\u00faltiples esc\u00e1ndalos de corrupci\u00f3n, entre ellos el huachicol en donde dos importantes y altos personajes del panismo, incluidos un exdirector de Pemex Refinaci\u00f3n y el primer exgobernador de Acci\u00f3n Nacional, que incluso la cr\u00edtica p\u00fablica ha dejado de prestarle atenci\u00f3n. Nadie discute sus rutas, sus liderazgos, sus propuestas, su futuro. No hay, en los hechos, una vida pol\u00edtica interior importante y menor a\u00fan es su respaldo con la sociedad. En ninguno de los dos partidos hay autocr\u00edtica, debate interno ni replanteamiento ideol\u00f3gico o estrat\u00e9gico. Por eso, lo que ocurre dentro del PAN o del PRI no genera noticia alguna. Y se duda si realmente son oposici\u00f3n o act\u00faan como comparsa del actual partido en el poder. Y eso puede resultar todav\u00eda m\u00e1s grave que perder una votaci\u00f3n, pues es volverse invisible, irrelevante, prescindible.<\/p>\n\n\n\n<p>La situaci\u00f3n de Movimiento Ciudadano no es mucho mejor, contin\u00faa siendo un partido de figuras, con presencia regional en Jalisco, Nuevo Le\u00f3n y un rol ambivalente como oposici\u00f3n. A veces act\u00faa como tal, pero en otras ocasiones se alinea con la 4T&nbsp;&nbsp;e incluso se le entrega, como ocurre en Nuevo Le\u00f3n con Samuel Garc\u00eda o a\u00fan con un gobierno alienado como el del exgobernador Enrique Alfaro Ram\u00edrez, o el actual gobernador Jes\u00fas Pablo Lemus Navarro. Por eso resulta dif\u00edcil&nbsp;&nbsp;imaginar a Movimiento Ciudadano como una alternativa real al partido en el poder.<\/p>\n\n\n\n<p>La debilidad de estos partidos no es un problema exclusivo de ellos. Tambi\u00e9n lo es para el futuro de la democracia en M\u00e9xico, no sorprende que Morena busque seguir acumulando poder y lo hace sin necesitar acuerdos con ninguna fuerza pol\u00edtica. Ese es el proyecto pol\u00edtico que el expresidente m\u00e1s influyente de la historia reciente plante\u00f3 desde el inicio de su sexenio y que ha ido concret\u00e1ndose, principalmente al inicio del gobierno de la presidenta Claudia Sheinbaum, todo ello en detrimento de los contrapesos entre poderes y la equidad en la competencia electoral que exige una democracia representantiva.<\/p>\n\n\n\n<p>La oposici\u00f3n tambi\u00e9n debe asumir y cargar con esa responsabilidad, pues no ha sabido presentarse como una real oposici\u00f3n, y sus estrategias han resultado fallidas, es m\u00e1s pareciera que no existen. Existe el antecedente de que los gobiernos el PAN y el PRI decepcionaron y generaron las condiciones para el ascenso de Morena, que present\u00f3 un slogan muy prometedor \u201cLa esperanza de M\u00e9xico\u201d, incluso asociado con el nombre de la figura religiosa m\u00e1s venerada en la sociedad mexicana como lo es la virgen de Guadalupe. Ya en la oposici\u00f3n siguen metidos en el esc\u00e1ndalo como el huachicol y han abierto ampliamente el espacio para la consolidaci\u00f3n de un nuevo r\u00e9gimen de partido hegem\u00f3nico en el que la cancha cada vez est\u00e1 m\u00e1s dispareja en su contra.<\/p>\n\n\n\n<p>Revertir eso exige una oposici\u00f3n fuerte, combatida con miras claras y con un proyecto alternativo que sea capaz de conectar con la gente. No es una tarea sencilla y con los actuales partidos opositores que tenemos, probablemente ni siquiera est\u00e9 en sus planes. Sin ello no hay nada que pueda frenar el impulso de Morena, salvo su propia implosi\u00f3n o un estallido de desencanto y protesta social por un problema que sean incapaces de manejar.<\/p>\n\n\n\n<p>Esperar pasivamente un desenlace as\u00ed, en lugar de articular un plan propio, es la forma m\u00e1s clara de renunciar a su papel y, sin embargo, ah\u00ed es donde estamos es un punto muerto, lejos del escenario como el que actualmente se est\u00e1 dando en la principal democracia del mundo: la estadounidense en donde los dem\u00f3cratas, incluso derrotados debaten, se reorganizan y se preparan para volver. Es seguro que ellos regresar\u00e1n alg\u00fan d\u00eda a la presidencia. El PAN y el PRI probablemente no y MC quiz\u00e1s jam\u00e1s la alcance, pues lo \u00fanico que se asoma son jingles pegajosos sin una oferta pol\u00edtica que resulte clara y atractiva para la sociedad mexicana.<\/p>\n\n\n\n<p>El paquete de reformas legislativas relacionadas directa o indirectamente con la seguridad p\u00fablica e interior desnud\u00f3 la incongruencia de ambas partes con su ideario y as\u00ed la oposici\u00f3n sostiene que se legaliz\u00f3 el autoritarismo, la militarizaci\u00f3n, la censura y el espionaje, mientas el oficialismo jura haber sentado las bases para garantizar derechos y libertades en un marco seguro para la sociedad.<\/p>\n\n\n\n<p>Lo cierto a decir de Ren\u00e9 Delgado en El Financiero (11-07-2025), ni se clausur\u00f3 el para\u00edso ni se inaugur\u00f3 el infierno. La fuerza en el poder recre\u00f3 el andamiaje jur\u00eddico e institucional necesario para implementar y ensayar su estrategia ante el crimen, prescindiendo de mecanismos de control y desmantelando o neutralizando instituciones que serv\u00edan de contrapeso.<\/p>\n\n\n\n<p>La oposici\u00f3n denuncia la figura del apocalipsis: autoritarismo, militarizaci\u00f3n, censura y espionaje. Sin embargo, se pierde de vista que el verdadero empoderamiento del ej\u00e9rcito y la marina no radica en la participaci\u00f3n en labores de seguridad, sino en la participaci\u00f3n de labores administrativas y empresariales que antes estaban en manos del poder civil: Aduanas, L\u00edneas \u00e1reas, tren maya, y otras actividades que les han sido concedidas.<\/p>\n\n\n\n<p>Comente u opine a:<\/p>\n\n\n\n<p>cacostabravo@yahoo.com.mx<\/p>\n\n\n\n<p>Maestro en comunicaci\u00f3n egresado de la Universidad Iberoamericana, de la cual ha formado parte del cuerpo de profesores de la licenciatura en comunicaci\u00f3n, as\u00ed como de la Universidad An\u00e1huac, campus norte de CDMX.<\/p>\n","protected":false},"excerpt":{"rendered":"<p>Carlos Miguel Acosta Bravo* &nbsp;Impronta La oposici\u00f3n pol\u00edtica es fundamental en un sistema democr\u00e1tico como M\u00e9xico por varias razones clave: Equilibrio de poder: Evita la concentraci\u00f3n absoluta del poder en un solo partido o grupo, fomentando la rendici\u00f3n de cuentas y previniendo abusos de autoridad.&nbsp;&nbsp;\u2060Representaci\u00f3n plural: Permite que diversas visiones e intereses de la sociedad [&hellip;]<\/p>\n","protected":false},"author":2,"featured_media":141377,"comment_status":"closed","ping_status":"closed","sticky":false,"template":"","format":"standard","meta":{"tdm_status":"","tdm_grid_status":"","footnotes":""},"categories":[70],"tags":[],"class_list":{"0":"post-148777","1":"post","2":"type-post","3":"status-publish","4":"format-standard","5":"has-post-thumbnail","7":"category-de-opinion"},"yoast_head":"<!-- This site is optimized with the Yoast SEO plugin v27.4 - https:\/\/yoast.com\/product\/yoast-seo-wordpress\/ -->\n<title>LA AUSENTE OPOSICI\u00d3N EN M\u00c9XICO - Los pol\u00edticos Veracruz<\/title>\n<meta name=\"robots\" content=\"index, follow, max-snippet:-1, max-image-preview:large, max-video-preview:-1\" \/>\n<link rel=\"canonical\" href=\"https:\/\/lospoliticosveracruz.com\/?p=148777\" \/>\n<meta property=\"og:locale\" content=\"es_ES\" \/>\n<meta property=\"og:type\" content=\"article\" \/>\n<meta property=\"og:title\" content=\"LA AUSENTE OPOSICI\u00d3N EN M\u00c9XICO - Los pol\u00edticos Veracruz\" \/>\n<meta property=\"og:description\" content=\"Carlos Miguel Acosta Bravo* &nbsp;Impronta La oposici\u00f3n pol\u00edtica es fundamental en un sistema democr\u00e1tico como M\u00e9xico por varias razones clave: Equilibrio de poder: Evita la concentraci\u00f3n absoluta del poder en un solo partido o grupo, fomentando la rendici\u00f3n de cuentas y previniendo abusos de autoridad.&nbsp;&nbsp;\u2060Representaci\u00f3n plural: Permite que diversas visiones e intereses de la sociedad [&hellip;]\" \/>\n<meta property=\"og:url\" content=\"https:\/\/lospoliticosveracruz.com\/?p=148777\" \/>\n<meta property=\"og:site_name\" content=\"Los pol\u00edticos Veracruz\" \/>\n<meta property=\"article:publisher\" content=\"https:\/\/www.facebook.com\/people\/Notimemes-de-los-Polticos\/61565672886568\/\" \/>\n<meta property=\"article:published_time\" content=\"2025-07-14T01:57:17+00:00\" \/>\n<meta property=\"article:modified_time\" content=\"2025-07-14T01:57:27+00:00\" \/>\n<meta property=\"og:image\" content=\"https:\/\/lospoliticosveracruz.com\/wp-content\/uploads\/2025\/04\/Carlos-Miguel-Acosta-Bravo.jpg\" \/>\n\t<meta property=\"og:image:width\" content=\"1250\" \/>\n\t<meta property=\"og:image:height\" content=\"667\" \/>\n\t<meta property=\"og:image:type\" content=\"image\/jpeg\" \/>\n<meta name=\"author\" content=\"Lo viste en Los Pol\u00edticos\" \/>\n<meta name=\"twitter:card\" content=\"summary_large_image\" \/>\n<meta name=\"twitter:creator\" content=\"@LosPoliticosVer\" \/>\n<meta name=\"twitter:site\" content=\"@LosPoliticosVer\" \/>\n<meta name=\"twitter:label1\" content=\"Escrito por\" \/>\n\t<meta name=\"twitter:data1\" content=\"Lo viste en Los Pol\u00edticos\" \/>\n\t<meta name=\"twitter:label2\" content=\"Tiempo de lectura\" \/>\n\t<meta name=\"twitter:data2\" content=\"7 minutos\" \/>\n<script type=\"application\/ld+json\" class=\"yoast-schema-graph\">{\"@context\":\"https:\\\/\\\/schema.org\",\"@graph\":[{\"@type\":\"Article\",\"@id\":\"https:\\\/\\\/lospoliticosveracruz.com\\\/?p=148777#article\",\"isPartOf\":{\"@id\":\"https:\\\/\\\/lospoliticosveracruz.com\\\/?p=148777\"},\"author\":{\"name\":\"Lo viste en Los Pol\u00edticos\",\"@id\":\"https:\\\/\\\/lospoliticosveracruz.com\\\/#\\\/schema\\\/person\\\/b8702bb0e538456e6efd07080bf2a4a2\"},\"headline\":\"LA AUSENTE OPOSICI\u00d3N EN M\u00c9XICO\",\"datePublished\":\"2025-07-14T01:57:17+00:00\",\"dateModified\":\"2025-07-14T01:57:27+00:00\",\"mainEntityOfPage\":{\"@id\":\"https:\\\/\\\/lospoliticosveracruz.com\\\/?p=148777\"},\"wordCount\":1318,\"publisher\":{\"@id\":\"https:\\\/\\\/lospoliticosveracruz.com\\\/#organization\"},\"image\":{\"@id\":\"https:\\\/\\\/lospoliticosveracruz.com\\\/?p=148777#primaryimage\"},\"thumbnailUrl\":\"https:\\\/\\\/lospoliticosveracruz.com\\\/wp-content\\\/uploads\\\/2025\\\/04\\\/Carlos-Miguel-Acosta-Bravo.jpg\",\"articleSection\":[\"De Opini\u00f3n\"],\"inLanguage\":\"es\"},{\"@type\":\"WebPage\",\"@id\":\"https:\\\/\\\/lospoliticosveracruz.com\\\/?p=148777\",\"url\":\"https:\\\/\\\/lospoliticosveracruz.com\\\/?p=148777\",\"name\":\"LA AUSENTE OPOSICI\u00d3N EN M\u00c9XICO - Los pol\u00edticos Veracruz\",\"isPartOf\":{\"@id\":\"https:\\\/\\\/lospoliticosveracruz.com\\\/#website\"},\"primaryImageOfPage\":{\"@id\":\"https:\\\/\\\/lospoliticosveracruz.com\\\/?p=148777#primaryimage\"},\"image\":{\"@id\":\"https:\\\/\\\/lospoliticosveracruz.com\\\/?p=148777#primaryimage\"},\"thumbnailUrl\":\"https:\\\/\\\/lospoliticosveracruz.com\\\/wp-content\\\/uploads\\\/2025\\\/04\\\/Carlos-Miguel-Acosta-Bravo.jpg\",\"datePublished\":\"2025-07-14T01:57:17+00:00\",\"dateModified\":\"2025-07-14T01:57:27+00:00\",\"breadcrumb\":{\"@id\":\"https:\\\/\\\/lospoliticosveracruz.com\\\/?p=148777#breadcrumb\"},\"inLanguage\":\"es\",\"potentialAction\":[{\"@type\":\"ReadAction\",\"target\":[\"https:\\\/\\\/lospoliticosveracruz.com\\\/?p=148777\"]}]},{\"@type\":\"ImageObject\",\"inLanguage\":\"es\",\"@id\":\"https:\\\/\\\/lospoliticosveracruz.com\\\/?p=148777#primaryimage\",\"url\":\"https:\\\/\\\/lospoliticosveracruz.com\\\/wp-content\\\/uploads\\\/2025\\\/04\\\/Carlos-Miguel-Acosta-Bravo.jpg\",\"contentUrl\":\"https:\\\/\\\/lospoliticosveracruz.com\\\/wp-content\\\/uploads\\\/2025\\\/04\\\/Carlos-Miguel-Acosta-Bravo.jpg\",\"width\":1250,\"height\":667},{\"@type\":\"BreadcrumbList\",\"@id\":\"https:\\\/\\\/lospoliticosveracruz.com\\\/?p=148777#breadcrumb\",\"itemListElement\":[{\"@type\":\"ListItem\",\"position\":1,\"name\":\"Portada\",\"item\":\"https:\\\/\\\/lospoliticosveracruz.com\\\/\"},{\"@type\":\"ListItem\",\"position\":2,\"name\":\"LA AUSENTE OPOSICI\u00d3N EN M\u00c9XICO\"}]},{\"@type\":\"WebSite\",\"@id\":\"https:\\\/\\\/lospoliticosveracruz.com\\\/#website\",\"url\":\"https:\\\/\\\/lospoliticosveracruz.com\\\/\",\"name\":\"Los pol\u00edticos Veracruz\",\"description\":\"\",\"publisher\":{\"@id\":\"https:\\\/\\\/lospoliticosveracruz.com\\\/#organization\"},\"potentialAction\":[{\"@type\":\"SearchAction\",\"target\":{\"@type\":\"EntryPoint\",\"urlTemplate\":\"https:\\\/\\\/lospoliticosveracruz.com\\\/?s={search_term_string}\"},\"query-input\":{\"@type\":\"PropertyValueSpecification\",\"valueRequired\":true,\"valueName\":\"search_term_string\"}}],\"inLanguage\":\"es\"},{\"@type\":\"Organization\",\"@id\":\"https:\\\/\\\/lospoliticosveracruz.com\\\/#organization\",\"name\":\"Los pol\u00edticos Veracruz\",\"url\":\"https:\\\/\\\/lospoliticosveracruz.com\\\/\",\"logo\":{\"@type\":\"ImageObject\",\"inLanguage\":\"es\",\"@id\":\"https:\\\/\\\/lospoliticosveracruz.com\\\/#\\\/schema\\\/logo\\\/image\\\/\",\"url\":\"https:\\\/\\\/lospoliticosveracruz.com\\\/wp-content\\\/uploads\\\/2025\\\/12\\\/Logo-Nuevo-LOS-POLITICOS-1.jpg\",\"contentUrl\":\"https:\\\/\\\/lospoliticosveracruz.com\\\/wp-content\\\/uploads\\\/2025\\\/12\\\/Logo-Nuevo-LOS-POLITICOS-1.jpg\",\"width\":260,\"height\":70,\"caption\":\"Los pol\u00edticos Veracruz\"},\"image\":{\"@id\":\"https:\\\/\\\/lospoliticosveracruz.com\\\/#\\\/schema\\\/logo\\\/image\\\/\"},\"sameAs\":[\"https:\\\/\\\/www.facebook.com\\\/people\\\/Notimemes-de-los-Polticos\\\/61565672886568\\\/\",\"https:\\\/\\\/x.com\\\/LosPoliticosVer\"]},{\"@type\":\"Person\",\"@id\":\"https:\\\/\\\/lospoliticosveracruz.com\\\/#\\\/schema\\\/person\\\/b8702bb0e538456e6efd07080bf2a4a2\",\"name\":\"Lo viste en Los Pol\u00edticos\",\"image\":{\"@type\":\"ImageObject\",\"inLanguage\":\"es\",\"@id\":\"https:\\\/\\\/secure.gravatar.com\\\/avatar\\\/3a8de04a2656d44082be478bd6c086daa447c4651605818287b9532d3d0bd435?s=96&d=mm&r=g\",\"url\":\"https:\\\/\\\/secure.gravatar.com\\\/avatar\\\/3a8de04a2656d44082be478bd6c086daa447c4651605818287b9532d3d0bd435?s=96&d=mm&r=g\",\"contentUrl\":\"https:\\\/\\\/secure.gravatar.com\\\/avatar\\\/3a8de04a2656d44082be478bd6c086daa447c4651605818287b9532d3d0bd435?s=96&d=mm&r=g\",\"caption\":\"Lo viste en Los Pol\u00edticos\"},\"url\":\"https:\\\/\\\/lospoliticosveracruz.com\\\/?author=2\"}]}<\/script>\n<!-- \/ Yoast SEO plugin. -->","yoast_head_json":{"title":"LA AUSENTE OPOSICI\u00d3N EN M\u00c9XICO - Los pol\u00edticos Veracruz","robots":{"index":"index","follow":"follow","max-snippet":"max-snippet:-1","max-image-preview":"max-image-preview:large","max-video-preview":"max-video-preview:-1"},"canonical":"https:\/\/lospoliticosveracruz.com\/?p=148777","og_locale":"es_ES","og_type":"article","og_title":"LA AUSENTE OPOSICI\u00d3N EN M\u00c9XICO - Los pol\u00edticos Veracruz","og_description":"Carlos Miguel Acosta Bravo* &nbsp;Impronta La oposici\u00f3n pol\u00edtica es fundamental en un sistema democr\u00e1tico como M\u00e9xico por varias razones clave: Equilibrio de poder: Evita la concentraci\u00f3n absoluta del poder en un solo partido o grupo, fomentando la rendici\u00f3n de cuentas y previniendo abusos de autoridad.&nbsp;&nbsp;\u2060Representaci\u00f3n plural: Permite que diversas visiones e intereses de la sociedad [&hellip;]","og_url":"https:\/\/lospoliticosveracruz.com\/?p=148777","og_site_name":"Los pol\u00edticos Veracruz","article_publisher":"https:\/\/www.facebook.com\/people\/Notimemes-de-los-Polticos\/61565672886568\/","article_published_time":"2025-07-14T01:57:17+00:00","article_modified_time":"2025-07-14T01:57:27+00:00","og_image":[{"width":1250,"height":667,"url":"https:\/\/lospoliticosveracruz.com\/wp-content\/uploads\/2025\/04\/Carlos-Miguel-Acosta-Bravo.jpg","type":"image\/jpeg"}],"author":"Lo viste en Los Pol\u00edticos","twitter_card":"summary_large_image","twitter_creator":"@LosPoliticosVer","twitter_site":"@LosPoliticosVer","twitter_misc":{"Escrito por":"Lo viste en Los Pol\u00edticos","Tiempo de lectura":"7 minutos"},"schema":{"@context":"https:\/\/schema.org","@graph":[{"@type":"Article","@id":"https:\/\/lospoliticosveracruz.com\/?p=148777#article","isPartOf":{"@id":"https:\/\/lospoliticosveracruz.com\/?p=148777"},"author":{"name":"Lo viste en Los Pol\u00edticos","@id":"https:\/\/lospoliticosveracruz.com\/#\/schema\/person\/b8702bb0e538456e6efd07080bf2a4a2"},"headline":"LA AUSENTE OPOSICI\u00d3N EN M\u00c9XICO","datePublished":"2025-07-14T01:57:17+00:00","dateModified":"2025-07-14T01:57:27+00:00","mainEntityOfPage":{"@id":"https:\/\/lospoliticosveracruz.com\/?p=148777"},"wordCount":1318,"publisher":{"@id":"https:\/\/lospoliticosveracruz.com\/#organization"},"image":{"@id":"https:\/\/lospoliticosveracruz.com\/?p=148777#primaryimage"},"thumbnailUrl":"https:\/\/lospoliticosveracruz.com\/wp-content\/uploads\/2025\/04\/Carlos-Miguel-Acosta-Bravo.jpg","articleSection":["De Opini\u00f3n"],"inLanguage":"es"},{"@type":"WebPage","@id":"https:\/\/lospoliticosveracruz.com\/?p=148777","url":"https:\/\/lospoliticosveracruz.com\/?p=148777","name":"LA AUSENTE OPOSICI\u00d3N EN M\u00c9XICO - Los pol\u00edticos Veracruz","isPartOf":{"@id":"https:\/\/lospoliticosveracruz.com\/#website"},"primaryImageOfPage":{"@id":"https:\/\/lospoliticosveracruz.com\/?p=148777#primaryimage"},"image":{"@id":"https:\/\/lospoliticosveracruz.com\/?p=148777#primaryimage"},"thumbnailUrl":"https:\/\/lospoliticosveracruz.com\/wp-content\/uploads\/2025\/04\/Carlos-Miguel-Acosta-Bravo.jpg","datePublished":"2025-07-14T01:57:17+00:00","dateModified":"2025-07-14T01:57:27+00:00","breadcrumb":{"@id":"https:\/\/lospoliticosveracruz.com\/?p=148777#breadcrumb"},"inLanguage":"es","potentialAction":[{"@type":"ReadAction","target":["https:\/\/lospoliticosveracruz.com\/?p=148777"]}]},{"@type":"ImageObject","inLanguage":"es","@id":"https:\/\/lospoliticosveracruz.com\/?p=148777#primaryimage","url":"https:\/\/lospoliticosveracruz.com\/wp-content\/uploads\/2025\/04\/Carlos-Miguel-Acosta-Bravo.jpg","contentUrl":"https:\/\/lospoliticosveracruz.com\/wp-content\/uploads\/2025\/04\/Carlos-Miguel-Acosta-Bravo.jpg","width":1250,"height":667},{"@type":"BreadcrumbList","@id":"https:\/\/lospoliticosveracruz.com\/?p=148777#breadcrumb","itemListElement":[{"@type":"ListItem","position":1,"name":"Portada","item":"https:\/\/lospoliticosveracruz.com\/"},{"@type":"ListItem","position":2,"name":"LA AUSENTE OPOSICI\u00d3N EN M\u00c9XICO"}]},{"@type":"WebSite","@id":"https:\/\/lospoliticosveracruz.com\/#website","url":"https:\/\/lospoliticosveracruz.com\/","name":"Los pol\u00edticos Veracruz","description":"","publisher":{"@id":"https:\/\/lospoliticosveracruz.com\/#organization"},"potentialAction":[{"@type":"SearchAction","target":{"@type":"EntryPoint","urlTemplate":"https:\/\/lospoliticosveracruz.com\/?s={search_term_string}"},"query-input":{"@type":"PropertyValueSpecification","valueRequired":true,"valueName":"search_term_string"}}],"inLanguage":"es"},{"@type":"Organization","@id":"https:\/\/lospoliticosveracruz.com\/#organization","name":"Los pol\u00edticos Veracruz","url":"https:\/\/lospoliticosveracruz.com\/","logo":{"@type":"ImageObject","inLanguage":"es","@id":"https:\/\/lospoliticosveracruz.com\/#\/schema\/logo\/image\/","url":"https:\/\/lospoliticosveracruz.com\/wp-content\/uploads\/2025\/12\/Logo-Nuevo-LOS-POLITICOS-1.jpg","contentUrl":"https:\/\/lospoliticosveracruz.com\/wp-content\/uploads\/2025\/12\/Logo-Nuevo-LOS-POLITICOS-1.jpg","width":260,"height":70,"caption":"Los pol\u00edticos Veracruz"},"image":{"@id":"https:\/\/lospoliticosveracruz.com\/#\/schema\/logo\/image\/"},"sameAs":["https:\/\/www.facebook.com\/people\/Notimemes-de-los-Polticos\/61565672886568\/","https:\/\/x.com\/LosPoliticosVer"]},{"@type":"Person","@id":"https:\/\/lospoliticosveracruz.com\/#\/schema\/person\/b8702bb0e538456e6efd07080bf2a4a2","name":"Lo viste en Los Pol\u00edticos","image":{"@type":"ImageObject","inLanguage":"es","@id":"https:\/\/secure.gravatar.com\/avatar\/3a8de04a2656d44082be478bd6c086daa447c4651605818287b9532d3d0bd435?s=96&d=mm&r=g","url":"https:\/\/secure.gravatar.com\/avatar\/3a8de04a2656d44082be478bd6c086daa447c4651605818287b9532d3d0bd435?s=96&d=mm&r=g","contentUrl":"https:\/\/secure.gravatar.com\/avatar\/3a8de04a2656d44082be478bd6c086daa447c4651605818287b9532d3d0bd435?s=96&d=mm&r=g","caption":"Lo viste en Los Pol\u00edticos"},"url":"https:\/\/lospoliticosveracruz.com\/?author=2"}]}},"_links":{"self":[{"href":"https:\/\/lospoliticosveracruz.com\/index.php?rest_route=\/wp\/v2\/posts\/148777","targetHints":{"allow":["GET"]}}],"collection":[{"href":"https:\/\/lospoliticosveracruz.com\/index.php?rest_route=\/wp\/v2\/posts"}],"about":[{"href":"https:\/\/lospoliticosveracruz.com\/index.php?rest_route=\/wp\/v2\/types\/post"}],"author":[{"embeddable":true,"href":"https:\/\/lospoliticosveracruz.com\/index.php?rest_route=\/wp\/v2\/users\/2"}],"replies":[{"embeddable":true,"href":"https:\/\/lospoliticosveracruz.com\/index.php?rest_route=%2Fwp%2Fv2%2Fcomments&post=148777"}],"version-history":[{"count":1,"href":"https:\/\/lospoliticosveracruz.com\/index.php?rest_route=\/wp\/v2\/posts\/148777\/revisions"}],"predecessor-version":[{"id":148778,"href":"https:\/\/lospoliticosveracruz.com\/index.php?rest_route=\/wp\/v2\/posts\/148777\/revisions\/148778"}],"wp:featuredmedia":[{"embeddable":true,"href":"https:\/\/lospoliticosveracruz.com\/index.php?rest_route=\/wp\/v2\/media\/141377"}],"wp:attachment":[{"href":"https:\/\/lospoliticosveracruz.com\/index.php?rest_route=%2Fwp%2Fv2%2Fmedia&parent=148777"}],"wp:term":[{"taxonomy":"category","embeddable":true,"href":"https:\/\/lospoliticosveracruz.com\/index.php?rest_route=%2Fwp%2Fv2%2Fcategories&post=148777"},{"taxonomy":"post_tag","embeddable":true,"href":"https:\/\/lospoliticosveracruz.com\/index.php?rest_route=%2Fwp%2Fv2%2Ftags&post=148777"}],"curies":[{"name":"wp","href":"https:\/\/api.w.org\/{rel}","templated":true}]}}