{"id":148829,"date":"2025-07-14T21:32:38","date_gmt":"2025-07-15T02:32:38","guid":{"rendered":"https:\/\/lospoliticosveracruz.com.mx\/?p=148829"},"modified":"2025-07-14T21:32:59","modified_gmt":"2025-07-15T02:32:59","slug":"una-vive-para-contarlo-otra-no","status":"publish","type":"post","link":"https:\/\/lospoliticosveracruz.com\/?p=148829","title":{"rendered":"UNA, VIVE PARA CONTARLO; OTRA, NO"},"content":{"rendered":"\n\n\n<p><strong>Jos\u00e9 Luis Ortega Vidal<br><\/strong><em>Claroscuros<\/em><\/p>\n\n\n\n<p>Sandra Estefana Dom\u00ednguez Mart\u00ednez fue una abogada y activista nativa de San Isidro Huayapam, en la sierra norte mixe de Oaxaca.<br>El 8 de octubre del 2024 se report\u00f3 su desaparici\u00f3n, junto con su esposo Alexander Hern\u00e1ndez Hern\u00e1ndez; se le vio por \u00faltima vez el 4 de octubre en la comunidad de Mar\u00eda Lombardo de Caso, municipio de San Juan Cotzoc\u00f3n, Oaxaca.<br>El 24 de abril de 2025 los cuerpos de la pareja fueron hallados en fosas clandestinas en un inmueble sobre el camino de terracer\u00eda de La Ceiba a Uni\u00f3n Progreso, municipio de Santiago Sochiapa, Veracruz.<\/p>\n\n\n\n\n\n<p>(2)<br>La investigaci\u00f3n en torno a este caso incluy\u00f3 el hallazgo de la camioneta de las v\u00edctimas en Playa Vicente, Veracruz; mientras que en la comunidad El Nigromante, municipio de Playa Vicente, se detuvo a un masculino en posesi\u00f3n del celular de Sandra Estefana Dom\u00ednguez.<\/p>\n\n\n\n<p>(3)<br>La abogada y activista mixe fue una destacada defensora de los derechos humanos.<br>Desde el 2020 y entre 2021-2023 denunci\u00f3 la existencia de grupos de whatsapp donde se compart\u00edan im\u00e1genes \u00edntimas de mujeres ind\u00edgenas de la zona mixe.<br>Entre los integrantes de dichos grupos se encontraban pol\u00edticos de alto nivel en la administraci\u00f3n de Salom\u00f3n Jara Cruz, gobernador oaxaque\u00f1o.<\/p>\n\n\n\n<p>(4)<br>\u201cEn 2020, Sandra Dom\u00ednguez hizo p\u00fablico un caso que involucraba a altos funcionarios del gobierno estatal de Oaxaca. La abogada fue la primera en denunciar la existencia de un grupo de WhatsApp denominado \u201cSierra XXX\u201d, en el que se compart\u00edan fotograf\u00edas \u00edntimas de mujeres, principalmente ind\u00edgenas mixes.<br>Entre los participantes del grupo, que contaba con m\u00e1s de 100 miembros, figuraba Donato Vargas Jim\u00e9nez, actual coordinador de Delegados de Paz Social en el gobierno de Salom\u00f3n Jara, se\u00f1alado directamente por Dom\u00ednguez.<br>Pese a las disculpas que ofreci\u00f3 Vargas Jim\u00e9nez en su momento, la abogada sigui\u00f3 denunciando los actos de acoso. En 2023, Dom\u00ednguez revel\u00f3 la existencia de otro chat de WhatsApp llamado \u201cMega Peda\u201d, en el cual tambi\u00e9n participaba el funcionario y donde nuevamente se intercambiaban im\u00e1genes de mujeres en situaciones sexuales.\u201d<br>Tomado de: Desaparece Sandra Dom\u00ednguez, abogada mixe que denunci\u00f3 a pol\u00edticos de Oaxaca por compartir fotos \u00edntimas de mujeres ind\u00edgenas &#8211; Infobae<br>Nota de la periodista Anayeli Tapia Sandoval<\/p>\n\n\n\n<p>(5)<br>\u201cEl Capricho\u201d, rancho ubicado en la comunidad \u201cEl Nazareno\u201d de Santiago Sochiapa, fue escenario de un enfrentamiento entre miembros de la delincuencia organizada y cuerpos policiacos.<br>Ah\u00ed cay\u00f3 abatido Artemio Garc\u00eda Torres (a) \u201cEl Temo\u201d, l\u00edder de una c\u00e9lula delictiva originaria del estado de Guerrero y due\u00f1o del rancho.<br>Junto al \u201cTemo\u201d murieron dos civiles m\u00e1s, as\u00ed como un elemento de la Secretar\u00eda de Seguridad y Protecci\u00f3n Ciudadana del gobierno federal, a cargo de Omar Garc\u00eda Harfuch.<\/p>\n\n\n\n<p>(6)<br>\u201cEn este proceso hay una persona del sexo femenino que est\u00e1 vinculada a proceso y en prisi\u00f3n preventiva por este caso. Se trata de CERM, quien se encuentra privada de su libertad en Tanivet, Oaxaca.<br>Sandra Dom\u00ednguez era una defensora de las mujeres de la comunidad ind\u00edgena Ayuujk, en la sierra mixe, que colinda con Veracruz. Ella denunci\u00f3 un grupo de chats donde exhib\u00edan fotos de mujeres ind\u00edgenas desnudas y se involucraba al coordinador de Paz, Donato Vargas.<br>En marzo del 2020, Sandra denunci\u00f3 en sus redes sociales que su fotograf\u00eda estaba siendo usada como imagen principal de un chat pornogr\u00e1fico, pero nunca hubo castigo para los funcionarios que participaban.<br>La desaparici\u00f3n de Sandra fue catalogada por organismos internacionales, como Amnist\u00eda Internacional, la Comisi\u00f3n Interamericana de los Derechos Humanos (CIDH) y la Oficina de la Organizaci\u00f3n de las Naciones Unidas (ONU) de Derechos Humanos en M\u00e9xico, como desapariciones forzadas, tal y como ocurri\u00f3 con la guardabosques Irma Galindo Barrios y la activista Claudia Uruchurtu Cruz.\u201d<br>Tomado de: Hallan en fosa de Santiago Sochiapan cuerpos de la activista Sandra Dom\u00ednguez y su esposo &#8211; La Jornada Veracruz<br>Nota de la periodista: Sayda Chi\u00f1as<\/p>\n\n\n\n<p>(7)<br>Todo est\u00e1 vinculado: la desaparici\u00f3n y asesinato de la defensora mixe de los derechos humanos de la mujeres mixes, el ataque a la alcaldesa de Sochiapa, los procesos de pugnas por el poder\u2026<br>CONTINUAR\u00c1<\/p>\n","protected":false},"excerpt":{"rendered":"<p>Jos\u00e9 Luis Ortega VidalClaroscuros Sandra Estefana Dom\u00ednguez Mart\u00ednez fue una abogada y activista nativa de San Isidro Huayapam, en la sierra norte mixe de Oaxaca.El 8 de octubre del 2024 se report\u00f3 su desaparici\u00f3n, junto con su esposo Alexander Hern\u00e1ndez Hern\u00e1ndez; se le vio por \u00faltima vez el 4 de octubre en la comunidad de [&hellip;]<\/p>\n","protected":false},"author":2,"featured_media":141392,"comment_status":"closed","ping_status":"closed","sticky":false,"template":"","format":"standard","meta":{"tdm_status":"","tdm_grid_status":"","footnotes":""},"categories":[70],"tags":[],"class_list":{"0":"post-148829","1":"post","2":"type-post","3":"status-publish","4":"format-standard","5":"has-post-thumbnail","7":"category-de-opinion"},"yoast_head":"<!-- This site is optimized with the Yoast SEO plugin v27.4 - https:\/\/yoast.com\/product\/yoast-seo-wordpress\/ -->\n<title>UNA, VIVE PARA CONTARLO; OTRA, NO - Los pol\u00edticos Veracruz<\/title>\n<meta name=\"robots\" content=\"index, follow, max-snippet:-1, max-image-preview:large, max-video-preview:-1\" \/>\n<link rel=\"canonical\" href=\"https:\/\/lospoliticosveracruz.com\/?p=148829\" \/>\n<meta property=\"og:locale\" content=\"es_ES\" \/>\n<meta property=\"og:type\" content=\"article\" \/>\n<meta property=\"og:title\" content=\"UNA, VIVE PARA CONTARLO; OTRA, NO - Los pol\u00edticos Veracruz\" \/>\n<meta property=\"og:description\" content=\"Jos\u00e9 Luis Ortega VidalClaroscuros Sandra Estefana Dom\u00ednguez Mart\u00ednez fue una abogada y activista nativa de San Isidro Huayapam, en la sierra norte mixe de Oaxaca.El 8 de octubre del 2024 se report\u00f3 su desaparici\u00f3n, junto con su esposo Alexander Hern\u00e1ndez Hern\u00e1ndez; se le vio por \u00faltima vez el 4 de octubre en la comunidad de [&hellip;]\" \/>\n<meta property=\"og:url\" content=\"https:\/\/lospoliticosveracruz.com\/?p=148829\" \/>\n<meta property=\"og:site_name\" content=\"Los pol\u00edticos Veracruz\" \/>\n<meta property=\"article:publisher\" content=\"https:\/\/www.facebook.com\/people\/Notimemes-de-los-Polticos\/61565672886568\/\" \/>\n<meta property=\"article:published_time\" content=\"2025-07-15T02:32:38+00:00\" \/>\n<meta property=\"article:modified_time\" content=\"2025-07-15T02:32:59+00:00\" \/>\n<meta property=\"og:image\" content=\"https:\/\/lospoliticosveracruz.com\/wp-content\/uploads\/2025\/04\/Jose-Luis-Ortega-Vidal.jpg\" \/>\n\t<meta property=\"og:image:width\" content=\"1250\" \/>\n\t<meta property=\"og:image:height\" content=\"667\" \/>\n\t<meta property=\"og:image:type\" content=\"image\/jpeg\" \/>\n<meta name=\"author\" content=\"Lo viste en Los Pol\u00edticos\" \/>\n<meta name=\"twitter:card\" content=\"summary_large_image\" \/>\n<meta name=\"twitter:creator\" content=\"@LosPoliticosVer\" \/>\n<meta name=\"twitter:site\" content=\"@LosPoliticosVer\" \/>\n<meta name=\"twitter:label1\" content=\"Escrito por\" \/>\n\t<meta name=\"twitter:data1\" content=\"Lo viste en Los Pol\u00edticos\" \/>\n\t<meta name=\"twitter:label2\" content=\"Tiempo de lectura\" \/>\n\t<meta name=\"twitter:data2\" content=\"4 minutos\" \/>\n<script type=\"application\/ld+json\" class=\"yoast-schema-graph\">{\"@context\":\"https:\\\/\\\/schema.org\",\"@graph\":[{\"@type\":\"Article\",\"@id\":\"https:\\\/\\\/lospoliticosveracruz.com\\\/?p=148829#article\",\"isPartOf\":{\"@id\":\"https:\\\/\\\/lospoliticosveracruz.com\\\/?p=148829\"},\"author\":{\"name\":\"Lo viste en Los Pol\u00edticos\",\"@id\":\"https:\\\/\\\/lospoliticosveracruz.com\\\/#\\\/schema\\\/person\\\/b8702bb0e538456e6efd07080bf2a4a2\"},\"headline\":\"UNA, VIVE PARA CONTARLO; OTRA, NO\",\"datePublished\":\"2025-07-15T02:32:38+00:00\",\"dateModified\":\"2025-07-15T02:32:59+00:00\",\"mainEntityOfPage\":{\"@id\":\"https:\\\/\\\/lospoliticosveracruz.com\\\/?p=148829\"},\"wordCount\":722,\"publisher\":{\"@id\":\"https:\\\/\\\/lospoliticosveracruz.com\\\/#organization\"},\"image\":{\"@id\":\"https:\\\/\\\/lospoliticosveracruz.com\\\/?p=148829#primaryimage\"},\"thumbnailUrl\":\"https:\\\/\\\/lospoliticosveracruz.com\\\/wp-content\\\/uploads\\\/2025\\\/04\\\/Jose-Luis-Ortega-Vidal.jpg\",\"articleSection\":[\"De Opini\u00f3n\"],\"inLanguage\":\"es\"},{\"@type\":\"WebPage\",\"@id\":\"https:\\\/\\\/lospoliticosveracruz.com\\\/?p=148829\",\"url\":\"https:\\\/\\\/lospoliticosveracruz.com\\\/?p=148829\",\"name\":\"UNA, VIVE PARA CONTARLO; OTRA, NO - Los pol\u00edticos Veracruz\",\"isPartOf\":{\"@id\":\"https:\\\/\\\/lospoliticosveracruz.com\\\/#website\"},\"primaryImageOfPage\":{\"@id\":\"https:\\\/\\\/lospoliticosveracruz.com\\\/?p=148829#primaryimage\"},\"image\":{\"@id\":\"https:\\\/\\\/lospoliticosveracruz.com\\\/?p=148829#primaryimage\"},\"thumbnailUrl\":\"https:\\\/\\\/lospoliticosveracruz.com\\\/wp-content\\\/uploads\\\/2025\\\/04\\\/Jose-Luis-Ortega-Vidal.jpg\",\"datePublished\":\"2025-07-15T02:32:38+00:00\",\"dateModified\":\"2025-07-15T02:32:59+00:00\",\"breadcrumb\":{\"@id\":\"https:\\\/\\\/lospoliticosveracruz.com\\\/?p=148829#breadcrumb\"},\"inLanguage\":\"es\",\"potentialAction\":[{\"@type\":\"ReadAction\",\"target\":[\"https:\\\/\\\/lospoliticosveracruz.com\\\/?p=148829\"]}]},{\"@type\":\"ImageObject\",\"inLanguage\":\"es\",\"@id\":\"https:\\\/\\\/lospoliticosveracruz.com\\\/?p=148829#primaryimage\",\"url\":\"https:\\\/\\\/lospoliticosveracruz.com\\\/wp-content\\\/uploads\\\/2025\\\/04\\\/Jose-Luis-Ortega-Vidal.jpg\",\"contentUrl\":\"https:\\\/\\\/lospoliticosveracruz.com\\\/wp-content\\\/uploads\\\/2025\\\/04\\\/Jose-Luis-Ortega-Vidal.jpg\",\"width\":1250,\"height\":667},{\"@type\":\"BreadcrumbList\",\"@id\":\"https:\\\/\\\/lospoliticosveracruz.com\\\/?p=148829#breadcrumb\",\"itemListElement\":[{\"@type\":\"ListItem\",\"position\":1,\"name\":\"Portada\",\"item\":\"https:\\\/\\\/lospoliticosveracruz.com\\\/\"},{\"@type\":\"ListItem\",\"position\":2,\"name\":\"UNA, VIVE PARA CONTARLO; OTRA, NO\"}]},{\"@type\":\"WebSite\",\"@id\":\"https:\\\/\\\/lospoliticosveracruz.com\\\/#website\",\"url\":\"https:\\\/\\\/lospoliticosveracruz.com\\\/\",\"name\":\"Los pol\u00edticos Veracruz\",\"description\":\"\",\"publisher\":{\"@id\":\"https:\\\/\\\/lospoliticosveracruz.com\\\/#organization\"},\"potentialAction\":[{\"@type\":\"SearchAction\",\"target\":{\"@type\":\"EntryPoint\",\"urlTemplate\":\"https:\\\/\\\/lospoliticosveracruz.com\\\/?s={search_term_string}\"},\"query-input\":{\"@type\":\"PropertyValueSpecification\",\"valueRequired\":true,\"valueName\":\"search_term_string\"}}],\"inLanguage\":\"es\"},{\"@type\":\"Organization\",\"@id\":\"https:\\\/\\\/lospoliticosveracruz.com\\\/#organization\",\"name\":\"Los pol\u00edticos Veracruz\",\"url\":\"https:\\\/\\\/lospoliticosveracruz.com\\\/\",\"logo\":{\"@type\":\"ImageObject\",\"inLanguage\":\"es\",\"@id\":\"https:\\\/\\\/lospoliticosveracruz.com\\\/#\\\/schema\\\/logo\\\/image\\\/\",\"url\":\"https:\\\/\\\/lospoliticosveracruz.com\\\/wp-content\\\/uploads\\\/2025\\\/12\\\/Logo-Nuevo-LOS-POLITICOS-1.jpg\",\"contentUrl\":\"https:\\\/\\\/lospoliticosveracruz.com\\\/wp-content\\\/uploads\\\/2025\\\/12\\\/Logo-Nuevo-LOS-POLITICOS-1.jpg\",\"width\":260,\"height\":70,\"caption\":\"Los pol\u00edticos Veracruz\"},\"image\":{\"@id\":\"https:\\\/\\\/lospoliticosveracruz.com\\\/#\\\/schema\\\/logo\\\/image\\\/\"},\"sameAs\":[\"https:\\\/\\\/www.facebook.com\\\/people\\\/Notimemes-de-los-Polticos\\\/61565672886568\\\/\",\"https:\\\/\\\/x.com\\\/LosPoliticosVer\"]},{\"@type\":\"Person\",\"@id\":\"https:\\\/\\\/lospoliticosveracruz.com\\\/#\\\/schema\\\/person\\\/b8702bb0e538456e6efd07080bf2a4a2\",\"name\":\"Lo viste en Los Pol\u00edticos\",\"image\":{\"@type\":\"ImageObject\",\"inLanguage\":\"es\",\"@id\":\"https:\\\/\\\/secure.gravatar.com\\\/avatar\\\/3a8de04a2656d44082be478bd6c086daa447c4651605818287b9532d3d0bd435?s=96&d=mm&r=g\",\"url\":\"https:\\\/\\\/secure.gravatar.com\\\/avatar\\\/3a8de04a2656d44082be478bd6c086daa447c4651605818287b9532d3d0bd435?s=96&d=mm&r=g\",\"contentUrl\":\"https:\\\/\\\/secure.gravatar.com\\\/avatar\\\/3a8de04a2656d44082be478bd6c086daa447c4651605818287b9532d3d0bd435?s=96&d=mm&r=g\",\"caption\":\"Lo viste en Los Pol\u00edticos\"},\"url\":\"https:\\\/\\\/lospoliticosveracruz.com\\\/?author=2\"}]}<\/script>\n<!-- \/ Yoast SEO plugin. -->","yoast_head_json":{"title":"UNA, VIVE PARA CONTARLO; OTRA, NO - Los pol\u00edticos Veracruz","robots":{"index":"index","follow":"follow","max-snippet":"max-snippet:-1","max-image-preview":"max-image-preview:large","max-video-preview":"max-video-preview:-1"},"canonical":"https:\/\/lospoliticosveracruz.com\/?p=148829","og_locale":"es_ES","og_type":"article","og_title":"UNA, VIVE PARA CONTARLO; OTRA, NO - Los pol\u00edticos Veracruz","og_description":"Jos\u00e9 Luis Ortega VidalClaroscuros Sandra Estefana Dom\u00ednguez Mart\u00ednez fue una abogada y activista nativa de San Isidro Huayapam, en la sierra norte mixe de Oaxaca.El 8 de octubre del 2024 se report\u00f3 su desaparici\u00f3n, junto con su esposo Alexander Hern\u00e1ndez Hern\u00e1ndez; se le vio por \u00faltima vez el 4 de octubre en la comunidad de [&hellip;]","og_url":"https:\/\/lospoliticosveracruz.com\/?p=148829","og_site_name":"Los pol\u00edticos Veracruz","article_publisher":"https:\/\/www.facebook.com\/people\/Notimemes-de-los-Polticos\/61565672886568\/","article_published_time":"2025-07-15T02:32:38+00:00","article_modified_time":"2025-07-15T02:32:59+00:00","og_image":[{"width":1250,"height":667,"url":"https:\/\/lospoliticosveracruz.com\/wp-content\/uploads\/2025\/04\/Jose-Luis-Ortega-Vidal.jpg","type":"image\/jpeg"}],"author":"Lo viste en Los Pol\u00edticos","twitter_card":"summary_large_image","twitter_creator":"@LosPoliticosVer","twitter_site":"@LosPoliticosVer","twitter_misc":{"Escrito por":"Lo viste en Los Pol\u00edticos","Tiempo de lectura":"4 minutos"},"schema":{"@context":"https:\/\/schema.org","@graph":[{"@type":"Article","@id":"https:\/\/lospoliticosveracruz.com\/?p=148829#article","isPartOf":{"@id":"https:\/\/lospoliticosveracruz.com\/?p=148829"},"author":{"name":"Lo viste en Los Pol\u00edticos","@id":"https:\/\/lospoliticosveracruz.com\/#\/schema\/person\/b8702bb0e538456e6efd07080bf2a4a2"},"headline":"UNA, VIVE PARA CONTARLO; OTRA, NO","datePublished":"2025-07-15T02:32:38+00:00","dateModified":"2025-07-15T02:32:59+00:00","mainEntityOfPage":{"@id":"https:\/\/lospoliticosveracruz.com\/?p=148829"},"wordCount":722,"publisher":{"@id":"https:\/\/lospoliticosveracruz.com\/#organization"},"image":{"@id":"https:\/\/lospoliticosveracruz.com\/?p=148829#primaryimage"},"thumbnailUrl":"https:\/\/lospoliticosveracruz.com\/wp-content\/uploads\/2025\/04\/Jose-Luis-Ortega-Vidal.jpg","articleSection":["De Opini\u00f3n"],"inLanguage":"es"},{"@type":"WebPage","@id":"https:\/\/lospoliticosveracruz.com\/?p=148829","url":"https:\/\/lospoliticosveracruz.com\/?p=148829","name":"UNA, VIVE PARA CONTARLO; OTRA, NO - Los pol\u00edticos Veracruz","isPartOf":{"@id":"https:\/\/lospoliticosveracruz.com\/#website"},"primaryImageOfPage":{"@id":"https:\/\/lospoliticosveracruz.com\/?p=148829#primaryimage"},"image":{"@id":"https:\/\/lospoliticosveracruz.com\/?p=148829#primaryimage"},"thumbnailUrl":"https:\/\/lospoliticosveracruz.com\/wp-content\/uploads\/2025\/04\/Jose-Luis-Ortega-Vidal.jpg","datePublished":"2025-07-15T02:32:38+00:00","dateModified":"2025-07-15T02:32:59+00:00","breadcrumb":{"@id":"https:\/\/lospoliticosveracruz.com\/?p=148829#breadcrumb"},"inLanguage":"es","potentialAction":[{"@type":"ReadAction","target":["https:\/\/lospoliticosveracruz.com\/?p=148829"]}]},{"@type":"ImageObject","inLanguage":"es","@id":"https:\/\/lospoliticosveracruz.com\/?p=148829#primaryimage","url":"https:\/\/lospoliticosveracruz.com\/wp-content\/uploads\/2025\/04\/Jose-Luis-Ortega-Vidal.jpg","contentUrl":"https:\/\/lospoliticosveracruz.com\/wp-content\/uploads\/2025\/04\/Jose-Luis-Ortega-Vidal.jpg","width":1250,"height":667},{"@type":"BreadcrumbList","@id":"https:\/\/lospoliticosveracruz.com\/?p=148829#breadcrumb","itemListElement":[{"@type":"ListItem","position":1,"name":"Portada","item":"https:\/\/lospoliticosveracruz.com\/"},{"@type":"ListItem","position":2,"name":"UNA, VIVE PARA CONTARLO; OTRA, NO"}]},{"@type":"WebSite","@id":"https:\/\/lospoliticosveracruz.com\/#website","url":"https:\/\/lospoliticosveracruz.com\/","name":"Los pol\u00edticos Veracruz","description":"","publisher":{"@id":"https:\/\/lospoliticosveracruz.com\/#organization"},"potentialAction":[{"@type":"SearchAction","target":{"@type":"EntryPoint","urlTemplate":"https:\/\/lospoliticosveracruz.com\/?s={search_term_string}"},"query-input":{"@type":"PropertyValueSpecification","valueRequired":true,"valueName":"search_term_string"}}],"inLanguage":"es"},{"@type":"Organization","@id":"https:\/\/lospoliticosveracruz.com\/#organization","name":"Los pol\u00edticos Veracruz","url":"https:\/\/lospoliticosveracruz.com\/","logo":{"@type":"ImageObject","inLanguage":"es","@id":"https:\/\/lospoliticosveracruz.com\/#\/schema\/logo\/image\/","url":"https:\/\/lospoliticosveracruz.com\/wp-content\/uploads\/2025\/12\/Logo-Nuevo-LOS-POLITICOS-1.jpg","contentUrl":"https:\/\/lospoliticosveracruz.com\/wp-content\/uploads\/2025\/12\/Logo-Nuevo-LOS-POLITICOS-1.jpg","width":260,"height":70,"caption":"Los pol\u00edticos Veracruz"},"image":{"@id":"https:\/\/lospoliticosveracruz.com\/#\/schema\/logo\/image\/"},"sameAs":["https:\/\/www.facebook.com\/people\/Notimemes-de-los-Polticos\/61565672886568\/","https:\/\/x.com\/LosPoliticosVer"]},{"@type":"Person","@id":"https:\/\/lospoliticosveracruz.com\/#\/schema\/person\/b8702bb0e538456e6efd07080bf2a4a2","name":"Lo viste en Los Pol\u00edticos","image":{"@type":"ImageObject","inLanguage":"es","@id":"https:\/\/secure.gravatar.com\/avatar\/3a8de04a2656d44082be478bd6c086daa447c4651605818287b9532d3d0bd435?s=96&d=mm&r=g","url":"https:\/\/secure.gravatar.com\/avatar\/3a8de04a2656d44082be478bd6c086daa447c4651605818287b9532d3d0bd435?s=96&d=mm&r=g","contentUrl":"https:\/\/secure.gravatar.com\/avatar\/3a8de04a2656d44082be478bd6c086daa447c4651605818287b9532d3d0bd435?s=96&d=mm&r=g","caption":"Lo viste en Los Pol\u00edticos"},"url":"https:\/\/lospoliticosveracruz.com\/?author=2"}]}},"_links":{"self":[{"href":"https:\/\/lospoliticosveracruz.com\/index.php?rest_route=\/wp\/v2\/posts\/148829","targetHints":{"allow":["GET"]}}],"collection":[{"href":"https:\/\/lospoliticosveracruz.com\/index.php?rest_route=\/wp\/v2\/posts"}],"about":[{"href":"https:\/\/lospoliticosveracruz.com\/index.php?rest_route=\/wp\/v2\/types\/post"}],"author":[{"embeddable":true,"href":"https:\/\/lospoliticosveracruz.com\/index.php?rest_route=\/wp\/v2\/users\/2"}],"replies":[{"embeddable":true,"href":"https:\/\/lospoliticosveracruz.com\/index.php?rest_route=%2Fwp%2Fv2%2Fcomments&post=148829"}],"version-history":[{"count":2,"href":"https:\/\/lospoliticosveracruz.com\/index.php?rest_route=\/wp\/v2\/posts\/148829\/revisions"}],"predecessor-version":[{"id":148831,"href":"https:\/\/lospoliticosveracruz.com\/index.php?rest_route=\/wp\/v2\/posts\/148829\/revisions\/148831"}],"wp:featuredmedia":[{"embeddable":true,"href":"https:\/\/lospoliticosveracruz.com\/index.php?rest_route=\/wp\/v2\/media\/141392"}],"wp:attachment":[{"href":"https:\/\/lospoliticosveracruz.com\/index.php?rest_route=%2Fwp%2Fv2%2Fmedia&parent=148829"}],"wp:term":[{"taxonomy":"category","embeddable":true,"href":"https:\/\/lospoliticosveracruz.com\/index.php?rest_route=%2Fwp%2Fv2%2Fcategories&post=148829"},{"taxonomy":"post_tag","embeddable":true,"href":"https:\/\/lospoliticosveracruz.com\/index.php?rest_route=%2Fwp%2Fv2%2Ftags&post=148829"}],"curies":[{"name":"wp","href":"https:\/\/api.w.org\/{rel}","templated":true}]}}