{"id":148832,"date":"2025-07-14T21:38:25","date_gmt":"2025-07-15T02:38:25","guid":{"rendered":"https:\/\/lospoliticosveracruz.com.mx\/?p=148832"},"modified":"2025-07-14T21:38:38","modified_gmt":"2025-07-15T02:38:38","slug":"proceso-del-paquete-economico-2026","status":"publish","type":"post","link":"https:\/\/lospoliticosveracruz.com\/?p=148832","title":{"rendered":"PROCESO DEL PAQUETE ECON\u00d3MICO 2026"},"content":{"rendered":"\n\n\n<p><strong>Jos\u00e9 Luis Enr\u00edquez Ambell<br><\/strong><em>Caf\u00e9 de Ma\u00f1ana<br><\/em><\/p>\n\n\n\n<p>La construcci\u00f3n del Paquete Econ\u00f3mico 2026 (PEF 2026) inici\u00f3 con la presentaci\u00f3n de los Pre-Criterios Generales de Pol\u00edtica Econ\u00f3mica por parte de la Secretar\u00eda de Hacienda y Cr\u00e9dito P\u00fablico (SHCP), entre febrero y mayo.<\/p>\n\n\n\n<p>El pasado 30 de junio la Presidenta Claudia Sheinbaum &#8211; tarea de su equipo del gabinete econ\u00f3mico &#8211; debi\u00f3 haber entregado a la C\u00e1mara de Diputados del H. Congreso de la Uni\u00f3n, la estructura program\u00e1tica a utilizar en el proyecto de presupuesto, y lo que se conoce como el Paquete Econ\u00f3mico 2026 e incluye el proyecto de Presupuesto de Egresos de la Federaci\u00f3n, y esto comienza en los primeros d\u00edas de agosto, y los Diputados tienen hasta el 15 de noviembre para poder analizar, discutir y aprobar el presupuesto.<\/p>\n\n\n\n\n\n<p>Ahora bien, esos tres episodios: los Pre &#8211; Criterios, la Eestructura Program\u00e1tica y la Elaboraci\u00f3n del Paquete Econ\u00f3mico que se hace de manera conjunta entre poder ejecutivo y legislativo durante varios meses, hasta que se apruebe en noviembre venidero, es la etapa donde se recarga el destino de la poblaci\u00f3n en t\u00e9rminos de la protecci\u00f3n econ\u00f3mica para el presente y el devenir.<\/p>\n\n\n\n<p>Lo anterior, es crucial porque define c\u00f3mo se distribuir\u00e1n los recursos p\u00fablicos durante el pr\u00f3ximo a\u00f1o fiscal, pues el presente fue casi armado entre el Presidente L\u00f3pez Obrador y la C\u00e1mara de Diputados pasada.<\/p>\n\n\n\n<p>As\u00ed pues, ahora corresponde la elaboraci\u00f3n, justificaci\u00f3n y defensa de este documento &#8211; PEF 2026 &#8211; a la Secretar\u00eda de Hacienda y Cr\u00e9dito P\u00fablico (SHCP) de la Presidenta, y son a quienes deben establecer la cantidad, forma de distribuci\u00f3n y destino de los recursos de los tres poderes de la uni\u00f3n, los organismos aut\u00f3nomos y transferencias a gobiernos estatales y municipales, nada m\u00e1s y nada menos.<\/p>\n\n\n\n<p>Ese conjunto de factores y herramientas son las que determinan las pol\u00edticas p\u00fablicas que se financiar\u00e1n y, por lo tanto, todo el impacto que directa e indirectamente recaen en la vida de los ciudadanos en su conjunto.<\/p>\n\n\n\n<p>Y es que la distribuci\u00f3n del gasto p\u00fablico en el PEF 2026 detalla como se proyecta la forma de gastar el dinero, y en el caso de Veracruz y los 212 Ayuntamientos tendr\u00e1n su primera prueba de fuego ante la poblaci\u00f3n, dado que el paquete econ\u00f3mico a trav\u00e9s del PEF refleja las prioridades del sector gobierno en t\u00e9rminos de inversi\u00f3n, gasto social y desarrollo econ\u00f3mico, y su impacto entre la sociedad en las \u00e1reas de salud, infraestructura, educaci\u00f3n, seguridad social, entre otros servicios p\u00fablicos, pues en resumen, eso es lo que brinda la estabilidad econ\u00f3mica mediante una gesti\u00f3n eficiente de recursos p\u00fablicos y promover el crecimiento econ\u00f3mico con transparencia y rendici\u00f3n de cuentas, dado que los ciudadanos podemos conocer c\u00f3mo se est\u00e1n utilizando los recursos p\u00fablicos y exigir resultados tangibles, y sin que se impongan negociaciones pol\u00edticas entre las fuerzas pol\u00edticas en el Congreso de la Uni\u00f3n, \u00aby que NO vayan a desviar la direcci\u00f3n de las pol\u00edticas p\u00fablicas, y resulten de beneficio en lo individual y NO colectivo\u00bb.<\/p>\n\n\n\n<p>\u00abVeremos hasta d\u00f3nde impacta la reducci\u00f3n de programas presupuestarios en los servicios p\u00fablicos, esto debido a los ajustes al gasto p\u00fablico por una menor recaudaci\u00f3n esperada de los ingresos petroleros y no petroleros\u00bb, y se traduce en la denominada \u00abConsolidaci\u00f3n Fiscal\u00bb, que dicho de otra forma; \u00abse trata de los recortes en ver\u00edas \u00e1reas del gasto\u00bb. Un ejemplo, es la baja inversi\u00f3n en infraestructura, que ha llevado a la industria de la construcci\u00f3n a demandar una reasignaci\u00f3n de recursos, en un intento para asegurar la sostenibilidad de las finanzas p\u00fablicas a largo plazo.<\/p>\n\n\n\n<p>Y en este sentido, obras que en las zonas sur, centro y norte de Veracruz &#8211; en el caso de nuestra entidad &#8211; son claves para un mejor rumbo econ\u00f3mico y social del estado.<\/p>\n\n\n\n<p><strong>DE SOBREMESA<\/strong><\/p>\n\n\n\n<p>Es importante decir que en Veracruz, los ingresos petroleros y no petroleros tienen un impacto significativo en la econom\u00eda y finanzas del estado, pues tenemos una gran dependencia de los ingresos petroleros y ante su disminuci\u00f3n con el tiempo, siguen siendo relevantes, mientras que los ingresos no petroleros, como los impuestos locales, han ganado importancia para mitigar los efectos de la ca\u00edda de los ingresos petroleros, pero a\u00fan no son suficientes.<\/p>\n\n\n\n<p>La administraci\u00f3n de la Gobernadora Nahle, entre otros renglones, enfrenta el desaf\u00edo de diversificar sus ingresos y fortalecer su sistema de recaudaci\u00f3n local para reducir su dependencia de los ingresos petroleros y asegurar un desarrollo sostenible a largo plazo.<\/p>\n\n\n\n<p><strong>UN CAF\u00c9 CON DOBLE CARGA<\/strong><\/p>\n\n\n\n<p>Los trabajos de inicio por la obra del Paso Superior Vehicular frente a Tamsa y Maseca en la zona industrial de Veracruz, si bien es cierto que reactiva la econom\u00eda tambi\u00e9n es verdad que el incumplimiento de quien contrata (SICT) y el contratista (la empresa chiapaneca LZ Construcciones), puede incentivar la cultura del bloqueo carretero y las marchas.<\/p>\n\n\n\n<p><strong>UN CAF\u00c9 LECHERO LIGHT<\/strong><\/p>\n\n\n\n<p>El Prime Day 2025 ser\u00e1 del 15 al 21 de julio, y consiste en un evento anual de ventas en l\u00ednea que ofrece la oportunidad de que aprovechen usuarios las ofertas y descuentos en miles de productos para miembros con una membres\u00eda Amazon Prime M\u00e9xico.<\/p>\n\n\n\n<p>Ya veremos si transcurre sin novedad alguna que afecte la econom\u00eda y tranquilidad de los usuarios que descarguen la aplicaci\u00f3n o si, hay la necesidad de acudir a instancias como la Profeco.<\/p>\n\n\n\n<p>\u00a1ES CUANTO!<\/p>\n\n\n\n<p>enriquezambell@gmail.com;<br>enamjl62@gmail.com<\/p>\n","protected":false},"excerpt":{"rendered":"<p>Jos\u00e9 Luis Enr\u00edquez AmbellCaf\u00e9 de Ma\u00f1ana La construcci\u00f3n del Paquete Econ\u00f3mico 2026 (PEF 2026) inici\u00f3 con la presentaci\u00f3n de los Pre-Criterios Generales de Pol\u00edtica Econ\u00f3mica por parte de la Secretar\u00eda de Hacienda y Cr\u00e9dito P\u00fablico (SHCP), entre febrero y mayo. El pasado 30 de junio la Presidenta Claudia Sheinbaum &#8211; tarea de su equipo del [&hellip;]<\/p>\n","protected":false},"author":2,"featured_media":141435,"comment_status":"closed","ping_status":"closed","sticky":false,"template":"","format":"standard","meta":{"tdm_status":"","tdm_grid_status":"","footnotes":""},"categories":[70],"tags":[8383,1849],"class_list":{"0":"post-148832","1":"post","2":"type-post","3":"status-publish","4":"format-standard","5":"has-post-thumbnail","7":"category-de-opinion","8":"tag-jose-luis-enriquez-ambell","9":"tag-shcp"},"yoast_head":"<!-- This site is optimized with the Yoast SEO plugin v27.4 - https:\/\/yoast.com\/product\/yoast-seo-wordpress\/ -->\n<title>PROCESO DEL PAQUETE ECON\u00d3MICO 2026 - Los pol\u00edticos Veracruz<\/title>\n<meta name=\"robots\" content=\"index, follow, max-snippet:-1, max-image-preview:large, max-video-preview:-1\" \/>\n<link rel=\"canonical\" href=\"https:\/\/lospoliticosveracruz.com\/?p=148832\" \/>\n<meta property=\"og:locale\" content=\"es_ES\" \/>\n<meta property=\"og:type\" content=\"article\" \/>\n<meta property=\"og:title\" content=\"PROCESO DEL PAQUETE ECON\u00d3MICO 2026 - Los pol\u00edticos Veracruz\" \/>\n<meta property=\"og:description\" content=\"Jos\u00e9 Luis Enr\u00edquez AmbellCaf\u00e9 de Ma\u00f1ana La construcci\u00f3n del Paquete Econ\u00f3mico 2026 (PEF 2026) inici\u00f3 con la presentaci\u00f3n de los Pre-Criterios Generales de Pol\u00edtica Econ\u00f3mica por parte de la Secretar\u00eda de Hacienda y Cr\u00e9dito P\u00fablico (SHCP), entre febrero y mayo. El pasado 30 de junio la Presidenta Claudia Sheinbaum &#8211; tarea de su equipo del [&hellip;]\" \/>\n<meta property=\"og:url\" content=\"https:\/\/lospoliticosveracruz.com\/?p=148832\" \/>\n<meta property=\"og:site_name\" content=\"Los pol\u00edticos Veracruz\" \/>\n<meta property=\"article:publisher\" content=\"https:\/\/www.facebook.com\/people\/Notimemes-de-los-Polticos\/61565672886568\/\" \/>\n<meta property=\"article:published_time\" content=\"2025-07-15T02:38:25+00:00\" \/>\n<meta property=\"article:modified_time\" content=\"2025-07-15T02:38:38+00:00\" \/>\n<meta property=\"og:image\" content=\"https:\/\/lospoliticosveracruz.com\/wp-content\/uploads\/2025\/04\/Ambell.jpg\" \/>\n\t<meta property=\"og:image:width\" content=\"1250\" \/>\n\t<meta property=\"og:image:height\" content=\"667\" \/>\n\t<meta property=\"og:image:type\" content=\"image\/jpeg\" \/>\n<meta name=\"author\" content=\"Lo viste en Los Pol\u00edticos\" \/>\n<meta name=\"twitter:card\" content=\"summary_large_image\" \/>\n<meta name=\"twitter:creator\" content=\"@LosPoliticosVer\" \/>\n<meta name=\"twitter:site\" content=\"@LosPoliticosVer\" \/>\n<meta name=\"twitter:label1\" content=\"Escrito por\" \/>\n\t<meta name=\"twitter:data1\" content=\"Lo viste en Los Pol\u00edticos\" \/>\n\t<meta name=\"twitter:label2\" content=\"Tiempo de lectura\" \/>\n\t<meta name=\"twitter:data2\" content=\"5 minutos\" \/>\n<script type=\"application\/ld+json\" class=\"yoast-schema-graph\">{\"@context\":\"https:\\\/\\\/schema.org\",\"@graph\":[{\"@type\":\"Article\",\"@id\":\"https:\\\/\\\/lospoliticosveracruz.com\\\/?p=148832#article\",\"isPartOf\":{\"@id\":\"https:\\\/\\\/lospoliticosveracruz.com\\\/?p=148832\"},\"author\":{\"name\":\"Lo viste en Los Pol\u00edticos\",\"@id\":\"https:\\\/\\\/lospoliticosveracruz.com\\\/#\\\/schema\\\/person\\\/b8702bb0e538456e6efd07080bf2a4a2\"},\"headline\":\"PROCESO DEL PAQUETE ECON\u00d3MICO 2026\",\"datePublished\":\"2025-07-15T02:38:25+00:00\",\"dateModified\":\"2025-07-15T02:38:38+00:00\",\"mainEntityOfPage\":{\"@id\":\"https:\\\/\\\/lospoliticosveracruz.com\\\/?p=148832\"},\"wordCount\":977,\"publisher\":{\"@id\":\"https:\\\/\\\/lospoliticosveracruz.com\\\/#organization\"},\"image\":{\"@id\":\"https:\\\/\\\/lospoliticosveracruz.com\\\/?p=148832#primaryimage\"},\"thumbnailUrl\":\"https:\\\/\\\/lospoliticosveracruz.com\\\/wp-content\\\/uploads\\\/2025\\\/04\\\/Ambell.jpg\",\"keywords\":[\"Jos\u00e9 Luis Enr\u00edquez Ambell\",\"SHCP\"],\"articleSection\":[\"De Opini\u00f3n\"],\"inLanguage\":\"es\"},{\"@type\":\"WebPage\",\"@id\":\"https:\\\/\\\/lospoliticosveracruz.com\\\/?p=148832\",\"url\":\"https:\\\/\\\/lospoliticosveracruz.com\\\/?p=148832\",\"name\":\"PROCESO DEL PAQUETE ECON\u00d3MICO 2026 - Los pol\u00edticos Veracruz\",\"isPartOf\":{\"@id\":\"https:\\\/\\\/lospoliticosveracruz.com\\\/#website\"},\"primaryImageOfPage\":{\"@id\":\"https:\\\/\\\/lospoliticosveracruz.com\\\/?p=148832#primaryimage\"},\"image\":{\"@id\":\"https:\\\/\\\/lospoliticosveracruz.com\\\/?p=148832#primaryimage\"},\"thumbnailUrl\":\"https:\\\/\\\/lospoliticosveracruz.com\\\/wp-content\\\/uploads\\\/2025\\\/04\\\/Ambell.jpg\",\"datePublished\":\"2025-07-15T02:38:25+00:00\",\"dateModified\":\"2025-07-15T02:38:38+00:00\",\"breadcrumb\":{\"@id\":\"https:\\\/\\\/lospoliticosveracruz.com\\\/?p=148832#breadcrumb\"},\"inLanguage\":\"es\",\"potentialAction\":[{\"@type\":\"ReadAction\",\"target\":[\"https:\\\/\\\/lospoliticosveracruz.com\\\/?p=148832\"]}]},{\"@type\":\"ImageObject\",\"inLanguage\":\"es\",\"@id\":\"https:\\\/\\\/lospoliticosveracruz.com\\\/?p=148832#primaryimage\",\"url\":\"https:\\\/\\\/lospoliticosveracruz.com\\\/wp-content\\\/uploads\\\/2025\\\/04\\\/Ambell.jpg\",\"contentUrl\":\"https:\\\/\\\/lospoliticosveracruz.com\\\/wp-content\\\/uploads\\\/2025\\\/04\\\/Ambell.jpg\",\"width\":1250,\"height\":667},{\"@type\":\"BreadcrumbList\",\"@id\":\"https:\\\/\\\/lospoliticosveracruz.com\\\/?p=148832#breadcrumb\",\"itemListElement\":[{\"@type\":\"ListItem\",\"position\":1,\"name\":\"Portada\",\"item\":\"https:\\\/\\\/lospoliticosveracruz.com\\\/\"},{\"@type\":\"ListItem\",\"position\":2,\"name\":\"PROCESO DEL PAQUETE ECON\u00d3MICO 2026\"}]},{\"@type\":\"WebSite\",\"@id\":\"https:\\\/\\\/lospoliticosveracruz.com\\\/#website\",\"url\":\"https:\\\/\\\/lospoliticosveracruz.com\\\/\",\"name\":\"Los pol\u00edticos Veracruz\",\"description\":\"\",\"publisher\":{\"@id\":\"https:\\\/\\\/lospoliticosveracruz.com\\\/#organization\"},\"potentialAction\":[{\"@type\":\"SearchAction\",\"target\":{\"@type\":\"EntryPoint\",\"urlTemplate\":\"https:\\\/\\\/lospoliticosveracruz.com\\\/?s={search_term_string}\"},\"query-input\":{\"@type\":\"PropertyValueSpecification\",\"valueRequired\":true,\"valueName\":\"search_term_string\"}}],\"inLanguage\":\"es\"},{\"@type\":\"Organization\",\"@id\":\"https:\\\/\\\/lospoliticosveracruz.com\\\/#organization\",\"name\":\"Los pol\u00edticos Veracruz\",\"url\":\"https:\\\/\\\/lospoliticosveracruz.com\\\/\",\"logo\":{\"@type\":\"ImageObject\",\"inLanguage\":\"es\",\"@id\":\"https:\\\/\\\/lospoliticosveracruz.com\\\/#\\\/schema\\\/logo\\\/image\\\/\",\"url\":\"https:\\\/\\\/lospoliticosveracruz.com\\\/wp-content\\\/uploads\\\/2025\\\/12\\\/Logo-Nuevo-LOS-POLITICOS-1.jpg\",\"contentUrl\":\"https:\\\/\\\/lospoliticosveracruz.com\\\/wp-content\\\/uploads\\\/2025\\\/12\\\/Logo-Nuevo-LOS-POLITICOS-1.jpg\",\"width\":260,\"height\":70,\"caption\":\"Los pol\u00edticos Veracruz\"},\"image\":{\"@id\":\"https:\\\/\\\/lospoliticosveracruz.com\\\/#\\\/schema\\\/logo\\\/image\\\/\"},\"sameAs\":[\"https:\\\/\\\/www.facebook.com\\\/people\\\/Notimemes-de-los-Polticos\\\/61565672886568\\\/\",\"https:\\\/\\\/x.com\\\/LosPoliticosVer\"]},{\"@type\":\"Person\",\"@id\":\"https:\\\/\\\/lospoliticosveracruz.com\\\/#\\\/schema\\\/person\\\/b8702bb0e538456e6efd07080bf2a4a2\",\"name\":\"Lo viste en Los Pol\u00edticos\",\"image\":{\"@type\":\"ImageObject\",\"inLanguage\":\"es\",\"@id\":\"https:\\\/\\\/secure.gravatar.com\\\/avatar\\\/3a8de04a2656d44082be478bd6c086daa447c4651605818287b9532d3d0bd435?s=96&d=mm&r=g\",\"url\":\"https:\\\/\\\/secure.gravatar.com\\\/avatar\\\/3a8de04a2656d44082be478bd6c086daa447c4651605818287b9532d3d0bd435?s=96&d=mm&r=g\",\"contentUrl\":\"https:\\\/\\\/secure.gravatar.com\\\/avatar\\\/3a8de04a2656d44082be478bd6c086daa447c4651605818287b9532d3d0bd435?s=96&d=mm&r=g\",\"caption\":\"Lo viste en Los Pol\u00edticos\"},\"url\":\"https:\\\/\\\/lospoliticosveracruz.com\\\/?author=2\"}]}<\/script>\n<!-- \/ Yoast SEO plugin. -->","yoast_head_json":{"title":"PROCESO DEL PAQUETE ECON\u00d3MICO 2026 - Los pol\u00edticos Veracruz","robots":{"index":"index","follow":"follow","max-snippet":"max-snippet:-1","max-image-preview":"max-image-preview:large","max-video-preview":"max-video-preview:-1"},"canonical":"https:\/\/lospoliticosveracruz.com\/?p=148832","og_locale":"es_ES","og_type":"article","og_title":"PROCESO DEL PAQUETE ECON\u00d3MICO 2026 - Los pol\u00edticos Veracruz","og_description":"Jos\u00e9 Luis Enr\u00edquez AmbellCaf\u00e9 de Ma\u00f1ana La construcci\u00f3n del Paquete Econ\u00f3mico 2026 (PEF 2026) inici\u00f3 con la presentaci\u00f3n de los Pre-Criterios Generales de Pol\u00edtica Econ\u00f3mica por parte de la Secretar\u00eda de Hacienda y Cr\u00e9dito P\u00fablico (SHCP), entre febrero y mayo. El pasado 30 de junio la Presidenta Claudia Sheinbaum &#8211; tarea de su equipo del [&hellip;]","og_url":"https:\/\/lospoliticosveracruz.com\/?p=148832","og_site_name":"Los pol\u00edticos Veracruz","article_publisher":"https:\/\/www.facebook.com\/people\/Notimemes-de-los-Polticos\/61565672886568\/","article_published_time":"2025-07-15T02:38:25+00:00","article_modified_time":"2025-07-15T02:38:38+00:00","og_image":[{"width":1250,"height":667,"url":"https:\/\/lospoliticosveracruz.com\/wp-content\/uploads\/2025\/04\/Ambell.jpg","type":"image\/jpeg"}],"author":"Lo viste en Los Pol\u00edticos","twitter_card":"summary_large_image","twitter_creator":"@LosPoliticosVer","twitter_site":"@LosPoliticosVer","twitter_misc":{"Escrito por":"Lo viste en Los Pol\u00edticos","Tiempo de lectura":"5 minutos"},"schema":{"@context":"https:\/\/schema.org","@graph":[{"@type":"Article","@id":"https:\/\/lospoliticosveracruz.com\/?p=148832#article","isPartOf":{"@id":"https:\/\/lospoliticosveracruz.com\/?p=148832"},"author":{"name":"Lo viste en Los Pol\u00edticos","@id":"https:\/\/lospoliticosveracruz.com\/#\/schema\/person\/b8702bb0e538456e6efd07080bf2a4a2"},"headline":"PROCESO DEL PAQUETE ECON\u00d3MICO 2026","datePublished":"2025-07-15T02:38:25+00:00","dateModified":"2025-07-15T02:38:38+00:00","mainEntityOfPage":{"@id":"https:\/\/lospoliticosveracruz.com\/?p=148832"},"wordCount":977,"publisher":{"@id":"https:\/\/lospoliticosveracruz.com\/#organization"},"image":{"@id":"https:\/\/lospoliticosveracruz.com\/?p=148832#primaryimage"},"thumbnailUrl":"https:\/\/lospoliticosveracruz.com\/wp-content\/uploads\/2025\/04\/Ambell.jpg","keywords":["Jos\u00e9 Luis Enr\u00edquez Ambell","SHCP"],"articleSection":["De Opini\u00f3n"],"inLanguage":"es"},{"@type":"WebPage","@id":"https:\/\/lospoliticosveracruz.com\/?p=148832","url":"https:\/\/lospoliticosveracruz.com\/?p=148832","name":"PROCESO DEL PAQUETE ECON\u00d3MICO 2026 - Los pol\u00edticos Veracruz","isPartOf":{"@id":"https:\/\/lospoliticosveracruz.com\/#website"},"primaryImageOfPage":{"@id":"https:\/\/lospoliticosveracruz.com\/?p=148832#primaryimage"},"image":{"@id":"https:\/\/lospoliticosveracruz.com\/?p=148832#primaryimage"},"thumbnailUrl":"https:\/\/lospoliticosveracruz.com\/wp-content\/uploads\/2025\/04\/Ambell.jpg","datePublished":"2025-07-15T02:38:25+00:00","dateModified":"2025-07-15T02:38:38+00:00","breadcrumb":{"@id":"https:\/\/lospoliticosveracruz.com\/?p=148832#breadcrumb"},"inLanguage":"es","potentialAction":[{"@type":"ReadAction","target":["https:\/\/lospoliticosveracruz.com\/?p=148832"]}]},{"@type":"ImageObject","inLanguage":"es","@id":"https:\/\/lospoliticosveracruz.com\/?p=148832#primaryimage","url":"https:\/\/lospoliticosveracruz.com\/wp-content\/uploads\/2025\/04\/Ambell.jpg","contentUrl":"https:\/\/lospoliticosveracruz.com\/wp-content\/uploads\/2025\/04\/Ambell.jpg","width":1250,"height":667},{"@type":"BreadcrumbList","@id":"https:\/\/lospoliticosveracruz.com\/?p=148832#breadcrumb","itemListElement":[{"@type":"ListItem","position":1,"name":"Portada","item":"https:\/\/lospoliticosveracruz.com\/"},{"@type":"ListItem","position":2,"name":"PROCESO DEL PAQUETE ECON\u00d3MICO 2026"}]},{"@type":"WebSite","@id":"https:\/\/lospoliticosveracruz.com\/#website","url":"https:\/\/lospoliticosveracruz.com\/","name":"Los pol\u00edticos Veracruz","description":"","publisher":{"@id":"https:\/\/lospoliticosveracruz.com\/#organization"},"potentialAction":[{"@type":"SearchAction","target":{"@type":"EntryPoint","urlTemplate":"https:\/\/lospoliticosveracruz.com\/?s={search_term_string}"},"query-input":{"@type":"PropertyValueSpecification","valueRequired":true,"valueName":"search_term_string"}}],"inLanguage":"es"},{"@type":"Organization","@id":"https:\/\/lospoliticosveracruz.com\/#organization","name":"Los pol\u00edticos Veracruz","url":"https:\/\/lospoliticosveracruz.com\/","logo":{"@type":"ImageObject","inLanguage":"es","@id":"https:\/\/lospoliticosveracruz.com\/#\/schema\/logo\/image\/","url":"https:\/\/lospoliticosveracruz.com\/wp-content\/uploads\/2025\/12\/Logo-Nuevo-LOS-POLITICOS-1.jpg","contentUrl":"https:\/\/lospoliticosveracruz.com\/wp-content\/uploads\/2025\/12\/Logo-Nuevo-LOS-POLITICOS-1.jpg","width":260,"height":70,"caption":"Los pol\u00edticos Veracruz"},"image":{"@id":"https:\/\/lospoliticosveracruz.com\/#\/schema\/logo\/image\/"},"sameAs":["https:\/\/www.facebook.com\/people\/Notimemes-de-los-Polticos\/61565672886568\/","https:\/\/x.com\/LosPoliticosVer"]},{"@type":"Person","@id":"https:\/\/lospoliticosveracruz.com\/#\/schema\/person\/b8702bb0e538456e6efd07080bf2a4a2","name":"Lo viste en Los Pol\u00edticos","image":{"@type":"ImageObject","inLanguage":"es","@id":"https:\/\/secure.gravatar.com\/avatar\/3a8de04a2656d44082be478bd6c086daa447c4651605818287b9532d3d0bd435?s=96&d=mm&r=g","url":"https:\/\/secure.gravatar.com\/avatar\/3a8de04a2656d44082be478bd6c086daa447c4651605818287b9532d3d0bd435?s=96&d=mm&r=g","contentUrl":"https:\/\/secure.gravatar.com\/avatar\/3a8de04a2656d44082be478bd6c086daa447c4651605818287b9532d3d0bd435?s=96&d=mm&r=g","caption":"Lo viste en Los Pol\u00edticos"},"url":"https:\/\/lospoliticosveracruz.com\/?author=2"}]}},"_links":{"self":[{"href":"https:\/\/lospoliticosveracruz.com\/index.php?rest_route=\/wp\/v2\/posts\/148832","targetHints":{"allow":["GET"]}}],"collection":[{"href":"https:\/\/lospoliticosveracruz.com\/index.php?rest_route=\/wp\/v2\/posts"}],"about":[{"href":"https:\/\/lospoliticosveracruz.com\/index.php?rest_route=\/wp\/v2\/types\/post"}],"author":[{"embeddable":true,"href":"https:\/\/lospoliticosveracruz.com\/index.php?rest_route=\/wp\/v2\/users\/2"}],"replies":[{"embeddable":true,"href":"https:\/\/lospoliticosveracruz.com\/index.php?rest_route=%2Fwp%2Fv2%2Fcomments&post=148832"}],"version-history":[{"count":2,"href":"https:\/\/lospoliticosveracruz.com\/index.php?rest_route=\/wp\/v2\/posts\/148832\/revisions"}],"predecessor-version":[{"id":148834,"href":"https:\/\/lospoliticosveracruz.com\/index.php?rest_route=\/wp\/v2\/posts\/148832\/revisions\/148834"}],"wp:featuredmedia":[{"embeddable":true,"href":"https:\/\/lospoliticosveracruz.com\/index.php?rest_route=\/wp\/v2\/media\/141435"}],"wp:attachment":[{"href":"https:\/\/lospoliticosveracruz.com\/index.php?rest_route=%2Fwp%2Fv2%2Fmedia&parent=148832"}],"wp:term":[{"taxonomy":"category","embeddable":true,"href":"https:\/\/lospoliticosveracruz.com\/index.php?rest_route=%2Fwp%2Fv2%2Fcategories&post=148832"},{"taxonomy":"post_tag","embeddable":true,"href":"https:\/\/lospoliticosveracruz.com\/index.php?rest_route=%2Fwp%2Fv2%2Ftags&post=148832"}],"curies":[{"name":"wp","href":"https:\/\/api.w.org\/{rel}","templated":true}]}}