{"id":148897,"date":"2025-07-16T06:36:50","date_gmt":"2025-07-16T11:36:50","guid":{"rendered":"https:\/\/lospoliticosveracruz.com.mx\/?p=148897"},"modified":"2025-07-16T06:37:02","modified_gmt":"2025-07-16T11:37:02","slug":"huerta-y-morena-mas-si-osare-un-extrano-enemigo","status":"publish","type":"post","link":"https:\/\/lospoliticosveracruz.com\/?p=148897","title":{"rendered":"HUERTA Y MORENA, MAS SI OSARE UN EXTRA\u00d1O ENEMIGO"},"content":{"rendered":"\n\n\n<p><br><strong>Ricardo Chua<\/strong><\/p>\n\n\n\n<p><em>Sale y Vale<\/em><\/p>\n\n\n\n<p>Los informes que tienen en el comit\u00e9 nacional de MORENA, sobre la realidad pol\u00edtica que vive su partido en Veracruz, es que el senador Manuel Huerta Ladr\u00f3n de Guevara, es quien realmente a\u00fan controla las \u00abhuestes\u00bb pol\u00edticas de este organismo en la entidad.. Pese a la fuerza del gobierno estatal de Roc\u00edo Nahle Garc\u00eda.. El legislador federal ser\u00e1 el \u00abdolor de cabeza\u00bb para el grupo en el poder de MORENA en la entidad.. Y para donde se cargue el senador en 2027, 2029 y 2030.. Se le van a poner las cosas \u00abmuy canijas\u00bb a este organismo pol\u00edtico.. Ya que Huerta trae el potencial verdadero y el que tiene la operaci\u00f3n en Veracruz..<\/p>\n\n\n\n\n\n<p>Tanto as\u00ed que las \u00ableyendas urbanas\u00bb al interior de MORENA en Veracruz.. Se\u00f1alan que es tal la operaci\u00f3n pol\u00edtica de Huerta Ladr\u00f3n de Guevara entre los \u00abMorenos\u00bb.. Que meti\u00f3 candidatos a otros partidos (Movimiento Ciudadano y Partido del Trabajo) en esta elecci\u00f3n a las alcald\u00edas y los hizo ganar\u2026 Ahora son alcaldes electos.. As\u00ed que tiene gente de su grupo pol\u00edtico por todos lados.. As\u00ed que es muy probable que desde el CEN de MORENA, pongan de responsable de sacar la elecci\u00f3n a gobernador y Presidencial en 2030 en Veracruz a Manuel Huerta, aunque localmente no lo dejen ser candidato a gobernador.. Sobre porque est\u00e1 muy apegado a Andr\u00e9s Manuel L\u00f3pez Beltr\u00e1n, alias \u00abAndy\u00bb.. Y si \u00e9l resulta ser el candidato Presidencial.. Otra cosa ser\u00e1..<\/p>\n\n\n\n<p>Ya que para dentro de 5 a\u00f1os, quiz\u00e1s, el desgaste pol\u00edtico y de gobierno que tendr\u00e1 la gobernadora Roc\u00edo Nahle ser\u00e1 muy fuerte.. Y si esa fuerza est\u00e1 menguada, entonces, no habr\u00e1 otro en MORENA para operar que Manuel Huerta.. Pero con el riesgo que si no lo dejan pasar en 2030, el senador les puede hacer un \u00abboquete\u00bb tremendo para que se carguen para otro lado la elecci\u00f3n aunque la Presidencial la gane MORENA y la elecci\u00f3n a gobernador la obtenga otro partido distinto a los \u00abMorenos\u00bb.. En una de esas se va a Movimiento Ciudadano y PT, con todo lo que Huerta tiene de control dentro del partido MORENA..<\/p>\n\n\n\n<p>Adem\u00e1s como el senador y todos en MORENA han visto que pese a las acciones que puedan tomar en su contra.. NO PASA NADA.. Y no lo pueden expulsar si la Presidenta, Claudia Shienbaum, no quiere.. As\u00ed que puede ser muy factible que para el 2030 estemos viendo a Manuel Huerta como candidato a gobernador del PT y del PVEM.. S\u00f3lo hay que recordar que el senador gan\u00f3 la encuesta a gobernador en 2023, iba en la primera f\u00f3rmula en el Senado y lo bajaron de Palacio de Gobierno en Xalapa a la segunda f\u00f3rmula.. A pesar de todo, \u00e9l entr\u00f3 como senador y as\u00ed gan\u00f3.. As\u00ed que es f\u00e1cil que Huerta haga lo que har\u00e1n en San Luis Potos\u00ed y Zacatecas para el 2027, donde ir\u00e1n juntos el PVEM y PT sin MORENA.. Si les funciona all\u00e1.. OJO VERACRUZ..<\/p>\n\n\n\n<p>Ya que si Manuel Huerta logra convencer al PT y PVEM de \u00abjugarla\u00bb con \u00e9l y les \u00abarranque\u00bb lo que tiene MORENA y lo que pueda \u00abjalar\u00bb de Movimiento Ciudadano y el PRI.. Y \u00abaguas\u00bb porque la cosa se les puede complicar en el 2030 para que haya un tercer gobernador al \u00abhilo\u00bb de filiaci\u00f3n \u00abMorenista\u00bb.. M\u00e1s si es realidad esa alianza que hay de todos los senadores en el pa\u00eds, bajo el auspicio de Ad\u00e1n Augusto L\u00f3pez Hern\u00e1ndez.. Nadie puede criticar ya que Huerta pueda tener ALIANZA con Miguel \u00c1ngel Yunes M\u00e1rquez y Miguel \u00c1ngel Yunes Linares.. Si todos sirven a la 4T de Claudia Sheinbaum.. Y hasta el 2030 ser\u00e1 4T de Shienbaum.. Entonces, cu\u00e1l sufrir.. TODOS SON EQUIPO..<\/p>\n\n\n\n<p>Hay que recordar que ah\u00ed est\u00e1 el tema del puerto de Veracruz.. Ahora que gan\u00f3 MORENA la alcald\u00eda.. Desde el 2018, Huerta fue qui\u00e9n se dedic\u00f3 a operar la zona conurbada con Boca del R\u00edo desde la delegaci\u00f3n federal de Bienestar.. Mientras Cuitl\u00e1huac Garc\u00eda no hac\u00eda pol\u00edtica en la regi\u00f3n porque \u00abapestaba\u00bb al PAN..Qui\u00e9n tom\u00f3 esa operaci\u00f3n fue Huerta.. Atend\u00eda a los \u00abricos y sabrosos\u00bb cuando la pandemia del COVID de ambos municipios.. En 2021, estuvo a punto de arrebatarles el poder con Ricardo Exsome a Los Yunes, se qued\u00f3 a 3 mil votos.. Pero \u00e9l sent\u00f3 las bases para que MORENA ahora obtuviera el triunfo en 2024 y m\u00e1s que Los Yunes, pues, simplemente no se metieron.. YA TODOS SON 4T..<\/p>\n\n\n\n<p>Muchos triunfos de MORENA en muchos municipios de Veracruz, pues, son gracias a Manuel Huerta.. Y si es verdad, que hay apoyo y alianza con Los Yunes, entonces, ser\u00e1n un poder alterno muy fuerte.. UN DOLOR DE CABEZA para Palacio de Gobierno en las elecciones venideras en Veracruz.. Y en Boca del R\u00edo, les falt\u00f3 poco, pero ah\u00ed no dejaron operar a Huerta fueron otros y MORENA perdi\u00f3.. Pero ese municipio tambi\u00e9n lo oper\u00f3 el senador desde el 2018.. S\u00f3lo que Cuitl\u00e1huac tal como hizo con el gusano barrenador.. No meti\u00f3 las manos para erradicarlo y el PAN ah\u00ed le sac\u00f3 la victoria.. Sea como sea la mano de Manuel Huerta est\u00e1 en esos triunfos \u00abic\u00f3nicos\u00bb de MORENA en 2025.. Hasta en C\u00f3rdoba..<\/p>\n\n\n\n<p>Adem\u00e1s Manuel Huerta es un SOBREVIVIENTE de MORENA en Veracruz.. As\u00ed lo ha demostrado en estos 6 a\u00f1os que sobrevivi\u00f3 al gobierno de Cuitl\u00e1huac.. A los ataques de Eric Patrocinio Cisneros.. Hasta todo tipo de acusaciones penales en su contra.. Pero ni a\u00fan as\u00ed pudieron detenerlo.. Tanto fue el control que tiene Huerta de MORENA.. Que les gan\u00f3 la encuesta a gobernador en 2023 a\u00fan sobre Garc\u00eda Jim\u00e9nez, que apost\u00f3 todo por Patrocinio y el poder de la federaci\u00f3n que tra\u00eda a Roc\u00edo Nahle con el apoyo de Andr\u00e9s Manuel L\u00f3pez Obrador.. As\u00ed que si resisti\u00f3 ese sexenio.. Qui\u00e9n dice que no pueda hacerlo en este otro.. Pero ahora con un real apoyo y otro tipo de alianzas poderosas del Senado Mexicano..<\/p>\n\n\n\n<p>REFLEXI\u00d3N.. En Palacio de Gobierno de Xalapa debe de ENTENDER que hay que \u00abdejar de patear\u00bb a este tipo de \u00abanimales peligrosos\u00bb.. Ya que ahora hay DOS tipos de esos \u00abanimales\u00bb en la 4T en Veracruz, que se le pueden volver una \u00abjaur\u00eda\u00bb en MORENA.. Ya que ahora lo pueden ver \u00abdesde la plenitud del pinche poder\u00bb como un ente pol\u00edtico muy \u00abchico\u00bb y minimizarlo.. Pero ya les demostr\u00f3 que \u00e9l sabe OPERAR con o sin Bienestar.. Adem\u00e1s que \u00e9l conoce las entra\u00f1as del Movimiento porque \u00e9l lo fund\u00f3 para que llegar\u00e1 al poder Cuitl\u00e1huac Garc\u00eda a la gubernatura en 2018.. Y desde ese a\u00f1o, lo est\u00e1n \u00abpateando\u00bb.. Que de seguir as\u00ed, los puede hacer perder el Congreso Local en 2027.. AGUAS FRESCAS..<\/p>\n\n\n\n<p>S\u00f3lo hay que hacer memoria que desde la Delegaci\u00f3n del Bienestar le gan\u00f3 a todos el gobierno del Estado, a todo el poder del Congreso Local, a todo el Poder Judicial y a todos los alcaldes.. Los cargo y se los pas\u00f3 por la \u00abCuenca del Papaloapan\u00bb y les gan\u00f3 la encuesta en 2023.. As\u00ed que si esta persona que aguant\u00f3 las \u00abtempestades\u00bb para que llegar\u00e1 Andr\u00e9s Manuel L\u00f3pez Obrador.. Que m\u00e1s les da unas \u00abtravesuras\u00bb en 2027 y algunas \u00abmaldades\u00bb en 2029 para que en 2030 sea el ENFRENTAMIENTO REAL con ese grupo de poder, que llevar\u00eda 12 a\u00f1os denost\u00e1ndolo en Veracruz.. Finalmente \u00e9l est\u00e1 con \u00abAndy\u00bb y mientras el \u00abjunior\u00bb tenga el poder en MORENA nacional.. NADA LE VA A PASAR.. AMEN..<\/p>\n","protected":false},"excerpt":{"rendered":"<p>Ricardo Chua Sale y Vale Los informes que tienen en el comit\u00e9 nacional de MORENA, sobre la realidad pol\u00edtica que vive su partido en Veracruz, es que el senador Manuel Huerta Ladr\u00f3n de Guevara, es quien realmente a\u00fan controla las \u00abhuestes\u00bb pol\u00edticas de este organismo en la entidad.. Pese a la fuerza del gobierno estatal [&hellip;]<\/p>\n","protected":false},"author":2,"featured_media":141434,"comment_status":"closed","ping_status":"closed","sticky":false,"template":"","format":"standard","meta":{"tdm_status":"","tdm_grid_status":"","footnotes":""},"categories":[70],"tags":[1850,1026,195],"class_list":{"0":"post-148897","1":"post","2":"type-post","3":"status-publish","4":"format-standard","5":"has-post-thumbnail","7":"category-de-opinion","8":"tag-manuel-huerta-ladron-de-guevara","9":"tag-morena","10":"tag-veracruz"},"yoast_head":"<!-- This site is optimized with the Yoast SEO plugin v27.4 - https:\/\/yoast.com\/product\/yoast-seo-wordpress\/ -->\n<title>HUERTA Y MORENA, MAS SI OSARE UN EXTRA\u00d1O ENEMIGO - Los pol\u00edticos Veracruz<\/title>\n<meta name=\"robots\" content=\"index, follow, max-snippet:-1, max-image-preview:large, max-video-preview:-1\" \/>\n<link rel=\"canonical\" href=\"https:\/\/lospoliticosveracruz.com\/?p=148897\" \/>\n<meta property=\"og:locale\" content=\"es_ES\" \/>\n<meta property=\"og:type\" content=\"article\" \/>\n<meta property=\"og:title\" content=\"HUERTA Y MORENA, MAS SI OSARE UN EXTRA\u00d1O ENEMIGO - Los pol\u00edticos Veracruz\" \/>\n<meta property=\"og:description\" content=\"Ricardo Chua Sale y Vale Los informes que tienen en el comit\u00e9 nacional de MORENA, sobre la realidad pol\u00edtica que vive su partido en Veracruz, es que el senador Manuel Huerta Ladr\u00f3n de Guevara, es quien realmente a\u00fan controla las \u00abhuestes\u00bb pol\u00edticas de este organismo en la entidad.. Pese a la fuerza del gobierno estatal [&hellip;]\" \/>\n<meta property=\"og:url\" content=\"https:\/\/lospoliticosveracruz.com\/?p=148897\" \/>\n<meta property=\"og:site_name\" content=\"Los pol\u00edticos Veracruz\" \/>\n<meta property=\"article:publisher\" content=\"https:\/\/www.facebook.com\/people\/Notimemes-de-los-Polticos\/61565672886568\/\" \/>\n<meta property=\"article:published_time\" content=\"2025-07-16T11:36:50+00:00\" \/>\n<meta property=\"article:modified_time\" content=\"2025-07-16T11:37:02+00:00\" \/>\n<meta property=\"og:image\" content=\"https:\/\/lospoliticosveracruz.com\/wp-content\/uploads\/2025\/04\/Chua-e1761364658706.jpg\" \/>\n\t<meta property=\"og:image:width\" content=\"600\" \/>\n\t<meta property=\"og:image:height\" content=\"320\" \/>\n\t<meta property=\"og:image:type\" content=\"image\/jpeg\" \/>\n<meta name=\"author\" content=\"Lo viste en Los Pol\u00edticos\" \/>\n<meta name=\"twitter:card\" content=\"summary_large_image\" \/>\n<meta name=\"twitter:creator\" content=\"@LosPoliticosVer\" \/>\n<meta name=\"twitter:site\" content=\"@LosPoliticosVer\" \/>\n<meta name=\"twitter:label1\" content=\"Escrito por\" \/>\n\t<meta name=\"twitter:data1\" content=\"Lo viste en Los Pol\u00edticos\" \/>\n\t<meta name=\"twitter:label2\" content=\"Tiempo de lectura\" \/>\n\t<meta name=\"twitter:data2\" content=\"6 minutos\" \/>\n<script type=\"application\/ld+json\" class=\"yoast-schema-graph\">{\"@context\":\"https:\\\/\\\/schema.org\",\"@graph\":[{\"@type\":\"Article\",\"@id\":\"https:\\\/\\\/lospoliticosveracruz.com\\\/?p=148897#article\",\"isPartOf\":{\"@id\":\"https:\\\/\\\/lospoliticosveracruz.com\\\/?p=148897\"},\"author\":{\"name\":\"Lo viste en Los Pol\u00edticos\",\"@id\":\"https:\\\/\\\/lospoliticosveracruz.com\\\/#\\\/schema\\\/person\\\/b8702bb0e538456e6efd07080bf2a4a2\"},\"headline\":\"HUERTA Y MORENA, MAS SI OSARE UN EXTRA\u00d1O ENEMIGO\",\"datePublished\":\"2025-07-16T11:36:50+00:00\",\"dateModified\":\"2025-07-16T11:37:02+00:00\",\"mainEntityOfPage\":{\"@id\":\"https:\\\/\\\/lospoliticosveracruz.com\\\/?p=148897\"},\"wordCount\":1304,\"publisher\":{\"@id\":\"https:\\\/\\\/lospoliticosveracruz.com\\\/#organization\"},\"image\":{\"@id\":\"https:\\\/\\\/lospoliticosveracruz.com\\\/?p=148897#primaryimage\"},\"thumbnailUrl\":\"https:\\\/\\\/lospoliticosveracruz.com\\\/wp-content\\\/uploads\\\/2025\\\/04\\\/Chua-e1761364658706.jpg\",\"keywords\":[\"Manuel Huerta Ladr\u00f3n de Guevara\",\"Morena\",\"Veracruz\"],\"articleSection\":[\"De Opini\u00f3n\"],\"inLanguage\":\"es\"},{\"@type\":\"WebPage\",\"@id\":\"https:\\\/\\\/lospoliticosveracruz.com\\\/?p=148897\",\"url\":\"https:\\\/\\\/lospoliticosveracruz.com\\\/?p=148897\",\"name\":\"HUERTA Y MORENA, MAS SI OSARE UN EXTRA\u00d1O ENEMIGO - Los pol\u00edticos Veracruz\",\"isPartOf\":{\"@id\":\"https:\\\/\\\/lospoliticosveracruz.com\\\/#website\"},\"primaryImageOfPage\":{\"@id\":\"https:\\\/\\\/lospoliticosveracruz.com\\\/?p=148897#primaryimage\"},\"image\":{\"@id\":\"https:\\\/\\\/lospoliticosveracruz.com\\\/?p=148897#primaryimage\"},\"thumbnailUrl\":\"https:\\\/\\\/lospoliticosveracruz.com\\\/wp-content\\\/uploads\\\/2025\\\/04\\\/Chua-e1761364658706.jpg\",\"datePublished\":\"2025-07-16T11:36:50+00:00\",\"dateModified\":\"2025-07-16T11:37:02+00:00\",\"breadcrumb\":{\"@id\":\"https:\\\/\\\/lospoliticosveracruz.com\\\/?p=148897#breadcrumb\"},\"inLanguage\":\"es\",\"potentialAction\":[{\"@type\":\"ReadAction\",\"target\":[\"https:\\\/\\\/lospoliticosveracruz.com\\\/?p=148897\"]}]},{\"@type\":\"ImageObject\",\"inLanguage\":\"es\",\"@id\":\"https:\\\/\\\/lospoliticosveracruz.com\\\/?p=148897#primaryimage\",\"url\":\"https:\\\/\\\/lospoliticosveracruz.com\\\/wp-content\\\/uploads\\\/2025\\\/04\\\/Chua-e1761364658706.jpg\",\"contentUrl\":\"https:\\\/\\\/lospoliticosveracruz.com\\\/wp-content\\\/uploads\\\/2025\\\/04\\\/Chua-e1761364658706.jpg\",\"width\":600,\"height\":320},{\"@type\":\"BreadcrumbList\",\"@id\":\"https:\\\/\\\/lospoliticosveracruz.com\\\/?p=148897#breadcrumb\",\"itemListElement\":[{\"@type\":\"ListItem\",\"position\":1,\"name\":\"Portada\",\"item\":\"https:\\\/\\\/lospoliticosveracruz.com\\\/\"},{\"@type\":\"ListItem\",\"position\":2,\"name\":\"HUERTA Y MORENA, MAS SI OSARE UN EXTRA\u00d1O ENEMIGO\"}]},{\"@type\":\"WebSite\",\"@id\":\"https:\\\/\\\/lospoliticosveracruz.com\\\/#website\",\"url\":\"https:\\\/\\\/lospoliticosveracruz.com\\\/\",\"name\":\"Los pol\u00edticos Veracruz\",\"description\":\"\",\"publisher\":{\"@id\":\"https:\\\/\\\/lospoliticosveracruz.com\\\/#organization\"},\"potentialAction\":[{\"@type\":\"SearchAction\",\"target\":{\"@type\":\"EntryPoint\",\"urlTemplate\":\"https:\\\/\\\/lospoliticosveracruz.com\\\/?s={search_term_string}\"},\"query-input\":{\"@type\":\"PropertyValueSpecification\",\"valueRequired\":true,\"valueName\":\"search_term_string\"}}],\"inLanguage\":\"es\"},{\"@type\":\"Organization\",\"@id\":\"https:\\\/\\\/lospoliticosveracruz.com\\\/#organization\",\"name\":\"Los pol\u00edticos Veracruz\",\"url\":\"https:\\\/\\\/lospoliticosveracruz.com\\\/\",\"logo\":{\"@type\":\"ImageObject\",\"inLanguage\":\"es\",\"@id\":\"https:\\\/\\\/lospoliticosveracruz.com\\\/#\\\/schema\\\/logo\\\/image\\\/\",\"url\":\"https:\\\/\\\/lospoliticosveracruz.com\\\/wp-content\\\/uploads\\\/2025\\\/12\\\/Logo-Nuevo-LOS-POLITICOS-1.jpg\",\"contentUrl\":\"https:\\\/\\\/lospoliticosveracruz.com\\\/wp-content\\\/uploads\\\/2025\\\/12\\\/Logo-Nuevo-LOS-POLITICOS-1.jpg\",\"width\":260,\"height\":70,\"caption\":\"Los pol\u00edticos Veracruz\"},\"image\":{\"@id\":\"https:\\\/\\\/lospoliticosveracruz.com\\\/#\\\/schema\\\/logo\\\/image\\\/\"},\"sameAs\":[\"https:\\\/\\\/www.facebook.com\\\/people\\\/Notimemes-de-los-Polticos\\\/61565672886568\\\/\",\"https:\\\/\\\/x.com\\\/LosPoliticosVer\"]},{\"@type\":\"Person\",\"@id\":\"https:\\\/\\\/lospoliticosveracruz.com\\\/#\\\/schema\\\/person\\\/b8702bb0e538456e6efd07080bf2a4a2\",\"name\":\"Lo viste en Los Pol\u00edticos\",\"image\":{\"@type\":\"ImageObject\",\"inLanguage\":\"es\",\"@id\":\"https:\\\/\\\/secure.gravatar.com\\\/avatar\\\/3a8de04a2656d44082be478bd6c086daa447c4651605818287b9532d3d0bd435?s=96&d=mm&r=g\",\"url\":\"https:\\\/\\\/secure.gravatar.com\\\/avatar\\\/3a8de04a2656d44082be478bd6c086daa447c4651605818287b9532d3d0bd435?s=96&d=mm&r=g\",\"contentUrl\":\"https:\\\/\\\/secure.gravatar.com\\\/avatar\\\/3a8de04a2656d44082be478bd6c086daa447c4651605818287b9532d3d0bd435?s=96&d=mm&r=g\",\"caption\":\"Lo viste en Los Pol\u00edticos\"},\"url\":\"https:\\\/\\\/lospoliticosveracruz.com\\\/?author=2\"}]}<\/script>\n<!-- \/ Yoast SEO plugin. -->","yoast_head_json":{"title":"HUERTA Y MORENA, MAS SI OSARE UN EXTRA\u00d1O ENEMIGO - Los pol\u00edticos Veracruz","robots":{"index":"index","follow":"follow","max-snippet":"max-snippet:-1","max-image-preview":"max-image-preview:large","max-video-preview":"max-video-preview:-1"},"canonical":"https:\/\/lospoliticosveracruz.com\/?p=148897","og_locale":"es_ES","og_type":"article","og_title":"HUERTA Y MORENA, MAS SI OSARE UN EXTRA\u00d1O ENEMIGO - Los pol\u00edticos Veracruz","og_description":"Ricardo Chua Sale y Vale Los informes que tienen en el comit\u00e9 nacional de MORENA, sobre la realidad pol\u00edtica que vive su partido en Veracruz, es que el senador Manuel Huerta Ladr\u00f3n de Guevara, es quien realmente a\u00fan controla las \u00abhuestes\u00bb pol\u00edticas de este organismo en la entidad.. Pese a la fuerza del gobierno estatal [&hellip;]","og_url":"https:\/\/lospoliticosveracruz.com\/?p=148897","og_site_name":"Los pol\u00edticos Veracruz","article_publisher":"https:\/\/www.facebook.com\/people\/Notimemes-de-los-Polticos\/61565672886568\/","article_published_time":"2025-07-16T11:36:50+00:00","article_modified_time":"2025-07-16T11:37:02+00:00","og_image":[{"width":600,"height":320,"url":"https:\/\/lospoliticosveracruz.com\/wp-content\/uploads\/2025\/04\/Chua-e1761364658706.jpg","type":"image\/jpeg"}],"author":"Lo viste en Los Pol\u00edticos","twitter_card":"summary_large_image","twitter_creator":"@LosPoliticosVer","twitter_site":"@LosPoliticosVer","twitter_misc":{"Escrito por":"Lo viste en Los Pol\u00edticos","Tiempo de lectura":"6 minutos"},"schema":{"@context":"https:\/\/schema.org","@graph":[{"@type":"Article","@id":"https:\/\/lospoliticosveracruz.com\/?p=148897#article","isPartOf":{"@id":"https:\/\/lospoliticosveracruz.com\/?p=148897"},"author":{"name":"Lo viste en Los Pol\u00edticos","@id":"https:\/\/lospoliticosveracruz.com\/#\/schema\/person\/b8702bb0e538456e6efd07080bf2a4a2"},"headline":"HUERTA Y MORENA, MAS SI OSARE UN EXTRA\u00d1O ENEMIGO","datePublished":"2025-07-16T11:36:50+00:00","dateModified":"2025-07-16T11:37:02+00:00","mainEntityOfPage":{"@id":"https:\/\/lospoliticosveracruz.com\/?p=148897"},"wordCount":1304,"publisher":{"@id":"https:\/\/lospoliticosveracruz.com\/#organization"},"image":{"@id":"https:\/\/lospoliticosveracruz.com\/?p=148897#primaryimage"},"thumbnailUrl":"https:\/\/lospoliticosveracruz.com\/wp-content\/uploads\/2025\/04\/Chua-e1761364658706.jpg","keywords":["Manuel Huerta Ladr\u00f3n de Guevara","Morena","Veracruz"],"articleSection":["De Opini\u00f3n"],"inLanguage":"es"},{"@type":"WebPage","@id":"https:\/\/lospoliticosveracruz.com\/?p=148897","url":"https:\/\/lospoliticosveracruz.com\/?p=148897","name":"HUERTA Y MORENA, MAS SI OSARE UN EXTRA\u00d1O ENEMIGO - Los pol\u00edticos Veracruz","isPartOf":{"@id":"https:\/\/lospoliticosveracruz.com\/#website"},"primaryImageOfPage":{"@id":"https:\/\/lospoliticosveracruz.com\/?p=148897#primaryimage"},"image":{"@id":"https:\/\/lospoliticosveracruz.com\/?p=148897#primaryimage"},"thumbnailUrl":"https:\/\/lospoliticosveracruz.com\/wp-content\/uploads\/2025\/04\/Chua-e1761364658706.jpg","datePublished":"2025-07-16T11:36:50+00:00","dateModified":"2025-07-16T11:37:02+00:00","breadcrumb":{"@id":"https:\/\/lospoliticosveracruz.com\/?p=148897#breadcrumb"},"inLanguage":"es","potentialAction":[{"@type":"ReadAction","target":["https:\/\/lospoliticosveracruz.com\/?p=148897"]}]},{"@type":"ImageObject","inLanguage":"es","@id":"https:\/\/lospoliticosveracruz.com\/?p=148897#primaryimage","url":"https:\/\/lospoliticosveracruz.com\/wp-content\/uploads\/2025\/04\/Chua-e1761364658706.jpg","contentUrl":"https:\/\/lospoliticosveracruz.com\/wp-content\/uploads\/2025\/04\/Chua-e1761364658706.jpg","width":600,"height":320},{"@type":"BreadcrumbList","@id":"https:\/\/lospoliticosveracruz.com\/?p=148897#breadcrumb","itemListElement":[{"@type":"ListItem","position":1,"name":"Portada","item":"https:\/\/lospoliticosveracruz.com\/"},{"@type":"ListItem","position":2,"name":"HUERTA Y MORENA, MAS SI OSARE UN EXTRA\u00d1O ENEMIGO"}]},{"@type":"WebSite","@id":"https:\/\/lospoliticosveracruz.com\/#website","url":"https:\/\/lospoliticosveracruz.com\/","name":"Los pol\u00edticos Veracruz","description":"","publisher":{"@id":"https:\/\/lospoliticosveracruz.com\/#organization"},"potentialAction":[{"@type":"SearchAction","target":{"@type":"EntryPoint","urlTemplate":"https:\/\/lospoliticosveracruz.com\/?s={search_term_string}"},"query-input":{"@type":"PropertyValueSpecification","valueRequired":true,"valueName":"search_term_string"}}],"inLanguage":"es"},{"@type":"Organization","@id":"https:\/\/lospoliticosveracruz.com\/#organization","name":"Los pol\u00edticos Veracruz","url":"https:\/\/lospoliticosveracruz.com\/","logo":{"@type":"ImageObject","inLanguage":"es","@id":"https:\/\/lospoliticosveracruz.com\/#\/schema\/logo\/image\/","url":"https:\/\/lospoliticosveracruz.com\/wp-content\/uploads\/2025\/12\/Logo-Nuevo-LOS-POLITICOS-1.jpg","contentUrl":"https:\/\/lospoliticosveracruz.com\/wp-content\/uploads\/2025\/12\/Logo-Nuevo-LOS-POLITICOS-1.jpg","width":260,"height":70,"caption":"Los pol\u00edticos Veracruz"},"image":{"@id":"https:\/\/lospoliticosveracruz.com\/#\/schema\/logo\/image\/"},"sameAs":["https:\/\/www.facebook.com\/people\/Notimemes-de-los-Polticos\/61565672886568\/","https:\/\/x.com\/LosPoliticosVer"]},{"@type":"Person","@id":"https:\/\/lospoliticosveracruz.com\/#\/schema\/person\/b8702bb0e538456e6efd07080bf2a4a2","name":"Lo viste en Los Pol\u00edticos","image":{"@type":"ImageObject","inLanguage":"es","@id":"https:\/\/secure.gravatar.com\/avatar\/3a8de04a2656d44082be478bd6c086daa447c4651605818287b9532d3d0bd435?s=96&d=mm&r=g","url":"https:\/\/secure.gravatar.com\/avatar\/3a8de04a2656d44082be478bd6c086daa447c4651605818287b9532d3d0bd435?s=96&d=mm&r=g","contentUrl":"https:\/\/secure.gravatar.com\/avatar\/3a8de04a2656d44082be478bd6c086daa447c4651605818287b9532d3d0bd435?s=96&d=mm&r=g","caption":"Lo viste en Los Pol\u00edticos"},"url":"https:\/\/lospoliticosveracruz.com\/?author=2"}]}},"_links":{"self":[{"href":"https:\/\/lospoliticosveracruz.com\/index.php?rest_route=\/wp\/v2\/posts\/148897","targetHints":{"allow":["GET"]}}],"collection":[{"href":"https:\/\/lospoliticosveracruz.com\/index.php?rest_route=\/wp\/v2\/posts"}],"about":[{"href":"https:\/\/lospoliticosveracruz.com\/index.php?rest_route=\/wp\/v2\/types\/post"}],"author":[{"embeddable":true,"href":"https:\/\/lospoliticosveracruz.com\/index.php?rest_route=\/wp\/v2\/users\/2"}],"replies":[{"embeddable":true,"href":"https:\/\/lospoliticosveracruz.com\/index.php?rest_route=%2Fwp%2Fv2%2Fcomments&post=148897"}],"version-history":[{"count":1,"href":"https:\/\/lospoliticosveracruz.com\/index.php?rest_route=\/wp\/v2\/posts\/148897\/revisions"}],"predecessor-version":[{"id":148898,"href":"https:\/\/lospoliticosveracruz.com\/index.php?rest_route=\/wp\/v2\/posts\/148897\/revisions\/148898"}],"wp:featuredmedia":[{"embeddable":true,"href":"https:\/\/lospoliticosveracruz.com\/index.php?rest_route=\/wp\/v2\/media\/141434"}],"wp:attachment":[{"href":"https:\/\/lospoliticosveracruz.com\/index.php?rest_route=%2Fwp%2Fv2%2Fmedia&parent=148897"}],"wp:term":[{"taxonomy":"category","embeddable":true,"href":"https:\/\/lospoliticosveracruz.com\/index.php?rest_route=%2Fwp%2Fv2%2Fcategories&post=148897"},{"taxonomy":"post_tag","embeddable":true,"href":"https:\/\/lospoliticosveracruz.com\/index.php?rest_route=%2Fwp%2Fv2%2Ftags&post=148897"}],"curies":[{"name":"wp","href":"https:\/\/api.w.org\/{rel}","templated":true}]}}