{"id":148913,"date":"2025-07-16T08:57:15","date_gmt":"2025-07-16T13:57:15","guid":{"rendered":"https:\/\/lospoliticosveracruz.com.mx\/?p=148913"},"modified":"2025-07-16T08:57:28","modified_gmt":"2025-07-16T13:57:28","slug":"que-le-vamos-a-hacer-si-hay-otras-prioridades","status":"publish","type":"post","link":"https:\/\/lospoliticosveracruz.com\/?p=148913","title":{"rendered":"QU\u00c9 LE VAMOS A HACER SI HAY OTRAS PRIORIDADES"},"content":{"rendered":"\n\n\n<p><br><strong>Bernardo Guti\u00e9rrez Parra\u00a0<\/strong><\/p>\n\n\n\n<p><em>Desde el Caf\u00e9<\/em><\/p>\n\n\n\n<p>En junio del a\u00f1o anterior la Fiscal\u00eda General del Estado (FGE), presumi\u00f3 que los feminicidios hab\u00edan disminuido un 55 por ciento en el gobierno de Cuitl\u00e1huac Garc\u00eda. Y dio a conocer una gr\u00e1fica donde mostraba que en 2018 se registraron 101; en 2019, 98; en 2020, 73; en 2021, 67; en 2022, 65 y en 2023 fueron 45 los contabilizados.&nbsp;<\/p>\n\n\n\n\n\n<p>Le mostr\u00e9 la gr\u00e1fica a una integrante del Observatorio Universitario de Violencias contra las Mujeres de la Universidad Veracruzana, que tras echarle un vistazo me contest\u00f3 con un lac\u00f3nico: \u201cPamplinas, esas son mentiras\u201d.&nbsp;<\/p>\n\n\n\n<p>Y en efecto, desde antes del 2024 la FGE ya era se\u00f1alada de reclasificar los feminicidios para hacer creer que han disminuido, lo que aparte de ser una falta de \u00e9tica es una falta de algo mayor.&nbsp;<\/p>\n\n\n\n<p>En el primer semestre de este a\u00f1o se registraron treinta. De ellos veintid\u00f3s se cometieron en los municipios del sur y Coatzacoalcos se llev\u00f3 el deshonroso primer lugar con cuatro. Pero en general casi todo el estado es un riesgo para las mujeres.&nbsp;<\/p>\n\n\n\n<p>De acuerdo con el Secretariado Ejecutivo del Sistema Nacional de Seguridad P\u00fablica (SESNSP), de enero a mayo se registraron nueve feminicidios en la entidad, pero en junio se contabilizaron nueve, con lo que la cifra se duplic\u00f3 en apenas treinta d\u00edas y convirti\u00f3 a junio en el mes m\u00e1s letal en lo que va del a\u00f1o.&nbsp;<\/p>\n\n\n\n<p>A ver columnista, estos dieciocho feminicidios que reporta el SESNSP no empatan con los treinta que est\u00e1s dando a conocer en el cuarto p\u00e1rrafo de este bodrio.&nbsp;<\/p>\n\n\n\n<p>Ni empatar\u00e1n, lector.&nbsp;<\/p>\n\n\n\n<p>Sucede que el SESNSP se basa en los datos que le proporciona la FGE que como dije, los reclasifica. Mientras que el Observatorio Universitario recurre a notas period\u00edsticas que investiga con todo cuidado.&nbsp;&nbsp;<\/p>\n\n\n\n<p>Pero m\u00e1s all\u00e1 de los n\u00fameros est\u00e1 la sa\u00f1a con que las asesinan. Ya se est\u00e1 haciendo costumbre saber que murieron apu\u00f1aladas, desmembradas o torturadas. Tambi\u00e9n ya se hizo costumbre saber que ocho de cada diez feminicidas andan sueltos y paseando su impunidad.<\/p>\n\n\n\n<p>Lo grave y quiz\u00e1 est\u00e9s de acuerdo conmigo, es que esas cruentas muertes ya no nos sorprenden, asombran o espantan.&nbsp;<\/p>\n\n\n\n<p>Recuerdo que en 1991, cuando estaba la conmoci\u00f3n por las Muertas de Ju\u00e1rez, mi admirado maestro el periodista Vicente Le\u00f1ero, dio una conferencia en la Septi\u00e9n y ah\u00ed nos dijo. \u201cEl d\u00eda que no nos horrorice una tragedia como \u00e9sta, el d\u00eda que no nos cause dolor, estupor o consternaci\u00f3n una desventura de esta naturaleza, habremos valido madre como sociedad y como seres humanos\u201d.<\/p>\n\n\n\n<p>Qu\u00e9 bueno que no vive para verlo.&nbsp;<\/p>\n\n\n\n<p>La cotidianidad con la que se cometen los feminicidios (m\u00e1s de 3 mil al a\u00f1o en promedio) nos ha vuelto ap\u00e1ticos, displicentes e insensibles. \u201cMientras no toquen a una mujer de mi familia lo dem\u00e1s me vale\u201d.&nbsp;<\/p>\n\n\n\n<p>A lo anterior hay que agregar la ineficacia de las autoridades para prevenir cr\u00edmenes como estos y castigar a los responsables.<\/p>\n\n\n\n<p>Pero qu\u00e9 le vamos a hacer, en este pa\u00eds hay otras prioridades como las elecciones del 2027, como ir preparando a Andy para el 2030, como que nadie toque al se\u00f1or de Palenque, como que Cuitl\u00e1huac deje de fregar a la gobernadora, como que ya dejen como est\u00e1 el \u201cPirata\u201d Fuente, como que llamen a Zenyazen para que responda por el cochinero que dej\u00f3 en la SEV y como a qui\u00e9nes embarrar\u00e1 Ovidio.&nbsp;<\/p>\n\n\n\n<p>\u00bfSer\u00e1 que alg\u00fan d\u00eda se acaben los feminicidios y la impunidad de los feminicidas? Claro que s\u00ed, por supuesto que s\u00ed, pero no ahora.&nbsp;<\/p>\n\n\n\n<p>No en estos tiempos del somos el pa\u00eds m\u00e1s democr\u00e1tico del mundo; del ya no hay impunidad, del se acab\u00f3 la corrupci\u00f3n y el huachicol, del pronto se regularizar\u00e1 el abasto de medicamentos.&nbsp;<\/p>\n\n\n\n<p>\u00bfSeguro columnista que se acabar\u00e1 esta pesadilla?&nbsp;<\/p>\n\n\n\n<p>Reitero que s\u00ed, claro que s\u00ed, pero no en estos tiempos del ya no somos colonia de nadie, del somos independientes y soberanos, del a M\u00e9xico se le respeta.&nbsp;<\/p>\n\n\n\n<p>En s\u00edntesis, no en estos tiempos de la 4T.&nbsp;<\/p>\n\n\n\n<p>bernagup28@gmail.com<\/p>\n","protected":false},"excerpt":{"rendered":"<p>Bernardo Guti\u00e9rrez Parra\u00a0 Desde el Caf\u00e9 En junio del a\u00f1o anterior la Fiscal\u00eda General del Estado (FGE), presumi\u00f3 que los feminicidios hab\u00edan disminuido un 55 por ciento en el gobierno de Cuitl\u00e1huac Garc\u00eda. Y dio a conocer una gr\u00e1fica donde mostraba que en 2018 se registraron 101; en 2019, 98; en 2020, 73; en 2021, [&hellip;]<\/p>\n","protected":false},"author":2,"featured_media":141479,"comment_status":"closed","ping_status":"closed","sticky":false,"template":"","format":"standard","meta":{"tdm_status":"","tdm_grid_status":"","footnotes":""},"categories":[70],"tags":[34206],"class_list":{"0":"post-148913","1":"post","2":"type-post","3":"status-publish","4":"format-standard","5":"has-post-thumbnail","7":"category-de-opinion","8":"tag-bernardo-gutierrez-parra"},"yoast_head":"<!-- This site is optimized with the Yoast SEO plugin v27.4 - https:\/\/yoast.com\/product\/yoast-seo-wordpress\/ -->\n<title>QU\u00c9 LE VAMOS A HACER SI HAY OTRAS PRIORIDADES - Los pol\u00edticos Veracruz<\/title>\n<meta name=\"robots\" content=\"index, follow, max-snippet:-1, max-image-preview:large, max-video-preview:-1\" \/>\n<link rel=\"canonical\" href=\"https:\/\/lospoliticosveracruz.com\/?p=148913\" \/>\n<meta property=\"og:locale\" content=\"es_ES\" \/>\n<meta property=\"og:type\" content=\"article\" \/>\n<meta property=\"og:title\" content=\"QU\u00c9 LE VAMOS A HACER SI HAY OTRAS PRIORIDADES - Los pol\u00edticos Veracruz\" \/>\n<meta property=\"og:description\" content=\"Bernardo Guti\u00e9rrez Parra\u00a0 Desde el Caf\u00e9 En junio del a\u00f1o anterior la Fiscal\u00eda General del Estado (FGE), presumi\u00f3 que los feminicidios hab\u00edan disminuido un 55 por ciento en el gobierno de Cuitl\u00e1huac Garc\u00eda. Y dio a conocer una gr\u00e1fica donde mostraba que en 2018 se registraron 101; en 2019, 98; en 2020, 73; en 2021, [&hellip;]\" \/>\n<meta property=\"og:url\" content=\"https:\/\/lospoliticosveracruz.com\/?p=148913\" \/>\n<meta property=\"og:site_name\" content=\"Los pol\u00edticos Veracruz\" \/>\n<meta property=\"article:publisher\" content=\"https:\/\/www.facebook.com\/people\/Notimemes-de-los-Polticos\/61565672886568\/\" \/>\n<meta property=\"article:published_time\" content=\"2025-07-16T13:57:15+00:00\" \/>\n<meta property=\"article:modified_time\" content=\"2025-07-16T13:57:28+00:00\" \/>\n<meta property=\"og:image\" content=\"https:\/\/lospoliticosveracruz.com\/wp-content\/uploads\/2025\/04\/Bernardo-Gutierrez-Parra.jpg\" \/>\n\t<meta property=\"og:image:width\" content=\"1250\" \/>\n\t<meta property=\"og:image:height\" content=\"667\" \/>\n\t<meta property=\"og:image:type\" content=\"image\/jpeg\" \/>\n<meta name=\"author\" content=\"Lo viste en Los Pol\u00edticos\" \/>\n<meta name=\"twitter:card\" content=\"summary_large_image\" \/>\n<meta name=\"twitter:creator\" content=\"@LosPoliticosVer\" \/>\n<meta name=\"twitter:site\" content=\"@LosPoliticosVer\" \/>\n<meta name=\"twitter:label1\" content=\"Escrito por\" \/>\n\t<meta name=\"twitter:data1\" content=\"Lo viste en Los Pol\u00edticos\" \/>\n\t<meta name=\"twitter:label2\" content=\"Tiempo de lectura\" \/>\n\t<meta name=\"twitter:data2\" content=\"4 minutos\" \/>\n<script type=\"application\/ld+json\" class=\"yoast-schema-graph\">{\"@context\":\"https:\\\/\\\/schema.org\",\"@graph\":[{\"@type\":\"Article\",\"@id\":\"https:\\\/\\\/lospoliticosveracruz.com\\\/?p=148913#article\",\"isPartOf\":{\"@id\":\"https:\\\/\\\/lospoliticosveracruz.com\\\/?p=148913\"},\"author\":{\"name\":\"Lo viste en Los Pol\u00edticos\",\"@id\":\"https:\\\/\\\/lospoliticosveracruz.com\\\/#\\\/schema\\\/person\\\/b8702bb0e538456e6efd07080bf2a4a2\"},\"headline\":\"QU\u00c9 LE VAMOS A HACER SI HAY OTRAS PRIORIDADES\",\"datePublished\":\"2025-07-16T13:57:15+00:00\",\"dateModified\":\"2025-07-16T13:57:28+00:00\",\"mainEntityOfPage\":{\"@id\":\"https:\\\/\\\/lospoliticosveracruz.com\\\/?p=148913\"},\"wordCount\":727,\"publisher\":{\"@id\":\"https:\\\/\\\/lospoliticosveracruz.com\\\/#organization\"},\"image\":{\"@id\":\"https:\\\/\\\/lospoliticosveracruz.com\\\/?p=148913#primaryimage\"},\"thumbnailUrl\":\"https:\\\/\\\/lospoliticosveracruz.com\\\/wp-content\\\/uploads\\\/2025\\\/04\\\/Bernardo-Gutierrez-Parra.jpg\",\"keywords\":[\"Bernardo Guti\u00e9rrez Parra\"],\"articleSection\":[\"De Opini\u00f3n\"],\"inLanguage\":\"es\"},{\"@type\":\"WebPage\",\"@id\":\"https:\\\/\\\/lospoliticosveracruz.com\\\/?p=148913\",\"url\":\"https:\\\/\\\/lospoliticosveracruz.com\\\/?p=148913\",\"name\":\"QU\u00c9 LE VAMOS A HACER SI HAY OTRAS PRIORIDADES - Los pol\u00edticos Veracruz\",\"isPartOf\":{\"@id\":\"https:\\\/\\\/lospoliticosveracruz.com\\\/#website\"},\"primaryImageOfPage\":{\"@id\":\"https:\\\/\\\/lospoliticosveracruz.com\\\/?p=148913#primaryimage\"},\"image\":{\"@id\":\"https:\\\/\\\/lospoliticosveracruz.com\\\/?p=148913#primaryimage\"},\"thumbnailUrl\":\"https:\\\/\\\/lospoliticosveracruz.com\\\/wp-content\\\/uploads\\\/2025\\\/04\\\/Bernardo-Gutierrez-Parra.jpg\",\"datePublished\":\"2025-07-16T13:57:15+00:00\",\"dateModified\":\"2025-07-16T13:57:28+00:00\",\"breadcrumb\":{\"@id\":\"https:\\\/\\\/lospoliticosveracruz.com\\\/?p=148913#breadcrumb\"},\"inLanguage\":\"es\",\"potentialAction\":[{\"@type\":\"ReadAction\",\"target\":[\"https:\\\/\\\/lospoliticosveracruz.com\\\/?p=148913\"]}]},{\"@type\":\"ImageObject\",\"inLanguage\":\"es\",\"@id\":\"https:\\\/\\\/lospoliticosveracruz.com\\\/?p=148913#primaryimage\",\"url\":\"https:\\\/\\\/lospoliticosveracruz.com\\\/wp-content\\\/uploads\\\/2025\\\/04\\\/Bernardo-Gutierrez-Parra.jpg\",\"contentUrl\":\"https:\\\/\\\/lospoliticosveracruz.com\\\/wp-content\\\/uploads\\\/2025\\\/04\\\/Bernardo-Gutierrez-Parra.jpg\",\"width\":1250,\"height\":667},{\"@type\":\"BreadcrumbList\",\"@id\":\"https:\\\/\\\/lospoliticosveracruz.com\\\/?p=148913#breadcrumb\",\"itemListElement\":[{\"@type\":\"ListItem\",\"position\":1,\"name\":\"Portada\",\"item\":\"https:\\\/\\\/lospoliticosveracruz.com\\\/\"},{\"@type\":\"ListItem\",\"position\":2,\"name\":\"QU\u00c9 LE VAMOS A HACER SI HAY OTRAS PRIORIDADES\"}]},{\"@type\":\"WebSite\",\"@id\":\"https:\\\/\\\/lospoliticosveracruz.com\\\/#website\",\"url\":\"https:\\\/\\\/lospoliticosveracruz.com\\\/\",\"name\":\"Los pol\u00edticos Veracruz\",\"description\":\"\",\"publisher\":{\"@id\":\"https:\\\/\\\/lospoliticosveracruz.com\\\/#organization\"},\"potentialAction\":[{\"@type\":\"SearchAction\",\"target\":{\"@type\":\"EntryPoint\",\"urlTemplate\":\"https:\\\/\\\/lospoliticosveracruz.com\\\/?s={search_term_string}\"},\"query-input\":{\"@type\":\"PropertyValueSpecification\",\"valueRequired\":true,\"valueName\":\"search_term_string\"}}],\"inLanguage\":\"es\"},{\"@type\":\"Organization\",\"@id\":\"https:\\\/\\\/lospoliticosveracruz.com\\\/#organization\",\"name\":\"Los pol\u00edticos Veracruz\",\"url\":\"https:\\\/\\\/lospoliticosveracruz.com\\\/\",\"logo\":{\"@type\":\"ImageObject\",\"inLanguage\":\"es\",\"@id\":\"https:\\\/\\\/lospoliticosveracruz.com\\\/#\\\/schema\\\/logo\\\/image\\\/\",\"url\":\"https:\\\/\\\/lospoliticosveracruz.com\\\/wp-content\\\/uploads\\\/2025\\\/12\\\/Logo-Nuevo-LOS-POLITICOS-1.jpg\",\"contentUrl\":\"https:\\\/\\\/lospoliticosveracruz.com\\\/wp-content\\\/uploads\\\/2025\\\/12\\\/Logo-Nuevo-LOS-POLITICOS-1.jpg\",\"width\":260,\"height\":70,\"caption\":\"Los pol\u00edticos Veracruz\"},\"image\":{\"@id\":\"https:\\\/\\\/lospoliticosveracruz.com\\\/#\\\/schema\\\/logo\\\/image\\\/\"},\"sameAs\":[\"https:\\\/\\\/www.facebook.com\\\/people\\\/Notimemes-de-los-Polticos\\\/61565672886568\\\/\",\"https:\\\/\\\/x.com\\\/LosPoliticosVer\"]},{\"@type\":\"Person\",\"@id\":\"https:\\\/\\\/lospoliticosveracruz.com\\\/#\\\/schema\\\/person\\\/b8702bb0e538456e6efd07080bf2a4a2\",\"name\":\"Lo viste en Los Pol\u00edticos\",\"image\":{\"@type\":\"ImageObject\",\"inLanguage\":\"es\",\"@id\":\"https:\\\/\\\/secure.gravatar.com\\\/avatar\\\/3a8de04a2656d44082be478bd6c086daa447c4651605818287b9532d3d0bd435?s=96&d=mm&r=g\",\"url\":\"https:\\\/\\\/secure.gravatar.com\\\/avatar\\\/3a8de04a2656d44082be478bd6c086daa447c4651605818287b9532d3d0bd435?s=96&d=mm&r=g\",\"contentUrl\":\"https:\\\/\\\/secure.gravatar.com\\\/avatar\\\/3a8de04a2656d44082be478bd6c086daa447c4651605818287b9532d3d0bd435?s=96&d=mm&r=g\",\"caption\":\"Lo viste en Los Pol\u00edticos\"},\"url\":\"https:\\\/\\\/lospoliticosveracruz.com\\\/?author=2\"}]}<\/script>\n<!-- \/ Yoast SEO plugin. -->","yoast_head_json":{"title":"QU\u00c9 LE VAMOS A HACER SI HAY OTRAS PRIORIDADES - Los pol\u00edticos Veracruz","robots":{"index":"index","follow":"follow","max-snippet":"max-snippet:-1","max-image-preview":"max-image-preview:large","max-video-preview":"max-video-preview:-1"},"canonical":"https:\/\/lospoliticosveracruz.com\/?p=148913","og_locale":"es_ES","og_type":"article","og_title":"QU\u00c9 LE VAMOS A HACER SI HAY OTRAS PRIORIDADES - Los pol\u00edticos Veracruz","og_description":"Bernardo Guti\u00e9rrez Parra\u00a0 Desde el Caf\u00e9 En junio del a\u00f1o anterior la Fiscal\u00eda General del Estado (FGE), presumi\u00f3 que los feminicidios hab\u00edan disminuido un 55 por ciento en el gobierno de Cuitl\u00e1huac Garc\u00eda. Y dio a conocer una gr\u00e1fica donde mostraba que en 2018 se registraron 101; en 2019, 98; en 2020, 73; en 2021, [&hellip;]","og_url":"https:\/\/lospoliticosveracruz.com\/?p=148913","og_site_name":"Los pol\u00edticos Veracruz","article_publisher":"https:\/\/www.facebook.com\/people\/Notimemes-de-los-Polticos\/61565672886568\/","article_published_time":"2025-07-16T13:57:15+00:00","article_modified_time":"2025-07-16T13:57:28+00:00","og_image":[{"width":1250,"height":667,"url":"https:\/\/lospoliticosveracruz.com\/wp-content\/uploads\/2025\/04\/Bernardo-Gutierrez-Parra.jpg","type":"image\/jpeg"}],"author":"Lo viste en Los Pol\u00edticos","twitter_card":"summary_large_image","twitter_creator":"@LosPoliticosVer","twitter_site":"@LosPoliticosVer","twitter_misc":{"Escrito por":"Lo viste en Los Pol\u00edticos","Tiempo de lectura":"4 minutos"},"schema":{"@context":"https:\/\/schema.org","@graph":[{"@type":"Article","@id":"https:\/\/lospoliticosveracruz.com\/?p=148913#article","isPartOf":{"@id":"https:\/\/lospoliticosveracruz.com\/?p=148913"},"author":{"name":"Lo viste en Los Pol\u00edticos","@id":"https:\/\/lospoliticosveracruz.com\/#\/schema\/person\/b8702bb0e538456e6efd07080bf2a4a2"},"headline":"QU\u00c9 LE VAMOS A HACER SI HAY OTRAS PRIORIDADES","datePublished":"2025-07-16T13:57:15+00:00","dateModified":"2025-07-16T13:57:28+00:00","mainEntityOfPage":{"@id":"https:\/\/lospoliticosveracruz.com\/?p=148913"},"wordCount":727,"publisher":{"@id":"https:\/\/lospoliticosveracruz.com\/#organization"},"image":{"@id":"https:\/\/lospoliticosveracruz.com\/?p=148913#primaryimage"},"thumbnailUrl":"https:\/\/lospoliticosveracruz.com\/wp-content\/uploads\/2025\/04\/Bernardo-Gutierrez-Parra.jpg","keywords":["Bernardo Guti\u00e9rrez Parra"],"articleSection":["De Opini\u00f3n"],"inLanguage":"es"},{"@type":"WebPage","@id":"https:\/\/lospoliticosveracruz.com\/?p=148913","url":"https:\/\/lospoliticosveracruz.com\/?p=148913","name":"QU\u00c9 LE VAMOS A HACER SI HAY OTRAS PRIORIDADES - Los pol\u00edticos Veracruz","isPartOf":{"@id":"https:\/\/lospoliticosveracruz.com\/#website"},"primaryImageOfPage":{"@id":"https:\/\/lospoliticosveracruz.com\/?p=148913#primaryimage"},"image":{"@id":"https:\/\/lospoliticosveracruz.com\/?p=148913#primaryimage"},"thumbnailUrl":"https:\/\/lospoliticosveracruz.com\/wp-content\/uploads\/2025\/04\/Bernardo-Gutierrez-Parra.jpg","datePublished":"2025-07-16T13:57:15+00:00","dateModified":"2025-07-16T13:57:28+00:00","breadcrumb":{"@id":"https:\/\/lospoliticosveracruz.com\/?p=148913#breadcrumb"},"inLanguage":"es","potentialAction":[{"@type":"ReadAction","target":["https:\/\/lospoliticosveracruz.com\/?p=148913"]}]},{"@type":"ImageObject","inLanguage":"es","@id":"https:\/\/lospoliticosveracruz.com\/?p=148913#primaryimage","url":"https:\/\/lospoliticosveracruz.com\/wp-content\/uploads\/2025\/04\/Bernardo-Gutierrez-Parra.jpg","contentUrl":"https:\/\/lospoliticosveracruz.com\/wp-content\/uploads\/2025\/04\/Bernardo-Gutierrez-Parra.jpg","width":1250,"height":667},{"@type":"BreadcrumbList","@id":"https:\/\/lospoliticosveracruz.com\/?p=148913#breadcrumb","itemListElement":[{"@type":"ListItem","position":1,"name":"Portada","item":"https:\/\/lospoliticosveracruz.com\/"},{"@type":"ListItem","position":2,"name":"QU\u00c9 LE VAMOS A HACER SI HAY OTRAS PRIORIDADES"}]},{"@type":"WebSite","@id":"https:\/\/lospoliticosveracruz.com\/#website","url":"https:\/\/lospoliticosveracruz.com\/","name":"Los pol\u00edticos Veracruz","description":"","publisher":{"@id":"https:\/\/lospoliticosveracruz.com\/#organization"},"potentialAction":[{"@type":"SearchAction","target":{"@type":"EntryPoint","urlTemplate":"https:\/\/lospoliticosveracruz.com\/?s={search_term_string}"},"query-input":{"@type":"PropertyValueSpecification","valueRequired":true,"valueName":"search_term_string"}}],"inLanguage":"es"},{"@type":"Organization","@id":"https:\/\/lospoliticosveracruz.com\/#organization","name":"Los pol\u00edticos Veracruz","url":"https:\/\/lospoliticosveracruz.com\/","logo":{"@type":"ImageObject","inLanguage":"es","@id":"https:\/\/lospoliticosveracruz.com\/#\/schema\/logo\/image\/","url":"https:\/\/lospoliticosveracruz.com\/wp-content\/uploads\/2025\/12\/Logo-Nuevo-LOS-POLITICOS-1.jpg","contentUrl":"https:\/\/lospoliticosveracruz.com\/wp-content\/uploads\/2025\/12\/Logo-Nuevo-LOS-POLITICOS-1.jpg","width":260,"height":70,"caption":"Los pol\u00edticos Veracruz"},"image":{"@id":"https:\/\/lospoliticosveracruz.com\/#\/schema\/logo\/image\/"},"sameAs":["https:\/\/www.facebook.com\/people\/Notimemes-de-los-Polticos\/61565672886568\/","https:\/\/x.com\/LosPoliticosVer"]},{"@type":"Person","@id":"https:\/\/lospoliticosveracruz.com\/#\/schema\/person\/b8702bb0e538456e6efd07080bf2a4a2","name":"Lo viste en Los Pol\u00edticos","image":{"@type":"ImageObject","inLanguage":"es","@id":"https:\/\/secure.gravatar.com\/avatar\/3a8de04a2656d44082be478bd6c086daa447c4651605818287b9532d3d0bd435?s=96&d=mm&r=g","url":"https:\/\/secure.gravatar.com\/avatar\/3a8de04a2656d44082be478bd6c086daa447c4651605818287b9532d3d0bd435?s=96&d=mm&r=g","contentUrl":"https:\/\/secure.gravatar.com\/avatar\/3a8de04a2656d44082be478bd6c086daa447c4651605818287b9532d3d0bd435?s=96&d=mm&r=g","caption":"Lo viste en Los Pol\u00edticos"},"url":"https:\/\/lospoliticosveracruz.com\/?author=2"}]}},"_links":{"self":[{"href":"https:\/\/lospoliticosveracruz.com\/index.php?rest_route=\/wp\/v2\/posts\/148913","targetHints":{"allow":["GET"]}}],"collection":[{"href":"https:\/\/lospoliticosveracruz.com\/index.php?rest_route=\/wp\/v2\/posts"}],"about":[{"href":"https:\/\/lospoliticosveracruz.com\/index.php?rest_route=\/wp\/v2\/types\/post"}],"author":[{"embeddable":true,"href":"https:\/\/lospoliticosveracruz.com\/index.php?rest_route=\/wp\/v2\/users\/2"}],"replies":[{"embeddable":true,"href":"https:\/\/lospoliticosveracruz.com\/index.php?rest_route=%2Fwp%2Fv2%2Fcomments&post=148913"}],"version-history":[{"count":1,"href":"https:\/\/lospoliticosveracruz.com\/index.php?rest_route=\/wp\/v2\/posts\/148913\/revisions"}],"predecessor-version":[{"id":148914,"href":"https:\/\/lospoliticosveracruz.com\/index.php?rest_route=\/wp\/v2\/posts\/148913\/revisions\/148914"}],"wp:featuredmedia":[{"embeddable":true,"href":"https:\/\/lospoliticosveracruz.com\/index.php?rest_route=\/wp\/v2\/media\/141479"}],"wp:attachment":[{"href":"https:\/\/lospoliticosveracruz.com\/index.php?rest_route=%2Fwp%2Fv2%2Fmedia&parent=148913"}],"wp:term":[{"taxonomy":"category","embeddable":true,"href":"https:\/\/lospoliticosveracruz.com\/index.php?rest_route=%2Fwp%2Fv2%2Fcategories&post=148913"},{"taxonomy":"post_tag","embeddable":true,"href":"https:\/\/lospoliticosveracruz.com\/index.php?rest_route=%2Fwp%2Fv2%2Ftags&post=148913"}],"curies":[{"name":"wp","href":"https:\/\/api.w.org\/{rel}","templated":true}]}}