{"id":148978,"date":"2025-07-17T07:19:44","date_gmt":"2025-07-17T12:19:44","guid":{"rendered":"https:\/\/lospoliticosveracruz.com.mx\/?p=148978"},"modified":"2025-07-17T07:20:02","modified_gmt":"2025-07-17T12:20:02","slug":"comision-estatal-de-busqueda","status":"publish","type":"post","link":"https:\/\/lospoliticosveracruz.com\/?p=148978","title":{"rendered":"COMISI\u00d3N ESTATAL DE B\u00daSQUEDA"},"content":{"rendered":"\n<p><strong>Fanny Y\u00e9pez<\/strong><br><em>La columna<\/em> <\/p>\n\n\n\n\n\n<p><br>La desaparici\u00f3n de personas se refiere a la ausencia de una persona de su lugar de residencia habitual, sin que se conozca su paradero o motivo de ausencia, generando dolor, preocupaci\u00f3n e incertidumbre tanto para sus familiares como para la sociedad. Esta situaci\u00f3n puede darse por diversas causas, incluyendo conflictos armados, violencia, cat\u00e1strofes naturales, o situaciones de vulnerabilidad. Es importante diferenciar entre desaparici\u00f3n voluntaria, involuntaria y forzada.<br>Sobre este doloroso tema la titular de la Comisi\u00f3n de B\u00fasqueda, Lutgarda Madrigal Valdez, dijo que afortunadamente en el 85 por ciento de los casos reportados, las personas desaparecidas regresan a sus hogares o con sus familias. Definitivamente esta informaci\u00f3n alienta a toda la sociedad.<br>Sin embargo, puntualizo que existe la posibilidad de que de manera espec\u00edfica algunos criminales seduzcan a las jovencitas invit\u00e1ndolas a eventos espectaculares, a cenar o a realizar un trabajo que finalmente es una mentira y las secuestran, por lo que es necesaria la prevenci\u00f3n y donde deben participar los padres de estos j\u00f3venes.<\/p>\n\n\n\n<p><br>\u201cFuimos invitados la Comisi\u00f3n de B\u00fasqueda, a una reuni\u00f3n con una asociaci\u00f3n civil de la ciudad de Orizaba, para impartir un taller para adolescentes para la prevenci\u00f3n del delito, que contempla que no proporcionen sus correos ni sus redes sociales, porque tenemos muchas jovencitas desaparecidas que se van de sus casas por conflictos familiares y se exponen mucho al estar solas\u201d, explic\u00f3 Lutgarda Madrigal.<br>Tambi\u00e9n reconoci\u00f3 la gran importancia que tiene la coordinaci\u00f3n entre las diversas dependencias de los gobiernos estatal y federal, as\u00ed como los 48 colectivos que se localizan en distintos puntos del estado de Veracruz, para atender esta demanda que lastima a las familias que viven esos momentos de angustia.<br>Reiter\u00f3 el llamado a los padres de familia para que vigilen de cerca el manejo que tienen sus hijos de las redes sociales, como Facebook e Instagram, as\u00ed como la aplicaci\u00f3n de WhatsApp, porque por estos canales es por donde los ciberdelincuentes act\u00faan de manera recurrente.<br>Finalmente dijo que el compromiso de la Comisi\u00f3n Estatal de B\u00fasqueda para atender todas las solicitudes, estar\u00e1 presente para orientar a todos los que soliciten sus servicios.<br>Adem\u00e1s de los operativos que la Comisi\u00f3n Estatal de B\u00fasqueda de personas desaparecidas lleva a cabo en diversas zonas, tambi\u00e9n realizan conferencias de orientaci\u00f3n a las jovencitas que, atra\u00eddas por mensajes en las redes sociales, se vuelven v\u00edctimas de esos delitos.<br>La Comisi\u00f3n Estatal de B\u00fasqueda de Personas del Estado de Veracruz, encabezada por la Mtra. Lutgarda Madrigal Valdez, reafirma su compromiso con la prevenci\u00f3n de desapariciones, mediante la implementaci\u00f3n de acciones orientadas a proteger a ni\u00f1as, ni\u00f1os y adolescentes frente a los riesgos que representan las redes sociales y plataformas digitales.<br>En estricto cumplimiento del Art\u00edculo 2, fracci\u00f3n I de la Ley N\u00famero 677 en Materia de Desaparici\u00f3n de Personas para el Estado de Veracruz, que establece como objetivo principal la prevenci\u00f3n, investigaci\u00f3n, sanci\u00f3n y erradicaci\u00f3n de los delitos de desaparici\u00f3n forzada y desaparici\u00f3n cometida por particulares, la Comisi\u00f3n ha desarrollado una estrategia preventiva focalizada en poblaci\u00f3n adolescente.<br>Como parte de esta estrategia, se promueven talleres y actividades de sensibilizaci\u00f3n en planteles educativos y espacios comunitarios, en coordinaci\u00f3n con organizaciones de la sociedad civil. Estas acciones tienen como finalidad informar a las y los adolescentes, sobre los riesgos asociados con el uso irresponsable de internet, el intercambio de datos personales, y la interacci\u00f3n con personas desconocidas en redes sociales y videojuegos en l\u00ednea.<br>De acuerdo con datos del Consejo Ciudadano para la Seguridad, m\u00e1s del 62\u202f% de los casos de trata de personas y pornograf\u00eda infantil registrados entre enero de 2024 y junio de 2025, se originaron en plataformas digitales, lo que justifica de manera urgente la necesidad de fortalecer la educaci\u00f3n digital y la prevenci\u00f3n temprana.<br>Adem\u00e1s de sus labores preventivas, la Comisi\u00f3n Estatal de B\u00fasqueda mantiene un \u00edndice de efectividad del 85\u202f% en la localizaci\u00f3n de personas reportadas como desaparecidas, gracias a un trabajo coordinado con instancias federales, estatales y municipales, as\u00ed como con los 48 colectivos de b\u00fasqueda que operan activamente en el territorio veracruzano.<br>La Mtra. Madrigal Valdez subray\u00f3 que el compromiso de la Comisi\u00f3n no se limita a la atenci\u00f3n de reportes, sino que tambi\u00e9n incluye la orientaci\u00f3n a las familias, el acompa\u00f1amiento psicosocial y la promoci\u00f3n de entornos seguros para las juventudes.<\/p>\n\n\n","protected":false},"excerpt":{"rendered":"<p>Fanny Y\u00e9pezLa columna La desaparici\u00f3n de personas se refiere a la ausencia de una persona de su lugar de residencia habitual, sin que se conozca su paradero o motivo de ausencia, generando dolor, preocupaci\u00f3n e incertidumbre tanto para sus familiares como para la sociedad. Esta situaci\u00f3n puede darse por diversas causas, incluyendo conflictos armados, violencia, [&hellip;]<\/p>\n","protected":false},"author":2,"featured_media":141383,"comment_status":"closed","ping_status":"closed","sticky":false,"template":"","format":"standard","meta":{"tdm_status":"","tdm_grid_status":"","footnotes":""},"categories":[70],"tags":[195],"class_list":{"0":"post-148978","1":"post","2":"type-post","3":"status-publish","4":"format-standard","5":"has-post-thumbnail","7":"category-de-opinion","8":"tag-veracruz"},"yoast_head":"<!-- This site is optimized with the Yoast SEO plugin v27.4 - https:\/\/yoast.com\/product\/yoast-seo-wordpress\/ -->\n<title>COMISI\u00d3N ESTATAL DE B\u00daSQUEDA - Los pol\u00edticos Veracruz<\/title>\n<meta name=\"robots\" content=\"index, follow, max-snippet:-1, max-image-preview:large, max-video-preview:-1\" \/>\n<link rel=\"canonical\" href=\"https:\/\/lospoliticosveracruz.com\/?p=148978\" \/>\n<meta property=\"og:locale\" content=\"es_ES\" \/>\n<meta property=\"og:type\" content=\"article\" \/>\n<meta property=\"og:title\" content=\"COMISI\u00d3N ESTATAL DE B\u00daSQUEDA - Los pol\u00edticos Veracruz\" \/>\n<meta property=\"og:description\" content=\"Fanny Y\u00e9pezLa columna La desaparici\u00f3n de personas se refiere a la ausencia de una persona de su lugar de residencia habitual, sin que se conozca su paradero o motivo de ausencia, generando dolor, preocupaci\u00f3n e incertidumbre tanto para sus familiares como para la sociedad. Esta situaci\u00f3n puede darse por diversas causas, incluyendo conflictos armados, violencia, [&hellip;]\" \/>\n<meta property=\"og:url\" content=\"https:\/\/lospoliticosveracruz.com\/?p=148978\" \/>\n<meta property=\"og:site_name\" content=\"Los pol\u00edticos Veracruz\" \/>\n<meta property=\"article:publisher\" content=\"https:\/\/www.facebook.com\/people\/Notimemes-de-los-Polticos\/61565672886568\/\" \/>\n<meta property=\"article:published_time\" content=\"2025-07-17T12:19:44+00:00\" \/>\n<meta property=\"article:modified_time\" content=\"2025-07-17T12:20:02+00:00\" \/>\n<meta property=\"og:image\" content=\"https:\/\/lospoliticosveracruz.com\/wp-content\/uploads\/2025\/04\/Fanny-Yepez-Luna.jpg\" \/>\n\t<meta property=\"og:image:width\" content=\"1250\" \/>\n\t<meta property=\"og:image:height\" content=\"667\" \/>\n\t<meta property=\"og:image:type\" content=\"image\/jpeg\" \/>\n<meta name=\"author\" content=\"Lo viste en Los Pol\u00edticos\" \/>\n<meta name=\"twitter:card\" content=\"summary_large_image\" \/>\n<meta name=\"twitter:creator\" content=\"@LosPoliticosVer\" \/>\n<meta name=\"twitter:site\" content=\"@LosPoliticosVer\" \/>\n<meta name=\"twitter:label1\" content=\"Escrito por\" \/>\n\t<meta name=\"twitter:data1\" content=\"Lo viste en Los Pol\u00edticos\" \/>\n\t<meta name=\"twitter:label2\" content=\"Tiempo de lectura\" \/>\n\t<meta name=\"twitter:data2\" content=\"4 minutos\" \/>\n<script type=\"application\/ld+json\" class=\"yoast-schema-graph\">{\"@context\":\"https:\\\/\\\/schema.org\",\"@graph\":[{\"@type\":\"Article\",\"@id\":\"https:\\\/\\\/lospoliticosveracruz.com\\\/?p=148978#article\",\"isPartOf\":{\"@id\":\"https:\\\/\\\/lospoliticosveracruz.com\\\/?p=148978\"},\"author\":{\"name\":\"Lo viste en Los Pol\u00edticos\",\"@id\":\"https:\\\/\\\/lospoliticosveracruz.com\\\/#\\\/schema\\\/person\\\/b8702bb0e538456e6efd07080bf2a4a2\"},\"headline\":\"COMISI\u00d3N ESTATAL DE B\u00daSQUEDA\",\"datePublished\":\"2025-07-17T12:19:44+00:00\",\"dateModified\":\"2025-07-17T12:20:02+00:00\",\"mainEntityOfPage\":{\"@id\":\"https:\\\/\\\/lospoliticosveracruz.com\\\/?p=148978\"},\"wordCount\":779,\"publisher\":{\"@id\":\"https:\\\/\\\/lospoliticosveracruz.com\\\/#organization\"},\"image\":{\"@id\":\"https:\\\/\\\/lospoliticosveracruz.com\\\/?p=148978#primaryimage\"},\"thumbnailUrl\":\"https:\\\/\\\/lospoliticosveracruz.com\\\/wp-content\\\/uploads\\\/2025\\\/04\\\/Fanny-Yepez-Luna-e1768657334923.jpg\",\"keywords\":[\"Veracruz\"],\"articleSection\":[\"De Opini\u00f3n\"],\"inLanguage\":\"es\"},{\"@type\":\"WebPage\",\"@id\":\"https:\\\/\\\/lospoliticosveracruz.com\\\/?p=148978\",\"url\":\"https:\\\/\\\/lospoliticosveracruz.com\\\/?p=148978\",\"name\":\"COMISI\u00d3N ESTATAL DE B\u00daSQUEDA - Los pol\u00edticos Veracruz\",\"isPartOf\":{\"@id\":\"https:\\\/\\\/lospoliticosveracruz.com\\\/#website\"},\"primaryImageOfPage\":{\"@id\":\"https:\\\/\\\/lospoliticosveracruz.com\\\/?p=148978#primaryimage\"},\"image\":{\"@id\":\"https:\\\/\\\/lospoliticosveracruz.com\\\/?p=148978#primaryimage\"},\"thumbnailUrl\":\"https:\\\/\\\/lospoliticosveracruz.com\\\/wp-content\\\/uploads\\\/2025\\\/04\\\/Fanny-Yepez-Luna-e1768657334923.jpg\",\"datePublished\":\"2025-07-17T12:19:44+00:00\",\"dateModified\":\"2025-07-17T12:20:02+00:00\",\"breadcrumb\":{\"@id\":\"https:\\\/\\\/lospoliticosveracruz.com\\\/?p=148978#breadcrumb\"},\"inLanguage\":\"es\",\"potentialAction\":[{\"@type\":\"ReadAction\",\"target\":[\"https:\\\/\\\/lospoliticosveracruz.com\\\/?p=148978\"]}]},{\"@type\":\"ImageObject\",\"inLanguage\":\"es\",\"@id\":\"https:\\\/\\\/lospoliticosveracruz.com\\\/?p=148978#primaryimage\",\"url\":\"https:\\\/\\\/lospoliticosveracruz.com\\\/wp-content\\\/uploads\\\/2025\\\/04\\\/Fanny-Yepez-Luna-e1768657334923.jpg\",\"contentUrl\":\"https:\\\/\\\/lospoliticosveracruz.com\\\/wp-content\\\/uploads\\\/2025\\\/04\\\/Fanny-Yepez-Luna-e1768657334923.jpg\",\"width\":600,\"height\":320},{\"@type\":\"BreadcrumbList\",\"@id\":\"https:\\\/\\\/lospoliticosveracruz.com\\\/?p=148978#breadcrumb\",\"itemListElement\":[{\"@type\":\"ListItem\",\"position\":1,\"name\":\"Portada\",\"item\":\"https:\\\/\\\/lospoliticosveracruz.com\\\/\"},{\"@type\":\"ListItem\",\"position\":2,\"name\":\"COMISI\u00d3N ESTATAL DE B\u00daSQUEDA\"}]},{\"@type\":\"WebSite\",\"@id\":\"https:\\\/\\\/lospoliticosveracruz.com\\\/#website\",\"url\":\"https:\\\/\\\/lospoliticosveracruz.com\\\/\",\"name\":\"Los pol\u00edticos Veracruz\",\"description\":\"\",\"publisher\":{\"@id\":\"https:\\\/\\\/lospoliticosveracruz.com\\\/#organization\"},\"potentialAction\":[{\"@type\":\"SearchAction\",\"target\":{\"@type\":\"EntryPoint\",\"urlTemplate\":\"https:\\\/\\\/lospoliticosveracruz.com\\\/?s={search_term_string}\"},\"query-input\":{\"@type\":\"PropertyValueSpecification\",\"valueRequired\":true,\"valueName\":\"search_term_string\"}}],\"inLanguage\":\"es\"},{\"@type\":\"Organization\",\"@id\":\"https:\\\/\\\/lospoliticosveracruz.com\\\/#organization\",\"name\":\"Los pol\u00edticos Veracruz\",\"url\":\"https:\\\/\\\/lospoliticosveracruz.com\\\/\",\"logo\":{\"@type\":\"ImageObject\",\"inLanguage\":\"es\",\"@id\":\"https:\\\/\\\/lospoliticosveracruz.com\\\/#\\\/schema\\\/logo\\\/image\\\/\",\"url\":\"https:\\\/\\\/lospoliticosveracruz.com\\\/wp-content\\\/uploads\\\/2025\\\/12\\\/Logo-Nuevo-LOS-POLITICOS-1.jpg\",\"contentUrl\":\"https:\\\/\\\/lospoliticosveracruz.com\\\/wp-content\\\/uploads\\\/2025\\\/12\\\/Logo-Nuevo-LOS-POLITICOS-1.jpg\",\"width\":260,\"height\":70,\"caption\":\"Los pol\u00edticos Veracruz\"},\"image\":{\"@id\":\"https:\\\/\\\/lospoliticosveracruz.com\\\/#\\\/schema\\\/logo\\\/image\\\/\"},\"sameAs\":[\"https:\\\/\\\/www.facebook.com\\\/people\\\/Notimemes-de-los-Polticos\\\/61565672886568\\\/\",\"https:\\\/\\\/x.com\\\/LosPoliticosVer\"]},{\"@type\":\"Person\",\"@id\":\"https:\\\/\\\/lospoliticosveracruz.com\\\/#\\\/schema\\\/person\\\/b8702bb0e538456e6efd07080bf2a4a2\",\"name\":\"Lo viste en Los Pol\u00edticos\",\"image\":{\"@type\":\"ImageObject\",\"inLanguage\":\"es\",\"@id\":\"https:\\\/\\\/secure.gravatar.com\\\/avatar\\\/3a8de04a2656d44082be478bd6c086daa447c4651605818287b9532d3d0bd435?s=96&d=mm&r=g\",\"url\":\"https:\\\/\\\/secure.gravatar.com\\\/avatar\\\/3a8de04a2656d44082be478bd6c086daa447c4651605818287b9532d3d0bd435?s=96&d=mm&r=g\",\"contentUrl\":\"https:\\\/\\\/secure.gravatar.com\\\/avatar\\\/3a8de04a2656d44082be478bd6c086daa447c4651605818287b9532d3d0bd435?s=96&d=mm&r=g\",\"caption\":\"Lo viste en Los Pol\u00edticos\"},\"url\":\"https:\\\/\\\/lospoliticosveracruz.com\\\/?author=2\"}]}<\/script>\n<!-- \/ Yoast SEO plugin. -->","yoast_head_json":{"title":"COMISI\u00d3N ESTATAL DE B\u00daSQUEDA - Los pol\u00edticos Veracruz","robots":{"index":"index","follow":"follow","max-snippet":"max-snippet:-1","max-image-preview":"max-image-preview:large","max-video-preview":"max-video-preview:-1"},"canonical":"https:\/\/lospoliticosveracruz.com\/?p=148978","og_locale":"es_ES","og_type":"article","og_title":"COMISI\u00d3N ESTATAL DE B\u00daSQUEDA - Los pol\u00edticos Veracruz","og_description":"Fanny Y\u00e9pezLa columna La desaparici\u00f3n de personas se refiere a la ausencia de una persona de su lugar de residencia habitual, sin que se conozca su paradero o motivo de ausencia, generando dolor, preocupaci\u00f3n e incertidumbre tanto para sus familiares como para la sociedad. Esta situaci\u00f3n puede darse por diversas causas, incluyendo conflictos armados, violencia, [&hellip;]","og_url":"https:\/\/lospoliticosveracruz.com\/?p=148978","og_site_name":"Los pol\u00edticos Veracruz","article_publisher":"https:\/\/www.facebook.com\/people\/Notimemes-de-los-Polticos\/61565672886568\/","article_published_time":"2025-07-17T12:19:44+00:00","article_modified_time":"2025-07-17T12:20:02+00:00","og_image":[{"width":1250,"height":667,"url":"https:\/\/lospoliticosveracruz.com\/wp-content\/uploads\/2025\/04\/Fanny-Yepez-Luna.jpg","type":"image\/jpeg"}],"author":"Lo viste en Los Pol\u00edticos","twitter_card":"summary_large_image","twitter_creator":"@LosPoliticosVer","twitter_site":"@LosPoliticosVer","twitter_misc":{"Escrito por":"Lo viste en Los Pol\u00edticos","Tiempo de lectura":"4 minutos"},"schema":{"@context":"https:\/\/schema.org","@graph":[{"@type":"Article","@id":"https:\/\/lospoliticosveracruz.com\/?p=148978#article","isPartOf":{"@id":"https:\/\/lospoliticosveracruz.com\/?p=148978"},"author":{"name":"Lo viste en Los Pol\u00edticos","@id":"https:\/\/lospoliticosveracruz.com\/#\/schema\/person\/b8702bb0e538456e6efd07080bf2a4a2"},"headline":"COMISI\u00d3N ESTATAL DE B\u00daSQUEDA","datePublished":"2025-07-17T12:19:44+00:00","dateModified":"2025-07-17T12:20:02+00:00","mainEntityOfPage":{"@id":"https:\/\/lospoliticosveracruz.com\/?p=148978"},"wordCount":779,"publisher":{"@id":"https:\/\/lospoliticosveracruz.com\/#organization"},"image":{"@id":"https:\/\/lospoliticosveracruz.com\/?p=148978#primaryimage"},"thumbnailUrl":"https:\/\/lospoliticosveracruz.com\/wp-content\/uploads\/2025\/04\/Fanny-Yepez-Luna-e1768657334923.jpg","keywords":["Veracruz"],"articleSection":["De Opini\u00f3n"],"inLanguage":"es"},{"@type":"WebPage","@id":"https:\/\/lospoliticosveracruz.com\/?p=148978","url":"https:\/\/lospoliticosveracruz.com\/?p=148978","name":"COMISI\u00d3N ESTATAL DE B\u00daSQUEDA - Los pol\u00edticos Veracruz","isPartOf":{"@id":"https:\/\/lospoliticosveracruz.com\/#website"},"primaryImageOfPage":{"@id":"https:\/\/lospoliticosveracruz.com\/?p=148978#primaryimage"},"image":{"@id":"https:\/\/lospoliticosveracruz.com\/?p=148978#primaryimage"},"thumbnailUrl":"https:\/\/lospoliticosveracruz.com\/wp-content\/uploads\/2025\/04\/Fanny-Yepez-Luna-e1768657334923.jpg","datePublished":"2025-07-17T12:19:44+00:00","dateModified":"2025-07-17T12:20:02+00:00","breadcrumb":{"@id":"https:\/\/lospoliticosveracruz.com\/?p=148978#breadcrumb"},"inLanguage":"es","potentialAction":[{"@type":"ReadAction","target":["https:\/\/lospoliticosveracruz.com\/?p=148978"]}]},{"@type":"ImageObject","inLanguage":"es","@id":"https:\/\/lospoliticosveracruz.com\/?p=148978#primaryimage","url":"https:\/\/lospoliticosveracruz.com\/wp-content\/uploads\/2025\/04\/Fanny-Yepez-Luna-e1768657334923.jpg","contentUrl":"https:\/\/lospoliticosveracruz.com\/wp-content\/uploads\/2025\/04\/Fanny-Yepez-Luna-e1768657334923.jpg","width":600,"height":320},{"@type":"BreadcrumbList","@id":"https:\/\/lospoliticosveracruz.com\/?p=148978#breadcrumb","itemListElement":[{"@type":"ListItem","position":1,"name":"Portada","item":"https:\/\/lospoliticosveracruz.com\/"},{"@type":"ListItem","position":2,"name":"COMISI\u00d3N ESTATAL DE B\u00daSQUEDA"}]},{"@type":"WebSite","@id":"https:\/\/lospoliticosveracruz.com\/#website","url":"https:\/\/lospoliticosveracruz.com\/","name":"Los pol\u00edticos Veracruz","description":"","publisher":{"@id":"https:\/\/lospoliticosveracruz.com\/#organization"},"potentialAction":[{"@type":"SearchAction","target":{"@type":"EntryPoint","urlTemplate":"https:\/\/lospoliticosveracruz.com\/?s={search_term_string}"},"query-input":{"@type":"PropertyValueSpecification","valueRequired":true,"valueName":"search_term_string"}}],"inLanguage":"es"},{"@type":"Organization","@id":"https:\/\/lospoliticosveracruz.com\/#organization","name":"Los pol\u00edticos Veracruz","url":"https:\/\/lospoliticosveracruz.com\/","logo":{"@type":"ImageObject","inLanguage":"es","@id":"https:\/\/lospoliticosveracruz.com\/#\/schema\/logo\/image\/","url":"https:\/\/lospoliticosveracruz.com\/wp-content\/uploads\/2025\/12\/Logo-Nuevo-LOS-POLITICOS-1.jpg","contentUrl":"https:\/\/lospoliticosveracruz.com\/wp-content\/uploads\/2025\/12\/Logo-Nuevo-LOS-POLITICOS-1.jpg","width":260,"height":70,"caption":"Los pol\u00edticos Veracruz"},"image":{"@id":"https:\/\/lospoliticosveracruz.com\/#\/schema\/logo\/image\/"},"sameAs":["https:\/\/www.facebook.com\/people\/Notimemes-de-los-Polticos\/61565672886568\/","https:\/\/x.com\/LosPoliticosVer"]},{"@type":"Person","@id":"https:\/\/lospoliticosveracruz.com\/#\/schema\/person\/b8702bb0e538456e6efd07080bf2a4a2","name":"Lo viste en Los Pol\u00edticos","image":{"@type":"ImageObject","inLanguage":"es","@id":"https:\/\/secure.gravatar.com\/avatar\/3a8de04a2656d44082be478bd6c086daa447c4651605818287b9532d3d0bd435?s=96&d=mm&r=g","url":"https:\/\/secure.gravatar.com\/avatar\/3a8de04a2656d44082be478bd6c086daa447c4651605818287b9532d3d0bd435?s=96&d=mm&r=g","contentUrl":"https:\/\/secure.gravatar.com\/avatar\/3a8de04a2656d44082be478bd6c086daa447c4651605818287b9532d3d0bd435?s=96&d=mm&r=g","caption":"Lo viste en Los Pol\u00edticos"},"url":"https:\/\/lospoliticosveracruz.com\/?author=2"}]}},"_links":{"self":[{"href":"https:\/\/lospoliticosveracruz.com\/index.php?rest_route=\/wp\/v2\/posts\/148978","targetHints":{"allow":["GET"]}}],"collection":[{"href":"https:\/\/lospoliticosveracruz.com\/index.php?rest_route=\/wp\/v2\/posts"}],"about":[{"href":"https:\/\/lospoliticosveracruz.com\/index.php?rest_route=\/wp\/v2\/types\/post"}],"author":[{"embeddable":true,"href":"https:\/\/lospoliticosveracruz.com\/index.php?rest_route=\/wp\/v2\/users\/2"}],"replies":[{"embeddable":true,"href":"https:\/\/lospoliticosveracruz.com\/index.php?rest_route=%2Fwp%2Fv2%2Fcomments&post=148978"}],"version-history":[{"count":2,"href":"https:\/\/lospoliticosveracruz.com\/index.php?rest_route=\/wp\/v2\/posts\/148978\/revisions"}],"predecessor-version":[{"id":148980,"href":"https:\/\/lospoliticosveracruz.com\/index.php?rest_route=\/wp\/v2\/posts\/148978\/revisions\/148980"}],"wp:featuredmedia":[{"embeddable":true,"href":"https:\/\/lospoliticosveracruz.com\/index.php?rest_route=\/wp\/v2\/media\/141383"}],"wp:attachment":[{"href":"https:\/\/lospoliticosveracruz.com\/index.php?rest_route=%2Fwp%2Fv2%2Fmedia&parent=148978"}],"wp:term":[{"taxonomy":"category","embeddable":true,"href":"https:\/\/lospoliticosveracruz.com\/index.php?rest_route=%2Fwp%2Fv2%2Fcategories&post=148978"},{"taxonomy":"post_tag","embeddable":true,"href":"https:\/\/lospoliticosveracruz.com\/index.php?rest_route=%2Fwp%2Fv2%2Ftags&post=148978"}],"curies":[{"name":"wp","href":"https:\/\/api.w.org\/{rel}","templated":true}]}}