{"id":149144,"date":"2025-07-19T21:00:26","date_gmt":"2025-07-20T02:00:26","guid":{"rendered":"https:\/\/lospoliticosveracruz.com.mx\/?p=149144"},"modified":"2025-07-19T21:00:53","modified_gmt":"2025-07-20T02:00:53","slug":"reinas-al-rescate-con-rosa-maria","status":"publish","type":"post","link":"https:\/\/lospoliticosveracruz.com\/?p=149144","title":{"rendered":"REINAS AL RESCATE CON ROSA MAR\u00cdA!"},"content":{"rendered":"\n\n\n<p><em>Veracruz:<\/em> Ex reinas del Carnaval de Veracruz se reunieron con la presidenta municipal electa, Rosa Mar\u00eda Hern\u00e1ndez Espejo, para compartir experiencias, reflexiones y propuestas que permitan recuperar la esencia y el orgullo de la m\u00e1xima fiesta de las y los veracruzanos.<\/p>\n\n\n\n<p>Durante el encuentro, las representantes de nuestras fiestas carnestolendas expresaron la necesidad de devolver al Carnaval su tradici\u00f3n, orden y ambiente familiar, destacando que debe ser un espacio de uni\u00f3n y alegr\u00eda para las familias veracruzanas.<br><\/p>\n\n\n\n\n\n<p>Adem\u00e1s, compartieron ideas para fortalecer la figura de la Reina del Carnaval como embajadora de la identidad jarocha y coincidieron en que se requiere compromiso y visi\u00f3n para rescatar esta festividad.<\/p>\n\n\n\n<p>Uno de los momentos m\u00e1s significativos fue la presencia de do\u00f1a Olga Exsome, Reina del Carnaval en 1965, quien, tras varios a\u00f1os sin asistir a encuentros similares, acudi\u00f3 para conocer a la presidenta municipal electa, ofrecerle su respaldo y compartir sus consejos con la esperanza de abrir una nueva etapa para la celebraci\u00f3n.<\/p>\n\n\n\n<p>En un gesto de amor al Carnaval, varias de las ex reinas manifestaron su disposici\u00f3n a donar trajes y objetos representativos para la creaci\u00f3n de un museo, con el objetivo de preservar la historia y acercarla a las nuevas generaciones.<\/p>\n\n\n\n<p>Al ameno y productivo encuentro asistieron: Olga Exsome (1965), Aida Flandes (1967), Mar\u00eda Elena L\u00f3pez (1972), Charo Mar\u00eda Rodr\u00edguez (1974), Patricia Hern\u00e1ndez (1975), Marianella Hern\u00e1ndez (1981), Iliana Capellini (1984), Carmelina Priego (1985), Emilia Labourdette (1986), Mercedes S\u00e1nchez (1990), Anil\u00fa \u00c1lvarez (1996), Katia Ter\u00e1n (2001), Minerva Freyre (2009), Aida Cuenca (2011), Yarizet Santamar\u00eda (2012), Rosanna Ortega (2017), Carolina Ocampo (2018) y Kerem Happuc Ju\u00e1rez (2020).<\/p>\n\n\n\n<p>Las reinas presentes destacaron que esta es la primera vez que un o una alcaldesa electa se re\u00fane directamente con ellas para escucharlas, un hecho que reconocen como un importante paso hacia la recuperaci\u00f3n y fortalecimiento de esta tradici\u00f3n tan valiosa para Veracruz.<\/p>\n\n\n\n<p>Rosa Mar\u00eda Hern\u00e1ndez Espejo agradeci\u00f3 el respaldo y la confianza de estas distinguidas representantes, porque su experiencia y amor por el Carnaval ser\u00e1n fundamentales para recuperar la esencia de esta fiesta que es s\u00edmbolo de la identidad de Veracruz.<\/p>\n","protected":false},"excerpt":{"rendered":"<p>Veracruz: Ex reinas del Carnaval de Veracruz se reunieron con la presidenta municipal electa, Rosa Mar\u00eda Hern\u00e1ndez Espejo, para compartir experiencias, reflexiones y propuestas que permitan recuperar la esencia y el orgullo de la m\u00e1xima fiesta de las y los veracruzanos. Durante el encuentro, las representantes de nuestras fiestas carnestolendas expresaron la necesidad de devolver [&hellip;]<\/p>\n","protected":false},"author":2,"featured_media":149145,"comment_status":"closed","ping_status":"closed","sticky":false,"template":"","format":"standard","meta":{"tdm_status":"","tdm_grid_status":"","footnotes":""},"categories":[73],"tags":[1730,1026,195],"class_list":{"0":"post-149144","1":"post","2":"type-post","3":"status-publish","4":"format-standard","5":"has-post-thumbnail","7":"category-de-boleto","8":"tag-carnaval-de-veracruz","9":"tag-morena","10":"tag-veracruz"},"yoast_head":"<!-- This site is optimized with the Yoast SEO plugin v27.4 - https:\/\/yoast.com\/product\/yoast-seo-wordpress\/ -->\n<title>REINAS AL RESCATE CON ROSA MAR\u00cdA! - Los pol\u00edticos Veracruz<\/title>\n<meta name=\"robots\" content=\"index, follow, max-snippet:-1, max-image-preview:large, max-video-preview:-1\" \/>\n<link rel=\"canonical\" href=\"https:\/\/lospoliticosveracruz.com\/?p=149144\" \/>\n<meta property=\"og:locale\" content=\"es_ES\" \/>\n<meta property=\"og:type\" content=\"article\" \/>\n<meta property=\"og:title\" content=\"REINAS AL RESCATE CON ROSA MAR\u00cdA! - Los pol\u00edticos Veracruz\" \/>\n<meta property=\"og:description\" content=\"Veracruz: Ex reinas del Carnaval de Veracruz se reunieron con la presidenta municipal electa, Rosa Mar\u00eda Hern\u00e1ndez Espejo, para compartir experiencias, reflexiones y propuestas que permitan recuperar la esencia y el orgullo de la m\u00e1xima fiesta de las y los veracruzanos. Durante el encuentro, las representantes de nuestras fiestas carnestolendas expresaron la necesidad de devolver [&hellip;]\" \/>\n<meta property=\"og:url\" content=\"https:\/\/lospoliticosveracruz.com\/?p=149144\" \/>\n<meta property=\"og:site_name\" content=\"Los pol\u00edticos Veracruz\" \/>\n<meta property=\"article:publisher\" content=\"https:\/\/www.facebook.com\/people\/Notimemes-de-los-Polticos\/61565672886568\/\" \/>\n<meta property=\"article:published_time\" content=\"2025-07-20T02:00:26+00:00\" \/>\n<meta property=\"article:modified_time\" content=\"2025-07-20T02:00:53+00:00\" \/>\n<meta property=\"og:image\" content=\"https:\/\/lospoliticosveracruz.com\/wp-content\/uploads\/2025\/07\/Reinas-Rosa.jpg\" \/>\n\t<meta property=\"og:image:width\" content=\"600\" \/>\n\t<meta property=\"og:image:height\" content=\"320\" \/>\n\t<meta property=\"og:image:type\" content=\"image\/jpeg\" \/>\n<meta name=\"author\" content=\"Lo viste en Los Pol\u00edticos\" \/>\n<meta name=\"twitter:card\" content=\"summary_large_image\" \/>\n<meta name=\"twitter:creator\" content=\"@LosPoliticosVer\" \/>\n<meta name=\"twitter:site\" content=\"@LosPoliticosVer\" \/>\n<meta name=\"twitter:label1\" content=\"Escrito por\" \/>\n\t<meta name=\"twitter:data1\" content=\"Lo viste en Los Pol\u00edticos\" \/>\n\t<meta name=\"twitter:label2\" content=\"Tiempo de lectura\" \/>\n\t<meta name=\"twitter:data2\" content=\"2 minutos\" \/>\n<script type=\"application\/ld+json\" class=\"yoast-schema-graph\">{\"@context\":\"https:\\\/\\\/schema.org\",\"@graph\":[{\"@type\":\"Article\",\"@id\":\"https:\\\/\\\/lospoliticosveracruz.com\\\/?p=149144#article\",\"isPartOf\":{\"@id\":\"https:\\\/\\\/lospoliticosveracruz.com\\\/?p=149144\"},\"author\":{\"name\":\"Lo viste en Los Pol\u00edticos\",\"@id\":\"https:\\\/\\\/lospoliticosveracruz.com\\\/#\\\/schema\\\/person\\\/b8702bb0e538456e6efd07080bf2a4a2\"},\"headline\":\"REINAS AL RESCATE CON ROSA MAR\u00cdA!\",\"datePublished\":\"2025-07-20T02:00:26+00:00\",\"dateModified\":\"2025-07-20T02:00:53+00:00\",\"mainEntityOfPage\":{\"@id\":\"https:\\\/\\\/lospoliticosveracruz.com\\\/?p=149144\"},\"wordCount\":366,\"publisher\":{\"@id\":\"https:\\\/\\\/lospoliticosveracruz.com\\\/#organization\"},\"image\":{\"@id\":\"https:\\\/\\\/lospoliticosveracruz.com\\\/?p=149144#primaryimage\"},\"thumbnailUrl\":\"https:\\\/\\\/lospoliticosveracruz.com\\\/wp-content\\\/uploads\\\/2025\\\/07\\\/Reinas-Rosa.jpg\",\"keywords\":[\"Carnaval de Veracruz\",\"Morena\",\"Veracruz\"],\"articleSection\":[\"De Boleto\"],\"inLanguage\":\"es\"},{\"@type\":\"WebPage\",\"@id\":\"https:\\\/\\\/lospoliticosveracruz.com\\\/?p=149144\",\"url\":\"https:\\\/\\\/lospoliticosveracruz.com\\\/?p=149144\",\"name\":\"REINAS AL RESCATE CON ROSA MAR\u00cdA! - Los pol\u00edticos Veracruz\",\"isPartOf\":{\"@id\":\"https:\\\/\\\/lospoliticosveracruz.com\\\/#website\"},\"primaryImageOfPage\":{\"@id\":\"https:\\\/\\\/lospoliticosveracruz.com\\\/?p=149144#primaryimage\"},\"image\":{\"@id\":\"https:\\\/\\\/lospoliticosveracruz.com\\\/?p=149144#primaryimage\"},\"thumbnailUrl\":\"https:\\\/\\\/lospoliticosveracruz.com\\\/wp-content\\\/uploads\\\/2025\\\/07\\\/Reinas-Rosa.jpg\",\"datePublished\":\"2025-07-20T02:00:26+00:00\",\"dateModified\":\"2025-07-20T02:00:53+00:00\",\"breadcrumb\":{\"@id\":\"https:\\\/\\\/lospoliticosveracruz.com\\\/?p=149144#breadcrumb\"},\"inLanguage\":\"es\",\"potentialAction\":[{\"@type\":\"ReadAction\",\"target\":[\"https:\\\/\\\/lospoliticosveracruz.com\\\/?p=149144\"]}]},{\"@type\":\"ImageObject\",\"inLanguage\":\"es\",\"@id\":\"https:\\\/\\\/lospoliticosveracruz.com\\\/?p=149144#primaryimage\",\"url\":\"https:\\\/\\\/lospoliticosveracruz.com\\\/wp-content\\\/uploads\\\/2025\\\/07\\\/Reinas-Rosa.jpg\",\"contentUrl\":\"https:\\\/\\\/lospoliticosveracruz.com\\\/wp-content\\\/uploads\\\/2025\\\/07\\\/Reinas-Rosa.jpg\",\"width\":600,\"height\":320},{\"@type\":\"BreadcrumbList\",\"@id\":\"https:\\\/\\\/lospoliticosveracruz.com\\\/?p=149144#breadcrumb\",\"itemListElement\":[{\"@type\":\"ListItem\",\"position\":1,\"name\":\"Portada\",\"item\":\"https:\\\/\\\/lospoliticosveracruz.com\\\/\"},{\"@type\":\"ListItem\",\"position\":2,\"name\":\"REINAS AL RESCATE CON ROSA MAR\u00cdA!\"}]},{\"@type\":\"WebSite\",\"@id\":\"https:\\\/\\\/lospoliticosveracruz.com\\\/#website\",\"url\":\"https:\\\/\\\/lospoliticosveracruz.com\\\/\",\"name\":\"Los pol\u00edticos Veracruz\",\"description\":\"\",\"publisher\":{\"@id\":\"https:\\\/\\\/lospoliticosveracruz.com\\\/#organization\"},\"potentialAction\":[{\"@type\":\"SearchAction\",\"target\":{\"@type\":\"EntryPoint\",\"urlTemplate\":\"https:\\\/\\\/lospoliticosveracruz.com\\\/?s={search_term_string}\"},\"query-input\":{\"@type\":\"PropertyValueSpecification\",\"valueRequired\":true,\"valueName\":\"search_term_string\"}}],\"inLanguage\":\"es\"},{\"@type\":\"Organization\",\"@id\":\"https:\\\/\\\/lospoliticosveracruz.com\\\/#organization\",\"name\":\"Los pol\u00edticos Veracruz\",\"url\":\"https:\\\/\\\/lospoliticosveracruz.com\\\/\",\"logo\":{\"@type\":\"ImageObject\",\"inLanguage\":\"es\",\"@id\":\"https:\\\/\\\/lospoliticosveracruz.com\\\/#\\\/schema\\\/logo\\\/image\\\/\",\"url\":\"https:\\\/\\\/lospoliticosveracruz.com\\\/wp-content\\\/uploads\\\/2025\\\/12\\\/Logo-Nuevo-LOS-POLITICOS-1.jpg\",\"contentUrl\":\"https:\\\/\\\/lospoliticosveracruz.com\\\/wp-content\\\/uploads\\\/2025\\\/12\\\/Logo-Nuevo-LOS-POLITICOS-1.jpg\",\"width\":260,\"height\":70,\"caption\":\"Los pol\u00edticos Veracruz\"},\"image\":{\"@id\":\"https:\\\/\\\/lospoliticosveracruz.com\\\/#\\\/schema\\\/logo\\\/image\\\/\"},\"sameAs\":[\"https:\\\/\\\/www.facebook.com\\\/people\\\/Notimemes-de-los-Polticos\\\/61565672886568\\\/\",\"https:\\\/\\\/x.com\\\/LosPoliticosVer\"]},{\"@type\":\"Person\",\"@id\":\"https:\\\/\\\/lospoliticosveracruz.com\\\/#\\\/schema\\\/person\\\/b8702bb0e538456e6efd07080bf2a4a2\",\"name\":\"Lo viste en Los Pol\u00edticos\",\"image\":{\"@type\":\"ImageObject\",\"inLanguage\":\"es\",\"@id\":\"https:\\\/\\\/secure.gravatar.com\\\/avatar\\\/3a8de04a2656d44082be478bd6c086daa447c4651605818287b9532d3d0bd435?s=96&d=mm&r=g\",\"url\":\"https:\\\/\\\/secure.gravatar.com\\\/avatar\\\/3a8de04a2656d44082be478bd6c086daa447c4651605818287b9532d3d0bd435?s=96&d=mm&r=g\",\"contentUrl\":\"https:\\\/\\\/secure.gravatar.com\\\/avatar\\\/3a8de04a2656d44082be478bd6c086daa447c4651605818287b9532d3d0bd435?s=96&d=mm&r=g\",\"caption\":\"Lo viste en Los Pol\u00edticos\"},\"url\":\"https:\\\/\\\/lospoliticosveracruz.com\\\/?author=2\"}]}<\/script>\n<!-- \/ Yoast SEO plugin. -->","yoast_head_json":{"title":"REINAS AL RESCATE CON ROSA MAR\u00cdA! - Los pol\u00edticos Veracruz","robots":{"index":"index","follow":"follow","max-snippet":"max-snippet:-1","max-image-preview":"max-image-preview:large","max-video-preview":"max-video-preview:-1"},"canonical":"https:\/\/lospoliticosveracruz.com\/?p=149144","og_locale":"es_ES","og_type":"article","og_title":"REINAS AL RESCATE CON ROSA MAR\u00cdA! - Los pol\u00edticos Veracruz","og_description":"Veracruz: Ex reinas del Carnaval de Veracruz se reunieron con la presidenta municipal electa, Rosa Mar\u00eda Hern\u00e1ndez Espejo, para compartir experiencias, reflexiones y propuestas que permitan recuperar la esencia y el orgullo de la m\u00e1xima fiesta de las y los veracruzanos. Durante el encuentro, las representantes de nuestras fiestas carnestolendas expresaron la necesidad de devolver [&hellip;]","og_url":"https:\/\/lospoliticosveracruz.com\/?p=149144","og_site_name":"Los pol\u00edticos Veracruz","article_publisher":"https:\/\/www.facebook.com\/people\/Notimemes-de-los-Polticos\/61565672886568\/","article_published_time":"2025-07-20T02:00:26+00:00","article_modified_time":"2025-07-20T02:00:53+00:00","og_image":[{"width":600,"height":320,"url":"https:\/\/lospoliticosveracruz.com\/wp-content\/uploads\/2025\/07\/Reinas-Rosa.jpg","type":"image\/jpeg"}],"author":"Lo viste en Los Pol\u00edticos","twitter_card":"summary_large_image","twitter_creator":"@LosPoliticosVer","twitter_site":"@LosPoliticosVer","twitter_misc":{"Escrito por":"Lo viste en Los Pol\u00edticos","Tiempo de lectura":"2 minutos"},"schema":{"@context":"https:\/\/schema.org","@graph":[{"@type":"Article","@id":"https:\/\/lospoliticosveracruz.com\/?p=149144#article","isPartOf":{"@id":"https:\/\/lospoliticosveracruz.com\/?p=149144"},"author":{"name":"Lo viste en Los Pol\u00edticos","@id":"https:\/\/lospoliticosveracruz.com\/#\/schema\/person\/b8702bb0e538456e6efd07080bf2a4a2"},"headline":"REINAS AL RESCATE CON ROSA MAR\u00cdA!","datePublished":"2025-07-20T02:00:26+00:00","dateModified":"2025-07-20T02:00:53+00:00","mainEntityOfPage":{"@id":"https:\/\/lospoliticosveracruz.com\/?p=149144"},"wordCount":366,"publisher":{"@id":"https:\/\/lospoliticosveracruz.com\/#organization"},"image":{"@id":"https:\/\/lospoliticosveracruz.com\/?p=149144#primaryimage"},"thumbnailUrl":"https:\/\/lospoliticosveracruz.com\/wp-content\/uploads\/2025\/07\/Reinas-Rosa.jpg","keywords":["Carnaval de Veracruz","Morena","Veracruz"],"articleSection":["De Boleto"],"inLanguage":"es"},{"@type":"WebPage","@id":"https:\/\/lospoliticosveracruz.com\/?p=149144","url":"https:\/\/lospoliticosveracruz.com\/?p=149144","name":"REINAS AL RESCATE CON ROSA MAR\u00cdA! - Los pol\u00edticos Veracruz","isPartOf":{"@id":"https:\/\/lospoliticosveracruz.com\/#website"},"primaryImageOfPage":{"@id":"https:\/\/lospoliticosveracruz.com\/?p=149144#primaryimage"},"image":{"@id":"https:\/\/lospoliticosveracruz.com\/?p=149144#primaryimage"},"thumbnailUrl":"https:\/\/lospoliticosveracruz.com\/wp-content\/uploads\/2025\/07\/Reinas-Rosa.jpg","datePublished":"2025-07-20T02:00:26+00:00","dateModified":"2025-07-20T02:00:53+00:00","breadcrumb":{"@id":"https:\/\/lospoliticosveracruz.com\/?p=149144#breadcrumb"},"inLanguage":"es","potentialAction":[{"@type":"ReadAction","target":["https:\/\/lospoliticosveracruz.com\/?p=149144"]}]},{"@type":"ImageObject","inLanguage":"es","@id":"https:\/\/lospoliticosveracruz.com\/?p=149144#primaryimage","url":"https:\/\/lospoliticosveracruz.com\/wp-content\/uploads\/2025\/07\/Reinas-Rosa.jpg","contentUrl":"https:\/\/lospoliticosveracruz.com\/wp-content\/uploads\/2025\/07\/Reinas-Rosa.jpg","width":600,"height":320},{"@type":"BreadcrumbList","@id":"https:\/\/lospoliticosveracruz.com\/?p=149144#breadcrumb","itemListElement":[{"@type":"ListItem","position":1,"name":"Portada","item":"https:\/\/lospoliticosveracruz.com\/"},{"@type":"ListItem","position":2,"name":"REINAS AL RESCATE CON ROSA MAR\u00cdA!"}]},{"@type":"WebSite","@id":"https:\/\/lospoliticosveracruz.com\/#website","url":"https:\/\/lospoliticosveracruz.com\/","name":"Los pol\u00edticos Veracruz","description":"","publisher":{"@id":"https:\/\/lospoliticosveracruz.com\/#organization"},"potentialAction":[{"@type":"SearchAction","target":{"@type":"EntryPoint","urlTemplate":"https:\/\/lospoliticosveracruz.com\/?s={search_term_string}"},"query-input":{"@type":"PropertyValueSpecification","valueRequired":true,"valueName":"search_term_string"}}],"inLanguage":"es"},{"@type":"Organization","@id":"https:\/\/lospoliticosveracruz.com\/#organization","name":"Los pol\u00edticos Veracruz","url":"https:\/\/lospoliticosveracruz.com\/","logo":{"@type":"ImageObject","inLanguage":"es","@id":"https:\/\/lospoliticosveracruz.com\/#\/schema\/logo\/image\/","url":"https:\/\/lospoliticosveracruz.com\/wp-content\/uploads\/2025\/12\/Logo-Nuevo-LOS-POLITICOS-1.jpg","contentUrl":"https:\/\/lospoliticosveracruz.com\/wp-content\/uploads\/2025\/12\/Logo-Nuevo-LOS-POLITICOS-1.jpg","width":260,"height":70,"caption":"Los pol\u00edticos Veracruz"},"image":{"@id":"https:\/\/lospoliticosveracruz.com\/#\/schema\/logo\/image\/"},"sameAs":["https:\/\/www.facebook.com\/people\/Notimemes-de-los-Polticos\/61565672886568\/","https:\/\/x.com\/LosPoliticosVer"]},{"@type":"Person","@id":"https:\/\/lospoliticosveracruz.com\/#\/schema\/person\/b8702bb0e538456e6efd07080bf2a4a2","name":"Lo viste en Los Pol\u00edticos","image":{"@type":"ImageObject","inLanguage":"es","@id":"https:\/\/secure.gravatar.com\/avatar\/3a8de04a2656d44082be478bd6c086daa447c4651605818287b9532d3d0bd435?s=96&d=mm&r=g","url":"https:\/\/secure.gravatar.com\/avatar\/3a8de04a2656d44082be478bd6c086daa447c4651605818287b9532d3d0bd435?s=96&d=mm&r=g","contentUrl":"https:\/\/secure.gravatar.com\/avatar\/3a8de04a2656d44082be478bd6c086daa447c4651605818287b9532d3d0bd435?s=96&d=mm&r=g","caption":"Lo viste en Los Pol\u00edticos"},"url":"https:\/\/lospoliticosveracruz.com\/?author=2"}]}},"_links":{"self":[{"href":"https:\/\/lospoliticosveracruz.com\/index.php?rest_route=\/wp\/v2\/posts\/149144","targetHints":{"allow":["GET"]}}],"collection":[{"href":"https:\/\/lospoliticosveracruz.com\/index.php?rest_route=\/wp\/v2\/posts"}],"about":[{"href":"https:\/\/lospoliticosveracruz.com\/index.php?rest_route=\/wp\/v2\/types\/post"}],"author":[{"embeddable":true,"href":"https:\/\/lospoliticosveracruz.com\/index.php?rest_route=\/wp\/v2\/users\/2"}],"replies":[{"embeddable":true,"href":"https:\/\/lospoliticosveracruz.com\/index.php?rest_route=%2Fwp%2Fv2%2Fcomments&post=149144"}],"version-history":[{"count":2,"href":"https:\/\/lospoliticosveracruz.com\/index.php?rest_route=\/wp\/v2\/posts\/149144\/revisions"}],"predecessor-version":[{"id":149147,"href":"https:\/\/lospoliticosveracruz.com\/index.php?rest_route=\/wp\/v2\/posts\/149144\/revisions\/149147"}],"wp:featuredmedia":[{"embeddable":true,"href":"https:\/\/lospoliticosveracruz.com\/index.php?rest_route=\/wp\/v2\/media\/149145"}],"wp:attachment":[{"href":"https:\/\/lospoliticosveracruz.com\/index.php?rest_route=%2Fwp%2Fv2%2Fmedia&parent=149144"}],"wp:term":[{"taxonomy":"category","embeddable":true,"href":"https:\/\/lospoliticosveracruz.com\/index.php?rest_route=%2Fwp%2Fv2%2Fcategories&post=149144"},{"taxonomy":"post_tag","embeddable":true,"href":"https:\/\/lospoliticosveracruz.com\/index.php?rest_route=%2Fwp%2Fv2%2Ftags&post=149144"}],"curies":[{"name":"wp","href":"https:\/\/api.w.org\/{rel}","templated":true}]}}