{"id":149150,"date":"2025-07-19T22:38:38","date_gmt":"2025-07-20T03:38:38","guid":{"rendered":"https:\/\/lospoliticosveracruz.com.mx\/?p=149150"},"modified":"2025-07-19T22:40:34","modified_gmt":"2025-07-20T03:40:34","slug":"la-cuic-entrevista","status":"publish","type":"post","link":"https:\/\/lospoliticosveracruz.com\/?p=149150","title":{"rendered":"LA CUIC-ENTREVISTA"},"content":{"rendered":"\n\n\n<p><strong>Brenda Caballero<\/strong><\/p>\n\n\n\n<p><em>N\u00fameros Rojos<\/em><\/p>\n\n\n\n<p>\u201cNo andaba muerta, estaba de parranda\u201d\u2026 pero ya estamos de regreso, nada m\u00e1s y nada menos que con una entrevista al veracruzano \u201cm\u00e1s honesto\u201d de todos los tiempos. Bueno, el m\u00e1s honesto de los \u00faltimos d\u00edas, de acuerdo a la ma\u00f1anera: el mism\u00edsimo Cuitl\u00e1huac Garc\u00eda Jim\u00e9nez, ex gobernador de Veracruz, mejor conocido como El Cu\u00edcaras.<\/p>\n\n\n\n\n\n<p>Y no, no tuve que irme hasta las oficinas de Cenagas, donde dicen huele a gas de puro funcionario reciclado; tampoco al Sal\u00f3n de Salsa de Boca del R\u00edo\u2026 El Cuic andaba en sus tierras ancestrales, all\u00e1 en la colonia Progreso.<\/p>\n\n\n\n<p>-\u00bfCuitl\u00e1huac, me podr\u00eda dar una entrevista? \u00a1hey! \u00a1Profesor! \u00a1Ingeniero! \u00a1oiga, h\u00e1game caso! \u00a1Ex gobernador!, \u00a1No sea mal educado! \u00a1Oiga, luego se ve que ya no anda en campa\u00f1a!<\/p>\n\n\n\n<p>-Yo a ti ni te conozco, nunca te he visto y ni reportera creo que seas.&nbsp;<\/p>\n\n\n\n<p>-Bueno, as\u00ed tal cual no, nunca me invit\u00f3 a sus ma\u00f1aneras, pero soy reportera del pueblo.<\/p>\n\n\n\n<p>-Pues no, no te voy a contestar nada. Ni te conozco ni te ubico. Debes de ser de esas chayoteras que siempre me tiraron durante mi gobierno.<\/p>\n\n\n\n<p>-No sea as\u00ed, mire aqu\u00ed traigo el peri\u00f3dico Regeneraci\u00f3n, ese mismo que usted repart\u00eda hace muchos a\u00f1os antes de llegar al poder. \u00bfA poco ya no se acuerda?<\/p>\n\n\n\n<p>-Claro que me acuerdo, yo fui el que traje a Morena a Veracruz, y ahora hasta me denuncian. \u00a1Yo no soy Transa!<\/p>\n\n\n\n<p>-Bueno, la Auditor\u00eda Superior de la Federaci\u00f3n, tiene \u201cotros datos\u201d\u2026<\/p>\n\n\n\n<p>-\u00bfQui\u00e9n es esa? \u00bfQu\u00e9 hizo? \u00bfD\u00f3nde estuvo? No la conozco.<\/p>\n\n\n\n<p>-Ahora resulta que no la conoce, entiendo que a mi no me conozca \u00bfPero a la Auditor\u00eda Superior de la Federaci\u00f3n? \u00bfPues en qu\u00e9 mundo vive?<\/p>\n\n\n\n<p>&#8211; Por eso mismo, eres una desconocida que se hace pasar como reportera, seguramente inventaste eso de la Auditor\u00eda.<\/p>\n\n\n\n<p>&#8211; \u00a1Yo no invent\u00e9 nada! La Auditor\u00eda se\u00f1al\u00f3 su gesti\u00f3n como gobernador de Veracruz como la segunda m\u00e1s observada.<\/p>\n\n\n\n<p>&#8211; \u00a1Uy qu\u00e9 grave! \u00a1No exageres! \u00a1Yo no soy Yunes ni Duarte, no tengo cola que me pisen! Adem\u00e1s, \u00bfD\u00f3nde estabas en esos tiempos? \u00a1Antes suced\u00edan cosas peores! Y t\u00fa ni tu luz.<\/p>\n\n\n\n<p>&#8211; Bueno, Hablando de su cola\u2026<\/p>\n\n\n\n<p>-\u00bfQu\u00e9 dijiste? \u00a1Con mi cola no te metas!<\/p>\n\n\n\n<p>-Yo no\u2026 digo, es que est\u00e1n diciendo que usted hizo malas obras, mal planeadas, en conclusi\u00f3n: Puras porquer\u00edas.<\/p>\n\n\n\n<p>-Deja de mentir, de mal informar. \u00a1Hay una responsabilidad en los medios! \u00bfY t\u00fa qu\u00e9 haces?&nbsp;<\/p>\n\n\n\n<p>-Oiga, no se vaya. Oiga, espere, a\u00fan no termino.<\/p>\n\n\n\n<p>-\u00a1Pues yo ya termin\u00e9 con tus mentiras, dizque reportera!<\/p>\n\n\n\n<p>-Ya para finalizar, espere. \u00bfEs verdad que usted tampoco hizo nada contra el gusano?<\/p>\n\n\n\n<p>-\u00bfCu\u00e1l gusano? Durante mi gobierno, yo acab\u00e9 con todos. \u00a1Hasta los de fuera! \u00a1Deja de mentir!<\/p>\n\n\n\n<p>-\u00a1Oiga! \u00bfPero, c\u00f3mo se mata el gusano?&nbsp;<\/p>\n\n\n\n<p>*Entrevista ficticia, con el \u00fanico prop\u00f3sito de sacarle una sonrisa.<\/p>\n\n\n\n<p>Email: caballero_brenda@hotmail.com<\/p>\n\n\n\n<p>Facebook: Brenda Caballero (N\u00fameros Rojos)<\/p>\n\n\n\n<p>X: @NumerosRojos_BC<\/p>\n","protected":false},"excerpt":{"rendered":"<p>Brenda Caballero N\u00fameros Rojos \u201cNo andaba muerta, estaba de parranda\u201d\u2026 pero ya estamos de regreso, nada m\u00e1s y nada menos que con una entrevista al veracruzano \u201cm\u00e1s honesto\u201d de todos los tiempos. Bueno, el m\u00e1s honesto de los \u00faltimos d\u00edas, de acuerdo a la ma\u00f1anera: el mism\u00edsimo Cuitl\u00e1huac Garc\u00eda Jim\u00e9nez, ex gobernador de Veracruz, mejor [&hellip;]<\/p>\n","protected":false},"author":2,"featured_media":141367,"comment_status":"closed","ping_status":"closed","sticky":false,"template":"","format":"standard","meta":{"tdm_status":"","tdm_grid_status":"","footnotes":""},"categories":[70],"tags":[1563,1026,195],"class_list":{"0":"post-149150","1":"post","2":"type-post","3":"status-publish","4":"format-standard","5":"has-post-thumbnail","7":"category-de-opinion","8":"tag-cuitlahuac-garcia-jimenez","9":"tag-morena","10":"tag-veracruz"},"yoast_head":"<!-- This site is optimized with the Yoast SEO plugin v27.4 - https:\/\/yoast.com\/product\/yoast-seo-wordpress\/ -->\n<title>LA CUIC-ENTREVISTA - Los pol\u00edticos Veracruz<\/title>\n<meta name=\"robots\" content=\"index, follow, max-snippet:-1, max-image-preview:large, max-video-preview:-1\" \/>\n<link rel=\"canonical\" href=\"https:\/\/lospoliticosveracruz.com\/?p=149150\" \/>\n<meta property=\"og:locale\" content=\"es_ES\" \/>\n<meta property=\"og:type\" content=\"article\" \/>\n<meta property=\"og:title\" content=\"LA CUIC-ENTREVISTA - Los pol\u00edticos Veracruz\" \/>\n<meta property=\"og:description\" content=\"Brenda Caballero N\u00fameros Rojos \u201cNo andaba muerta, estaba de parranda\u201d\u2026 pero ya estamos de regreso, nada m\u00e1s y nada menos que con una entrevista al veracruzano \u201cm\u00e1s honesto\u201d de todos los tiempos. Bueno, el m\u00e1s honesto de los \u00faltimos d\u00edas, de acuerdo a la ma\u00f1anera: el mism\u00edsimo Cuitl\u00e1huac Garc\u00eda Jim\u00e9nez, ex gobernador de Veracruz, mejor [&hellip;]\" \/>\n<meta property=\"og:url\" content=\"https:\/\/lospoliticosveracruz.com\/?p=149150\" \/>\n<meta property=\"og:site_name\" content=\"Los pol\u00edticos Veracruz\" \/>\n<meta property=\"article:publisher\" content=\"https:\/\/www.facebook.com\/people\/Notimemes-de-los-Polticos\/61565672886568\/\" \/>\n<meta property=\"article:published_time\" content=\"2025-07-20T03:38:38+00:00\" \/>\n<meta property=\"article:modified_time\" content=\"2025-07-20T03:40:34+00:00\" \/>\n<meta property=\"og:image\" content=\"https:\/\/lospoliticosveracruz.com\/wp-content\/uploads\/2025\/04\/Brenda-Caballero-1.jpg\" \/>\n\t<meta property=\"og:image:width\" content=\"1250\" \/>\n\t<meta property=\"og:image:height\" content=\"667\" \/>\n\t<meta property=\"og:image:type\" content=\"image\/jpeg\" \/>\n<meta name=\"author\" content=\"Lo viste en Los Pol\u00edticos\" \/>\n<meta name=\"twitter:card\" content=\"summary_large_image\" \/>\n<meta name=\"twitter:creator\" content=\"@LosPoliticosVer\" \/>\n<meta name=\"twitter:site\" content=\"@LosPoliticosVer\" \/>\n<meta name=\"twitter:label1\" content=\"Escrito por\" \/>\n\t<meta name=\"twitter:data1\" content=\"Lo viste en Los Pol\u00edticos\" \/>\n\t<meta name=\"twitter:label2\" content=\"Tiempo de lectura\" \/>\n\t<meta name=\"twitter:data2\" content=\"3 minutos\" \/>\n<script type=\"application\/ld+json\" class=\"yoast-schema-graph\">{\"@context\":\"https:\\\/\\\/schema.org\",\"@graph\":[{\"@type\":\"Article\",\"@id\":\"https:\\\/\\\/lospoliticosveracruz.com\\\/?p=149150#article\",\"isPartOf\":{\"@id\":\"https:\\\/\\\/lospoliticosveracruz.com\\\/?p=149150\"},\"author\":{\"name\":\"Lo viste en Los Pol\u00edticos\",\"@id\":\"https:\\\/\\\/lospoliticosveracruz.com\\\/#\\\/schema\\\/person\\\/b8702bb0e538456e6efd07080bf2a4a2\"},\"headline\":\"LA CUIC-ENTREVISTA\",\"datePublished\":\"2025-07-20T03:38:38+00:00\",\"dateModified\":\"2025-07-20T03:40:34+00:00\",\"mainEntityOfPage\":{\"@id\":\"https:\\\/\\\/lospoliticosveracruz.com\\\/?p=149150\"},\"wordCount\":535,\"publisher\":{\"@id\":\"https:\\\/\\\/lospoliticosveracruz.com\\\/#organization\"},\"image\":{\"@id\":\"https:\\\/\\\/lospoliticosveracruz.com\\\/?p=149150#primaryimage\"},\"thumbnailUrl\":\"https:\\\/\\\/lospoliticosveracruz.com\\\/wp-content\\\/uploads\\\/2025\\\/04\\\/Brenda-Caballero-1.jpg\",\"keywords\":[\"Cuitl\u00e1huac Garc\u00eda Jim\u00e9nez\",\"Morena\",\"Veracruz\"],\"articleSection\":[\"De Opini\u00f3n\"],\"inLanguage\":\"es\"},{\"@type\":\"WebPage\",\"@id\":\"https:\\\/\\\/lospoliticosveracruz.com\\\/?p=149150\",\"url\":\"https:\\\/\\\/lospoliticosveracruz.com\\\/?p=149150\",\"name\":\"LA CUIC-ENTREVISTA - Los pol\u00edticos Veracruz\",\"isPartOf\":{\"@id\":\"https:\\\/\\\/lospoliticosveracruz.com\\\/#website\"},\"primaryImageOfPage\":{\"@id\":\"https:\\\/\\\/lospoliticosveracruz.com\\\/?p=149150#primaryimage\"},\"image\":{\"@id\":\"https:\\\/\\\/lospoliticosveracruz.com\\\/?p=149150#primaryimage\"},\"thumbnailUrl\":\"https:\\\/\\\/lospoliticosveracruz.com\\\/wp-content\\\/uploads\\\/2025\\\/04\\\/Brenda-Caballero-1.jpg\",\"datePublished\":\"2025-07-20T03:38:38+00:00\",\"dateModified\":\"2025-07-20T03:40:34+00:00\",\"breadcrumb\":{\"@id\":\"https:\\\/\\\/lospoliticosveracruz.com\\\/?p=149150#breadcrumb\"},\"inLanguage\":\"es\",\"potentialAction\":[{\"@type\":\"ReadAction\",\"target\":[\"https:\\\/\\\/lospoliticosveracruz.com\\\/?p=149150\"]}]},{\"@type\":\"ImageObject\",\"inLanguage\":\"es\",\"@id\":\"https:\\\/\\\/lospoliticosveracruz.com\\\/?p=149150#primaryimage\",\"url\":\"https:\\\/\\\/lospoliticosveracruz.com\\\/wp-content\\\/uploads\\\/2025\\\/04\\\/Brenda-Caballero-1.jpg\",\"contentUrl\":\"https:\\\/\\\/lospoliticosveracruz.com\\\/wp-content\\\/uploads\\\/2025\\\/04\\\/Brenda-Caballero-1.jpg\",\"width\":1250,\"height\":667},{\"@type\":\"BreadcrumbList\",\"@id\":\"https:\\\/\\\/lospoliticosveracruz.com\\\/?p=149150#breadcrumb\",\"itemListElement\":[{\"@type\":\"ListItem\",\"position\":1,\"name\":\"Portada\",\"item\":\"https:\\\/\\\/lospoliticosveracruz.com\\\/\"},{\"@type\":\"ListItem\",\"position\":2,\"name\":\"LA CUIC-ENTREVISTA\"}]},{\"@type\":\"WebSite\",\"@id\":\"https:\\\/\\\/lospoliticosveracruz.com\\\/#website\",\"url\":\"https:\\\/\\\/lospoliticosveracruz.com\\\/\",\"name\":\"Los pol\u00edticos Veracruz\",\"description\":\"\",\"publisher\":{\"@id\":\"https:\\\/\\\/lospoliticosveracruz.com\\\/#organization\"},\"potentialAction\":[{\"@type\":\"SearchAction\",\"target\":{\"@type\":\"EntryPoint\",\"urlTemplate\":\"https:\\\/\\\/lospoliticosveracruz.com\\\/?s={search_term_string}\"},\"query-input\":{\"@type\":\"PropertyValueSpecification\",\"valueRequired\":true,\"valueName\":\"search_term_string\"}}],\"inLanguage\":\"es\"},{\"@type\":\"Organization\",\"@id\":\"https:\\\/\\\/lospoliticosveracruz.com\\\/#organization\",\"name\":\"Los pol\u00edticos Veracruz\",\"url\":\"https:\\\/\\\/lospoliticosveracruz.com\\\/\",\"logo\":{\"@type\":\"ImageObject\",\"inLanguage\":\"es\",\"@id\":\"https:\\\/\\\/lospoliticosveracruz.com\\\/#\\\/schema\\\/logo\\\/image\\\/\",\"url\":\"https:\\\/\\\/lospoliticosveracruz.com\\\/wp-content\\\/uploads\\\/2025\\\/12\\\/Logo-Nuevo-LOS-POLITICOS-1.jpg\",\"contentUrl\":\"https:\\\/\\\/lospoliticosveracruz.com\\\/wp-content\\\/uploads\\\/2025\\\/12\\\/Logo-Nuevo-LOS-POLITICOS-1.jpg\",\"width\":260,\"height\":70,\"caption\":\"Los pol\u00edticos Veracruz\"},\"image\":{\"@id\":\"https:\\\/\\\/lospoliticosveracruz.com\\\/#\\\/schema\\\/logo\\\/image\\\/\"},\"sameAs\":[\"https:\\\/\\\/www.facebook.com\\\/people\\\/Notimemes-de-los-Polticos\\\/61565672886568\\\/\",\"https:\\\/\\\/x.com\\\/LosPoliticosVer\"]},{\"@type\":\"Person\",\"@id\":\"https:\\\/\\\/lospoliticosveracruz.com\\\/#\\\/schema\\\/person\\\/b8702bb0e538456e6efd07080bf2a4a2\",\"name\":\"Lo viste en Los Pol\u00edticos\",\"image\":{\"@type\":\"ImageObject\",\"inLanguage\":\"es\",\"@id\":\"https:\\\/\\\/secure.gravatar.com\\\/avatar\\\/3a8de04a2656d44082be478bd6c086daa447c4651605818287b9532d3d0bd435?s=96&d=mm&r=g\",\"url\":\"https:\\\/\\\/secure.gravatar.com\\\/avatar\\\/3a8de04a2656d44082be478bd6c086daa447c4651605818287b9532d3d0bd435?s=96&d=mm&r=g\",\"contentUrl\":\"https:\\\/\\\/secure.gravatar.com\\\/avatar\\\/3a8de04a2656d44082be478bd6c086daa447c4651605818287b9532d3d0bd435?s=96&d=mm&r=g\",\"caption\":\"Lo viste en Los Pol\u00edticos\"},\"url\":\"https:\\\/\\\/lospoliticosveracruz.com\\\/?author=2\"}]}<\/script>\n<!-- \/ Yoast SEO plugin. -->","yoast_head_json":{"title":"LA CUIC-ENTREVISTA - Los pol\u00edticos Veracruz","robots":{"index":"index","follow":"follow","max-snippet":"max-snippet:-1","max-image-preview":"max-image-preview:large","max-video-preview":"max-video-preview:-1"},"canonical":"https:\/\/lospoliticosveracruz.com\/?p=149150","og_locale":"es_ES","og_type":"article","og_title":"LA CUIC-ENTREVISTA - Los pol\u00edticos Veracruz","og_description":"Brenda Caballero N\u00fameros Rojos \u201cNo andaba muerta, estaba de parranda\u201d\u2026 pero ya estamos de regreso, nada m\u00e1s y nada menos que con una entrevista al veracruzano \u201cm\u00e1s honesto\u201d de todos los tiempos. Bueno, el m\u00e1s honesto de los \u00faltimos d\u00edas, de acuerdo a la ma\u00f1anera: el mism\u00edsimo Cuitl\u00e1huac Garc\u00eda Jim\u00e9nez, ex gobernador de Veracruz, mejor [&hellip;]","og_url":"https:\/\/lospoliticosveracruz.com\/?p=149150","og_site_name":"Los pol\u00edticos Veracruz","article_publisher":"https:\/\/www.facebook.com\/people\/Notimemes-de-los-Polticos\/61565672886568\/","article_published_time":"2025-07-20T03:38:38+00:00","article_modified_time":"2025-07-20T03:40:34+00:00","og_image":[{"width":1250,"height":667,"url":"https:\/\/lospoliticosveracruz.com\/wp-content\/uploads\/2025\/04\/Brenda-Caballero-1.jpg","type":"image\/jpeg"}],"author":"Lo viste en Los Pol\u00edticos","twitter_card":"summary_large_image","twitter_creator":"@LosPoliticosVer","twitter_site":"@LosPoliticosVer","twitter_misc":{"Escrito por":"Lo viste en Los Pol\u00edticos","Tiempo de lectura":"3 minutos"},"schema":{"@context":"https:\/\/schema.org","@graph":[{"@type":"Article","@id":"https:\/\/lospoliticosveracruz.com\/?p=149150#article","isPartOf":{"@id":"https:\/\/lospoliticosveracruz.com\/?p=149150"},"author":{"name":"Lo viste en Los Pol\u00edticos","@id":"https:\/\/lospoliticosveracruz.com\/#\/schema\/person\/b8702bb0e538456e6efd07080bf2a4a2"},"headline":"LA CUIC-ENTREVISTA","datePublished":"2025-07-20T03:38:38+00:00","dateModified":"2025-07-20T03:40:34+00:00","mainEntityOfPage":{"@id":"https:\/\/lospoliticosveracruz.com\/?p=149150"},"wordCount":535,"publisher":{"@id":"https:\/\/lospoliticosveracruz.com\/#organization"},"image":{"@id":"https:\/\/lospoliticosveracruz.com\/?p=149150#primaryimage"},"thumbnailUrl":"https:\/\/lospoliticosveracruz.com\/wp-content\/uploads\/2025\/04\/Brenda-Caballero-1.jpg","keywords":["Cuitl\u00e1huac Garc\u00eda Jim\u00e9nez","Morena","Veracruz"],"articleSection":["De Opini\u00f3n"],"inLanguage":"es"},{"@type":"WebPage","@id":"https:\/\/lospoliticosveracruz.com\/?p=149150","url":"https:\/\/lospoliticosveracruz.com\/?p=149150","name":"LA CUIC-ENTREVISTA - Los pol\u00edticos Veracruz","isPartOf":{"@id":"https:\/\/lospoliticosveracruz.com\/#website"},"primaryImageOfPage":{"@id":"https:\/\/lospoliticosveracruz.com\/?p=149150#primaryimage"},"image":{"@id":"https:\/\/lospoliticosveracruz.com\/?p=149150#primaryimage"},"thumbnailUrl":"https:\/\/lospoliticosveracruz.com\/wp-content\/uploads\/2025\/04\/Brenda-Caballero-1.jpg","datePublished":"2025-07-20T03:38:38+00:00","dateModified":"2025-07-20T03:40:34+00:00","breadcrumb":{"@id":"https:\/\/lospoliticosveracruz.com\/?p=149150#breadcrumb"},"inLanguage":"es","potentialAction":[{"@type":"ReadAction","target":["https:\/\/lospoliticosveracruz.com\/?p=149150"]}]},{"@type":"ImageObject","inLanguage":"es","@id":"https:\/\/lospoliticosveracruz.com\/?p=149150#primaryimage","url":"https:\/\/lospoliticosveracruz.com\/wp-content\/uploads\/2025\/04\/Brenda-Caballero-1.jpg","contentUrl":"https:\/\/lospoliticosveracruz.com\/wp-content\/uploads\/2025\/04\/Brenda-Caballero-1.jpg","width":1250,"height":667},{"@type":"BreadcrumbList","@id":"https:\/\/lospoliticosveracruz.com\/?p=149150#breadcrumb","itemListElement":[{"@type":"ListItem","position":1,"name":"Portada","item":"https:\/\/lospoliticosveracruz.com\/"},{"@type":"ListItem","position":2,"name":"LA CUIC-ENTREVISTA"}]},{"@type":"WebSite","@id":"https:\/\/lospoliticosveracruz.com\/#website","url":"https:\/\/lospoliticosveracruz.com\/","name":"Los pol\u00edticos Veracruz","description":"","publisher":{"@id":"https:\/\/lospoliticosveracruz.com\/#organization"},"potentialAction":[{"@type":"SearchAction","target":{"@type":"EntryPoint","urlTemplate":"https:\/\/lospoliticosveracruz.com\/?s={search_term_string}"},"query-input":{"@type":"PropertyValueSpecification","valueRequired":true,"valueName":"search_term_string"}}],"inLanguage":"es"},{"@type":"Organization","@id":"https:\/\/lospoliticosveracruz.com\/#organization","name":"Los pol\u00edticos Veracruz","url":"https:\/\/lospoliticosveracruz.com\/","logo":{"@type":"ImageObject","inLanguage":"es","@id":"https:\/\/lospoliticosveracruz.com\/#\/schema\/logo\/image\/","url":"https:\/\/lospoliticosveracruz.com\/wp-content\/uploads\/2025\/12\/Logo-Nuevo-LOS-POLITICOS-1.jpg","contentUrl":"https:\/\/lospoliticosveracruz.com\/wp-content\/uploads\/2025\/12\/Logo-Nuevo-LOS-POLITICOS-1.jpg","width":260,"height":70,"caption":"Los pol\u00edticos Veracruz"},"image":{"@id":"https:\/\/lospoliticosveracruz.com\/#\/schema\/logo\/image\/"},"sameAs":["https:\/\/www.facebook.com\/people\/Notimemes-de-los-Polticos\/61565672886568\/","https:\/\/x.com\/LosPoliticosVer"]},{"@type":"Person","@id":"https:\/\/lospoliticosveracruz.com\/#\/schema\/person\/b8702bb0e538456e6efd07080bf2a4a2","name":"Lo viste en Los Pol\u00edticos","image":{"@type":"ImageObject","inLanguage":"es","@id":"https:\/\/secure.gravatar.com\/avatar\/3a8de04a2656d44082be478bd6c086daa447c4651605818287b9532d3d0bd435?s=96&d=mm&r=g","url":"https:\/\/secure.gravatar.com\/avatar\/3a8de04a2656d44082be478bd6c086daa447c4651605818287b9532d3d0bd435?s=96&d=mm&r=g","contentUrl":"https:\/\/secure.gravatar.com\/avatar\/3a8de04a2656d44082be478bd6c086daa447c4651605818287b9532d3d0bd435?s=96&d=mm&r=g","caption":"Lo viste en Los Pol\u00edticos"},"url":"https:\/\/lospoliticosveracruz.com\/?author=2"}]}},"_links":{"self":[{"href":"https:\/\/lospoliticosveracruz.com\/index.php?rest_route=\/wp\/v2\/posts\/149150","targetHints":{"allow":["GET"]}}],"collection":[{"href":"https:\/\/lospoliticosveracruz.com\/index.php?rest_route=\/wp\/v2\/posts"}],"about":[{"href":"https:\/\/lospoliticosveracruz.com\/index.php?rest_route=\/wp\/v2\/types\/post"}],"author":[{"embeddable":true,"href":"https:\/\/lospoliticosveracruz.com\/index.php?rest_route=\/wp\/v2\/users\/2"}],"replies":[{"embeddable":true,"href":"https:\/\/lospoliticosveracruz.com\/index.php?rest_route=%2Fwp%2Fv2%2Fcomments&post=149150"}],"version-history":[{"count":2,"href":"https:\/\/lospoliticosveracruz.com\/index.php?rest_route=\/wp\/v2\/posts\/149150\/revisions"}],"predecessor-version":[{"id":149152,"href":"https:\/\/lospoliticosveracruz.com\/index.php?rest_route=\/wp\/v2\/posts\/149150\/revisions\/149152"}],"wp:featuredmedia":[{"embeddable":true,"href":"https:\/\/lospoliticosveracruz.com\/index.php?rest_route=\/wp\/v2\/media\/141367"}],"wp:attachment":[{"href":"https:\/\/lospoliticosveracruz.com\/index.php?rest_route=%2Fwp%2Fv2%2Fmedia&parent=149150"}],"wp:term":[{"taxonomy":"category","embeddable":true,"href":"https:\/\/lospoliticosveracruz.com\/index.php?rest_route=%2Fwp%2Fv2%2Fcategories&post=149150"},{"taxonomy":"post_tag","embeddable":true,"href":"https:\/\/lospoliticosveracruz.com\/index.php?rest_route=%2Fwp%2Fv2%2Ftags&post=149150"}],"curies":[{"name":"wp","href":"https:\/\/api.w.org\/{rel}","templated":true}]}}