{"id":149196,"date":"2025-07-21T10:01:43","date_gmt":"2025-07-21T15:01:43","guid":{"rendered":"https:\/\/lospoliticosveracruz.com.mx\/?p=149196"},"modified":"2025-07-21T10:01:55","modified_gmt":"2025-07-21T15:01:55","slug":"veracruz-y-el-consejo-nacional-de-morena","status":"publish","type":"post","link":"https:\/\/lospoliticosveracruz.com\/?p=149196","title":{"rendered":"VERACRUZ Y EL CONSEJO NACIONAL DE MORENA"},"content":{"rendered":"\n\n\n<p><br><strong>Yamiri Rodr\u00edguez Madrid<\/strong><\/p>\n\n\n\n<p><em>La vuelta a Veracruz en un teclazo<\/em><\/p>\n\n\n\n<p>El partido&nbsp;<strong>Morena<\/strong>&nbsp;realiz\u00f3 este domingo la&nbsp;<strong>VIII Sesi\u00f3n Extraordinaria del Consejo Nacional<\/strong>, en la que se aprobaron cuatro temas: el&nbsp;<strong>Plan Organizativo de Comit\u00e9s Seccionales<\/strong>; un&nbsp;<strong>Plan Municipalista<\/strong>; la creaci\u00f3n de la&nbsp;<strong>Comisi\u00f3n Evaluadora de Incorporaciones<\/strong>&nbsp;y la instalaci\u00f3n del&nbsp;<strong>Consejo Consultivo Nacional<\/strong>.<\/p>\n\n\n\n\n\n<p>El primer tema, seg\u00fan se expuso, tiene como objetivo constituir&nbsp;<strong>Comit\u00e9s Seccionales<\/strong>&nbsp;en las&nbsp;<strong>71 mil 541 secciones electorales del pa\u00eds<\/strong>, que constituir\u00e1n la base organizativa de&nbsp;<strong>Morena<\/strong>. El&nbsp;<strong>Plan Municipalista<\/strong>&nbsp;fortalecer\u00e1 a los municipios gobernados por el partido; la&nbsp;<strong>Comisi\u00f3n Evaluadora de Incorporaciones<\/strong>&nbsp;ser\u00e1 un \u00f3rgano colegiado permanente que evaluar\u00e1 las incorporaciones de figuras p\u00fablicas pertenecientes a otras fuerzas pol\u00edticas que pretendan afiliarse, y la reactivaci\u00f3n del&nbsp;<strong>Consejo Consultivo Nacional<\/strong>, como un \u00f3rgano auxiliar de la dirigencia de&nbsp;<strong>Morena<\/strong>, estar\u00e1 conformado por personas destacadas en los \u00e1mbitos&nbsp;<strong>intelectual<\/strong>,&nbsp;<strong>cient\u00edfico<\/strong>,&nbsp;<strong>acad\u00e9mico<\/strong>,&nbsp;<strong>cultural<\/strong>&nbsp;y&nbsp;<strong>empresarial<\/strong>, con la finalidad de brindar claridad sobre las grandes tem\u00e1ticas nacionales y aportar sus conocimientos para proponer acciones que fortalezcan al movimiento.<\/p>\n\n\n\n<p>La intervenci\u00f3n del presidente nacional del consejo, el gobernador de&nbsp;<strong>Sonora<\/strong>,&nbsp;<strong>Alfonso Durazo<\/strong>, fue uno de los temas m\u00e1s sensibles, al referir que se debe cuidar la forma en que se renuevan los cargos de representaci\u00f3n popular de cara al&nbsp;<strong>2027<\/strong>, respetando las reglas del movimiento todas y todos; dejando en claro que nadie est\u00e1 por encima del proyecto, sin chantajear con la ruptura si no se le concede lo se quiere. Ese saco le deber\u00eda quedar a varios morenistas veracruzanos que se creen el pilar del partido, solo porque tienen una posici\u00f3n o un cargo, y hasta juegan las contras con tal de jalar agua para su molino.<\/p>\n\n\n\n<p>Curioso tambi\u00e9n que hay militantes veracruzanos que aqu\u00ed en su tierra son f\u00e9rreos cr\u00edticos de&nbsp;<strong>Morena<\/strong>ante los medios, como el senador&nbsp;<strong>Manuel Huerta<\/strong>, quien es m\u00e1s severo que el&nbsp;<strong>PRI<\/strong>&nbsp;y el&nbsp;<strong>PAN<\/strong>&nbsp;con sus correligionarios, pero que en los foros nacionales se quedan calladitos.<\/p>\n\n\n\n<p>La que se llev\u00f3 un aplauso nacional fue la presidenta municipal electa del&nbsp;<strong>Puerto de Veracruz<\/strong>,&nbsp;<strong>Rosa Mar\u00eda Hern\u00e1ndez Espejo<\/strong>, por su haza\u00f1a electoral del pasado&nbsp;<strong>1 de junio<\/strong>&nbsp;y arrebatarle a los&nbsp;<strong>Yunes azules<\/strong>&nbsp;lo que consideraban su feudo.<\/p>\n\n\n\n<p>A ver si despu\u00e9s del&nbsp;<strong>Consejo Nacional<\/strong>, con los temas abordados, no se vuelve a agitar el avispero en&nbsp;<strong>Veracruz<\/strong>, porque vaya que son necios, sordos y aferrados estos se\u00f1ores.<\/p>\n\n\n\n<p><a href=\"https:\/\/twitter.com\/YamiriRodiguez\">@YamiriRodiguez<\/a><\/p>\n\n\n\n<p><\/p>\n","protected":false},"excerpt":{"rendered":"<p>Yamiri Rodr\u00edguez Madrid La vuelta a Veracruz en un teclazo El partido&nbsp;Morena&nbsp;realiz\u00f3 este domingo la&nbsp;VIII Sesi\u00f3n Extraordinaria del Consejo Nacional, en la que se aprobaron cuatro temas: el&nbsp;Plan Organizativo de Comit\u00e9s Seccionales; un&nbsp;Plan Municipalista; la creaci\u00f3n de la&nbsp;Comisi\u00f3n Evaluadora de Incorporaciones&nbsp;y la instalaci\u00f3n del&nbsp;Consejo Consultivo Nacional. El primer tema, seg\u00fan se expuso, tiene como objetivo [&hellip;]<\/p>\n","protected":false},"author":2,"featured_media":141413,"comment_status":"closed","ping_status":"closed","sticky":false,"template":"","format":"standard","meta":{"tdm_status":"","tdm_grid_status":"","footnotes":""},"categories":[70],"tags":[],"class_list":{"0":"post-149196","1":"post","2":"type-post","3":"status-publish","4":"format-standard","5":"has-post-thumbnail","7":"category-de-opinion"},"yoast_head":"<!-- This site is optimized with the Yoast SEO plugin v27.4 - https:\/\/yoast.com\/product\/yoast-seo-wordpress\/ -->\n<title>VERACRUZ Y EL CONSEJO NACIONAL DE MORENA - Los pol\u00edticos Veracruz<\/title>\n<meta name=\"robots\" content=\"index, follow, max-snippet:-1, max-image-preview:large, max-video-preview:-1\" \/>\n<link rel=\"canonical\" href=\"https:\/\/lospoliticosveracruz.com\/?p=149196\" \/>\n<meta property=\"og:locale\" content=\"es_ES\" \/>\n<meta property=\"og:type\" content=\"article\" \/>\n<meta property=\"og:title\" content=\"VERACRUZ Y EL CONSEJO NACIONAL DE MORENA - Los pol\u00edticos Veracruz\" \/>\n<meta property=\"og:description\" content=\"Yamiri Rodr\u00edguez Madrid La vuelta a Veracruz en un teclazo El partido&nbsp;Morena&nbsp;realiz\u00f3 este domingo la&nbsp;VIII Sesi\u00f3n Extraordinaria del Consejo Nacional, en la que se aprobaron cuatro temas: el&nbsp;Plan Organizativo de Comit\u00e9s Seccionales; un&nbsp;Plan Municipalista; la creaci\u00f3n de la&nbsp;Comisi\u00f3n Evaluadora de Incorporaciones&nbsp;y la instalaci\u00f3n del&nbsp;Consejo Consultivo Nacional. El primer tema, seg\u00fan se expuso, tiene como objetivo [&hellip;]\" \/>\n<meta property=\"og:url\" content=\"https:\/\/lospoliticosveracruz.com\/?p=149196\" \/>\n<meta property=\"og:site_name\" content=\"Los pol\u00edticos Veracruz\" \/>\n<meta property=\"article:publisher\" content=\"https:\/\/www.facebook.com\/people\/Notimemes-de-los-Polticos\/61565672886568\/\" \/>\n<meta property=\"article:published_time\" content=\"2025-07-21T15:01:43+00:00\" \/>\n<meta property=\"article:modified_time\" content=\"2025-07-21T15:01:55+00:00\" \/>\n<meta property=\"og:image\" content=\"https:\/\/lospoliticosveracruz.com\/wp-content\/uploads\/2025\/04\/Yamiri-Rodriguez-Madrid-e1768315710241.jpg\" \/>\n\t<meta property=\"og:image:width\" content=\"600\" \/>\n\t<meta property=\"og:image:height\" content=\"320\" \/>\n\t<meta property=\"og:image:type\" content=\"image\/jpeg\" \/>\n<meta name=\"author\" content=\"Lo viste en Los Pol\u00edticos\" \/>\n<meta name=\"twitter:card\" content=\"summary_large_image\" \/>\n<meta name=\"twitter:creator\" content=\"@LosPoliticosVer\" \/>\n<meta name=\"twitter:site\" content=\"@LosPoliticosVer\" \/>\n<meta name=\"twitter:label1\" content=\"Escrito por\" \/>\n\t<meta name=\"twitter:data1\" content=\"Lo viste en Los Pol\u00edticos\" \/>\n\t<meta name=\"twitter:label2\" content=\"Tiempo de lectura\" \/>\n\t<meta name=\"twitter:data2\" content=\"2 minutos\" \/>\n<script type=\"application\/ld+json\" class=\"yoast-schema-graph\">{\"@context\":\"https:\\\/\\\/schema.org\",\"@graph\":[{\"@type\":\"Article\",\"@id\":\"https:\\\/\\\/lospoliticosveracruz.com\\\/?p=149196#article\",\"isPartOf\":{\"@id\":\"https:\\\/\\\/lospoliticosveracruz.com\\\/?p=149196\"},\"author\":{\"name\":\"Lo viste en Los Pol\u00edticos\",\"@id\":\"https:\\\/\\\/lospoliticosveracruz.com\\\/#\\\/schema\\\/person\\\/b8702bb0e538456e6efd07080bf2a4a2\"},\"headline\":\"VERACRUZ Y EL CONSEJO NACIONAL DE MORENA\",\"datePublished\":\"2025-07-21T15:01:43+00:00\",\"dateModified\":\"2025-07-21T15:01:55+00:00\",\"mainEntityOfPage\":{\"@id\":\"https:\\\/\\\/lospoliticosveracruz.com\\\/?p=149196\"},\"wordCount\":470,\"publisher\":{\"@id\":\"https:\\\/\\\/lospoliticosveracruz.com\\\/#organization\"},\"image\":{\"@id\":\"https:\\\/\\\/lospoliticosveracruz.com\\\/?p=149196#primaryimage\"},\"thumbnailUrl\":\"https:\\\/\\\/lospoliticosveracruz.com\\\/wp-content\\\/uploads\\\/2025\\\/04\\\/Yamiri-Rodriguez-Madrid-e1768315710241.jpg\",\"articleSection\":[\"De Opini\u00f3n\"],\"inLanguage\":\"es\"},{\"@type\":\"WebPage\",\"@id\":\"https:\\\/\\\/lospoliticosveracruz.com\\\/?p=149196\",\"url\":\"https:\\\/\\\/lospoliticosveracruz.com\\\/?p=149196\",\"name\":\"VERACRUZ Y EL CONSEJO NACIONAL DE MORENA - Los pol\u00edticos Veracruz\",\"isPartOf\":{\"@id\":\"https:\\\/\\\/lospoliticosveracruz.com\\\/#website\"},\"primaryImageOfPage\":{\"@id\":\"https:\\\/\\\/lospoliticosveracruz.com\\\/?p=149196#primaryimage\"},\"image\":{\"@id\":\"https:\\\/\\\/lospoliticosveracruz.com\\\/?p=149196#primaryimage\"},\"thumbnailUrl\":\"https:\\\/\\\/lospoliticosveracruz.com\\\/wp-content\\\/uploads\\\/2025\\\/04\\\/Yamiri-Rodriguez-Madrid-e1768315710241.jpg\",\"datePublished\":\"2025-07-21T15:01:43+00:00\",\"dateModified\":\"2025-07-21T15:01:55+00:00\",\"breadcrumb\":{\"@id\":\"https:\\\/\\\/lospoliticosveracruz.com\\\/?p=149196#breadcrumb\"},\"inLanguage\":\"es\",\"potentialAction\":[{\"@type\":\"ReadAction\",\"target\":[\"https:\\\/\\\/lospoliticosveracruz.com\\\/?p=149196\"]}]},{\"@type\":\"ImageObject\",\"inLanguage\":\"es\",\"@id\":\"https:\\\/\\\/lospoliticosveracruz.com\\\/?p=149196#primaryimage\",\"url\":\"https:\\\/\\\/lospoliticosveracruz.com\\\/wp-content\\\/uploads\\\/2025\\\/04\\\/Yamiri-Rodriguez-Madrid-e1768315710241.jpg\",\"contentUrl\":\"https:\\\/\\\/lospoliticosveracruz.com\\\/wp-content\\\/uploads\\\/2025\\\/04\\\/Yamiri-Rodriguez-Madrid-e1768315710241.jpg\",\"width\":600,\"height\":320},{\"@type\":\"BreadcrumbList\",\"@id\":\"https:\\\/\\\/lospoliticosveracruz.com\\\/?p=149196#breadcrumb\",\"itemListElement\":[{\"@type\":\"ListItem\",\"position\":1,\"name\":\"Portada\",\"item\":\"https:\\\/\\\/lospoliticosveracruz.com\\\/\"},{\"@type\":\"ListItem\",\"position\":2,\"name\":\"VERACRUZ Y EL CONSEJO NACIONAL DE MORENA\"}]},{\"@type\":\"WebSite\",\"@id\":\"https:\\\/\\\/lospoliticosveracruz.com\\\/#website\",\"url\":\"https:\\\/\\\/lospoliticosveracruz.com\\\/\",\"name\":\"Los pol\u00edticos Veracruz\",\"description\":\"\",\"publisher\":{\"@id\":\"https:\\\/\\\/lospoliticosveracruz.com\\\/#organization\"},\"potentialAction\":[{\"@type\":\"SearchAction\",\"target\":{\"@type\":\"EntryPoint\",\"urlTemplate\":\"https:\\\/\\\/lospoliticosveracruz.com\\\/?s={search_term_string}\"},\"query-input\":{\"@type\":\"PropertyValueSpecification\",\"valueRequired\":true,\"valueName\":\"search_term_string\"}}],\"inLanguage\":\"es\"},{\"@type\":\"Organization\",\"@id\":\"https:\\\/\\\/lospoliticosveracruz.com\\\/#organization\",\"name\":\"Los pol\u00edticos Veracruz\",\"url\":\"https:\\\/\\\/lospoliticosveracruz.com\\\/\",\"logo\":{\"@type\":\"ImageObject\",\"inLanguage\":\"es\",\"@id\":\"https:\\\/\\\/lospoliticosveracruz.com\\\/#\\\/schema\\\/logo\\\/image\\\/\",\"url\":\"https:\\\/\\\/lospoliticosveracruz.com\\\/wp-content\\\/uploads\\\/2025\\\/12\\\/Logo-Nuevo-LOS-POLITICOS-1.jpg\",\"contentUrl\":\"https:\\\/\\\/lospoliticosveracruz.com\\\/wp-content\\\/uploads\\\/2025\\\/12\\\/Logo-Nuevo-LOS-POLITICOS-1.jpg\",\"width\":260,\"height\":70,\"caption\":\"Los pol\u00edticos Veracruz\"},\"image\":{\"@id\":\"https:\\\/\\\/lospoliticosveracruz.com\\\/#\\\/schema\\\/logo\\\/image\\\/\"},\"sameAs\":[\"https:\\\/\\\/www.facebook.com\\\/people\\\/Notimemes-de-los-Polticos\\\/61565672886568\\\/\",\"https:\\\/\\\/x.com\\\/LosPoliticosVer\"]},{\"@type\":\"Person\",\"@id\":\"https:\\\/\\\/lospoliticosveracruz.com\\\/#\\\/schema\\\/person\\\/b8702bb0e538456e6efd07080bf2a4a2\",\"name\":\"Lo viste en Los Pol\u00edticos\",\"image\":{\"@type\":\"ImageObject\",\"inLanguage\":\"es\",\"@id\":\"https:\\\/\\\/secure.gravatar.com\\\/avatar\\\/3a8de04a2656d44082be478bd6c086daa447c4651605818287b9532d3d0bd435?s=96&d=mm&r=g\",\"url\":\"https:\\\/\\\/secure.gravatar.com\\\/avatar\\\/3a8de04a2656d44082be478bd6c086daa447c4651605818287b9532d3d0bd435?s=96&d=mm&r=g\",\"contentUrl\":\"https:\\\/\\\/secure.gravatar.com\\\/avatar\\\/3a8de04a2656d44082be478bd6c086daa447c4651605818287b9532d3d0bd435?s=96&d=mm&r=g\",\"caption\":\"Lo viste en Los Pol\u00edticos\"},\"url\":\"https:\\\/\\\/lospoliticosveracruz.com\\\/?author=2\"}]}<\/script>\n<!-- \/ Yoast SEO plugin. -->","yoast_head_json":{"title":"VERACRUZ Y EL CONSEJO NACIONAL DE MORENA - Los pol\u00edticos Veracruz","robots":{"index":"index","follow":"follow","max-snippet":"max-snippet:-1","max-image-preview":"max-image-preview:large","max-video-preview":"max-video-preview:-1"},"canonical":"https:\/\/lospoliticosveracruz.com\/?p=149196","og_locale":"es_ES","og_type":"article","og_title":"VERACRUZ Y EL CONSEJO NACIONAL DE MORENA - Los pol\u00edticos Veracruz","og_description":"Yamiri Rodr\u00edguez Madrid La vuelta a Veracruz en un teclazo El partido&nbsp;Morena&nbsp;realiz\u00f3 este domingo la&nbsp;VIII Sesi\u00f3n Extraordinaria del Consejo Nacional, en la que se aprobaron cuatro temas: el&nbsp;Plan Organizativo de Comit\u00e9s Seccionales; un&nbsp;Plan Municipalista; la creaci\u00f3n de la&nbsp;Comisi\u00f3n Evaluadora de Incorporaciones&nbsp;y la instalaci\u00f3n del&nbsp;Consejo Consultivo Nacional. El primer tema, seg\u00fan se expuso, tiene como objetivo [&hellip;]","og_url":"https:\/\/lospoliticosveracruz.com\/?p=149196","og_site_name":"Los pol\u00edticos Veracruz","article_publisher":"https:\/\/www.facebook.com\/people\/Notimemes-de-los-Polticos\/61565672886568\/","article_published_time":"2025-07-21T15:01:43+00:00","article_modified_time":"2025-07-21T15:01:55+00:00","og_image":[{"width":600,"height":320,"url":"https:\/\/lospoliticosveracruz.com\/wp-content\/uploads\/2025\/04\/Yamiri-Rodriguez-Madrid-e1768315710241.jpg","type":"image\/jpeg"}],"author":"Lo viste en Los Pol\u00edticos","twitter_card":"summary_large_image","twitter_creator":"@LosPoliticosVer","twitter_site":"@LosPoliticosVer","twitter_misc":{"Escrito por":"Lo viste en Los Pol\u00edticos","Tiempo de lectura":"2 minutos"},"schema":{"@context":"https:\/\/schema.org","@graph":[{"@type":"Article","@id":"https:\/\/lospoliticosveracruz.com\/?p=149196#article","isPartOf":{"@id":"https:\/\/lospoliticosveracruz.com\/?p=149196"},"author":{"name":"Lo viste en Los Pol\u00edticos","@id":"https:\/\/lospoliticosveracruz.com\/#\/schema\/person\/b8702bb0e538456e6efd07080bf2a4a2"},"headline":"VERACRUZ Y EL CONSEJO NACIONAL DE MORENA","datePublished":"2025-07-21T15:01:43+00:00","dateModified":"2025-07-21T15:01:55+00:00","mainEntityOfPage":{"@id":"https:\/\/lospoliticosveracruz.com\/?p=149196"},"wordCount":470,"publisher":{"@id":"https:\/\/lospoliticosveracruz.com\/#organization"},"image":{"@id":"https:\/\/lospoliticosveracruz.com\/?p=149196#primaryimage"},"thumbnailUrl":"https:\/\/lospoliticosveracruz.com\/wp-content\/uploads\/2025\/04\/Yamiri-Rodriguez-Madrid-e1768315710241.jpg","articleSection":["De Opini\u00f3n"],"inLanguage":"es"},{"@type":"WebPage","@id":"https:\/\/lospoliticosveracruz.com\/?p=149196","url":"https:\/\/lospoliticosveracruz.com\/?p=149196","name":"VERACRUZ Y EL CONSEJO NACIONAL DE MORENA - Los pol\u00edticos Veracruz","isPartOf":{"@id":"https:\/\/lospoliticosveracruz.com\/#website"},"primaryImageOfPage":{"@id":"https:\/\/lospoliticosveracruz.com\/?p=149196#primaryimage"},"image":{"@id":"https:\/\/lospoliticosveracruz.com\/?p=149196#primaryimage"},"thumbnailUrl":"https:\/\/lospoliticosveracruz.com\/wp-content\/uploads\/2025\/04\/Yamiri-Rodriguez-Madrid-e1768315710241.jpg","datePublished":"2025-07-21T15:01:43+00:00","dateModified":"2025-07-21T15:01:55+00:00","breadcrumb":{"@id":"https:\/\/lospoliticosveracruz.com\/?p=149196#breadcrumb"},"inLanguage":"es","potentialAction":[{"@type":"ReadAction","target":["https:\/\/lospoliticosveracruz.com\/?p=149196"]}]},{"@type":"ImageObject","inLanguage":"es","@id":"https:\/\/lospoliticosveracruz.com\/?p=149196#primaryimage","url":"https:\/\/lospoliticosveracruz.com\/wp-content\/uploads\/2025\/04\/Yamiri-Rodriguez-Madrid-e1768315710241.jpg","contentUrl":"https:\/\/lospoliticosveracruz.com\/wp-content\/uploads\/2025\/04\/Yamiri-Rodriguez-Madrid-e1768315710241.jpg","width":600,"height":320},{"@type":"BreadcrumbList","@id":"https:\/\/lospoliticosveracruz.com\/?p=149196#breadcrumb","itemListElement":[{"@type":"ListItem","position":1,"name":"Portada","item":"https:\/\/lospoliticosveracruz.com\/"},{"@type":"ListItem","position":2,"name":"VERACRUZ Y EL CONSEJO NACIONAL DE MORENA"}]},{"@type":"WebSite","@id":"https:\/\/lospoliticosveracruz.com\/#website","url":"https:\/\/lospoliticosveracruz.com\/","name":"Los pol\u00edticos Veracruz","description":"","publisher":{"@id":"https:\/\/lospoliticosveracruz.com\/#organization"},"potentialAction":[{"@type":"SearchAction","target":{"@type":"EntryPoint","urlTemplate":"https:\/\/lospoliticosveracruz.com\/?s={search_term_string}"},"query-input":{"@type":"PropertyValueSpecification","valueRequired":true,"valueName":"search_term_string"}}],"inLanguage":"es"},{"@type":"Organization","@id":"https:\/\/lospoliticosveracruz.com\/#organization","name":"Los pol\u00edticos Veracruz","url":"https:\/\/lospoliticosveracruz.com\/","logo":{"@type":"ImageObject","inLanguage":"es","@id":"https:\/\/lospoliticosveracruz.com\/#\/schema\/logo\/image\/","url":"https:\/\/lospoliticosveracruz.com\/wp-content\/uploads\/2025\/12\/Logo-Nuevo-LOS-POLITICOS-1.jpg","contentUrl":"https:\/\/lospoliticosveracruz.com\/wp-content\/uploads\/2025\/12\/Logo-Nuevo-LOS-POLITICOS-1.jpg","width":260,"height":70,"caption":"Los pol\u00edticos Veracruz"},"image":{"@id":"https:\/\/lospoliticosveracruz.com\/#\/schema\/logo\/image\/"},"sameAs":["https:\/\/www.facebook.com\/people\/Notimemes-de-los-Polticos\/61565672886568\/","https:\/\/x.com\/LosPoliticosVer"]},{"@type":"Person","@id":"https:\/\/lospoliticosveracruz.com\/#\/schema\/person\/b8702bb0e538456e6efd07080bf2a4a2","name":"Lo viste en Los Pol\u00edticos","image":{"@type":"ImageObject","inLanguage":"es","@id":"https:\/\/secure.gravatar.com\/avatar\/3a8de04a2656d44082be478bd6c086daa447c4651605818287b9532d3d0bd435?s=96&d=mm&r=g","url":"https:\/\/secure.gravatar.com\/avatar\/3a8de04a2656d44082be478bd6c086daa447c4651605818287b9532d3d0bd435?s=96&d=mm&r=g","contentUrl":"https:\/\/secure.gravatar.com\/avatar\/3a8de04a2656d44082be478bd6c086daa447c4651605818287b9532d3d0bd435?s=96&d=mm&r=g","caption":"Lo viste en Los Pol\u00edticos"},"url":"https:\/\/lospoliticosveracruz.com\/?author=2"}]}},"_links":{"self":[{"href":"https:\/\/lospoliticosveracruz.com\/index.php?rest_route=\/wp\/v2\/posts\/149196","targetHints":{"allow":["GET"]}}],"collection":[{"href":"https:\/\/lospoliticosveracruz.com\/index.php?rest_route=\/wp\/v2\/posts"}],"about":[{"href":"https:\/\/lospoliticosveracruz.com\/index.php?rest_route=\/wp\/v2\/types\/post"}],"author":[{"embeddable":true,"href":"https:\/\/lospoliticosveracruz.com\/index.php?rest_route=\/wp\/v2\/users\/2"}],"replies":[{"embeddable":true,"href":"https:\/\/lospoliticosveracruz.com\/index.php?rest_route=%2Fwp%2Fv2%2Fcomments&post=149196"}],"version-history":[{"count":2,"href":"https:\/\/lospoliticosveracruz.com\/index.php?rest_route=\/wp\/v2\/posts\/149196\/revisions"}],"predecessor-version":[{"id":149198,"href":"https:\/\/lospoliticosveracruz.com\/index.php?rest_route=\/wp\/v2\/posts\/149196\/revisions\/149198"}],"wp:featuredmedia":[{"embeddable":true,"href":"https:\/\/lospoliticosveracruz.com\/index.php?rest_route=\/wp\/v2\/media\/141413"}],"wp:attachment":[{"href":"https:\/\/lospoliticosveracruz.com\/index.php?rest_route=%2Fwp%2Fv2%2Fmedia&parent=149196"}],"wp:term":[{"taxonomy":"category","embeddable":true,"href":"https:\/\/lospoliticosveracruz.com\/index.php?rest_route=%2Fwp%2Fv2%2Fcategories&post=149196"},{"taxonomy":"post_tag","embeddable":true,"href":"https:\/\/lospoliticosveracruz.com\/index.php?rest_route=%2Fwp%2Fv2%2Ftags&post=149196"}],"curies":[{"name":"wp","href":"https:\/\/api.w.org\/{rel}","templated":true}]}}