{"id":149200,"date":"2025-07-21T12:15:56","date_gmt":"2025-07-21T17:15:56","guid":{"rendered":"https:\/\/lospoliticosveracruz.com.mx\/?p=149200"},"modified":"2025-07-21T12:16:22","modified_gmt":"2025-07-21T17:16:22","slug":"reviven-el-paraiso-fiscal","status":"publish","type":"post","link":"https:\/\/lospoliticosveracruz.com\/?p=149200","title":{"rendered":"REVIVEN EL PARA\u00cdSO FISCAL"},"content":{"rendered":"\n\n\n<p><strong>Oved Contreras<\/strong><\/p>\n\n\n\n<p><strong>Secas Mecas<\/strong><\/p>\n\n\n\n<p>El fin de semana le revivieron en redes a la gobernadora&nbsp;<strong>Roc\u00edo Nahle<\/strong>&nbsp;un chisme viejo que viene desde campa\u00f1as: lo relacionado a supuestas cuentas en&nbsp;<strong>para\u00edsos fiscales<\/strong>\u2026 un asunto que la&nbsp;<strong>t\u00eda Ch\u00edo<\/strong>&nbsp;neg\u00f3 en su momento y ayer volvi\u00f3 a desmentirlo al asegurar que se trata de una campa\u00f1a de&nbsp;<strong>difamaci\u00f3n<\/strong>&nbsp;en su contra pero que no tiene ni un d\u00f3lar en ning\u00fan banco del extranjero, que vive en la median\u00eda de su sueldo como gobernadora.<\/p>\n\n\n\n\n\n<p>A trav\u00e9s de sus redes, la gobernadora&nbsp;<strong>Roc\u00edo Nahle<\/strong>&nbsp;record\u00f3 que hace un a\u00f1o, durante el proceso electoral, se difundieron versiones que la acusaban de tener&nbsp;<strong>cuentas bancarias en el extranjero<\/strong>. \u201c<strong>FALSO<\/strong>\u201d, enfatiz\u00f3, se\u00f1alando que ni siquiera existe el supuesto banco ni el enlace difundido en dichas versiones. \u201cSon tan burdos que en el supuesto banco no existe la cuenta ni el link, ni nada\u201d, escribi\u00f3.<\/p>\n\n\n\n<p>La mandataria tambi\u00e9n denunci\u00f3 que esta&nbsp;<strong>desinformaci\u00f3n<\/strong>&nbsp;ha vuelto a circular recientemente, y llam\u00f3 a no caer en&nbsp;<strong>noticias falsas<\/strong>. En respaldo a su versi\u00f3n, la plataforma&nbsp;<strong>InfodemiaMx<\/strong>&nbsp;public\u00f3 una verificaci\u00f3n en la que se confirma como falso que la candidata tenga propiedades en el extranjero, aclarando que no hay registro de ello en sus&nbsp;<strong>declaraciones patrimoniales<\/strong>.<\/p>\n\n\n\n<p>Lo que s\u00ed no deber\u00edamos perder de vista y que hasta el momento no ha sido aclarado es la informaci\u00f3n publicada por&nbsp;<strong>Blog Expediente<\/strong>&nbsp;del maestro de maestros,&nbsp;<strong>Luis Vel\u00e1zquez<\/strong>, sobre&nbsp;<strong>Jorge Gayosso Moreno<\/strong>, due\u00f1o de&nbsp;<strong>JG Construcci\u00f3n Supervisi\u00f3n y Mantenimiento SA de CV<\/strong>, y que yo s\u00e9 se sabe es el constructor favorito de la mandataria estatal.<\/p>\n\n\n\n<p>Tan buena estrella trae dicha compa\u00f1\u00eda que durante la gesti\u00f3n de la&nbsp;<strong>t\u00eda Ch\u00edo<\/strong>&nbsp;en la&nbsp;<strong>Secretar\u00eda de Energ\u00eda<\/strong>&nbsp;y por el&nbsp;<strong>Gobierno de Veracruz<\/strong>, la empresa de&nbsp;<strong>Gayosso<\/strong>&nbsp;ha obtenido m\u00e1s de&nbsp;<strong>117 millones de pesos en adjudicaciones directas<\/strong>, pero eso no es todo\u2026 el portal del maestro de maestros consigna que tras una revisi\u00f3n exhaustiva en la&nbsp;<strong>Plataforma Nacional de Transparencia (PNT)<\/strong>, esta empresa obtuvo un contrato por&nbsp;<strong>54 millones 789 mil 24 pesos<\/strong>, pagados en varias ministraciones mediante transferencia bancaria de la cuenta titular de la&nbsp;<strong>Secretar\u00eda de Energ\u00eda<\/strong>&nbsp;por concepto de servicio de mantenimiento a inmuebles, bienes, equipos y sistemas que ocupa dicha dependencia en&nbsp;<strong>Ciudad de M\u00e9xico<\/strong>&nbsp;y&nbsp;<strong>Villahermosa, Tabasco<\/strong>.<\/p>\n\n\n\n<p>Igual se sabe que&nbsp;<strong>JG Construcci\u00f3n Supervisi\u00f3n y Mantenimiento S.A. de C.V.<\/strong>&nbsp;tambi\u00e9n est\u00e1 haciendo la&nbsp;<strong>remodelaci\u00f3n de Palacio de Gobierno<\/strong>, donde se invertir\u00e1n m\u00e1s de&nbsp;<strong>60 millones de pesos por adjudicaci\u00f3n directa<\/strong>, aunque no han emitido hasta ahora un pronunciamiento oficial de parte de la&nbsp;<strong>t\u00eda Ch\u00edo<\/strong>. Ni tampoco dicen nada acerca de que la empresa de&nbsp;<strong>Gayosso<\/strong>&nbsp;est\u00e1 a cargo de la&nbsp;<strong>remodelaci\u00f3n de Casa Veracruz<\/strong>&nbsp;(<strong>2 millones 400 mil pesos<\/strong>&nbsp;para remodelar ba\u00f1os y closets) y actualmente tambi\u00e9n remodela la&nbsp;<strong>casa de la gobernadora en Coatzacoalcos<\/strong>.<\/p>\n\n\n\n<p>Algo huele mal con dicha empresa, pues sus&nbsp;<strong>oficinas fiscales<\/strong>&nbsp;son un modesto departamento en la calle&nbsp;<strong>Revillagigedo n\u00famero 71<\/strong>,&nbsp;<strong>colonia Centro<\/strong>,&nbsp;<strong>Ciudad de M\u00e9xico<\/strong>. Es el&nbsp;<strong>departamento 20 del quinto piso<\/strong>; un edificio viejo que forma parte de la parte baja del centro ubicado a tres kil\u00f3metros del&nbsp;<strong>Palacio Nacional<\/strong>, lo cual es indicio de ser una \u201c<strong>empresa fantasma<\/strong>\u201d. De puro milagro no instalaron sus oficinas fiscales en un terreno bald\u00edo.<\/p>\n\n\n\n<p>Ellos dicen que son diferentes, pero tanto&nbsp;<strong>Cuitl\u00e1huac Garc\u00eda<\/strong>&nbsp;como ahora la&nbsp;<strong>t\u00eda Ch\u00edo<\/strong>&nbsp;aplican los mismos mecanismos para poder&nbsp;<strong>asignar obra p\u00fablica por dedazo<\/strong>&nbsp;a sus empresas favoritas, y ni siquiera tienen cuidado de que las empresas tengan oficinas formales\u2026 eso se lo aprendieron al&nbsp;<strong>Duartocho<\/strong>.<\/p>\n\n\n\n<p>\u2e3b<\/p>\n\n\n\n<p><strong>BUSCAN A M\u00c1S V\u00cdCTIMAS\u2026<\/strong>&nbsp;la&nbsp;<strong>Fiscal\u00eda General del Estado<\/strong>&nbsp;busca a m\u00e1s v\u00edctimas de la banda de&nbsp;<strong>\u201cLas Goteras\u201d<\/strong>&nbsp;en&nbsp;<strong>Xalapa<\/strong>, quienes aplicaban alg\u00fan tipo de&nbsp;<strong>sustancia<\/strong>&nbsp;a sus clientes para que perdieran el conocimiento y poder robarles sus pertenencias. La banda fue desmantelada la semana pasada luego de que provocaran la&nbsp;<strong>muerte de un funcionario<\/strong>&nbsp;de la&nbsp;<strong>Comisi\u00f3n Estatal de Atenci\u00f3n y Apoyo a Periodistas<\/strong>, y otro m\u00e1s sali\u00f3&nbsp;<strong>lesionado<\/strong>.<\/p>\n\n\n\n<p>Ya fue detenido tambi\u00e9n el&nbsp;<strong>l\u00edder de la banda<\/strong>, quien es propietario de un&nbsp;<strong>bar<\/strong>&nbsp;desde donde operaban las acciones que despojaron a numerosas v\u00edctimas de&nbsp;<strong>dinero<\/strong>,&nbsp;<strong>veh\u00edculos<\/strong>,&nbsp;<strong>tel\u00e9fonos celulares<\/strong>&nbsp;y&nbsp;<strong>cuentas bancarias<\/strong>, y que podr\u00edan estar involucrados en la&nbsp;<strong>muerte de personas<\/strong>&nbsp;por&nbsp;<strong>sobredosis<\/strong>&nbsp;de la sustancia que le aplicaban a las bebidas en la ciudad de&nbsp;<strong>Xalapa<\/strong>&nbsp;y que aparentemente podr\u00eda ser natural, no una droga de laboratorio.<\/p>\n\n\n\n<p><strong>Funcionarios de la Comisi\u00f3n Estatal de Atenci\u00f3n y Protecci\u00f3n a Periodistas (CEAPP)<\/strong>&nbsp;fueron algunas de las v\u00edctimas de esta banda: uno falleci\u00f3 y otro logr\u00f3 sobrevivir. Lo que est\u00e1 buscando la autoridad es que m\u00e1s personas que hayan sido despojadas por esta banda&nbsp;<strong>denuncien<\/strong>, para que ninguno de los detenidos logre salir durante este per\u00edodo en el que est\u00e1n vinculados a proceso.<\/p>\n\n\n\n<p>De acuerdo con lo informado por la&nbsp;<strong>fiscal\u00eda<\/strong>,&nbsp;<strong>\u00c1ngel N<\/strong>, due\u00f1o del&nbsp;<strong>bar Mixteco<\/strong>, que se ubica en la&nbsp;<strong>colonia Rafael Lucio de Xalapa<\/strong>, era el&nbsp;<strong>l\u00edder de la banda de Las Goteras<\/strong>. Las primeras investigaciones indican que&nbsp;<strong>\u00c1ngel N<\/strong>&nbsp;proporcionaba&nbsp;<strong>sustancias sedantes<\/strong>&nbsp;a&nbsp;<strong>mujeres j\u00f3venes y menores de edad<\/strong>, para que las usaran en robos a los clientes que llegaban al bar.<\/p>\n\n\n\n<p>Las mujeres deb\u00edan ganarse la confianza de los clientes para&nbsp;<strong>llevarlos a moteles<\/strong>&nbsp;y&nbsp;<strong>drogarlos con gotas en sus bebidas<\/strong>, para que perdieran el sentido y despojarlos de sus pertenencias. El pasado&nbsp;<strong>25 de junio<\/strong>,&nbsp;<strong>Jos\u00e9 Antonio Miranda<\/strong>, proyectista de la&nbsp;<strong>CEAPP<\/strong>, y su jefe inmediato,&nbsp;<strong>\u00d3scar Canseco<\/strong>, salieron a divertirse y se encontraron con las integrantes de&nbsp;<strong>Las Goteras<\/strong>. Presuntamente, la dosis que les aplicaron fue&nbsp;<strong>excesiva<\/strong>&nbsp;y uno de ellos,&nbsp;<strong>Miranda<\/strong>, muri\u00f3. Hoy hay&nbsp;<strong>cinco detenidos<\/strong>&nbsp;por este caso, bajo el&nbsp;<strong>proceso penal 396\/2025<\/strong>&nbsp;y la&nbsp;<strong>carpeta de investigaci\u00f3n 1456\/2025<\/strong>; pero las autoridades contin\u00faan con las investigaciones y no descartan nuevas capturas.<\/p>\n\n\n\n<p>Roc\u00edo Nahle para\u00edso fiscal, JG Construcci\u00f3n adjudicaciones, Las Goteras Xalapa, CEAPP funcionarios v\u00edctimas, fiscal\u00eda Veracruz bar Mixteco.<\/p>\n","protected":false},"excerpt":{"rendered":"<p>Oved Contreras Secas Mecas El fin de semana le revivieron en redes a la gobernadora&nbsp;Roc\u00edo Nahle&nbsp;un chisme viejo que viene desde campa\u00f1as: lo relacionado a supuestas cuentas en&nbsp;para\u00edsos fiscales\u2026 un asunto que la&nbsp;t\u00eda Ch\u00edo&nbsp;neg\u00f3 en su momento y ayer volvi\u00f3 a desmentirlo al asegurar que se trata de una campa\u00f1a de&nbsp;difamaci\u00f3n&nbsp;en su contra pero que [&hellip;]<\/p>\n","protected":false},"author":2,"featured_media":141426,"comment_status":"closed","ping_status":"closed","sticky":false,"template":"","format":"standard","meta":{"tdm_status":"","tdm_grid_status":"","footnotes":""},"categories":[70],"tags":[44437,44439,44435,44436,44438],"class_list":{"0":"post-149200","1":"post","2":"type-post","3":"status-publish","4":"format-standard","5":"has-post-thumbnail","7":"category-de-opinion","8":"tag-ceapp-funcionarios-victimas","9":"tag-fiscalia-veracruz-bar-mixteco","10":"tag-jg-construccion-adjudicaciones","11":"tag-las-goteras-xalapa","12":"tag-rocio-nahle-paraiso-fiscal"},"yoast_head":"<!-- This site is optimized with the Yoast SEO plugin v27.4 - https:\/\/yoast.com\/product\/yoast-seo-wordpress\/ -->\n<title>REVIVEN EL PARA\u00cdSO FISCAL - Los pol\u00edticos Veracruz<\/title>\n<meta name=\"robots\" content=\"index, follow, max-snippet:-1, max-image-preview:large, max-video-preview:-1\" \/>\n<link rel=\"canonical\" href=\"https:\/\/lospoliticosveracruz.com\/?p=149200\" \/>\n<meta property=\"og:locale\" content=\"es_ES\" \/>\n<meta property=\"og:type\" content=\"article\" \/>\n<meta property=\"og:title\" content=\"REVIVEN EL PARA\u00cdSO FISCAL - Los pol\u00edticos Veracruz\" \/>\n<meta property=\"og:description\" content=\"Oved Contreras Secas Mecas El fin de semana le revivieron en redes a la gobernadora&nbsp;Roc\u00edo Nahle&nbsp;un chisme viejo que viene desde campa\u00f1as: lo relacionado a supuestas cuentas en&nbsp;para\u00edsos fiscales\u2026 un asunto que la&nbsp;t\u00eda Ch\u00edo&nbsp;neg\u00f3 en su momento y ayer volvi\u00f3 a desmentirlo al asegurar que se trata de una campa\u00f1a de&nbsp;difamaci\u00f3n&nbsp;en su contra pero que [&hellip;]\" \/>\n<meta property=\"og:url\" content=\"https:\/\/lospoliticosveracruz.com\/?p=149200\" \/>\n<meta property=\"og:site_name\" content=\"Los pol\u00edticos Veracruz\" \/>\n<meta property=\"article:publisher\" content=\"https:\/\/www.facebook.com\/people\/Notimemes-de-los-Polticos\/61565672886568\/\" \/>\n<meta property=\"article:published_time\" content=\"2025-07-21T17:15:56+00:00\" \/>\n<meta property=\"article:modified_time\" content=\"2025-07-21T17:16:22+00:00\" \/>\n<meta property=\"og:image\" content=\"https:\/\/lospoliticosveracruz.com\/wp-content\/uploads\/2025\/04\/Oved-Contreras-e1768066319253.jpg\" \/>\n\t<meta property=\"og:image:width\" content=\"600\" \/>\n\t<meta property=\"og:image:height\" content=\"320\" \/>\n\t<meta property=\"og:image:type\" content=\"image\/jpeg\" \/>\n<meta name=\"author\" content=\"Lo viste en Los Pol\u00edticos\" \/>\n<meta name=\"twitter:card\" content=\"summary_large_image\" \/>\n<meta name=\"twitter:creator\" content=\"@LosPoliticosVer\" \/>\n<meta name=\"twitter:site\" content=\"@LosPoliticosVer\" \/>\n<meta name=\"twitter:label1\" content=\"Escrito por\" \/>\n\t<meta name=\"twitter:data1\" content=\"Lo viste en Los Pol\u00edticos\" \/>\n\t<meta name=\"twitter:label2\" content=\"Tiempo de lectura\" \/>\n\t<meta name=\"twitter:data2\" content=\"6 minutos\" \/>\n<script type=\"application\/ld+json\" class=\"yoast-schema-graph\">{\"@context\":\"https:\\\/\\\/schema.org\",\"@graph\":[{\"@type\":\"Article\",\"@id\":\"https:\\\/\\\/lospoliticosveracruz.com\\\/?p=149200#article\",\"isPartOf\":{\"@id\":\"https:\\\/\\\/lospoliticosveracruz.com\\\/?p=149200\"},\"author\":{\"name\":\"Lo viste en Los Pol\u00edticos\",\"@id\":\"https:\\\/\\\/lospoliticosveracruz.com\\\/#\\\/schema\\\/person\\\/b8702bb0e538456e6efd07080bf2a4a2\"},\"headline\":\"REVIVEN EL PARA\u00cdSO FISCAL\",\"datePublished\":\"2025-07-21T17:15:56+00:00\",\"dateModified\":\"2025-07-21T17:16:22+00:00\",\"mainEntityOfPage\":{\"@id\":\"https:\\\/\\\/lospoliticosveracruz.com\\\/?p=149200\"},\"wordCount\":1174,\"publisher\":{\"@id\":\"https:\\\/\\\/lospoliticosveracruz.com\\\/#organization\"},\"image\":{\"@id\":\"https:\\\/\\\/lospoliticosveracruz.com\\\/?p=149200#primaryimage\"},\"thumbnailUrl\":\"https:\\\/\\\/lospoliticosveracruz.com\\\/wp-content\\\/uploads\\\/2025\\\/04\\\/Oved-Contreras-e1768066319253.jpg\",\"keywords\":[\"CEAPP funcionarios v\u00edctimas\",\"fiscal\u00eda Veracruz bar Mixteco.\",\"JG Construcci\u00f3n adjudicaciones\",\"Las Goteras Xalapa\",\"Roc\u00edo Nahle para\u00edso fiscal\"],\"articleSection\":[\"De Opini\u00f3n\"],\"inLanguage\":\"es\"},{\"@type\":\"WebPage\",\"@id\":\"https:\\\/\\\/lospoliticosveracruz.com\\\/?p=149200\",\"url\":\"https:\\\/\\\/lospoliticosveracruz.com\\\/?p=149200\",\"name\":\"REVIVEN EL PARA\u00cdSO FISCAL - Los pol\u00edticos Veracruz\",\"isPartOf\":{\"@id\":\"https:\\\/\\\/lospoliticosveracruz.com\\\/#website\"},\"primaryImageOfPage\":{\"@id\":\"https:\\\/\\\/lospoliticosveracruz.com\\\/?p=149200#primaryimage\"},\"image\":{\"@id\":\"https:\\\/\\\/lospoliticosveracruz.com\\\/?p=149200#primaryimage\"},\"thumbnailUrl\":\"https:\\\/\\\/lospoliticosveracruz.com\\\/wp-content\\\/uploads\\\/2025\\\/04\\\/Oved-Contreras-e1768066319253.jpg\",\"datePublished\":\"2025-07-21T17:15:56+00:00\",\"dateModified\":\"2025-07-21T17:16:22+00:00\",\"breadcrumb\":{\"@id\":\"https:\\\/\\\/lospoliticosveracruz.com\\\/?p=149200#breadcrumb\"},\"inLanguage\":\"es\",\"potentialAction\":[{\"@type\":\"ReadAction\",\"target\":[\"https:\\\/\\\/lospoliticosveracruz.com\\\/?p=149200\"]}]},{\"@type\":\"ImageObject\",\"inLanguage\":\"es\",\"@id\":\"https:\\\/\\\/lospoliticosveracruz.com\\\/?p=149200#primaryimage\",\"url\":\"https:\\\/\\\/lospoliticosveracruz.com\\\/wp-content\\\/uploads\\\/2025\\\/04\\\/Oved-Contreras-e1768066319253.jpg\",\"contentUrl\":\"https:\\\/\\\/lospoliticosveracruz.com\\\/wp-content\\\/uploads\\\/2025\\\/04\\\/Oved-Contreras-e1768066319253.jpg\",\"width\":600,\"height\":320},{\"@type\":\"BreadcrumbList\",\"@id\":\"https:\\\/\\\/lospoliticosveracruz.com\\\/?p=149200#breadcrumb\",\"itemListElement\":[{\"@type\":\"ListItem\",\"position\":1,\"name\":\"Portada\",\"item\":\"https:\\\/\\\/lospoliticosveracruz.com\\\/\"},{\"@type\":\"ListItem\",\"position\":2,\"name\":\"REVIVEN EL PARA\u00cdSO FISCAL\"}]},{\"@type\":\"WebSite\",\"@id\":\"https:\\\/\\\/lospoliticosveracruz.com\\\/#website\",\"url\":\"https:\\\/\\\/lospoliticosveracruz.com\\\/\",\"name\":\"Los pol\u00edticos Veracruz\",\"description\":\"\",\"publisher\":{\"@id\":\"https:\\\/\\\/lospoliticosveracruz.com\\\/#organization\"},\"potentialAction\":[{\"@type\":\"SearchAction\",\"target\":{\"@type\":\"EntryPoint\",\"urlTemplate\":\"https:\\\/\\\/lospoliticosveracruz.com\\\/?s={search_term_string}\"},\"query-input\":{\"@type\":\"PropertyValueSpecification\",\"valueRequired\":true,\"valueName\":\"search_term_string\"}}],\"inLanguage\":\"es\"},{\"@type\":\"Organization\",\"@id\":\"https:\\\/\\\/lospoliticosveracruz.com\\\/#organization\",\"name\":\"Los pol\u00edticos Veracruz\",\"url\":\"https:\\\/\\\/lospoliticosveracruz.com\\\/\",\"logo\":{\"@type\":\"ImageObject\",\"inLanguage\":\"es\",\"@id\":\"https:\\\/\\\/lospoliticosveracruz.com\\\/#\\\/schema\\\/logo\\\/image\\\/\",\"url\":\"https:\\\/\\\/lospoliticosveracruz.com\\\/wp-content\\\/uploads\\\/2025\\\/12\\\/Logo-Nuevo-LOS-POLITICOS-1.jpg\",\"contentUrl\":\"https:\\\/\\\/lospoliticosveracruz.com\\\/wp-content\\\/uploads\\\/2025\\\/12\\\/Logo-Nuevo-LOS-POLITICOS-1.jpg\",\"width\":260,\"height\":70,\"caption\":\"Los pol\u00edticos Veracruz\"},\"image\":{\"@id\":\"https:\\\/\\\/lospoliticosveracruz.com\\\/#\\\/schema\\\/logo\\\/image\\\/\"},\"sameAs\":[\"https:\\\/\\\/www.facebook.com\\\/people\\\/Notimemes-de-los-Polticos\\\/61565672886568\\\/\",\"https:\\\/\\\/x.com\\\/LosPoliticosVer\"]},{\"@type\":\"Person\",\"@id\":\"https:\\\/\\\/lospoliticosveracruz.com\\\/#\\\/schema\\\/person\\\/b8702bb0e538456e6efd07080bf2a4a2\",\"name\":\"Lo viste en Los Pol\u00edticos\",\"image\":{\"@type\":\"ImageObject\",\"inLanguage\":\"es\",\"@id\":\"https:\\\/\\\/secure.gravatar.com\\\/avatar\\\/3a8de04a2656d44082be478bd6c086daa447c4651605818287b9532d3d0bd435?s=96&d=mm&r=g\",\"url\":\"https:\\\/\\\/secure.gravatar.com\\\/avatar\\\/3a8de04a2656d44082be478bd6c086daa447c4651605818287b9532d3d0bd435?s=96&d=mm&r=g\",\"contentUrl\":\"https:\\\/\\\/secure.gravatar.com\\\/avatar\\\/3a8de04a2656d44082be478bd6c086daa447c4651605818287b9532d3d0bd435?s=96&d=mm&r=g\",\"caption\":\"Lo viste en Los Pol\u00edticos\"},\"url\":\"https:\\\/\\\/lospoliticosveracruz.com\\\/?author=2\"}]}<\/script>\n<!-- \/ Yoast SEO plugin. -->","yoast_head_json":{"title":"REVIVEN EL PARA\u00cdSO FISCAL - Los pol\u00edticos Veracruz","robots":{"index":"index","follow":"follow","max-snippet":"max-snippet:-1","max-image-preview":"max-image-preview:large","max-video-preview":"max-video-preview:-1"},"canonical":"https:\/\/lospoliticosveracruz.com\/?p=149200","og_locale":"es_ES","og_type":"article","og_title":"REVIVEN EL PARA\u00cdSO FISCAL - Los pol\u00edticos Veracruz","og_description":"Oved Contreras Secas Mecas El fin de semana le revivieron en redes a la gobernadora&nbsp;Roc\u00edo Nahle&nbsp;un chisme viejo que viene desde campa\u00f1as: lo relacionado a supuestas cuentas en&nbsp;para\u00edsos fiscales\u2026 un asunto que la&nbsp;t\u00eda Ch\u00edo&nbsp;neg\u00f3 en su momento y ayer volvi\u00f3 a desmentirlo al asegurar que se trata de una campa\u00f1a de&nbsp;difamaci\u00f3n&nbsp;en su contra pero que [&hellip;]","og_url":"https:\/\/lospoliticosveracruz.com\/?p=149200","og_site_name":"Los pol\u00edticos Veracruz","article_publisher":"https:\/\/www.facebook.com\/people\/Notimemes-de-los-Polticos\/61565672886568\/","article_published_time":"2025-07-21T17:15:56+00:00","article_modified_time":"2025-07-21T17:16:22+00:00","og_image":[{"width":600,"height":320,"url":"https:\/\/lospoliticosveracruz.com\/wp-content\/uploads\/2025\/04\/Oved-Contreras-e1768066319253.jpg","type":"image\/jpeg"}],"author":"Lo viste en Los Pol\u00edticos","twitter_card":"summary_large_image","twitter_creator":"@LosPoliticosVer","twitter_site":"@LosPoliticosVer","twitter_misc":{"Escrito por":"Lo viste en Los Pol\u00edticos","Tiempo de lectura":"6 minutos"},"schema":{"@context":"https:\/\/schema.org","@graph":[{"@type":"Article","@id":"https:\/\/lospoliticosveracruz.com\/?p=149200#article","isPartOf":{"@id":"https:\/\/lospoliticosveracruz.com\/?p=149200"},"author":{"name":"Lo viste en Los Pol\u00edticos","@id":"https:\/\/lospoliticosveracruz.com\/#\/schema\/person\/b8702bb0e538456e6efd07080bf2a4a2"},"headline":"REVIVEN EL PARA\u00cdSO FISCAL","datePublished":"2025-07-21T17:15:56+00:00","dateModified":"2025-07-21T17:16:22+00:00","mainEntityOfPage":{"@id":"https:\/\/lospoliticosveracruz.com\/?p=149200"},"wordCount":1174,"publisher":{"@id":"https:\/\/lospoliticosveracruz.com\/#organization"},"image":{"@id":"https:\/\/lospoliticosveracruz.com\/?p=149200#primaryimage"},"thumbnailUrl":"https:\/\/lospoliticosveracruz.com\/wp-content\/uploads\/2025\/04\/Oved-Contreras-e1768066319253.jpg","keywords":["CEAPP funcionarios v\u00edctimas","fiscal\u00eda Veracruz bar Mixteco.","JG Construcci\u00f3n adjudicaciones","Las Goteras Xalapa","Roc\u00edo Nahle para\u00edso fiscal"],"articleSection":["De Opini\u00f3n"],"inLanguage":"es"},{"@type":"WebPage","@id":"https:\/\/lospoliticosveracruz.com\/?p=149200","url":"https:\/\/lospoliticosveracruz.com\/?p=149200","name":"REVIVEN EL PARA\u00cdSO FISCAL - Los pol\u00edticos Veracruz","isPartOf":{"@id":"https:\/\/lospoliticosveracruz.com\/#website"},"primaryImageOfPage":{"@id":"https:\/\/lospoliticosveracruz.com\/?p=149200#primaryimage"},"image":{"@id":"https:\/\/lospoliticosveracruz.com\/?p=149200#primaryimage"},"thumbnailUrl":"https:\/\/lospoliticosveracruz.com\/wp-content\/uploads\/2025\/04\/Oved-Contreras-e1768066319253.jpg","datePublished":"2025-07-21T17:15:56+00:00","dateModified":"2025-07-21T17:16:22+00:00","breadcrumb":{"@id":"https:\/\/lospoliticosveracruz.com\/?p=149200#breadcrumb"},"inLanguage":"es","potentialAction":[{"@type":"ReadAction","target":["https:\/\/lospoliticosveracruz.com\/?p=149200"]}]},{"@type":"ImageObject","inLanguage":"es","@id":"https:\/\/lospoliticosveracruz.com\/?p=149200#primaryimage","url":"https:\/\/lospoliticosveracruz.com\/wp-content\/uploads\/2025\/04\/Oved-Contreras-e1768066319253.jpg","contentUrl":"https:\/\/lospoliticosveracruz.com\/wp-content\/uploads\/2025\/04\/Oved-Contreras-e1768066319253.jpg","width":600,"height":320},{"@type":"BreadcrumbList","@id":"https:\/\/lospoliticosveracruz.com\/?p=149200#breadcrumb","itemListElement":[{"@type":"ListItem","position":1,"name":"Portada","item":"https:\/\/lospoliticosveracruz.com\/"},{"@type":"ListItem","position":2,"name":"REVIVEN EL PARA\u00cdSO FISCAL"}]},{"@type":"WebSite","@id":"https:\/\/lospoliticosveracruz.com\/#website","url":"https:\/\/lospoliticosveracruz.com\/","name":"Los pol\u00edticos Veracruz","description":"","publisher":{"@id":"https:\/\/lospoliticosveracruz.com\/#organization"},"potentialAction":[{"@type":"SearchAction","target":{"@type":"EntryPoint","urlTemplate":"https:\/\/lospoliticosveracruz.com\/?s={search_term_string}"},"query-input":{"@type":"PropertyValueSpecification","valueRequired":true,"valueName":"search_term_string"}}],"inLanguage":"es"},{"@type":"Organization","@id":"https:\/\/lospoliticosveracruz.com\/#organization","name":"Los pol\u00edticos Veracruz","url":"https:\/\/lospoliticosveracruz.com\/","logo":{"@type":"ImageObject","inLanguage":"es","@id":"https:\/\/lospoliticosveracruz.com\/#\/schema\/logo\/image\/","url":"https:\/\/lospoliticosveracruz.com\/wp-content\/uploads\/2025\/12\/Logo-Nuevo-LOS-POLITICOS-1.jpg","contentUrl":"https:\/\/lospoliticosveracruz.com\/wp-content\/uploads\/2025\/12\/Logo-Nuevo-LOS-POLITICOS-1.jpg","width":260,"height":70,"caption":"Los pol\u00edticos Veracruz"},"image":{"@id":"https:\/\/lospoliticosveracruz.com\/#\/schema\/logo\/image\/"},"sameAs":["https:\/\/www.facebook.com\/people\/Notimemes-de-los-Polticos\/61565672886568\/","https:\/\/x.com\/LosPoliticosVer"]},{"@type":"Person","@id":"https:\/\/lospoliticosveracruz.com\/#\/schema\/person\/b8702bb0e538456e6efd07080bf2a4a2","name":"Lo viste en Los Pol\u00edticos","image":{"@type":"ImageObject","inLanguage":"es","@id":"https:\/\/secure.gravatar.com\/avatar\/3a8de04a2656d44082be478bd6c086daa447c4651605818287b9532d3d0bd435?s=96&d=mm&r=g","url":"https:\/\/secure.gravatar.com\/avatar\/3a8de04a2656d44082be478bd6c086daa447c4651605818287b9532d3d0bd435?s=96&d=mm&r=g","contentUrl":"https:\/\/secure.gravatar.com\/avatar\/3a8de04a2656d44082be478bd6c086daa447c4651605818287b9532d3d0bd435?s=96&d=mm&r=g","caption":"Lo viste en Los Pol\u00edticos"},"url":"https:\/\/lospoliticosveracruz.com\/?author=2"}]}},"_links":{"self":[{"href":"https:\/\/lospoliticosveracruz.com\/index.php?rest_route=\/wp\/v2\/posts\/149200","targetHints":{"allow":["GET"]}}],"collection":[{"href":"https:\/\/lospoliticosveracruz.com\/index.php?rest_route=\/wp\/v2\/posts"}],"about":[{"href":"https:\/\/lospoliticosveracruz.com\/index.php?rest_route=\/wp\/v2\/types\/post"}],"author":[{"embeddable":true,"href":"https:\/\/lospoliticosveracruz.com\/index.php?rest_route=\/wp\/v2\/users\/2"}],"replies":[{"embeddable":true,"href":"https:\/\/lospoliticosveracruz.com\/index.php?rest_route=%2Fwp%2Fv2%2Fcomments&post=149200"}],"version-history":[{"count":2,"href":"https:\/\/lospoliticosveracruz.com\/index.php?rest_route=\/wp\/v2\/posts\/149200\/revisions"}],"predecessor-version":[{"id":149202,"href":"https:\/\/lospoliticosveracruz.com\/index.php?rest_route=\/wp\/v2\/posts\/149200\/revisions\/149202"}],"wp:featuredmedia":[{"embeddable":true,"href":"https:\/\/lospoliticosveracruz.com\/index.php?rest_route=\/wp\/v2\/media\/141426"}],"wp:attachment":[{"href":"https:\/\/lospoliticosveracruz.com\/index.php?rest_route=%2Fwp%2Fv2%2Fmedia&parent=149200"}],"wp:term":[{"taxonomy":"category","embeddable":true,"href":"https:\/\/lospoliticosveracruz.com\/index.php?rest_route=%2Fwp%2Fv2%2Fcategories&post=149200"},{"taxonomy":"post_tag","embeddable":true,"href":"https:\/\/lospoliticosveracruz.com\/index.php?rest_route=%2Fwp%2Fv2%2Ftags&post=149200"}],"curies":[{"name":"wp","href":"https:\/\/api.w.org\/{rel}","templated":true}]}}