{"id":149204,"date":"2025-07-21T14:48:28","date_gmt":"2025-07-21T19:48:28","guid":{"rendered":"https:\/\/lospoliticosveracruz.com.mx\/?p=149204"},"modified":"2025-07-21T14:48:49","modified_gmt":"2025-07-21T19:48:49","slug":"la-barredora-llego-a-morena","status":"publish","type":"post","link":"https:\/\/lospoliticosveracruz.com\/?p=149204","title":{"rendered":"\u00bfLA BARREDORA LLEG\u00d3 A MORENA?"},"content":{"rendered":"\n<p><strong>Vicente Luna Hern\u00e1ndez<\/strong><\/p>\n\n\n\n<p>Uno de los pesos pesados de&nbsp;<strong>Morena<\/strong>,&nbsp;<strong>Ricardo Monreal \u00c1vila<\/strong>, dijo \u2013 durante su participaci\u00f3n en el Foro \u201c<strong>J\u00f3venes dialogan por el segundo piso de la transformaci\u00f3n<\/strong>\u201d \u2013 que ya est\u00e1 pr\u00f3ximo su retiro de la vida pol\u00edtica en el pa\u00eds y que ya no buscar\u00e1 un cargo p\u00fablico. Otro peso pesado,&nbsp;<strong>Ad\u00e1n Augusto L\u00f3pez Hern\u00e1ndez<\/strong>, vive una tormenta pol\u00edtica y medi\u00e1tica \u2013 y tal vez judicial \u2013 ante los se\u00f1alamientos a su&nbsp;<strong>secretario de seguridad p\u00fablica<\/strong>&nbsp;cuando fue gobernador de&nbsp;<strong>Tabasco<\/strong>, misma crisis que lo puede marginar de las grandes decisiones al interior del partido en el poder. Seguro que sus simpatizantes y aliados les gritar\u00e1n en coro:&nbsp;<strong>\u00a1No se ir\u00e1n solos! \u00a1No se ir\u00e1n solos!<\/strong><\/p>\n\n\n\n<p>Los conflictos al interior de un partido que ejerce el poder pol\u00edtico no tienen nada de raro. Lo raro es que los principales adversarios de la presidenta&nbsp;<strong>Claudia Sheinbaum Pardo<\/strong>&nbsp;sean los propios compa\u00f1eros del movimiento que los llev\u00f3 al poder. \u00bfQui\u00e9nes lanzaron gritos de apoyo al senador&nbsp;<strong>Ad\u00e1n Augusto<\/strong>&nbsp;lo acompa\u00f1ar\u00e1n al ostracismo pol\u00edtico pr\u00f3ximamente? \u00bfEl grito de&nbsp;<strong>\u00a1no est\u00e1s solo!<\/strong>&nbsp;acaso es una alabanza a la impunidad? \u00bfY los postulados de&nbsp;<strong>no mentir, no robar y no traicionar al pueblo<\/strong>? \u00bfAcaso es un eslogan del pasado? \u00bfLleg\u00f3&nbsp;<strong>la Barredora<\/strong>&nbsp;al rescate de la presidenta \u201csin querer queriendo\u201d?<\/p>\n\n\n\n<p>La realidad es que dos de los principales adversarios camino a&nbsp;<strong>Palacio Nacional<\/strong>&nbsp;\u2013 por diferentes v\u00edas \u2013 van camino a un \u201cdescanso\u201d pol\u00edtico, ya sea por voluntad propia o por circunstancias y presiones de&nbsp;<strong>Estados Unidos<\/strong>. La situaci\u00f3n en&nbsp;<strong>Tabasco<\/strong>&nbsp;no es ajena a la presi\u00f3n del gobierno de&nbsp;<strong>Trump<\/strong>&nbsp;para combatir desde todos los frentes a grupos del&nbsp;<strong>narcotr\u00e1fico<\/strong>, mismos que son considerados&nbsp;<strong>grupos terroristas<\/strong>&nbsp;por las autoridades de&nbsp;<strong>EU<\/strong>. Nada es coincidencia.&nbsp;<strong>La Barredora<\/strong>&nbsp;no solo es un grupo criminal que se fortaleci\u00f3 en el gobierno del coordinador de los senadores de&nbsp;<strong>Morena<\/strong>&nbsp;y \u201chermano\u201d del expresidente;&nbsp;<strong>la Barredora<\/strong>&nbsp;ser\u00e1 una herramienta eficaz para eliminar o disminuir el grado de poder de aquellos que juegan un \u201cjuego\u201d que no es el \u201cjuego\u201d de&nbsp;<strong>Palacio Nacional<\/strong>.<\/p>\n\n\n\n<p>Todo lo que ocurra en la pol\u00edtica nacional va a repercutir en los estados y&nbsp;<strong>Veracruz<\/strong>&nbsp;no ser\u00e1 la excepci\u00f3n. La l\u00ednea est\u00e1 clara: se alinean a las directrices de&nbsp;<strong>Palacio Nacional<\/strong>&nbsp;o habr\u00e1 sus consecuencias. Y aquellos que lanzan gritos de apoyo a quienes son se\u00f1alados de actos delictivos pondr\u00e1n sus barbas a remojar.<\/p>\n\n\n\n<p>Que nadie se confunda. El grito de apoyo de&nbsp;<strong>\u00a1no est\u00e1s solo!<\/strong>&nbsp;tuvo su esencia en&nbsp;<strong>2006<\/strong>, ante un exceso en el ejercicio del poder. Pero el grito que se lanza al aire hoy pretende ser un manto de impunidad a favor de quienes manchan el ropaje color&nbsp;<strong>guinda<\/strong>. Que nadie se confunda:&nbsp;<strong>la Barredora<\/strong>&nbsp;va bajando por los escalones de la pol\u00edtica nacional.<\/p>\n\n\n\n<p>En&nbsp;<strong>Veracruz<\/strong>&nbsp;no se cantan mal las rancheras. La&nbsp;<strong>institucionalidad<\/strong>&nbsp;no se le da mucho a&nbsp;<strong>Morena<\/strong>&nbsp;y es hora de que se pongan las cartas sobre la mesa. Ante una&nbsp;<strong>oposici\u00f3n desdibujada<\/strong>&nbsp;\u2013 por decir lo menos \u2013 y la ausencia de&nbsp;<strong>organizaciones de la sociedad civil<\/strong>&nbsp;que hagan contrapeso al gobierno, los principales generadores de&nbsp;<strong>turbulencias pol\u00edticas<\/strong>&nbsp;son los propios integrantes de la llamada&nbsp;<strong>4T<\/strong>. Grupos al interior que no se suman a los trabajos que encabeza la gobernadora&nbsp;<strong>Roc\u00edo Nahle Garc\u00eda<\/strong>, actores pol\u00edticos que durante su paso en la administraci\u00f3n p\u00fablica del hoy flamante funcionario del gobierno federal fueron se\u00f1alados de actos de&nbsp;<strong>corrupci\u00f3n<\/strong>&nbsp;y hoy la&nbsp;<strong>Auditor\u00eda Superior de la Federaci\u00f3n<\/strong>&nbsp;los tiene en la mira. \u00bfTambi\u00e9n se les gritar\u00e1 a ellos&nbsp;<strong>\u00a1No est\u00e1n solos!?<\/strong><\/p>\n\n\n\n<p>El problema de&nbsp;<strong>Morena<\/strong>&nbsp;no son personajes que llegan de otros partidos pol\u00edticos \u2013&nbsp;<strong>PRI<\/strong>,&nbsp;<strong>PAN<\/strong>&nbsp;o en su momento&nbsp;<strong>PRD<\/strong>. \u00bfQu\u00e9 de raro tiene si la fuerza social del movimiento son ex priistas y ex perredistas? El problema es la&nbsp;<strong>impunidad<\/strong>&nbsp;que los cobija ante se\u00f1alamientos de&nbsp;<strong>actos delictivos<\/strong>. Esa impunidad que se les otorga a los ex tambi\u00e9n se les da a los&nbsp;<strong>fundadores del movimiento<\/strong>. Que nadie se haga bolas: el problema no son los que llegan, el problema es que la&nbsp;<strong>corrupci\u00f3n<\/strong>&nbsp;y la&nbsp;<strong>impunidad<\/strong>&nbsp;del pasado\u2026 sigue estando presente.<\/p>\n\n\n\n<p>Tal vez en algo tengan raz\u00f3n quienes \u2013 en el&nbsp;<strong>Consejo Nacional de Morena<\/strong>&nbsp;o hace algunos meses en la&nbsp;<strong>C\u00e1mara de Diputados<\/strong>&nbsp;\u2013 gritaban de manera entusiasta:&nbsp;<strong>\u00a1no est\u00e1s solo!<\/strong>\u2026 tal vez en poco tiempo otros se ir\u00e1n con ellos.<\/p>\n\n\n\n<p><strong>P.D.<\/strong>&nbsp;\u2013 Con el \u00e1nimo de que alguien tenga un recogedor a la mano para la \u201cbasura\u201d que se vaya acumulando\u2026 escribir\u00e9 otro d\u00eda.<\/p>\n\n\n\n<p><\/p>\n","protected":false},"excerpt":{"rendered":"<p>Vicente Luna Hern\u00e1ndez Uno de los pesos pesados de&nbsp;Morena,&nbsp;Ricardo Monreal \u00c1vila, dijo \u2013 durante su participaci\u00f3n en el Foro \u201cJ\u00f3venes dialogan por el segundo piso de la transformaci\u00f3n\u201d \u2013 que ya est\u00e1 pr\u00f3ximo su retiro de la vida pol\u00edtica en el pa\u00eds y que ya no buscar\u00e1 un cargo p\u00fablico. Otro peso pesado,&nbsp;Ad\u00e1n Augusto L\u00f3pez [&hellip;]<\/p>\n","protected":false},"author":2,"featured_media":141415,"comment_status":"closed","ping_status":"closed","sticky":false,"template":"","format":"standard","meta":{"tdm_status":"","tdm_grid_status":"","footnotes":""},"categories":[70],"tags":[],"class_list":{"0":"post-149204","1":"post","2":"type-post","3":"status-publish","4":"format-standard","5":"has-post-thumbnail","7":"category-de-opinion"},"yoast_head":"<!-- This site is optimized with the Yoast SEO plugin v27.4 - https:\/\/yoast.com\/product\/yoast-seo-wordpress\/ -->\n<title>\u00bfLA BARREDORA LLEG\u00d3 A MORENA? - Los pol\u00edticos Veracruz<\/title>\n<meta name=\"robots\" content=\"index, follow, max-snippet:-1, max-image-preview:large, max-video-preview:-1\" \/>\n<link rel=\"canonical\" href=\"https:\/\/lospoliticosveracruz.com\/?p=149204\" \/>\n<meta property=\"og:locale\" content=\"es_ES\" \/>\n<meta property=\"og:type\" content=\"article\" \/>\n<meta property=\"og:title\" content=\"\u00bfLA BARREDORA LLEG\u00d3 A MORENA? - Los pol\u00edticos Veracruz\" \/>\n<meta property=\"og:description\" content=\"Vicente Luna Hern\u00e1ndez Uno de los pesos pesados de&nbsp;Morena,&nbsp;Ricardo Monreal \u00c1vila, dijo \u2013 durante su participaci\u00f3n en el Foro \u201cJ\u00f3venes dialogan por el segundo piso de la transformaci\u00f3n\u201d \u2013 que ya est\u00e1 pr\u00f3ximo su retiro de la vida pol\u00edtica en el pa\u00eds y que ya no buscar\u00e1 un cargo p\u00fablico. Otro peso pesado,&nbsp;Ad\u00e1n Augusto L\u00f3pez [&hellip;]\" \/>\n<meta property=\"og:url\" content=\"https:\/\/lospoliticosveracruz.com\/?p=149204\" \/>\n<meta property=\"og:site_name\" content=\"Los pol\u00edticos Veracruz\" \/>\n<meta property=\"article:publisher\" content=\"https:\/\/www.facebook.com\/people\/Notimemes-de-los-Polticos\/61565672886568\/\" \/>\n<meta property=\"article:published_time\" content=\"2025-07-21T19:48:28+00:00\" \/>\n<meta property=\"article:modified_time\" content=\"2025-07-21T19:48:49+00:00\" \/>\n<meta property=\"og:image\" content=\"https:\/\/lospoliticosveracruz.com\/wp-content\/uploads\/2025\/04\/Vicente-Luna-Hernandez.jpg\" \/>\n\t<meta property=\"og:image:width\" content=\"1250\" \/>\n\t<meta property=\"og:image:height\" content=\"667\" \/>\n\t<meta property=\"og:image:type\" content=\"image\/jpeg\" \/>\n<meta name=\"author\" content=\"Lo viste en Los Pol\u00edticos\" \/>\n<meta name=\"twitter:card\" content=\"summary_large_image\" \/>\n<meta name=\"twitter:creator\" content=\"@LosPoliticosVer\" \/>\n<meta name=\"twitter:site\" content=\"@LosPoliticosVer\" \/>\n<meta name=\"twitter:label1\" content=\"Escrito por\" \/>\n\t<meta name=\"twitter:data1\" content=\"Lo viste en Los Pol\u00edticos\" \/>\n\t<meta name=\"twitter:label2\" content=\"Tiempo de lectura\" \/>\n\t<meta name=\"twitter:data2\" content=\"4 minutos\" \/>\n<script type=\"application\/ld+json\" class=\"yoast-schema-graph\">{\"@context\":\"https:\\\/\\\/schema.org\",\"@graph\":[{\"@type\":\"Article\",\"@id\":\"https:\\\/\\\/lospoliticosveracruz.com\\\/?p=149204#article\",\"isPartOf\":{\"@id\":\"https:\\\/\\\/lospoliticosveracruz.com\\\/?p=149204\"},\"author\":{\"name\":\"Lo viste en Los Pol\u00edticos\",\"@id\":\"https:\\\/\\\/lospoliticosveracruz.com\\\/#\\\/schema\\\/person\\\/b8702bb0e538456e6efd07080bf2a4a2\"},\"headline\":\"\u00bfLA BARREDORA LLEG\u00d3 A MORENA?\",\"datePublished\":\"2025-07-21T19:48:28+00:00\",\"dateModified\":\"2025-07-21T19:48:49+00:00\",\"mainEntityOfPage\":{\"@id\":\"https:\\\/\\\/lospoliticosveracruz.com\\\/?p=149204\"},\"wordCount\":891,\"publisher\":{\"@id\":\"https:\\\/\\\/lospoliticosveracruz.com\\\/#organization\"},\"image\":{\"@id\":\"https:\\\/\\\/lospoliticosveracruz.com\\\/?p=149204#primaryimage\"},\"thumbnailUrl\":\"https:\\\/\\\/lospoliticosveracruz.com\\\/wp-content\\\/uploads\\\/2025\\\/04\\\/Vicente-Luna-Hernandez.jpg\",\"articleSection\":[\"De Opini\u00f3n\"],\"inLanguage\":\"es\"},{\"@type\":\"WebPage\",\"@id\":\"https:\\\/\\\/lospoliticosveracruz.com\\\/?p=149204\",\"url\":\"https:\\\/\\\/lospoliticosveracruz.com\\\/?p=149204\",\"name\":\"\u00bfLA BARREDORA LLEG\u00d3 A MORENA? - Los pol\u00edticos Veracruz\",\"isPartOf\":{\"@id\":\"https:\\\/\\\/lospoliticosveracruz.com\\\/#website\"},\"primaryImageOfPage\":{\"@id\":\"https:\\\/\\\/lospoliticosveracruz.com\\\/?p=149204#primaryimage\"},\"image\":{\"@id\":\"https:\\\/\\\/lospoliticosveracruz.com\\\/?p=149204#primaryimage\"},\"thumbnailUrl\":\"https:\\\/\\\/lospoliticosveracruz.com\\\/wp-content\\\/uploads\\\/2025\\\/04\\\/Vicente-Luna-Hernandez.jpg\",\"datePublished\":\"2025-07-21T19:48:28+00:00\",\"dateModified\":\"2025-07-21T19:48:49+00:00\",\"breadcrumb\":{\"@id\":\"https:\\\/\\\/lospoliticosveracruz.com\\\/?p=149204#breadcrumb\"},\"inLanguage\":\"es\",\"potentialAction\":[{\"@type\":\"ReadAction\",\"target\":[\"https:\\\/\\\/lospoliticosveracruz.com\\\/?p=149204\"]}]},{\"@type\":\"ImageObject\",\"inLanguage\":\"es\",\"@id\":\"https:\\\/\\\/lospoliticosveracruz.com\\\/?p=149204#primaryimage\",\"url\":\"https:\\\/\\\/lospoliticosveracruz.com\\\/wp-content\\\/uploads\\\/2025\\\/04\\\/Vicente-Luna-Hernandez.jpg\",\"contentUrl\":\"https:\\\/\\\/lospoliticosveracruz.com\\\/wp-content\\\/uploads\\\/2025\\\/04\\\/Vicente-Luna-Hernandez.jpg\",\"width\":1250,\"height\":667},{\"@type\":\"BreadcrumbList\",\"@id\":\"https:\\\/\\\/lospoliticosveracruz.com\\\/?p=149204#breadcrumb\",\"itemListElement\":[{\"@type\":\"ListItem\",\"position\":1,\"name\":\"Portada\",\"item\":\"https:\\\/\\\/lospoliticosveracruz.com\\\/\"},{\"@type\":\"ListItem\",\"position\":2,\"name\":\"\u00bfLA BARREDORA LLEG\u00d3 A MORENA?\"}]},{\"@type\":\"WebSite\",\"@id\":\"https:\\\/\\\/lospoliticosveracruz.com\\\/#website\",\"url\":\"https:\\\/\\\/lospoliticosveracruz.com\\\/\",\"name\":\"Los pol\u00edticos Veracruz\",\"description\":\"\",\"publisher\":{\"@id\":\"https:\\\/\\\/lospoliticosveracruz.com\\\/#organization\"},\"potentialAction\":[{\"@type\":\"SearchAction\",\"target\":{\"@type\":\"EntryPoint\",\"urlTemplate\":\"https:\\\/\\\/lospoliticosveracruz.com\\\/?s={search_term_string}\"},\"query-input\":{\"@type\":\"PropertyValueSpecification\",\"valueRequired\":true,\"valueName\":\"search_term_string\"}}],\"inLanguage\":\"es\"},{\"@type\":\"Organization\",\"@id\":\"https:\\\/\\\/lospoliticosveracruz.com\\\/#organization\",\"name\":\"Los pol\u00edticos Veracruz\",\"url\":\"https:\\\/\\\/lospoliticosveracruz.com\\\/\",\"logo\":{\"@type\":\"ImageObject\",\"inLanguage\":\"es\",\"@id\":\"https:\\\/\\\/lospoliticosveracruz.com\\\/#\\\/schema\\\/logo\\\/image\\\/\",\"url\":\"https:\\\/\\\/lospoliticosveracruz.com\\\/wp-content\\\/uploads\\\/2025\\\/12\\\/Logo-Nuevo-LOS-POLITICOS-1.jpg\",\"contentUrl\":\"https:\\\/\\\/lospoliticosveracruz.com\\\/wp-content\\\/uploads\\\/2025\\\/12\\\/Logo-Nuevo-LOS-POLITICOS-1.jpg\",\"width\":260,\"height\":70,\"caption\":\"Los pol\u00edticos Veracruz\"},\"image\":{\"@id\":\"https:\\\/\\\/lospoliticosveracruz.com\\\/#\\\/schema\\\/logo\\\/image\\\/\"},\"sameAs\":[\"https:\\\/\\\/www.facebook.com\\\/people\\\/Notimemes-de-los-Polticos\\\/61565672886568\\\/\",\"https:\\\/\\\/x.com\\\/LosPoliticosVer\"]},{\"@type\":\"Person\",\"@id\":\"https:\\\/\\\/lospoliticosveracruz.com\\\/#\\\/schema\\\/person\\\/b8702bb0e538456e6efd07080bf2a4a2\",\"name\":\"Lo viste en Los Pol\u00edticos\",\"image\":{\"@type\":\"ImageObject\",\"inLanguage\":\"es\",\"@id\":\"https:\\\/\\\/secure.gravatar.com\\\/avatar\\\/3a8de04a2656d44082be478bd6c086daa447c4651605818287b9532d3d0bd435?s=96&d=mm&r=g\",\"url\":\"https:\\\/\\\/secure.gravatar.com\\\/avatar\\\/3a8de04a2656d44082be478bd6c086daa447c4651605818287b9532d3d0bd435?s=96&d=mm&r=g\",\"contentUrl\":\"https:\\\/\\\/secure.gravatar.com\\\/avatar\\\/3a8de04a2656d44082be478bd6c086daa447c4651605818287b9532d3d0bd435?s=96&d=mm&r=g\",\"caption\":\"Lo viste en Los Pol\u00edticos\"},\"url\":\"https:\\\/\\\/lospoliticosveracruz.com\\\/?author=2\"}]}<\/script>\n<!-- \/ Yoast SEO plugin. -->","yoast_head_json":{"title":"\u00bfLA BARREDORA LLEG\u00d3 A MORENA? - Los pol\u00edticos Veracruz","robots":{"index":"index","follow":"follow","max-snippet":"max-snippet:-1","max-image-preview":"max-image-preview:large","max-video-preview":"max-video-preview:-1"},"canonical":"https:\/\/lospoliticosveracruz.com\/?p=149204","og_locale":"es_ES","og_type":"article","og_title":"\u00bfLA BARREDORA LLEG\u00d3 A MORENA? - Los pol\u00edticos Veracruz","og_description":"Vicente Luna Hern\u00e1ndez Uno de los pesos pesados de&nbsp;Morena,&nbsp;Ricardo Monreal \u00c1vila, dijo \u2013 durante su participaci\u00f3n en el Foro \u201cJ\u00f3venes dialogan por el segundo piso de la transformaci\u00f3n\u201d \u2013 que ya est\u00e1 pr\u00f3ximo su retiro de la vida pol\u00edtica en el pa\u00eds y que ya no buscar\u00e1 un cargo p\u00fablico. Otro peso pesado,&nbsp;Ad\u00e1n Augusto L\u00f3pez [&hellip;]","og_url":"https:\/\/lospoliticosveracruz.com\/?p=149204","og_site_name":"Los pol\u00edticos Veracruz","article_publisher":"https:\/\/www.facebook.com\/people\/Notimemes-de-los-Polticos\/61565672886568\/","article_published_time":"2025-07-21T19:48:28+00:00","article_modified_time":"2025-07-21T19:48:49+00:00","og_image":[{"width":1250,"height":667,"url":"https:\/\/lospoliticosveracruz.com\/wp-content\/uploads\/2025\/04\/Vicente-Luna-Hernandez.jpg","type":"image\/jpeg"}],"author":"Lo viste en Los Pol\u00edticos","twitter_card":"summary_large_image","twitter_creator":"@LosPoliticosVer","twitter_site":"@LosPoliticosVer","twitter_misc":{"Escrito por":"Lo viste en Los Pol\u00edticos","Tiempo de lectura":"4 minutos"},"schema":{"@context":"https:\/\/schema.org","@graph":[{"@type":"Article","@id":"https:\/\/lospoliticosveracruz.com\/?p=149204#article","isPartOf":{"@id":"https:\/\/lospoliticosveracruz.com\/?p=149204"},"author":{"name":"Lo viste en Los Pol\u00edticos","@id":"https:\/\/lospoliticosveracruz.com\/#\/schema\/person\/b8702bb0e538456e6efd07080bf2a4a2"},"headline":"\u00bfLA BARREDORA LLEG\u00d3 A MORENA?","datePublished":"2025-07-21T19:48:28+00:00","dateModified":"2025-07-21T19:48:49+00:00","mainEntityOfPage":{"@id":"https:\/\/lospoliticosveracruz.com\/?p=149204"},"wordCount":891,"publisher":{"@id":"https:\/\/lospoliticosveracruz.com\/#organization"},"image":{"@id":"https:\/\/lospoliticosveracruz.com\/?p=149204#primaryimage"},"thumbnailUrl":"https:\/\/lospoliticosveracruz.com\/wp-content\/uploads\/2025\/04\/Vicente-Luna-Hernandez.jpg","articleSection":["De Opini\u00f3n"],"inLanguage":"es"},{"@type":"WebPage","@id":"https:\/\/lospoliticosveracruz.com\/?p=149204","url":"https:\/\/lospoliticosveracruz.com\/?p=149204","name":"\u00bfLA BARREDORA LLEG\u00d3 A MORENA? - Los pol\u00edticos Veracruz","isPartOf":{"@id":"https:\/\/lospoliticosveracruz.com\/#website"},"primaryImageOfPage":{"@id":"https:\/\/lospoliticosveracruz.com\/?p=149204#primaryimage"},"image":{"@id":"https:\/\/lospoliticosveracruz.com\/?p=149204#primaryimage"},"thumbnailUrl":"https:\/\/lospoliticosveracruz.com\/wp-content\/uploads\/2025\/04\/Vicente-Luna-Hernandez.jpg","datePublished":"2025-07-21T19:48:28+00:00","dateModified":"2025-07-21T19:48:49+00:00","breadcrumb":{"@id":"https:\/\/lospoliticosveracruz.com\/?p=149204#breadcrumb"},"inLanguage":"es","potentialAction":[{"@type":"ReadAction","target":["https:\/\/lospoliticosveracruz.com\/?p=149204"]}]},{"@type":"ImageObject","inLanguage":"es","@id":"https:\/\/lospoliticosveracruz.com\/?p=149204#primaryimage","url":"https:\/\/lospoliticosveracruz.com\/wp-content\/uploads\/2025\/04\/Vicente-Luna-Hernandez.jpg","contentUrl":"https:\/\/lospoliticosveracruz.com\/wp-content\/uploads\/2025\/04\/Vicente-Luna-Hernandez.jpg","width":1250,"height":667},{"@type":"BreadcrumbList","@id":"https:\/\/lospoliticosveracruz.com\/?p=149204#breadcrumb","itemListElement":[{"@type":"ListItem","position":1,"name":"Portada","item":"https:\/\/lospoliticosveracruz.com\/"},{"@type":"ListItem","position":2,"name":"\u00bfLA BARREDORA LLEG\u00d3 A MORENA?"}]},{"@type":"WebSite","@id":"https:\/\/lospoliticosveracruz.com\/#website","url":"https:\/\/lospoliticosveracruz.com\/","name":"Los pol\u00edticos Veracruz","description":"","publisher":{"@id":"https:\/\/lospoliticosveracruz.com\/#organization"},"potentialAction":[{"@type":"SearchAction","target":{"@type":"EntryPoint","urlTemplate":"https:\/\/lospoliticosveracruz.com\/?s={search_term_string}"},"query-input":{"@type":"PropertyValueSpecification","valueRequired":true,"valueName":"search_term_string"}}],"inLanguage":"es"},{"@type":"Organization","@id":"https:\/\/lospoliticosveracruz.com\/#organization","name":"Los pol\u00edticos Veracruz","url":"https:\/\/lospoliticosveracruz.com\/","logo":{"@type":"ImageObject","inLanguage":"es","@id":"https:\/\/lospoliticosveracruz.com\/#\/schema\/logo\/image\/","url":"https:\/\/lospoliticosveracruz.com\/wp-content\/uploads\/2025\/12\/Logo-Nuevo-LOS-POLITICOS-1.jpg","contentUrl":"https:\/\/lospoliticosveracruz.com\/wp-content\/uploads\/2025\/12\/Logo-Nuevo-LOS-POLITICOS-1.jpg","width":260,"height":70,"caption":"Los pol\u00edticos Veracruz"},"image":{"@id":"https:\/\/lospoliticosveracruz.com\/#\/schema\/logo\/image\/"},"sameAs":["https:\/\/www.facebook.com\/people\/Notimemes-de-los-Polticos\/61565672886568\/","https:\/\/x.com\/LosPoliticosVer"]},{"@type":"Person","@id":"https:\/\/lospoliticosveracruz.com\/#\/schema\/person\/b8702bb0e538456e6efd07080bf2a4a2","name":"Lo viste en Los Pol\u00edticos","image":{"@type":"ImageObject","inLanguage":"es","@id":"https:\/\/secure.gravatar.com\/avatar\/3a8de04a2656d44082be478bd6c086daa447c4651605818287b9532d3d0bd435?s=96&d=mm&r=g","url":"https:\/\/secure.gravatar.com\/avatar\/3a8de04a2656d44082be478bd6c086daa447c4651605818287b9532d3d0bd435?s=96&d=mm&r=g","contentUrl":"https:\/\/secure.gravatar.com\/avatar\/3a8de04a2656d44082be478bd6c086daa447c4651605818287b9532d3d0bd435?s=96&d=mm&r=g","caption":"Lo viste en Los Pol\u00edticos"},"url":"https:\/\/lospoliticosveracruz.com\/?author=2"}]}},"_links":{"self":[{"href":"https:\/\/lospoliticosveracruz.com\/index.php?rest_route=\/wp\/v2\/posts\/149204","targetHints":{"allow":["GET"]}}],"collection":[{"href":"https:\/\/lospoliticosveracruz.com\/index.php?rest_route=\/wp\/v2\/posts"}],"about":[{"href":"https:\/\/lospoliticosveracruz.com\/index.php?rest_route=\/wp\/v2\/types\/post"}],"author":[{"embeddable":true,"href":"https:\/\/lospoliticosveracruz.com\/index.php?rest_route=\/wp\/v2\/users\/2"}],"replies":[{"embeddable":true,"href":"https:\/\/lospoliticosveracruz.com\/index.php?rest_route=%2Fwp%2Fv2%2Fcomments&post=149204"}],"version-history":[{"count":2,"href":"https:\/\/lospoliticosveracruz.com\/index.php?rest_route=\/wp\/v2\/posts\/149204\/revisions"}],"predecessor-version":[{"id":149206,"href":"https:\/\/lospoliticosveracruz.com\/index.php?rest_route=\/wp\/v2\/posts\/149204\/revisions\/149206"}],"wp:featuredmedia":[{"embeddable":true,"href":"https:\/\/lospoliticosveracruz.com\/index.php?rest_route=\/wp\/v2\/media\/141415"}],"wp:attachment":[{"href":"https:\/\/lospoliticosveracruz.com\/index.php?rest_route=%2Fwp%2Fv2%2Fmedia&parent=149204"}],"wp:term":[{"taxonomy":"category","embeddable":true,"href":"https:\/\/lospoliticosveracruz.com\/index.php?rest_route=%2Fwp%2Fv2%2Fcategories&post=149204"},{"taxonomy":"post_tag","embeddable":true,"href":"https:\/\/lospoliticosveracruz.com\/index.php?rest_route=%2Fwp%2Fv2%2Ftags&post=149204"}],"curies":[{"name":"wp","href":"https:\/\/api.w.org\/{rel}","templated":true}]}}