{"id":14937,"date":"2015-02-15T22:48:39","date_gmt":"2015-02-16T04:48:39","guid":{"rendered":"http:\/\/www.lospoliticosveracruz.com.mx\/?p=14937"},"modified":"2015-02-15T22:48:39","modified_gmt":"2015-02-16T04:48:39","slug":"2015-eleccion-definitoria","status":"publish","type":"post","link":"https:\/\/lospoliticosveracruz.com\/?p=14937","title":{"rendered":"2015 elecci\u00f3n definitoria"},"content":{"rendered":"<p><a href=\"http:\/\/www.lospoliticosveracruz.com.mx\/wp-content\/uploads\/2015\/02\/PRI-Camacho.jpeg\"><img loading=\"lazy\" decoding=\"async\" class=\"alignnone size-medium wp-image-14938\" src=\"http:\/\/www.lospoliticosveracruz.com.mx\/wp-content\/uploads\/2015\/02\/PRI-Camacho-300x243.jpeg\" alt=\"PRI Camacho\" width=\"300\" height=\"243\" \/><\/a><\/p>\n<p><strong>Rodrigo Montoya Rivera<\/strong><\/p>\n<p><em>Ideas<\/em><\/p>\n<p>&nbsp;<\/p>\n<p>Este 2015 habr\u00e1 elecciones para renovar la C\u00e1mara Baja del Congreso de la Uni\u00f3n conformada por 300 Diputados Federales de mayor\u00eda relativa y 200 m\u00e1s electos por el principio de representaci\u00f3n proporcional, es decir, los famosos plurinominales, integrantes de partido que ingresar\u00e1n al poder legislativo conforme el triunfo de los que se sometan al escrutinio p\u00fablico. De igual manera 9 estados renovar\u00e1n el Poder Ejecutivo, se cambiaran 17 Legislaturas locales y en 16 entidades federativas se elegir\u00e1n \u00a0Presidentes Municipales. En el caso del Distrito Federal se encuentran en juego 16 delegaciones.<\/p>\n<p>Interesante resulta esta elecci\u00f3n la cual se llevar\u00e1 a cabo bajo nuevas reglas que vigilar\u00e1 el Instituto Nacional Electoral, resaltando por ejemplo la paridad de g\u00e9nero en las candidaturas para cargos legislativos, el cumplimiento con las cuotas de j\u00f3venes y la incursi\u00f3n de ciudadanos para competir de manera independiente por cargos sin la necesidad de ser abanderados por un instituto pol\u00edtico.<\/p>\n<p>En el caso de los 9 estados que renovar\u00e1n la m\u00e1xima magistratura Sonora y Baja California Sur son gobernador por el Partido Acci\u00f3n Nacional mientras que Nuevo Le\u00f3n, San Luis Potos\u00ed, Quer\u00e9taro, Michoac\u00e1n, Colima y Campeche son gobernados por el Partido Revolucionario Institucional y Guerrero por un interino.<\/p>\n<p>En los casos de Michoac\u00e1n y Guerrero las elecciones se vislumbran complejas debido a los acontecimientos de violencia que se han visto a nivel nacional en estos 2 estados del pa\u00eds uno gobernado en un principio por el Partido Revolucionario Institucional en la figura de Fausto Vallejo Figueroa el cual pidi\u00f3 licencia despu\u00e9s de problemas de salud y la presunta vinculaci\u00f3n de familiares y colaboradores con miembros del cartel dirigido por \u00abLa Tuta\u00bb mientras que en Guerrero los incidentes relacionados con el alcalde de Iguala Jos\u00e9 Luis Abarca y su esposa, en la desaparici\u00f3n de 43 estudiantes normalistas de Ayotzinapa, deja al descubierto la corrupci\u00f3n e impunidad de muchos funcionarios locales de aquella entidad emanados del sol azteca.<\/p>\n<p>La elecci\u00f3n de este a\u00f1o es muy importante para el jefe del ejecutivo quien necesitar\u00e1 la mayor\u00eda de Diputados Federales en la segunda mitad de su sexenio para poner en marcha una agenda legislativa que le permita empatar con su plan de gobierno en lo que queda al frente de su administraci\u00f3n. Igualmente importante ser\u00e1 para el Presidente recuperar Baja California Sur y Sonora tierra del Diputado Federal Manlio Fabio Beltrones Rivera y que decir de conservar Michoac\u00e1n donde el Perredista Silvano Aureoles buscar\u00e1 arrebatar el triunfo al popular Senador \u00a0Chon Orihuela, quien alguna vez visitar\u00e1 en sus oficinas de Ruiz Cortines y Francisco Moreno a Yunes Landa cuando \u00e9ste se desempe\u00f1aba como Presidente del CDE del PRI.<\/p>\n<p>Si bien es cierto al partido en el poder le han salido bien las cosas producto de la cohesi\u00f3n interna que existe en ese instituto pol\u00edtico a diferencia del PRD y sus tribus o del PAN y sus constantes diferencias entre la dirigencia nacional y los llamados \u00abCalderonistas\u00bb, el PRI debe buscar que sus candidatos resulten los mejores a la hora de asumir sus encargos ya que \u00a02015 es el a\u00f1o electoral mas importante para el presidente en cuanto a su proyecto de gobierno, pero 2016, 2017 y 2018 ser\u00e1n de suma relevancia para que el partido de Plutarco El\u00edas Calles y Miguel Alem\u00e1n Vald\u00e9s contin\u00faen con el poder presidencial.<\/p>\n<p>En el caso de las entidades en las que habr\u00e1 elecciones el pr\u00f3ximo a\u00f1o, los jerarcas del tricolor deber\u00e1n tomar en cuenta el liderazgo de sus aspirantes, sus antecedentes, su curr\u00edculo como carta de presentaci\u00f3n pero sobre todo quienes son los m\u00e1s preparados para poder a aspirar con verdaderas posibilidades a una gubernatura de estados importantes electoralmente \u00a0como el caso de Veracruz por ejemplo.<\/p>\n<p>L\u00e9eme en: www.rodrigomontoya.com.mx<br \/>\nTwitter: @RodrigoMontoyaR<br \/>\nComentarios: rodrigomontoya91@gmail.com<\/p>\n","protected":false},"excerpt":{"rendered":"<p>Rodrigo Montoya Rivera Ideas &nbsp; Este 2015 habr\u00e1 elecciones para renovar la C\u00e1mara Baja del Congreso de la Uni\u00f3n conformada por 300 Diputados Federales de mayor\u00eda relativa y 200 m\u00e1s electos por el principio de representaci\u00f3n proporcional, es decir, los famosos plurinominales, integrantes de partido que ingresar\u00e1n al poder legislativo conforme el triunfo de los [&hellip;]<\/p>\n","protected":false},"author":2,"featured_media":0,"comment_status":"open","ping_status":"open","sticky":false,"template":"","format":"standard","meta":{"tdm_status":"","tdm_grid_status":"","footnotes":""},"categories":[70],"tags":[1816,1818,792,1817,251],"class_list":{"0":"post-14937","1":"post","2":"type-post","3":"status-publish","4":"format-standard","6":"category-de-opinion","7":"tag-camara-baja-del-congreso-de-la-union","8":"tag-candidatos","9":"tag-diputados-federales","10":"tag-plurinominales","11":"tag-pri"},"yoast_head":"<!-- This site is optimized with the Yoast SEO plugin v27.4 - https:\/\/yoast.com\/product\/yoast-seo-wordpress\/ -->\n<title>2015 elecci\u00f3n definitoria - Los pol\u00edticos Veracruz<\/title>\n<meta name=\"robots\" content=\"index, follow, max-snippet:-1, max-image-preview:large, max-video-preview:-1\" \/>\n<link rel=\"canonical\" href=\"https:\/\/lospoliticosveracruz.com\/?p=14937\" \/>\n<meta property=\"og:locale\" content=\"es_ES\" \/>\n<meta property=\"og:type\" content=\"article\" \/>\n<meta property=\"og:title\" content=\"2015 elecci\u00f3n definitoria - Los pol\u00edticos Veracruz\" \/>\n<meta property=\"og:description\" content=\"Rodrigo Montoya Rivera Ideas &nbsp; Este 2015 habr\u00e1 elecciones para renovar la C\u00e1mara Baja del Congreso de la Uni\u00f3n conformada por 300 Diputados Federales de mayor\u00eda relativa y 200 m\u00e1s electos por el principio de representaci\u00f3n proporcional, es decir, los famosos plurinominales, integrantes de partido que ingresar\u00e1n al poder legislativo conforme el triunfo de los [&hellip;]\" \/>\n<meta property=\"og:url\" content=\"https:\/\/lospoliticosveracruz.com\/?p=14937\" \/>\n<meta property=\"og:site_name\" content=\"Los pol\u00edticos Veracruz\" \/>\n<meta property=\"article:publisher\" content=\"https:\/\/www.facebook.com\/people\/Notimemes-de-los-Polticos\/61565672886568\/\" \/>\n<meta property=\"article:published_time\" content=\"2015-02-16T04:48:39+00:00\" \/>\n<meta property=\"og:image\" content=\"http:\/\/www.lospoliticosveracruz.com.mx\/wp-content\/uploads\/2015\/02\/PRI-Camacho-300x243.jpeg\" \/>\n<meta name=\"author\" content=\"Lo viste en Los Pol\u00edticos\" \/>\n<meta name=\"twitter:card\" content=\"summary_large_image\" \/>\n<meta name=\"twitter:creator\" content=\"@LosPoliticosVer\" \/>\n<meta name=\"twitter:site\" content=\"@LosPoliticosVer\" \/>\n<meta name=\"twitter:label1\" content=\"Escrito por\" \/>\n\t<meta name=\"twitter:data1\" content=\"Lo viste en Los Pol\u00edticos\" \/>\n\t<meta name=\"twitter:label2\" content=\"Tiempo de lectura\" \/>\n\t<meta name=\"twitter:data2\" content=\"3 minutos\" \/>\n<script type=\"application\/ld+json\" class=\"yoast-schema-graph\">{\"@context\":\"https:\\\/\\\/schema.org\",\"@graph\":[{\"@type\":\"Article\",\"@id\":\"https:\\\/\\\/lospoliticosveracruz.com\\\/?p=14937#article\",\"isPartOf\":{\"@id\":\"https:\\\/\\\/lospoliticosveracruz.com\\\/?p=14937\"},\"author\":{\"name\":\"Lo viste en Los Pol\u00edticos\",\"@id\":\"https:\\\/\\\/lospoliticosveracruz.com\\\/#\\\/schema\\\/person\\\/b8702bb0e538456e6efd07080bf2a4a2\"},\"headline\":\"2015 elecci\u00f3n definitoria\",\"datePublished\":\"2015-02-16T04:48:39+00:00\",\"mainEntityOfPage\":{\"@id\":\"https:\\\/\\\/lospoliticosveracruz.com\\\/?p=14937\"},\"wordCount\":663,\"commentCount\":0,\"publisher\":{\"@id\":\"https:\\\/\\\/lospoliticosveracruz.com\\\/#organization\"},\"image\":{\"@id\":\"https:\\\/\\\/lospoliticosveracruz.com\\\/?p=14937#primaryimage\"},\"thumbnailUrl\":\"http:\\\/\\\/www.lospoliticosveracruz.com.mx\\\/wp-content\\\/uploads\\\/2015\\\/02\\\/PRI-Camacho-300x243.jpeg\",\"keywords\":[\"C\u00e1mara Baja del Congreso de la Uni\u00f3n\",\"candidatos\",\"Diputados Federales\",\"plurinominales\",\"PRI\"],\"articleSection\":[\"De Opini\u00f3n\"],\"inLanguage\":\"es\",\"potentialAction\":[{\"@type\":\"CommentAction\",\"name\":\"Comment\",\"target\":[\"https:\\\/\\\/lospoliticosveracruz.com\\\/?p=14937#respond\"]}]},{\"@type\":\"WebPage\",\"@id\":\"https:\\\/\\\/lospoliticosveracruz.com\\\/?p=14937\",\"url\":\"https:\\\/\\\/lospoliticosveracruz.com\\\/?p=14937\",\"name\":\"2015 elecci\u00f3n definitoria - Los pol\u00edticos Veracruz\",\"isPartOf\":{\"@id\":\"https:\\\/\\\/lospoliticosveracruz.com\\\/#website\"},\"primaryImageOfPage\":{\"@id\":\"https:\\\/\\\/lospoliticosveracruz.com\\\/?p=14937#primaryimage\"},\"image\":{\"@id\":\"https:\\\/\\\/lospoliticosveracruz.com\\\/?p=14937#primaryimage\"},\"thumbnailUrl\":\"http:\\\/\\\/www.lospoliticosveracruz.com.mx\\\/wp-content\\\/uploads\\\/2015\\\/02\\\/PRI-Camacho-300x243.jpeg\",\"datePublished\":\"2015-02-16T04:48:39+00:00\",\"breadcrumb\":{\"@id\":\"https:\\\/\\\/lospoliticosveracruz.com\\\/?p=14937#breadcrumb\"},\"inLanguage\":\"es\",\"potentialAction\":[{\"@type\":\"ReadAction\",\"target\":[\"https:\\\/\\\/lospoliticosveracruz.com\\\/?p=14937\"]}]},{\"@type\":\"ImageObject\",\"inLanguage\":\"es\",\"@id\":\"https:\\\/\\\/lospoliticosveracruz.com\\\/?p=14937#primaryimage\",\"url\":\"http:\\\/\\\/www.lospoliticosveracruz.com.mx\\\/wp-content\\\/uploads\\\/2015\\\/02\\\/PRI-Camacho-300x243.jpeg\",\"contentUrl\":\"http:\\\/\\\/www.lospoliticosveracruz.com.mx\\\/wp-content\\\/uploads\\\/2015\\\/02\\\/PRI-Camacho-300x243.jpeg\"},{\"@type\":\"BreadcrumbList\",\"@id\":\"https:\\\/\\\/lospoliticosveracruz.com\\\/?p=14937#breadcrumb\",\"itemListElement\":[{\"@type\":\"ListItem\",\"position\":1,\"name\":\"Portada\",\"item\":\"https:\\\/\\\/lospoliticosveracruz.com\\\/\"},{\"@type\":\"ListItem\",\"position\":2,\"name\":\"2015 elecci\u00f3n definitoria\"}]},{\"@type\":\"WebSite\",\"@id\":\"https:\\\/\\\/lospoliticosveracruz.com\\\/#website\",\"url\":\"https:\\\/\\\/lospoliticosveracruz.com\\\/\",\"name\":\"Los pol\u00edticos Veracruz\",\"description\":\"\",\"publisher\":{\"@id\":\"https:\\\/\\\/lospoliticosveracruz.com\\\/#organization\"},\"potentialAction\":[{\"@type\":\"SearchAction\",\"target\":{\"@type\":\"EntryPoint\",\"urlTemplate\":\"https:\\\/\\\/lospoliticosveracruz.com\\\/?s={search_term_string}\"},\"query-input\":{\"@type\":\"PropertyValueSpecification\",\"valueRequired\":true,\"valueName\":\"search_term_string\"}}],\"inLanguage\":\"es\"},{\"@type\":\"Organization\",\"@id\":\"https:\\\/\\\/lospoliticosveracruz.com\\\/#organization\",\"name\":\"Los pol\u00edticos Veracruz\",\"url\":\"https:\\\/\\\/lospoliticosveracruz.com\\\/\",\"logo\":{\"@type\":\"ImageObject\",\"inLanguage\":\"es\",\"@id\":\"https:\\\/\\\/lospoliticosveracruz.com\\\/#\\\/schema\\\/logo\\\/image\\\/\",\"url\":\"https:\\\/\\\/lospoliticosveracruz.com\\\/wp-content\\\/uploads\\\/2025\\\/12\\\/Logo-Nuevo-LOS-POLITICOS-1.jpg\",\"contentUrl\":\"https:\\\/\\\/lospoliticosveracruz.com\\\/wp-content\\\/uploads\\\/2025\\\/12\\\/Logo-Nuevo-LOS-POLITICOS-1.jpg\",\"width\":260,\"height\":70,\"caption\":\"Los pol\u00edticos Veracruz\"},\"image\":{\"@id\":\"https:\\\/\\\/lospoliticosveracruz.com\\\/#\\\/schema\\\/logo\\\/image\\\/\"},\"sameAs\":[\"https:\\\/\\\/www.facebook.com\\\/people\\\/Notimemes-de-los-Polticos\\\/61565672886568\\\/\",\"https:\\\/\\\/x.com\\\/LosPoliticosVer\"]},{\"@type\":\"Person\",\"@id\":\"https:\\\/\\\/lospoliticosveracruz.com\\\/#\\\/schema\\\/person\\\/b8702bb0e538456e6efd07080bf2a4a2\",\"name\":\"Lo viste en Los Pol\u00edticos\",\"image\":{\"@type\":\"ImageObject\",\"inLanguage\":\"es\",\"@id\":\"https:\\\/\\\/secure.gravatar.com\\\/avatar\\\/3a8de04a2656d44082be478bd6c086daa447c4651605818287b9532d3d0bd435?s=96&d=mm&r=g\",\"url\":\"https:\\\/\\\/secure.gravatar.com\\\/avatar\\\/3a8de04a2656d44082be478bd6c086daa447c4651605818287b9532d3d0bd435?s=96&d=mm&r=g\",\"contentUrl\":\"https:\\\/\\\/secure.gravatar.com\\\/avatar\\\/3a8de04a2656d44082be478bd6c086daa447c4651605818287b9532d3d0bd435?s=96&d=mm&r=g\",\"caption\":\"Lo viste en Los Pol\u00edticos\"},\"url\":\"https:\\\/\\\/lospoliticosveracruz.com\\\/?author=2\"}]}<\/script>\n<!-- \/ Yoast SEO plugin. -->","yoast_head_json":{"title":"2015 elecci\u00f3n definitoria - Los pol\u00edticos Veracruz","robots":{"index":"index","follow":"follow","max-snippet":"max-snippet:-1","max-image-preview":"max-image-preview:large","max-video-preview":"max-video-preview:-1"},"canonical":"https:\/\/lospoliticosveracruz.com\/?p=14937","og_locale":"es_ES","og_type":"article","og_title":"2015 elecci\u00f3n definitoria - Los pol\u00edticos Veracruz","og_description":"Rodrigo Montoya Rivera Ideas &nbsp; Este 2015 habr\u00e1 elecciones para renovar la C\u00e1mara Baja del Congreso de la Uni\u00f3n conformada por 300 Diputados Federales de mayor\u00eda relativa y 200 m\u00e1s electos por el principio de representaci\u00f3n proporcional, es decir, los famosos plurinominales, integrantes de partido que ingresar\u00e1n al poder legislativo conforme el triunfo de los [&hellip;]","og_url":"https:\/\/lospoliticosveracruz.com\/?p=14937","og_site_name":"Los pol\u00edticos Veracruz","article_publisher":"https:\/\/www.facebook.com\/people\/Notimemes-de-los-Polticos\/61565672886568\/","article_published_time":"2015-02-16T04:48:39+00:00","og_image":[{"url":"http:\/\/www.lospoliticosveracruz.com.mx\/wp-content\/uploads\/2015\/02\/PRI-Camacho-300x243.jpeg","type":"","width":"","height":""}],"author":"Lo viste en Los Pol\u00edticos","twitter_card":"summary_large_image","twitter_creator":"@LosPoliticosVer","twitter_site":"@LosPoliticosVer","twitter_misc":{"Escrito por":"Lo viste en Los Pol\u00edticos","Tiempo de lectura":"3 minutos"},"schema":{"@context":"https:\/\/schema.org","@graph":[{"@type":"Article","@id":"https:\/\/lospoliticosveracruz.com\/?p=14937#article","isPartOf":{"@id":"https:\/\/lospoliticosveracruz.com\/?p=14937"},"author":{"name":"Lo viste en Los Pol\u00edticos","@id":"https:\/\/lospoliticosveracruz.com\/#\/schema\/person\/b8702bb0e538456e6efd07080bf2a4a2"},"headline":"2015 elecci\u00f3n definitoria","datePublished":"2015-02-16T04:48:39+00:00","mainEntityOfPage":{"@id":"https:\/\/lospoliticosveracruz.com\/?p=14937"},"wordCount":663,"commentCount":0,"publisher":{"@id":"https:\/\/lospoliticosveracruz.com\/#organization"},"image":{"@id":"https:\/\/lospoliticosveracruz.com\/?p=14937#primaryimage"},"thumbnailUrl":"http:\/\/www.lospoliticosveracruz.com.mx\/wp-content\/uploads\/2015\/02\/PRI-Camacho-300x243.jpeg","keywords":["C\u00e1mara Baja del Congreso de la Uni\u00f3n","candidatos","Diputados Federales","plurinominales","PRI"],"articleSection":["De Opini\u00f3n"],"inLanguage":"es","potentialAction":[{"@type":"CommentAction","name":"Comment","target":["https:\/\/lospoliticosveracruz.com\/?p=14937#respond"]}]},{"@type":"WebPage","@id":"https:\/\/lospoliticosveracruz.com\/?p=14937","url":"https:\/\/lospoliticosveracruz.com\/?p=14937","name":"2015 elecci\u00f3n definitoria - Los pol\u00edticos Veracruz","isPartOf":{"@id":"https:\/\/lospoliticosveracruz.com\/#website"},"primaryImageOfPage":{"@id":"https:\/\/lospoliticosveracruz.com\/?p=14937#primaryimage"},"image":{"@id":"https:\/\/lospoliticosveracruz.com\/?p=14937#primaryimage"},"thumbnailUrl":"http:\/\/www.lospoliticosveracruz.com.mx\/wp-content\/uploads\/2015\/02\/PRI-Camacho-300x243.jpeg","datePublished":"2015-02-16T04:48:39+00:00","breadcrumb":{"@id":"https:\/\/lospoliticosveracruz.com\/?p=14937#breadcrumb"},"inLanguage":"es","potentialAction":[{"@type":"ReadAction","target":["https:\/\/lospoliticosveracruz.com\/?p=14937"]}]},{"@type":"ImageObject","inLanguage":"es","@id":"https:\/\/lospoliticosveracruz.com\/?p=14937#primaryimage","url":"http:\/\/www.lospoliticosveracruz.com.mx\/wp-content\/uploads\/2015\/02\/PRI-Camacho-300x243.jpeg","contentUrl":"http:\/\/www.lospoliticosveracruz.com.mx\/wp-content\/uploads\/2015\/02\/PRI-Camacho-300x243.jpeg"},{"@type":"BreadcrumbList","@id":"https:\/\/lospoliticosveracruz.com\/?p=14937#breadcrumb","itemListElement":[{"@type":"ListItem","position":1,"name":"Portada","item":"https:\/\/lospoliticosveracruz.com\/"},{"@type":"ListItem","position":2,"name":"2015 elecci\u00f3n definitoria"}]},{"@type":"WebSite","@id":"https:\/\/lospoliticosveracruz.com\/#website","url":"https:\/\/lospoliticosveracruz.com\/","name":"Los pol\u00edticos Veracruz","description":"","publisher":{"@id":"https:\/\/lospoliticosveracruz.com\/#organization"},"potentialAction":[{"@type":"SearchAction","target":{"@type":"EntryPoint","urlTemplate":"https:\/\/lospoliticosveracruz.com\/?s={search_term_string}"},"query-input":{"@type":"PropertyValueSpecification","valueRequired":true,"valueName":"search_term_string"}}],"inLanguage":"es"},{"@type":"Organization","@id":"https:\/\/lospoliticosveracruz.com\/#organization","name":"Los pol\u00edticos Veracruz","url":"https:\/\/lospoliticosveracruz.com\/","logo":{"@type":"ImageObject","inLanguage":"es","@id":"https:\/\/lospoliticosveracruz.com\/#\/schema\/logo\/image\/","url":"https:\/\/lospoliticosveracruz.com\/wp-content\/uploads\/2025\/12\/Logo-Nuevo-LOS-POLITICOS-1.jpg","contentUrl":"https:\/\/lospoliticosveracruz.com\/wp-content\/uploads\/2025\/12\/Logo-Nuevo-LOS-POLITICOS-1.jpg","width":260,"height":70,"caption":"Los pol\u00edticos Veracruz"},"image":{"@id":"https:\/\/lospoliticosveracruz.com\/#\/schema\/logo\/image\/"},"sameAs":["https:\/\/www.facebook.com\/people\/Notimemes-de-los-Polticos\/61565672886568\/","https:\/\/x.com\/LosPoliticosVer"]},{"@type":"Person","@id":"https:\/\/lospoliticosveracruz.com\/#\/schema\/person\/b8702bb0e538456e6efd07080bf2a4a2","name":"Lo viste en Los Pol\u00edticos","image":{"@type":"ImageObject","inLanguage":"es","@id":"https:\/\/secure.gravatar.com\/avatar\/3a8de04a2656d44082be478bd6c086daa447c4651605818287b9532d3d0bd435?s=96&d=mm&r=g","url":"https:\/\/secure.gravatar.com\/avatar\/3a8de04a2656d44082be478bd6c086daa447c4651605818287b9532d3d0bd435?s=96&d=mm&r=g","contentUrl":"https:\/\/secure.gravatar.com\/avatar\/3a8de04a2656d44082be478bd6c086daa447c4651605818287b9532d3d0bd435?s=96&d=mm&r=g","caption":"Lo viste en Los Pol\u00edticos"},"url":"https:\/\/lospoliticosveracruz.com\/?author=2"}]}},"_links":{"self":[{"href":"https:\/\/lospoliticosveracruz.com\/index.php?rest_route=\/wp\/v2\/posts\/14937","targetHints":{"allow":["GET"]}}],"collection":[{"href":"https:\/\/lospoliticosveracruz.com\/index.php?rest_route=\/wp\/v2\/posts"}],"about":[{"href":"https:\/\/lospoliticosveracruz.com\/index.php?rest_route=\/wp\/v2\/types\/post"}],"author":[{"embeddable":true,"href":"https:\/\/lospoliticosveracruz.com\/index.php?rest_route=\/wp\/v2\/users\/2"}],"replies":[{"embeddable":true,"href":"https:\/\/lospoliticosveracruz.com\/index.php?rest_route=%2Fwp%2Fv2%2Fcomments&post=14937"}],"version-history":[{"count":1,"href":"https:\/\/lospoliticosveracruz.com\/index.php?rest_route=\/wp\/v2\/posts\/14937\/revisions"}],"predecessor-version":[{"id":14939,"href":"https:\/\/lospoliticosveracruz.com\/index.php?rest_route=\/wp\/v2\/posts\/14937\/revisions\/14939"}],"wp:attachment":[{"href":"https:\/\/lospoliticosveracruz.com\/index.php?rest_route=%2Fwp%2Fv2%2Fmedia&parent=14937"}],"wp:term":[{"taxonomy":"category","embeddable":true,"href":"https:\/\/lospoliticosveracruz.com\/index.php?rest_route=%2Fwp%2Fv2%2Fcategories&post=14937"},{"taxonomy":"post_tag","embeddable":true,"href":"https:\/\/lospoliticosveracruz.com\/index.php?rest_route=%2Fwp%2Fv2%2Ftags&post=14937"}],"curies":[{"name":"wp","href":"https:\/\/api.w.org\/{rel}","templated":true}]}}