{"id":149385,"date":"2025-07-24T07:15:17","date_gmt":"2025-07-24T12:15:17","guid":{"rendered":"https:\/\/lospoliticosveracruz.com.mx\/?p=149385"},"modified":"2025-07-24T07:15:26","modified_gmt":"2025-07-24T12:15:26","slug":"curp-ya-es-documento-oficial","status":"publish","type":"post","link":"https:\/\/lospoliticosveracruz.com\/?p=149385","title":{"rendered":"CURP YA ES DOCUMENTO OFICIAL"},"content":{"rendered":"\n\n\n<p><br><strong>Fanny Y\u00e9pez<\/strong><br><em>La Columna<\/em><\/p>\n\n\n\n<p>La Clave \u00danica de Registro de Poblaci\u00f3n (CURP) en M\u00e9xico tiene aspectos tanto positivos como negativos. Entre las ventajas, facilita tr\u00e1mites y acceso a servicios, unifica la identidad y puede combatir la delincuencia. Sin embargo, existen preocupaciones sobre la seguridad de los datos biom\u00e9tricos, el riesgo de exclusi\u00f3n social y la vigilancia masiva o que estos datos importantes se filtren a organizaciones delictivas.<\/p>\n\n\n\n\n\n<p>Ahora se confirma que la CURP biom\u00e9trica ya es documento oficial en M\u00e9xico. Esta nueva versi\u00f3n de la Clave \u00danica de Registro de Poblaci\u00f3n ser\u00e1 un documento de identificaci\u00f3n necesario, para realizar tr\u00e1mites y servicios en M\u00e9xico, como la inscripci\u00f3n a programas sociales, tr\u00e1mites bancarios, inscripciones escolares, atenci\u00f3n m\u00e9dica en el sector p\u00fablico, entre otros.<\/p>\n\n\n\n<p>El documento de identidad incluir\u00e1 la fotograf\u00eda, las huellas dactilares y el escaneo del iris del titular, conforme al decreto publicado el mi\u00e9rcoles 16 de julio en el Diario Oficial de la Federaci\u00f3n (DOF).<\/p>\n\n\n\n<p>La CURP biom\u00e9trica obligatoria responde a la Ley General en Materia de Desaparici\u00f3n Forzada, una de las reformas clave recientemente aprobadas por el actual gobierno, orientada a fortalecer los mecanismos de b\u00fasqueda de personas. Adem\u00e1s, al adquirir la categor\u00eda de documento de identidad, todos los entes p\u00fablicos y privados deber\u00e1n aceptarla para realizar tr\u00e1mites o prestar servicios.<\/p>\n\n\n\n<p>La implementaci\u00f3n de la CURP biom\u00e9trica ser\u00e1 gradual. Se estima que para enero de 2026 el proceso se abrir\u00e1 al p\u00fablico en general, en m\u00f3dulos del Registro Civil y otras oficinas habilitadas en todo el territorio nacional.<\/p>\n\n\n\n<p>A partir del 16 de octubre, los ciudadanos podr\u00e1n registrar su CURP biom\u00e9trica de manera voluntaria bajo dos modalidades, inform\u00f3 la Secretar\u00eda de Gobernaci\u00f3n (Segob).<\/p>\n\n\n\n<p>Adultos y menores de edad elegir\u00e1n entran que acudir a uno de los 145 m\u00f3dulos que operar\u00e1n en todo el Pa\u00eds y a las oficinas centrales del Registro Nacional de Poblaci\u00f3n de Identidad (Renapo) o, bien, optar por el tr\u00e1mite en l\u00ednea mediante la plataforma Llave MX.<\/p>\n\n\n\n<p>La titular de la Segob, Rosa Icela Rodr\u00edguez, inform\u00f3 que el documento con datos biom\u00e9tricos y fotograf\u00eda no ser\u00e1 un requisito obligado para la ciudadan\u00eda -ni\u00f1os incluidos- sino un imperativo para los entes p\u00fablicos y privados, quienes deber\u00e1n pedir y reconocer los 18 caracteres alfanum\u00e9ricos de identificaci\u00f3n.<\/p>\n\n\n\n<p>\u00abLa CURP biom\u00e9trica no es obligatoria, se estar\u00e1 tomando de manera gradual a los ciudadanos. Tampoco tendr\u00e1 un costo en los m\u00f3dulos de los registros civiles. Los entes p\u00fablicos y privados tendr\u00e1n la obligaci\u00f3n de pedir la CURP, que son los 18 caracteres como documento primario, pero la CURP biom\u00e9trica ser\u00e1 solamente una actualizaci\u00f3n\u00bb, dijo Rodr\u00edguez en conferencia.<\/p>\n\n\n\n<p>Arturo Arce, director general del Renapo, dijo que cada ciudadano deber\u00e1 elegir voluntariamente el m\u00e9todo que utilizar\u00e1para actualizar su CURP, ya sea de manera presencial o en l\u00ednea.<\/p>\n\n\n\n<p>La segunda opci\u00f3n, explic\u00f3, se dar\u00e1 mediante la plataforma Llave MX, donde las personas permitir\u00e1n realizar una confronta de datos que previamente entregaron a otra instituci\u00f3n, como el SAT o la SRE durante el tr\u00e1mite de pasaporte, y dar\u00e1n su consentimiento para que los utilice la Renapo.<\/p>\n\n\n\n<p>Los adultos que decidan hacer la conversi\u00f3n deber\u00e1n acudir a los m\u00f3dulos con una CURP certificada y una identificaci\u00f3n; mientras que los ni\u00f1os y adolescentes menores de 18 a\u00f1os tendr\u00e1n que presentar su CURP, una credencial del padre o tutor y su registro estar\u00e1 obligatoriamente ligado a los biom\u00e9tricos de sus padres.<\/p>\n\n\n\n<p>Ventajas de la CURP:<br>Facilita tr\u00e1mites y acceso a servicios:<br>La CURP es necesaria para diversos tr\u00e1mites y servicios, como declaraciones de impuestos, registros escolares, solicitudes de empleo, y acceso a servicios de salud.<\/p>\n\n\n\n<p>La CURP biom\u00e9trica, al incluir datos como huellas dactilares, fotograf\u00eda y firma digital, busca crear un identificador \u00fanico para cada ciudadano, lo que podr\u00eda facilitar la identificaci\u00f3n y reducir la suplantaci\u00f3n de identidad.<\/p>\n\n\n\n<p>Combate la delincuencia:<br>Se ha argumentado que la CURP, especialmente con datos biom\u00e9tricos, puede ayudar a combatir delitos como el secuestro, extorsi\u00f3n y robo de identidad al dificultar el anonimato en l\u00ednea y vincular la CURP a l\u00edneas telef\u00f3nicas.<\/p>\n\n\n\n<p>Modernizaci\u00f3n del sistema:<br>La implementaci\u00f3n de la CURP biom\u00e9trica forma parte de un esfuerzo m\u00e1s amplio para modernizar el sistema de registro e identidad en M\u00e9xico, lo que podr\u00eda mejorar la eficiencia y seguridad de diversos tr\u00e1mites.<\/p>\n\n\n\n<p>Desventajas de la CURP:<br>Vulnerabilidad de los datos biom\u00e9tricos:<br>La centralizaci\u00f3n de datos biom\u00e9tricos bajo una sola entidad gubernamental crea un punto \u00fanico de ataque, y la posibilidad de filtraci\u00f3n de estos datos es preocupante porque son dif\u00edciles de modificar o reemplazar.<\/p>\n\n\n\n<p>Riesgo de exclusi\u00f3n social:<br>La obligatoriedad del registro, especialmente con la CURP biom\u00e9trica, podr\u00eda excluir a personas que no puedan acceder a este nuevo sistema, afectando especialmente a sectores vulnerables.<br>Vigilancia masiva:<br>La posibilidad de compartir datos de la CURP con diversas entidades p\u00fablicas y privadas, sin controles claros, genera preocupaci\u00f3n sobre la vigilancia masiva y la posibilidad de que se utilice para monitorear actividades personales.<\/p>\n\n\n\n<p>Falta de transparencia y controles:<br>La falta de leyes claras y mecanismos de gobernanza, para proteger los datos personales y evitar abusos o mal manejo de la informaci\u00f3n biom\u00e9trica es una preocupaci\u00f3n importante.<\/p>\n\n\n\n<p>\u00bfQu\u00e9 pasa si no la aceptan como identificaci\u00f3n oficial?<br>Las instituciones p\u00fablicas o privadas que se nieguen a aceptar la CURP biom\u00e9trica como documento de identificaci\u00f3n oficial, podr\u00edan hacerse acreedoras a multas de 10.000 a 20.000 UMAs, es decir, hasta de 2 millones de pesos.<\/p>\n\n\n\n<p>En resumen, la CURP tiene el potencial de mejorar la eficiencia y seguridad de tr\u00e1mites y servicios, pero es crucial garantizar la protecci\u00f3n de los datos biom\u00e9tricos, prevenir la exclusi\u00f3n social y establecer controles adecuados para evitar abusos de vigilancia.<\/p>\n","protected":false},"excerpt":{"rendered":"<p>Fanny Y\u00e9pezLa Columna La Clave \u00danica de Registro de Poblaci\u00f3n (CURP) en M\u00e9xico tiene aspectos tanto positivos como negativos. Entre las ventajas, facilita tr\u00e1mites y acceso a servicios, unifica la identidad y puede combatir la delincuencia. Sin embargo, existen preocupaciones sobre la seguridad de los datos biom\u00e9tricos, el riesgo de exclusi\u00f3n social y la vigilancia [&hellip;]<\/p>\n","protected":false},"author":2,"featured_media":141383,"comment_status":"closed","ping_status":"closed","sticky":false,"template":"","format":"standard","meta":{"tdm_status":"","tdm_grid_status":"","footnotes":""},"categories":[70],"tags":[44652,19576,3157],"class_list":{"0":"post-149385","1":"post","2":"type-post","3":"status-publish","4":"format-standard","5":"has-post-thumbnail","7":"category-de-opinion","8":"tag-curp-biometrica","9":"tag-rosa-icela-rodriguez","10":"tag-segob"},"yoast_head":"<!-- This site is optimized with the Yoast SEO plugin v27.4 - https:\/\/yoast.com\/product\/yoast-seo-wordpress\/ -->\n<title>CURP YA ES DOCUMENTO OFICIAL - Los pol\u00edticos Veracruz<\/title>\n<meta name=\"robots\" content=\"index, follow, max-snippet:-1, max-image-preview:large, max-video-preview:-1\" \/>\n<link rel=\"canonical\" href=\"https:\/\/lospoliticosveracruz.com\/?p=149385\" \/>\n<meta property=\"og:locale\" content=\"es_ES\" \/>\n<meta property=\"og:type\" content=\"article\" \/>\n<meta property=\"og:title\" content=\"CURP YA ES DOCUMENTO OFICIAL - Los pol\u00edticos Veracruz\" \/>\n<meta property=\"og:description\" content=\"Fanny Y\u00e9pezLa Columna La Clave \u00danica de Registro de Poblaci\u00f3n (CURP) en M\u00e9xico tiene aspectos tanto positivos como negativos. Entre las ventajas, facilita tr\u00e1mites y acceso a servicios, unifica la identidad y puede combatir la delincuencia. Sin embargo, existen preocupaciones sobre la seguridad de los datos biom\u00e9tricos, el riesgo de exclusi\u00f3n social y la vigilancia [&hellip;]\" \/>\n<meta property=\"og:url\" content=\"https:\/\/lospoliticosveracruz.com\/?p=149385\" \/>\n<meta property=\"og:site_name\" content=\"Los pol\u00edticos Veracruz\" \/>\n<meta property=\"article:publisher\" content=\"https:\/\/www.facebook.com\/people\/Notimemes-de-los-Polticos\/61565672886568\/\" \/>\n<meta property=\"article:published_time\" content=\"2025-07-24T12:15:17+00:00\" \/>\n<meta property=\"article:modified_time\" content=\"2025-07-24T12:15:26+00:00\" \/>\n<meta property=\"og:image\" content=\"https:\/\/lospoliticosveracruz.com\/wp-content\/uploads\/2025\/04\/Fanny-Yepez-Luna.jpg\" \/>\n\t<meta property=\"og:image:width\" content=\"1250\" \/>\n\t<meta property=\"og:image:height\" content=\"667\" \/>\n\t<meta property=\"og:image:type\" content=\"image\/jpeg\" \/>\n<meta name=\"author\" content=\"Lo viste en Los Pol\u00edticos\" \/>\n<meta name=\"twitter:card\" content=\"summary_large_image\" \/>\n<meta name=\"twitter:creator\" content=\"@LosPoliticosVer\" \/>\n<meta name=\"twitter:site\" content=\"@LosPoliticosVer\" \/>\n<meta name=\"twitter:label1\" content=\"Escrito por\" \/>\n\t<meta name=\"twitter:data1\" content=\"Lo viste en Los Pol\u00edticos\" \/>\n\t<meta name=\"twitter:label2\" content=\"Tiempo de lectura\" \/>\n\t<meta name=\"twitter:data2\" content=\"5 minutos\" \/>\n<script type=\"application\/ld+json\" class=\"yoast-schema-graph\">{\"@context\":\"https:\\\/\\\/schema.org\",\"@graph\":[{\"@type\":\"Article\",\"@id\":\"https:\\\/\\\/lospoliticosveracruz.com\\\/?p=149385#article\",\"isPartOf\":{\"@id\":\"https:\\\/\\\/lospoliticosveracruz.com\\\/?p=149385\"},\"author\":{\"name\":\"Lo viste en Los Pol\u00edticos\",\"@id\":\"https:\\\/\\\/lospoliticosveracruz.com\\\/#\\\/schema\\\/person\\\/b8702bb0e538456e6efd07080bf2a4a2\"},\"headline\":\"CURP YA ES DOCUMENTO OFICIAL\",\"datePublished\":\"2025-07-24T12:15:17+00:00\",\"dateModified\":\"2025-07-24T12:15:26+00:00\",\"mainEntityOfPage\":{\"@id\":\"https:\\\/\\\/lospoliticosveracruz.com\\\/?p=149385\"},\"wordCount\":1036,\"publisher\":{\"@id\":\"https:\\\/\\\/lospoliticosveracruz.com\\\/#organization\"},\"image\":{\"@id\":\"https:\\\/\\\/lospoliticosveracruz.com\\\/?p=149385#primaryimage\"},\"thumbnailUrl\":\"https:\\\/\\\/lospoliticosveracruz.com\\\/wp-content\\\/uploads\\\/2025\\\/04\\\/Fanny-Yepez-Luna-e1768657334923.jpg\",\"keywords\":[\"CURP biom\u00e9trica\",\"Rosa Icela Rodr\u00edguez\",\"Segob\"],\"articleSection\":[\"De Opini\u00f3n\"],\"inLanguage\":\"es\"},{\"@type\":\"WebPage\",\"@id\":\"https:\\\/\\\/lospoliticosveracruz.com\\\/?p=149385\",\"url\":\"https:\\\/\\\/lospoliticosveracruz.com\\\/?p=149385\",\"name\":\"CURP YA ES DOCUMENTO OFICIAL - Los pol\u00edticos Veracruz\",\"isPartOf\":{\"@id\":\"https:\\\/\\\/lospoliticosveracruz.com\\\/#website\"},\"primaryImageOfPage\":{\"@id\":\"https:\\\/\\\/lospoliticosveracruz.com\\\/?p=149385#primaryimage\"},\"image\":{\"@id\":\"https:\\\/\\\/lospoliticosveracruz.com\\\/?p=149385#primaryimage\"},\"thumbnailUrl\":\"https:\\\/\\\/lospoliticosveracruz.com\\\/wp-content\\\/uploads\\\/2025\\\/04\\\/Fanny-Yepez-Luna-e1768657334923.jpg\",\"datePublished\":\"2025-07-24T12:15:17+00:00\",\"dateModified\":\"2025-07-24T12:15:26+00:00\",\"breadcrumb\":{\"@id\":\"https:\\\/\\\/lospoliticosveracruz.com\\\/?p=149385#breadcrumb\"},\"inLanguage\":\"es\",\"potentialAction\":[{\"@type\":\"ReadAction\",\"target\":[\"https:\\\/\\\/lospoliticosveracruz.com\\\/?p=149385\"]}]},{\"@type\":\"ImageObject\",\"inLanguage\":\"es\",\"@id\":\"https:\\\/\\\/lospoliticosveracruz.com\\\/?p=149385#primaryimage\",\"url\":\"https:\\\/\\\/lospoliticosveracruz.com\\\/wp-content\\\/uploads\\\/2025\\\/04\\\/Fanny-Yepez-Luna-e1768657334923.jpg\",\"contentUrl\":\"https:\\\/\\\/lospoliticosveracruz.com\\\/wp-content\\\/uploads\\\/2025\\\/04\\\/Fanny-Yepez-Luna-e1768657334923.jpg\",\"width\":600,\"height\":320},{\"@type\":\"BreadcrumbList\",\"@id\":\"https:\\\/\\\/lospoliticosveracruz.com\\\/?p=149385#breadcrumb\",\"itemListElement\":[{\"@type\":\"ListItem\",\"position\":1,\"name\":\"Portada\",\"item\":\"https:\\\/\\\/lospoliticosveracruz.com\\\/\"},{\"@type\":\"ListItem\",\"position\":2,\"name\":\"CURP YA ES DOCUMENTO OFICIAL\"}]},{\"@type\":\"WebSite\",\"@id\":\"https:\\\/\\\/lospoliticosveracruz.com\\\/#website\",\"url\":\"https:\\\/\\\/lospoliticosveracruz.com\\\/\",\"name\":\"Los pol\u00edticos Veracruz\",\"description\":\"\",\"publisher\":{\"@id\":\"https:\\\/\\\/lospoliticosveracruz.com\\\/#organization\"},\"potentialAction\":[{\"@type\":\"SearchAction\",\"target\":{\"@type\":\"EntryPoint\",\"urlTemplate\":\"https:\\\/\\\/lospoliticosveracruz.com\\\/?s={search_term_string}\"},\"query-input\":{\"@type\":\"PropertyValueSpecification\",\"valueRequired\":true,\"valueName\":\"search_term_string\"}}],\"inLanguage\":\"es\"},{\"@type\":\"Organization\",\"@id\":\"https:\\\/\\\/lospoliticosveracruz.com\\\/#organization\",\"name\":\"Los pol\u00edticos Veracruz\",\"url\":\"https:\\\/\\\/lospoliticosveracruz.com\\\/\",\"logo\":{\"@type\":\"ImageObject\",\"inLanguage\":\"es\",\"@id\":\"https:\\\/\\\/lospoliticosveracruz.com\\\/#\\\/schema\\\/logo\\\/image\\\/\",\"url\":\"https:\\\/\\\/lospoliticosveracruz.com\\\/wp-content\\\/uploads\\\/2025\\\/12\\\/Logo-Nuevo-LOS-POLITICOS-1.jpg\",\"contentUrl\":\"https:\\\/\\\/lospoliticosveracruz.com\\\/wp-content\\\/uploads\\\/2025\\\/12\\\/Logo-Nuevo-LOS-POLITICOS-1.jpg\",\"width\":260,\"height\":70,\"caption\":\"Los pol\u00edticos Veracruz\"},\"image\":{\"@id\":\"https:\\\/\\\/lospoliticosveracruz.com\\\/#\\\/schema\\\/logo\\\/image\\\/\"},\"sameAs\":[\"https:\\\/\\\/www.facebook.com\\\/people\\\/Notimemes-de-los-Polticos\\\/61565672886568\\\/\",\"https:\\\/\\\/x.com\\\/LosPoliticosVer\"]},{\"@type\":\"Person\",\"@id\":\"https:\\\/\\\/lospoliticosveracruz.com\\\/#\\\/schema\\\/person\\\/b8702bb0e538456e6efd07080bf2a4a2\",\"name\":\"Lo viste en Los Pol\u00edticos\",\"image\":{\"@type\":\"ImageObject\",\"inLanguage\":\"es\",\"@id\":\"https:\\\/\\\/secure.gravatar.com\\\/avatar\\\/3a8de04a2656d44082be478bd6c086daa447c4651605818287b9532d3d0bd435?s=96&d=mm&r=g\",\"url\":\"https:\\\/\\\/secure.gravatar.com\\\/avatar\\\/3a8de04a2656d44082be478bd6c086daa447c4651605818287b9532d3d0bd435?s=96&d=mm&r=g\",\"contentUrl\":\"https:\\\/\\\/secure.gravatar.com\\\/avatar\\\/3a8de04a2656d44082be478bd6c086daa447c4651605818287b9532d3d0bd435?s=96&d=mm&r=g\",\"caption\":\"Lo viste en Los Pol\u00edticos\"},\"url\":\"https:\\\/\\\/lospoliticosveracruz.com\\\/?author=2\"}]}<\/script>\n<!-- \/ Yoast SEO plugin. -->","yoast_head_json":{"title":"CURP YA ES DOCUMENTO OFICIAL - Los pol\u00edticos Veracruz","robots":{"index":"index","follow":"follow","max-snippet":"max-snippet:-1","max-image-preview":"max-image-preview:large","max-video-preview":"max-video-preview:-1"},"canonical":"https:\/\/lospoliticosveracruz.com\/?p=149385","og_locale":"es_ES","og_type":"article","og_title":"CURP YA ES DOCUMENTO OFICIAL - Los pol\u00edticos Veracruz","og_description":"Fanny Y\u00e9pezLa Columna La Clave \u00danica de Registro de Poblaci\u00f3n (CURP) en M\u00e9xico tiene aspectos tanto positivos como negativos. Entre las ventajas, facilita tr\u00e1mites y acceso a servicios, unifica la identidad y puede combatir la delincuencia. Sin embargo, existen preocupaciones sobre la seguridad de los datos biom\u00e9tricos, el riesgo de exclusi\u00f3n social y la vigilancia [&hellip;]","og_url":"https:\/\/lospoliticosveracruz.com\/?p=149385","og_site_name":"Los pol\u00edticos Veracruz","article_publisher":"https:\/\/www.facebook.com\/people\/Notimemes-de-los-Polticos\/61565672886568\/","article_published_time":"2025-07-24T12:15:17+00:00","article_modified_time":"2025-07-24T12:15:26+00:00","og_image":[{"width":1250,"height":667,"url":"https:\/\/lospoliticosveracruz.com\/wp-content\/uploads\/2025\/04\/Fanny-Yepez-Luna.jpg","type":"image\/jpeg"}],"author":"Lo viste en Los Pol\u00edticos","twitter_card":"summary_large_image","twitter_creator":"@LosPoliticosVer","twitter_site":"@LosPoliticosVer","twitter_misc":{"Escrito por":"Lo viste en Los Pol\u00edticos","Tiempo de lectura":"5 minutos"},"schema":{"@context":"https:\/\/schema.org","@graph":[{"@type":"Article","@id":"https:\/\/lospoliticosveracruz.com\/?p=149385#article","isPartOf":{"@id":"https:\/\/lospoliticosveracruz.com\/?p=149385"},"author":{"name":"Lo viste en Los Pol\u00edticos","@id":"https:\/\/lospoliticosveracruz.com\/#\/schema\/person\/b8702bb0e538456e6efd07080bf2a4a2"},"headline":"CURP YA ES DOCUMENTO OFICIAL","datePublished":"2025-07-24T12:15:17+00:00","dateModified":"2025-07-24T12:15:26+00:00","mainEntityOfPage":{"@id":"https:\/\/lospoliticosveracruz.com\/?p=149385"},"wordCount":1036,"publisher":{"@id":"https:\/\/lospoliticosveracruz.com\/#organization"},"image":{"@id":"https:\/\/lospoliticosveracruz.com\/?p=149385#primaryimage"},"thumbnailUrl":"https:\/\/lospoliticosveracruz.com\/wp-content\/uploads\/2025\/04\/Fanny-Yepez-Luna-e1768657334923.jpg","keywords":["CURP biom\u00e9trica","Rosa Icela Rodr\u00edguez","Segob"],"articleSection":["De Opini\u00f3n"],"inLanguage":"es"},{"@type":"WebPage","@id":"https:\/\/lospoliticosveracruz.com\/?p=149385","url":"https:\/\/lospoliticosveracruz.com\/?p=149385","name":"CURP YA ES DOCUMENTO OFICIAL - Los pol\u00edticos Veracruz","isPartOf":{"@id":"https:\/\/lospoliticosveracruz.com\/#website"},"primaryImageOfPage":{"@id":"https:\/\/lospoliticosveracruz.com\/?p=149385#primaryimage"},"image":{"@id":"https:\/\/lospoliticosveracruz.com\/?p=149385#primaryimage"},"thumbnailUrl":"https:\/\/lospoliticosveracruz.com\/wp-content\/uploads\/2025\/04\/Fanny-Yepez-Luna-e1768657334923.jpg","datePublished":"2025-07-24T12:15:17+00:00","dateModified":"2025-07-24T12:15:26+00:00","breadcrumb":{"@id":"https:\/\/lospoliticosveracruz.com\/?p=149385#breadcrumb"},"inLanguage":"es","potentialAction":[{"@type":"ReadAction","target":["https:\/\/lospoliticosveracruz.com\/?p=149385"]}]},{"@type":"ImageObject","inLanguage":"es","@id":"https:\/\/lospoliticosveracruz.com\/?p=149385#primaryimage","url":"https:\/\/lospoliticosveracruz.com\/wp-content\/uploads\/2025\/04\/Fanny-Yepez-Luna-e1768657334923.jpg","contentUrl":"https:\/\/lospoliticosveracruz.com\/wp-content\/uploads\/2025\/04\/Fanny-Yepez-Luna-e1768657334923.jpg","width":600,"height":320},{"@type":"BreadcrumbList","@id":"https:\/\/lospoliticosveracruz.com\/?p=149385#breadcrumb","itemListElement":[{"@type":"ListItem","position":1,"name":"Portada","item":"https:\/\/lospoliticosveracruz.com\/"},{"@type":"ListItem","position":2,"name":"CURP YA ES DOCUMENTO OFICIAL"}]},{"@type":"WebSite","@id":"https:\/\/lospoliticosveracruz.com\/#website","url":"https:\/\/lospoliticosveracruz.com\/","name":"Los pol\u00edticos Veracruz","description":"","publisher":{"@id":"https:\/\/lospoliticosveracruz.com\/#organization"},"potentialAction":[{"@type":"SearchAction","target":{"@type":"EntryPoint","urlTemplate":"https:\/\/lospoliticosveracruz.com\/?s={search_term_string}"},"query-input":{"@type":"PropertyValueSpecification","valueRequired":true,"valueName":"search_term_string"}}],"inLanguage":"es"},{"@type":"Organization","@id":"https:\/\/lospoliticosveracruz.com\/#organization","name":"Los pol\u00edticos Veracruz","url":"https:\/\/lospoliticosveracruz.com\/","logo":{"@type":"ImageObject","inLanguage":"es","@id":"https:\/\/lospoliticosveracruz.com\/#\/schema\/logo\/image\/","url":"https:\/\/lospoliticosveracruz.com\/wp-content\/uploads\/2025\/12\/Logo-Nuevo-LOS-POLITICOS-1.jpg","contentUrl":"https:\/\/lospoliticosveracruz.com\/wp-content\/uploads\/2025\/12\/Logo-Nuevo-LOS-POLITICOS-1.jpg","width":260,"height":70,"caption":"Los pol\u00edticos Veracruz"},"image":{"@id":"https:\/\/lospoliticosveracruz.com\/#\/schema\/logo\/image\/"},"sameAs":["https:\/\/www.facebook.com\/people\/Notimemes-de-los-Polticos\/61565672886568\/","https:\/\/x.com\/LosPoliticosVer"]},{"@type":"Person","@id":"https:\/\/lospoliticosveracruz.com\/#\/schema\/person\/b8702bb0e538456e6efd07080bf2a4a2","name":"Lo viste en Los Pol\u00edticos","image":{"@type":"ImageObject","inLanguage":"es","@id":"https:\/\/secure.gravatar.com\/avatar\/3a8de04a2656d44082be478bd6c086daa447c4651605818287b9532d3d0bd435?s=96&d=mm&r=g","url":"https:\/\/secure.gravatar.com\/avatar\/3a8de04a2656d44082be478bd6c086daa447c4651605818287b9532d3d0bd435?s=96&d=mm&r=g","contentUrl":"https:\/\/secure.gravatar.com\/avatar\/3a8de04a2656d44082be478bd6c086daa447c4651605818287b9532d3d0bd435?s=96&d=mm&r=g","caption":"Lo viste en Los Pol\u00edticos"},"url":"https:\/\/lospoliticosveracruz.com\/?author=2"}]}},"_links":{"self":[{"href":"https:\/\/lospoliticosveracruz.com\/index.php?rest_route=\/wp\/v2\/posts\/149385","targetHints":{"allow":["GET"]}}],"collection":[{"href":"https:\/\/lospoliticosveracruz.com\/index.php?rest_route=\/wp\/v2\/posts"}],"about":[{"href":"https:\/\/lospoliticosveracruz.com\/index.php?rest_route=\/wp\/v2\/types\/post"}],"author":[{"embeddable":true,"href":"https:\/\/lospoliticosveracruz.com\/index.php?rest_route=\/wp\/v2\/users\/2"}],"replies":[{"embeddable":true,"href":"https:\/\/lospoliticosveracruz.com\/index.php?rest_route=%2Fwp%2Fv2%2Fcomments&post=149385"}],"version-history":[{"count":1,"href":"https:\/\/lospoliticosveracruz.com\/index.php?rest_route=\/wp\/v2\/posts\/149385\/revisions"}],"predecessor-version":[{"id":149386,"href":"https:\/\/lospoliticosveracruz.com\/index.php?rest_route=\/wp\/v2\/posts\/149385\/revisions\/149386"}],"wp:featuredmedia":[{"embeddable":true,"href":"https:\/\/lospoliticosveracruz.com\/index.php?rest_route=\/wp\/v2\/media\/141383"}],"wp:attachment":[{"href":"https:\/\/lospoliticosveracruz.com\/index.php?rest_route=%2Fwp%2Fv2%2Fmedia&parent=149385"}],"wp:term":[{"taxonomy":"category","embeddable":true,"href":"https:\/\/lospoliticosveracruz.com\/index.php?rest_route=%2Fwp%2Fv2%2Fcategories&post=149385"},{"taxonomy":"post_tag","embeddable":true,"href":"https:\/\/lospoliticosveracruz.com\/index.php?rest_route=%2Fwp%2Fv2%2Ftags&post=149385"}],"curies":[{"name":"wp","href":"https:\/\/api.w.org\/{rel}","templated":true}]}}