{"id":149412,"date":"2025-07-24T16:00:28","date_gmt":"2025-07-24T21:00:28","guid":{"rendered":"https:\/\/lospoliticosveracruz.com.mx\/?p=149412"},"modified":"2025-07-24T16:00:43","modified_gmt":"2025-07-24T21:00:43","slug":"le-hicieron-caso-a-rafa","status":"publish","type":"post","link":"https:\/\/lospoliticosveracruz.com\/?p=149412","title":{"rendered":"LE HICIERON CASO A RAFA!"},"content":{"rendered":"\n\n\n<p><br><strong>San Andr\u00e9s Tuxtla<\/strong>: La\u00a0<strong>Procuradur\u00eda Federal de Protecci\u00f3n al Ambiente<\/strong>\u00a0en\u00a0<strong>Veracruz<\/strong>\u00a0clausur\u00f3 sembrad\u00edo que contaminaba\u00a0<strong>manantial San Sim\u00f3n<\/strong>\u00a0en\u00a0<strong>San Andr\u00e9s Tuxtla<\/strong>, inform\u00f3 el\u00a0<strong>Diputado local, Rafa Fararoni<\/strong>.<\/p>\n\n\n\n\n\n<p>El legislador de&nbsp;<strong>los Tuxtlas<\/strong>, celebr\u00f3 que&nbsp;<strong>PROFEPA<\/strong>&nbsp;haya tomado en cuenta el&nbsp;<strong>Anteproyecto<\/strong>&nbsp;realizado en semanas pasadas ante el&nbsp;<strong>Congreso de Veracruz<\/strong>&nbsp;para frenar la contaminaci\u00f3n en cuerpos de agua cercanos a sembrad\u00edos de caf\u00e9.<\/p>\n\n\n\n<p><strong>Rafa Fararoni<\/strong>, expres\u00f3 que los productores de&nbsp;<strong>San Andr\u00e9s Tuxtla<\/strong>&nbsp;cuentan con todo el apoyo y respaldo para trabajar en la tierra, siempre y cuando sea de forma ordenada y responsable con el medio ambiente.<\/p>\n\n\n\n<p>\u201cLo se\u00f1alamos hace unos d\u00edas ante la&nbsp;<strong>Diputaci\u00f3n Permanente<\/strong>, que por falta de informaci\u00f3n y orientaci\u00f3n hab\u00eda siembras que estaban contaminando el agua que baja a los hogares y deb\u00eda atenderse pronto; estoy agradecido con&nbsp;<strong>PROFEPA<\/strong>&nbsp;por atender este llamado puntual que hicimos\u201d, manifest\u00f3.<\/p>\n\n\n\n<p>Finalmente, el tambi\u00e9n&nbsp;<strong>alcalde electo<\/strong>&nbsp;indic\u00f3 que permanecer\u00e1 atento a este caso, asegurando que en su&nbsp;<strong>Gobierno<\/strong>&nbsp;se dar\u00e1 orden a los&nbsp;<strong>cambios de uso de suelo<\/strong>&nbsp;de la zona para emplear donde se requiera&nbsp;<strong>campa\u00f1as de reforestaci\u00f3n<\/strong>&nbsp;en beneficio y cuidado del agua en&nbsp;<strong>San Andr\u00e9s Tuxtla<\/strong>.<\/p>\n\n\n\n<p><\/p>\n","protected":false},"excerpt":{"rendered":"<p>San Andr\u00e9s Tuxtla: La\u00a0Procuradur\u00eda Federal de Protecci\u00f3n al Ambiente\u00a0en\u00a0Veracruz\u00a0clausur\u00f3 sembrad\u00edo que contaminaba\u00a0manantial San Sim\u00f3n\u00a0en\u00a0San Andr\u00e9s Tuxtla, inform\u00f3 el\u00a0Diputado local, Rafa Fararoni. El legislador de&nbsp;los Tuxtlas, celebr\u00f3 que&nbsp;PROFEPA&nbsp;haya tomado en cuenta el&nbsp;Anteproyecto&nbsp;realizado en semanas pasadas ante el&nbsp;Congreso de Veracruz&nbsp;para frenar la contaminaci\u00f3n en cuerpos de agua cercanos a sembrad\u00edos de caf\u00e9. Rafa Fararoni, expres\u00f3 que los [&hellip;]<\/p>\n","protected":false},"author":2,"featured_media":149414,"comment_status":"closed","ping_status":"closed","sticky":false,"template":"","format":"standard","meta":{"tdm_status":"","tdm_grid_status":"","footnotes":""},"categories":[73],"tags":[44665,44667,44664,44666,44668],"class_list":{"0":"post-149412","1":"post","2":"type-post","3":"status-publish","4":"format-standard","5":"has-post-thumbnail","7":"category-de-boleto","8":"tag-cambio-de-uso-de-suelo-veracruz","9":"tag-contaminacion-manantial-san-simon","10":"tag-profepa-veracruz-clausura","11":"tag-rafa-fararoni-san-andres","12":"tag-reforestacion-cuerpos-de-agua"},"yoast_head":"<!-- This site is optimized with the Yoast SEO plugin v27.4 - https:\/\/yoast.com\/product\/yoast-seo-wordpress\/ -->\n<title>LE HICIERON CASO A RAFA! - Los pol\u00edticos Veracruz<\/title>\n<meta name=\"robots\" content=\"index, follow, max-snippet:-1, max-image-preview:large, max-video-preview:-1\" \/>\n<link rel=\"canonical\" href=\"https:\/\/lospoliticosveracruz.com\/?p=149412\" \/>\n<meta property=\"og:locale\" content=\"es_ES\" \/>\n<meta property=\"og:type\" content=\"article\" \/>\n<meta property=\"og:title\" content=\"LE HICIERON CASO A RAFA! - Los pol\u00edticos Veracruz\" \/>\n<meta property=\"og:description\" content=\"San Andr\u00e9s Tuxtla: La\u00a0Procuradur\u00eda Federal de Protecci\u00f3n al Ambiente\u00a0en\u00a0Veracruz\u00a0clausur\u00f3 sembrad\u00edo que contaminaba\u00a0manantial San Sim\u00f3n\u00a0en\u00a0San Andr\u00e9s Tuxtla, inform\u00f3 el\u00a0Diputado local, Rafa Fararoni. El legislador de&nbsp;los Tuxtlas, celebr\u00f3 que&nbsp;PROFEPA&nbsp;haya tomado en cuenta el&nbsp;Anteproyecto&nbsp;realizado en semanas pasadas ante el&nbsp;Congreso de Veracruz&nbsp;para frenar la contaminaci\u00f3n en cuerpos de agua cercanos a sembrad\u00edos de caf\u00e9. Rafa Fararoni, expres\u00f3 que los [&hellip;]\" \/>\n<meta property=\"og:url\" content=\"https:\/\/lospoliticosveracruz.com\/?p=149412\" \/>\n<meta property=\"og:site_name\" content=\"Los pol\u00edticos Veracruz\" \/>\n<meta property=\"article:publisher\" content=\"https:\/\/www.facebook.com\/people\/Notimemes-de-los-Polticos\/61565672886568\/\" \/>\n<meta property=\"article:published_time\" content=\"2025-07-24T21:00:28+00:00\" \/>\n<meta property=\"article:modified_time\" content=\"2025-07-24T21:00:43+00:00\" \/>\n<meta property=\"og:image\" content=\"https:\/\/lospoliticosveracruz.com\/wp-content\/uploads\/2025\/07\/IMG_4801.jpeg\" \/>\n\t<meta property=\"og:image:width\" content=\"600\" \/>\n\t<meta property=\"og:image:height\" content=\"320\" \/>\n\t<meta property=\"og:image:type\" content=\"image\/jpeg\" \/>\n<meta name=\"author\" content=\"Lo viste en Los Pol\u00edticos\" \/>\n<meta name=\"twitter:card\" content=\"summary_large_image\" \/>\n<meta name=\"twitter:creator\" content=\"@LosPoliticosVer\" \/>\n<meta name=\"twitter:site\" content=\"@LosPoliticosVer\" \/>\n<meta name=\"twitter:label1\" content=\"Escrito por\" \/>\n\t<meta name=\"twitter:data1\" content=\"Lo viste en Los Pol\u00edticos\" \/>\n\t<meta name=\"twitter:label2\" content=\"Tiempo de lectura\" \/>\n\t<meta name=\"twitter:data2\" content=\"1 minuto\" \/>\n<script type=\"application\/ld+json\" class=\"yoast-schema-graph\">{\"@context\":\"https:\\\/\\\/schema.org\",\"@graph\":[{\"@type\":\"Article\",\"@id\":\"https:\\\/\\\/lospoliticosveracruz.com\\\/?p=149412#article\",\"isPartOf\":{\"@id\":\"https:\\\/\\\/lospoliticosveracruz.com\\\/?p=149412\"},\"author\":{\"name\":\"Lo viste en Los Pol\u00edticos\",\"@id\":\"https:\\\/\\\/lospoliticosveracruz.com\\\/#\\\/schema\\\/person\\\/b8702bb0e538456e6efd07080bf2a4a2\"},\"headline\":\"LE HICIERON CASO A RAFA!\",\"datePublished\":\"2025-07-24T21:00:28+00:00\",\"dateModified\":\"2025-07-24T21:00:43+00:00\",\"mainEntityOfPage\":{\"@id\":\"https:\\\/\\\/lospoliticosveracruz.com\\\/?p=149412\"},\"wordCount\":238,\"publisher\":{\"@id\":\"https:\\\/\\\/lospoliticosveracruz.com\\\/#organization\"},\"image\":{\"@id\":\"https:\\\/\\\/lospoliticosveracruz.com\\\/?p=149412#primaryimage\"},\"thumbnailUrl\":\"https:\\\/\\\/lospoliticosveracruz.com\\\/wp-content\\\/uploads\\\/2025\\\/07\\\/IMG_4801.jpeg\",\"keywords\":[\"cambio de uso de suelo Veracruz\",\"contaminaci\u00f3n manantial San Sim\u00f3n\",\"PROFEPA Veracruz clausura\",\"Rafa Fararoni San Andr\u00e9s\",\"reforestaci\u00f3n cuerpos de agua\"],\"articleSection\":[\"De Boleto\"],\"inLanguage\":\"es\"},{\"@type\":\"WebPage\",\"@id\":\"https:\\\/\\\/lospoliticosveracruz.com\\\/?p=149412\",\"url\":\"https:\\\/\\\/lospoliticosveracruz.com\\\/?p=149412\",\"name\":\"LE HICIERON CASO A RAFA! - Los pol\u00edticos Veracruz\",\"isPartOf\":{\"@id\":\"https:\\\/\\\/lospoliticosveracruz.com\\\/#website\"},\"primaryImageOfPage\":{\"@id\":\"https:\\\/\\\/lospoliticosveracruz.com\\\/?p=149412#primaryimage\"},\"image\":{\"@id\":\"https:\\\/\\\/lospoliticosveracruz.com\\\/?p=149412#primaryimage\"},\"thumbnailUrl\":\"https:\\\/\\\/lospoliticosveracruz.com\\\/wp-content\\\/uploads\\\/2025\\\/07\\\/IMG_4801.jpeg\",\"datePublished\":\"2025-07-24T21:00:28+00:00\",\"dateModified\":\"2025-07-24T21:00:43+00:00\",\"breadcrumb\":{\"@id\":\"https:\\\/\\\/lospoliticosveracruz.com\\\/?p=149412#breadcrumb\"},\"inLanguage\":\"es\",\"potentialAction\":[{\"@type\":\"ReadAction\",\"target\":[\"https:\\\/\\\/lospoliticosveracruz.com\\\/?p=149412\"]}]},{\"@type\":\"ImageObject\",\"inLanguage\":\"es\",\"@id\":\"https:\\\/\\\/lospoliticosveracruz.com\\\/?p=149412#primaryimage\",\"url\":\"https:\\\/\\\/lospoliticosveracruz.com\\\/wp-content\\\/uploads\\\/2025\\\/07\\\/IMG_4801.jpeg\",\"contentUrl\":\"https:\\\/\\\/lospoliticosveracruz.com\\\/wp-content\\\/uploads\\\/2025\\\/07\\\/IMG_4801.jpeg\",\"width\":600,\"height\":320},{\"@type\":\"BreadcrumbList\",\"@id\":\"https:\\\/\\\/lospoliticosveracruz.com\\\/?p=149412#breadcrumb\",\"itemListElement\":[{\"@type\":\"ListItem\",\"position\":1,\"name\":\"Portada\",\"item\":\"https:\\\/\\\/lospoliticosveracruz.com\\\/\"},{\"@type\":\"ListItem\",\"position\":2,\"name\":\"LE HICIERON CASO A RAFA!\"}]},{\"@type\":\"WebSite\",\"@id\":\"https:\\\/\\\/lospoliticosveracruz.com\\\/#website\",\"url\":\"https:\\\/\\\/lospoliticosveracruz.com\\\/\",\"name\":\"Los pol\u00edticos Veracruz\",\"description\":\"\",\"publisher\":{\"@id\":\"https:\\\/\\\/lospoliticosveracruz.com\\\/#organization\"},\"potentialAction\":[{\"@type\":\"SearchAction\",\"target\":{\"@type\":\"EntryPoint\",\"urlTemplate\":\"https:\\\/\\\/lospoliticosveracruz.com\\\/?s={search_term_string}\"},\"query-input\":{\"@type\":\"PropertyValueSpecification\",\"valueRequired\":true,\"valueName\":\"search_term_string\"}}],\"inLanguage\":\"es\"},{\"@type\":\"Organization\",\"@id\":\"https:\\\/\\\/lospoliticosveracruz.com\\\/#organization\",\"name\":\"Los pol\u00edticos Veracruz\",\"url\":\"https:\\\/\\\/lospoliticosveracruz.com\\\/\",\"logo\":{\"@type\":\"ImageObject\",\"inLanguage\":\"es\",\"@id\":\"https:\\\/\\\/lospoliticosveracruz.com\\\/#\\\/schema\\\/logo\\\/image\\\/\",\"url\":\"https:\\\/\\\/lospoliticosveracruz.com\\\/wp-content\\\/uploads\\\/2025\\\/12\\\/Logo-Nuevo-LOS-POLITICOS-1.jpg\",\"contentUrl\":\"https:\\\/\\\/lospoliticosveracruz.com\\\/wp-content\\\/uploads\\\/2025\\\/12\\\/Logo-Nuevo-LOS-POLITICOS-1.jpg\",\"width\":260,\"height\":70,\"caption\":\"Los pol\u00edticos Veracruz\"},\"image\":{\"@id\":\"https:\\\/\\\/lospoliticosveracruz.com\\\/#\\\/schema\\\/logo\\\/image\\\/\"},\"sameAs\":[\"https:\\\/\\\/www.facebook.com\\\/people\\\/Notimemes-de-los-Polticos\\\/61565672886568\\\/\",\"https:\\\/\\\/x.com\\\/LosPoliticosVer\"]},{\"@type\":\"Person\",\"@id\":\"https:\\\/\\\/lospoliticosveracruz.com\\\/#\\\/schema\\\/person\\\/b8702bb0e538456e6efd07080bf2a4a2\",\"name\":\"Lo viste en Los Pol\u00edticos\",\"image\":{\"@type\":\"ImageObject\",\"inLanguage\":\"es\",\"@id\":\"https:\\\/\\\/secure.gravatar.com\\\/avatar\\\/3a8de04a2656d44082be478bd6c086daa447c4651605818287b9532d3d0bd435?s=96&d=mm&r=g\",\"url\":\"https:\\\/\\\/secure.gravatar.com\\\/avatar\\\/3a8de04a2656d44082be478bd6c086daa447c4651605818287b9532d3d0bd435?s=96&d=mm&r=g\",\"contentUrl\":\"https:\\\/\\\/secure.gravatar.com\\\/avatar\\\/3a8de04a2656d44082be478bd6c086daa447c4651605818287b9532d3d0bd435?s=96&d=mm&r=g\",\"caption\":\"Lo viste en Los Pol\u00edticos\"},\"url\":\"https:\\\/\\\/lospoliticosveracruz.com\\\/?author=2\"}]}<\/script>\n<!-- \/ Yoast SEO plugin. -->","yoast_head_json":{"title":"LE HICIERON CASO A RAFA! - Los pol\u00edticos Veracruz","robots":{"index":"index","follow":"follow","max-snippet":"max-snippet:-1","max-image-preview":"max-image-preview:large","max-video-preview":"max-video-preview:-1"},"canonical":"https:\/\/lospoliticosveracruz.com\/?p=149412","og_locale":"es_ES","og_type":"article","og_title":"LE HICIERON CASO A RAFA! - Los pol\u00edticos Veracruz","og_description":"San Andr\u00e9s Tuxtla: La\u00a0Procuradur\u00eda Federal de Protecci\u00f3n al Ambiente\u00a0en\u00a0Veracruz\u00a0clausur\u00f3 sembrad\u00edo que contaminaba\u00a0manantial San Sim\u00f3n\u00a0en\u00a0San Andr\u00e9s Tuxtla, inform\u00f3 el\u00a0Diputado local, Rafa Fararoni. El legislador de&nbsp;los Tuxtlas, celebr\u00f3 que&nbsp;PROFEPA&nbsp;haya tomado en cuenta el&nbsp;Anteproyecto&nbsp;realizado en semanas pasadas ante el&nbsp;Congreso de Veracruz&nbsp;para frenar la contaminaci\u00f3n en cuerpos de agua cercanos a sembrad\u00edos de caf\u00e9. Rafa Fararoni, expres\u00f3 que los [&hellip;]","og_url":"https:\/\/lospoliticosveracruz.com\/?p=149412","og_site_name":"Los pol\u00edticos Veracruz","article_publisher":"https:\/\/www.facebook.com\/people\/Notimemes-de-los-Polticos\/61565672886568\/","article_published_time":"2025-07-24T21:00:28+00:00","article_modified_time":"2025-07-24T21:00:43+00:00","og_image":[{"width":600,"height":320,"url":"https:\/\/lospoliticosveracruz.com\/wp-content\/uploads\/2025\/07\/IMG_4801.jpeg","type":"image\/jpeg"}],"author":"Lo viste en Los Pol\u00edticos","twitter_card":"summary_large_image","twitter_creator":"@LosPoliticosVer","twitter_site":"@LosPoliticosVer","twitter_misc":{"Escrito por":"Lo viste en Los Pol\u00edticos","Tiempo de lectura":"1 minuto"},"schema":{"@context":"https:\/\/schema.org","@graph":[{"@type":"Article","@id":"https:\/\/lospoliticosveracruz.com\/?p=149412#article","isPartOf":{"@id":"https:\/\/lospoliticosveracruz.com\/?p=149412"},"author":{"name":"Lo viste en Los Pol\u00edticos","@id":"https:\/\/lospoliticosveracruz.com\/#\/schema\/person\/b8702bb0e538456e6efd07080bf2a4a2"},"headline":"LE HICIERON CASO A RAFA!","datePublished":"2025-07-24T21:00:28+00:00","dateModified":"2025-07-24T21:00:43+00:00","mainEntityOfPage":{"@id":"https:\/\/lospoliticosveracruz.com\/?p=149412"},"wordCount":238,"publisher":{"@id":"https:\/\/lospoliticosveracruz.com\/#organization"},"image":{"@id":"https:\/\/lospoliticosveracruz.com\/?p=149412#primaryimage"},"thumbnailUrl":"https:\/\/lospoliticosveracruz.com\/wp-content\/uploads\/2025\/07\/IMG_4801.jpeg","keywords":["cambio de uso de suelo Veracruz","contaminaci\u00f3n manantial San Sim\u00f3n","PROFEPA Veracruz clausura","Rafa Fararoni San Andr\u00e9s","reforestaci\u00f3n cuerpos de agua"],"articleSection":["De Boleto"],"inLanguage":"es"},{"@type":"WebPage","@id":"https:\/\/lospoliticosveracruz.com\/?p=149412","url":"https:\/\/lospoliticosveracruz.com\/?p=149412","name":"LE HICIERON CASO A RAFA! - Los pol\u00edticos Veracruz","isPartOf":{"@id":"https:\/\/lospoliticosveracruz.com\/#website"},"primaryImageOfPage":{"@id":"https:\/\/lospoliticosveracruz.com\/?p=149412#primaryimage"},"image":{"@id":"https:\/\/lospoliticosveracruz.com\/?p=149412#primaryimage"},"thumbnailUrl":"https:\/\/lospoliticosveracruz.com\/wp-content\/uploads\/2025\/07\/IMG_4801.jpeg","datePublished":"2025-07-24T21:00:28+00:00","dateModified":"2025-07-24T21:00:43+00:00","breadcrumb":{"@id":"https:\/\/lospoliticosveracruz.com\/?p=149412#breadcrumb"},"inLanguage":"es","potentialAction":[{"@type":"ReadAction","target":["https:\/\/lospoliticosveracruz.com\/?p=149412"]}]},{"@type":"ImageObject","inLanguage":"es","@id":"https:\/\/lospoliticosveracruz.com\/?p=149412#primaryimage","url":"https:\/\/lospoliticosveracruz.com\/wp-content\/uploads\/2025\/07\/IMG_4801.jpeg","contentUrl":"https:\/\/lospoliticosveracruz.com\/wp-content\/uploads\/2025\/07\/IMG_4801.jpeg","width":600,"height":320},{"@type":"BreadcrumbList","@id":"https:\/\/lospoliticosveracruz.com\/?p=149412#breadcrumb","itemListElement":[{"@type":"ListItem","position":1,"name":"Portada","item":"https:\/\/lospoliticosveracruz.com\/"},{"@type":"ListItem","position":2,"name":"LE HICIERON CASO A RAFA!"}]},{"@type":"WebSite","@id":"https:\/\/lospoliticosveracruz.com\/#website","url":"https:\/\/lospoliticosveracruz.com\/","name":"Los pol\u00edticos Veracruz","description":"","publisher":{"@id":"https:\/\/lospoliticosveracruz.com\/#organization"},"potentialAction":[{"@type":"SearchAction","target":{"@type":"EntryPoint","urlTemplate":"https:\/\/lospoliticosveracruz.com\/?s={search_term_string}"},"query-input":{"@type":"PropertyValueSpecification","valueRequired":true,"valueName":"search_term_string"}}],"inLanguage":"es"},{"@type":"Organization","@id":"https:\/\/lospoliticosveracruz.com\/#organization","name":"Los pol\u00edticos Veracruz","url":"https:\/\/lospoliticosveracruz.com\/","logo":{"@type":"ImageObject","inLanguage":"es","@id":"https:\/\/lospoliticosveracruz.com\/#\/schema\/logo\/image\/","url":"https:\/\/lospoliticosveracruz.com\/wp-content\/uploads\/2025\/12\/Logo-Nuevo-LOS-POLITICOS-1.jpg","contentUrl":"https:\/\/lospoliticosveracruz.com\/wp-content\/uploads\/2025\/12\/Logo-Nuevo-LOS-POLITICOS-1.jpg","width":260,"height":70,"caption":"Los pol\u00edticos Veracruz"},"image":{"@id":"https:\/\/lospoliticosveracruz.com\/#\/schema\/logo\/image\/"},"sameAs":["https:\/\/www.facebook.com\/people\/Notimemes-de-los-Polticos\/61565672886568\/","https:\/\/x.com\/LosPoliticosVer"]},{"@type":"Person","@id":"https:\/\/lospoliticosveracruz.com\/#\/schema\/person\/b8702bb0e538456e6efd07080bf2a4a2","name":"Lo viste en Los Pol\u00edticos","image":{"@type":"ImageObject","inLanguage":"es","@id":"https:\/\/secure.gravatar.com\/avatar\/3a8de04a2656d44082be478bd6c086daa447c4651605818287b9532d3d0bd435?s=96&d=mm&r=g","url":"https:\/\/secure.gravatar.com\/avatar\/3a8de04a2656d44082be478bd6c086daa447c4651605818287b9532d3d0bd435?s=96&d=mm&r=g","contentUrl":"https:\/\/secure.gravatar.com\/avatar\/3a8de04a2656d44082be478bd6c086daa447c4651605818287b9532d3d0bd435?s=96&d=mm&r=g","caption":"Lo viste en Los Pol\u00edticos"},"url":"https:\/\/lospoliticosveracruz.com\/?author=2"}]}},"_links":{"self":[{"href":"https:\/\/lospoliticosveracruz.com\/index.php?rest_route=\/wp\/v2\/posts\/149412","targetHints":{"allow":["GET"]}}],"collection":[{"href":"https:\/\/lospoliticosveracruz.com\/index.php?rest_route=\/wp\/v2\/posts"}],"about":[{"href":"https:\/\/lospoliticosveracruz.com\/index.php?rest_route=\/wp\/v2\/types\/post"}],"author":[{"embeddable":true,"href":"https:\/\/lospoliticosveracruz.com\/index.php?rest_route=\/wp\/v2\/users\/2"}],"replies":[{"embeddable":true,"href":"https:\/\/lospoliticosveracruz.com\/index.php?rest_route=%2Fwp%2Fv2%2Fcomments&post=149412"}],"version-history":[{"count":2,"href":"https:\/\/lospoliticosveracruz.com\/index.php?rest_route=\/wp\/v2\/posts\/149412\/revisions"}],"predecessor-version":[{"id":149416,"href":"https:\/\/lospoliticosveracruz.com\/index.php?rest_route=\/wp\/v2\/posts\/149412\/revisions\/149416"}],"wp:featuredmedia":[{"embeddable":true,"href":"https:\/\/lospoliticosveracruz.com\/index.php?rest_route=\/wp\/v2\/media\/149414"}],"wp:attachment":[{"href":"https:\/\/lospoliticosveracruz.com\/index.php?rest_route=%2Fwp%2Fv2%2Fmedia&parent=149412"}],"wp:term":[{"taxonomy":"category","embeddable":true,"href":"https:\/\/lospoliticosveracruz.com\/index.php?rest_route=%2Fwp%2Fv2%2Fcategories&post=149412"},{"taxonomy":"post_tag","embeddable":true,"href":"https:\/\/lospoliticosveracruz.com\/index.php?rest_route=%2Fwp%2Fv2%2Ftags&post=149412"}],"curies":[{"name":"wp","href":"https:\/\/api.w.org\/{rel}","templated":true}]}}