{"id":149442,"date":"2025-07-25T07:57:31","date_gmt":"2025-07-25T12:57:31","guid":{"rendered":"https:\/\/lospoliticosveracruz.com.mx\/?p=149442"},"modified":"2025-07-25T08:04:46","modified_gmt":"2025-07-25T13:04:46","slug":"149442","status":"publish","type":"post","link":"https:\/\/lospoliticosveracruz.com\/?p=149442","title":{"rendered":"FORTALECER LOS OPLE"},"content":{"rendered":"\n\n\n<p><br><strong>Omar Z\u00fa\u00f1iga<\/strong><\/p>\n\n\n\n<p><em>De Primera Mano<\/em> <\/p>\n\n\n\n<p>La Reforma Pol\u00edtico-Electoral es necesaria en y para la vida democr\u00e1tica del pa\u00eds,&nbsp;y merece que se le tome el&nbsp;tiempo&nbsp;necesario para su verdadera discusi\u00f3n, integraci\u00f3n e&nbsp;inclusi\u00f3n de todas las voces&nbsp;incluidas las&nbsp;cr\u00edticas, no s\u00f3lo las del oficialismo, como debi\u00f3&nbsp;haber ocurrido&nbsp;con la Reforma Judicial, que la circunscribieron a una elecci\u00f3n directa de \u201clas personas juzgadoras\u201d.<\/p>\n\n\n\n\n\n<p>Los puntos de vista&nbsp;de la gente involucrada en los procesos electorales, son tan diversas como ellos mismos y todos y todas deben ser escuchadas.<\/p>\n\n\n\n<p>Marisol&nbsp;Delgadillo, consejera presidenta del OPLE Veracruz, plantea que los Organismos&nbsp;P\u00fablicos Locales Electorales&nbsp;del pa\u00eds&nbsp;sean fortalecidos, as\u00ed como fortalecida la colaboraci\u00f3n entre \u00e9stos y el Instituto Nacional Electoral (INE).<\/p>\n\n\n\n<p>La reflexi\u00f3n es sencilla, mas no simplista, pues para el INE es material y humanamente imposible organizar todas las elecciones de la Rep\u00fablica, m\u00e1s a\u00fan cuando hay procesos pr\u00e1cticamente todos los a\u00f1os.<\/p>\n\n\n\n<p>Solamente el caso de Veracruz, es decir uno de 32 estados, ha tenido elecciones pr\u00e1cticamente de manera perenne; en el pasado inmediato tres elecciones en un a\u00f1o: Gobierno, Congreso local, Presidencia, Senado y Congreso Federal en el 2024.<\/p>\n\n\n\n<p>Este a\u00f1o, 212 alcald\u00edas y la extraordinaria del proceso judicial.<\/p>\n\n\n\n<p>En el siguiente, 2026, muy probablemente alguna extraordinaria.<\/p>\n\n\n\n<p>Para 2027, la elecci\u00f3n intermedia en donde confluyen diputados locales y federales, asi como la segunda parte de la elecci\u00f3n judicial,&nbsp;que ya no ser\u00e1 extraordinaria<\/p>\n\n\n\n<p>Para 2029, la renovaci\u00f3n de las alcald\u00edas.<\/p>\n\n\n\n<p>Y en 2030, la madre de todas las elecciones: renovaci\u00f3n de la Presidencia de la Rep\u00fablica, gobierno estatal, Senado, diputados federales y locales y otra elecci\u00f3n judicial.<\/p>\n\n\n\n<p>Por esta raz\u00f3n y 31 m\u00e1s es que los OPLEs no deben desaparcer, sino fortalecerse, as\u00ed como el intercambio de buenas pr\u00e1cticas, para el mejor funcionamiento, la eficientizaci\u00f3n y tropicalizaci\u00f3n de procesos.<\/p>\n\n\n\n<p>Por ejemplo, el desarrollo de los debates virtuales, como sucedi\u00f3 en esta elecci\u00f3n a presidentes municipales en Veracruz.<\/p>\n\n\n\n<p>Al menos tres estados han pedido ya informaci\u00f3n sobre&nbsp;esta modalidad&nbsp;instrumentada en Veracruz: Guerrero,&nbsp;Puebla&nbsp;y Tlaxcala, con todo y que es un proceso perfectible, ciertamente es innovador y sobre todo, mucho m\u00e1s econ\u00f3mico que un proceso&nbsp;<em>t\u00eate \u00e2 t\u00eate<\/em>, aunque \u00e9ste sea el m\u00e1s enriquecedor.<\/p>\n\n\n\n<p>Ciertamente, la chamba que ha hecho el OPLE no es para nada sencilla ni mucho menos y la elecci\u00f3n 2025 no fue la excepci\u00f3n, en un contexto en el que los recortes presupuestales han sido la constante, Veracruz organiz\u00f3 dos elecciones (ordinaria y extraordinaria) con el mismo dinero.<\/p>\n\n\n\n<p>Hubo necesidad de optimizar recursos, incluidos los humanos, pues todo el personal del OPLE debi\u00f3 verse involucrado en la elecci\u00f3n, incluso aquellos que nunca lo hab\u00edan hecho, pus no se pudo contratar a m\u00e1s personal, dir\u00edan los cl\u00e1sicos, \u201cpor lo mismo\u201d.<\/p>\n\n\n\n<p>Y de toda esta chamba que no se ve, es que debe visibilizarse.<\/p>\n\n\n\n<p>La ciudadan\u00eda debe estar pendiente y consciente de lo que hace la autoridad electoral, por muchoas afactrores y ciertamente uno de ellos, es para que se involucren y se tengan los elementos para exigir mejores resultados.<\/p>\n\n\n\n<p>*****<\/p>\n\n\n\n<p>Para documentar&nbsp;el optimismo\u2026&nbsp;a pregunta expresa,&nbsp;<strong>Marisol&nbsp;<\/strong><strong>Alicia&nbsp;<\/strong><strong>Delgadillo<\/strong>&nbsp;<strong>Morale<\/strong>&nbsp;responde a los se\u00f1alamientos de MC sobre el papel de la autoridad electoral en la reciente elecci\u00f3n,&nbsp;y sostiene que el OPLE es un \u00f3rgano&nbsp;colegiado.<\/p>\n\n\n\n<p>Siempre ha existido&nbsp;apertura para que los partidos pol\u00edticos, en todos&nbsp;los&nbsp;casos, dieran acompa\u00f1amiento a la documentaci\u00f3n electoral.&nbsp;\u201cSiempre hubo presencia en todos los consejos de todas las representaciones partidistas\u201d.<\/p>\n\n\n\n<p>\u201cLitigar en medios no es algo que&nbsp;me&nbsp;corresponda.&nbsp;Lo que ten\u00eda que hacer ya&nbsp;se&nbsp;hizo, y ya depende&nbsp;de una instancia jurisdiccional;&nbsp;que eso siempre lo ha dicho el organismo, lo que determinen las instancias jurisdiccionales nosotros lo vamos a acatar,&nbsp;en los t\u00e9rminos que se determinen\u201d.&nbsp;<\/p>\n\n\n\n<p>\u201cEstoy tranquila de la actuaci\u00f3n del organismo, del propio personal;&nbsp;decir que es un c\u00e1rtel&nbsp;tambi\u00e9n demerita la actuaci\u00f3n de mis colegas. Soy igual entre mis iguales\u201d.<\/p>\n\n\n\n<p>\u201cSon afirmaciones que no tienen sustento&nbsp;y se puede o no estar de acuerdo,&nbsp;pero siempre voy a respetarlos. Seguimos trabajando en la mesa del&nbsp;Consejo con todos los partidos\u201d.<\/p>\n\n\n\n<p>*****<\/p>\n\n\n\n<p>Y ya con esta me despido\u2026 desde este espacio una sonora felicitaci\u00f3n para Martincillo, el rectorcito de la UV, que el mi\u00e9rcoles pasado cumpli\u00f3 67 a\u00f1os, dos m\u00e1s de los que permite la Ley Org\u00e1nica universitaria para poder aspirar a ser Rector de la M\u00e1xima Casa de Estudios de nuestro estado.<\/p>\n\n\n\n<p>\u00a1Qu\u00e9 barbaridad!<\/p>\n\n\n\n<p>deprimera.mano2020@gmail.com<\/p>\n","protected":false},"excerpt":{"rendered":"<p>Omar Z\u00fa\u00f1iga De Primera Mano La Reforma Pol\u00edtico-Electoral es necesaria en y para la vida democr\u00e1tica del pa\u00eds,&nbsp;y merece que se le tome el&nbsp;tiempo&nbsp;necesario para su verdadera discusi\u00f3n, integraci\u00f3n e&nbsp;inclusi\u00f3n de todas las voces&nbsp;incluidas las&nbsp;cr\u00edticas, no s\u00f3lo las del oficialismo, como debi\u00f3&nbsp;haber ocurrido&nbsp;con la Reforma Judicial, que la circunscribieron a una elecci\u00f3n directa de \u201clas [&hellip;]<\/p>\n","protected":false},"author":2,"featured_media":141427,"comment_status":"closed","ping_status":"closed","sticky":false,"template":"","format":"standard","meta":{"tdm_status":"","tdm_grid_status":"","footnotes":""},"categories":[70],"tags":[34647,29146,4509,172,195],"class_list":{"0":"post-149442","1":"post","2":"type-post","3":"status-publish","4":"format-standard","5":"has-post-thumbnail","7":"category-de-opinion","8":"tag-marisol-delgadillo-morales","9":"tag-martin-aguilar-sanchez-2","10":"tag-ople-de-veracruz","11":"tag-uv","12":"tag-veracruz"},"yoast_head":"<!-- This site is optimized with the Yoast SEO plugin v27.4 - https:\/\/yoast.com\/product\/yoast-seo-wordpress\/ -->\n<title>FORTALECER LOS OPLE - Los pol\u00edticos Veracruz<\/title>\n<meta name=\"robots\" content=\"index, follow, max-snippet:-1, max-image-preview:large, max-video-preview:-1\" \/>\n<link rel=\"canonical\" href=\"https:\/\/lospoliticosveracruz.com\/?p=149442\" \/>\n<meta property=\"og:locale\" content=\"es_ES\" \/>\n<meta property=\"og:type\" content=\"article\" \/>\n<meta property=\"og:title\" content=\"FORTALECER LOS OPLE - Los pol\u00edticos Veracruz\" \/>\n<meta property=\"og:description\" content=\"Omar Z\u00fa\u00f1iga De Primera Mano La Reforma Pol\u00edtico-Electoral es necesaria en y para la vida democr\u00e1tica del pa\u00eds,&nbsp;y merece que se le tome el&nbsp;tiempo&nbsp;necesario para su verdadera discusi\u00f3n, integraci\u00f3n e&nbsp;inclusi\u00f3n de todas las voces&nbsp;incluidas las&nbsp;cr\u00edticas, no s\u00f3lo las del oficialismo, como debi\u00f3&nbsp;haber ocurrido&nbsp;con la Reforma Judicial, que la circunscribieron a una elecci\u00f3n directa de \u201clas [&hellip;]\" \/>\n<meta property=\"og:url\" content=\"https:\/\/lospoliticosveracruz.com\/?p=149442\" \/>\n<meta property=\"og:site_name\" content=\"Los pol\u00edticos Veracruz\" \/>\n<meta property=\"article:publisher\" content=\"https:\/\/www.facebook.com\/people\/Notimemes-de-los-Polticos\/61565672886568\/\" \/>\n<meta property=\"article:published_time\" content=\"2025-07-25T12:57:31+00:00\" \/>\n<meta property=\"article:modified_time\" content=\"2025-07-25T13:04:46+00:00\" \/>\n<meta property=\"og:image\" content=\"https:\/\/lospoliticosveracruz.com\/wp-content\/uploads\/2025\/04\/Omar-Zuniga.jpg\" \/>\n\t<meta property=\"og:image:width\" content=\"1250\" \/>\n\t<meta property=\"og:image:height\" content=\"667\" \/>\n\t<meta property=\"og:image:type\" content=\"image\/jpeg\" \/>\n<meta name=\"author\" content=\"Lo viste en Los Pol\u00edticos\" \/>\n<meta name=\"twitter:card\" content=\"summary_large_image\" \/>\n<meta name=\"twitter:creator\" content=\"@LosPoliticosVer\" \/>\n<meta name=\"twitter:site\" content=\"@LosPoliticosVer\" \/>\n<meta name=\"twitter:label1\" content=\"Escrito por\" \/>\n\t<meta name=\"twitter:data1\" content=\"Lo viste en Los Pol\u00edticos\" \/>\n\t<meta name=\"twitter:label2\" content=\"Tiempo de lectura\" \/>\n\t<meta name=\"twitter:data2\" content=\"4 minutos\" \/>\n<script type=\"application\/ld+json\" class=\"yoast-schema-graph\">{\"@context\":\"https:\\\/\\\/schema.org\",\"@graph\":[{\"@type\":\"Article\",\"@id\":\"https:\\\/\\\/lospoliticosveracruz.com\\\/?p=149442#article\",\"isPartOf\":{\"@id\":\"https:\\\/\\\/lospoliticosveracruz.com\\\/?p=149442\"},\"author\":{\"name\":\"Lo viste en Los Pol\u00edticos\",\"@id\":\"https:\\\/\\\/lospoliticosveracruz.com\\\/#\\\/schema\\\/person\\\/b8702bb0e538456e6efd07080bf2a4a2\"},\"headline\":\"FORTALECER LOS OPLE\",\"datePublished\":\"2025-07-25T12:57:31+00:00\",\"dateModified\":\"2025-07-25T13:04:46+00:00\",\"mainEntityOfPage\":{\"@id\":\"https:\\\/\\\/lospoliticosveracruz.com\\\/?p=149442\"},\"wordCount\":840,\"publisher\":{\"@id\":\"https:\\\/\\\/lospoliticosveracruz.com\\\/#organization\"},\"image\":{\"@id\":\"https:\\\/\\\/lospoliticosveracruz.com\\\/?p=149442#primaryimage\"},\"thumbnailUrl\":\"https:\\\/\\\/lospoliticosveracruz.com\\\/wp-content\\\/uploads\\\/2025\\\/04\\\/Omar-Zuniga.jpg\",\"keywords\":[\"Marisol Delgadillo Morales\",\"Mart\u00edn Aguilar S\u00e1nchez\",\"Ople de Veracruz\",\"UV\",\"Veracruz\"],\"articleSection\":[\"De Opini\u00f3n\"],\"inLanguage\":\"es\"},{\"@type\":\"WebPage\",\"@id\":\"https:\\\/\\\/lospoliticosveracruz.com\\\/?p=149442\",\"url\":\"https:\\\/\\\/lospoliticosveracruz.com\\\/?p=149442\",\"name\":\"FORTALECER LOS OPLE - Los pol\u00edticos Veracruz\",\"isPartOf\":{\"@id\":\"https:\\\/\\\/lospoliticosveracruz.com\\\/#website\"},\"primaryImageOfPage\":{\"@id\":\"https:\\\/\\\/lospoliticosveracruz.com\\\/?p=149442#primaryimage\"},\"image\":{\"@id\":\"https:\\\/\\\/lospoliticosveracruz.com\\\/?p=149442#primaryimage\"},\"thumbnailUrl\":\"https:\\\/\\\/lospoliticosveracruz.com\\\/wp-content\\\/uploads\\\/2025\\\/04\\\/Omar-Zuniga.jpg\",\"datePublished\":\"2025-07-25T12:57:31+00:00\",\"dateModified\":\"2025-07-25T13:04:46+00:00\",\"breadcrumb\":{\"@id\":\"https:\\\/\\\/lospoliticosveracruz.com\\\/?p=149442#breadcrumb\"},\"inLanguage\":\"es\",\"potentialAction\":[{\"@type\":\"ReadAction\",\"target\":[\"https:\\\/\\\/lospoliticosveracruz.com\\\/?p=149442\"]}]},{\"@type\":\"ImageObject\",\"inLanguage\":\"es\",\"@id\":\"https:\\\/\\\/lospoliticosveracruz.com\\\/?p=149442#primaryimage\",\"url\":\"https:\\\/\\\/lospoliticosveracruz.com\\\/wp-content\\\/uploads\\\/2025\\\/04\\\/Omar-Zuniga.jpg\",\"contentUrl\":\"https:\\\/\\\/lospoliticosveracruz.com\\\/wp-content\\\/uploads\\\/2025\\\/04\\\/Omar-Zuniga.jpg\",\"width\":1250,\"height\":667},{\"@type\":\"BreadcrumbList\",\"@id\":\"https:\\\/\\\/lospoliticosveracruz.com\\\/?p=149442#breadcrumb\",\"itemListElement\":[{\"@type\":\"ListItem\",\"position\":1,\"name\":\"Portada\",\"item\":\"https:\\\/\\\/lospoliticosveracruz.com\\\/\"},{\"@type\":\"ListItem\",\"position\":2,\"name\":\"FORTALECER LOS OPLE\"}]},{\"@type\":\"WebSite\",\"@id\":\"https:\\\/\\\/lospoliticosveracruz.com\\\/#website\",\"url\":\"https:\\\/\\\/lospoliticosveracruz.com\\\/\",\"name\":\"Los pol\u00edticos Veracruz\",\"description\":\"\",\"publisher\":{\"@id\":\"https:\\\/\\\/lospoliticosveracruz.com\\\/#organization\"},\"potentialAction\":[{\"@type\":\"SearchAction\",\"target\":{\"@type\":\"EntryPoint\",\"urlTemplate\":\"https:\\\/\\\/lospoliticosveracruz.com\\\/?s={search_term_string}\"},\"query-input\":{\"@type\":\"PropertyValueSpecification\",\"valueRequired\":true,\"valueName\":\"search_term_string\"}}],\"inLanguage\":\"es\"},{\"@type\":\"Organization\",\"@id\":\"https:\\\/\\\/lospoliticosveracruz.com\\\/#organization\",\"name\":\"Los pol\u00edticos Veracruz\",\"url\":\"https:\\\/\\\/lospoliticosveracruz.com\\\/\",\"logo\":{\"@type\":\"ImageObject\",\"inLanguage\":\"es\",\"@id\":\"https:\\\/\\\/lospoliticosveracruz.com\\\/#\\\/schema\\\/logo\\\/image\\\/\",\"url\":\"https:\\\/\\\/lospoliticosveracruz.com\\\/wp-content\\\/uploads\\\/2025\\\/12\\\/Logo-Nuevo-LOS-POLITICOS-1.jpg\",\"contentUrl\":\"https:\\\/\\\/lospoliticosveracruz.com\\\/wp-content\\\/uploads\\\/2025\\\/12\\\/Logo-Nuevo-LOS-POLITICOS-1.jpg\",\"width\":260,\"height\":70,\"caption\":\"Los pol\u00edticos Veracruz\"},\"image\":{\"@id\":\"https:\\\/\\\/lospoliticosveracruz.com\\\/#\\\/schema\\\/logo\\\/image\\\/\"},\"sameAs\":[\"https:\\\/\\\/www.facebook.com\\\/people\\\/Notimemes-de-los-Polticos\\\/61565672886568\\\/\",\"https:\\\/\\\/x.com\\\/LosPoliticosVer\"]},{\"@type\":\"Person\",\"@id\":\"https:\\\/\\\/lospoliticosveracruz.com\\\/#\\\/schema\\\/person\\\/b8702bb0e538456e6efd07080bf2a4a2\",\"name\":\"Lo viste en Los Pol\u00edticos\",\"image\":{\"@type\":\"ImageObject\",\"inLanguage\":\"es\",\"@id\":\"https:\\\/\\\/secure.gravatar.com\\\/avatar\\\/3a8de04a2656d44082be478bd6c086daa447c4651605818287b9532d3d0bd435?s=96&d=mm&r=g\",\"url\":\"https:\\\/\\\/secure.gravatar.com\\\/avatar\\\/3a8de04a2656d44082be478bd6c086daa447c4651605818287b9532d3d0bd435?s=96&d=mm&r=g\",\"contentUrl\":\"https:\\\/\\\/secure.gravatar.com\\\/avatar\\\/3a8de04a2656d44082be478bd6c086daa447c4651605818287b9532d3d0bd435?s=96&d=mm&r=g\",\"caption\":\"Lo viste en Los Pol\u00edticos\"},\"url\":\"https:\\\/\\\/lospoliticosveracruz.com\\\/?author=2\"}]}<\/script>\n<!-- \/ Yoast SEO plugin. -->","yoast_head_json":{"title":"FORTALECER LOS OPLE - Los pol\u00edticos Veracruz","robots":{"index":"index","follow":"follow","max-snippet":"max-snippet:-1","max-image-preview":"max-image-preview:large","max-video-preview":"max-video-preview:-1"},"canonical":"https:\/\/lospoliticosveracruz.com\/?p=149442","og_locale":"es_ES","og_type":"article","og_title":"FORTALECER LOS OPLE - Los pol\u00edticos Veracruz","og_description":"Omar Z\u00fa\u00f1iga De Primera Mano La Reforma Pol\u00edtico-Electoral es necesaria en y para la vida democr\u00e1tica del pa\u00eds,&nbsp;y merece que se le tome el&nbsp;tiempo&nbsp;necesario para su verdadera discusi\u00f3n, integraci\u00f3n e&nbsp;inclusi\u00f3n de todas las voces&nbsp;incluidas las&nbsp;cr\u00edticas, no s\u00f3lo las del oficialismo, como debi\u00f3&nbsp;haber ocurrido&nbsp;con la Reforma Judicial, que la circunscribieron a una elecci\u00f3n directa de \u201clas [&hellip;]","og_url":"https:\/\/lospoliticosveracruz.com\/?p=149442","og_site_name":"Los pol\u00edticos Veracruz","article_publisher":"https:\/\/www.facebook.com\/people\/Notimemes-de-los-Polticos\/61565672886568\/","article_published_time":"2025-07-25T12:57:31+00:00","article_modified_time":"2025-07-25T13:04:46+00:00","og_image":[{"width":1250,"height":667,"url":"https:\/\/lospoliticosveracruz.com\/wp-content\/uploads\/2025\/04\/Omar-Zuniga.jpg","type":"image\/jpeg"}],"author":"Lo viste en Los Pol\u00edticos","twitter_card":"summary_large_image","twitter_creator":"@LosPoliticosVer","twitter_site":"@LosPoliticosVer","twitter_misc":{"Escrito por":"Lo viste en Los Pol\u00edticos","Tiempo de lectura":"4 minutos"},"schema":{"@context":"https:\/\/schema.org","@graph":[{"@type":"Article","@id":"https:\/\/lospoliticosveracruz.com\/?p=149442#article","isPartOf":{"@id":"https:\/\/lospoliticosveracruz.com\/?p=149442"},"author":{"name":"Lo viste en Los Pol\u00edticos","@id":"https:\/\/lospoliticosveracruz.com\/#\/schema\/person\/b8702bb0e538456e6efd07080bf2a4a2"},"headline":"FORTALECER LOS OPLE","datePublished":"2025-07-25T12:57:31+00:00","dateModified":"2025-07-25T13:04:46+00:00","mainEntityOfPage":{"@id":"https:\/\/lospoliticosveracruz.com\/?p=149442"},"wordCount":840,"publisher":{"@id":"https:\/\/lospoliticosveracruz.com\/#organization"},"image":{"@id":"https:\/\/lospoliticosveracruz.com\/?p=149442#primaryimage"},"thumbnailUrl":"https:\/\/lospoliticosveracruz.com\/wp-content\/uploads\/2025\/04\/Omar-Zuniga.jpg","keywords":["Marisol Delgadillo Morales","Mart\u00edn Aguilar S\u00e1nchez","Ople de Veracruz","UV","Veracruz"],"articleSection":["De Opini\u00f3n"],"inLanguage":"es"},{"@type":"WebPage","@id":"https:\/\/lospoliticosveracruz.com\/?p=149442","url":"https:\/\/lospoliticosveracruz.com\/?p=149442","name":"FORTALECER LOS OPLE - Los pol\u00edticos Veracruz","isPartOf":{"@id":"https:\/\/lospoliticosveracruz.com\/#website"},"primaryImageOfPage":{"@id":"https:\/\/lospoliticosveracruz.com\/?p=149442#primaryimage"},"image":{"@id":"https:\/\/lospoliticosveracruz.com\/?p=149442#primaryimage"},"thumbnailUrl":"https:\/\/lospoliticosveracruz.com\/wp-content\/uploads\/2025\/04\/Omar-Zuniga.jpg","datePublished":"2025-07-25T12:57:31+00:00","dateModified":"2025-07-25T13:04:46+00:00","breadcrumb":{"@id":"https:\/\/lospoliticosveracruz.com\/?p=149442#breadcrumb"},"inLanguage":"es","potentialAction":[{"@type":"ReadAction","target":["https:\/\/lospoliticosveracruz.com\/?p=149442"]}]},{"@type":"ImageObject","inLanguage":"es","@id":"https:\/\/lospoliticosveracruz.com\/?p=149442#primaryimage","url":"https:\/\/lospoliticosveracruz.com\/wp-content\/uploads\/2025\/04\/Omar-Zuniga.jpg","contentUrl":"https:\/\/lospoliticosveracruz.com\/wp-content\/uploads\/2025\/04\/Omar-Zuniga.jpg","width":1250,"height":667},{"@type":"BreadcrumbList","@id":"https:\/\/lospoliticosveracruz.com\/?p=149442#breadcrumb","itemListElement":[{"@type":"ListItem","position":1,"name":"Portada","item":"https:\/\/lospoliticosveracruz.com\/"},{"@type":"ListItem","position":2,"name":"FORTALECER LOS OPLE"}]},{"@type":"WebSite","@id":"https:\/\/lospoliticosveracruz.com\/#website","url":"https:\/\/lospoliticosveracruz.com\/","name":"Los pol\u00edticos Veracruz","description":"","publisher":{"@id":"https:\/\/lospoliticosveracruz.com\/#organization"},"potentialAction":[{"@type":"SearchAction","target":{"@type":"EntryPoint","urlTemplate":"https:\/\/lospoliticosveracruz.com\/?s={search_term_string}"},"query-input":{"@type":"PropertyValueSpecification","valueRequired":true,"valueName":"search_term_string"}}],"inLanguage":"es"},{"@type":"Organization","@id":"https:\/\/lospoliticosveracruz.com\/#organization","name":"Los pol\u00edticos Veracruz","url":"https:\/\/lospoliticosveracruz.com\/","logo":{"@type":"ImageObject","inLanguage":"es","@id":"https:\/\/lospoliticosveracruz.com\/#\/schema\/logo\/image\/","url":"https:\/\/lospoliticosveracruz.com\/wp-content\/uploads\/2025\/12\/Logo-Nuevo-LOS-POLITICOS-1.jpg","contentUrl":"https:\/\/lospoliticosveracruz.com\/wp-content\/uploads\/2025\/12\/Logo-Nuevo-LOS-POLITICOS-1.jpg","width":260,"height":70,"caption":"Los pol\u00edticos Veracruz"},"image":{"@id":"https:\/\/lospoliticosveracruz.com\/#\/schema\/logo\/image\/"},"sameAs":["https:\/\/www.facebook.com\/people\/Notimemes-de-los-Polticos\/61565672886568\/","https:\/\/x.com\/LosPoliticosVer"]},{"@type":"Person","@id":"https:\/\/lospoliticosveracruz.com\/#\/schema\/person\/b8702bb0e538456e6efd07080bf2a4a2","name":"Lo viste en Los Pol\u00edticos","image":{"@type":"ImageObject","inLanguage":"es","@id":"https:\/\/secure.gravatar.com\/avatar\/3a8de04a2656d44082be478bd6c086daa447c4651605818287b9532d3d0bd435?s=96&d=mm&r=g","url":"https:\/\/secure.gravatar.com\/avatar\/3a8de04a2656d44082be478bd6c086daa447c4651605818287b9532d3d0bd435?s=96&d=mm&r=g","contentUrl":"https:\/\/secure.gravatar.com\/avatar\/3a8de04a2656d44082be478bd6c086daa447c4651605818287b9532d3d0bd435?s=96&d=mm&r=g","caption":"Lo viste en Los Pol\u00edticos"},"url":"https:\/\/lospoliticosveracruz.com\/?author=2"}]}},"_links":{"self":[{"href":"https:\/\/lospoliticosveracruz.com\/index.php?rest_route=\/wp\/v2\/posts\/149442","targetHints":{"allow":["GET"]}}],"collection":[{"href":"https:\/\/lospoliticosveracruz.com\/index.php?rest_route=\/wp\/v2\/posts"}],"about":[{"href":"https:\/\/lospoliticosveracruz.com\/index.php?rest_route=\/wp\/v2\/types\/post"}],"author":[{"embeddable":true,"href":"https:\/\/lospoliticosveracruz.com\/index.php?rest_route=\/wp\/v2\/users\/2"}],"replies":[{"embeddable":true,"href":"https:\/\/lospoliticosveracruz.com\/index.php?rest_route=%2Fwp%2Fv2%2Fcomments&post=149442"}],"version-history":[{"count":2,"href":"https:\/\/lospoliticosveracruz.com\/index.php?rest_route=\/wp\/v2\/posts\/149442\/revisions"}],"predecessor-version":[{"id":149447,"href":"https:\/\/lospoliticosveracruz.com\/index.php?rest_route=\/wp\/v2\/posts\/149442\/revisions\/149447"}],"wp:featuredmedia":[{"embeddable":true,"href":"https:\/\/lospoliticosveracruz.com\/index.php?rest_route=\/wp\/v2\/media\/141427"}],"wp:attachment":[{"href":"https:\/\/lospoliticosveracruz.com\/index.php?rest_route=%2Fwp%2Fv2%2Fmedia&parent=149442"}],"wp:term":[{"taxonomy":"category","embeddable":true,"href":"https:\/\/lospoliticosveracruz.com\/index.php?rest_route=%2Fwp%2Fv2%2Fcategories&post=149442"},{"taxonomy":"post_tag","embeddable":true,"href":"https:\/\/lospoliticosveracruz.com\/index.php?rest_route=%2Fwp%2Fv2%2Ftags&post=149442"}],"curies":[{"name":"wp","href":"https:\/\/api.w.org\/{rel}","templated":true}]}}