{"id":149594,"date":"2025-07-28T11:28:35","date_gmt":"2025-07-28T16:28:35","guid":{"rendered":"https:\/\/lospoliticosveracruz.com.mx\/?p=149594"},"modified":"2025-07-28T11:28:52","modified_gmt":"2025-07-28T16:28:52","slug":"caso-irma","status":"publish","type":"post","link":"https:\/\/lospoliticosveracruz.com\/?p=149594","title":{"rendered":"CASO IRMA"},"content":{"rendered":"\n\n\n<p><br><strong>Bernardo Guti\u00e9rrez Parra<\/strong><\/p>\n\n\n\n<p><em>Desde el Caf\u00e9<\/em><\/p>\n\n\n\n<p>Una desafortunada declaraci\u00f3n de la gobernadora&nbsp;<strong>Roc\u00edo Nahle<\/strong>&nbsp;sobre la muerte de la maestra jubilada&nbsp;<strong>Irma Hern\u00e1ndez Cruz<\/strong>, que laboraba como taxista, encendi\u00f3 las redes y provoc\u00f3 las m\u00e1s acres reacciones.<\/p>\n\n\n\n\n\n<p>Como bien sabes lector,&nbsp;<strong>Irma<\/strong>&nbsp;fue privada de su libertad por unos sujetos encapuchados frente al mercado municipal de&nbsp;<strong>\u00c1lamo<\/strong>&nbsp;el pasado viernes 18. Poco despu\u00e9s se difundi\u00f3 un video en las redes donde se le ve arrodillada, rodeada de una docena de sujetos con armas largas y dando un mensaje: \u201c<strong>Compa\u00f1eros taxistas, con la mafia veracruzana no se juega. Paguen su cuota como debe ser o van a terminar como yo<\/strong>\u201d.<\/p>\n\n\n\n<p>Despu\u00e9s apareci\u00f3 sin vida en un predio de&nbsp;<strong>\u00c1lamo<\/strong>.<\/p>\n\n\n\n<p>M\u00e1s tarde la gobernadora&nbsp;<strong>Nahle<\/strong>&nbsp;dijo: \u201c<strong>Fue violentada. Nos est\u00e1n indicando los forenses que a ra\u00edz de la violencia, le dio un infarto<\/strong>\u201d, lo que provoc\u00f3 las m\u00e1s enconadas reacciones.<\/p>\n\n\n\n<p>\u201c<strong>Ahora resulta que la maestra muri\u00f3 por culpa de los triglic\u00e9ridos, el colesterol y la glucosa elevada y no por las balas de los maleantes<\/strong>\u201d, dijo con sarc\u00e1stica acidez un cibernauta.<\/p>\n\n\n\n<p>Aunque puede tener raz\u00f3n la gobernadora: la maestra de 62 a\u00f1os necesitaba tomar medicamentos de manera peri\u00f3dica, y la falta de \u00e9stos aunada a la tortura f\u00edsica y sicol\u00f3gica, le provocaron un infarto que la llev\u00f3 a la tumba.<\/p>\n\n\n\n<p>La informaci\u00f3n es cre\u00edble pero no le correspond\u00eda a&nbsp;<strong>Roc\u00edo Nahle<\/strong>&nbsp;darla a conocer sino a la&nbsp;<strong>Fiscal\u00eda estatal<\/strong>, pero como su titular&nbsp;<strong>Ver\u00f3nica Hern\u00e1ndez Giad\u00e1ns<\/strong>, ha perdido la poca credibilidad que ten\u00eda (si alguna vez tuvo credibilidad), el indicado era el responsable del&nbsp;<strong>Servicio M\u00e9dico Forense<\/strong>&nbsp;cuyas explicaciones, incluso las del infarto, nadie hubiera puesto en duda.<\/p>\n\n\n\n<p>Ahora que si tantito me apuras lector, dar esa informaci\u00f3n no corresponde a ninguno de los tres al menos en este momento, porque el informe del forense forma parte de una&nbsp;<strong>carpeta de investigaci\u00f3n<\/strong>que, se supone, requiere por ley de secrec\u00eda.<\/p>\n\n\n\n<p>Es comprensible que en su deseo porque la muerte de la maestra se aclare lo antes posible, la se\u00f1ora&nbsp;<strong>Nahle<\/strong>&nbsp;dijera lo que dijo, pero alborot\u00f3 el avispero.<\/p>\n\n\n\n<p>Mientras personajes como el l\u00edder nacional del&nbsp;<strong>PAN<\/strong>,&nbsp;<strong>Jorge Romero<\/strong>, dijo que&nbsp;<strong>Irma<\/strong>&nbsp;era una mujer trabajadora que se ganaba la vida con dignidad en un pa\u00eds donde miles de mexicanas viven en la precariedad y el miedo, circula una versi\u00f3n donde se asegura que la maestra pertenec\u00eda a un grupo encargado de cobrar cuotas a los taxistas, pero que quiso cambiarse a otro grupo por lo que la secuestraron y mataron.<\/p>\n\n\n\n<p>Ambas versiones, diametralmente opuestas, provocar\u00e1n m\u00e1s confusi\u00f3n y si a esto le agregamos la poca o nula credibilidad en la&nbsp;<strong>Fiscal\u00eda estatal<\/strong>, el potaje qued\u00f3 listo para un enredo perfecto.<\/p>\n\n\n\n<p>El viernes la gobernadora pidi\u00f3 a los taxistas: \u201c<strong>Si los est\u00e1n extorsionando, si los est\u00e1n chantajeando, denuncien<\/strong>\u201d. Pero hubo alguien que no alcanz\u00f3 a denunciar y fue el taxista del&nbsp;<strong>Tsuru n\u00famero econ\u00f3mico 592<\/strong>&nbsp;que presta sus servicios en&nbsp;<strong>Tuxpan<\/strong>.<\/p>\n\n\n\n<p>De acuerdo con versiones preliminares, el taxista circulaba el s\u00e1bado por la ma\u00f1ana sobre la carretera&nbsp;<strong>Tuxpan-Cazones<\/strong>&nbsp;cuando unos sujetos lo obligaron a detenerse, abrieron fuego contra su unidad, hirieron a un pasajero y se llevaron al taxista del que no se sabe nada hasta el momento.<\/p>\n\n\n\n<p>\u201c<strong>Otro levant\u00f3n como \u00e9ste y pararemos todos porque m\u00e1s que miedo tenemos p\u00e1nico. Estamos desamparados, nadie nos ayuda<\/strong>\u201d, me dijo un conocido tuxpe\u00f1o que trabaja en un taxi.<\/p>\n\n\n\n<p>Lo que diga hoy la gobernadora en su conferencia debe ser lo suficientemente firme para devolverle la confianza a los trabajadores del volante, porque de lo contrario el problema puede crecer y salirse de cauce.<\/p>\n\n\n\n<p>Sus palabras deben ser las justas, adem\u00e1s de precisas y claras. Si sale con que as\u00ed le dejaron el estado los de antes le estar\u00e1 pegando a su antecesor y ese sujeto es punto menos que intocable.<\/p>\n\n\n\n<p><strong>Por ahora\u2026<\/strong><\/p>\n\n\n\n<p><strong>bernagup28@gmail.com<\/strong><\/p>\n\n\n\n<p><\/p>\n\n\n\n<p>Roc\u00edo Nahle declaraciones pol\u00e9micas<\/p>\n\n\n\n<p>violencia contra taxistas Veracruz<\/p>\n\n\n\n<p>crimen organizado en \u00c1lamo<\/p>\n\n\n\n<p>Fiscal\u00eda Veracruz credibilidad<\/p>\n\n\n\n<p><\/p>\n","protected":false},"excerpt":{"rendered":"<p>Bernardo Guti\u00e9rrez Parra Desde el Caf\u00e9 Una desafortunada declaraci\u00f3n de la gobernadora&nbsp;Roc\u00edo Nahle&nbsp;sobre la muerte de la maestra jubilada&nbsp;Irma Hern\u00e1ndez Cruz, que laboraba como taxista, encendi\u00f3 las redes y provoc\u00f3 las m\u00e1s acres reacciones. Como bien sabes lector,&nbsp;Irma&nbsp;fue privada de su libertad por unos sujetos encapuchados frente al mercado municipal de&nbsp;\u00c1lamo&nbsp;el pasado viernes 18. Poco [&hellip;]<\/p>\n","protected":false},"author":2,"featured_media":141479,"comment_status":"closed","ping_status":"closed","sticky":false,"template":"","format":"standard","meta":{"tdm_status":"","tdm_grid_status":"","footnotes":""},"categories":[70],"tags":[],"class_list":{"0":"post-149594","1":"post","2":"type-post","3":"status-publish","4":"format-standard","5":"has-post-thumbnail","7":"category-de-opinion"},"yoast_head":"<!-- This site is optimized with the Yoast SEO plugin v27.4 - https:\/\/yoast.com\/product\/yoast-seo-wordpress\/ -->\n<title>CASO IRMA - Los pol\u00edticos Veracruz<\/title>\n<meta name=\"robots\" content=\"index, follow, max-snippet:-1, max-image-preview:large, max-video-preview:-1\" \/>\n<link rel=\"canonical\" href=\"https:\/\/lospoliticosveracruz.com\/?p=149594\" \/>\n<meta property=\"og:locale\" content=\"es_ES\" \/>\n<meta property=\"og:type\" content=\"article\" \/>\n<meta property=\"og:title\" content=\"CASO IRMA - Los pol\u00edticos Veracruz\" \/>\n<meta property=\"og:description\" content=\"Bernardo Guti\u00e9rrez Parra Desde el Caf\u00e9 Una desafortunada declaraci\u00f3n de la gobernadora&nbsp;Roc\u00edo Nahle&nbsp;sobre la muerte de la maestra jubilada&nbsp;Irma Hern\u00e1ndez Cruz, que laboraba como taxista, encendi\u00f3 las redes y provoc\u00f3 las m\u00e1s acres reacciones. Como bien sabes lector,&nbsp;Irma&nbsp;fue privada de su libertad por unos sujetos encapuchados frente al mercado municipal de&nbsp;\u00c1lamo&nbsp;el pasado viernes 18. Poco [&hellip;]\" \/>\n<meta property=\"og:url\" content=\"https:\/\/lospoliticosveracruz.com\/?p=149594\" \/>\n<meta property=\"og:site_name\" content=\"Los pol\u00edticos Veracruz\" \/>\n<meta property=\"article:publisher\" content=\"https:\/\/www.facebook.com\/people\/Notimemes-de-los-Polticos\/61565672886568\/\" \/>\n<meta property=\"article:published_time\" content=\"2025-07-28T16:28:35+00:00\" \/>\n<meta property=\"article:modified_time\" content=\"2025-07-28T16:28:52+00:00\" \/>\n<meta property=\"og:image\" content=\"https:\/\/lospoliticosveracruz.com\/wp-content\/uploads\/2025\/04\/Bernardo-Gutierrez-Parra.jpg\" \/>\n\t<meta property=\"og:image:width\" content=\"1250\" \/>\n\t<meta property=\"og:image:height\" content=\"667\" \/>\n\t<meta property=\"og:image:type\" content=\"image\/jpeg\" \/>\n<meta name=\"author\" content=\"Lo viste en Los Pol\u00edticos\" \/>\n<meta name=\"twitter:card\" content=\"summary_large_image\" \/>\n<meta name=\"twitter:creator\" content=\"@LosPoliticosVer\" \/>\n<meta name=\"twitter:site\" content=\"@LosPoliticosVer\" \/>\n<meta name=\"twitter:label1\" content=\"Escrito por\" \/>\n\t<meta name=\"twitter:data1\" content=\"Lo viste en Los Pol\u00edticos\" \/>\n\t<meta name=\"twitter:label2\" content=\"Tiempo de lectura\" \/>\n\t<meta name=\"twitter:data2\" content=\"4 minutos\" \/>\n<script type=\"application\/ld+json\" class=\"yoast-schema-graph\">{\"@context\":\"https:\\\/\\\/schema.org\",\"@graph\":[{\"@type\":\"Article\",\"@id\":\"https:\\\/\\\/lospoliticosveracruz.com\\\/?p=149594#article\",\"isPartOf\":{\"@id\":\"https:\\\/\\\/lospoliticosveracruz.com\\\/?p=149594\"},\"author\":{\"name\":\"Lo viste en Los Pol\u00edticos\",\"@id\":\"https:\\\/\\\/lospoliticosveracruz.com\\\/#\\\/schema\\\/person\\\/b8702bb0e538456e6efd07080bf2a4a2\"},\"headline\":\"CASO IRMA\",\"datePublished\":\"2025-07-28T16:28:35+00:00\",\"dateModified\":\"2025-07-28T16:28:52+00:00\",\"mainEntityOfPage\":{\"@id\":\"https:\\\/\\\/lospoliticosveracruz.com\\\/?p=149594\"},\"wordCount\":737,\"publisher\":{\"@id\":\"https:\\\/\\\/lospoliticosveracruz.com\\\/#organization\"},\"image\":{\"@id\":\"https:\\\/\\\/lospoliticosveracruz.com\\\/?p=149594#primaryimage\"},\"thumbnailUrl\":\"https:\\\/\\\/lospoliticosveracruz.com\\\/wp-content\\\/uploads\\\/2025\\\/04\\\/Bernardo-Gutierrez-Parra.jpg\",\"articleSection\":[\"De Opini\u00f3n\"],\"inLanguage\":\"es\"},{\"@type\":\"WebPage\",\"@id\":\"https:\\\/\\\/lospoliticosveracruz.com\\\/?p=149594\",\"url\":\"https:\\\/\\\/lospoliticosveracruz.com\\\/?p=149594\",\"name\":\"CASO IRMA - Los pol\u00edticos Veracruz\",\"isPartOf\":{\"@id\":\"https:\\\/\\\/lospoliticosveracruz.com\\\/#website\"},\"primaryImageOfPage\":{\"@id\":\"https:\\\/\\\/lospoliticosveracruz.com\\\/?p=149594#primaryimage\"},\"image\":{\"@id\":\"https:\\\/\\\/lospoliticosveracruz.com\\\/?p=149594#primaryimage\"},\"thumbnailUrl\":\"https:\\\/\\\/lospoliticosveracruz.com\\\/wp-content\\\/uploads\\\/2025\\\/04\\\/Bernardo-Gutierrez-Parra.jpg\",\"datePublished\":\"2025-07-28T16:28:35+00:00\",\"dateModified\":\"2025-07-28T16:28:52+00:00\",\"breadcrumb\":{\"@id\":\"https:\\\/\\\/lospoliticosveracruz.com\\\/?p=149594#breadcrumb\"},\"inLanguage\":\"es\",\"potentialAction\":[{\"@type\":\"ReadAction\",\"target\":[\"https:\\\/\\\/lospoliticosveracruz.com\\\/?p=149594\"]}]},{\"@type\":\"ImageObject\",\"inLanguage\":\"es\",\"@id\":\"https:\\\/\\\/lospoliticosveracruz.com\\\/?p=149594#primaryimage\",\"url\":\"https:\\\/\\\/lospoliticosveracruz.com\\\/wp-content\\\/uploads\\\/2025\\\/04\\\/Bernardo-Gutierrez-Parra.jpg\",\"contentUrl\":\"https:\\\/\\\/lospoliticosveracruz.com\\\/wp-content\\\/uploads\\\/2025\\\/04\\\/Bernardo-Gutierrez-Parra.jpg\",\"width\":1250,\"height\":667},{\"@type\":\"BreadcrumbList\",\"@id\":\"https:\\\/\\\/lospoliticosveracruz.com\\\/?p=149594#breadcrumb\",\"itemListElement\":[{\"@type\":\"ListItem\",\"position\":1,\"name\":\"Portada\",\"item\":\"https:\\\/\\\/lospoliticosveracruz.com\\\/\"},{\"@type\":\"ListItem\",\"position\":2,\"name\":\"CASO IRMA\"}]},{\"@type\":\"WebSite\",\"@id\":\"https:\\\/\\\/lospoliticosveracruz.com\\\/#website\",\"url\":\"https:\\\/\\\/lospoliticosveracruz.com\\\/\",\"name\":\"Los pol\u00edticos Veracruz\",\"description\":\"\",\"publisher\":{\"@id\":\"https:\\\/\\\/lospoliticosveracruz.com\\\/#organization\"},\"potentialAction\":[{\"@type\":\"SearchAction\",\"target\":{\"@type\":\"EntryPoint\",\"urlTemplate\":\"https:\\\/\\\/lospoliticosveracruz.com\\\/?s={search_term_string}\"},\"query-input\":{\"@type\":\"PropertyValueSpecification\",\"valueRequired\":true,\"valueName\":\"search_term_string\"}}],\"inLanguage\":\"es\"},{\"@type\":\"Organization\",\"@id\":\"https:\\\/\\\/lospoliticosveracruz.com\\\/#organization\",\"name\":\"Los pol\u00edticos Veracruz\",\"url\":\"https:\\\/\\\/lospoliticosveracruz.com\\\/\",\"logo\":{\"@type\":\"ImageObject\",\"inLanguage\":\"es\",\"@id\":\"https:\\\/\\\/lospoliticosveracruz.com\\\/#\\\/schema\\\/logo\\\/image\\\/\",\"url\":\"https:\\\/\\\/lospoliticosveracruz.com\\\/wp-content\\\/uploads\\\/2025\\\/12\\\/Logo-Nuevo-LOS-POLITICOS-1.jpg\",\"contentUrl\":\"https:\\\/\\\/lospoliticosveracruz.com\\\/wp-content\\\/uploads\\\/2025\\\/12\\\/Logo-Nuevo-LOS-POLITICOS-1.jpg\",\"width\":260,\"height\":70,\"caption\":\"Los pol\u00edticos Veracruz\"},\"image\":{\"@id\":\"https:\\\/\\\/lospoliticosveracruz.com\\\/#\\\/schema\\\/logo\\\/image\\\/\"},\"sameAs\":[\"https:\\\/\\\/www.facebook.com\\\/people\\\/Notimemes-de-los-Polticos\\\/61565672886568\\\/\",\"https:\\\/\\\/x.com\\\/LosPoliticosVer\"]},{\"@type\":\"Person\",\"@id\":\"https:\\\/\\\/lospoliticosveracruz.com\\\/#\\\/schema\\\/person\\\/b8702bb0e538456e6efd07080bf2a4a2\",\"name\":\"Lo viste en Los Pol\u00edticos\",\"image\":{\"@type\":\"ImageObject\",\"inLanguage\":\"es\",\"@id\":\"https:\\\/\\\/secure.gravatar.com\\\/avatar\\\/3a8de04a2656d44082be478bd6c086daa447c4651605818287b9532d3d0bd435?s=96&d=mm&r=g\",\"url\":\"https:\\\/\\\/secure.gravatar.com\\\/avatar\\\/3a8de04a2656d44082be478bd6c086daa447c4651605818287b9532d3d0bd435?s=96&d=mm&r=g\",\"contentUrl\":\"https:\\\/\\\/secure.gravatar.com\\\/avatar\\\/3a8de04a2656d44082be478bd6c086daa447c4651605818287b9532d3d0bd435?s=96&d=mm&r=g\",\"caption\":\"Lo viste en Los Pol\u00edticos\"},\"url\":\"https:\\\/\\\/lospoliticosveracruz.com\\\/?author=2\"}]}<\/script>\n<!-- \/ Yoast SEO plugin. -->","yoast_head_json":{"title":"CASO IRMA - Los pol\u00edticos Veracruz","robots":{"index":"index","follow":"follow","max-snippet":"max-snippet:-1","max-image-preview":"max-image-preview:large","max-video-preview":"max-video-preview:-1"},"canonical":"https:\/\/lospoliticosveracruz.com\/?p=149594","og_locale":"es_ES","og_type":"article","og_title":"CASO IRMA - Los pol\u00edticos Veracruz","og_description":"Bernardo Guti\u00e9rrez Parra Desde el Caf\u00e9 Una desafortunada declaraci\u00f3n de la gobernadora&nbsp;Roc\u00edo Nahle&nbsp;sobre la muerte de la maestra jubilada&nbsp;Irma Hern\u00e1ndez Cruz, que laboraba como taxista, encendi\u00f3 las redes y provoc\u00f3 las m\u00e1s acres reacciones. Como bien sabes lector,&nbsp;Irma&nbsp;fue privada de su libertad por unos sujetos encapuchados frente al mercado municipal de&nbsp;\u00c1lamo&nbsp;el pasado viernes 18. Poco [&hellip;]","og_url":"https:\/\/lospoliticosveracruz.com\/?p=149594","og_site_name":"Los pol\u00edticos Veracruz","article_publisher":"https:\/\/www.facebook.com\/people\/Notimemes-de-los-Polticos\/61565672886568\/","article_published_time":"2025-07-28T16:28:35+00:00","article_modified_time":"2025-07-28T16:28:52+00:00","og_image":[{"width":1250,"height":667,"url":"https:\/\/lospoliticosveracruz.com\/wp-content\/uploads\/2025\/04\/Bernardo-Gutierrez-Parra.jpg","type":"image\/jpeg"}],"author":"Lo viste en Los Pol\u00edticos","twitter_card":"summary_large_image","twitter_creator":"@LosPoliticosVer","twitter_site":"@LosPoliticosVer","twitter_misc":{"Escrito por":"Lo viste en Los Pol\u00edticos","Tiempo de lectura":"4 minutos"},"schema":{"@context":"https:\/\/schema.org","@graph":[{"@type":"Article","@id":"https:\/\/lospoliticosveracruz.com\/?p=149594#article","isPartOf":{"@id":"https:\/\/lospoliticosveracruz.com\/?p=149594"},"author":{"name":"Lo viste en Los Pol\u00edticos","@id":"https:\/\/lospoliticosveracruz.com\/#\/schema\/person\/b8702bb0e538456e6efd07080bf2a4a2"},"headline":"CASO IRMA","datePublished":"2025-07-28T16:28:35+00:00","dateModified":"2025-07-28T16:28:52+00:00","mainEntityOfPage":{"@id":"https:\/\/lospoliticosveracruz.com\/?p=149594"},"wordCount":737,"publisher":{"@id":"https:\/\/lospoliticosveracruz.com\/#organization"},"image":{"@id":"https:\/\/lospoliticosveracruz.com\/?p=149594#primaryimage"},"thumbnailUrl":"https:\/\/lospoliticosveracruz.com\/wp-content\/uploads\/2025\/04\/Bernardo-Gutierrez-Parra.jpg","articleSection":["De Opini\u00f3n"],"inLanguage":"es"},{"@type":"WebPage","@id":"https:\/\/lospoliticosveracruz.com\/?p=149594","url":"https:\/\/lospoliticosveracruz.com\/?p=149594","name":"CASO IRMA - Los pol\u00edticos Veracruz","isPartOf":{"@id":"https:\/\/lospoliticosveracruz.com\/#website"},"primaryImageOfPage":{"@id":"https:\/\/lospoliticosveracruz.com\/?p=149594#primaryimage"},"image":{"@id":"https:\/\/lospoliticosveracruz.com\/?p=149594#primaryimage"},"thumbnailUrl":"https:\/\/lospoliticosveracruz.com\/wp-content\/uploads\/2025\/04\/Bernardo-Gutierrez-Parra.jpg","datePublished":"2025-07-28T16:28:35+00:00","dateModified":"2025-07-28T16:28:52+00:00","breadcrumb":{"@id":"https:\/\/lospoliticosveracruz.com\/?p=149594#breadcrumb"},"inLanguage":"es","potentialAction":[{"@type":"ReadAction","target":["https:\/\/lospoliticosveracruz.com\/?p=149594"]}]},{"@type":"ImageObject","inLanguage":"es","@id":"https:\/\/lospoliticosveracruz.com\/?p=149594#primaryimage","url":"https:\/\/lospoliticosveracruz.com\/wp-content\/uploads\/2025\/04\/Bernardo-Gutierrez-Parra.jpg","contentUrl":"https:\/\/lospoliticosveracruz.com\/wp-content\/uploads\/2025\/04\/Bernardo-Gutierrez-Parra.jpg","width":1250,"height":667},{"@type":"BreadcrumbList","@id":"https:\/\/lospoliticosveracruz.com\/?p=149594#breadcrumb","itemListElement":[{"@type":"ListItem","position":1,"name":"Portada","item":"https:\/\/lospoliticosveracruz.com\/"},{"@type":"ListItem","position":2,"name":"CASO IRMA"}]},{"@type":"WebSite","@id":"https:\/\/lospoliticosveracruz.com\/#website","url":"https:\/\/lospoliticosveracruz.com\/","name":"Los pol\u00edticos Veracruz","description":"","publisher":{"@id":"https:\/\/lospoliticosveracruz.com\/#organization"},"potentialAction":[{"@type":"SearchAction","target":{"@type":"EntryPoint","urlTemplate":"https:\/\/lospoliticosveracruz.com\/?s={search_term_string}"},"query-input":{"@type":"PropertyValueSpecification","valueRequired":true,"valueName":"search_term_string"}}],"inLanguage":"es"},{"@type":"Organization","@id":"https:\/\/lospoliticosveracruz.com\/#organization","name":"Los pol\u00edticos Veracruz","url":"https:\/\/lospoliticosveracruz.com\/","logo":{"@type":"ImageObject","inLanguage":"es","@id":"https:\/\/lospoliticosveracruz.com\/#\/schema\/logo\/image\/","url":"https:\/\/lospoliticosveracruz.com\/wp-content\/uploads\/2025\/12\/Logo-Nuevo-LOS-POLITICOS-1.jpg","contentUrl":"https:\/\/lospoliticosveracruz.com\/wp-content\/uploads\/2025\/12\/Logo-Nuevo-LOS-POLITICOS-1.jpg","width":260,"height":70,"caption":"Los pol\u00edticos Veracruz"},"image":{"@id":"https:\/\/lospoliticosveracruz.com\/#\/schema\/logo\/image\/"},"sameAs":["https:\/\/www.facebook.com\/people\/Notimemes-de-los-Polticos\/61565672886568\/","https:\/\/x.com\/LosPoliticosVer"]},{"@type":"Person","@id":"https:\/\/lospoliticosveracruz.com\/#\/schema\/person\/b8702bb0e538456e6efd07080bf2a4a2","name":"Lo viste en Los Pol\u00edticos","image":{"@type":"ImageObject","inLanguage":"es","@id":"https:\/\/secure.gravatar.com\/avatar\/3a8de04a2656d44082be478bd6c086daa447c4651605818287b9532d3d0bd435?s=96&d=mm&r=g","url":"https:\/\/secure.gravatar.com\/avatar\/3a8de04a2656d44082be478bd6c086daa447c4651605818287b9532d3d0bd435?s=96&d=mm&r=g","contentUrl":"https:\/\/secure.gravatar.com\/avatar\/3a8de04a2656d44082be478bd6c086daa447c4651605818287b9532d3d0bd435?s=96&d=mm&r=g","caption":"Lo viste en Los Pol\u00edticos"},"url":"https:\/\/lospoliticosveracruz.com\/?author=2"}]}},"_links":{"self":[{"href":"https:\/\/lospoliticosveracruz.com\/index.php?rest_route=\/wp\/v2\/posts\/149594","targetHints":{"allow":["GET"]}}],"collection":[{"href":"https:\/\/lospoliticosveracruz.com\/index.php?rest_route=\/wp\/v2\/posts"}],"about":[{"href":"https:\/\/lospoliticosveracruz.com\/index.php?rest_route=\/wp\/v2\/types\/post"}],"author":[{"embeddable":true,"href":"https:\/\/lospoliticosveracruz.com\/index.php?rest_route=\/wp\/v2\/users\/2"}],"replies":[{"embeddable":true,"href":"https:\/\/lospoliticosveracruz.com\/index.php?rest_route=%2Fwp%2Fv2%2Fcomments&post=149594"}],"version-history":[{"count":1,"href":"https:\/\/lospoliticosveracruz.com\/index.php?rest_route=\/wp\/v2\/posts\/149594\/revisions"}],"predecessor-version":[{"id":149595,"href":"https:\/\/lospoliticosveracruz.com\/index.php?rest_route=\/wp\/v2\/posts\/149594\/revisions\/149595"}],"wp:featuredmedia":[{"embeddable":true,"href":"https:\/\/lospoliticosveracruz.com\/index.php?rest_route=\/wp\/v2\/media\/141479"}],"wp:attachment":[{"href":"https:\/\/lospoliticosveracruz.com\/index.php?rest_route=%2Fwp%2Fv2%2Fmedia&parent=149594"}],"wp:term":[{"taxonomy":"category","embeddable":true,"href":"https:\/\/lospoliticosveracruz.com\/index.php?rest_route=%2Fwp%2Fv2%2Fcategories&post=149594"},{"taxonomy":"post_tag","embeddable":true,"href":"https:\/\/lospoliticosveracruz.com\/index.php?rest_route=%2Fwp%2Fv2%2Ftags&post=149594"}],"curies":[{"name":"wp","href":"https:\/\/api.w.org\/{rel}","templated":true}]}}