{"id":149728,"date":"2025-07-30T08:19:50","date_gmt":"2025-07-30T13:19:50","guid":{"rendered":"https:\/\/lospoliticosveracruz.com.mx\/?p=149728"},"modified":"2025-07-30T08:20:22","modified_gmt":"2025-07-30T13:20:22","slug":"la-corte-de-los-tramposos","status":"publish","type":"post","link":"https:\/\/lospoliticosveracruz.com\/?p=149728","title":{"rendered":"LA CORTE DE LOS TRAMPOSOS"},"content":{"rendered":"\n\n\n<p><\/p>\n\n\n\n<p><strong>Omar Z\u00fa\u00f1iga<\/strong><\/p>\n\n\n\n<p><em>De Primera Mano<\/em><\/p>\n\n\n\n<p>\u201cPero la ilegalidad encontrada o manifiesta en nuestras voces o por otras voces no nos debe de llevar a este Instituto a intentar salir adelante con otra ilegalidad\u201d.<\/p>\n\n\n\n<p>Esta joya filos\u00f3fica en la era moderna de nuestro pa\u00eds se la debemos a la maestra&nbsp;<strong>Guadalupe Taddei<\/strong>, consejera Presidenta del Instituto Nacional Electoral, en la votaci\u00f3n en la que el Consejo General del INE, por 6 a 5, aprob\u00f3 multar a los jueces y magistrados que aparecieron en los mentados acordeones, incluidos por supuesto, los ministros de la Suprema Corte de Justicia de la Naci\u00f3n.<\/p>\n\n\n\n<p>En resumidas cuentas, las sanciones pecuniarias, se impusieron de acuerdo al grado en que habr\u00edan violentado la ley, apareciendo tanto en acordeones f\u00edsicos como digitales, es decir, aseg\u00fan el sapo es la pedrada.<\/p>\n\n\n\n<p>As\u00ed las cosas, para la Suprema Corte, la sanci\u00f3n m\u00e1s alta es para&nbsp;<strong>Loretta Ortiz<\/strong>, por 255 mil 017 pesos; sigue&nbsp;<strong>Yasm\u00edn Esquivel<\/strong>&nbsp;(la ministra del plagio) por 190 mil 980 pesos;&nbsp;<strong>Sara Irene Herrer\u00edas<\/strong>por 138 mil 030 y&nbsp;<strong>Mar\u00eda Estela R\u00edos<\/strong>&nbsp;por 125 mil 811 pesos.<\/p>\n\n\n\n<p><strong>Giovanni Figueroa<\/strong>&nbsp;por 94 mil 358;&nbsp;<strong>Lenia Batres Guadarrama<\/strong>&nbsp;con 89 mil 380 pesos;&nbsp;<strong>Ar\u00edstides Guerrero<\/strong>&nbsp;por 80 mil 555 pesos; quien presidir\u00e1 la SCJN &nbsp;<strong>Hugo Aguilar<\/strong>, con 79 mil 424 pesos y al fondo,&nbsp;<strong>Irving Espinosa Betanzo<\/strong>, con 79 mil 198 pesos.<\/p>\n\n\n\n<p>No queda t\u00edtere con cabeza, todos y cada de los unos de los Ministros de la Suprema Corte de Justicia de la Naci\u00f3n por los pr\u00f3ximos 12 a\u00f1os son sancionados, porque les encontraron mayor o menor grado de culpabilidad.<\/p>\n\n\n\n<p>Estamos, pues, ante la Corte de los tramposos.<\/p>\n\n\n\n<p>Y a\u00fan con esto, la presidenta Claudia Sheinbaum, defendiendo lo indefendible, asegura que esto es mejor que el antiguo sistema de elecci\u00f3n.<\/p>\n\n\n\n<p>Todo cobra sentido a cada momento.<\/p>\n\n\n\n<p>Convalida una ilegalidad que ser\u00e1 la encargada del m\u00e1ximo tribunal del pa\u00eds y que adem\u00e1s ser\u00e1 depositaria del Poder Judicial de la Rep\u00fablica.<\/p>\n\n\n\n<p>Ellos,&nbsp;los llamados constructores de la Cuarta Transformaci\u00f3n, como&nbsp;<strong>Jos\u00e9 Alfredo<\/strong>, viven en un Mundo Raro.<\/p>\n\n\n\n<p>*****<\/p>\n\n\n\n<p>Para documentar el optimismo, el consejero&nbsp;<strong>Jaime Rivera<\/strong>&nbsp;(que dicho sea de paso, vot\u00f3 a favor de este dictamen y en contra de declarar v\u00e1lida la elecci\u00f3n judicial) , advirti\u00f3 que la distribuci\u00f3n de acordeones s\u00f3lo ser\u00eda posible con el respaldo de grupos de poder pol\u00edtico, ya sea partidos o incluso crimen organizado, lo cual suplanta la voluntad ciudadana.<\/p>\n\n\n\n<p>\u201cTales entes pol\u00edticos u organizaciones pudieron ser: gobiernos, partidos pol\u00edticos, gremios asociados a partidos o grupos delincuenciales, obviamente, todos ellos tienen prohibido por la ley tal intervenci\u00f3n en esta clase de elecciones\u201d. Uuuufff.<\/p>\n\n\n\n<p>\u00a1Qu\u00e9 barbaridad!<\/p>\n\n\n\n<p>deprimera.mano2020@gmail.com<\/p>\n","protected":false},"excerpt":{"rendered":"<p>Omar Z\u00fa\u00f1iga De Primera Mano \u201cPero la ilegalidad encontrada o manifiesta en nuestras voces o por otras voces no nos debe de llevar a este Instituto a intentar salir adelante con otra ilegalidad\u201d. Esta joya filos\u00f3fica en la era moderna de nuestro pa\u00eds se la debemos a la maestra&nbsp;Guadalupe Taddei, consejera Presidenta del Instituto Nacional [&hellip;]<\/p>\n","protected":false},"author":2,"featured_media":141427,"comment_status":"closed","ping_status":"closed","sticky":false,"template":"","format":"standard","meta":{"tdm_status":"","tdm_grid_status":"","footnotes":""},"categories":[70],"tags":[554],"class_list":{"0":"post-149728","1":"post","2":"type-post","3":"status-publish","4":"format-standard","5":"has-post-thumbnail","7":"category-de-opinion","8":"tag-ine"},"yoast_head":"<!-- This site is optimized with the Yoast SEO plugin v27.4 - https:\/\/yoast.com\/product\/yoast-seo-wordpress\/ -->\n<title>LA CORTE DE LOS TRAMPOSOS - Los pol\u00edticos Veracruz<\/title>\n<meta name=\"robots\" content=\"index, follow, max-snippet:-1, max-image-preview:large, max-video-preview:-1\" \/>\n<link rel=\"canonical\" href=\"https:\/\/lospoliticosveracruz.com\/?p=149728\" \/>\n<meta property=\"og:locale\" content=\"es_ES\" \/>\n<meta property=\"og:type\" content=\"article\" \/>\n<meta property=\"og:title\" content=\"LA CORTE DE LOS TRAMPOSOS - Los pol\u00edticos Veracruz\" \/>\n<meta property=\"og:description\" content=\"Omar Z\u00fa\u00f1iga De Primera Mano \u201cPero la ilegalidad encontrada o manifiesta en nuestras voces o por otras voces no nos debe de llevar a este Instituto a intentar salir adelante con otra ilegalidad\u201d. Esta joya filos\u00f3fica en la era moderna de nuestro pa\u00eds se la debemos a la maestra&nbsp;Guadalupe Taddei, consejera Presidenta del Instituto Nacional [&hellip;]\" \/>\n<meta property=\"og:url\" content=\"https:\/\/lospoliticosveracruz.com\/?p=149728\" \/>\n<meta property=\"og:site_name\" content=\"Los pol\u00edticos Veracruz\" \/>\n<meta property=\"article:publisher\" content=\"https:\/\/www.facebook.com\/people\/Notimemes-de-los-Polticos\/61565672886568\/\" \/>\n<meta property=\"article:published_time\" content=\"2025-07-30T13:19:50+00:00\" \/>\n<meta property=\"article:modified_time\" content=\"2025-07-30T13:20:22+00:00\" \/>\n<meta property=\"og:image\" content=\"https:\/\/lospoliticosveracruz.com\/wp-content\/uploads\/2025\/04\/Omar-Zuniga.jpg\" \/>\n\t<meta property=\"og:image:width\" content=\"1250\" \/>\n\t<meta property=\"og:image:height\" content=\"667\" \/>\n\t<meta property=\"og:image:type\" content=\"image\/jpeg\" \/>\n<meta name=\"author\" content=\"Lo viste en Los Pol\u00edticos\" \/>\n<meta name=\"twitter:card\" content=\"summary_large_image\" \/>\n<meta name=\"twitter:creator\" content=\"@LosPoliticosVer\" \/>\n<meta name=\"twitter:site\" content=\"@LosPoliticosVer\" \/>\n<meta name=\"twitter:label1\" content=\"Escrito por\" \/>\n\t<meta name=\"twitter:data1\" content=\"Lo viste en Los Pol\u00edticos\" \/>\n\t<meta name=\"twitter:label2\" content=\"Tiempo de lectura\" \/>\n\t<meta name=\"twitter:data2\" content=\"2 minutos\" \/>\n<script type=\"application\/ld+json\" class=\"yoast-schema-graph\">{\"@context\":\"https:\\\/\\\/schema.org\",\"@graph\":[{\"@type\":\"Article\",\"@id\":\"https:\\\/\\\/lospoliticosveracruz.com\\\/?p=149728#article\",\"isPartOf\":{\"@id\":\"https:\\\/\\\/lospoliticosveracruz.com\\\/?p=149728\"},\"author\":{\"name\":\"Lo viste en Los Pol\u00edticos\",\"@id\":\"https:\\\/\\\/lospoliticosveracruz.com\\\/#\\\/schema\\\/person\\\/b8702bb0e538456e6efd07080bf2a4a2\"},\"headline\":\"LA CORTE DE LOS TRAMPOSOS\",\"datePublished\":\"2025-07-30T13:19:50+00:00\",\"dateModified\":\"2025-07-30T13:20:22+00:00\",\"mainEntityOfPage\":{\"@id\":\"https:\\\/\\\/lospoliticosveracruz.com\\\/?p=149728\"},\"wordCount\":470,\"publisher\":{\"@id\":\"https:\\\/\\\/lospoliticosveracruz.com\\\/#organization\"},\"image\":{\"@id\":\"https:\\\/\\\/lospoliticosveracruz.com\\\/?p=149728#primaryimage\"},\"thumbnailUrl\":\"https:\\\/\\\/lospoliticosveracruz.com\\\/wp-content\\\/uploads\\\/2025\\\/04\\\/Omar-Zuniga.jpg\",\"keywords\":[\"INE\"],\"articleSection\":[\"De Opini\u00f3n\"],\"inLanguage\":\"es\"},{\"@type\":\"WebPage\",\"@id\":\"https:\\\/\\\/lospoliticosveracruz.com\\\/?p=149728\",\"url\":\"https:\\\/\\\/lospoliticosveracruz.com\\\/?p=149728\",\"name\":\"LA CORTE DE LOS TRAMPOSOS - Los pol\u00edticos Veracruz\",\"isPartOf\":{\"@id\":\"https:\\\/\\\/lospoliticosveracruz.com\\\/#website\"},\"primaryImageOfPage\":{\"@id\":\"https:\\\/\\\/lospoliticosveracruz.com\\\/?p=149728#primaryimage\"},\"image\":{\"@id\":\"https:\\\/\\\/lospoliticosveracruz.com\\\/?p=149728#primaryimage\"},\"thumbnailUrl\":\"https:\\\/\\\/lospoliticosveracruz.com\\\/wp-content\\\/uploads\\\/2025\\\/04\\\/Omar-Zuniga.jpg\",\"datePublished\":\"2025-07-30T13:19:50+00:00\",\"dateModified\":\"2025-07-30T13:20:22+00:00\",\"breadcrumb\":{\"@id\":\"https:\\\/\\\/lospoliticosveracruz.com\\\/?p=149728#breadcrumb\"},\"inLanguage\":\"es\",\"potentialAction\":[{\"@type\":\"ReadAction\",\"target\":[\"https:\\\/\\\/lospoliticosveracruz.com\\\/?p=149728\"]}]},{\"@type\":\"ImageObject\",\"inLanguage\":\"es\",\"@id\":\"https:\\\/\\\/lospoliticosveracruz.com\\\/?p=149728#primaryimage\",\"url\":\"https:\\\/\\\/lospoliticosveracruz.com\\\/wp-content\\\/uploads\\\/2025\\\/04\\\/Omar-Zuniga.jpg\",\"contentUrl\":\"https:\\\/\\\/lospoliticosveracruz.com\\\/wp-content\\\/uploads\\\/2025\\\/04\\\/Omar-Zuniga.jpg\",\"width\":1250,\"height\":667},{\"@type\":\"BreadcrumbList\",\"@id\":\"https:\\\/\\\/lospoliticosveracruz.com\\\/?p=149728#breadcrumb\",\"itemListElement\":[{\"@type\":\"ListItem\",\"position\":1,\"name\":\"Portada\",\"item\":\"https:\\\/\\\/lospoliticosveracruz.com\\\/\"},{\"@type\":\"ListItem\",\"position\":2,\"name\":\"LA CORTE DE LOS TRAMPOSOS\"}]},{\"@type\":\"WebSite\",\"@id\":\"https:\\\/\\\/lospoliticosveracruz.com\\\/#website\",\"url\":\"https:\\\/\\\/lospoliticosveracruz.com\\\/\",\"name\":\"Los pol\u00edticos Veracruz\",\"description\":\"\",\"publisher\":{\"@id\":\"https:\\\/\\\/lospoliticosveracruz.com\\\/#organization\"},\"potentialAction\":[{\"@type\":\"SearchAction\",\"target\":{\"@type\":\"EntryPoint\",\"urlTemplate\":\"https:\\\/\\\/lospoliticosveracruz.com\\\/?s={search_term_string}\"},\"query-input\":{\"@type\":\"PropertyValueSpecification\",\"valueRequired\":true,\"valueName\":\"search_term_string\"}}],\"inLanguage\":\"es\"},{\"@type\":\"Organization\",\"@id\":\"https:\\\/\\\/lospoliticosveracruz.com\\\/#organization\",\"name\":\"Los pol\u00edticos Veracruz\",\"url\":\"https:\\\/\\\/lospoliticosveracruz.com\\\/\",\"logo\":{\"@type\":\"ImageObject\",\"inLanguage\":\"es\",\"@id\":\"https:\\\/\\\/lospoliticosveracruz.com\\\/#\\\/schema\\\/logo\\\/image\\\/\",\"url\":\"https:\\\/\\\/lospoliticosveracruz.com\\\/wp-content\\\/uploads\\\/2025\\\/12\\\/Logo-Nuevo-LOS-POLITICOS-1.jpg\",\"contentUrl\":\"https:\\\/\\\/lospoliticosveracruz.com\\\/wp-content\\\/uploads\\\/2025\\\/12\\\/Logo-Nuevo-LOS-POLITICOS-1.jpg\",\"width\":260,\"height\":70,\"caption\":\"Los pol\u00edticos Veracruz\"},\"image\":{\"@id\":\"https:\\\/\\\/lospoliticosveracruz.com\\\/#\\\/schema\\\/logo\\\/image\\\/\"},\"sameAs\":[\"https:\\\/\\\/www.facebook.com\\\/people\\\/Notimemes-de-los-Polticos\\\/61565672886568\\\/\",\"https:\\\/\\\/x.com\\\/LosPoliticosVer\"]},{\"@type\":\"Person\",\"@id\":\"https:\\\/\\\/lospoliticosveracruz.com\\\/#\\\/schema\\\/person\\\/b8702bb0e538456e6efd07080bf2a4a2\",\"name\":\"Lo viste en Los Pol\u00edticos\",\"image\":{\"@type\":\"ImageObject\",\"inLanguage\":\"es\",\"@id\":\"https:\\\/\\\/secure.gravatar.com\\\/avatar\\\/3a8de04a2656d44082be478bd6c086daa447c4651605818287b9532d3d0bd435?s=96&d=mm&r=g\",\"url\":\"https:\\\/\\\/secure.gravatar.com\\\/avatar\\\/3a8de04a2656d44082be478bd6c086daa447c4651605818287b9532d3d0bd435?s=96&d=mm&r=g\",\"contentUrl\":\"https:\\\/\\\/secure.gravatar.com\\\/avatar\\\/3a8de04a2656d44082be478bd6c086daa447c4651605818287b9532d3d0bd435?s=96&d=mm&r=g\",\"caption\":\"Lo viste en Los Pol\u00edticos\"},\"url\":\"https:\\\/\\\/lospoliticosveracruz.com\\\/?author=2\"}]}<\/script>\n<!-- \/ Yoast SEO plugin. -->","yoast_head_json":{"title":"LA CORTE DE LOS TRAMPOSOS - Los pol\u00edticos Veracruz","robots":{"index":"index","follow":"follow","max-snippet":"max-snippet:-1","max-image-preview":"max-image-preview:large","max-video-preview":"max-video-preview:-1"},"canonical":"https:\/\/lospoliticosveracruz.com\/?p=149728","og_locale":"es_ES","og_type":"article","og_title":"LA CORTE DE LOS TRAMPOSOS - Los pol\u00edticos Veracruz","og_description":"Omar Z\u00fa\u00f1iga De Primera Mano \u201cPero la ilegalidad encontrada o manifiesta en nuestras voces o por otras voces no nos debe de llevar a este Instituto a intentar salir adelante con otra ilegalidad\u201d. Esta joya filos\u00f3fica en la era moderna de nuestro pa\u00eds se la debemos a la maestra&nbsp;Guadalupe Taddei, consejera Presidenta del Instituto Nacional [&hellip;]","og_url":"https:\/\/lospoliticosveracruz.com\/?p=149728","og_site_name":"Los pol\u00edticos Veracruz","article_publisher":"https:\/\/www.facebook.com\/people\/Notimemes-de-los-Polticos\/61565672886568\/","article_published_time":"2025-07-30T13:19:50+00:00","article_modified_time":"2025-07-30T13:20:22+00:00","og_image":[{"width":1250,"height":667,"url":"https:\/\/lospoliticosveracruz.com\/wp-content\/uploads\/2025\/04\/Omar-Zuniga.jpg","type":"image\/jpeg"}],"author":"Lo viste en Los Pol\u00edticos","twitter_card":"summary_large_image","twitter_creator":"@LosPoliticosVer","twitter_site":"@LosPoliticosVer","twitter_misc":{"Escrito por":"Lo viste en Los Pol\u00edticos","Tiempo de lectura":"2 minutos"},"schema":{"@context":"https:\/\/schema.org","@graph":[{"@type":"Article","@id":"https:\/\/lospoliticosveracruz.com\/?p=149728#article","isPartOf":{"@id":"https:\/\/lospoliticosveracruz.com\/?p=149728"},"author":{"name":"Lo viste en Los Pol\u00edticos","@id":"https:\/\/lospoliticosveracruz.com\/#\/schema\/person\/b8702bb0e538456e6efd07080bf2a4a2"},"headline":"LA CORTE DE LOS TRAMPOSOS","datePublished":"2025-07-30T13:19:50+00:00","dateModified":"2025-07-30T13:20:22+00:00","mainEntityOfPage":{"@id":"https:\/\/lospoliticosveracruz.com\/?p=149728"},"wordCount":470,"publisher":{"@id":"https:\/\/lospoliticosveracruz.com\/#organization"},"image":{"@id":"https:\/\/lospoliticosveracruz.com\/?p=149728#primaryimage"},"thumbnailUrl":"https:\/\/lospoliticosveracruz.com\/wp-content\/uploads\/2025\/04\/Omar-Zuniga.jpg","keywords":["INE"],"articleSection":["De Opini\u00f3n"],"inLanguage":"es"},{"@type":"WebPage","@id":"https:\/\/lospoliticosveracruz.com\/?p=149728","url":"https:\/\/lospoliticosveracruz.com\/?p=149728","name":"LA CORTE DE LOS TRAMPOSOS - Los pol\u00edticos Veracruz","isPartOf":{"@id":"https:\/\/lospoliticosveracruz.com\/#website"},"primaryImageOfPage":{"@id":"https:\/\/lospoliticosveracruz.com\/?p=149728#primaryimage"},"image":{"@id":"https:\/\/lospoliticosveracruz.com\/?p=149728#primaryimage"},"thumbnailUrl":"https:\/\/lospoliticosveracruz.com\/wp-content\/uploads\/2025\/04\/Omar-Zuniga.jpg","datePublished":"2025-07-30T13:19:50+00:00","dateModified":"2025-07-30T13:20:22+00:00","breadcrumb":{"@id":"https:\/\/lospoliticosveracruz.com\/?p=149728#breadcrumb"},"inLanguage":"es","potentialAction":[{"@type":"ReadAction","target":["https:\/\/lospoliticosveracruz.com\/?p=149728"]}]},{"@type":"ImageObject","inLanguage":"es","@id":"https:\/\/lospoliticosveracruz.com\/?p=149728#primaryimage","url":"https:\/\/lospoliticosveracruz.com\/wp-content\/uploads\/2025\/04\/Omar-Zuniga.jpg","contentUrl":"https:\/\/lospoliticosveracruz.com\/wp-content\/uploads\/2025\/04\/Omar-Zuniga.jpg","width":1250,"height":667},{"@type":"BreadcrumbList","@id":"https:\/\/lospoliticosveracruz.com\/?p=149728#breadcrumb","itemListElement":[{"@type":"ListItem","position":1,"name":"Portada","item":"https:\/\/lospoliticosveracruz.com\/"},{"@type":"ListItem","position":2,"name":"LA CORTE DE LOS TRAMPOSOS"}]},{"@type":"WebSite","@id":"https:\/\/lospoliticosveracruz.com\/#website","url":"https:\/\/lospoliticosveracruz.com\/","name":"Los pol\u00edticos Veracruz","description":"","publisher":{"@id":"https:\/\/lospoliticosveracruz.com\/#organization"},"potentialAction":[{"@type":"SearchAction","target":{"@type":"EntryPoint","urlTemplate":"https:\/\/lospoliticosveracruz.com\/?s={search_term_string}"},"query-input":{"@type":"PropertyValueSpecification","valueRequired":true,"valueName":"search_term_string"}}],"inLanguage":"es"},{"@type":"Organization","@id":"https:\/\/lospoliticosveracruz.com\/#organization","name":"Los pol\u00edticos Veracruz","url":"https:\/\/lospoliticosveracruz.com\/","logo":{"@type":"ImageObject","inLanguage":"es","@id":"https:\/\/lospoliticosveracruz.com\/#\/schema\/logo\/image\/","url":"https:\/\/lospoliticosveracruz.com\/wp-content\/uploads\/2025\/12\/Logo-Nuevo-LOS-POLITICOS-1.jpg","contentUrl":"https:\/\/lospoliticosveracruz.com\/wp-content\/uploads\/2025\/12\/Logo-Nuevo-LOS-POLITICOS-1.jpg","width":260,"height":70,"caption":"Los pol\u00edticos Veracruz"},"image":{"@id":"https:\/\/lospoliticosveracruz.com\/#\/schema\/logo\/image\/"},"sameAs":["https:\/\/www.facebook.com\/people\/Notimemes-de-los-Polticos\/61565672886568\/","https:\/\/x.com\/LosPoliticosVer"]},{"@type":"Person","@id":"https:\/\/lospoliticosveracruz.com\/#\/schema\/person\/b8702bb0e538456e6efd07080bf2a4a2","name":"Lo viste en Los Pol\u00edticos","image":{"@type":"ImageObject","inLanguage":"es","@id":"https:\/\/secure.gravatar.com\/avatar\/3a8de04a2656d44082be478bd6c086daa447c4651605818287b9532d3d0bd435?s=96&d=mm&r=g","url":"https:\/\/secure.gravatar.com\/avatar\/3a8de04a2656d44082be478bd6c086daa447c4651605818287b9532d3d0bd435?s=96&d=mm&r=g","contentUrl":"https:\/\/secure.gravatar.com\/avatar\/3a8de04a2656d44082be478bd6c086daa447c4651605818287b9532d3d0bd435?s=96&d=mm&r=g","caption":"Lo viste en Los Pol\u00edticos"},"url":"https:\/\/lospoliticosveracruz.com\/?author=2"}]}},"_links":{"self":[{"href":"https:\/\/lospoliticosveracruz.com\/index.php?rest_route=\/wp\/v2\/posts\/149728","targetHints":{"allow":["GET"]}}],"collection":[{"href":"https:\/\/lospoliticosveracruz.com\/index.php?rest_route=\/wp\/v2\/posts"}],"about":[{"href":"https:\/\/lospoliticosveracruz.com\/index.php?rest_route=\/wp\/v2\/types\/post"}],"author":[{"embeddable":true,"href":"https:\/\/lospoliticosveracruz.com\/index.php?rest_route=\/wp\/v2\/users\/2"}],"replies":[{"embeddable":true,"href":"https:\/\/lospoliticosveracruz.com\/index.php?rest_route=%2Fwp%2Fv2%2Fcomments&post=149728"}],"version-history":[{"count":2,"href":"https:\/\/lospoliticosveracruz.com\/index.php?rest_route=\/wp\/v2\/posts\/149728\/revisions"}],"predecessor-version":[{"id":149730,"href":"https:\/\/lospoliticosveracruz.com\/index.php?rest_route=\/wp\/v2\/posts\/149728\/revisions\/149730"}],"wp:featuredmedia":[{"embeddable":true,"href":"https:\/\/lospoliticosveracruz.com\/index.php?rest_route=\/wp\/v2\/media\/141427"}],"wp:attachment":[{"href":"https:\/\/lospoliticosveracruz.com\/index.php?rest_route=%2Fwp%2Fv2%2Fmedia&parent=149728"}],"wp:term":[{"taxonomy":"category","embeddable":true,"href":"https:\/\/lospoliticosveracruz.com\/index.php?rest_route=%2Fwp%2Fv2%2Fcategories&post=149728"},{"taxonomy":"post_tag","embeddable":true,"href":"https:\/\/lospoliticosveracruz.com\/index.php?rest_route=%2Fwp%2Fv2%2Ftags&post=149728"}],"curies":[{"name":"wp","href":"https:\/\/api.w.org\/{rel}","templated":true}]}}