{"id":149850,"date":"2025-08-01T08:49:17","date_gmt":"2025-08-01T13:49:17","guid":{"rendered":"https:\/\/lospoliticosveracruz.com.mx\/?p=149850"},"modified":"2025-08-01T08:49:49","modified_gmt":"2025-08-01T13:49:49","slug":"desafuero-que-comience-la-fiesta-za-za","status":"publish","type":"post","link":"https:\/\/lospoliticosveracruz.com\/?p=149850","title":{"rendered":"DESAFUERO\u2026 QUE COMIENCE LA FIESTA ZA ZA"},"content":{"rendered":"\n\n\n<p><br><strong>Vicente Luna Hern\u00e1ndez<\/strong><\/p>\n\n\n\n<p>Dicen que el show debe continuar, hay muchos temas que cada poder del Estado debe atender en el \u00e1mbito de sus responsabilidades a pesar de todos los pesares, en el ambiente pol\u00edtico se respira un aire de confrontaci\u00f3n y de acusaciones de todos contra todos y s\u00e1lvese quien mejor sepa nadar en las aguas turbulentas de la pol\u00edtica nacional.<\/p>\n\n\n\n<p>Para dar un toque amable al ambiente legislativo, viene a mi mente la letra del mayor \u00e9xito musical de&nbsp;<strong>Oscar Lobo<\/strong>, &#8211;&nbsp;<strong>lobos<\/strong>&nbsp;son los que deambulan por los pasillos de la&nbsp;<strong>C\u00e1mara de Diputados<\/strong>&nbsp;\u2013 que refleja el sentir de la sociedad en general al ver que ante las acusaciones p\u00fablicas sobre algunos legisladores, dir\u00eda el inmortal&nbsp;<strong>Clavillazo<\/strong>&nbsp;\u201cla cosa es calmada\u201d, dir\u00eda el inolvidable&nbsp;<strong>Capulina<\/strong>&nbsp;\u201cno lo s\u00e9, puede ser, a la mejor\u201d, dir\u00eda el genial&nbsp;<strong>Chavo del 8<\/strong>, \u201ces que no me tienen paciencia\u201d y rematar\u00eda el carism\u00e1tico&nbsp;<strong>Cantinflas<\/strong>, \u201cah\u00ed est\u00e1 el detalle chato\u201d, lo cierto, es que la incredulidad de los ciudadanos ante los \u201ctrabajos\u201d de la&nbsp;<strong>Secci\u00f3n Instructora<\/strong>&nbsp;para procesar los temas que tiene en la agenda es mucha como mucho es el cinismo de los involucrados: \u00bfacaso est\u00e1n realmente \u201cpreocupados\u201d&nbsp;<strong>Cuauht\u00e9moc Blanco<\/strong>,&nbsp;<strong>Francisco Garc\u00eda Cabeza de Vaca<\/strong>&nbsp;o&nbsp;<strong>Alejandro Moreno<\/strong>, entre otros?<\/p>\n\n\n\n<p>Dicen que al pueblo&nbsp;<strong>pan y circo<\/strong>&nbsp;y ante la escasez de pan entonces m\u00e1s circo, ese circo que representan las sesiones en el&nbsp;<strong>Congreso de la Uni\u00f3n<\/strong>, lo dijo de manera magistral el&nbsp;<strong>Grupo Cl\u00edmax<\/strong>.<\/p>\n\n\n\n<p>Que tenemos\/ rapidamenteeeeeeeeeeeee\/&nbsp;<strong>QUE COMIENCE LA FIESTA<\/strong><\/p>\n\n\n\n<p><strong>Mesa, Mesa, mesa que m\u00e1s aplauda<\/strong>\/Mesa que m\u00e1s aplauda, mesa que m\u00e1s aplauda\/Le mando, le mando, le mando a la ni\u00f1a<\/p>\n\n\n\n<p>Mesa que m\u00e1s aplauda si\/ mesa que m\u00e1s aplauda no\/Mesa que m\u00e1s aplauda le mando le mando le mando a la ni\u00f1a<\/p>\n\n\n\n<p><strong>Za za za y a tu za, y a tu za<\/strong><\/p>\n\n\n\n<p>Y&nbsp;<strong>los morenistas<\/strong>&nbsp;(za, za)<\/p>\n\n\n\n<p>Y&nbsp;<strong>los del Verde<\/strong>&nbsp;(za, za)<\/p>\n\n\n\n<p>Y&nbsp;<strong>los petistas<\/strong>&nbsp;(za, za)<\/p>\n\n\n\n<p>Y&nbsp;<strong>los panistas<\/strong>&nbsp;(za, za)<\/p>\n\n\n\n<p><strong>Los priistas<\/strong>&nbsp;(za, za)<\/p>\n\n\n\n<p>Y&nbsp;<strong>los maestros<\/strong>&nbsp;(za, za, za)<\/p>\n\n\n\n<p>Los procesos de&nbsp;<strong>Desafuero<\/strong>&nbsp;son dif\u00edciles muy dif\u00edciles de procesar, no solo se requieren pruebas contra los acusados, se necesita mucha&nbsp;<strong>voluntad pol\u00edtica<\/strong>&nbsp;para que procedan, es la historia que todo mundo sabe y que la sociedad tiene grabada en la memoria, la&nbsp;<strong>C\u00e1mara de Diputados<\/strong>&nbsp;es un manto de&nbsp;<strong>impunidad<\/strong>&nbsp;que cubre de acuerdo a los intereses de&nbsp;<strong>Palacio Nacional<\/strong>, \u2013 ante&nbsp;<strong>Los Pinos<\/strong>&nbsp;\u2013 sin rubor alguno, los votos valen y los partidos pol\u00edticos hacen valer m\u00e1s a la hora de defender los intereses de sus militantes o aliados, \u00bfqu\u00e9 de raro tiene?<\/p>\n\n\n\n<p>Un poco de&nbsp;<strong>Derecho Legislativo<\/strong>&nbsp;a nadie ofende:<\/p>\n\n\n\n<p><strong>LEY FEDERAL DE RESPONSABILIDADES DE LOS SERVIDORES P\u00daBLICOS<\/strong><\/p>\n\n\n\n<p><strong>ART\u00cdCULO 11.-<\/strong>&nbsp;Al proponer la&nbsp;<strong>Gran Comisi\u00f3n<\/strong>&nbsp;de cada una de las&nbsp;<strong>C\u00e1maras del Congreso de la Uni\u00f3n<\/strong>, la constituci\u00f3n de Comisiones para el despacho de los asuntos, propondr\u00e1 la integraci\u00f3n de una Comisi\u00f3n para sustanciar los procedimientos consignados en la presente Ley y en los t\u00e9rminos de la&nbsp;<strong>Ley Org\u00e1nica del Congreso General de los Estados Unidos Mexicanos<\/strong>.<\/p>\n\n\n\n<p>Aprobada la propuesta a que hace referencia el p\u00e1rrafo anterior, por cada&nbsp;<strong>C\u00e1mara<\/strong>&nbsp;se designar\u00e1n de cada una de las Comisiones,&nbsp;<strong>CUATRO INTEGRANTES<\/strong>&nbsp;para que formen la&nbsp;<strong>Secci\u00f3n Instructora<\/strong>&nbsp;en la&nbsp;<strong>C\u00e1mara de Diputados<\/strong>&nbsp;y la de&nbsp;<strong>Enjuiciamiento<\/strong>&nbsp;en la de&nbsp;<strong>Senadores<\/strong>.<\/p>\n\n\n\n<p>La legislatura pasada, la&nbsp;<strong>Secci\u00f3n Instructora<\/strong>&nbsp;estuvo integrada por:<\/p>\n\n\n\n<p>1.-&nbsp;<strong>Jaime Humberto P\u00e9rez Bernab\u00e9<\/strong>.-&nbsp;<strong>Morena<\/strong><\/p>\n\n\n\n<p>2.-&nbsp;<strong>Leonel Godoy Rangel<\/strong>.-&nbsp;<strong>Morena<\/strong><\/p>\n\n\n\n<p>3.-&nbsp;<strong>Jos\u00e9 El\u00edas Lixa Abimerhi<\/strong>.-&nbsp;<strong>PAN<\/strong><\/p>\n\n\n\n<p>4.-&nbsp;<strong>Rub\u00e9n Ignacio Moreira Vald\u00e9s<\/strong>.-&nbsp;<strong>PRI<\/strong><\/p>\n\n\n\n<p>La realidad es que al tocar el tema del presidente nacional del&nbsp;<strong>PRI<\/strong>&nbsp;la votaci\u00f3n de los integrantes quedaba 2-2 y por lo consiguiente ah\u00ed quedaba empantanada.<\/p>\n\n\n\n<p>Este viernes la&nbsp;<strong>Secci\u00f3n Instructora<\/strong>&nbsp;de la&nbsp;<strong>C\u00e1mara de Diputados<\/strong>&nbsp;se reunir\u00e1 para tratar el tema de&nbsp;<strong>Dirigente Nacional del PRI<\/strong>, para ello, primero dar\u00e1 por concluida una solicitud que present\u00f3 la&nbsp;<strong>Fiscal\u00eda General de Campeche<\/strong>&nbsp;en el&nbsp;<strong>2022<\/strong>, misma que duerme el \u201csue\u00f1o de los justos e injustos\u201d.<\/p>\n\n\n\n<p>\u00bfQu\u00e9 dice la ley al respecto?<\/p>\n\n\n\n<p><strong>ART\u00cdCULO 25.-<\/strong>&nbsp;Cuando se presente denuncia o querella por particulares o requerimiento del&nbsp;<strong>Ministerio P\u00fablico<\/strong>&nbsp;cumplidos los requisitos procedimentales respectivos para el ejercicio de la acci\u00f3n penal, a fin de que pueda procederse penalmente en contra de algunos de los servidores p\u00fablicos a que se refiere el primer p\u00e1rrafo del&nbsp;<strong>art\u00edculo 111 de la Constituci\u00f3n General de la Rep\u00fablica<\/strong>, se actuar\u00e1, en lo pertinente, de acuerdo con el procedimiento previsto en el cap\u00edtulo anterior en materia de&nbsp;<strong>juicio pol\u00edtico<\/strong>&nbsp;ante la&nbsp;<strong>C\u00e1mara de Diputados<\/strong>. En este caso, la&nbsp;<strong>Secci\u00f3n Instructora<\/strong>&nbsp;practicar\u00e1 todas las diligencias conducentes a establecer la existencia del delito y la probable responsabilidad del imputado, as\u00ed como la subsistencia del&nbsp;<strong>fuero constitucional<\/strong>&nbsp;cuya remoci\u00f3n se solicita. Concluida esta averiguaci\u00f3n, la&nbsp;<strong>Secci\u00f3n<\/strong>&nbsp;dictaminar\u00e1 si ha lugar a proceder penalmente en contra del inculpado.<\/p>\n\n\n\n<p>Si a juicio de la&nbsp;<strong>Secci\u00f3n<\/strong>, la imputaci\u00f3n fuese notoriamente improcedente, lo har\u00e1 saber de inmediato a la&nbsp;<strong>C\u00e1mara<\/strong>, para que \u00e9sta resuelva si se contin\u00faa o desecha, sin perjuicio de reanudar el procedimiento si posteriormente aparecen motivos que lo justifiquen. Para los efectos del primer p\u00e1rrafo de este art\u00edculo, la&nbsp;<strong>Secci\u00f3n<\/strong>&nbsp;deber\u00e1 rendir su dictamen en un plazo de&nbsp;<strong>SESENTA D\u00cdAS h\u00e1biles<\/strong>, salvo que fuese necesario disponer de m\u00e1s tiempo, a criterio de la&nbsp;<strong>Secci\u00f3n<\/strong>.<\/p>\n\n\n\n<p><strong>LEY ORG\u00c1NICA DEL CONGRESO GENERAL DE LOS ESTADOS UNIDOS MEXICANOS<\/strong><\/p>\n\n\n\n<p><strong>ARTICULO 45.<\/strong><\/p>\n\n\n\n<p>1. Los presidentes de las&nbsp;<strong>comisiones ordinarias<\/strong>, con el acuerdo de \u00e9stas, podr\u00e1n solicitar informaci\u00f3n o documentaci\u00f3n a las&nbsp;<strong>dependencias y entidades del Ejecutivo Federal<\/strong>&nbsp;cuando se trate de un asunto sobre su ramo o se discuta una iniciativa relativa a las materias que les corresponda atender de acuerdo con los ordenamientos aplicables.<\/p>\n\n\n\n<p>Los proyectos de dictamen de la&nbsp;<strong>Secci\u00f3n Instructora<\/strong>&nbsp;y los de las&nbsp;<strong>comisiones<\/strong>&nbsp;encargadas de resolver asuntos relacionados con imputaciones o fincamiento de responsabilidades, as\u00ed como de&nbsp;<strong>juicio pol\u00edtico<\/strong>&nbsp;y&nbsp;<strong>declaraci\u00f3n de procedencia<\/strong>, s\u00f3lo pasar\u00e1n al&nbsp;<strong>Pleno<\/strong>&nbsp;si son votados por la&nbsp;<strong>MAYOR\u00cdA<\/strong>&nbsp;de los integrantes respectivos.<\/p>\n\n\n\n<p>En esta legislatura la&nbsp;<strong>Secci\u00f3n Instructora<\/strong>&nbsp;est\u00e1 integrada por:<\/p>\n\n\n\n<p>1.-&nbsp;<strong>Hugo Eric Flores Cervantes<\/strong>.-&nbsp;<strong>Morena<\/strong><\/p>\n\n\n\n<p>2.-&nbsp;<strong>Adriana Belinda Quiroz Gallegos<\/strong>.-&nbsp;<strong>Morena<\/strong><\/p>\n\n\n\n<p>3.-&nbsp;<strong>Germ\u00e1n Mart\u00ednez C\u00e1zares<\/strong>.-&nbsp;<strong>PAN<\/strong><\/p>\n\n\n\n<p><\/p>\n\n\n\n<p>4.-&nbsp;<strong>Ra\u00fal Bola\u00f1os-Cacho Cu\u00e9<\/strong>.-&nbsp;<strong>Partido Verde<\/strong><\/p>\n\n\n\n<p>Esto significa, que \u2013 salvo acuerdos pol\u00edticos \u2013 si el r\u00e9gimen quiere puede \u2013 en su momento procesal \u2013 declarar procedente el&nbsp;<strong>desafuero<\/strong>, \u00bfqu\u00e9 de raro tiene?<\/p>\n\n\n\n<p><strong>CONCLUSI\u00d3N:<\/strong><\/p>\n\n\n\n<p>1.- La&nbsp;<strong>Secci\u00f3n Instructora<\/strong>&nbsp;declarar\u00e1 improcedente la primera solicitud de la&nbsp;<strong>Fiscal\u00eda General de Campeche<\/strong>&nbsp;presentada contra&nbsp;<strong>Rafael Alejandro Moreno C\u00e1rdenas<\/strong>&nbsp;en el&nbsp;<strong>2022<\/strong>.<\/p>\n\n\n\n<p>2.- Iniciar\u00e1 el procedimiento para aceptar o rechazar la segunda solicitud de la propia&nbsp;<strong>Fiscal\u00eda de Campeche<\/strong>, para lo cual, la secci\u00f3n tiene un plazo de&nbsp;<strong>60 d\u00edas h\u00e1biles<\/strong>, en 60 d\u00edas donde todo, todo puede pasar.<\/p>\n\n\n\n<p><strong>P.D.<\/strong>&nbsp;\u2013 Con el \u00e1nimo que la fiesta sea una \u201cconvivencia\u201d de altura\u2026 Escribir\u00e9 otro d\u00eda.<\/p>\n","protected":false},"excerpt":{"rendered":"<p>Vicente Luna Hern\u00e1ndez Dicen que el show debe continuar, hay muchos temas que cada poder del Estado debe atender en el \u00e1mbito de sus responsabilidades a pesar de todos los pesares, en el ambiente pol\u00edtico se respira un aire de confrontaci\u00f3n y de acusaciones de todos contra todos y s\u00e1lvese quien mejor sepa nadar en [&hellip;]<\/p>\n","protected":false},"author":2,"featured_media":141415,"comment_status":"closed","ping_status":"closed","sticky":false,"template":"","format":"standard","meta":{"tdm_status":"","tdm_grid_status":"","footnotes":""},"categories":[70],"tags":[],"class_list":{"0":"post-149850","1":"post","2":"type-post","3":"status-publish","4":"format-standard","5":"has-post-thumbnail","7":"category-de-opinion"},"yoast_head":"<!-- This site is optimized with the Yoast SEO plugin v27.4 - https:\/\/yoast.com\/product\/yoast-seo-wordpress\/ -->\n<title>DESAFUERO\u2026 QUE COMIENCE LA FIESTA ZA ZA - Los pol\u00edticos Veracruz<\/title>\n<meta name=\"robots\" content=\"index, follow, max-snippet:-1, max-image-preview:large, max-video-preview:-1\" \/>\n<link rel=\"canonical\" href=\"https:\/\/lospoliticosveracruz.com\/?p=149850\" \/>\n<meta property=\"og:locale\" content=\"es_ES\" \/>\n<meta property=\"og:type\" content=\"article\" \/>\n<meta property=\"og:title\" content=\"DESAFUERO\u2026 QUE COMIENCE LA FIESTA ZA ZA - Los pol\u00edticos Veracruz\" \/>\n<meta property=\"og:description\" content=\"Vicente Luna Hern\u00e1ndez Dicen que el show debe continuar, hay muchos temas que cada poder del Estado debe atender en el \u00e1mbito de sus responsabilidades a pesar de todos los pesares, en el ambiente pol\u00edtico se respira un aire de confrontaci\u00f3n y de acusaciones de todos contra todos y s\u00e1lvese quien mejor sepa nadar en [&hellip;]\" \/>\n<meta property=\"og:url\" content=\"https:\/\/lospoliticosveracruz.com\/?p=149850\" \/>\n<meta property=\"og:site_name\" content=\"Los pol\u00edticos Veracruz\" \/>\n<meta property=\"article:publisher\" content=\"https:\/\/www.facebook.com\/people\/Notimemes-de-los-Polticos\/61565672886568\/\" \/>\n<meta property=\"article:published_time\" content=\"2025-08-01T13:49:17+00:00\" \/>\n<meta property=\"article:modified_time\" content=\"2025-08-01T13:49:49+00:00\" \/>\n<meta property=\"og:image\" content=\"https:\/\/lospoliticosveracruz.com\/wp-content\/uploads\/2025\/04\/Vicente-Luna-Hernandez.jpg\" \/>\n\t<meta property=\"og:image:width\" content=\"1250\" \/>\n\t<meta property=\"og:image:height\" content=\"667\" \/>\n\t<meta property=\"og:image:type\" content=\"image\/jpeg\" \/>\n<meta name=\"author\" content=\"Lo viste en Los Pol\u00edticos\" \/>\n<meta name=\"twitter:card\" content=\"summary_large_image\" \/>\n<meta name=\"twitter:creator\" content=\"@LosPoliticosVer\" \/>\n<meta name=\"twitter:site\" content=\"@LosPoliticosVer\" \/>\n<meta name=\"twitter:label1\" content=\"Escrito por\" \/>\n\t<meta name=\"twitter:data1\" content=\"Lo viste en Los Pol\u00edticos\" \/>\n\t<meta name=\"twitter:label2\" content=\"Tiempo de lectura\" \/>\n\t<meta name=\"twitter:data2\" content=\"7 minutos\" \/>\n<script type=\"application\/ld+json\" class=\"yoast-schema-graph\">{\"@context\":\"https:\\\/\\\/schema.org\",\"@graph\":[{\"@type\":\"Article\",\"@id\":\"https:\\\/\\\/lospoliticosveracruz.com\\\/?p=149850#article\",\"isPartOf\":{\"@id\":\"https:\\\/\\\/lospoliticosveracruz.com\\\/?p=149850\"},\"author\":{\"name\":\"Lo viste en Los Pol\u00edticos\",\"@id\":\"https:\\\/\\\/lospoliticosveracruz.com\\\/#\\\/schema\\\/person\\\/b8702bb0e538456e6efd07080bf2a4a2\"},\"headline\":\"DESAFUERO\u2026 QUE COMIENCE LA FIESTA ZA ZA\",\"datePublished\":\"2025-08-01T13:49:17+00:00\",\"dateModified\":\"2025-08-01T13:49:49+00:00\",\"mainEntityOfPage\":{\"@id\":\"https:\\\/\\\/lospoliticosveracruz.com\\\/?p=149850\"},\"wordCount\":1374,\"publisher\":{\"@id\":\"https:\\\/\\\/lospoliticosveracruz.com\\\/#organization\"},\"image\":{\"@id\":\"https:\\\/\\\/lospoliticosveracruz.com\\\/?p=149850#primaryimage\"},\"thumbnailUrl\":\"https:\\\/\\\/lospoliticosveracruz.com\\\/wp-content\\\/uploads\\\/2025\\\/04\\\/Vicente-Luna-Hernandez.jpg\",\"articleSection\":[\"De Opini\u00f3n\"],\"inLanguage\":\"es\"},{\"@type\":\"WebPage\",\"@id\":\"https:\\\/\\\/lospoliticosveracruz.com\\\/?p=149850\",\"url\":\"https:\\\/\\\/lospoliticosveracruz.com\\\/?p=149850\",\"name\":\"DESAFUERO\u2026 QUE COMIENCE LA FIESTA ZA ZA - Los pol\u00edticos Veracruz\",\"isPartOf\":{\"@id\":\"https:\\\/\\\/lospoliticosveracruz.com\\\/#website\"},\"primaryImageOfPage\":{\"@id\":\"https:\\\/\\\/lospoliticosveracruz.com\\\/?p=149850#primaryimage\"},\"image\":{\"@id\":\"https:\\\/\\\/lospoliticosveracruz.com\\\/?p=149850#primaryimage\"},\"thumbnailUrl\":\"https:\\\/\\\/lospoliticosveracruz.com\\\/wp-content\\\/uploads\\\/2025\\\/04\\\/Vicente-Luna-Hernandez.jpg\",\"datePublished\":\"2025-08-01T13:49:17+00:00\",\"dateModified\":\"2025-08-01T13:49:49+00:00\",\"breadcrumb\":{\"@id\":\"https:\\\/\\\/lospoliticosveracruz.com\\\/?p=149850#breadcrumb\"},\"inLanguage\":\"es\",\"potentialAction\":[{\"@type\":\"ReadAction\",\"target\":[\"https:\\\/\\\/lospoliticosveracruz.com\\\/?p=149850\"]}]},{\"@type\":\"ImageObject\",\"inLanguage\":\"es\",\"@id\":\"https:\\\/\\\/lospoliticosveracruz.com\\\/?p=149850#primaryimage\",\"url\":\"https:\\\/\\\/lospoliticosveracruz.com\\\/wp-content\\\/uploads\\\/2025\\\/04\\\/Vicente-Luna-Hernandez.jpg\",\"contentUrl\":\"https:\\\/\\\/lospoliticosveracruz.com\\\/wp-content\\\/uploads\\\/2025\\\/04\\\/Vicente-Luna-Hernandez.jpg\",\"width\":1250,\"height\":667},{\"@type\":\"BreadcrumbList\",\"@id\":\"https:\\\/\\\/lospoliticosveracruz.com\\\/?p=149850#breadcrumb\",\"itemListElement\":[{\"@type\":\"ListItem\",\"position\":1,\"name\":\"Portada\",\"item\":\"https:\\\/\\\/lospoliticosveracruz.com\\\/\"},{\"@type\":\"ListItem\",\"position\":2,\"name\":\"DESAFUERO\u2026 QUE COMIENCE LA FIESTA ZA ZA\"}]},{\"@type\":\"WebSite\",\"@id\":\"https:\\\/\\\/lospoliticosveracruz.com\\\/#website\",\"url\":\"https:\\\/\\\/lospoliticosveracruz.com\\\/\",\"name\":\"Los pol\u00edticos Veracruz\",\"description\":\"\",\"publisher\":{\"@id\":\"https:\\\/\\\/lospoliticosveracruz.com\\\/#organization\"},\"potentialAction\":[{\"@type\":\"SearchAction\",\"target\":{\"@type\":\"EntryPoint\",\"urlTemplate\":\"https:\\\/\\\/lospoliticosveracruz.com\\\/?s={search_term_string}\"},\"query-input\":{\"@type\":\"PropertyValueSpecification\",\"valueRequired\":true,\"valueName\":\"search_term_string\"}}],\"inLanguage\":\"es\"},{\"@type\":\"Organization\",\"@id\":\"https:\\\/\\\/lospoliticosveracruz.com\\\/#organization\",\"name\":\"Los pol\u00edticos Veracruz\",\"url\":\"https:\\\/\\\/lospoliticosveracruz.com\\\/\",\"logo\":{\"@type\":\"ImageObject\",\"inLanguage\":\"es\",\"@id\":\"https:\\\/\\\/lospoliticosveracruz.com\\\/#\\\/schema\\\/logo\\\/image\\\/\",\"url\":\"https:\\\/\\\/lospoliticosveracruz.com\\\/wp-content\\\/uploads\\\/2025\\\/12\\\/Logo-Nuevo-LOS-POLITICOS-1.jpg\",\"contentUrl\":\"https:\\\/\\\/lospoliticosveracruz.com\\\/wp-content\\\/uploads\\\/2025\\\/12\\\/Logo-Nuevo-LOS-POLITICOS-1.jpg\",\"width\":260,\"height\":70,\"caption\":\"Los pol\u00edticos Veracruz\"},\"image\":{\"@id\":\"https:\\\/\\\/lospoliticosveracruz.com\\\/#\\\/schema\\\/logo\\\/image\\\/\"},\"sameAs\":[\"https:\\\/\\\/www.facebook.com\\\/people\\\/Notimemes-de-los-Polticos\\\/61565672886568\\\/\",\"https:\\\/\\\/x.com\\\/LosPoliticosVer\"]},{\"@type\":\"Person\",\"@id\":\"https:\\\/\\\/lospoliticosveracruz.com\\\/#\\\/schema\\\/person\\\/b8702bb0e538456e6efd07080bf2a4a2\",\"name\":\"Lo viste en Los Pol\u00edticos\",\"image\":{\"@type\":\"ImageObject\",\"inLanguage\":\"es\",\"@id\":\"https:\\\/\\\/secure.gravatar.com\\\/avatar\\\/3a8de04a2656d44082be478bd6c086daa447c4651605818287b9532d3d0bd435?s=96&d=mm&r=g\",\"url\":\"https:\\\/\\\/secure.gravatar.com\\\/avatar\\\/3a8de04a2656d44082be478bd6c086daa447c4651605818287b9532d3d0bd435?s=96&d=mm&r=g\",\"contentUrl\":\"https:\\\/\\\/secure.gravatar.com\\\/avatar\\\/3a8de04a2656d44082be478bd6c086daa447c4651605818287b9532d3d0bd435?s=96&d=mm&r=g\",\"caption\":\"Lo viste en Los Pol\u00edticos\"},\"url\":\"https:\\\/\\\/lospoliticosveracruz.com\\\/?author=2\"}]}<\/script>\n<!-- \/ Yoast SEO plugin. -->","yoast_head_json":{"title":"DESAFUERO\u2026 QUE COMIENCE LA FIESTA ZA ZA - Los pol\u00edticos Veracruz","robots":{"index":"index","follow":"follow","max-snippet":"max-snippet:-1","max-image-preview":"max-image-preview:large","max-video-preview":"max-video-preview:-1"},"canonical":"https:\/\/lospoliticosveracruz.com\/?p=149850","og_locale":"es_ES","og_type":"article","og_title":"DESAFUERO\u2026 QUE COMIENCE LA FIESTA ZA ZA - Los pol\u00edticos Veracruz","og_description":"Vicente Luna Hern\u00e1ndez Dicen que el show debe continuar, hay muchos temas que cada poder del Estado debe atender en el \u00e1mbito de sus responsabilidades a pesar de todos los pesares, en el ambiente pol\u00edtico se respira un aire de confrontaci\u00f3n y de acusaciones de todos contra todos y s\u00e1lvese quien mejor sepa nadar en [&hellip;]","og_url":"https:\/\/lospoliticosveracruz.com\/?p=149850","og_site_name":"Los pol\u00edticos Veracruz","article_publisher":"https:\/\/www.facebook.com\/people\/Notimemes-de-los-Polticos\/61565672886568\/","article_published_time":"2025-08-01T13:49:17+00:00","article_modified_time":"2025-08-01T13:49:49+00:00","og_image":[{"width":1250,"height":667,"url":"https:\/\/lospoliticosveracruz.com\/wp-content\/uploads\/2025\/04\/Vicente-Luna-Hernandez.jpg","type":"image\/jpeg"}],"author":"Lo viste en Los Pol\u00edticos","twitter_card":"summary_large_image","twitter_creator":"@LosPoliticosVer","twitter_site":"@LosPoliticosVer","twitter_misc":{"Escrito por":"Lo viste en Los Pol\u00edticos","Tiempo de lectura":"7 minutos"},"schema":{"@context":"https:\/\/schema.org","@graph":[{"@type":"Article","@id":"https:\/\/lospoliticosveracruz.com\/?p=149850#article","isPartOf":{"@id":"https:\/\/lospoliticosveracruz.com\/?p=149850"},"author":{"name":"Lo viste en Los Pol\u00edticos","@id":"https:\/\/lospoliticosveracruz.com\/#\/schema\/person\/b8702bb0e538456e6efd07080bf2a4a2"},"headline":"DESAFUERO\u2026 QUE COMIENCE LA FIESTA ZA ZA","datePublished":"2025-08-01T13:49:17+00:00","dateModified":"2025-08-01T13:49:49+00:00","mainEntityOfPage":{"@id":"https:\/\/lospoliticosveracruz.com\/?p=149850"},"wordCount":1374,"publisher":{"@id":"https:\/\/lospoliticosveracruz.com\/#organization"},"image":{"@id":"https:\/\/lospoliticosveracruz.com\/?p=149850#primaryimage"},"thumbnailUrl":"https:\/\/lospoliticosveracruz.com\/wp-content\/uploads\/2025\/04\/Vicente-Luna-Hernandez.jpg","articleSection":["De Opini\u00f3n"],"inLanguage":"es"},{"@type":"WebPage","@id":"https:\/\/lospoliticosveracruz.com\/?p=149850","url":"https:\/\/lospoliticosveracruz.com\/?p=149850","name":"DESAFUERO\u2026 QUE COMIENCE LA FIESTA ZA ZA - Los pol\u00edticos Veracruz","isPartOf":{"@id":"https:\/\/lospoliticosveracruz.com\/#website"},"primaryImageOfPage":{"@id":"https:\/\/lospoliticosveracruz.com\/?p=149850#primaryimage"},"image":{"@id":"https:\/\/lospoliticosveracruz.com\/?p=149850#primaryimage"},"thumbnailUrl":"https:\/\/lospoliticosveracruz.com\/wp-content\/uploads\/2025\/04\/Vicente-Luna-Hernandez.jpg","datePublished":"2025-08-01T13:49:17+00:00","dateModified":"2025-08-01T13:49:49+00:00","breadcrumb":{"@id":"https:\/\/lospoliticosveracruz.com\/?p=149850#breadcrumb"},"inLanguage":"es","potentialAction":[{"@type":"ReadAction","target":["https:\/\/lospoliticosveracruz.com\/?p=149850"]}]},{"@type":"ImageObject","inLanguage":"es","@id":"https:\/\/lospoliticosveracruz.com\/?p=149850#primaryimage","url":"https:\/\/lospoliticosveracruz.com\/wp-content\/uploads\/2025\/04\/Vicente-Luna-Hernandez.jpg","contentUrl":"https:\/\/lospoliticosveracruz.com\/wp-content\/uploads\/2025\/04\/Vicente-Luna-Hernandez.jpg","width":1250,"height":667},{"@type":"BreadcrumbList","@id":"https:\/\/lospoliticosveracruz.com\/?p=149850#breadcrumb","itemListElement":[{"@type":"ListItem","position":1,"name":"Portada","item":"https:\/\/lospoliticosveracruz.com\/"},{"@type":"ListItem","position":2,"name":"DESAFUERO\u2026 QUE COMIENCE LA FIESTA ZA ZA"}]},{"@type":"WebSite","@id":"https:\/\/lospoliticosveracruz.com\/#website","url":"https:\/\/lospoliticosveracruz.com\/","name":"Los pol\u00edticos Veracruz","description":"","publisher":{"@id":"https:\/\/lospoliticosveracruz.com\/#organization"},"potentialAction":[{"@type":"SearchAction","target":{"@type":"EntryPoint","urlTemplate":"https:\/\/lospoliticosveracruz.com\/?s={search_term_string}"},"query-input":{"@type":"PropertyValueSpecification","valueRequired":true,"valueName":"search_term_string"}}],"inLanguage":"es"},{"@type":"Organization","@id":"https:\/\/lospoliticosveracruz.com\/#organization","name":"Los pol\u00edticos Veracruz","url":"https:\/\/lospoliticosveracruz.com\/","logo":{"@type":"ImageObject","inLanguage":"es","@id":"https:\/\/lospoliticosveracruz.com\/#\/schema\/logo\/image\/","url":"https:\/\/lospoliticosveracruz.com\/wp-content\/uploads\/2025\/12\/Logo-Nuevo-LOS-POLITICOS-1.jpg","contentUrl":"https:\/\/lospoliticosveracruz.com\/wp-content\/uploads\/2025\/12\/Logo-Nuevo-LOS-POLITICOS-1.jpg","width":260,"height":70,"caption":"Los pol\u00edticos Veracruz"},"image":{"@id":"https:\/\/lospoliticosveracruz.com\/#\/schema\/logo\/image\/"},"sameAs":["https:\/\/www.facebook.com\/people\/Notimemes-de-los-Polticos\/61565672886568\/","https:\/\/x.com\/LosPoliticosVer"]},{"@type":"Person","@id":"https:\/\/lospoliticosveracruz.com\/#\/schema\/person\/b8702bb0e538456e6efd07080bf2a4a2","name":"Lo viste en Los Pol\u00edticos","image":{"@type":"ImageObject","inLanguage":"es","@id":"https:\/\/secure.gravatar.com\/avatar\/3a8de04a2656d44082be478bd6c086daa447c4651605818287b9532d3d0bd435?s=96&d=mm&r=g","url":"https:\/\/secure.gravatar.com\/avatar\/3a8de04a2656d44082be478bd6c086daa447c4651605818287b9532d3d0bd435?s=96&d=mm&r=g","contentUrl":"https:\/\/secure.gravatar.com\/avatar\/3a8de04a2656d44082be478bd6c086daa447c4651605818287b9532d3d0bd435?s=96&d=mm&r=g","caption":"Lo viste en Los Pol\u00edticos"},"url":"https:\/\/lospoliticosveracruz.com\/?author=2"}]}},"_links":{"self":[{"href":"https:\/\/lospoliticosveracruz.com\/index.php?rest_route=\/wp\/v2\/posts\/149850","targetHints":{"allow":["GET"]}}],"collection":[{"href":"https:\/\/lospoliticosveracruz.com\/index.php?rest_route=\/wp\/v2\/posts"}],"about":[{"href":"https:\/\/lospoliticosveracruz.com\/index.php?rest_route=\/wp\/v2\/types\/post"}],"author":[{"embeddable":true,"href":"https:\/\/lospoliticosveracruz.com\/index.php?rest_route=\/wp\/v2\/users\/2"}],"replies":[{"embeddable":true,"href":"https:\/\/lospoliticosveracruz.com\/index.php?rest_route=%2Fwp%2Fv2%2Fcomments&post=149850"}],"version-history":[{"count":2,"href":"https:\/\/lospoliticosveracruz.com\/index.php?rest_route=\/wp\/v2\/posts\/149850\/revisions"}],"predecessor-version":[{"id":149852,"href":"https:\/\/lospoliticosveracruz.com\/index.php?rest_route=\/wp\/v2\/posts\/149850\/revisions\/149852"}],"wp:featuredmedia":[{"embeddable":true,"href":"https:\/\/lospoliticosveracruz.com\/index.php?rest_route=\/wp\/v2\/media\/141415"}],"wp:attachment":[{"href":"https:\/\/lospoliticosveracruz.com\/index.php?rest_route=%2Fwp%2Fv2%2Fmedia&parent=149850"}],"wp:term":[{"taxonomy":"category","embeddable":true,"href":"https:\/\/lospoliticosveracruz.com\/index.php?rest_route=%2Fwp%2Fv2%2Fcategories&post=149850"},{"taxonomy":"post_tag","embeddable":true,"href":"https:\/\/lospoliticosveracruz.com\/index.php?rest_route=%2Fwp%2Fv2%2Ftags&post=149850"}],"curies":[{"name":"wp","href":"https:\/\/api.w.org\/{rel}","templated":true}]}}