{"id":14990,"date":"2015-02-19T11:46:46","date_gmt":"2015-02-19T17:46:46","guid":{"rendered":"http:\/\/www.lospoliticosveracruz.com.mx\/?p=14990"},"modified":"2015-02-19T11:46:46","modified_gmt":"2015-02-19T17:46:46","slug":"dale-mas-valor-a-mexico","status":"publish","type":"post","link":"https:\/\/lospoliticosveracruz.com\/?p=14990","title":{"rendered":"Dale m\u00e1s valor a M\u00e9xico"},"content":{"rendered":"<p><a href=\"http:\/\/www.lospoliticosveracruz.com.mx\/wp-content\/uploads\/2015\/02\/Renato.jpg\"><img loading=\"lazy\" decoding=\"async\" class=\"alignnone size-medium wp-image-14991\" src=\"http:\/\/www.lospoliticosveracruz.com.mx\/wp-content\/uploads\/2015\/02\/Renato-300x161.jpg\" alt=\"Renato\" width=\"300\" height=\"161\" \/><\/a><\/p>\n<p><strong>Jorge Arturo Rodr\u00edguez<\/strong><\/p>\n<p><em>Tierra de Babel<\/em><\/p>\n<p>&nbsp;<\/p>\n<p>El mes de febrero, dicen, es el mes del amor y la amistad. Pero no veo por ning\u00fan lado ni amor ni amistad, a no ser que envueltos en consumismo, esnobismo y dem\u00e1s atribuciones mediocres que en mal nos dejan a los que verdaderamente profesamos la dicha de los cielos del d\u00eda y de la noche.<br \/>\nLejos de consuelos o desconsuelos po\u00e9ticos, no m\u00e1s ojeen en los medios de comunicaci\u00f3n y se dar\u00e1 cuenta que estamos de la chingada, que por ning\u00fan lado la humanidad nos asiste, antes bien la deshumanizaci\u00f3n desbocada hacia el borde del abismo. Aqu\u00ed mismito en la ciudad capital Xalapa, los maleantes tienen permiso. Alguien me dijo que ya no hay seguridad, no hay nada. \u00bfD\u00f3nde el amor? \u00bfD\u00f3nde la amistad? Pero nuestras autoridades dicen que estamos bien.<br \/>\nUna cosa es una cosa y otra cosa es otra cosa. De acuerdo. No todo va junto con pegado. O somos o no somos. O estamos o no estamos. Es como cuando expresan: \u201cGobierno y sociedad, unidos\u2026\u201d Bla, bla, bla.<br \/>\nEntiendo. Todos estamos en el mismo barco. Entonces, seamos sinceros y honestos: nos estamos ahogando en el fango. \u00bfC\u00f3mo salir? He aqu\u00ed que la sociedad lo sabe y se anima a renacer. Pero nuestras autoridades no est\u00e1n dispuestas a hacerlo, puesto que van muchos intereses de por medio. \u00bfA qui\u00e9n le seguir\u00e1n dando despensas pal voto? \u00bfA qui\u00e9n enga\u00f1ar y seguir dando atole con el dedo?<br \/>\nLa transparencia asusta a nuestras autoridades. Hay un promocional que vi en TV Once y el slogan dice: \u201cDale m\u00e1s valor a M\u00e9xico. S\u00e9 honesto\u201d. Carajos, \u00bfqu\u00e9 significa esa palabra? Ni siquiera la pronunciamos en nuestros hogares, \u00bfo s\u00ed? Espero haya excepciones.<br \/>\n\u00bfHay amor o no hay amor? Ustedes dir\u00e1n. Lo m\u00e1s cierto en estos tiempos son aquellas palabras que escuch\u00e9 en un noticiero que titularon: \u201cVenganza asesina\u201d: \u201cAl mal amor hay que sepultarlo\u201d \u00bfY el buen amor? \u00bf\u2019On \u2018ta? Si seremos. Enfermos, descompuestos, en putrefacci\u00f3n sobrevivimos. Si fuera lo contrario, \u00bfa poco no vivir\u00edamos otro mundo?<br \/>\nGeorg Christoph Lichtenberg escribi\u00f3: \u201cEstoy convencido de que uno no s\u00f3lo se ama en los otros; tambi\u00e9n se odia en ellos\u201d. S\u00ed, estoy convencido.<\/p>\n<p>De cinismo y anexas<\/p>\n<p>Se llama Renato Tronco G\u00f3mez. Diputado local que naci\u00f3 el 9 de enero de 1970. Dicen que es casado y que cuenta con estudios de primaria. O sea, \u201ccualquiera\u201d puede ser diputado. Afirman que es fundador y primer presidente de la Organizaci\u00f3n \u00abUni\u00f3n de Ejidos 25 de Abril\u00bb. Fue alcalde de Las Choapas por el PAN en el 2004. Diputado local del Distrito XXX por el PAN en el 2007. Y otra vez alcalde de Las Choapas por el PRI en el 2010. Ah\u00ed nom\u00e1s.<br \/>\nEn entrevista con el Diario AZ, publicada el 14 de Julio de 2001, declar\u00f3: \u201cHan recibido influencia del EZLN y existe la oferta de apoyos con dinero de organismos internacionales a trav\u00e9s del grupo armado, as\u00ed como armas y entrenamiento para luchar contra un Gobierno que los tiene muy marginados. Los campesinos que se encuentran muy relegados, sin apoyo de vivienda, salud, escuela, electrificaci\u00f3n, caminos y telefon\u00eda, manifiestan su inter\u00e9s de luchar contra un Gobierno cuyos funcionarios firman minutas que luego no cumplen; sin embargo, los dirigentes de \u00abla Uni\u00f3n de Ejidos 25 de Abril\u00bb, han preferido la prudencia, para no provocar un levantamiento armado\u201d. Tiene futuro el chico a caballo.<br \/>\nPos miren. El pasado 13 de febrero regal\u00f3 a empleados del Congreso estatal una rosa roja con una dedicatoria que dice as\u00ed: \u201c\u00a1Porque la palabra de un amigo vale! Feliz d\u00eda del amor y la amistad. Lo que a Veracruz conviene, la verdad aunque duela. \u00bfQuieres saber qu\u00e9 hago? \u00a1Aparte de ganarme una buena lana como diputado! Visita\u2026\u201d Y aqu\u00ed vienen datos de internet y tel\u00e9fonos. \u00bfC\u00f3mo la ven?<br \/>\nPor lo pronto, ah\u00ed se ven.<\/p>\n","protected":false},"excerpt":{"rendered":"<p>Jorge Arturo Rodr\u00edguez Tierra de Babel &nbsp; El mes de febrero, dicen, es el mes del amor y la amistad. Pero no veo por ning\u00fan lado ni amor ni amistad, a no ser que envueltos en consumismo, esnobismo y dem\u00e1s atribuciones mediocres que en mal nos dejan a los que verdaderamente profesamos la dicha de [&hellip;]<\/p>\n","protected":false},"author":2,"featured_media":0,"comment_status":"open","ping_status":"open","sticky":false,"template":"","format":"standard","meta":{"tdm_status":"","tdm_grid_status":"","footnotes":""},"categories":[70],"tags":[1855],"class_list":{"0":"post-14990","1":"post","2":"type-post","3":"status-publish","4":"format-standard","6":"category-de-opinion","7":"tag-renato-tronco-gomez"},"yoast_head":"<!-- This site is optimized with the Yoast SEO plugin v27.4 - https:\/\/yoast.com\/product\/yoast-seo-wordpress\/ -->\n<title>Dale m\u00e1s valor a M\u00e9xico - Los pol\u00edticos Veracruz<\/title>\n<meta name=\"robots\" content=\"index, follow, max-snippet:-1, max-image-preview:large, max-video-preview:-1\" \/>\n<link rel=\"canonical\" href=\"https:\/\/lospoliticosveracruz.com\/?p=14990\" \/>\n<meta property=\"og:locale\" content=\"es_ES\" \/>\n<meta property=\"og:type\" content=\"article\" \/>\n<meta property=\"og:title\" content=\"Dale m\u00e1s valor a M\u00e9xico - Los pol\u00edticos Veracruz\" \/>\n<meta property=\"og:description\" content=\"Jorge Arturo Rodr\u00edguez Tierra de Babel &nbsp; El mes de febrero, dicen, es el mes del amor y la amistad. Pero no veo por ning\u00fan lado ni amor ni amistad, a no ser que envueltos en consumismo, esnobismo y dem\u00e1s atribuciones mediocres que en mal nos dejan a los que verdaderamente profesamos la dicha de [&hellip;]\" \/>\n<meta property=\"og:url\" content=\"https:\/\/lospoliticosveracruz.com\/?p=14990\" \/>\n<meta property=\"og:site_name\" content=\"Los pol\u00edticos Veracruz\" \/>\n<meta property=\"article:publisher\" content=\"https:\/\/www.facebook.com\/people\/Notimemes-de-los-Polticos\/61565672886568\/\" \/>\n<meta property=\"article:published_time\" content=\"2015-02-19T17:46:46+00:00\" \/>\n<meta property=\"og:image\" content=\"http:\/\/www.lospoliticosveracruz.com.mx\/wp-content\/uploads\/2015\/02\/Renato-300x161.jpg\" \/>\n<meta name=\"author\" content=\"Lo viste en Los Pol\u00edticos\" \/>\n<meta name=\"twitter:card\" content=\"summary_large_image\" \/>\n<meta name=\"twitter:creator\" content=\"@LosPoliticosVer\" \/>\n<meta name=\"twitter:site\" content=\"@LosPoliticosVer\" \/>\n<meta name=\"twitter:label1\" content=\"Escrito por\" \/>\n\t<meta name=\"twitter:data1\" content=\"Lo viste en Los Pol\u00edticos\" \/>\n\t<meta name=\"twitter:label2\" content=\"Tiempo de lectura\" \/>\n\t<meta name=\"twitter:data2\" content=\"3 minutos\" \/>\n<script type=\"application\/ld+json\" class=\"yoast-schema-graph\">{\"@context\":\"https:\\\/\\\/schema.org\",\"@graph\":[{\"@type\":\"Article\",\"@id\":\"https:\\\/\\\/lospoliticosveracruz.com\\\/?p=14990#article\",\"isPartOf\":{\"@id\":\"https:\\\/\\\/lospoliticosveracruz.com\\\/?p=14990\"},\"author\":{\"name\":\"Lo viste en Los Pol\u00edticos\",\"@id\":\"https:\\\/\\\/lospoliticosveracruz.com\\\/#\\\/schema\\\/person\\\/b8702bb0e538456e6efd07080bf2a4a2\"},\"headline\":\"Dale m\u00e1s valor a M\u00e9xico\",\"datePublished\":\"2015-02-19T17:46:46+00:00\",\"mainEntityOfPage\":{\"@id\":\"https:\\\/\\\/lospoliticosveracruz.com\\\/?p=14990\"},\"wordCount\":675,\"commentCount\":0,\"publisher\":{\"@id\":\"https:\\\/\\\/lospoliticosveracruz.com\\\/#organization\"},\"image\":{\"@id\":\"https:\\\/\\\/lospoliticosveracruz.com\\\/?p=14990#primaryimage\"},\"thumbnailUrl\":\"http:\\\/\\\/www.lospoliticosveracruz.com.mx\\\/wp-content\\\/uploads\\\/2015\\\/02\\\/Renato-300x161.jpg\",\"keywords\":[\"Renato Tronco G\u00f3mez\"],\"articleSection\":[\"De Opini\u00f3n\"],\"inLanguage\":\"es\",\"potentialAction\":[{\"@type\":\"CommentAction\",\"name\":\"Comment\",\"target\":[\"https:\\\/\\\/lospoliticosveracruz.com\\\/?p=14990#respond\"]}]},{\"@type\":\"WebPage\",\"@id\":\"https:\\\/\\\/lospoliticosveracruz.com\\\/?p=14990\",\"url\":\"https:\\\/\\\/lospoliticosveracruz.com\\\/?p=14990\",\"name\":\"Dale m\u00e1s valor a M\u00e9xico - Los pol\u00edticos Veracruz\",\"isPartOf\":{\"@id\":\"https:\\\/\\\/lospoliticosveracruz.com\\\/#website\"},\"primaryImageOfPage\":{\"@id\":\"https:\\\/\\\/lospoliticosveracruz.com\\\/?p=14990#primaryimage\"},\"image\":{\"@id\":\"https:\\\/\\\/lospoliticosveracruz.com\\\/?p=14990#primaryimage\"},\"thumbnailUrl\":\"http:\\\/\\\/www.lospoliticosveracruz.com.mx\\\/wp-content\\\/uploads\\\/2015\\\/02\\\/Renato-300x161.jpg\",\"datePublished\":\"2015-02-19T17:46:46+00:00\",\"breadcrumb\":{\"@id\":\"https:\\\/\\\/lospoliticosveracruz.com\\\/?p=14990#breadcrumb\"},\"inLanguage\":\"es\",\"potentialAction\":[{\"@type\":\"ReadAction\",\"target\":[\"https:\\\/\\\/lospoliticosveracruz.com\\\/?p=14990\"]}]},{\"@type\":\"ImageObject\",\"inLanguage\":\"es\",\"@id\":\"https:\\\/\\\/lospoliticosveracruz.com\\\/?p=14990#primaryimage\",\"url\":\"http:\\\/\\\/www.lospoliticosveracruz.com.mx\\\/wp-content\\\/uploads\\\/2015\\\/02\\\/Renato-300x161.jpg\",\"contentUrl\":\"http:\\\/\\\/www.lospoliticosveracruz.com.mx\\\/wp-content\\\/uploads\\\/2015\\\/02\\\/Renato-300x161.jpg\"},{\"@type\":\"BreadcrumbList\",\"@id\":\"https:\\\/\\\/lospoliticosveracruz.com\\\/?p=14990#breadcrumb\",\"itemListElement\":[{\"@type\":\"ListItem\",\"position\":1,\"name\":\"Portada\",\"item\":\"https:\\\/\\\/lospoliticosveracruz.com\\\/\"},{\"@type\":\"ListItem\",\"position\":2,\"name\":\"Dale m\u00e1s valor a M\u00e9xico\"}]},{\"@type\":\"WebSite\",\"@id\":\"https:\\\/\\\/lospoliticosveracruz.com\\\/#website\",\"url\":\"https:\\\/\\\/lospoliticosveracruz.com\\\/\",\"name\":\"Los pol\u00edticos Veracruz\",\"description\":\"\",\"publisher\":{\"@id\":\"https:\\\/\\\/lospoliticosveracruz.com\\\/#organization\"},\"potentialAction\":[{\"@type\":\"SearchAction\",\"target\":{\"@type\":\"EntryPoint\",\"urlTemplate\":\"https:\\\/\\\/lospoliticosveracruz.com\\\/?s={search_term_string}\"},\"query-input\":{\"@type\":\"PropertyValueSpecification\",\"valueRequired\":true,\"valueName\":\"search_term_string\"}}],\"inLanguage\":\"es\"},{\"@type\":\"Organization\",\"@id\":\"https:\\\/\\\/lospoliticosveracruz.com\\\/#organization\",\"name\":\"Los pol\u00edticos Veracruz\",\"url\":\"https:\\\/\\\/lospoliticosveracruz.com\\\/\",\"logo\":{\"@type\":\"ImageObject\",\"inLanguage\":\"es\",\"@id\":\"https:\\\/\\\/lospoliticosveracruz.com\\\/#\\\/schema\\\/logo\\\/image\\\/\",\"url\":\"https:\\\/\\\/lospoliticosveracruz.com\\\/wp-content\\\/uploads\\\/2025\\\/12\\\/Logo-Nuevo-LOS-POLITICOS-1.jpg\",\"contentUrl\":\"https:\\\/\\\/lospoliticosveracruz.com\\\/wp-content\\\/uploads\\\/2025\\\/12\\\/Logo-Nuevo-LOS-POLITICOS-1.jpg\",\"width\":260,\"height\":70,\"caption\":\"Los pol\u00edticos Veracruz\"},\"image\":{\"@id\":\"https:\\\/\\\/lospoliticosveracruz.com\\\/#\\\/schema\\\/logo\\\/image\\\/\"},\"sameAs\":[\"https:\\\/\\\/www.facebook.com\\\/people\\\/Notimemes-de-los-Polticos\\\/61565672886568\\\/\",\"https:\\\/\\\/x.com\\\/LosPoliticosVer\"]},{\"@type\":\"Person\",\"@id\":\"https:\\\/\\\/lospoliticosveracruz.com\\\/#\\\/schema\\\/person\\\/b8702bb0e538456e6efd07080bf2a4a2\",\"name\":\"Lo viste en Los Pol\u00edticos\",\"image\":{\"@type\":\"ImageObject\",\"inLanguage\":\"es\",\"@id\":\"https:\\\/\\\/secure.gravatar.com\\\/avatar\\\/3a8de04a2656d44082be478bd6c086daa447c4651605818287b9532d3d0bd435?s=96&d=mm&r=g\",\"url\":\"https:\\\/\\\/secure.gravatar.com\\\/avatar\\\/3a8de04a2656d44082be478bd6c086daa447c4651605818287b9532d3d0bd435?s=96&d=mm&r=g\",\"contentUrl\":\"https:\\\/\\\/secure.gravatar.com\\\/avatar\\\/3a8de04a2656d44082be478bd6c086daa447c4651605818287b9532d3d0bd435?s=96&d=mm&r=g\",\"caption\":\"Lo viste en Los Pol\u00edticos\"},\"url\":\"https:\\\/\\\/lospoliticosveracruz.com\\\/?author=2\"}]}<\/script>\n<!-- \/ Yoast SEO plugin. -->","yoast_head_json":{"title":"Dale m\u00e1s valor a M\u00e9xico - Los pol\u00edticos Veracruz","robots":{"index":"index","follow":"follow","max-snippet":"max-snippet:-1","max-image-preview":"max-image-preview:large","max-video-preview":"max-video-preview:-1"},"canonical":"https:\/\/lospoliticosveracruz.com\/?p=14990","og_locale":"es_ES","og_type":"article","og_title":"Dale m\u00e1s valor a M\u00e9xico - Los pol\u00edticos Veracruz","og_description":"Jorge Arturo Rodr\u00edguez Tierra de Babel &nbsp; El mes de febrero, dicen, es el mes del amor y la amistad. Pero no veo por ning\u00fan lado ni amor ni amistad, a no ser que envueltos en consumismo, esnobismo y dem\u00e1s atribuciones mediocres que en mal nos dejan a los que verdaderamente profesamos la dicha de [&hellip;]","og_url":"https:\/\/lospoliticosveracruz.com\/?p=14990","og_site_name":"Los pol\u00edticos Veracruz","article_publisher":"https:\/\/www.facebook.com\/people\/Notimemes-de-los-Polticos\/61565672886568\/","article_published_time":"2015-02-19T17:46:46+00:00","og_image":[{"url":"http:\/\/www.lospoliticosveracruz.com.mx\/wp-content\/uploads\/2015\/02\/Renato-300x161.jpg","type":"","width":"","height":""}],"author":"Lo viste en Los Pol\u00edticos","twitter_card":"summary_large_image","twitter_creator":"@LosPoliticosVer","twitter_site":"@LosPoliticosVer","twitter_misc":{"Escrito por":"Lo viste en Los Pol\u00edticos","Tiempo de lectura":"3 minutos"},"schema":{"@context":"https:\/\/schema.org","@graph":[{"@type":"Article","@id":"https:\/\/lospoliticosveracruz.com\/?p=14990#article","isPartOf":{"@id":"https:\/\/lospoliticosveracruz.com\/?p=14990"},"author":{"name":"Lo viste en Los Pol\u00edticos","@id":"https:\/\/lospoliticosveracruz.com\/#\/schema\/person\/b8702bb0e538456e6efd07080bf2a4a2"},"headline":"Dale m\u00e1s valor a M\u00e9xico","datePublished":"2015-02-19T17:46:46+00:00","mainEntityOfPage":{"@id":"https:\/\/lospoliticosveracruz.com\/?p=14990"},"wordCount":675,"commentCount":0,"publisher":{"@id":"https:\/\/lospoliticosveracruz.com\/#organization"},"image":{"@id":"https:\/\/lospoliticosveracruz.com\/?p=14990#primaryimage"},"thumbnailUrl":"http:\/\/www.lospoliticosveracruz.com.mx\/wp-content\/uploads\/2015\/02\/Renato-300x161.jpg","keywords":["Renato Tronco G\u00f3mez"],"articleSection":["De Opini\u00f3n"],"inLanguage":"es","potentialAction":[{"@type":"CommentAction","name":"Comment","target":["https:\/\/lospoliticosveracruz.com\/?p=14990#respond"]}]},{"@type":"WebPage","@id":"https:\/\/lospoliticosveracruz.com\/?p=14990","url":"https:\/\/lospoliticosveracruz.com\/?p=14990","name":"Dale m\u00e1s valor a M\u00e9xico - Los pol\u00edticos Veracruz","isPartOf":{"@id":"https:\/\/lospoliticosveracruz.com\/#website"},"primaryImageOfPage":{"@id":"https:\/\/lospoliticosveracruz.com\/?p=14990#primaryimage"},"image":{"@id":"https:\/\/lospoliticosveracruz.com\/?p=14990#primaryimage"},"thumbnailUrl":"http:\/\/www.lospoliticosveracruz.com.mx\/wp-content\/uploads\/2015\/02\/Renato-300x161.jpg","datePublished":"2015-02-19T17:46:46+00:00","breadcrumb":{"@id":"https:\/\/lospoliticosveracruz.com\/?p=14990#breadcrumb"},"inLanguage":"es","potentialAction":[{"@type":"ReadAction","target":["https:\/\/lospoliticosveracruz.com\/?p=14990"]}]},{"@type":"ImageObject","inLanguage":"es","@id":"https:\/\/lospoliticosveracruz.com\/?p=14990#primaryimage","url":"http:\/\/www.lospoliticosveracruz.com.mx\/wp-content\/uploads\/2015\/02\/Renato-300x161.jpg","contentUrl":"http:\/\/www.lospoliticosveracruz.com.mx\/wp-content\/uploads\/2015\/02\/Renato-300x161.jpg"},{"@type":"BreadcrumbList","@id":"https:\/\/lospoliticosveracruz.com\/?p=14990#breadcrumb","itemListElement":[{"@type":"ListItem","position":1,"name":"Portada","item":"https:\/\/lospoliticosveracruz.com\/"},{"@type":"ListItem","position":2,"name":"Dale m\u00e1s valor a M\u00e9xico"}]},{"@type":"WebSite","@id":"https:\/\/lospoliticosveracruz.com\/#website","url":"https:\/\/lospoliticosveracruz.com\/","name":"Los pol\u00edticos Veracruz","description":"","publisher":{"@id":"https:\/\/lospoliticosveracruz.com\/#organization"},"potentialAction":[{"@type":"SearchAction","target":{"@type":"EntryPoint","urlTemplate":"https:\/\/lospoliticosveracruz.com\/?s={search_term_string}"},"query-input":{"@type":"PropertyValueSpecification","valueRequired":true,"valueName":"search_term_string"}}],"inLanguage":"es"},{"@type":"Organization","@id":"https:\/\/lospoliticosveracruz.com\/#organization","name":"Los pol\u00edticos Veracruz","url":"https:\/\/lospoliticosveracruz.com\/","logo":{"@type":"ImageObject","inLanguage":"es","@id":"https:\/\/lospoliticosveracruz.com\/#\/schema\/logo\/image\/","url":"https:\/\/lospoliticosveracruz.com\/wp-content\/uploads\/2025\/12\/Logo-Nuevo-LOS-POLITICOS-1.jpg","contentUrl":"https:\/\/lospoliticosveracruz.com\/wp-content\/uploads\/2025\/12\/Logo-Nuevo-LOS-POLITICOS-1.jpg","width":260,"height":70,"caption":"Los pol\u00edticos Veracruz"},"image":{"@id":"https:\/\/lospoliticosveracruz.com\/#\/schema\/logo\/image\/"},"sameAs":["https:\/\/www.facebook.com\/people\/Notimemes-de-los-Polticos\/61565672886568\/","https:\/\/x.com\/LosPoliticosVer"]},{"@type":"Person","@id":"https:\/\/lospoliticosveracruz.com\/#\/schema\/person\/b8702bb0e538456e6efd07080bf2a4a2","name":"Lo viste en Los Pol\u00edticos","image":{"@type":"ImageObject","inLanguage":"es","@id":"https:\/\/secure.gravatar.com\/avatar\/3a8de04a2656d44082be478bd6c086daa447c4651605818287b9532d3d0bd435?s=96&d=mm&r=g","url":"https:\/\/secure.gravatar.com\/avatar\/3a8de04a2656d44082be478bd6c086daa447c4651605818287b9532d3d0bd435?s=96&d=mm&r=g","contentUrl":"https:\/\/secure.gravatar.com\/avatar\/3a8de04a2656d44082be478bd6c086daa447c4651605818287b9532d3d0bd435?s=96&d=mm&r=g","caption":"Lo viste en Los Pol\u00edticos"},"url":"https:\/\/lospoliticosveracruz.com\/?author=2"}]}},"_links":{"self":[{"href":"https:\/\/lospoliticosveracruz.com\/index.php?rest_route=\/wp\/v2\/posts\/14990","targetHints":{"allow":["GET"]}}],"collection":[{"href":"https:\/\/lospoliticosveracruz.com\/index.php?rest_route=\/wp\/v2\/posts"}],"about":[{"href":"https:\/\/lospoliticosveracruz.com\/index.php?rest_route=\/wp\/v2\/types\/post"}],"author":[{"embeddable":true,"href":"https:\/\/lospoliticosveracruz.com\/index.php?rest_route=\/wp\/v2\/users\/2"}],"replies":[{"embeddable":true,"href":"https:\/\/lospoliticosveracruz.com\/index.php?rest_route=%2Fwp%2Fv2%2Fcomments&post=14990"}],"version-history":[{"count":1,"href":"https:\/\/lospoliticosveracruz.com\/index.php?rest_route=\/wp\/v2\/posts\/14990\/revisions"}],"predecessor-version":[{"id":14992,"href":"https:\/\/lospoliticosveracruz.com\/index.php?rest_route=\/wp\/v2\/posts\/14990\/revisions\/14992"}],"wp:attachment":[{"href":"https:\/\/lospoliticosveracruz.com\/index.php?rest_route=%2Fwp%2Fv2%2Fmedia&parent=14990"}],"wp:term":[{"taxonomy":"category","embeddable":true,"href":"https:\/\/lospoliticosveracruz.com\/index.php?rest_route=%2Fwp%2Fv2%2Fcategories&post=14990"},{"taxonomy":"post_tag","embeddable":true,"href":"https:\/\/lospoliticosveracruz.com\/index.php?rest_route=%2Fwp%2Fv2%2Ftags&post=14990"}],"curies":[{"name":"wp","href":"https:\/\/api.w.org\/{rel}","templated":true}]}}