{"id":15016,"date":"2015-02-22T22:02:00","date_gmt":"2015-02-23T04:02:00","guid":{"rendered":"http:\/\/www.lospoliticosveracruz.com.mx\/?p=15016"},"modified":"2015-02-22T22:02:00","modified_gmt":"2015-02-23T04:02:00","slug":"comunicadores-hijos-de-dios-y-del-diablo","status":"publish","type":"post","link":"https:\/\/lospoliticosveracruz.com\/?p=15016","title":{"rendered":"Comunicadores, hijos de Dios y del diablo"},"content":{"rendered":"<p><a href=\"http:\/\/www.lospoliticosveracruz.com.mx\/wp-content\/uploads\/2015\/02\/Prensa.jpg\"><img loading=\"lazy\" decoding=\"async\" class=\"alignnone size-medium wp-image-15018\" src=\"http:\/\/www.lospoliticosveracruz.com.mx\/wp-content\/uploads\/2015\/02\/Prensa-300x123.jpg\" alt=\"Prensa\" width=\"300\" height=\"123\" \/><\/a><\/p>\n<p><strong>\u00c1lvaro Belin Andrade<\/strong><\/p>\n<p><em>Hora Libre<\/em><\/p>\n<p>&nbsp;<\/p>\n<p>Para bien o para mal, para la gloria o el escarnio, muchos comunicadores veracruzanos han pasado de testigos a protagonistas del escenario p\u00fablico en los \u00faltimos a\u00f1os, lo que tiene en salmuera a los pol\u00edticos de carrera, desplazados irremediablemente en varios puntos de la entidad.<br \/>\nNo ha habido etapa m\u00e1s propicia para pasar del medio al fin que \u00e9sta, cuando muchos periodistas o locutores, abanderados por diversos partidos pol\u00edticos, pero principalmente por el Partido Revolucionario Institucional y sus sat\u00e9lites, han abandonado sus b\u00e1rtulos medi\u00e1ticos para probar suerte en la pol\u00edtica activa, tanto en municipios como en el poder ejecutivo y legislativo local e, incluso, en el federal.<br \/>\nBien valdr\u00eda la pena un estudio sociol\u00f3gico de este fen\u00f3meno que deja dudas sobre la salud de los pol\u00edticos tradicionales o sobre la carencia de cuadros de mediana envergadura para ganar comicios, pese a que, al menos en Xalapa, uno de los primeros experimentos, con Jos\u00e9 Valencia S\u00e1nchez, exdirector de Diario de Xalapa, llev\u00f3 al PRD a su m\u00e1s dura derrota cuando se lanz\u00f3 como candidato a alcalde de Xalapa y dej\u00f3 al Sol azteca en el tercer sitio, cuando Uriel Flores Aguayo aseguraba que su partido ganar\u00eda a\u00fan si llevara como candidato a un bovino.<br \/>\nEste a\u00f1o probar\u00e1 suerte de nuevo, pero sin siglas que le respalden; en efecto, Pepe Valencia podr\u00eda ir como candidato independiente por la diputaci\u00f3n federal por la capital, dejando temporalmente la direcci\u00f3n de El Heraldo de Xalapa.<\/p>\n<p>&nbsp;<\/p>\n<p><strong>De v\u00edctimas a\u00a0<\/strong><strong>poderosos<\/strong><\/p>\n<p>Entre marzo de 2011 y enero de 2014, Veracruz ha vivido la peor pesadilla de violencia contra reporteros veracruzanos. La \u00faltima v\u00edctima fue el reportero Mois\u00e9s S\u00e1nchez, asesinado por \u00f3rdenes del alcalde de Medell\u00edn, seg\u00fan las investigaciones de la Fiscal\u00eda General. Antes hab\u00eda dejado su leyenda la corresponsal de la revista Proceso, Regina Mart\u00ednez, cuyo caso se encuentra en un trance de oscuridad tras la liberaci\u00f3n de quien hab\u00eda sido presentado como su asesino.<br \/>\nLuego de este crimen, las cosas han cambiado de color, y no precisamente porque los comunicadores est\u00e9n a salvo, ha habido varios atropellos protagonizados por la Secretar\u00eda de Seguridad P\u00fablica y, recientemente, este clima de violencia e impunidad contra comunicadores fue motivo para la cancelaci\u00f3n del Hay Festival en Xalapa.<br \/>\nAunque ya ha habido antecedentes de comunicadores metidos a pol\u00edticos, aprovechando su supuesta o real popularidad entre la poblaci\u00f3n, ha sido en los \u00faltimos dos a\u00f1os cuando esta tendencia ha arreciado.<br \/>\nFrente a la ca\u00edda de Pepe Valencia, ha habido otros derrotados en las lides electorales, como el destacado columnista Raymundo Jim\u00e9nez, quien en dos ocasiones consecutivas (2004 y 2007) fue a la batalla por la alcald\u00eda de Emiliano Zapata, sufriendo sendas derrotas y en el pasado proceso electoral local no pudo lograr siquiera la candidatura gracias a la desigual batalla que sostuvo con Shariffe Osman Flores, quien fue apoyada con todo desde el Ayuntamiento de Xalapa, lo que no le sirvi\u00f3 para ganar la elecci\u00f3n definitiva.<br \/>\nQueda claro que los medios electr\u00f3nicos son m\u00e1s poderosos que la prensa escrita, tal vez debido a la legendaria lejan\u00eda de los mexicanos respecto a los peri\u00f3dicos. Hay que recordar que en 1997, impulsada por el PRD, la popular conductora Socorro Aubry s\u00ed gan\u00f3 la diputaci\u00f3n federal de Veracruz y con una votaci\u00f3n holgada.<br \/>\nOtro caso ic\u00f3nico es el de Elizabeth Morales, quien pese a su perfil profesional de administraci\u00f3n de empresas, se ha dedicado fundamentalmente a los medios de comunicaci\u00f3n.<br \/>\nFue conductora del programa de televisi\u00f3n \u201cA quien corresponda Veracruz\u201d de TV Azteca y articulista de Diario de Xalapa y Pol\u00edtica. Inici\u00f3 el programa de radio \u201cSolo Respuestas\u201d como directora, productora y conductora de 2011-2004 y, de 2005 a 2008, fue productora y conductora del programa de televisi\u00f3n \u201cUsted no est\u00e1 solo\u201d. Hasta fungi\u00f3 como subdirectora de Radio Televisi\u00f3n de Veracruz (RTV).<br \/>\nA ra\u00edz de esto, fue diputada federal, alcaldesa de Xalapa y, con el apoyo de don Mario V\u00e1zquez Ra\u00f1a, Presidente de la OEM, recientemente fallecido, en febrero del a\u00f1o pasado asumi\u00f3 la presidencia del Comit\u00e9 Directivo Estatal del PRI y hoy es de nueva cuenta precandidata a la diputaci\u00f3n federal por Xalapa.<br \/>\nOtro caso exitoso en los medios es el actual diputado local por Poza Rica, Alfredo G\u00e1ndara Andrade, luego de una desastrosa gesti\u00f3n como alcalde del mismo municipio petrolero, impulsado con todo por su padrino Fidel Herrera Beltr\u00e1n.<\/p>\n<p>&nbsp;<\/p>\n<p><strong>Los nuevos mes\u00edas de la pol\u00edtica<\/strong><\/p>\n<p>El poder de los medios, sea porque han extendido sus tent\u00e1culos en la pol\u00edtica local o porque fueron sacados de la chistera para hacer contrapeso con otros partidos, particularmente el PAN, se vio como nunca en el pasado proceso electoral local, de donde no solo sali\u00f3 G\u00e1ndara Andrade, sino tambi\u00e9n otros reporteros, conductores y empresarios de la comunicaci\u00f3n.<br \/>\nSalta a la vista Eduardo S\u00e1nchez Mac\u00edas, quien frustr\u00f3 sus aspiraciones de ser alcalde de Mart\u00ednez de la Torre pero obtuvo la candidatura de la coalici\u00f3n encabezada por el PRI, bajo la bandera del Partido Nueva Alianza (Panal), para obtener la diputaci\u00f3n local por el distrito VIII, con cabecera en la capital de los c\u00edtricos.<br \/>\nPropietario de seis medios impresos y diversas empresas de la construcci\u00f3n, S\u00e1nchez Mac\u00edas obtuvo un triunfo arrollador en los comicios y lleg\u00f3 a convertirse en l\u00edder de la fracci\u00f3n parlamentaria del Panal, partido del que se ha desligado porque no pudo lograr dos metas: convertirse en su dirigente estatal (a pesar de su priismo) y convertir a su hermano Paco en candidato a la diputaci\u00f3n federal por Mart\u00ednez de la Torre.<br \/>\nSi seguimos hablando del norte de Veracruz, tendremos que hablar de Gabriela Arango Gibb, familiar del asesinado propietario de La Opini\u00f3n de Poza Rica, Ra\u00fal Gibb, y que ahora cobra sus dietas en el Congreso local como diputada por el distrito V de Tuxpan.<br \/>\nPero la zona conurbada de Veracruz-Boca del R\u00edo es donde se dio la m\u00e1s fuerte batalla con comunicadores al frente de los m\u00e1s importantes partidos en contienda e, incluso, dos partidos menores que le apostaron por los populares lectores de noticias.<br \/>\nEn el distrito estrella, Veracruz I, se confrontaron dos proyectos: el del PRI fidelista y el del PAN yunista, y gan\u00f3 el primero. Los antecedentes de las dos contendientes m\u00e1s fuertes fue leer noticias en Telever, una, y en radio (adem\u00e1s de articulista de Notiver), la otra.<br \/>\nEn efecto, la actual precandidata a la diputaci\u00f3n federal por el Puerto y quien se desempe\u00f1ara como presidenta de la mesa directiva de la legislatura, exconductora de Telever y de la televisora estatal, Ana Guadalupe (Anil\u00fa) Ingram Vallines, fue la ganadora en unos comicios en que enfrent\u00f3 a Marijose Gamboa Torales, quien por cierto dijo haber sido v\u00edctima de represalias por su actitud cr\u00edtica, antes de ser postulada por el PAN yunista.<br \/>\nTras su derrota, Marijose fungi\u00f3 como directora del Instituto Municipal de las Mujeres en el ayuntamiento de Boca del R\u00edo, presidido por segunda ocasi\u00f3n por Miguel \u00c1ngel Yunes M\u00e1rquez, de donde sali\u00f3 para cumplir una condena por el homicidio imprudencial de un joven boquense.<br \/>\nMientras esto suced\u00eda en el distrito urbano, en el rural el exlector de noticias y exreportero de Telever (la empresa filial de Televisa) Tonatiuh Pola Estrada, hermano de otro diputado local, pero del Movimiento Ciudadano, Cuauht\u00e9moc, se enfrentaba en una batalla muy desigual con su excompa\u00f1ero en la empresa Hugo Gallardo San Gabriel, postulado por Alternativa Veracruzana (AVE).<br \/>\nHugo fue reportero policiaco de la empresa televisiva hasta que el crimen organizado le puso la mira y tuvo que exiliarse. La batalla la gan\u00f3 Tonatiuh, quien hoy se desempe\u00f1a en el Congreso como vocero de la fracci\u00f3n priista y, pr\u00e1cticamente, le tiene puesta la sombra a la encargada oficial de prensa de la Legislatura, Vicky Hern\u00e1ndez.<\/p>\n<p>&nbsp;<\/p>\n<p><strong>Los poderes f\u00e1cticos<\/strong><\/p>\n<p>Adem\u00e1s de la diputada por Tuxpan, Gabriela Arango Gibb, ha llegado al Congreso local, bajo la bandera del Partido Verde Ecologista de M\u00e9xico \u2013pero cobijada por la alianza Veracruz para Adelante que encabez\u00f3 el PRI\u2013, la hija de Jos\u00e9 Pablo Robles Mart\u00ednez (jefe del emporio que encabeza Diario del Istmo), la hoy diputada local M\u00f3nica Robles Barajas.<br \/>\nEsta pl\u00e9yade de hijos de la comunicaci\u00f3n, a la que se une Eduardo S\u00e1nchez Mac\u00edas, controla una parte del poder real, pero provienen de los poderes f\u00e1cticos.<br \/>\nEllos triunfaron. Otros, no. Basta ver la lista de otros candidatos hasta donde la vista de este reportero alcanza: Adriana Garc\u00eda Vargas, tambi\u00e9n de una empresa de los Robles, Imagen del Golfo, fue por la diputaci\u00f3n por Boca del R\u00edo, auspiciada por el Partido del Trabajo (PT), y perdi\u00f3.<br \/>\nEn los mismos comicios locales, perdi\u00f3 Alejandra Rosas Borbonio, exconductora del Grupo ACIR, quien busc\u00f3 ganar el ayuntamiento de Cotaxtla, la tierra del exprocurador Felipe Amadeo Flores Espinoza, por el partido Alternativa Veracruzana (AVE), pero no lo logr\u00f3.<br \/>\nPara conocer la importancia de los comunicadores, basta ver c\u00f3mo ahora son materia de columnas y trascendidos los nombramientos de los encargados de prensa del gobierno estatal, la legislatura y algunos ayuntamientos.<br \/>\nLo interesante del caso es que parece que est\u00e1n ocurriendo enroques. Mientras varios comunicadores saltan a la arena pol\u00edtica, varios pol\u00edticos le han entrado al quite al trabajo de la comunicaci\u00f3n institucional. As\u00ed las cosas.<\/p>\n","protected":false},"excerpt":{"rendered":"<p>\u00c1lvaro Belin Andrade Hora Libre &nbsp; Para bien o para mal, para la gloria o el escarnio, muchos comunicadores veracruzanos han pasado de testigos a protagonistas del escenario p\u00fablico en los \u00faltimos a\u00f1os, lo que tiene en salmuera a los pol\u00edticos de carrera, desplazados irremediablemente en varios puntos de la entidad. No ha habido etapa [&hellip;]<\/p>\n","protected":false},"author":2,"featured_media":0,"comment_status":"open","ping_status":"open","sticky":false,"template":"","format":"standard","meta":{"tdm_status":"","tdm_grid_status":"","footnotes":""},"categories":[70],"tags":[1872,1235,133,1870,1866,1871,1395,1875,1867,1868,1873],"class_list":{"0":"post-15016","1":"post","2":"type-post","3":"status-publish","4":"format-standard","6":"category-de-opinion","7":"tag-anilu-ingram-vallines","8":"tag-eduardo-sanchez-macias","9":"tag-elizabeth-morales","10":"tag-gabriela-arango-gibb","11":"tag-jose-valencia-sanchez","12":"tag-marijose-gamboa-torales","13":"tag-moises-sanchez","14":"tag-monica-robles-barajas","15":"tag-raymundo-jimenez","16":"tag-socorro-aubry","17":"tag-tonatiuh-pola-estrada"},"yoast_head":"<!-- This site is optimized with the Yoast SEO plugin v27.4 - https:\/\/yoast.com\/product\/yoast-seo-wordpress\/ -->\n<title>Comunicadores, hijos de Dios y del diablo - Los pol\u00edticos Veracruz<\/title>\n<meta name=\"robots\" content=\"index, follow, max-snippet:-1, max-image-preview:large, max-video-preview:-1\" \/>\n<link rel=\"canonical\" href=\"https:\/\/lospoliticosveracruz.com\/?p=15016\" \/>\n<meta property=\"og:locale\" content=\"es_ES\" \/>\n<meta property=\"og:type\" content=\"article\" \/>\n<meta property=\"og:title\" content=\"Comunicadores, hijos de Dios y del diablo - Los pol\u00edticos Veracruz\" \/>\n<meta property=\"og:description\" content=\"\u00c1lvaro Belin Andrade Hora Libre &nbsp; Para bien o para mal, para la gloria o el escarnio, muchos comunicadores veracruzanos han pasado de testigos a protagonistas del escenario p\u00fablico en los \u00faltimos a\u00f1os, lo que tiene en salmuera a los pol\u00edticos de carrera, desplazados irremediablemente en varios puntos de la entidad. No ha habido etapa [&hellip;]\" \/>\n<meta property=\"og:url\" content=\"https:\/\/lospoliticosveracruz.com\/?p=15016\" \/>\n<meta property=\"og:site_name\" content=\"Los pol\u00edticos Veracruz\" \/>\n<meta property=\"article:publisher\" content=\"https:\/\/www.facebook.com\/people\/Notimemes-de-los-Polticos\/61565672886568\/\" \/>\n<meta property=\"article:published_time\" content=\"2015-02-23T04:02:00+00:00\" \/>\n<meta property=\"og:image\" content=\"http:\/\/www.lospoliticosveracruz.com.mx\/wp-content\/uploads\/2015\/02\/Prensa-300x123.jpg\" \/>\n<meta name=\"author\" content=\"Lo viste en Los Pol\u00edticos\" \/>\n<meta name=\"twitter:card\" content=\"summary_large_image\" \/>\n<meta name=\"twitter:creator\" content=\"@LosPoliticosVer\" \/>\n<meta name=\"twitter:site\" content=\"@LosPoliticosVer\" \/>\n<meta name=\"twitter:label1\" content=\"Escrito por\" \/>\n\t<meta name=\"twitter:data1\" content=\"Lo viste en Los Pol\u00edticos\" \/>\n\t<meta name=\"twitter:label2\" content=\"Tiempo de lectura\" \/>\n\t<meta name=\"twitter:data2\" content=\"8 minutos\" \/>\n<script type=\"application\/ld+json\" class=\"yoast-schema-graph\">{\"@context\":\"https:\\\/\\\/schema.org\",\"@graph\":[{\"@type\":\"Article\",\"@id\":\"https:\\\/\\\/lospoliticosveracruz.com\\\/?p=15016#article\",\"isPartOf\":{\"@id\":\"https:\\\/\\\/lospoliticosveracruz.com\\\/?p=15016\"},\"author\":{\"name\":\"Lo viste en Los Pol\u00edticos\",\"@id\":\"https:\\\/\\\/lospoliticosveracruz.com\\\/#\\\/schema\\\/person\\\/b8702bb0e538456e6efd07080bf2a4a2\"},\"headline\":\"Comunicadores, hijos de Dios y del diablo\",\"datePublished\":\"2015-02-23T04:02:00+00:00\",\"mainEntityOfPage\":{\"@id\":\"https:\\\/\\\/lospoliticosveracruz.com\\\/?p=15016\"},\"wordCount\":1644,\"commentCount\":0,\"publisher\":{\"@id\":\"https:\\\/\\\/lospoliticosveracruz.com\\\/#organization\"},\"image\":{\"@id\":\"https:\\\/\\\/lospoliticosveracruz.com\\\/?p=15016#primaryimage\"},\"thumbnailUrl\":\"http:\\\/\\\/www.lospoliticosveracruz.com.mx\\\/wp-content\\\/uploads\\\/2015\\\/02\\\/Prensa-300x123.jpg\",\"keywords\":[\"Anil\u00fa Ingram Vallines\",\"Eduardo S\u00e1nchez Mac\u00edas\",\"Elizabeth Morales\",\"Gabriela Arango Gibb\",\"Jos\u00e9 Valencia S\u00e1nchez\",\"Marijose Gamboa Torales\",\"Mois\u00e9s S\u00e1nchez\",\"M\u00f3nica Robles Barajas\",\"Raymundo Jim\u00e9nez\",\"Socorro Aubry\",\"Tonatiuh Pola Estrada\"],\"articleSection\":[\"De Opini\u00f3n\"],\"inLanguage\":\"es\",\"potentialAction\":[{\"@type\":\"CommentAction\",\"name\":\"Comment\",\"target\":[\"https:\\\/\\\/lospoliticosveracruz.com\\\/?p=15016#respond\"]}]},{\"@type\":\"WebPage\",\"@id\":\"https:\\\/\\\/lospoliticosveracruz.com\\\/?p=15016\",\"url\":\"https:\\\/\\\/lospoliticosveracruz.com\\\/?p=15016\",\"name\":\"Comunicadores, hijos de Dios y del diablo - Los pol\u00edticos Veracruz\",\"isPartOf\":{\"@id\":\"https:\\\/\\\/lospoliticosveracruz.com\\\/#website\"},\"primaryImageOfPage\":{\"@id\":\"https:\\\/\\\/lospoliticosveracruz.com\\\/?p=15016#primaryimage\"},\"image\":{\"@id\":\"https:\\\/\\\/lospoliticosveracruz.com\\\/?p=15016#primaryimage\"},\"thumbnailUrl\":\"http:\\\/\\\/www.lospoliticosveracruz.com.mx\\\/wp-content\\\/uploads\\\/2015\\\/02\\\/Prensa-300x123.jpg\",\"datePublished\":\"2015-02-23T04:02:00+00:00\",\"breadcrumb\":{\"@id\":\"https:\\\/\\\/lospoliticosveracruz.com\\\/?p=15016#breadcrumb\"},\"inLanguage\":\"es\",\"potentialAction\":[{\"@type\":\"ReadAction\",\"target\":[\"https:\\\/\\\/lospoliticosveracruz.com\\\/?p=15016\"]}]},{\"@type\":\"ImageObject\",\"inLanguage\":\"es\",\"@id\":\"https:\\\/\\\/lospoliticosveracruz.com\\\/?p=15016#primaryimage\",\"url\":\"http:\\\/\\\/www.lospoliticosveracruz.com.mx\\\/wp-content\\\/uploads\\\/2015\\\/02\\\/Prensa-300x123.jpg\",\"contentUrl\":\"http:\\\/\\\/www.lospoliticosveracruz.com.mx\\\/wp-content\\\/uploads\\\/2015\\\/02\\\/Prensa-300x123.jpg\"},{\"@type\":\"BreadcrumbList\",\"@id\":\"https:\\\/\\\/lospoliticosveracruz.com\\\/?p=15016#breadcrumb\",\"itemListElement\":[{\"@type\":\"ListItem\",\"position\":1,\"name\":\"Portada\",\"item\":\"https:\\\/\\\/lospoliticosveracruz.com\\\/\"},{\"@type\":\"ListItem\",\"position\":2,\"name\":\"Comunicadores, hijos de Dios y del diablo\"}]},{\"@type\":\"WebSite\",\"@id\":\"https:\\\/\\\/lospoliticosveracruz.com\\\/#website\",\"url\":\"https:\\\/\\\/lospoliticosveracruz.com\\\/\",\"name\":\"Los pol\u00edticos Veracruz\",\"description\":\"\",\"publisher\":{\"@id\":\"https:\\\/\\\/lospoliticosveracruz.com\\\/#organization\"},\"potentialAction\":[{\"@type\":\"SearchAction\",\"target\":{\"@type\":\"EntryPoint\",\"urlTemplate\":\"https:\\\/\\\/lospoliticosveracruz.com\\\/?s={search_term_string}\"},\"query-input\":{\"@type\":\"PropertyValueSpecification\",\"valueRequired\":true,\"valueName\":\"search_term_string\"}}],\"inLanguage\":\"es\"},{\"@type\":\"Organization\",\"@id\":\"https:\\\/\\\/lospoliticosveracruz.com\\\/#organization\",\"name\":\"Los pol\u00edticos Veracruz\",\"url\":\"https:\\\/\\\/lospoliticosveracruz.com\\\/\",\"logo\":{\"@type\":\"ImageObject\",\"inLanguage\":\"es\",\"@id\":\"https:\\\/\\\/lospoliticosveracruz.com\\\/#\\\/schema\\\/logo\\\/image\\\/\",\"url\":\"https:\\\/\\\/lospoliticosveracruz.com\\\/wp-content\\\/uploads\\\/2025\\\/12\\\/Logo-Nuevo-LOS-POLITICOS-1.jpg\",\"contentUrl\":\"https:\\\/\\\/lospoliticosveracruz.com\\\/wp-content\\\/uploads\\\/2025\\\/12\\\/Logo-Nuevo-LOS-POLITICOS-1.jpg\",\"width\":260,\"height\":70,\"caption\":\"Los pol\u00edticos Veracruz\"},\"image\":{\"@id\":\"https:\\\/\\\/lospoliticosveracruz.com\\\/#\\\/schema\\\/logo\\\/image\\\/\"},\"sameAs\":[\"https:\\\/\\\/www.facebook.com\\\/people\\\/Notimemes-de-los-Polticos\\\/61565672886568\\\/\",\"https:\\\/\\\/x.com\\\/LosPoliticosVer\"]},{\"@type\":\"Person\",\"@id\":\"https:\\\/\\\/lospoliticosveracruz.com\\\/#\\\/schema\\\/person\\\/b8702bb0e538456e6efd07080bf2a4a2\",\"name\":\"Lo viste en Los Pol\u00edticos\",\"image\":{\"@type\":\"ImageObject\",\"inLanguage\":\"es\",\"@id\":\"https:\\\/\\\/secure.gravatar.com\\\/avatar\\\/3a8de04a2656d44082be478bd6c086daa447c4651605818287b9532d3d0bd435?s=96&d=mm&r=g\",\"url\":\"https:\\\/\\\/secure.gravatar.com\\\/avatar\\\/3a8de04a2656d44082be478bd6c086daa447c4651605818287b9532d3d0bd435?s=96&d=mm&r=g\",\"contentUrl\":\"https:\\\/\\\/secure.gravatar.com\\\/avatar\\\/3a8de04a2656d44082be478bd6c086daa447c4651605818287b9532d3d0bd435?s=96&d=mm&r=g\",\"caption\":\"Lo viste en Los Pol\u00edticos\"},\"url\":\"https:\\\/\\\/lospoliticosveracruz.com\\\/?author=2\"}]}<\/script>\n<!-- \/ Yoast SEO plugin. -->","yoast_head_json":{"title":"Comunicadores, hijos de Dios y del diablo - Los pol\u00edticos Veracruz","robots":{"index":"index","follow":"follow","max-snippet":"max-snippet:-1","max-image-preview":"max-image-preview:large","max-video-preview":"max-video-preview:-1"},"canonical":"https:\/\/lospoliticosveracruz.com\/?p=15016","og_locale":"es_ES","og_type":"article","og_title":"Comunicadores, hijos de Dios y del diablo - Los pol\u00edticos Veracruz","og_description":"\u00c1lvaro Belin Andrade Hora Libre &nbsp; Para bien o para mal, para la gloria o el escarnio, muchos comunicadores veracruzanos han pasado de testigos a protagonistas del escenario p\u00fablico en los \u00faltimos a\u00f1os, lo que tiene en salmuera a los pol\u00edticos de carrera, desplazados irremediablemente en varios puntos de la entidad. No ha habido etapa [&hellip;]","og_url":"https:\/\/lospoliticosveracruz.com\/?p=15016","og_site_name":"Los pol\u00edticos Veracruz","article_publisher":"https:\/\/www.facebook.com\/people\/Notimemes-de-los-Polticos\/61565672886568\/","article_published_time":"2015-02-23T04:02:00+00:00","og_image":[{"url":"http:\/\/www.lospoliticosveracruz.com.mx\/wp-content\/uploads\/2015\/02\/Prensa-300x123.jpg","type":"","width":"","height":""}],"author":"Lo viste en Los Pol\u00edticos","twitter_card":"summary_large_image","twitter_creator":"@LosPoliticosVer","twitter_site":"@LosPoliticosVer","twitter_misc":{"Escrito por":"Lo viste en Los Pol\u00edticos","Tiempo de lectura":"8 minutos"},"schema":{"@context":"https:\/\/schema.org","@graph":[{"@type":"Article","@id":"https:\/\/lospoliticosveracruz.com\/?p=15016#article","isPartOf":{"@id":"https:\/\/lospoliticosveracruz.com\/?p=15016"},"author":{"name":"Lo viste en Los Pol\u00edticos","@id":"https:\/\/lospoliticosveracruz.com\/#\/schema\/person\/b8702bb0e538456e6efd07080bf2a4a2"},"headline":"Comunicadores, hijos de Dios y del diablo","datePublished":"2015-02-23T04:02:00+00:00","mainEntityOfPage":{"@id":"https:\/\/lospoliticosveracruz.com\/?p=15016"},"wordCount":1644,"commentCount":0,"publisher":{"@id":"https:\/\/lospoliticosveracruz.com\/#organization"},"image":{"@id":"https:\/\/lospoliticosveracruz.com\/?p=15016#primaryimage"},"thumbnailUrl":"http:\/\/www.lospoliticosveracruz.com.mx\/wp-content\/uploads\/2015\/02\/Prensa-300x123.jpg","keywords":["Anil\u00fa Ingram Vallines","Eduardo S\u00e1nchez Mac\u00edas","Elizabeth Morales","Gabriela Arango Gibb","Jos\u00e9 Valencia S\u00e1nchez","Marijose Gamboa Torales","Mois\u00e9s S\u00e1nchez","M\u00f3nica Robles Barajas","Raymundo Jim\u00e9nez","Socorro Aubry","Tonatiuh Pola Estrada"],"articleSection":["De Opini\u00f3n"],"inLanguage":"es","potentialAction":[{"@type":"CommentAction","name":"Comment","target":["https:\/\/lospoliticosveracruz.com\/?p=15016#respond"]}]},{"@type":"WebPage","@id":"https:\/\/lospoliticosveracruz.com\/?p=15016","url":"https:\/\/lospoliticosveracruz.com\/?p=15016","name":"Comunicadores, hijos de Dios y del diablo - Los pol\u00edticos Veracruz","isPartOf":{"@id":"https:\/\/lospoliticosveracruz.com\/#website"},"primaryImageOfPage":{"@id":"https:\/\/lospoliticosveracruz.com\/?p=15016#primaryimage"},"image":{"@id":"https:\/\/lospoliticosveracruz.com\/?p=15016#primaryimage"},"thumbnailUrl":"http:\/\/www.lospoliticosveracruz.com.mx\/wp-content\/uploads\/2015\/02\/Prensa-300x123.jpg","datePublished":"2015-02-23T04:02:00+00:00","breadcrumb":{"@id":"https:\/\/lospoliticosveracruz.com\/?p=15016#breadcrumb"},"inLanguage":"es","potentialAction":[{"@type":"ReadAction","target":["https:\/\/lospoliticosveracruz.com\/?p=15016"]}]},{"@type":"ImageObject","inLanguage":"es","@id":"https:\/\/lospoliticosveracruz.com\/?p=15016#primaryimage","url":"http:\/\/www.lospoliticosveracruz.com.mx\/wp-content\/uploads\/2015\/02\/Prensa-300x123.jpg","contentUrl":"http:\/\/www.lospoliticosveracruz.com.mx\/wp-content\/uploads\/2015\/02\/Prensa-300x123.jpg"},{"@type":"BreadcrumbList","@id":"https:\/\/lospoliticosveracruz.com\/?p=15016#breadcrumb","itemListElement":[{"@type":"ListItem","position":1,"name":"Portada","item":"https:\/\/lospoliticosveracruz.com\/"},{"@type":"ListItem","position":2,"name":"Comunicadores, hijos de Dios y del diablo"}]},{"@type":"WebSite","@id":"https:\/\/lospoliticosveracruz.com\/#website","url":"https:\/\/lospoliticosveracruz.com\/","name":"Los pol\u00edticos Veracruz","description":"","publisher":{"@id":"https:\/\/lospoliticosveracruz.com\/#organization"},"potentialAction":[{"@type":"SearchAction","target":{"@type":"EntryPoint","urlTemplate":"https:\/\/lospoliticosveracruz.com\/?s={search_term_string}"},"query-input":{"@type":"PropertyValueSpecification","valueRequired":true,"valueName":"search_term_string"}}],"inLanguage":"es"},{"@type":"Organization","@id":"https:\/\/lospoliticosveracruz.com\/#organization","name":"Los pol\u00edticos Veracruz","url":"https:\/\/lospoliticosveracruz.com\/","logo":{"@type":"ImageObject","inLanguage":"es","@id":"https:\/\/lospoliticosveracruz.com\/#\/schema\/logo\/image\/","url":"https:\/\/lospoliticosveracruz.com\/wp-content\/uploads\/2025\/12\/Logo-Nuevo-LOS-POLITICOS-1.jpg","contentUrl":"https:\/\/lospoliticosveracruz.com\/wp-content\/uploads\/2025\/12\/Logo-Nuevo-LOS-POLITICOS-1.jpg","width":260,"height":70,"caption":"Los pol\u00edticos Veracruz"},"image":{"@id":"https:\/\/lospoliticosveracruz.com\/#\/schema\/logo\/image\/"},"sameAs":["https:\/\/www.facebook.com\/people\/Notimemes-de-los-Polticos\/61565672886568\/","https:\/\/x.com\/LosPoliticosVer"]},{"@type":"Person","@id":"https:\/\/lospoliticosveracruz.com\/#\/schema\/person\/b8702bb0e538456e6efd07080bf2a4a2","name":"Lo viste en Los Pol\u00edticos","image":{"@type":"ImageObject","inLanguage":"es","@id":"https:\/\/secure.gravatar.com\/avatar\/3a8de04a2656d44082be478bd6c086daa447c4651605818287b9532d3d0bd435?s=96&d=mm&r=g","url":"https:\/\/secure.gravatar.com\/avatar\/3a8de04a2656d44082be478bd6c086daa447c4651605818287b9532d3d0bd435?s=96&d=mm&r=g","contentUrl":"https:\/\/secure.gravatar.com\/avatar\/3a8de04a2656d44082be478bd6c086daa447c4651605818287b9532d3d0bd435?s=96&d=mm&r=g","caption":"Lo viste en Los Pol\u00edticos"},"url":"https:\/\/lospoliticosveracruz.com\/?author=2"}]}},"_links":{"self":[{"href":"https:\/\/lospoliticosveracruz.com\/index.php?rest_route=\/wp\/v2\/posts\/15016","targetHints":{"allow":["GET"]}}],"collection":[{"href":"https:\/\/lospoliticosveracruz.com\/index.php?rest_route=\/wp\/v2\/posts"}],"about":[{"href":"https:\/\/lospoliticosveracruz.com\/index.php?rest_route=\/wp\/v2\/types\/post"}],"author":[{"embeddable":true,"href":"https:\/\/lospoliticosveracruz.com\/index.php?rest_route=\/wp\/v2\/users\/2"}],"replies":[{"embeddable":true,"href":"https:\/\/lospoliticosveracruz.com\/index.php?rest_route=%2Fwp%2Fv2%2Fcomments&post=15016"}],"version-history":[{"count":2,"href":"https:\/\/lospoliticosveracruz.com\/index.php?rest_route=\/wp\/v2\/posts\/15016\/revisions"}],"predecessor-version":[{"id":15019,"href":"https:\/\/lospoliticosveracruz.com\/index.php?rest_route=\/wp\/v2\/posts\/15016\/revisions\/15019"}],"wp:attachment":[{"href":"https:\/\/lospoliticosveracruz.com\/index.php?rest_route=%2Fwp%2Fv2%2Fmedia&parent=15016"}],"wp:term":[{"taxonomy":"category","embeddable":true,"href":"https:\/\/lospoliticosveracruz.com\/index.php?rest_route=%2Fwp%2Fv2%2Fcategories&post=15016"},{"taxonomy":"post_tag","embeddable":true,"href":"https:\/\/lospoliticosveracruz.com\/index.php?rest_route=%2Fwp%2Fv2%2Ftags&post=15016"}],"curies":[{"name":"wp","href":"https:\/\/api.w.org\/{rel}","templated":true}]}}