{"id":150168,"date":"2025-08-06T21:58:33","date_gmt":"2025-08-07T02:58:33","guid":{"rendered":"https:\/\/lospoliticosveracruz.com.mx\/?p=150168"},"modified":"2025-08-06T23:21:34","modified_gmt":"2025-08-07T04:21:34","slug":"tabasco-y-el-sur-de-veracruz-ii","status":"publish","type":"post","link":"https:\/\/lospoliticosveracruz.com\/?p=150168","title":{"rendered":"TABASCO Y EL SUR DE VERACRUZ II"},"content":{"rendered":"\n\n\n<p><strong>Jos\u00e9 Luis Ortega Vidal<\/strong><\/p>\n\n\n\n<p><em>Claroscuros<\/em><\/p>\n\n\n\n<p>Corr\u00eda el a\u00f1o <strong>2007<\/strong> y en el <strong>Restaurant Staku<\/strong> del <strong>hotel Kinak\u00fa<\/strong>, en <strong>Acayucan<\/strong>, este reportero conversaba con <strong>Clemente Nagasaky Condado Escamilla<\/strong> (+), abogado, m\u00e1ster en <strong>Derecho de Amparo<\/strong> por la <strong>Universidad Crist\u00f3bal Col\u00f3n de Veracruz<\/strong>, pol\u00edtico y amigo.<\/p>\n\n\n\n<p><strong>Condado Escamilla<\/strong> trabaj\u00f3 para la <strong>Procuradur\u00eda General de la Rep\u00fablica (PGR)<\/strong>, donde se desempe\u00f1\u00f3 como <strong>Agente del Ministerio P\u00fablico Federal<\/strong> en diferentes plazas.<\/p>\n\n\n\n<p>El <strong>19 de noviembre del 2006<\/strong> hab\u00eda sido asesinado <strong>Cirilo V\u00e1zquez Lagunes<\/strong> cuando se dirig\u00eda al <strong>mangal<\/strong>, finca de su propiedad, para recoger el dinero destinado a la n\u00f3mina de su equipo de b\u00e9isbol: \u201c<strong>Los Tobis<\/strong>\u201d de <strong>Acayucan<\/strong>, que a\u00fan jugaban como local aquella tarde de domingo en el estadio <strong>La Arrocera<\/strong>.<\/p>\n\n\n\n<p>Sobre la calle <strong>Rivapalacio<\/strong>, casi esquina con avenida <strong>Miguel Alem\u00e1n<\/strong>, en <strong>Barrio Nuevo<\/strong>, el padre de la entonces alcaldesa <strong>Fabiola<\/strong> y de la exdiputada federal <strong>Regina V\u00e1zquez Saut<\/strong> \u2013ambas por el <strong>PAN<\/strong>\u2013 fue acribillado junto a polic\u00edas municipales del vecino municipio de <strong>San Juan Evangelista<\/strong> que le acompa\u00f1aban, as\u00ed como su suegro, padre de la alcaldesa sanjuane\u00f1a impulsada por el llamado <strong>cacique del sur<\/strong>.<\/p>\n\n\n\n<p>Cinco meses atr\u00e1s, en junio, <strong>Ponciano V\u00e1zquez Lagunes<\/strong>, el <strong>Pony<\/strong>, hab\u00eda muerto asesinado en <strong>Tabasco<\/strong>; su velorio y entierro en <strong>Villa Juanita<\/strong>, municipio de <strong>San Juan Evangelista<\/strong>, constituy\u00f3 una mezcla de duelo familiar y popular con elementos de mitin pol\u00edtico.<\/p>\n\n\n\n<p>En medio de la multitud, <strong>Cirilo V\u00e1zquez<\/strong> habl\u00f3 largamente con un funcionario del gobierno tabasque\u00f1o, a quien le reclamaba justicia por el crimen de su hermano.<\/p>\n\n\n\n<p>Estuve en aquel lugar, escuch\u00e9 los reclamos telef\u00f3nicos de <strong>V\u00e1zquez Lagunes<\/strong>, pero no supe con qui\u00e9n habl\u00f3 desde su celular.<\/p>\n\n\n\n<p>Extraoficialmente, al otro lado del auricular se ubic\u00f3 a un secretario o subsecretario durante el \u00faltimo a\u00f1o del gobernador <strong>Manuel Andrade D\u00edaz<\/strong>.<\/p>\n\n\n\n<p>(2)<br>En el <strong>CLAROSCUROS<\/strong> publicado ayer tom\u00e9 un fragmento extenso de la columna del periodista <strong>H\u00e9ctor de Maule\u00f3n<\/strong>, titulada <em>\u201cUna historia del Comandante H\u201d<\/em>.<br>El art\u00edculo al que aludo incluye este subt\u00edtulo:<\/p>\n\n\n\n<p><strong>\u201cTabasco y el sur de Veracruz: Cirilo y Ponciano V\u00e1zquez Lagunes, El Comandante H, Ad\u00e1n Augusto L\u00f3pez Hern\u00e1ndez, Andr\u00e9s Manuel L\u00f3pez Obrador, el espionaje de la Direcci\u00f3n Federal de Seguridad\u201d<\/strong><\/p>\n\n\n\n<p>He aqu\u00ed la segunda parte del trabajo de <strong>H\u00e9ctor de Maule\u00f3n<\/strong>, articulista del diario <strong>El Universal<\/strong>, peri\u00f3dico mexicano:<\/p>\n\n\n\n<blockquote class=\"wp-block-quote is-layout-flow wp-block-quote-is-layout-flow\">\n<p>\u201cDe la conversaci\u00f3n se desprende que <strong>Berm\u00fadez Requena<\/strong> le hab\u00eda recomendado negociar, que le hab\u00eda asegurado que su hermano estaba bien, que hab\u00eda hablado con \u00e9l en la <strong>Ciudad de M\u00e9xico<\/strong>, que su detenci\u00f3n se trataba de un asunto pol\u00edtico:<br>\u201c\u00bfPor qu\u00e9 nunca fueron a <strong>Soriana<\/strong> a solicitar el casete de la grabaci\u00f3n?&#8230; \u00bfpor qu\u00e9 la polic\u00eda de <strong>Tabasco<\/strong> los dej\u00f3 ir?&#8230; S\u00f3lo hay desconfianza en el gobierno de <strong>Tabasco<\/strong>\u2026 Aqu\u00ed es gente involucrada con ustedes.\u201d<br>\u201cEso me lo preguntas ahorita y no te puedo contestar muchas cosas, pero de que el gobierno est\u00e1 preocupado por la situaci\u00f3n no tengas la menor duda\u201d, respondi\u00f3 <strong>Berm\u00fadez<\/strong>. Agreg\u00f3: \u201cNo estaba a mi alcance la situaci\u00f3n\u201d.<\/p>\n<\/blockquote>\n\n\n\n<p>Sigui\u00f3 el di\u00e1logo:<\/p>\n\n\n\n<blockquote class=\"wp-block-quote is-layout-flow wp-block-quote-is-layout-flow\">\n<p>\u201cYo me acuerdo lo que me dijiste, <strong>Hern\u00e1n<\/strong>, me dijiste que era una cuesti\u00f3n de Estado, que era un apret\u00f3n para m\u00ed\u2026<br>\u201cLo que quiero decirte, que es algo importante, ya no me tienes confianza, ya me la perdiste\u2026<br>\u201cC\u00f3mo no te la voy a perder, si matan a mi hermano y t\u00fa dices que \u00e9l est\u00e1 bien cien por ciento, que lo tiene la <strong>SIEDO<\/strong>, c\u00f3mo voy a confiar en ti\u2026 Despu\u00e9s de un hecho como este, \u00bfconfiar\u00edas en una persona cuando te dice una cosa y es otra? Eso me dijiste. Te tengo grabado\u2026\u201d<\/p>\n<\/blockquote>\n\n\n\n<p>El funcionario reclam\u00f3:<\/p>\n\n\n\n<blockquote class=\"wp-block-quote is-layout-flow wp-block-quote-is-layout-flow\">\n<p>\u201cQue ma\u00f1ana vas a sacar los videos\u2026 \u00bfCrees que con eso me van a investigar?, ojal\u00e1 lo hagan\u201d.<\/p>\n<\/blockquote>\n\n\n\n<p><strong>Berm\u00fadez Requena<\/strong> fue detenido d\u00edas m\u00e1s tarde en el <strong>Hotel Camino Real<\/strong>, cuando justamente se hallaba reunido con el <strong>Cacique del Sur<\/strong> y un grupo de pol\u00edticos. S\u00f3lo permaneci\u00f3 once d\u00edas arraigado. La <strong>PGR<\/strong> argument\u00f3 que no exist\u00edan pruebas en su contra.<\/p>\n\n\n\n<p>Cinco meses m\u00e1s tarde, al salir <strong>V\u00e1zquez Lagunes<\/strong> en compa\u00f1\u00eda de su suegro de un partido de b\u00e9isbol en el que hab\u00eda jugado un equipo de su propiedad, dos camionetas con placas de <strong>Tabasco<\/strong> se le emparejaron. Los peritos contaron en su cuerpo <strong>12 impactos de bala<\/strong>; en el de su suegro, <strong>11<\/strong>. Murieron tambi\u00e9n los tres municipales que lo escoltaban.<\/p>\n\n\n\n<p>Ese d\u00eda hab\u00eda circulado un <strong>c\u00f3digo entre elementos policiacos<\/strong> para que no se acercaran al sitio donde m\u00e1s tarde ocurrieron estos hechos.<\/p>\n\n\n\n<p>Ni el crimen de <strong>Cirilo V\u00e1zquez<\/strong>, el cacique que controlaba el sur de <strong>Veracruz<\/strong> en la regi\u00f3n lim\u00edtrofe con <strong>Tabasco<\/strong>, ni el de su hermano, fueron resueltos.<\/p>\n\n\n\n<p>En <strong>2019<\/strong>, al nombrarlo secretario de seguridad de <strong>Tabasco<\/strong>, <strong>Ad\u00e1n Augusto L\u00f3pez<\/strong> expres\u00f3: \u201c<strong>Es el perfil que necesita Tabasco<\/strong>\u201d. Para entonces, el ej\u00e9rcito lo hab\u00eda ubicado como el <strong>\u00abComandante H\u00bb<\/strong>, l\u00edder de <strong>La Barredora<\/strong> y jefe de una red de <strong>extorsi\u00f3n, narcotr\u00e1fico, tr\u00e1fico de personas y huachicol<\/strong>.<\/p>\n\n\n\n<p>(3)<br>Durante su primera etapa como <strong>cacique<\/strong> en el <strong>sur veracruzano<\/strong> \u2013d\u00e9cada de los a\u00f1os ochenta\u2013 <strong>Cirilo V\u00e1zquez Lagunes<\/strong> lleg\u00f3 a controlar el escenario pol\u00edtico de una veintena de municipios en la zona de <strong>Acayucan<\/strong>, su natal <strong>San Juan Evangelista<\/strong>, la sierra de <strong>Soteapan<\/strong> y una parte de <strong>Cosoleacaque<\/strong>.<\/p>\n\n\n\n<p>Nunca pas\u00f3 de <strong>Cosoleacaque<\/strong> y en la zona urbana de este municipio top\u00f3 con el cacicazgo de <strong>Heliodoro Merl\u00edn Alor<\/strong>, pupilo y heredero parcial del poderoso <strong>Amadeo Gonz\u00e1lez Caballero<\/strong>, cuya sede operativa fue <strong>Coatzacoalcos<\/strong>, pero cuyo control se extendi\u00f3 hasta <strong>Alvarado<\/strong>.<\/p>\n\n\n\n<p>Detr\u00e1s de esta historia de mega poder vertical durante las d\u00e9cadas de los a\u00f1os cincuenta, sesenta y setenta del siglo pasado \u2013<strong>Amadeo Gonz\u00e1lez Caballero<\/strong> muri\u00f3 en 1969\u2013 se encuentra la figura de <strong>Miguel Alem\u00e1n Vald\u00e9s<\/strong>, nacido en <strong>Sayula de Alem\u00e1n<\/strong>, quien fue presidente de la Rep\u00fablica. Su influencia solo ces\u00f3 con su deceso el <strong>14 de mayo de 1983<\/strong>.<\/p>\n\n\n\n<p>Otro l\u00edmite del poder de <strong>Cirilo V\u00e1zquez<\/strong> lo marc\u00f3 el municipio de <strong>Hueyapan de Ocampo<\/strong>, donde inicia la sierra de <strong>Los Tuxtlas<\/strong>, y al cual pertenece la comunidad <strong>Coyol de Gonz\u00e1lez<\/strong>, de donde son nativos <strong>Miguel Alem\u00e1n Gonz\u00e1lez<\/strong> \u2013padre del expresidente\u2013 y el cacique <strong>Amadeo Gonz\u00e1lez Caballero<\/strong>.<\/p>\n\n\n\n<p>Todo lo anterior contextualiza la <strong>ausencia de poder<\/strong> de <strong>Cirilo V\u00e1zquez Lagunes<\/strong> en <strong>Minatitl\u00e1n<\/strong>, <strong>Coatzacoalcos<\/strong>, <strong>Nanchital<\/strong>, <strong>Moloac\u00e1n<\/strong>, <strong>Ixhuatl\u00e1n<\/strong>, <strong>Agua Dulce<\/strong> y <strong>Las Choapas<\/strong>.<\/p>\n\n\n\n<p>A pesar de ello, las familias <strong>V\u00e1zquez Lagunes<\/strong> y <strong>V\u00e1zquez Gonz\u00e1lez<\/strong> \u2013medios hermanos\u2013 s\u00ed extendieron su presencia hacia <strong>Tabasco<\/strong>, v\u00eda <strong>ranchos ganaderos<\/strong> y <strong>sembrad\u00edos de lim\u00f3n persa<\/strong>, algunos exportados a <strong>Estados Unidos<\/strong>.<\/p>\n\n\n\n<p>Otros v\u00ednculos remiten a la historia de <strong>Hern\u00e1n Berm\u00fadez Requena<\/strong>, hoy pr\u00f3fugo, y al asesinato de <strong>Ponciano V\u00e1zquez Lagunes<\/strong> en suelo tabasque\u00f1o en <strong>junio de 2006<\/strong>.<\/p>\n\n\n\n<p>El asesinato de <strong>Cirilo V\u00e1zquez Lagunes<\/strong> en <strong>Acayucan<\/strong>, aquel mismo a\u00f1o, podr\u00eda estar ligado al crimen de su hermano, pero como expone el periodista <strong>H\u00e9ctor de Maule\u00f3n<\/strong>, se trata de casos <strong>no resueltos<\/strong>.<\/p>\n\n\n\n<p>Durante la segunda \u00e9poca de su poder pol\u00edtico, <strong>Cirilo V\u00e1zquez<\/strong> apenas alcanz\u00f3 influencia en <strong>Acayucan<\/strong>, <strong>San Juan Evangelista<\/strong> y <strong>Cosoleacaque<\/strong>, mediante sus hijas <strong>Regina<\/strong> y <strong>Fabiola V\u00e1zquez Saut<\/strong>, as\u00ed como sus hijos <strong>Ponciano<\/strong> y <strong>Cirilo V\u00e1zquez Parissi<\/strong>.<\/p>\n\n\n\n<p>Estos \u00faltimos \u2013militantes del <strong>PRI<\/strong>\u2013 protagonizan una <strong>exitosa carrera pol\u00edtica<\/strong> en <strong>Cosoleacaque<\/strong> desde hace dos d\u00e9cadas, v\u00eda diputaciones y alcald\u00edas alternadas; pero buena parte de su trayectoria surgi\u00f3 <strong>despu\u00e9s de la muerte de su padre<\/strong>, de modo que incluye m\u00e9ritos propios.de su padre, de modo que incluye m\u00e9ritos propios.<\/p>\n","protected":false},"excerpt":{"rendered":"<p>Jos\u00e9 Luis Ortega Vidal Claroscuros Corr\u00eda el a\u00f1o 2007 y en el Restaurant Staku del hotel Kinak\u00fa, en Acayucan, este reportero conversaba con Clemente Nagasaky Condado Escamilla (+), abogado, m\u00e1ster en Derecho de Amparo por la Universidad Crist\u00f3bal Col\u00f3n de Veracruz, pol\u00edtico y amigo. Condado Escamilla trabaj\u00f3 para la Procuradur\u00eda General de la Rep\u00fablica (PGR), [&hellip;]<\/p>\n","protected":false},"author":2,"featured_media":141392,"comment_status":"closed","ping_status":"closed","sticky":false,"template":"","format":"standard","meta":{"tdm_status":"","tdm_grid_status":"","footnotes":""},"categories":[70],"tags":[44952,2427,44900,44953,44954],"class_list":{"0":"post-150168","1":"post","2":"type-post","3":"status-publish","4":"format-standard","5":"has-post-thumbnail","7":"category-de-opinion","8":"tag-caciques-del-sur","9":"tag-cirilo-vazquez-lagunes","10":"tag-crimen-organizado-veracruz","11":"tag-hector-de-mauleon-veracruz","12":"tag-historia-politica-de-acayucan"},"yoast_head":"<!-- This site is optimized with the Yoast SEO plugin v27.4 - https:\/\/yoast.com\/product\/yoast-seo-wordpress\/ -->\n<title>TABASCO Y EL SUR DE VERACRUZ II - Los pol\u00edticos Veracruz<\/title>\n<meta name=\"robots\" content=\"index, follow, max-snippet:-1, max-image-preview:large, max-video-preview:-1\" \/>\n<link rel=\"canonical\" href=\"https:\/\/lospoliticosveracruz.com\/?p=150168\" \/>\n<meta property=\"og:locale\" content=\"es_ES\" \/>\n<meta property=\"og:type\" content=\"article\" \/>\n<meta property=\"og:title\" content=\"TABASCO Y EL SUR DE VERACRUZ II - Los pol\u00edticos Veracruz\" \/>\n<meta property=\"og:description\" content=\"Jos\u00e9 Luis Ortega Vidal Claroscuros Corr\u00eda el a\u00f1o 2007 y en el Restaurant Staku del hotel Kinak\u00fa, en Acayucan, este reportero conversaba con Clemente Nagasaky Condado Escamilla (+), abogado, m\u00e1ster en Derecho de Amparo por la Universidad Crist\u00f3bal Col\u00f3n de Veracruz, pol\u00edtico y amigo. Condado Escamilla trabaj\u00f3 para la Procuradur\u00eda General de la Rep\u00fablica (PGR), [&hellip;]\" \/>\n<meta property=\"og:url\" content=\"https:\/\/lospoliticosveracruz.com\/?p=150168\" \/>\n<meta property=\"og:site_name\" content=\"Los pol\u00edticos Veracruz\" \/>\n<meta property=\"article:publisher\" content=\"https:\/\/www.facebook.com\/people\/Notimemes-de-los-Polticos\/61565672886568\/\" \/>\n<meta property=\"article:published_time\" content=\"2025-08-07T02:58:33+00:00\" \/>\n<meta property=\"article:modified_time\" content=\"2025-08-07T04:21:34+00:00\" \/>\n<meta property=\"og:image\" content=\"https:\/\/lospoliticosveracruz.com\/wp-content\/uploads\/2025\/04\/Jose-Luis-Ortega-Vidal.jpg\" \/>\n\t<meta property=\"og:image:width\" content=\"1250\" \/>\n\t<meta property=\"og:image:height\" content=\"667\" \/>\n\t<meta property=\"og:image:type\" content=\"image\/jpeg\" \/>\n<meta name=\"author\" content=\"Lo viste en Los Pol\u00edticos\" \/>\n<meta name=\"twitter:card\" content=\"summary_large_image\" \/>\n<meta name=\"twitter:creator\" content=\"@LosPoliticosVer\" \/>\n<meta name=\"twitter:site\" content=\"@LosPoliticosVer\" \/>\n<meta name=\"twitter:label1\" content=\"Escrito por\" \/>\n\t<meta name=\"twitter:data1\" content=\"Lo viste en Los Pol\u00edticos\" \/>\n\t<meta name=\"twitter:label2\" content=\"Tiempo de lectura\" \/>\n\t<meta name=\"twitter:data2\" content=\"7 minutos\" \/>\n<script type=\"application\/ld+json\" class=\"yoast-schema-graph\">{\"@context\":\"https:\\\/\\\/schema.org\",\"@graph\":[{\"@type\":\"Article\",\"@id\":\"https:\\\/\\\/lospoliticosveracruz.com\\\/?p=150168#article\",\"isPartOf\":{\"@id\":\"https:\\\/\\\/lospoliticosveracruz.com\\\/?p=150168\"},\"author\":{\"name\":\"Lo viste en Los Pol\u00edticos\",\"@id\":\"https:\\\/\\\/lospoliticosveracruz.com\\\/#\\\/schema\\\/person\\\/b8702bb0e538456e6efd07080bf2a4a2\"},\"headline\":\"TABASCO Y EL SUR DE VERACRUZ II\",\"datePublished\":\"2025-08-07T02:58:33+00:00\",\"dateModified\":\"2025-08-07T04:21:34+00:00\",\"mainEntityOfPage\":{\"@id\":\"https:\\\/\\\/lospoliticosveracruz.com\\\/?p=150168\"},\"wordCount\":1342,\"publisher\":{\"@id\":\"https:\\\/\\\/lospoliticosveracruz.com\\\/#organization\"},\"image\":{\"@id\":\"https:\\\/\\\/lospoliticosveracruz.com\\\/?p=150168#primaryimage\"},\"thumbnailUrl\":\"https:\\\/\\\/lospoliticosveracruz.com\\\/wp-content\\\/uploads\\\/2025\\\/04\\\/Jose-Luis-Ortega-Vidal.jpg\",\"keywords\":[\"caciques del sur\",\"Cirilo V\u00e1zquez Lagunes\",\"crimen organizado Veracruz\",\"H\u00e9ctor de Maule\u00f3n Veracruz\",\"historia pol\u00edtica de Acayucan\"],\"articleSection\":[\"De Opini\u00f3n\"],\"inLanguage\":\"es\"},{\"@type\":\"WebPage\",\"@id\":\"https:\\\/\\\/lospoliticosveracruz.com\\\/?p=150168\",\"url\":\"https:\\\/\\\/lospoliticosveracruz.com\\\/?p=150168\",\"name\":\"TABASCO Y EL SUR DE VERACRUZ II - Los pol\u00edticos Veracruz\",\"isPartOf\":{\"@id\":\"https:\\\/\\\/lospoliticosveracruz.com\\\/#website\"},\"primaryImageOfPage\":{\"@id\":\"https:\\\/\\\/lospoliticosveracruz.com\\\/?p=150168#primaryimage\"},\"image\":{\"@id\":\"https:\\\/\\\/lospoliticosveracruz.com\\\/?p=150168#primaryimage\"},\"thumbnailUrl\":\"https:\\\/\\\/lospoliticosveracruz.com\\\/wp-content\\\/uploads\\\/2025\\\/04\\\/Jose-Luis-Ortega-Vidal.jpg\",\"datePublished\":\"2025-08-07T02:58:33+00:00\",\"dateModified\":\"2025-08-07T04:21:34+00:00\",\"breadcrumb\":{\"@id\":\"https:\\\/\\\/lospoliticosveracruz.com\\\/?p=150168#breadcrumb\"},\"inLanguage\":\"es\",\"potentialAction\":[{\"@type\":\"ReadAction\",\"target\":[\"https:\\\/\\\/lospoliticosveracruz.com\\\/?p=150168\"]}]},{\"@type\":\"ImageObject\",\"inLanguage\":\"es\",\"@id\":\"https:\\\/\\\/lospoliticosveracruz.com\\\/?p=150168#primaryimage\",\"url\":\"https:\\\/\\\/lospoliticosveracruz.com\\\/wp-content\\\/uploads\\\/2025\\\/04\\\/Jose-Luis-Ortega-Vidal.jpg\",\"contentUrl\":\"https:\\\/\\\/lospoliticosveracruz.com\\\/wp-content\\\/uploads\\\/2025\\\/04\\\/Jose-Luis-Ortega-Vidal.jpg\",\"width\":1250,\"height\":667},{\"@type\":\"BreadcrumbList\",\"@id\":\"https:\\\/\\\/lospoliticosveracruz.com\\\/?p=150168#breadcrumb\",\"itemListElement\":[{\"@type\":\"ListItem\",\"position\":1,\"name\":\"Portada\",\"item\":\"https:\\\/\\\/lospoliticosveracruz.com\\\/\"},{\"@type\":\"ListItem\",\"position\":2,\"name\":\"TABASCO Y EL SUR DE VERACRUZ II\"}]},{\"@type\":\"WebSite\",\"@id\":\"https:\\\/\\\/lospoliticosveracruz.com\\\/#website\",\"url\":\"https:\\\/\\\/lospoliticosveracruz.com\\\/\",\"name\":\"Los pol\u00edticos Veracruz\",\"description\":\"\",\"publisher\":{\"@id\":\"https:\\\/\\\/lospoliticosveracruz.com\\\/#organization\"},\"potentialAction\":[{\"@type\":\"SearchAction\",\"target\":{\"@type\":\"EntryPoint\",\"urlTemplate\":\"https:\\\/\\\/lospoliticosveracruz.com\\\/?s={search_term_string}\"},\"query-input\":{\"@type\":\"PropertyValueSpecification\",\"valueRequired\":true,\"valueName\":\"search_term_string\"}}],\"inLanguage\":\"es\"},{\"@type\":\"Organization\",\"@id\":\"https:\\\/\\\/lospoliticosveracruz.com\\\/#organization\",\"name\":\"Los pol\u00edticos Veracruz\",\"url\":\"https:\\\/\\\/lospoliticosveracruz.com\\\/\",\"logo\":{\"@type\":\"ImageObject\",\"inLanguage\":\"es\",\"@id\":\"https:\\\/\\\/lospoliticosveracruz.com\\\/#\\\/schema\\\/logo\\\/image\\\/\",\"url\":\"https:\\\/\\\/lospoliticosveracruz.com\\\/wp-content\\\/uploads\\\/2025\\\/12\\\/Logo-Nuevo-LOS-POLITICOS-1.jpg\",\"contentUrl\":\"https:\\\/\\\/lospoliticosveracruz.com\\\/wp-content\\\/uploads\\\/2025\\\/12\\\/Logo-Nuevo-LOS-POLITICOS-1.jpg\",\"width\":260,\"height\":70,\"caption\":\"Los pol\u00edticos Veracruz\"},\"image\":{\"@id\":\"https:\\\/\\\/lospoliticosveracruz.com\\\/#\\\/schema\\\/logo\\\/image\\\/\"},\"sameAs\":[\"https:\\\/\\\/www.facebook.com\\\/people\\\/Notimemes-de-los-Polticos\\\/61565672886568\\\/\",\"https:\\\/\\\/x.com\\\/LosPoliticosVer\"]},{\"@type\":\"Person\",\"@id\":\"https:\\\/\\\/lospoliticosveracruz.com\\\/#\\\/schema\\\/person\\\/b8702bb0e538456e6efd07080bf2a4a2\",\"name\":\"Lo viste en Los Pol\u00edticos\",\"image\":{\"@type\":\"ImageObject\",\"inLanguage\":\"es\",\"@id\":\"https:\\\/\\\/secure.gravatar.com\\\/avatar\\\/3a8de04a2656d44082be478bd6c086daa447c4651605818287b9532d3d0bd435?s=96&d=mm&r=g\",\"url\":\"https:\\\/\\\/secure.gravatar.com\\\/avatar\\\/3a8de04a2656d44082be478bd6c086daa447c4651605818287b9532d3d0bd435?s=96&d=mm&r=g\",\"contentUrl\":\"https:\\\/\\\/secure.gravatar.com\\\/avatar\\\/3a8de04a2656d44082be478bd6c086daa447c4651605818287b9532d3d0bd435?s=96&d=mm&r=g\",\"caption\":\"Lo viste en Los Pol\u00edticos\"},\"url\":\"https:\\\/\\\/lospoliticosveracruz.com\\\/?author=2\"}]}<\/script>\n<!-- \/ Yoast SEO plugin. -->","yoast_head_json":{"title":"TABASCO Y EL SUR DE VERACRUZ II - Los pol\u00edticos Veracruz","robots":{"index":"index","follow":"follow","max-snippet":"max-snippet:-1","max-image-preview":"max-image-preview:large","max-video-preview":"max-video-preview:-1"},"canonical":"https:\/\/lospoliticosveracruz.com\/?p=150168","og_locale":"es_ES","og_type":"article","og_title":"TABASCO Y EL SUR DE VERACRUZ II - Los pol\u00edticos Veracruz","og_description":"Jos\u00e9 Luis Ortega Vidal Claroscuros Corr\u00eda el a\u00f1o 2007 y en el Restaurant Staku del hotel Kinak\u00fa, en Acayucan, este reportero conversaba con Clemente Nagasaky Condado Escamilla (+), abogado, m\u00e1ster en Derecho de Amparo por la Universidad Crist\u00f3bal Col\u00f3n de Veracruz, pol\u00edtico y amigo. Condado Escamilla trabaj\u00f3 para la Procuradur\u00eda General de la Rep\u00fablica (PGR), [&hellip;]","og_url":"https:\/\/lospoliticosveracruz.com\/?p=150168","og_site_name":"Los pol\u00edticos Veracruz","article_publisher":"https:\/\/www.facebook.com\/people\/Notimemes-de-los-Polticos\/61565672886568\/","article_published_time":"2025-08-07T02:58:33+00:00","article_modified_time":"2025-08-07T04:21:34+00:00","og_image":[{"width":1250,"height":667,"url":"https:\/\/lospoliticosveracruz.com\/wp-content\/uploads\/2025\/04\/Jose-Luis-Ortega-Vidal.jpg","type":"image\/jpeg"}],"author":"Lo viste en Los Pol\u00edticos","twitter_card":"summary_large_image","twitter_creator":"@LosPoliticosVer","twitter_site":"@LosPoliticosVer","twitter_misc":{"Escrito por":"Lo viste en Los Pol\u00edticos","Tiempo de lectura":"7 minutos"},"schema":{"@context":"https:\/\/schema.org","@graph":[{"@type":"Article","@id":"https:\/\/lospoliticosveracruz.com\/?p=150168#article","isPartOf":{"@id":"https:\/\/lospoliticosveracruz.com\/?p=150168"},"author":{"name":"Lo viste en Los Pol\u00edticos","@id":"https:\/\/lospoliticosveracruz.com\/#\/schema\/person\/b8702bb0e538456e6efd07080bf2a4a2"},"headline":"TABASCO Y EL SUR DE VERACRUZ II","datePublished":"2025-08-07T02:58:33+00:00","dateModified":"2025-08-07T04:21:34+00:00","mainEntityOfPage":{"@id":"https:\/\/lospoliticosveracruz.com\/?p=150168"},"wordCount":1342,"publisher":{"@id":"https:\/\/lospoliticosveracruz.com\/#organization"},"image":{"@id":"https:\/\/lospoliticosveracruz.com\/?p=150168#primaryimage"},"thumbnailUrl":"https:\/\/lospoliticosveracruz.com\/wp-content\/uploads\/2025\/04\/Jose-Luis-Ortega-Vidal.jpg","keywords":["caciques del sur","Cirilo V\u00e1zquez Lagunes","crimen organizado Veracruz","H\u00e9ctor de Maule\u00f3n Veracruz","historia pol\u00edtica de Acayucan"],"articleSection":["De Opini\u00f3n"],"inLanguage":"es"},{"@type":"WebPage","@id":"https:\/\/lospoliticosveracruz.com\/?p=150168","url":"https:\/\/lospoliticosveracruz.com\/?p=150168","name":"TABASCO Y EL SUR DE VERACRUZ II - Los pol\u00edticos Veracruz","isPartOf":{"@id":"https:\/\/lospoliticosveracruz.com\/#website"},"primaryImageOfPage":{"@id":"https:\/\/lospoliticosveracruz.com\/?p=150168#primaryimage"},"image":{"@id":"https:\/\/lospoliticosveracruz.com\/?p=150168#primaryimage"},"thumbnailUrl":"https:\/\/lospoliticosveracruz.com\/wp-content\/uploads\/2025\/04\/Jose-Luis-Ortega-Vidal.jpg","datePublished":"2025-08-07T02:58:33+00:00","dateModified":"2025-08-07T04:21:34+00:00","breadcrumb":{"@id":"https:\/\/lospoliticosveracruz.com\/?p=150168#breadcrumb"},"inLanguage":"es","potentialAction":[{"@type":"ReadAction","target":["https:\/\/lospoliticosveracruz.com\/?p=150168"]}]},{"@type":"ImageObject","inLanguage":"es","@id":"https:\/\/lospoliticosveracruz.com\/?p=150168#primaryimage","url":"https:\/\/lospoliticosveracruz.com\/wp-content\/uploads\/2025\/04\/Jose-Luis-Ortega-Vidal.jpg","contentUrl":"https:\/\/lospoliticosveracruz.com\/wp-content\/uploads\/2025\/04\/Jose-Luis-Ortega-Vidal.jpg","width":1250,"height":667},{"@type":"BreadcrumbList","@id":"https:\/\/lospoliticosveracruz.com\/?p=150168#breadcrumb","itemListElement":[{"@type":"ListItem","position":1,"name":"Portada","item":"https:\/\/lospoliticosveracruz.com\/"},{"@type":"ListItem","position":2,"name":"TABASCO Y EL SUR DE VERACRUZ II"}]},{"@type":"WebSite","@id":"https:\/\/lospoliticosveracruz.com\/#website","url":"https:\/\/lospoliticosveracruz.com\/","name":"Los pol\u00edticos Veracruz","description":"","publisher":{"@id":"https:\/\/lospoliticosveracruz.com\/#organization"},"potentialAction":[{"@type":"SearchAction","target":{"@type":"EntryPoint","urlTemplate":"https:\/\/lospoliticosveracruz.com\/?s={search_term_string}"},"query-input":{"@type":"PropertyValueSpecification","valueRequired":true,"valueName":"search_term_string"}}],"inLanguage":"es"},{"@type":"Organization","@id":"https:\/\/lospoliticosveracruz.com\/#organization","name":"Los pol\u00edticos Veracruz","url":"https:\/\/lospoliticosveracruz.com\/","logo":{"@type":"ImageObject","inLanguage":"es","@id":"https:\/\/lospoliticosveracruz.com\/#\/schema\/logo\/image\/","url":"https:\/\/lospoliticosveracruz.com\/wp-content\/uploads\/2025\/12\/Logo-Nuevo-LOS-POLITICOS-1.jpg","contentUrl":"https:\/\/lospoliticosveracruz.com\/wp-content\/uploads\/2025\/12\/Logo-Nuevo-LOS-POLITICOS-1.jpg","width":260,"height":70,"caption":"Los pol\u00edticos Veracruz"},"image":{"@id":"https:\/\/lospoliticosveracruz.com\/#\/schema\/logo\/image\/"},"sameAs":["https:\/\/www.facebook.com\/people\/Notimemes-de-los-Polticos\/61565672886568\/","https:\/\/x.com\/LosPoliticosVer"]},{"@type":"Person","@id":"https:\/\/lospoliticosveracruz.com\/#\/schema\/person\/b8702bb0e538456e6efd07080bf2a4a2","name":"Lo viste en Los Pol\u00edticos","image":{"@type":"ImageObject","inLanguage":"es","@id":"https:\/\/secure.gravatar.com\/avatar\/3a8de04a2656d44082be478bd6c086daa447c4651605818287b9532d3d0bd435?s=96&d=mm&r=g","url":"https:\/\/secure.gravatar.com\/avatar\/3a8de04a2656d44082be478bd6c086daa447c4651605818287b9532d3d0bd435?s=96&d=mm&r=g","contentUrl":"https:\/\/secure.gravatar.com\/avatar\/3a8de04a2656d44082be478bd6c086daa447c4651605818287b9532d3d0bd435?s=96&d=mm&r=g","caption":"Lo viste en Los Pol\u00edticos"},"url":"https:\/\/lospoliticosveracruz.com\/?author=2"}]}},"_links":{"self":[{"href":"https:\/\/lospoliticosveracruz.com\/index.php?rest_route=\/wp\/v2\/posts\/150168","targetHints":{"allow":["GET"]}}],"collection":[{"href":"https:\/\/lospoliticosveracruz.com\/index.php?rest_route=\/wp\/v2\/posts"}],"about":[{"href":"https:\/\/lospoliticosveracruz.com\/index.php?rest_route=\/wp\/v2\/types\/post"}],"author":[{"embeddable":true,"href":"https:\/\/lospoliticosveracruz.com\/index.php?rest_route=\/wp\/v2\/users\/2"}],"replies":[{"embeddable":true,"href":"https:\/\/lospoliticosveracruz.com\/index.php?rest_route=%2Fwp%2Fv2%2Fcomments&post=150168"}],"version-history":[{"count":2,"href":"https:\/\/lospoliticosveracruz.com\/index.php?rest_route=\/wp\/v2\/posts\/150168\/revisions"}],"predecessor-version":[{"id":150179,"href":"https:\/\/lospoliticosveracruz.com\/index.php?rest_route=\/wp\/v2\/posts\/150168\/revisions\/150179"}],"wp:featuredmedia":[{"embeddable":true,"href":"https:\/\/lospoliticosveracruz.com\/index.php?rest_route=\/wp\/v2\/media\/141392"}],"wp:attachment":[{"href":"https:\/\/lospoliticosveracruz.com\/index.php?rest_route=%2Fwp%2Fv2%2Fmedia&parent=150168"}],"wp:term":[{"taxonomy":"category","embeddable":true,"href":"https:\/\/lospoliticosveracruz.com\/index.php?rest_route=%2Fwp%2Fv2%2Fcategories&post=150168"},{"taxonomy":"post_tag","embeddable":true,"href":"https:\/\/lospoliticosveracruz.com\/index.php?rest_route=%2Fwp%2Fv2%2Ftags&post=150168"}],"curies":[{"name":"wp","href":"https:\/\/api.w.org\/{rel}","templated":true}]}}