{"id":150294,"date":"2025-08-08T08:44:18","date_gmt":"2025-08-08T13:44:18","guid":{"rendered":"https:\/\/lospoliticosveracruz.com.mx\/?p=150294"},"modified":"2025-08-08T08:44:44","modified_gmt":"2025-08-08T13:44:44","slug":"la-relacion-nahle-sheinbaum","status":"publish","type":"post","link":"https:\/\/lospoliticosveracruz.com\/?p=150294","title":{"rendered":"LA RELACI\u00d3N NAHLE\u2013SHEINBAUM"},"content":{"rendered":"\n\n\n<p><em><strong>Yamiri Rodr\u00edguez Madrid<\/strong><\/em><\/p>\n\n\n\n<p><em>La vuelta a Veracruz en un teclazo<\/em><\/p>\n\n\n\n<p>La relaci\u00f3n entre la <strong>Presidenta Claudia Sheinbaum<\/strong> y la <strong>gobernadora Roc\u00edo Nahle<\/strong> va m\u00e1s all\u00e1 de la institucionalidad. Es una <strong>alianza pol\u00edtica<\/strong> construida desde los or\u00edgenes de <strong>Morena<\/strong>, fortalecida por la lealtad, la visi\u00f3n compartida y el compromiso de ambas con la <strong>Cuarta Transformaci\u00f3n<\/strong>.<\/p>\n\n\n\n<p>En apenas diez meses de gobierno, <strong>Sheinbaum<\/strong> ha visitado <strong>Veracruz<\/strong> al menos cinco veces. Su presencia constante refleja respaldo pol\u00edtico, pero tambi\u00e9n una apuesta estrat\u00e9gica por el papel que jugar\u00e1 el estado en el nuevo ciclo nacional.<\/p>\n\n\n\n<p>Ese apoyo se ha traducido en refuerzos de <strong>seguridad<\/strong>, <strong>inversi\u00f3n p\u00fablica y privada<\/strong>, y un impulso decidido a la <strong>modernizaci\u00f3n de infraestructura clave<\/strong>. La Presidenta no s\u00f3lo respalda a la Gobernadora, conf\u00eda en su <strong>capacidad de gesti\u00f3n<\/strong>.<\/p>\n\n\n\n<p>El momento m\u00e1s simb\u00f3lico fue su presencia en la <strong>toma de protesta de Roc\u00edo Nahle<\/strong>, el 1 de diciembre de 2024. Un gesto poco habitual, pero altamente revelador. <strong>Nahle<\/strong>, por su parte, ha respondido con resultados. Cercan\u00eda con la gente, obra p\u00fablica en marcha y un estilo de gobierno territorial refuerzan su liderazgo como la <strong>primera mujer en gobernar Veracruz<\/strong>.<\/p>\n\n\n\n<p>La alianza <strong>Sheinbaum\u2013Nahle<\/strong> no s\u00f3lo fortalece al estado: <strong>coloca a Veracruz en el centro del tablero pol\u00edtico nacional<\/strong>, con una Gobernadora que empieza a pesar m\u00e1s all\u00e1 de sus fronteras. Un ejemplo de esto se dio en la reuni\u00f3n de este jueves en <strong>Palacio Nacional<\/strong>, para revisar con los gobernadores los avances del <strong>IMSS-Bienestar<\/strong>, y en donde las <strong>camionetitas de la salud<\/strong> impulsadas por la Gobernadora son ya <strong>modelo nacional<\/strong> a replicar por instrucciones de la Presidenta.<\/p>\n\n\n\n<p>Por eso bien dicen que <strong>es tiempo de mujeres<\/strong>, y <strong>Veracruz<\/strong> lleva voz constante y sonante.<\/p>\n\n\n\n<h2 class=\"wp-block-heading\">La r\u00e9plica de Bautista<\/h2>\n\n\n\n<p>Que manda a decir el <strong>presidente de la Junta de Coordinaci\u00f3n Pol\u00edtica del Congreso Local<\/strong>, el morenista <strong>Esteban Bautista<\/strong>, que no solo goza de perfecta salud, sino que es <strong>inamovible<\/strong> de la posici\u00f3n que ocupa en esta <strong>Legislatura<\/strong>.<\/p>\n\n\n\n<p>El mensaje enviado, a trav\u00e9s de la <strong>Coordinaci\u00f3n de Comunicaci\u00f3n Social<\/strong>, dice:<br>\u201cRespeto mucho tus puntos de vista y calificativos que desde luego no comparto, pero tienes derecho a ejercer la libertad de expresi\u00f3n. Lo que es falso, delicado de mencionar e inadmisible es cuando te expresas:<br>\u2018Desde hace meses <strong>Esteban Bautista<\/strong> enfrenta delicados problemas de salud que lo obligar\u00edan a estar mucho m\u00e1s pendiente de su persona. Hay quienes se\u00f1alan que al parecer es c\u00e1ncer lo que padece, de ah\u00ed que varios de sus enemigos pol\u00edticos internos ya le bajaran la espuma a su chocolate en su contra\u2019\u201d.<\/p>\n\n\n\n<p>El <strong>profesor Esteban Bautista Hern\u00e1ndez<\/strong> goza de <strong>excelente estado de salud<\/strong>, se encuentra sano, con mucho \u00e1nimo, vigor y mucho entusiasmo para encabezar como <strong>presidente de la Jucopo<\/strong> el segundo a\u00f1o legislativo de la <strong>LXVII Legislatura<\/strong>, que inicia este 1 de septiembre de 2025.<\/p>\n\n\n\n<p>Un comentario de esa naturaleza deber\u00eda corroborarse, ya que una publicaci\u00f3n de ese tipo puede generar <strong>preocupaci\u00f3n innecesaria<\/strong> al entorno familiar y seres queridos del diputado.<br><em>\u00abLos muertos que vos mat\u00e1is gozan de buena salud.\u00bb<\/em><\/p>\n\n\n\n<p>Como le respond\u00ed en el mensaje, en m\u00e1s de <strong>25 a\u00f1os que llevo ejerciendo el periodismo<\/strong>, siempre me he responsabilizado de lo que he escrito y dicho a trav\u00e9s de los micr\u00f3fonos.<br>Las <strong>cartas aclaratorias<\/strong>, en m\u00e1s de dos d\u00e9cadas, las cuento con los dedos de una mano.<br>Y ya encarrerados, tampoco necesito lecciones de periodismo y menos cuando incluyen el <em>mansplaining<\/em> (Que lo investiguen ambos, porque evidentemente no saben qu\u00e9 es).<\/p>\n\n\n\n<p>Eso s\u00ed, del <strong>escaso trabajo legislativo<\/strong> y la <strong>falta de resultados<\/strong>, ni p\u00edo dijo. Lo importante para <strong>Esteban Bautista<\/strong> es que quede claro que <strong>no se mueve<\/strong>, aunque su papel ha sido tan pobre.<\/p>\n\n\n\n<p>Servidos est\u00e1n <strong>Bautista<\/strong> y el compa\u00f1ero <strong>Esa\u00fa Valencia<\/strong>.<\/p>\n\n\n\n<p><strong>@YamiriRodriguez<\/strong><\/p>\n","protected":false},"excerpt":{"rendered":"<p>Yamiri Rodr\u00edguez Madrid La vuelta a Veracruz en un teclazo La relaci\u00f3n entre la Presidenta Claudia Sheinbaum y la gobernadora Roc\u00edo Nahle va m\u00e1s all\u00e1 de la institucionalidad. Es una alianza pol\u00edtica construida desde los or\u00edgenes de Morena, fortalecida por la lealtad, la visi\u00f3n compartida y el compromiso de ambas con la Cuarta Transformaci\u00f3n. En [&hellip;]<\/p>\n","protected":false},"author":2,"featured_media":141413,"comment_status":"closed","ping_status":"closed","sticky":false,"template":"","format":"standard","meta":{"tdm_status":"","tdm_grid_status":"","footnotes":""},"categories":[70],"tags":[9627,18437,13470,3578],"class_list":{"0":"post-150294","1":"post","2":"type-post","3":"status-publish","4":"format-standard","5":"has-post-thumbnail","7":"category-de-opinion","8":"tag-claudia-sheinbaum","9":"tag-esteban-bautista-hernandez","10":"tag-imss-bienestar","11":"tag-rocio-nahle"},"yoast_head":"<!-- This site is optimized with the Yoast SEO plugin v27.4 - https:\/\/yoast.com\/product\/yoast-seo-wordpress\/ -->\n<title>LA RELACI\u00d3N NAHLE\u2013SHEINBAUM - Los pol\u00edticos Veracruz<\/title>\n<meta name=\"robots\" content=\"index, follow, max-snippet:-1, max-image-preview:large, max-video-preview:-1\" \/>\n<link rel=\"canonical\" href=\"https:\/\/lospoliticosveracruz.com\/?p=150294\" \/>\n<meta property=\"og:locale\" content=\"es_ES\" \/>\n<meta property=\"og:type\" content=\"article\" \/>\n<meta property=\"og:title\" content=\"LA RELACI\u00d3N NAHLE\u2013SHEINBAUM - Los pol\u00edticos Veracruz\" \/>\n<meta property=\"og:description\" content=\"Yamiri Rodr\u00edguez Madrid La vuelta a Veracruz en un teclazo La relaci\u00f3n entre la Presidenta Claudia Sheinbaum y la gobernadora Roc\u00edo Nahle va m\u00e1s all\u00e1 de la institucionalidad. Es una alianza pol\u00edtica construida desde los or\u00edgenes de Morena, fortalecida por la lealtad, la visi\u00f3n compartida y el compromiso de ambas con la Cuarta Transformaci\u00f3n. En [&hellip;]\" \/>\n<meta property=\"og:url\" content=\"https:\/\/lospoliticosveracruz.com\/?p=150294\" \/>\n<meta property=\"og:site_name\" content=\"Los pol\u00edticos Veracruz\" \/>\n<meta property=\"article:publisher\" content=\"https:\/\/www.facebook.com\/people\/Notimemes-de-los-Polticos\/61565672886568\/\" \/>\n<meta property=\"article:published_time\" content=\"2025-08-08T13:44:18+00:00\" \/>\n<meta property=\"article:modified_time\" content=\"2025-08-08T13:44:44+00:00\" \/>\n<meta property=\"og:image\" content=\"https:\/\/lospoliticosveracruz.com\/wp-content\/uploads\/2025\/04\/Yamiri-Rodriguez-Madrid-e1768315710241.jpg\" \/>\n\t<meta property=\"og:image:width\" content=\"600\" \/>\n\t<meta property=\"og:image:height\" content=\"320\" \/>\n\t<meta property=\"og:image:type\" content=\"image\/jpeg\" \/>\n<meta name=\"author\" content=\"Lo viste en Los Pol\u00edticos\" \/>\n<meta name=\"twitter:card\" content=\"summary_large_image\" \/>\n<meta name=\"twitter:creator\" content=\"@LosPoliticosVer\" \/>\n<meta name=\"twitter:site\" content=\"@LosPoliticosVer\" \/>\n<meta name=\"twitter:label1\" content=\"Escrito por\" \/>\n\t<meta name=\"twitter:data1\" content=\"Lo viste en Los Pol\u00edticos\" \/>\n\t<meta name=\"twitter:label2\" content=\"Tiempo de lectura\" \/>\n\t<meta name=\"twitter:data2\" content=\"3 minutos\" \/>\n<script type=\"application\/ld+json\" class=\"yoast-schema-graph\">{\"@context\":\"https:\\\/\\\/schema.org\",\"@graph\":[{\"@type\":\"Article\",\"@id\":\"https:\\\/\\\/lospoliticosveracruz.com\\\/?p=150294#article\",\"isPartOf\":{\"@id\":\"https:\\\/\\\/lospoliticosveracruz.com\\\/?p=150294\"},\"author\":{\"name\":\"Lo viste en Los Pol\u00edticos\",\"@id\":\"https:\\\/\\\/lospoliticosveracruz.com\\\/#\\\/schema\\\/person\\\/b8702bb0e538456e6efd07080bf2a4a2\"},\"headline\":\"LA RELACI\u00d3N NAHLE\u2013SHEINBAUM\",\"datePublished\":\"2025-08-08T13:44:18+00:00\",\"dateModified\":\"2025-08-08T13:44:44+00:00\",\"mainEntityOfPage\":{\"@id\":\"https:\\\/\\\/lospoliticosveracruz.com\\\/?p=150294\"},\"wordCount\":671,\"publisher\":{\"@id\":\"https:\\\/\\\/lospoliticosveracruz.com\\\/#organization\"},\"image\":{\"@id\":\"https:\\\/\\\/lospoliticosveracruz.com\\\/?p=150294#primaryimage\"},\"thumbnailUrl\":\"https:\\\/\\\/lospoliticosveracruz.com\\\/wp-content\\\/uploads\\\/2025\\\/04\\\/Yamiri-Rodriguez-Madrid-e1768315710241.jpg\",\"keywords\":[\"Claudia Sheinbaum\",\"Esteban Bautista Hern\u00e1ndez\",\"IMSS-Bienestar\",\"Roc\u00edo Nahle\"],\"articleSection\":[\"De Opini\u00f3n\"],\"inLanguage\":\"es\"},{\"@type\":\"WebPage\",\"@id\":\"https:\\\/\\\/lospoliticosveracruz.com\\\/?p=150294\",\"url\":\"https:\\\/\\\/lospoliticosveracruz.com\\\/?p=150294\",\"name\":\"LA RELACI\u00d3N NAHLE\u2013SHEINBAUM - Los pol\u00edticos Veracruz\",\"isPartOf\":{\"@id\":\"https:\\\/\\\/lospoliticosveracruz.com\\\/#website\"},\"primaryImageOfPage\":{\"@id\":\"https:\\\/\\\/lospoliticosveracruz.com\\\/?p=150294#primaryimage\"},\"image\":{\"@id\":\"https:\\\/\\\/lospoliticosveracruz.com\\\/?p=150294#primaryimage\"},\"thumbnailUrl\":\"https:\\\/\\\/lospoliticosveracruz.com\\\/wp-content\\\/uploads\\\/2025\\\/04\\\/Yamiri-Rodriguez-Madrid-e1768315710241.jpg\",\"datePublished\":\"2025-08-08T13:44:18+00:00\",\"dateModified\":\"2025-08-08T13:44:44+00:00\",\"breadcrumb\":{\"@id\":\"https:\\\/\\\/lospoliticosveracruz.com\\\/?p=150294#breadcrumb\"},\"inLanguage\":\"es\",\"potentialAction\":[{\"@type\":\"ReadAction\",\"target\":[\"https:\\\/\\\/lospoliticosveracruz.com\\\/?p=150294\"]}]},{\"@type\":\"ImageObject\",\"inLanguage\":\"es\",\"@id\":\"https:\\\/\\\/lospoliticosveracruz.com\\\/?p=150294#primaryimage\",\"url\":\"https:\\\/\\\/lospoliticosveracruz.com\\\/wp-content\\\/uploads\\\/2025\\\/04\\\/Yamiri-Rodriguez-Madrid-e1768315710241.jpg\",\"contentUrl\":\"https:\\\/\\\/lospoliticosveracruz.com\\\/wp-content\\\/uploads\\\/2025\\\/04\\\/Yamiri-Rodriguez-Madrid-e1768315710241.jpg\",\"width\":600,\"height\":320},{\"@type\":\"BreadcrumbList\",\"@id\":\"https:\\\/\\\/lospoliticosveracruz.com\\\/?p=150294#breadcrumb\",\"itemListElement\":[{\"@type\":\"ListItem\",\"position\":1,\"name\":\"Portada\",\"item\":\"https:\\\/\\\/lospoliticosveracruz.com\\\/\"},{\"@type\":\"ListItem\",\"position\":2,\"name\":\"LA RELACI\u00d3N NAHLE\u2013SHEINBAUM\"}]},{\"@type\":\"WebSite\",\"@id\":\"https:\\\/\\\/lospoliticosveracruz.com\\\/#website\",\"url\":\"https:\\\/\\\/lospoliticosveracruz.com\\\/\",\"name\":\"Los pol\u00edticos Veracruz\",\"description\":\"\",\"publisher\":{\"@id\":\"https:\\\/\\\/lospoliticosveracruz.com\\\/#organization\"},\"potentialAction\":[{\"@type\":\"SearchAction\",\"target\":{\"@type\":\"EntryPoint\",\"urlTemplate\":\"https:\\\/\\\/lospoliticosveracruz.com\\\/?s={search_term_string}\"},\"query-input\":{\"@type\":\"PropertyValueSpecification\",\"valueRequired\":true,\"valueName\":\"search_term_string\"}}],\"inLanguage\":\"es\"},{\"@type\":\"Organization\",\"@id\":\"https:\\\/\\\/lospoliticosveracruz.com\\\/#organization\",\"name\":\"Los pol\u00edticos Veracruz\",\"url\":\"https:\\\/\\\/lospoliticosveracruz.com\\\/\",\"logo\":{\"@type\":\"ImageObject\",\"inLanguage\":\"es\",\"@id\":\"https:\\\/\\\/lospoliticosveracruz.com\\\/#\\\/schema\\\/logo\\\/image\\\/\",\"url\":\"https:\\\/\\\/lospoliticosveracruz.com\\\/wp-content\\\/uploads\\\/2025\\\/12\\\/Logo-Nuevo-LOS-POLITICOS-1.jpg\",\"contentUrl\":\"https:\\\/\\\/lospoliticosveracruz.com\\\/wp-content\\\/uploads\\\/2025\\\/12\\\/Logo-Nuevo-LOS-POLITICOS-1.jpg\",\"width\":260,\"height\":70,\"caption\":\"Los pol\u00edticos Veracruz\"},\"image\":{\"@id\":\"https:\\\/\\\/lospoliticosveracruz.com\\\/#\\\/schema\\\/logo\\\/image\\\/\"},\"sameAs\":[\"https:\\\/\\\/www.facebook.com\\\/people\\\/Notimemes-de-los-Polticos\\\/61565672886568\\\/\",\"https:\\\/\\\/x.com\\\/LosPoliticosVer\"]},{\"@type\":\"Person\",\"@id\":\"https:\\\/\\\/lospoliticosveracruz.com\\\/#\\\/schema\\\/person\\\/b8702bb0e538456e6efd07080bf2a4a2\",\"name\":\"Lo viste en Los Pol\u00edticos\",\"image\":{\"@type\":\"ImageObject\",\"inLanguage\":\"es\",\"@id\":\"https:\\\/\\\/secure.gravatar.com\\\/avatar\\\/3a8de04a2656d44082be478bd6c086daa447c4651605818287b9532d3d0bd435?s=96&d=mm&r=g\",\"url\":\"https:\\\/\\\/secure.gravatar.com\\\/avatar\\\/3a8de04a2656d44082be478bd6c086daa447c4651605818287b9532d3d0bd435?s=96&d=mm&r=g\",\"contentUrl\":\"https:\\\/\\\/secure.gravatar.com\\\/avatar\\\/3a8de04a2656d44082be478bd6c086daa447c4651605818287b9532d3d0bd435?s=96&d=mm&r=g\",\"caption\":\"Lo viste en Los Pol\u00edticos\"},\"url\":\"https:\\\/\\\/lospoliticosveracruz.com\\\/?author=2\"}]}<\/script>\n<!-- \/ Yoast SEO plugin. -->","yoast_head_json":{"title":"LA RELACI\u00d3N NAHLE\u2013SHEINBAUM - Los pol\u00edticos Veracruz","robots":{"index":"index","follow":"follow","max-snippet":"max-snippet:-1","max-image-preview":"max-image-preview:large","max-video-preview":"max-video-preview:-1"},"canonical":"https:\/\/lospoliticosveracruz.com\/?p=150294","og_locale":"es_ES","og_type":"article","og_title":"LA RELACI\u00d3N NAHLE\u2013SHEINBAUM - Los pol\u00edticos Veracruz","og_description":"Yamiri Rodr\u00edguez Madrid La vuelta a Veracruz en un teclazo La relaci\u00f3n entre la Presidenta Claudia Sheinbaum y la gobernadora Roc\u00edo Nahle va m\u00e1s all\u00e1 de la institucionalidad. Es una alianza pol\u00edtica construida desde los or\u00edgenes de Morena, fortalecida por la lealtad, la visi\u00f3n compartida y el compromiso de ambas con la Cuarta Transformaci\u00f3n. En [&hellip;]","og_url":"https:\/\/lospoliticosveracruz.com\/?p=150294","og_site_name":"Los pol\u00edticos Veracruz","article_publisher":"https:\/\/www.facebook.com\/people\/Notimemes-de-los-Polticos\/61565672886568\/","article_published_time":"2025-08-08T13:44:18+00:00","article_modified_time":"2025-08-08T13:44:44+00:00","og_image":[{"width":600,"height":320,"url":"https:\/\/lospoliticosveracruz.com\/wp-content\/uploads\/2025\/04\/Yamiri-Rodriguez-Madrid-e1768315710241.jpg","type":"image\/jpeg"}],"author":"Lo viste en Los Pol\u00edticos","twitter_card":"summary_large_image","twitter_creator":"@LosPoliticosVer","twitter_site":"@LosPoliticosVer","twitter_misc":{"Escrito por":"Lo viste en Los Pol\u00edticos","Tiempo de lectura":"3 minutos"},"schema":{"@context":"https:\/\/schema.org","@graph":[{"@type":"Article","@id":"https:\/\/lospoliticosveracruz.com\/?p=150294#article","isPartOf":{"@id":"https:\/\/lospoliticosveracruz.com\/?p=150294"},"author":{"name":"Lo viste en Los Pol\u00edticos","@id":"https:\/\/lospoliticosveracruz.com\/#\/schema\/person\/b8702bb0e538456e6efd07080bf2a4a2"},"headline":"LA RELACI\u00d3N NAHLE\u2013SHEINBAUM","datePublished":"2025-08-08T13:44:18+00:00","dateModified":"2025-08-08T13:44:44+00:00","mainEntityOfPage":{"@id":"https:\/\/lospoliticosveracruz.com\/?p=150294"},"wordCount":671,"publisher":{"@id":"https:\/\/lospoliticosveracruz.com\/#organization"},"image":{"@id":"https:\/\/lospoliticosveracruz.com\/?p=150294#primaryimage"},"thumbnailUrl":"https:\/\/lospoliticosveracruz.com\/wp-content\/uploads\/2025\/04\/Yamiri-Rodriguez-Madrid-e1768315710241.jpg","keywords":["Claudia Sheinbaum","Esteban Bautista Hern\u00e1ndez","IMSS-Bienestar","Roc\u00edo Nahle"],"articleSection":["De Opini\u00f3n"],"inLanguage":"es"},{"@type":"WebPage","@id":"https:\/\/lospoliticosveracruz.com\/?p=150294","url":"https:\/\/lospoliticosveracruz.com\/?p=150294","name":"LA RELACI\u00d3N NAHLE\u2013SHEINBAUM - Los pol\u00edticos Veracruz","isPartOf":{"@id":"https:\/\/lospoliticosveracruz.com\/#website"},"primaryImageOfPage":{"@id":"https:\/\/lospoliticosveracruz.com\/?p=150294#primaryimage"},"image":{"@id":"https:\/\/lospoliticosveracruz.com\/?p=150294#primaryimage"},"thumbnailUrl":"https:\/\/lospoliticosveracruz.com\/wp-content\/uploads\/2025\/04\/Yamiri-Rodriguez-Madrid-e1768315710241.jpg","datePublished":"2025-08-08T13:44:18+00:00","dateModified":"2025-08-08T13:44:44+00:00","breadcrumb":{"@id":"https:\/\/lospoliticosveracruz.com\/?p=150294#breadcrumb"},"inLanguage":"es","potentialAction":[{"@type":"ReadAction","target":["https:\/\/lospoliticosveracruz.com\/?p=150294"]}]},{"@type":"ImageObject","inLanguage":"es","@id":"https:\/\/lospoliticosveracruz.com\/?p=150294#primaryimage","url":"https:\/\/lospoliticosveracruz.com\/wp-content\/uploads\/2025\/04\/Yamiri-Rodriguez-Madrid-e1768315710241.jpg","contentUrl":"https:\/\/lospoliticosveracruz.com\/wp-content\/uploads\/2025\/04\/Yamiri-Rodriguez-Madrid-e1768315710241.jpg","width":600,"height":320},{"@type":"BreadcrumbList","@id":"https:\/\/lospoliticosveracruz.com\/?p=150294#breadcrumb","itemListElement":[{"@type":"ListItem","position":1,"name":"Portada","item":"https:\/\/lospoliticosveracruz.com\/"},{"@type":"ListItem","position":2,"name":"LA RELACI\u00d3N NAHLE\u2013SHEINBAUM"}]},{"@type":"WebSite","@id":"https:\/\/lospoliticosveracruz.com\/#website","url":"https:\/\/lospoliticosveracruz.com\/","name":"Los pol\u00edticos Veracruz","description":"","publisher":{"@id":"https:\/\/lospoliticosveracruz.com\/#organization"},"potentialAction":[{"@type":"SearchAction","target":{"@type":"EntryPoint","urlTemplate":"https:\/\/lospoliticosveracruz.com\/?s={search_term_string}"},"query-input":{"@type":"PropertyValueSpecification","valueRequired":true,"valueName":"search_term_string"}}],"inLanguage":"es"},{"@type":"Organization","@id":"https:\/\/lospoliticosveracruz.com\/#organization","name":"Los pol\u00edticos Veracruz","url":"https:\/\/lospoliticosveracruz.com\/","logo":{"@type":"ImageObject","inLanguage":"es","@id":"https:\/\/lospoliticosveracruz.com\/#\/schema\/logo\/image\/","url":"https:\/\/lospoliticosveracruz.com\/wp-content\/uploads\/2025\/12\/Logo-Nuevo-LOS-POLITICOS-1.jpg","contentUrl":"https:\/\/lospoliticosveracruz.com\/wp-content\/uploads\/2025\/12\/Logo-Nuevo-LOS-POLITICOS-1.jpg","width":260,"height":70,"caption":"Los pol\u00edticos Veracruz"},"image":{"@id":"https:\/\/lospoliticosveracruz.com\/#\/schema\/logo\/image\/"},"sameAs":["https:\/\/www.facebook.com\/people\/Notimemes-de-los-Polticos\/61565672886568\/","https:\/\/x.com\/LosPoliticosVer"]},{"@type":"Person","@id":"https:\/\/lospoliticosveracruz.com\/#\/schema\/person\/b8702bb0e538456e6efd07080bf2a4a2","name":"Lo viste en Los Pol\u00edticos","image":{"@type":"ImageObject","inLanguage":"es","@id":"https:\/\/secure.gravatar.com\/avatar\/3a8de04a2656d44082be478bd6c086daa447c4651605818287b9532d3d0bd435?s=96&d=mm&r=g","url":"https:\/\/secure.gravatar.com\/avatar\/3a8de04a2656d44082be478bd6c086daa447c4651605818287b9532d3d0bd435?s=96&d=mm&r=g","contentUrl":"https:\/\/secure.gravatar.com\/avatar\/3a8de04a2656d44082be478bd6c086daa447c4651605818287b9532d3d0bd435?s=96&d=mm&r=g","caption":"Lo viste en Los Pol\u00edticos"},"url":"https:\/\/lospoliticosveracruz.com\/?author=2"}]}},"_links":{"self":[{"href":"https:\/\/lospoliticosveracruz.com\/index.php?rest_route=\/wp\/v2\/posts\/150294","targetHints":{"allow":["GET"]}}],"collection":[{"href":"https:\/\/lospoliticosveracruz.com\/index.php?rest_route=\/wp\/v2\/posts"}],"about":[{"href":"https:\/\/lospoliticosveracruz.com\/index.php?rest_route=\/wp\/v2\/types\/post"}],"author":[{"embeddable":true,"href":"https:\/\/lospoliticosveracruz.com\/index.php?rest_route=\/wp\/v2\/users\/2"}],"replies":[{"embeddable":true,"href":"https:\/\/lospoliticosveracruz.com\/index.php?rest_route=%2Fwp%2Fv2%2Fcomments&post=150294"}],"version-history":[{"count":2,"href":"https:\/\/lospoliticosveracruz.com\/index.php?rest_route=\/wp\/v2\/posts\/150294\/revisions"}],"predecessor-version":[{"id":150296,"href":"https:\/\/lospoliticosveracruz.com\/index.php?rest_route=\/wp\/v2\/posts\/150294\/revisions\/150296"}],"wp:featuredmedia":[{"embeddable":true,"href":"https:\/\/lospoliticosveracruz.com\/index.php?rest_route=\/wp\/v2\/media\/141413"}],"wp:attachment":[{"href":"https:\/\/lospoliticosveracruz.com\/index.php?rest_route=%2Fwp%2Fv2%2Fmedia&parent=150294"}],"wp:term":[{"taxonomy":"category","embeddable":true,"href":"https:\/\/lospoliticosveracruz.com\/index.php?rest_route=%2Fwp%2Fv2%2Fcategories&post=150294"},{"taxonomy":"post_tag","embeddable":true,"href":"https:\/\/lospoliticosveracruz.com\/index.php?rest_route=%2Fwp%2Fv2%2Ftags&post=150294"}],"curies":[{"name":"wp","href":"https:\/\/api.w.org\/{rel}","templated":true}]}}