{"id":150317,"date":"2025-08-08T18:49:05","date_gmt":"2025-08-08T23:49:05","guid":{"rendered":"https:\/\/lospoliticosveracruz.com.mx\/?p=150317"},"modified":"2025-08-08T18:49:19","modified_gmt":"2025-08-08T23:49:19","slug":"nunca-mas-un-mexico-sin-los-pueblos-originarios","status":"publish","type":"post","link":"https:\/\/lospoliticosveracruz.com\/?p=150317","title":{"rendered":"\u201cNUNCA M\u00c1S UN M\u00c9XICO SIN LOS PUEBLOS ORIGINARIOS\u201d"},"content":{"rendered":"\n\n\n<p><br>\u201cNunca m\u00e1s un M\u00e9xico sin los pueblos originarios\u201d, expres\u00f3 con firmeza, en la v\u00edspera del D\u00eda Internacional de los Pueblos Ind\u00edgenas, el diputado Esteban Bautista Hern\u00e1ndez, al encabezar un Encuentro Informativo en la cabecera municipal de J\u00e1ltipan, donde entreg\u00f3 de manera simb\u00f3lica el Art\u00edculo 5 de la Constituci\u00f3n Pol\u00edtica del Estado a integrantes del Comit\u00e9 de Seguimiento de la sede Mecayapan.<\/p>\n\n\n\n\n\n<p>En presencia de las diputadas Naomi Edith G\u00f3mez Santos, Ingrid Jeny Calder\u00f3n Dom\u00ednguez e Ivonne Selene Dur\u00e1n L\u00f3pez, as\u00ed como de la representante del Club de Mujeres Libres del Tatahuicapan, profesora Minerva Gal\u00e1n Quinta, el legislador record\u00f3 que, anteriormente, los pueblos ind\u00edgenas \u2014hist\u00f3ricamente olvidados\u2014 solo eran vistos como voto cautivo en tiempos electorales. \u201cHoy \u2014afirm\u00f3\u2014 gozan del reconocimiento legal y son sujetos de derecho p\u00fablico con libre determinaci\u00f3n\u201d.<\/p>\n\n\n\n<p>Ante habitantes, autoridades y representantes ind\u00edgenas, el diputado subray\u00f3 que \u201cnunca en la vida hab\u00edamos visto un abanico de acciones que beneficiaran a este sector tan olvidado\u201d y celebr\u00f3 que \u201choy se dignifica ese M\u00e9xico herido, ese M\u00e9xico olvidado, esos ind\u00edgenas que durante muchos a\u00f1os estuvieron sin voz, sumidos en la pobreza, la enfermedad y el abandono de la patria\u201d.<\/p>\n\n\n\n<p>Al contrastar con el pasado que margin\u00f3 a los pueblos originarios, asever\u00f3 categ\u00f3ricamente que \u201cde la mano de la presidenta de la Rep\u00fablica, Claudia Sheinbaum Pardo, y de la gobernadora de Veracruz, Roc\u00edo Nahle Garc\u00eda, hoy M\u00e9xico y Veracruz caminan firmemente por la v\u00eda de la transformaci\u00f3n, atendiendo siempre las necesidades de todos\u201d. Adem\u00e1s, anunci\u00f3 que recorrer\u00e1 el estado para informar a las comunidades sobre sus derechos en materia de autodeterminaci\u00f3n, gobierno y administraci\u00f3n de recursos, a partir de esta reforma hist\u00f3rica.<\/p>\n\n\n\n<p>Como muestra de gratitud, representantes de pueblos originarios entregaron distintivos culturales al diputado Esteban Bautista Hern\u00e1ndez. Previamente, el representante del Comit\u00e9 de Seguimiento de la sede Mecayapan, Rolando Ortiz Cruz, comparti\u00f3 los antecedentes de la reforma, mientras que las palabras de bienvenida fueron pronunciadas en lenguas nahua, mixe, popoluca y espa\u00f1ol.<\/p>\n\n\n\n<p>Tambi\u00e9n asistieron consejeros nacionales de los pueblos ind\u00edgenas; el coordinador regional de los pueblos ind\u00edgenas y afrodescendientes y consejero nacional del Instituto Nacional de los Pueblos Ind\u00edgenas (INPI), Eucario de los Santos Cruz, as\u00ed como Manuel Escobar S\u00e1nchez, en representaci\u00f3n de la titular de la Oficina de Representaci\u00f3n del INPI en Veracruz, Magdalena Hern\u00e1ndez Hern\u00e1ndez.<\/p>\n\n\n\n<p>Entre los asistentes se encontraban los presidentes municipales electos: de Minatitl\u00e1n, Guillermo Reyes Espronceda; de Acayucan, Ra\u00fal David Salom\u00f3n Garc\u00eda; de Moloac\u00e1n, Eleazar Alc\u00e1ntara Mart\u00ednez; de Agua Dulce, \u00c1ngel de Jes\u00fas Delgado Ram\u00edrez; de Playa Vicente, Ramiro Mart\u00ednez Amezcua, y de Zaragoza, Miguel \u00c1ngel Grajales Mateo; as\u00ed como los presidentes municipales en funciones: de Oluta, Mauricio Alarc\u00f3n Castillo; de Chinameca, Ramiro Alem\u00e1n Valencia; de Mecayapan, Antonio Cervantes Vargas, y la s\u00edndica municipal de J\u00e1ltipan, Mar\u00eda Edith Oliveros Mart\u00ednez.<\/p>\n","protected":false},"excerpt":{"rendered":"<p>\u201cNunca m\u00e1s un M\u00e9xico sin los pueblos originarios\u201d, expres\u00f3 con firmeza, en la v\u00edspera del D\u00eda Internacional de los Pueblos Ind\u00edgenas, el diputado Esteban Bautista Hern\u00e1ndez, al encabezar un Encuentro Informativo en la cabecera municipal de J\u00e1ltipan, donde entreg\u00f3 de manera simb\u00f3lica el Art\u00edculo 5 de la Constituci\u00f3n Pol\u00edtica del Estado a integrantes del Comit\u00e9 [&hellip;]<\/p>\n","protected":false},"author":2,"featured_media":150319,"comment_status":"closed","ping_status":"closed","sticky":false,"template":"","format":"standard","meta":{"tdm_status":"","tdm_grid_status":"","footnotes":""},"categories":[43718],"tags":[9627,43818,18437,21964,45022],"class_list":{"0":"post-150317","1":"post","2":"type-post","3":"status-publish","4":"format-standard","5":"has-post-thumbnail","7":"category-elpalaciodeencanto","8":"tag-claudia-sheinbaum","9":"tag-derechos-indigenas","10":"tag-esteban-bautista-hernandez","11":"tag-pueblos-originarios","12":"tag-rocio-nah"},"yoast_head":"<!-- This site is optimized with the Yoast SEO plugin v27.4 - https:\/\/yoast.com\/product\/yoast-seo-wordpress\/ -->\n<title>\u201cNUNCA M\u00c1S UN M\u00c9XICO SIN LOS PUEBLOS ORIGINARIOS\u201d - Los pol\u00edticos Veracruz<\/title>\n<meta name=\"robots\" content=\"index, follow, max-snippet:-1, max-image-preview:large, max-video-preview:-1\" \/>\n<link rel=\"canonical\" href=\"https:\/\/lospoliticosveracruz.com\/?p=150317\" \/>\n<meta property=\"og:locale\" content=\"es_ES\" \/>\n<meta property=\"og:type\" content=\"article\" \/>\n<meta property=\"og:title\" content=\"\u201cNUNCA M\u00c1S UN M\u00c9XICO SIN LOS PUEBLOS ORIGINARIOS\u201d - Los pol\u00edticos Veracruz\" \/>\n<meta property=\"og:description\" content=\"\u201cNunca m\u00e1s un M\u00e9xico sin los pueblos originarios\u201d, expres\u00f3 con firmeza, en la v\u00edspera del D\u00eda Internacional de los Pueblos Ind\u00edgenas, el diputado Esteban Bautista Hern\u00e1ndez, al encabezar un Encuentro Informativo en la cabecera municipal de J\u00e1ltipan, donde entreg\u00f3 de manera simb\u00f3lica el Art\u00edculo 5 de la Constituci\u00f3n Pol\u00edtica del Estado a integrantes del Comit\u00e9 [&hellip;]\" \/>\n<meta property=\"og:url\" content=\"https:\/\/lospoliticosveracruz.com\/?p=150317\" \/>\n<meta property=\"og:site_name\" content=\"Los pol\u00edticos Veracruz\" \/>\n<meta property=\"article:publisher\" content=\"https:\/\/www.facebook.com\/people\/Notimemes-de-los-Polticos\/61565672886568\/\" \/>\n<meta property=\"article:published_time\" content=\"2025-08-08T23:49:05+00:00\" \/>\n<meta property=\"article:modified_time\" content=\"2025-08-08T23:49:19+00:00\" \/>\n<meta property=\"og:image\" content=\"https:\/\/lospoliticosveracruz.com\/wp-content\/uploads\/2025\/08\/IMG_5294.jpeg\" \/>\n\t<meta property=\"og:image:width\" content=\"600\" \/>\n\t<meta property=\"og:image:height\" content=\"320\" \/>\n\t<meta property=\"og:image:type\" content=\"image\/jpeg\" \/>\n<meta name=\"author\" content=\"Lo viste en Los Pol\u00edticos\" \/>\n<meta name=\"twitter:card\" content=\"summary_large_image\" \/>\n<meta name=\"twitter:creator\" content=\"@LosPoliticosVer\" \/>\n<meta name=\"twitter:site\" content=\"@LosPoliticosVer\" \/>\n<meta name=\"twitter:label1\" content=\"Escrito por\" \/>\n\t<meta name=\"twitter:data1\" content=\"Lo viste en Los Pol\u00edticos\" \/>\n\t<meta name=\"twitter:label2\" content=\"Tiempo de lectura\" \/>\n\t<meta name=\"twitter:data2\" content=\"3 minutos\" \/>\n<script type=\"application\/ld+json\" class=\"yoast-schema-graph\">{\"@context\":\"https:\\\/\\\/schema.org\",\"@graph\":[{\"@type\":\"Article\",\"@id\":\"https:\\\/\\\/lospoliticosveracruz.com\\\/?p=150317#article\",\"isPartOf\":{\"@id\":\"https:\\\/\\\/lospoliticosveracruz.com\\\/?p=150317\"},\"author\":{\"name\":\"Lo viste en Los Pol\u00edticos\",\"@id\":\"https:\\\/\\\/lospoliticosveracruz.com\\\/#\\\/schema\\\/person\\\/b8702bb0e538456e6efd07080bf2a4a2\"},\"headline\":\"\u201cNUNCA M\u00c1S UN M\u00c9XICO SIN LOS PUEBLOS ORIGINARIOS\u201d\",\"datePublished\":\"2025-08-08T23:49:05+00:00\",\"dateModified\":\"2025-08-08T23:49:19+00:00\",\"mainEntityOfPage\":{\"@id\":\"https:\\\/\\\/lospoliticosveracruz.com\\\/?p=150317\"},\"wordCount\":529,\"publisher\":{\"@id\":\"https:\\\/\\\/lospoliticosveracruz.com\\\/#organization\"},\"image\":{\"@id\":\"https:\\\/\\\/lospoliticosveracruz.com\\\/?p=150317#primaryimage\"},\"thumbnailUrl\":\"https:\\\/\\\/lospoliticosveracruz.com\\\/wp-content\\\/uploads\\\/2025\\\/08\\\/IMG_5294.jpeg\",\"keywords\":[\"Claudia Sheinbaum\",\"Derechos ind\u00edgenas\",\"Esteban Bautista Hern\u00e1ndez\",\"Pueblos originarios\",\"Roc\u00edo Nah\"],\"articleSection\":[\"EL PALACIO DE ENCANTO\"],\"inLanguage\":\"es\"},{\"@type\":\"WebPage\",\"@id\":\"https:\\\/\\\/lospoliticosveracruz.com\\\/?p=150317\",\"url\":\"https:\\\/\\\/lospoliticosveracruz.com\\\/?p=150317\",\"name\":\"\u201cNUNCA M\u00c1S UN M\u00c9XICO SIN LOS PUEBLOS ORIGINARIOS\u201d - Los pol\u00edticos Veracruz\",\"isPartOf\":{\"@id\":\"https:\\\/\\\/lospoliticosveracruz.com\\\/#website\"},\"primaryImageOfPage\":{\"@id\":\"https:\\\/\\\/lospoliticosveracruz.com\\\/?p=150317#primaryimage\"},\"image\":{\"@id\":\"https:\\\/\\\/lospoliticosveracruz.com\\\/?p=150317#primaryimage\"},\"thumbnailUrl\":\"https:\\\/\\\/lospoliticosveracruz.com\\\/wp-content\\\/uploads\\\/2025\\\/08\\\/IMG_5294.jpeg\",\"datePublished\":\"2025-08-08T23:49:05+00:00\",\"dateModified\":\"2025-08-08T23:49:19+00:00\",\"breadcrumb\":{\"@id\":\"https:\\\/\\\/lospoliticosveracruz.com\\\/?p=150317#breadcrumb\"},\"inLanguage\":\"es\",\"potentialAction\":[{\"@type\":\"ReadAction\",\"target\":[\"https:\\\/\\\/lospoliticosveracruz.com\\\/?p=150317\"]}]},{\"@type\":\"ImageObject\",\"inLanguage\":\"es\",\"@id\":\"https:\\\/\\\/lospoliticosveracruz.com\\\/?p=150317#primaryimage\",\"url\":\"https:\\\/\\\/lospoliticosveracruz.com\\\/wp-content\\\/uploads\\\/2025\\\/08\\\/IMG_5294.jpeg\",\"contentUrl\":\"https:\\\/\\\/lospoliticosveracruz.com\\\/wp-content\\\/uploads\\\/2025\\\/08\\\/IMG_5294.jpeg\",\"width\":600,\"height\":320},{\"@type\":\"BreadcrumbList\",\"@id\":\"https:\\\/\\\/lospoliticosveracruz.com\\\/?p=150317#breadcrumb\",\"itemListElement\":[{\"@type\":\"ListItem\",\"position\":1,\"name\":\"Portada\",\"item\":\"https:\\\/\\\/lospoliticosveracruz.com\\\/\"},{\"@type\":\"ListItem\",\"position\":2,\"name\":\"\u201cNUNCA M\u00c1S UN M\u00c9XICO SIN LOS PUEBLOS ORIGINARIOS\u201d\"}]},{\"@type\":\"WebSite\",\"@id\":\"https:\\\/\\\/lospoliticosveracruz.com\\\/#website\",\"url\":\"https:\\\/\\\/lospoliticosveracruz.com\\\/\",\"name\":\"Los pol\u00edticos Veracruz\",\"description\":\"\",\"publisher\":{\"@id\":\"https:\\\/\\\/lospoliticosveracruz.com\\\/#organization\"},\"potentialAction\":[{\"@type\":\"SearchAction\",\"target\":{\"@type\":\"EntryPoint\",\"urlTemplate\":\"https:\\\/\\\/lospoliticosveracruz.com\\\/?s={search_term_string}\"},\"query-input\":{\"@type\":\"PropertyValueSpecification\",\"valueRequired\":true,\"valueName\":\"search_term_string\"}}],\"inLanguage\":\"es\"},{\"@type\":\"Organization\",\"@id\":\"https:\\\/\\\/lospoliticosveracruz.com\\\/#organization\",\"name\":\"Los pol\u00edticos Veracruz\",\"url\":\"https:\\\/\\\/lospoliticosveracruz.com\\\/\",\"logo\":{\"@type\":\"ImageObject\",\"inLanguage\":\"es\",\"@id\":\"https:\\\/\\\/lospoliticosveracruz.com\\\/#\\\/schema\\\/logo\\\/image\\\/\",\"url\":\"https:\\\/\\\/lospoliticosveracruz.com\\\/wp-content\\\/uploads\\\/2025\\\/12\\\/Logo-Nuevo-LOS-POLITICOS-1.jpg\",\"contentUrl\":\"https:\\\/\\\/lospoliticosveracruz.com\\\/wp-content\\\/uploads\\\/2025\\\/12\\\/Logo-Nuevo-LOS-POLITICOS-1.jpg\",\"width\":260,\"height\":70,\"caption\":\"Los pol\u00edticos Veracruz\"},\"image\":{\"@id\":\"https:\\\/\\\/lospoliticosveracruz.com\\\/#\\\/schema\\\/logo\\\/image\\\/\"},\"sameAs\":[\"https:\\\/\\\/www.facebook.com\\\/people\\\/Notimemes-de-los-Polticos\\\/61565672886568\\\/\",\"https:\\\/\\\/x.com\\\/LosPoliticosVer\"]},{\"@type\":\"Person\",\"@id\":\"https:\\\/\\\/lospoliticosveracruz.com\\\/#\\\/schema\\\/person\\\/b8702bb0e538456e6efd07080bf2a4a2\",\"name\":\"Lo viste en Los Pol\u00edticos\",\"image\":{\"@type\":\"ImageObject\",\"inLanguage\":\"es\",\"@id\":\"https:\\\/\\\/secure.gravatar.com\\\/avatar\\\/3a8de04a2656d44082be478bd6c086daa447c4651605818287b9532d3d0bd435?s=96&d=mm&r=g\",\"url\":\"https:\\\/\\\/secure.gravatar.com\\\/avatar\\\/3a8de04a2656d44082be478bd6c086daa447c4651605818287b9532d3d0bd435?s=96&d=mm&r=g\",\"contentUrl\":\"https:\\\/\\\/secure.gravatar.com\\\/avatar\\\/3a8de04a2656d44082be478bd6c086daa447c4651605818287b9532d3d0bd435?s=96&d=mm&r=g\",\"caption\":\"Lo viste en Los Pol\u00edticos\"},\"url\":\"https:\\\/\\\/lospoliticosveracruz.com\\\/?author=2\"}]}<\/script>\n<!-- \/ Yoast SEO plugin. -->","yoast_head_json":{"title":"\u201cNUNCA M\u00c1S UN M\u00c9XICO SIN LOS PUEBLOS ORIGINARIOS\u201d - Los pol\u00edticos Veracruz","robots":{"index":"index","follow":"follow","max-snippet":"max-snippet:-1","max-image-preview":"max-image-preview:large","max-video-preview":"max-video-preview:-1"},"canonical":"https:\/\/lospoliticosveracruz.com\/?p=150317","og_locale":"es_ES","og_type":"article","og_title":"\u201cNUNCA M\u00c1S UN M\u00c9XICO SIN LOS PUEBLOS ORIGINARIOS\u201d - Los pol\u00edticos Veracruz","og_description":"\u201cNunca m\u00e1s un M\u00e9xico sin los pueblos originarios\u201d, expres\u00f3 con firmeza, en la v\u00edspera del D\u00eda Internacional de los Pueblos Ind\u00edgenas, el diputado Esteban Bautista Hern\u00e1ndez, al encabezar un Encuentro Informativo en la cabecera municipal de J\u00e1ltipan, donde entreg\u00f3 de manera simb\u00f3lica el Art\u00edculo 5 de la Constituci\u00f3n Pol\u00edtica del Estado a integrantes del Comit\u00e9 [&hellip;]","og_url":"https:\/\/lospoliticosveracruz.com\/?p=150317","og_site_name":"Los pol\u00edticos Veracruz","article_publisher":"https:\/\/www.facebook.com\/people\/Notimemes-de-los-Polticos\/61565672886568\/","article_published_time":"2025-08-08T23:49:05+00:00","article_modified_time":"2025-08-08T23:49:19+00:00","og_image":[{"width":600,"height":320,"url":"https:\/\/lospoliticosveracruz.com\/wp-content\/uploads\/2025\/08\/IMG_5294.jpeg","type":"image\/jpeg"}],"author":"Lo viste en Los Pol\u00edticos","twitter_card":"summary_large_image","twitter_creator":"@LosPoliticosVer","twitter_site":"@LosPoliticosVer","twitter_misc":{"Escrito por":"Lo viste en Los Pol\u00edticos","Tiempo de lectura":"3 minutos"},"schema":{"@context":"https:\/\/schema.org","@graph":[{"@type":"Article","@id":"https:\/\/lospoliticosveracruz.com\/?p=150317#article","isPartOf":{"@id":"https:\/\/lospoliticosveracruz.com\/?p=150317"},"author":{"name":"Lo viste en Los Pol\u00edticos","@id":"https:\/\/lospoliticosveracruz.com\/#\/schema\/person\/b8702bb0e538456e6efd07080bf2a4a2"},"headline":"\u201cNUNCA M\u00c1S UN M\u00c9XICO SIN LOS PUEBLOS ORIGINARIOS\u201d","datePublished":"2025-08-08T23:49:05+00:00","dateModified":"2025-08-08T23:49:19+00:00","mainEntityOfPage":{"@id":"https:\/\/lospoliticosveracruz.com\/?p=150317"},"wordCount":529,"publisher":{"@id":"https:\/\/lospoliticosveracruz.com\/#organization"},"image":{"@id":"https:\/\/lospoliticosveracruz.com\/?p=150317#primaryimage"},"thumbnailUrl":"https:\/\/lospoliticosveracruz.com\/wp-content\/uploads\/2025\/08\/IMG_5294.jpeg","keywords":["Claudia Sheinbaum","Derechos ind\u00edgenas","Esteban Bautista Hern\u00e1ndez","Pueblos originarios","Roc\u00edo Nah"],"articleSection":["EL PALACIO DE ENCANTO"],"inLanguage":"es"},{"@type":"WebPage","@id":"https:\/\/lospoliticosveracruz.com\/?p=150317","url":"https:\/\/lospoliticosveracruz.com\/?p=150317","name":"\u201cNUNCA M\u00c1S UN M\u00c9XICO SIN LOS PUEBLOS ORIGINARIOS\u201d - Los pol\u00edticos Veracruz","isPartOf":{"@id":"https:\/\/lospoliticosveracruz.com\/#website"},"primaryImageOfPage":{"@id":"https:\/\/lospoliticosveracruz.com\/?p=150317#primaryimage"},"image":{"@id":"https:\/\/lospoliticosveracruz.com\/?p=150317#primaryimage"},"thumbnailUrl":"https:\/\/lospoliticosveracruz.com\/wp-content\/uploads\/2025\/08\/IMG_5294.jpeg","datePublished":"2025-08-08T23:49:05+00:00","dateModified":"2025-08-08T23:49:19+00:00","breadcrumb":{"@id":"https:\/\/lospoliticosveracruz.com\/?p=150317#breadcrumb"},"inLanguage":"es","potentialAction":[{"@type":"ReadAction","target":["https:\/\/lospoliticosveracruz.com\/?p=150317"]}]},{"@type":"ImageObject","inLanguage":"es","@id":"https:\/\/lospoliticosveracruz.com\/?p=150317#primaryimage","url":"https:\/\/lospoliticosveracruz.com\/wp-content\/uploads\/2025\/08\/IMG_5294.jpeg","contentUrl":"https:\/\/lospoliticosveracruz.com\/wp-content\/uploads\/2025\/08\/IMG_5294.jpeg","width":600,"height":320},{"@type":"BreadcrumbList","@id":"https:\/\/lospoliticosveracruz.com\/?p=150317#breadcrumb","itemListElement":[{"@type":"ListItem","position":1,"name":"Portada","item":"https:\/\/lospoliticosveracruz.com\/"},{"@type":"ListItem","position":2,"name":"\u201cNUNCA M\u00c1S UN M\u00c9XICO SIN LOS PUEBLOS ORIGINARIOS\u201d"}]},{"@type":"WebSite","@id":"https:\/\/lospoliticosveracruz.com\/#website","url":"https:\/\/lospoliticosveracruz.com\/","name":"Los pol\u00edticos Veracruz","description":"","publisher":{"@id":"https:\/\/lospoliticosveracruz.com\/#organization"},"potentialAction":[{"@type":"SearchAction","target":{"@type":"EntryPoint","urlTemplate":"https:\/\/lospoliticosveracruz.com\/?s={search_term_string}"},"query-input":{"@type":"PropertyValueSpecification","valueRequired":true,"valueName":"search_term_string"}}],"inLanguage":"es"},{"@type":"Organization","@id":"https:\/\/lospoliticosveracruz.com\/#organization","name":"Los pol\u00edticos Veracruz","url":"https:\/\/lospoliticosveracruz.com\/","logo":{"@type":"ImageObject","inLanguage":"es","@id":"https:\/\/lospoliticosveracruz.com\/#\/schema\/logo\/image\/","url":"https:\/\/lospoliticosveracruz.com\/wp-content\/uploads\/2025\/12\/Logo-Nuevo-LOS-POLITICOS-1.jpg","contentUrl":"https:\/\/lospoliticosveracruz.com\/wp-content\/uploads\/2025\/12\/Logo-Nuevo-LOS-POLITICOS-1.jpg","width":260,"height":70,"caption":"Los pol\u00edticos Veracruz"},"image":{"@id":"https:\/\/lospoliticosveracruz.com\/#\/schema\/logo\/image\/"},"sameAs":["https:\/\/www.facebook.com\/people\/Notimemes-de-los-Polticos\/61565672886568\/","https:\/\/x.com\/LosPoliticosVer"]},{"@type":"Person","@id":"https:\/\/lospoliticosveracruz.com\/#\/schema\/person\/b8702bb0e538456e6efd07080bf2a4a2","name":"Lo viste en Los Pol\u00edticos","image":{"@type":"ImageObject","inLanguage":"es","@id":"https:\/\/secure.gravatar.com\/avatar\/3a8de04a2656d44082be478bd6c086daa447c4651605818287b9532d3d0bd435?s=96&d=mm&r=g","url":"https:\/\/secure.gravatar.com\/avatar\/3a8de04a2656d44082be478bd6c086daa447c4651605818287b9532d3d0bd435?s=96&d=mm&r=g","contentUrl":"https:\/\/secure.gravatar.com\/avatar\/3a8de04a2656d44082be478bd6c086daa447c4651605818287b9532d3d0bd435?s=96&d=mm&r=g","caption":"Lo viste en Los Pol\u00edticos"},"url":"https:\/\/lospoliticosveracruz.com\/?author=2"}]}},"_links":{"self":[{"href":"https:\/\/lospoliticosveracruz.com\/index.php?rest_route=\/wp\/v2\/posts\/150317","targetHints":{"allow":["GET"]}}],"collection":[{"href":"https:\/\/lospoliticosveracruz.com\/index.php?rest_route=\/wp\/v2\/posts"}],"about":[{"href":"https:\/\/lospoliticosveracruz.com\/index.php?rest_route=\/wp\/v2\/types\/post"}],"author":[{"embeddable":true,"href":"https:\/\/lospoliticosveracruz.com\/index.php?rest_route=\/wp\/v2\/users\/2"}],"replies":[{"embeddable":true,"href":"https:\/\/lospoliticosveracruz.com\/index.php?rest_route=%2Fwp%2Fv2%2Fcomments&post=150317"}],"version-history":[{"count":1,"href":"https:\/\/lospoliticosveracruz.com\/index.php?rest_route=\/wp\/v2\/posts\/150317\/revisions"}],"predecessor-version":[{"id":150320,"href":"https:\/\/lospoliticosveracruz.com\/index.php?rest_route=\/wp\/v2\/posts\/150317\/revisions\/150320"}],"wp:featuredmedia":[{"embeddable":true,"href":"https:\/\/lospoliticosveracruz.com\/index.php?rest_route=\/wp\/v2\/media\/150319"}],"wp:attachment":[{"href":"https:\/\/lospoliticosveracruz.com\/index.php?rest_route=%2Fwp%2Fv2%2Fmedia&parent=150317"}],"wp:term":[{"taxonomy":"category","embeddable":true,"href":"https:\/\/lospoliticosveracruz.com\/index.php?rest_route=%2Fwp%2Fv2%2Fcategories&post=150317"},{"taxonomy":"post_tag","embeddable":true,"href":"https:\/\/lospoliticosveracruz.com\/index.php?rest_route=%2Fwp%2Fv2%2Ftags&post=150317"}],"curies":[{"name":"wp","href":"https:\/\/api.w.org\/{rel}","templated":true}]}}