{"id":150321,"date":"2025-08-08T18:55:35","date_gmt":"2025-08-08T23:55:35","guid":{"rendered":"https:\/\/lospoliticosveracruz.com.mx\/?p=150321"},"modified":"2025-08-08T18:55:55","modified_gmt":"2025-08-08T23:55:55","slug":"acercan-la-chamba","status":"publish","type":"post","link":"https:\/\/lospoliticosveracruz.com\/?p=150321","title":{"rendered":"ACERCAN LA CHAMBA!"},"content":{"rendered":"\n\n\n<p><br><strong>Lerdo de Tejada<\/strong>.\u2013 Durante la\u00a0<strong>vig\u00e9sima segunda Caravana de Servicios<\/strong>\u00a0de la\u00a0<strong>Secretar\u00eda de Trabajo, Previsi\u00f3n Social y Productividad (STPSP)<\/strong>, en este municipio, se ofertaron\u00a0<strong>390 vacantes laborales<\/strong>mediante los programas\u00a0<strong>Bolsa de Trabajo<\/strong>,\u00a0<strong>Movilidad Laboral Interna<\/strong>\u00a0y\u00a0<strong>Movilidad Laboral Externa<\/strong>.<\/p>\n\n\n\n\n\n<p>En esta \u00faltima, se ofrecieron plazas para&nbsp;<strong>enfermeras y enfermeros en Alemania<\/strong>, reafirmando la&nbsp;<strong>vocaci\u00f3n internacional<\/strong>&nbsp;de los mecanismos de vinculaci\u00f3n de la&nbsp;<strong>STPSP<\/strong>.<\/p>\n\n\n\n<p>Empresas como&nbsp;<strong>Elola<\/strong>,&nbsp;<strong>Caffenio<\/strong>,&nbsp;<strong>Caf\u00e9 de la Parroquia<\/strong>,&nbsp;<strong>Universidad Jean Piaget<\/strong>,&nbsp;<strong>Agrizar<\/strong>,&nbsp;<strong>Bioparque del Occidente<\/strong>&nbsp;y&nbsp;<strong>LYRBA<\/strong>&nbsp;solicitaron perfiles laborales como:&nbsp;<strong>el\u00e9ctrico automotriz de equipo pesado<\/strong>,&nbsp;<strong>recepcionista m\u00e9dica<\/strong>,&nbsp;<strong>gerente<\/strong>,&nbsp;<strong>asesor de cr\u00e9dito y servicios financieros<\/strong>,&nbsp;<strong>auxiliar de piso de ventas<\/strong>&nbsp;y&nbsp;<strong>gestor de cobranzas<\/strong>.<\/p>\n\n\n\n<p>En mesa de trabajo con&nbsp;<strong>agentes municipales<\/strong>, la dependencia estatal present\u00f3 el programa&nbsp;<strong>Jornaleros sin Fronteras<\/strong>, enfocado en el trabajo agr\u00edcola y dise\u00f1ado para abrir oportunidades de movilidad laboral tanto al interior del pa\u00eds como en el extranjero, especialmente en&nbsp;<strong>Canad\u00e1<\/strong>&nbsp;y&nbsp;<strong>Estados Unidos<\/strong>, bajo esquemas&nbsp;<strong>seguros, legales y con plenas garant\u00edas de derechos<\/strong>.<\/p>\n\n\n\n<p>El titular de la&nbsp;<strong>STPSP<\/strong>,&nbsp;<strong>Luis Arturo Santiago Mart\u00ednez<\/strong>, expres\u00f3 que en&nbsp;<strong>M\u00e9xico<\/strong>&nbsp;se est\u00e1 construyendo un&nbsp;<strong>nuevo modelo laboral<\/strong>&nbsp;que pone en el centro la&nbsp;<strong>justicia social<\/strong>&nbsp;y la&nbsp;<strong>dignidad humana<\/strong>.<\/p>\n\n\n\n<p>Destac\u00f3 el avance de reformas fundamentales como la&nbsp;<strong>reducci\u00f3n de la jornada laboral<\/strong>, la&nbsp;<strong>Ley Silla<\/strong>, que entra en vigor en diciembre, y la&nbsp;<strong>incorporaci\u00f3n obligatoria<\/strong>&nbsp;de trabajadoras y trabajadores de&nbsp;<strong>plataformas digitales<\/strong>&nbsp;al&nbsp;<strong>sistema de seguridad social<\/strong>&nbsp;a partir de enero. Adem\u00e1s, record\u00f3 que, gracias al impulso&nbsp;<strong>federal<\/strong>&nbsp;y&nbsp;<strong>estatal<\/strong>, m\u00e1s de&nbsp;<strong>un mill\u00f3n de personas<\/strong>&nbsp;ya se afiliaron al&nbsp;<strong>IMSS<\/strong>&nbsp;bajo este&nbsp;<strong>nuevo modelo<\/strong>.<\/p>\n","protected":false},"excerpt":{"rendered":"<p>Lerdo de Tejada.\u2013 Durante la\u00a0vig\u00e9sima segunda Caravana de Servicios\u00a0de la\u00a0Secretar\u00eda de Trabajo, Previsi\u00f3n Social y Productividad (STPSP), en este municipio, se ofertaron\u00a0390 vacantes laboralesmediante los programas\u00a0Bolsa de Trabajo,\u00a0Movilidad Laboral Interna\u00a0y\u00a0Movilidad Laboral Externa. En esta \u00faltima, se ofrecieron plazas para&nbsp;enfermeras y enfermeros en Alemania, reafirmando la&nbsp;vocaci\u00f3n internacional&nbsp;de los mecanismos de vinculaci\u00f3n de la&nbsp;STPSP. Empresas como&nbsp;Elola,&nbsp;Caffenio,&nbsp;Caf\u00e9 de [&hellip;]<\/p>\n","protected":false},"author":2,"featured_media":150318,"comment_status":"closed","ping_status":"closed","sticky":false,"template":"","format":"standard","meta":{"tdm_status":"","tdm_grid_status":"","footnotes":""},"categories":[43718],"tags":[31191,45023,10888,45024],"class_list":{"0":"post-150321","1":"post","2":"type-post","3":"status-publish","4":"format-standard","5":"has-post-thumbnail","7":"category-elpalaciodeencanto","8":"tag-luis-arturo-santiago-martinez","9":"tag-movilidad-laboral","10":"tag-stpsp","11":"tag-vacantes-laborales"},"yoast_head":"<!-- This site is optimized with the Yoast SEO plugin v27.4 - https:\/\/yoast.com\/product\/yoast-seo-wordpress\/ -->\n<title>ACERCAN LA CHAMBA! - Los pol\u00edticos Veracruz<\/title>\n<meta name=\"robots\" content=\"index, follow, max-snippet:-1, max-image-preview:large, max-video-preview:-1\" \/>\n<link rel=\"canonical\" href=\"https:\/\/lospoliticosveracruz.com\/?p=150321\" \/>\n<meta property=\"og:locale\" content=\"es_ES\" \/>\n<meta property=\"og:type\" content=\"article\" \/>\n<meta property=\"og:title\" content=\"ACERCAN LA CHAMBA! - Los pol\u00edticos Veracruz\" \/>\n<meta property=\"og:description\" content=\"Lerdo de Tejada.\u2013 Durante la\u00a0vig\u00e9sima segunda Caravana de Servicios\u00a0de la\u00a0Secretar\u00eda de Trabajo, Previsi\u00f3n Social y Productividad (STPSP), en este municipio, se ofertaron\u00a0390 vacantes laboralesmediante los programas\u00a0Bolsa de Trabajo,\u00a0Movilidad Laboral Interna\u00a0y\u00a0Movilidad Laboral Externa. En esta \u00faltima, se ofrecieron plazas para&nbsp;enfermeras y enfermeros en Alemania, reafirmando la&nbsp;vocaci\u00f3n internacional&nbsp;de los mecanismos de vinculaci\u00f3n de la&nbsp;STPSP. Empresas como&nbsp;Elola,&nbsp;Caffenio,&nbsp;Caf\u00e9 de [&hellip;]\" \/>\n<meta property=\"og:url\" content=\"https:\/\/lospoliticosveracruz.com\/?p=150321\" \/>\n<meta property=\"og:site_name\" content=\"Los pol\u00edticos Veracruz\" \/>\n<meta property=\"article:publisher\" content=\"https:\/\/www.facebook.com\/people\/Notimemes-de-los-Polticos\/61565672886568\/\" \/>\n<meta property=\"article:published_time\" content=\"2025-08-08T23:55:35+00:00\" \/>\n<meta property=\"article:modified_time\" content=\"2025-08-08T23:55:55+00:00\" \/>\n<meta property=\"og:image\" content=\"https:\/\/lospoliticosveracruz.com\/wp-content\/uploads\/2025\/08\/IMG_5293.jpeg\" \/>\n\t<meta property=\"og:image:width\" content=\"600\" \/>\n\t<meta property=\"og:image:height\" content=\"320\" \/>\n\t<meta property=\"og:image:type\" content=\"image\/jpeg\" \/>\n<meta name=\"author\" content=\"Lo viste en Los Pol\u00edticos\" \/>\n<meta name=\"twitter:card\" content=\"summary_large_image\" \/>\n<meta name=\"twitter:creator\" content=\"@LosPoliticosVer\" \/>\n<meta name=\"twitter:site\" content=\"@LosPoliticosVer\" \/>\n<meta name=\"twitter:label1\" content=\"Escrito por\" \/>\n\t<meta name=\"twitter:data1\" content=\"Lo viste en Los Pol\u00edticos\" \/>\n\t<meta name=\"twitter:label2\" content=\"Tiempo de lectura\" \/>\n\t<meta name=\"twitter:data2\" content=\"2 minutos\" \/>\n<script type=\"application\/ld+json\" class=\"yoast-schema-graph\">{\"@context\":\"https:\\\/\\\/schema.org\",\"@graph\":[{\"@type\":\"Article\",\"@id\":\"https:\\\/\\\/lospoliticosveracruz.com\\\/?p=150321#article\",\"isPartOf\":{\"@id\":\"https:\\\/\\\/lospoliticosveracruz.com\\\/?p=150321\"},\"author\":{\"name\":\"Lo viste en Los Pol\u00edticos\",\"@id\":\"https:\\\/\\\/lospoliticosveracruz.com\\\/#\\\/schema\\\/person\\\/b8702bb0e538456e6efd07080bf2a4a2\"},\"headline\":\"ACERCAN LA CHAMBA!\",\"datePublished\":\"2025-08-08T23:55:35+00:00\",\"dateModified\":\"2025-08-08T23:55:55+00:00\",\"mainEntityOfPage\":{\"@id\":\"https:\\\/\\\/lospoliticosveracruz.com\\\/?p=150321\"},\"wordCount\":332,\"publisher\":{\"@id\":\"https:\\\/\\\/lospoliticosveracruz.com\\\/#organization\"},\"image\":{\"@id\":\"https:\\\/\\\/lospoliticosveracruz.com\\\/?p=150321#primaryimage\"},\"thumbnailUrl\":\"https:\\\/\\\/lospoliticosveracruz.com\\\/wp-content\\\/uploads\\\/2025\\\/08\\\/IMG_5293.jpeg\",\"keywords\":[\"Luis Arturo Santiago Mart\u00ednez\",\"movilidad laboral\",\"STPSP\",\"vacantes laborales\"],\"articleSection\":[\"EL PALACIO DE ENCANTO\"],\"inLanguage\":\"es\"},{\"@type\":\"WebPage\",\"@id\":\"https:\\\/\\\/lospoliticosveracruz.com\\\/?p=150321\",\"url\":\"https:\\\/\\\/lospoliticosveracruz.com\\\/?p=150321\",\"name\":\"ACERCAN LA CHAMBA! - Los pol\u00edticos Veracruz\",\"isPartOf\":{\"@id\":\"https:\\\/\\\/lospoliticosveracruz.com\\\/#website\"},\"primaryImageOfPage\":{\"@id\":\"https:\\\/\\\/lospoliticosveracruz.com\\\/?p=150321#primaryimage\"},\"image\":{\"@id\":\"https:\\\/\\\/lospoliticosveracruz.com\\\/?p=150321#primaryimage\"},\"thumbnailUrl\":\"https:\\\/\\\/lospoliticosveracruz.com\\\/wp-content\\\/uploads\\\/2025\\\/08\\\/IMG_5293.jpeg\",\"datePublished\":\"2025-08-08T23:55:35+00:00\",\"dateModified\":\"2025-08-08T23:55:55+00:00\",\"breadcrumb\":{\"@id\":\"https:\\\/\\\/lospoliticosveracruz.com\\\/?p=150321#breadcrumb\"},\"inLanguage\":\"es\",\"potentialAction\":[{\"@type\":\"ReadAction\",\"target\":[\"https:\\\/\\\/lospoliticosveracruz.com\\\/?p=150321\"]}]},{\"@type\":\"ImageObject\",\"inLanguage\":\"es\",\"@id\":\"https:\\\/\\\/lospoliticosveracruz.com\\\/?p=150321#primaryimage\",\"url\":\"https:\\\/\\\/lospoliticosveracruz.com\\\/wp-content\\\/uploads\\\/2025\\\/08\\\/IMG_5293.jpeg\",\"contentUrl\":\"https:\\\/\\\/lospoliticosveracruz.com\\\/wp-content\\\/uploads\\\/2025\\\/08\\\/IMG_5293.jpeg\",\"width\":600,\"height\":320},{\"@type\":\"BreadcrumbList\",\"@id\":\"https:\\\/\\\/lospoliticosveracruz.com\\\/?p=150321#breadcrumb\",\"itemListElement\":[{\"@type\":\"ListItem\",\"position\":1,\"name\":\"Portada\",\"item\":\"https:\\\/\\\/lospoliticosveracruz.com\\\/\"},{\"@type\":\"ListItem\",\"position\":2,\"name\":\"ACERCAN LA CHAMBA!\"}]},{\"@type\":\"WebSite\",\"@id\":\"https:\\\/\\\/lospoliticosveracruz.com\\\/#website\",\"url\":\"https:\\\/\\\/lospoliticosveracruz.com\\\/\",\"name\":\"Los pol\u00edticos Veracruz\",\"description\":\"\",\"publisher\":{\"@id\":\"https:\\\/\\\/lospoliticosveracruz.com\\\/#organization\"},\"potentialAction\":[{\"@type\":\"SearchAction\",\"target\":{\"@type\":\"EntryPoint\",\"urlTemplate\":\"https:\\\/\\\/lospoliticosveracruz.com\\\/?s={search_term_string}\"},\"query-input\":{\"@type\":\"PropertyValueSpecification\",\"valueRequired\":true,\"valueName\":\"search_term_string\"}}],\"inLanguage\":\"es\"},{\"@type\":\"Organization\",\"@id\":\"https:\\\/\\\/lospoliticosveracruz.com\\\/#organization\",\"name\":\"Los pol\u00edticos Veracruz\",\"url\":\"https:\\\/\\\/lospoliticosveracruz.com\\\/\",\"logo\":{\"@type\":\"ImageObject\",\"inLanguage\":\"es\",\"@id\":\"https:\\\/\\\/lospoliticosveracruz.com\\\/#\\\/schema\\\/logo\\\/image\\\/\",\"url\":\"https:\\\/\\\/lospoliticosveracruz.com\\\/wp-content\\\/uploads\\\/2025\\\/12\\\/Logo-Nuevo-LOS-POLITICOS-1.jpg\",\"contentUrl\":\"https:\\\/\\\/lospoliticosveracruz.com\\\/wp-content\\\/uploads\\\/2025\\\/12\\\/Logo-Nuevo-LOS-POLITICOS-1.jpg\",\"width\":260,\"height\":70,\"caption\":\"Los pol\u00edticos Veracruz\"},\"image\":{\"@id\":\"https:\\\/\\\/lospoliticosveracruz.com\\\/#\\\/schema\\\/logo\\\/image\\\/\"},\"sameAs\":[\"https:\\\/\\\/www.facebook.com\\\/people\\\/Notimemes-de-los-Polticos\\\/61565672886568\\\/\",\"https:\\\/\\\/x.com\\\/LosPoliticosVer\"]},{\"@type\":\"Person\",\"@id\":\"https:\\\/\\\/lospoliticosveracruz.com\\\/#\\\/schema\\\/person\\\/b8702bb0e538456e6efd07080bf2a4a2\",\"name\":\"Lo viste en Los Pol\u00edticos\",\"image\":{\"@type\":\"ImageObject\",\"inLanguage\":\"es\",\"@id\":\"https:\\\/\\\/secure.gravatar.com\\\/avatar\\\/3a8de04a2656d44082be478bd6c086daa447c4651605818287b9532d3d0bd435?s=96&d=mm&r=g\",\"url\":\"https:\\\/\\\/secure.gravatar.com\\\/avatar\\\/3a8de04a2656d44082be478bd6c086daa447c4651605818287b9532d3d0bd435?s=96&d=mm&r=g\",\"contentUrl\":\"https:\\\/\\\/secure.gravatar.com\\\/avatar\\\/3a8de04a2656d44082be478bd6c086daa447c4651605818287b9532d3d0bd435?s=96&d=mm&r=g\",\"caption\":\"Lo viste en Los Pol\u00edticos\"},\"url\":\"https:\\\/\\\/lospoliticosveracruz.com\\\/?author=2\"}]}<\/script>\n<!-- \/ Yoast SEO plugin. -->","yoast_head_json":{"title":"ACERCAN LA CHAMBA! - Los pol\u00edticos Veracruz","robots":{"index":"index","follow":"follow","max-snippet":"max-snippet:-1","max-image-preview":"max-image-preview:large","max-video-preview":"max-video-preview:-1"},"canonical":"https:\/\/lospoliticosveracruz.com\/?p=150321","og_locale":"es_ES","og_type":"article","og_title":"ACERCAN LA CHAMBA! - Los pol\u00edticos Veracruz","og_description":"Lerdo de Tejada.\u2013 Durante la\u00a0vig\u00e9sima segunda Caravana de Servicios\u00a0de la\u00a0Secretar\u00eda de Trabajo, Previsi\u00f3n Social y Productividad (STPSP), en este municipio, se ofertaron\u00a0390 vacantes laboralesmediante los programas\u00a0Bolsa de Trabajo,\u00a0Movilidad Laboral Interna\u00a0y\u00a0Movilidad Laboral Externa. En esta \u00faltima, se ofrecieron plazas para&nbsp;enfermeras y enfermeros en Alemania, reafirmando la&nbsp;vocaci\u00f3n internacional&nbsp;de los mecanismos de vinculaci\u00f3n de la&nbsp;STPSP. Empresas como&nbsp;Elola,&nbsp;Caffenio,&nbsp;Caf\u00e9 de [&hellip;]","og_url":"https:\/\/lospoliticosveracruz.com\/?p=150321","og_site_name":"Los pol\u00edticos Veracruz","article_publisher":"https:\/\/www.facebook.com\/people\/Notimemes-de-los-Polticos\/61565672886568\/","article_published_time":"2025-08-08T23:55:35+00:00","article_modified_time":"2025-08-08T23:55:55+00:00","og_image":[{"width":600,"height":320,"url":"https:\/\/lospoliticosveracruz.com\/wp-content\/uploads\/2025\/08\/IMG_5293.jpeg","type":"image\/jpeg"}],"author":"Lo viste en Los Pol\u00edticos","twitter_card":"summary_large_image","twitter_creator":"@LosPoliticosVer","twitter_site":"@LosPoliticosVer","twitter_misc":{"Escrito por":"Lo viste en Los Pol\u00edticos","Tiempo de lectura":"2 minutos"},"schema":{"@context":"https:\/\/schema.org","@graph":[{"@type":"Article","@id":"https:\/\/lospoliticosveracruz.com\/?p=150321#article","isPartOf":{"@id":"https:\/\/lospoliticosveracruz.com\/?p=150321"},"author":{"name":"Lo viste en Los Pol\u00edticos","@id":"https:\/\/lospoliticosveracruz.com\/#\/schema\/person\/b8702bb0e538456e6efd07080bf2a4a2"},"headline":"ACERCAN LA CHAMBA!","datePublished":"2025-08-08T23:55:35+00:00","dateModified":"2025-08-08T23:55:55+00:00","mainEntityOfPage":{"@id":"https:\/\/lospoliticosveracruz.com\/?p=150321"},"wordCount":332,"publisher":{"@id":"https:\/\/lospoliticosveracruz.com\/#organization"},"image":{"@id":"https:\/\/lospoliticosveracruz.com\/?p=150321#primaryimage"},"thumbnailUrl":"https:\/\/lospoliticosveracruz.com\/wp-content\/uploads\/2025\/08\/IMG_5293.jpeg","keywords":["Luis Arturo Santiago Mart\u00ednez","movilidad laboral","STPSP","vacantes laborales"],"articleSection":["EL PALACIO DE ENCANTO"],"inLanguage":"es"},{"@type":"WebPage","@id":"https:\/\/lospoliticosveracruz.com\/?p=150321","url":"https:\/\/lospoliticosveracruz.com\/?p=150321","name":"ACERCAN LA CHAMBA! - Los pol\u00edticos Veracruz","isPartOf":{"@id":"https:\/\/lospoliticosveracruz.com\/#website"},"primaryImageOfPage":{"@id":"https:\/\/lospoliticosveracruz.com\/?p=150321#primaryimage"},"image":{"@id":"https:\/\/lospoliticosveracruz.com\/?p=150321#primaryimage"},"thumbnailUrl":"https:\/\/lospoliticosveracruz.com\/wp-content\/uploads\/2025\/08\/IMG_5293.jpeg","datePublished":"2025-08-08T23:55:35+00:00","dateModified":"2025-08-08T23:55:55+00:00","breadcrumb":{"@id":"https:\/\/lospoliticosveracruz.com\/?p=150321#breadcrumb"},"inLanguage":"es","potentialAction":[{"@type":"ReadAction","target":["https:\/\/lospoliticosveracruz.com\/?p=150321"]}]},{"@type":"ImageObject","inLanguage":"es","@id":"https:\/\/lospoliticosveracruz.com\/?p=150321#primaryimage","url":"https:\/\/lospoliticosveracruz.com\/wp-content\/uploads\/2025\/08\/IMG_5293.jpeg","contentUrl":"https:\/\/lospoliticosveracruz.com\/wp-content\/uploads\/2025\/08\/IMG_5293.jpeg","width":600,"height":320},{"@type":"BreadcrumbList","@id":"https:\/\/lospoliticosveracruz.com\/?p=150321#breadcrumb","itemListElement":[{"@type":"ListItem","position":1,"name":"Portada","item":"https:\/\/lospoliticosveracruz.com\/"},{"@type":"ListItem","position":2,"name":"ACERCAN LA CHAMBA!"}]},{"@type":"WebSite","@id":"https:\/\/lospoliticosveracruz.com\/#website","url":"https:\/\/lospoliticosveracruz.com\/","name":"Los pol\u00edticos Veracruz","description":"","publisher":{"@id":"https:\/\/lospoliticosveracruz.com\/#organization"},"potentialAction":[{"@type":"SearchAction","target":{"@type":"EntryPoint","urlTemplate":"https:\/\/lospoliticosveracruz.com\/?s={search_term_string}"},"query-input":{"@type":"PropertyValueSpecification","valueRequired":true,"valueName":"search_term_string"}}],"inLanguage":"es"},{"@type":"Organization","@id":"https:\/\/lospoliticosveracruz.com\/#organization","name":"Los pol\u00edticos Veracruz","url":"https:\/\/lospoliticosveracruz.com\/","logo":{"@type":"ImageObject","inLanguage":"es","@id":"https:\/\/lospoliticosveracruz.com\/#\/schema\/logo\/image\/","url":"https:\/\/lospoliticosveracruz.com\/wp-content\/uploads\/2025\/12\/Logo-Nuevo-LOS-POLITICOS-1.jpg","contentUrl":"https:\/\/lospoliticosveracruz.com\/wp-content\/uploads\/2025\/12\/Logo-Nuevo-LOS-POLITICOS-1.jpg","width":260,"height":70,"caption":"Los pol\u00edticos Veracruz"},"image":{"@id":"https:\/\/lospoliticosveracruz.com\/#\/schema\/logo\/image\/"},"sameAs":["https:\/\/www.facebook.com\/people\/Notimemes-de-los-Polticos\/61565672886568\/","https:\/\/x.com\/LosPoliticosVer"]},{"@type":"Person","@id":"https:\/\/lospoliticosveracruz.com\/#\/schema\/person\/b8702bb0e538456e6efd07080bf2a4a2","name":"Lo viste en Los Pol\u00edticos","image":{"@type":"ImageObject","inLanguage":"es","@id":"https:\/\/secure.gravatar.com\/avatar\/3a8de04a2656d44082be478bd6c086daa447c4651605818287b9532d3d0bd435?s=96&d=mm&r=g","url":"https:\/\/secure.gravatar.com\/avatar\/3a8de04a2656d44082be478bd6c086daa447c4651605818287b9532d3d0bd435?s=96&d=mm&r=g","contentUrl":"https:\/\/secure.gravatar.com\/avatar\/3a8de04a2656d44082be478bd6c086daa447c4651605818287b9532d3d0bd435?s=96&d=mm&r=g","caption":"Lo viste en Los Pol\u00edticos"},"url":"https:\/\/lospoliticosveracruz.com\/?author=2"}]}},"_links":{"self":[{"href":"https:\/\/lospoliticosveracruz.com\/index.php?rest_route=\/wp\/v2\/posts\/150321","targetHints":{"allow":["GET"]}}],"collection":[{"href":"https:\/\/lospoliticosveracruz.com\/index.php?rest_route=\/wp\/v2\/posts"}],"about":[{"href":"https:\/\/lospoliticosveracruz.com\/index.php?rest_route=\/wp\/v2\/types\/post"}],"author":[{"embeddable":true,"href":"https:\/\/lospoliticosveracruz.com\/index.php?rest_route=\/wp\/v2\/users\/2"}],"replies":[{"embeddable":true,"href":"https:\/\/lospoliticosveracruz.com\/index.php?rest_route=%2Fwp%2Fv2%2Fcomments&post=150321"}],"version-history":[{"count":2,"href":"https:\/\/lospoliticosveracruz.com\/index.php?rest_route=\/wp\/v2\/posts\/150321\/revisions"}],"predecessor-version":[{"id":150323,"href":"https:\/\/lospoliticosveracruz.com\/index.php?rest_route=\/wp\/v2\/posts\/150321\/revisions\/150323"}],"wp:featuredmedia":[{"embeddable":true,"href":"https:\/\/lospoliticosveracruz.com\/index.php?rest_route=\/wp\/v2\/media\/150318"}],"wp:attachment":[{"href":"https:\/\/lospoliticosveracruz.com\/index.php?rest_route=%2Fwp%2Fv2%2Fmedia&parent=150321"}],"wp:term":[{"taxonomy":"category","embeddable":true,"href":"https:\/\/lospoliticosveracruz.com\/index.php?rest_route=%2Fwp%2Fv2%2Fcategories&post=150321"},{"taxonomy":"post_tag","embeddable":true,"href":"https:\/\/lospoliticosveracruz.com\/index.php?rest_route=%2Fwp%2Fv2%2Ftags&post=150321"}],"curies":[{"name":"wp","href":"https:\/\/api.w.org\/{rel}","templated":true}]}}