{"id":150348,"date":"2025-08-10T10:39:01","date_gmt":"2025-08-10T15:39:01","guid":{"rendered":"https:\/\/lospoliticosveracruz.com.mx\/?p=150348"},"modified":"2025-08-10T10:39:09","modified_gmt":"2025-08-10T15:39:09","slug":"adanely-movio-poza-rica","status":"publish","type":"post","link":"https:\/\/lospoliticosveracruz.com\/?p=150348","title":{"rendered":"ADANELY MOVI\u00d3 POZA RICA!"},"content":{"rendered":"\n\n\n<p><br>Poza Rica: Con una marea humana que super\u00f3 las 6 mil personas, Poza Rica fue testigo este s\u00e1bado de una de las movilizaciones m\u00e1s grandes en su historia reciente, en respaldo a Adanely Rodr\u00edguez, candidata de Morena a la presidencia municipal y ya considerada una de las mujeres m\u00e1s votadas en el estado de Veracruz durante el pasado proceso electoral.<\/p>\n\n\n\n<figure class=\"wp-block-image size-large\"><a href=\"https:\/\/lospoliticosveracruz.com.mx\/wp-content\/uploads\/2025\/08\/32175915-7884-4a48-94b8-9debf1a095da.jpeg\"><img loading=\"lazy\" decoding=\"async\" width=\"1024\" height=\"682\" src=\"https:\/\/lospoliticosveracruz.com.mx\/wp-content\/uploads\/2025\/08\/32175915-7884-4a48-94b8-9debf1a095da-1024x682.jpeg\" alt=\"\" class=\"wp-image-150349\" srcset=\"https:\/\/lospoliticosveracruz.com\/wp-content\/uploads\/2025\/08\/32175915-7884-4a48-94b8-9debf1a095da-1024x682.jpeg 1024w, https:\/\/lospoliticosveracruz.com\/wp-content\/uploads\/2025\/08\/32175915-7884-4a48-94b8-9debf1a095da-300x200.jpeg 300w, https:\/\/lospoliticosveracruz.com\/wp-content\/uploads\/2025\/08\/32175915-7884-4a48-94b8-9debf1a095da-768x512.jpeg 768w, https:\/\/lospoliticosveracruz.com\/wp-content\/uploads\/2025\/08\/32175915-7884-4a48-94b8-9debf1a095da-1536x1023.jpeg 1536w, https:\/\/lospoliticosveracruz.com\/wp-content\/uploads\/2025\/08\/32175915-7884-4a48-94b8-9debf1a095da-360x240.jpeg 360w, https:\/\/lospoliticosveracruz.com\/wp-content\/uploads\/2025\/08\/32175915-7884-4a48-94b8-9debf1a095da-600x400.jpeg 600w, https:\/\/lospoliticosveracruz.com\/wp-content\/uploads\/2025\/08\/32175915-7884-4a48-94b8-9debf1a095da.jpeg 1600w\" sizes=\"auto, (max-width: 1024px) 100vw, 1024px\" \/><\/a><\/figure>\n\n\n\n<p>Al grito de \u201c\u00a1No est\u00e1s sola!\u201d y \u201c\u00a1Adanely presidenta!\u201d, comerciantes, colonos, empresarios, j\u00f3venes, mujeres y adultos mayores recorrieron las principales calles exigiendo al Tribunal Electoral de Veracruz (TEV) un conteo voto por voto y el respeto absoluto a la voluntad popular, ante las denuncias de irregularidades y manipulaci\u00f3n por parte de Movimiento Ciudadano.<\/p>\n\n\n\n<p>Respaldada por la dirigencia estatal de Morena, diputados, senadores y alcaldes electos de municipios vecinos, Adanely demostr\u00f3 que su liderazgo trasciende edades y sectores, convirti\u00e9ndose en s\u00edmbolo de la nueva generaci\u00f3n de mujeres en la pol\u00edtica veracruzana que no solo compiten, sino que ganan y defienden su victoria.<\/p>\n\n\n\n<p>\u201cSolicitamos que el Tribunal Electoral act\u00fae con legalidad, porque Poza Rica se lo merece. No permitiremos un fraude orquestado por Movimiento Ciudadano. Aqu\u00ed est\u00e1 una mujer, una dirigencia y una militancia que va a defender a su pueblo\u201d, sentenci\u00f3 Rodr\u00edguez, arropada por una multitud que no dej\u00f3 de ovacionarla.<\/p>\n\n\n\n<p>La abanderada morenista subray\u00f3 que a\u00fan faltan 51 casillas por abrir y pidi\u00f3 imparcialidad y objetividad al TEV. Adem\u00e1s, lanz\u00f3 un mensaje directo al senador Manuel Huerta:<\/p>\n\n\n\n<p>\u201cSi va a respaldar a su ahijado pol\u00edtico en Poza Rica, que renuncie a Morena y se vaya a donde quiera\u201d.<\/p>\n\n\n\n<p>Para Adanely, el compromiso es claro: gobernar con unidad, capacidad y voluntad, poniendo siempre por delante el respeto a Poza Rica y a su gente. Su desempe\u00f1o electoral, que la coloca como una de las figuras femeninas con m\u00e1s respaldo en las urnas, marca un precedente en la historia pol\u00edtica de la ciudad.<\/p>\n\n\n\n<p>La marcha de este s\u00e1bado no solo fue una protesta: fue una demostraci\u00f3n de fuerza pol\u00edtica que confirma que, gane o pierda en tribunales, Adanely Rodr\u00edguez ya se posicion\u00f3 como la voz joven que representa la esperanza de cambio para miles de pozarricenses.<\/p>\n","protected":false},"excerpt":{"rendered":"<p>Poza Rica: Con una marea humana que super\u00f3 las 6 mil personas, Poza Rica fue testigo este s\u00e1bado de una de las movilizaciones m\u00e1s grandes en su historia reciente, en respaldo a Adanely Rodr\u00edguez, candidata de Morena a la presidencia municipal y ya considerada una de las mujeres m\u00e1s votadas en el estado de Veracruz [&hellip;]<\/p>\n","protected":false},"author":2,"featured_media":150350,"comment_status":"closed","ping_status":"closed","sticky":false,"template":"","format":"standard","meta":{"tdm_status":"","tdm_grid_status":"","footnotes":""},"categories":[73],"tags":[],"class_list":{"0":"post-150348","1":"post","2":"type-post","3":"status-publish","4":"format-standard","5":"has-post-thumbnail","7":"category-de-boleto"},"yoast_head":"<!-- This site is optimized with the Yoast SEO plugin v27.4 - https:\/\/yoast.com\/product\/yoast-seo-wordpress\/ -->\n<title>ADANELY MOVI\u00d3 POZA RICA! - Los pol\u00edticos Veracruz<\/title>\n<meta name=\"robots\" content=\"index, follow, max-snippet:-1, max-image-preview:large, max-video-preview:-1\" \/>\n<link rel=\"canonical\" href=\"https:\/\/lospoliticosveracruz.com\/?p=150348\" \/>\n<meta property=\"og:locale\" content=\"es_ES\" \/>\n<meta property=\"og:type\" content=\"article\" \/>\n<meta property=\"og:title\" content=\"ADANELY MOVI\u00d3 POZA RICA! - Los pol\u00edticos Veracruz\" \/>\n<meta property=\"og:description\" content=\"Poza Rica: Con una marea humana que super\u00f3 las 6 mil personas, Poza Rica fue testigo este s\u00e1bado de una de las movilizaciones m\u00e1s grandes en su historia reciente, en respaldo a Adanely Rodr\u00edguez, candidata de Morena a la presidencia municipal y ya considerada una de las mujeres m\u00e1s votadas en el estado de Veracruz [&hellip;]\" \/>\n<meta property=\"og:url\" content=\"https:\/\/lospoliticosveracruz.com\/?p=150348\" \/>\n<meta property=\"og:site_name\" content=\"Los pol\u00edticos Veracruz\" \/>\n<meta property=\"article:publisher\" content=\"https:\/\/www.facebook.com\/people\/Notimemes-de-los-Polticos\/61565672886568\/\" \/>\n<meta property=\"article:published_time\" content=\"2025-08-10T15:39:01+00:00\" \/>\n<meta property=\"article:modified_time\" content=\"2025-08-10T15:39:09+00:00\" \/>\n<meta property=\"og:image\" content=\"https:\/\/lospoliticosveracruz.com\/wp-content\/uploads\/2025\/08\/IMG_5375.jpeg\" \/>\n\t<meta property=\"og:image:width\" content=\"600\" \/>\n\t<meta property=\"og:image:height\" content=\"320\" \/>\n\t<meta property=\"og:image:type\" content=\"image\/jpeg\" \/>\n<meta name=\"author\" content=\"Lo viste en Los Pol\u00edticos\" \/>\n<meta name=\"twitter:card\" content=\"summary_large_image\" \/>\n<meta name=\"twitter:creator\" content=\"@LosPoliticosVer\" \/>\n<meta name=\"twitter:site\" content=\"@LosPoliticosVer\" \/>\n<meta name=\"twitter:label1\" content=\"Escrito por\" \/>\n\t<meta name=\"twitter:data1\" content=\"Lo viste en Los Pol\u00edticos\" \/>\n\t<meta name=\"twitter:label2\" content=\"Tiempo de lectura\" \/>\n\t<meta name=\"twitter:data2\" content=\"2 minutos\" \/>\n<script type=\"application\/ld+json\" class=\"yoast-schema-graph\">{\"@context\":\"https:\\\/\\\/schema.org\",\"@graph\":[{\"@type\":\"Article\",\"@id\":\"https:\\\/\\\/lospoliticosveracruz.com\\\/?p=150348#article\",\"isPartOf\":{\"@id\":\"https:\\\/\\\/lospoliticosveracruz.com\\\/?p=150348\"},\"author\":{\"name\":\"Lo viste en Los Pol\u00edticos\",\"@id\":\"https:\\\/\\\/lospoliticosveracruz.com\\\/#\\\/schema\\\/person\\\/b8702bb0e538456e6efd07080bf2a4a2\"},\"headline\":\"ADANELY MOVI\u00d3 POZA RICA!\",\"datePublished\":\"2025-08-10T15:39:01+00:00\",\"dateModified\":\"2025-08-10T15:39:09+00:00\",\"mainEntityOfPage\":{\"@id\":\"https:\\\/\\\/lospoliticosveracruz.com\\\/?p=150348\"},\"wordCount\":379,\"publisher\":{\"@id\":\"https:\\\/\\\/lospoliticosveracruz.com\\\/#organization\"},\"image\":{\"@id\":\"https:\\\/\\\/lospoliticosveracruz.com\\\/?p=150348#primaryimage\"},\"thumbnailUrl\":\"https:\\\/\\\/lospoliticosveracruz.com\\\/wp-content\\\/uploads\\\/2025\\\/08\\\/IMG_5375.jpeg\",\"articleSection\":[\"De Boleto\"],\"inLanguage\":\"es\"},{\"@type\":\"WebPage\",\"@id\":\"https:\\\/\\\/lospoliticosveracruz.com\\\/?p=150348\",\"url\":\"https:\\\/\\\/lospoliticosveracruz.com\\\/?p=150348\",\"name\":\"ADANELY MOVI\u00d3 POZA RICA! - Los pol\u00edticos Veracruz\",\"isPartOf\":{\"@id\":\"https:\\\/\\\/lospoliticosveracruz.com\\\/#website\"},\"primaryImageOfPage\":{\"@id\":\"https:\\\/\\\/lospoliticosveracruz.com\\\/?p=150348#primaryimage\"},\"image\":{\"@id\":\"https:\\\/\\\/lospoliticosveracruz.com\\\/?p=150348#primaryimage\"},\"thumbnailUrl\":\"https:\\\/\\\/lospoliticosveracruz.com\\\/wp-content\\\/uploads\\\/2025\\\/08\\\/IMG_5375.jpeg\",\"datePublished\":\"2025-08-10T15:39:01+00:00\",\"dateModified\":\"2025-08-10T15:39:09+00:00\",\"breadcrumb\":{\"@id\":\"https:\\\/\\\/lospoliticosveracruz.com\\\/?p=150348#breadcrumb\"},\"inLanguage\":\"es\",\"potentialAction\":[{\"@type\":\"ReadAction\",\"target\":[\"https:\\\/\\\/lospoliticosveracruz.com\\\/?p=150348\"]}]},{\"@type\":\"ImageObject\",\"inLanguage\":\"es\",\"@id\":\"https:\\\/\\\/lospoliticosveracruz.com\\\/?p=150348#primaryimage\",\"url\":\"https:\\\/\\\/lospoliticosveracruz.com\\\/wp-content\\\/uploads\\\/2025\\\/08\\\/IMG_5375.jpeg\",\"contentUrl\":\"https:\\\/\\\/lospoliticosveracruz.com\\\/wp-content\\\/uploads\\\/2025\\\/08\\\/IMG_5375.jpeg\",\"width\":600,\"height\":320},{\"@type\":\"BreadcrumbList\",\"@id\":\"https:\\\/\\\/lospoliticosveracruz.com\\\/?p=150348#breadcrumb\",\"itemListElement\":[{\"@type\":\"ListItem\",\"position\":1,\"name\":\"Portada\",\"item\":\"https:\\\/\\\/lospoliticosveracruz.com\\\/\"},{\"@type\":\"ListItem\",\"position\":2,\"name\":\"ADANELY MOVI\u00d3 POZA RICA!\"}]},{\"@type\":\"WebSite\",\"@id\":\"https:\\\/\\\/lospoliticosveracruz.com\\\/#website\",\"url\":\"https:\\\/\\\/lospoliticosveracruz.com\\\/\",\"name\":\"Los pol\u00edticos Veracruz\",\"description\":\"\",\"publisher\":{\"@id\":\"https:\\\/\\\/lospoliticosveracruz.com\\\/#organization\"},\"potentialAction\":[{\"@type\":\"SearchAction\",\"target\":{\"@type\":\"EntryPoint\",\"urlTemplate\":\"https:\\\/\\\/lospoliticosveracruz.com\\\/?s={search_term_string}\"},\"query-input\":{\"@type\":\"PropertyValueSpecification\",\"valueRequired\":true,\"valueName\":\"search_term_string\"}}],\"inLanguage\":\"es\"},{\"@type\":\"Organization\",\"@id\":\"https:\\\/\\\/lospoliticosveracruz.com\\\/#organization\",\"name\":\"Los pol\u00edticos Veracruz\",\"url\":\"https:\\\/\\\/lospoliticosveracruz.com\\\/\",\"logo\":{\"@type\":\"ImageObject\",\"inLanguage\":\"es\",\"@id\":\"https:\\\/\\\/lospoliticosveracruz.com\\\/#\\\/schema\\\/logo\\\/image\\\/\",\"url\":\"https:\\\/\\\/lospoliticosveracruz.com\\\/wp-content\\\/uploads\\\/2025\\\/12\\\/Logo-Nuevo-LOS-POLITICOS-1.jpg\",\"contentUrl\":\"https:\\\/\\\/lospoliticosveracruz.com\\\/wp-content\\\/uploads\\\/2025\\\/12\\\/Logo-Nuevo-LOS-POLITICOS-1.jpg\",\"width\":260,\"height\":70,\"caption\":\"Los pol\u00edticos Veracruz\"},\"image\":{\"@id\":\"https:\\\/\\\/lospoliticosveracruz.com\\\/#\\\/schema\\\/logo\\\/image\\\/\"},\"sameAs\":[\"https:\\\/\\\/www.facebook.com\\\/people\\\/Notimemes-de-los-Polticos\\\/61565672886568\\\/\",\"https:\\\/\\\/x.com\\\/LosPoliticosVer\"]},{\"@type\":\"Person\",\"@id\":\"https:\\\/\\\/lospoliticosveracruz.com\\\/#\\\/schema\\\/person\\\/b8702bb0e538456e6efd07080bf2a4a2\",\"name\":\"Lo viste en Los Pol\u00edticos\",\"image\":{\"@type\":\"ImageObject\",\"inLanguage\":\"es\",\"@id\":\"https:\\\/\\\/secure.gravatar.com\\\/avatar\\\/3a8de04a2656d44082be478bd6c086daa447c4651605818287b9532d3d0bd435?s=96&d=mm&r=g\",\"url\":\"https:\\\/\\\/secure.gravatar.com\\\/avatar\\\/3a8de04a2656d44082be478bd6c086daa447c4651605818287b9532d3d0bd435?s=96&d=mm&r=g\",\"contentUrl\":\"https:\\\/\\\/secure.gravatar.com\\\/avatar\\\/3a8de04a2656d44082be478bd6c086daa447c4651605818287b9532d3d0bd435?s=96&d=mm&r=g\",\"caption\":\"Lo viste en Los Pol\u00edticos\"},\"url\":\"https:\\\/\\\/lospoliticosveracruz.com\\\/?author=2\"}]}<\/script>\n<!-- \/ Yoast SEO plugin. -->","yoast_head_json":{"title":"ADANELY MOVI\u00d3 POZA RICA! - Los pol\u00edticos Veracruz","robots":{"index":"index","follow":"follow","max-snippet":"max-snippet:-1","max-image-preview":"max-image-preview:large","max-video-preview":"max-video-preview:-1"},"canonical":"https:\/\/lospoliticosveracruz.com\/?p=150348","og_locale":"es_ES","og_type":"article","og_title":"ADANELY MOVI\u00d3 POZA RICA! - Los pol\u00edticos Veracruz","og_description":"Poza Rica: Con una marea humana que super\u00f3 las 6 mil personas, Poza Rica fue testigo este s\u00e1bado de una de las movilizaciones m\u00e1s grandes en su historia reciente, en respaldo a Adanely Rodr\u00edguez, candidata de Morena a la presidencia municipal y ya considerada una de las mujeres m\u00e1s votadas en el estado de Veracruz [&hellip;]","og_url":"https:\/\/lospoliticosveracruz.com\/?p=150348","og_site_name":"Los pol\u00edticos Veracruz","article_publisher":"https:\/\/www.facebook.com\/people\/Notimemes-de-los-Polticos\/61565672886568\/","article_published_time":"2025-08-10T15:39:01+00:00","article_modified_time":"2025-08-10T15:39:09+00:00","og_image":[{"width":600,"height":320,"url":"https:\/\/lospoliticosveracruz.com\/wp-content\/uploads\/2025\/08\/IMG_5375.jpeg","type":"image\/jpeg"}],"author":"Lo viste en Los Pol\u00edticos","twitter_card":"summary_large_image","twitter_creator":"@LosPoliticosVer","twitter_site":"@LosPoliticosVer","twitter_misc":{"Escrito por":"Lo viste en Los Pol\u00edticos","Tiempo de lectura":"2 minutos"},"schema":{"@context":"https:\/\/schema.org","@graph":[{"@type":"Article","@id":"https:\/\/lospoliticosveracruz.com\/?p=150348#article","isPartOf":{"@id":"https:\/\/lospoliticosveracruz.com\/?p=150348"},"author":{"name":"Lo viste en Los Pol\u00edticos","@id":"https:\/\/lospoliticosveracruz.com\/#\/schema\/person\/b8702bb0e538456e6efd07080bf2a4a2"},"headline":"ADANELY MOVI\u00d3 POZA RICA!","datePublished":"2025-08-10T15:39:01+00:00","dateModified":"2025-08-10T15:39:09+00:00","mainEntityOfPage":{"@id":"https:\/\/lospoliticosveracruz.com\/?p=150348"},"wordCount":379,"publisher":{"@id":"https:\/\/lospoliticosveracruz.com\/#organization"},"image":{"@id":"https:\/\/lospoliticosveracruz.com\/?p=150348#primaryimage"},"thumbnailUrl":"https:\/\/lospoliticosveracruz.com\/wp-content\/uploads\/2025\/08\/IMG_5375.jpeg","articleSection":["De Boleto"],"inLanguage":"es"},{"@type":"WebPage","@id":"https:\/\/lospoliticosveracruz.com\/?p=150348","url":"https:\/\/lospoliticosveracruz.com\/?p=150348","name":"ADANELY MOVI\u00d3 POZA RICA! - Los pol\u00edticos Veracruz","isPartOf":{"@id":"https:\/\/lospoliticosveracruz.com\/#website"},"primaryImageOfPage":{"@id":"https:\/\/lospoliticosveracruz.com\/?p=150348#primaryimage"},"image":{"@id":"https:\/\/lospoliticosveracruz.com\/?p=150348#primaryimage"},"thumbnailUrl":"https:\/\/lospoliticosveracruz.com\/wp-content\/uploads\/2025\/08\/IMG_5375.jpeg","datePublished":"2025-08-10T15:39:01+00:00","dateModified":"2025-08-10T15:39:09+00:00","breadcrumb":{"@id":"https:\/\/lospoliticosveracruz.com\/?p=150348#breadcrumb"},"inLanguage":"es","potentialAction":[{"@type":"ReadAction","target":["https:\/\/lospoliticosveracruz.com\/?p=150348"]}]},{"@type":"ImageObject","inLanguage":"es","@id":"https:\/\/lospoliticosveracruz.com\/?p=150348#primaryimage","url":"https:\/\/lospoliticosveracruz.com\/wp-content\/uploads\/2025\/08\/IMG_5375.jpeg","contentUrl":"https:\/\/lospoliticosveracruz.com\/wp-content\/uploads\/2025\/08\/IMG_5375.jpeg","width":600,"height":320},{"@type":"BreadcrumbList","@id":"https:\/\/lospoliticosveracruz.com\/?p=150348#breadcrumb","itemListElement":[{"@type":"ListItem","position":1,"name":"Portada","item":"https:\/\/lospoliticosveracruz.com\/"},{"@type":"ListItem","position":2,"name":"ADANELY MOVI\u00d3 POZA RICA!"}]},{"@type":"WebSite","@id":"https:\/\/lospoliticosveracruz.com\/#website","url":"https:\/\/lospoliticosveracruz.com\/","name":"Los pol\u00edticos Veracruz","description":"","publisher":{"@id":"https:\/\/lospoliticosveracruz.com\/#organization"},"potentialAction":[{"@type":"SearchAction","target":{"@type":"EntryPoint","urlTemplate":"https:\/\/lospoliticosveracruz.com\/?s={search_term_string}"},"query-input":{"@type":"PropertyValueSpecification","valueRequired":true,"valueName":"search_term_string"}}],"inLanguage":"es"},{"@type":"Organization","@id":"https:\/\/lospoliticosveracruz.com\/#organization","name":"Los pol\u00edticos Veracruz","url":"https:\/\/lospoliticosveracruz.com\/","logo":{"@type":"ImageObject","inLanguage":"es","@id":"https:\/\/lospoliticosveracruz.com\/#\/schema\/logo\/image\/","url":"https:\/\/lospoliticosveracruz.com\/wp-content\/uploads\/2025\/12\/Logo-Nuevo-LOS-POLITICOS-1.jpg","contentUrl":"https:\/\/lospoliticosveracruz.com\/wp-content\/uploads\/2025\/12\/Logo-Nuevo-LOS-POLITICOS-1.jpg","width":260,"height":70,"caption":"Los pol\u00edticos Veracruz"},"image":{"@id":"https:\/\/lospoliticosveracruz.com\/#\/schema\/logo\/image\/"},"sameAs":["https:\/\/www.facebook.com\/people\/Notimemes-de-los-Polticos\/61565672886568\/","https:\/\/x.com\/LosPoliticosVer"]},{"@type":"Person","@id":"https:\/\/lospoliticosveracruz.com\/#\/schema\/person\/b8702bb0e538456e6efd07080bf2a4a2","name":"Lo viste en Los Pol\u00edticos","image":{"@type":"ImageObject","inLanguage":"es","@id":"https:\/\/secure.gravatar.com\/avatar\/3a8de04a2656d44082be478bd6c086daa447c4651605818287b9532d3d0bd435?s=96&d=mm&r=g","url":"https:\/\/secure.gravatar.com\/avatar\/3a8de04a2656d44082be478bd6c086daa447c4651605818287b9532d3d0bd435?s=96&d=mm&r=g","contentUrl":"https:\/\/secure.gravatar.com\/avatar\/3a8de04a2656d44082be478bd6c086daa447c4651605818287b9532d3d0bd435?s=96&d=mm&r=g","caption":"Lo viste en Los Pol\u00edticos"},"url":"https:\/\/lospoliticosveracruz.com\/?author=2"}]}},"_links":{"self":[{"href":"https:\/\/lospoliticosveracruz.com\/index.php?rest_route=\/wp\/v2\/posts\/150348","targetHints":{"allow":["GET"]}}],"collection":[{"href":"https:\/\/lospoliticosveracruz.com\/index.php?rest_route=\/wp\/v2\/posts"}],"about":[{"href":"https:\/\/lospoliticosveracruz.com\/index.php?rest_route=\/wp\/v2\/types\/post"}],"author":[{"embeddable":true,"href":"https:\/\/lospoliticosveracruz.com\/index.php?rest_route=\/wp\/v2\/users\/2"}],"replies":[{"embeddable":true,"href":"https:\/\/lospoliticosveracruz.com\/index.php?rest_route=%2Fwp%2Fv2%2Fcomments&post=150348"}],"version-history":[{"count":1,"href":"https:\/\/lospoliticosveracruz.com\/index.php?rest_route=\/wp\/v2\/posts\/150348\/revisions"}],"predecessor-version":[{"id":150351,"href":"https:\/\/lospoliticosveracruz.com\/index.php?rest_route=\/wp\/v2\/posts\/150348\/revisions\/150351"}],"wp:featuredmedia":[{"embeddable":true,"href":"https:\/\/lospoliticosveracruz.com\/index.php?rest_route=\/wp\/v2\/media\/150350"}],"wp:attachment":[{"href":"https:\/\/lospoliticosveracruz.com\/index.php?rest_route=%2Fwp%2Fv2%2Fmedia&parent=150348"}],"wp:term":[{"taxonomy":"category","embeddable":true,"href":"https:\/\/lospoliticosveracruz.com\/index.php?rest_route=%2Fwp%2Fv2%2Fcategories&post=150348"},{"taxonomy":"post_tag","embeddable":true,"href":"https:\/\/lospoliticosveracruz.com\/index.php?rest_route=%2Fwp%2Fv2%2Ftags&post=150348"}],"curies":[{"name":"wp","href":"https:\/\/api.w.org\/{rel}","templated":true}]}}