{"id":150356,"date":"2025-08-10T11:28:23","date_gmt":"2025-08-10T16:28:23","guid":{"rendered":"https:\/\/lospoliticosveracruz.com.mx\/?p=150356"},"modified":"2025-08-10T11:51:46","modified_gmt":"2025-08-10T16:51:46","slug":"sergio-gutierrezy-dato-protegido","status":"publish","type":"post","link":"https:\/\/lospoliticosveracruz.com\/?p=150356","title":{"rendered":"SERGIO GUTI\u00c9RREZ Y DATO PROTEGIDO"},"content":{"rendered":"\n\n\n<p><br><strong>Juan de Dios S\u00e1nchez Abreu<\/strong><\/p>\n\n\n\n<p><strong>El Gordito de Oro<\/strong><\/p>\n\n\n\n<p>Seguimos con la promoci\u00f3n del&nbsp;<strong>\u201cPRIMER FORO DE COMUNICACI\u00d3N\u201d<\/strong>&nbsp;para estudiantes y comunicadores. Ser\u00e1 presencial el d\u00eda viernes&nbsp;<strong>14 de noviembre 2025<\/strong>, en las instalaciones del&nbsp;<strong>Hotel H.B.<\/strong>, de la ciudad de&nbsp;<strong>Xalapa, Ver.<\/strong><\/p>\n\n\n\n<p>Informes al&nbsp;<strong>2281013502<\/strong>&nbsp;(Juan de Dios, v\u00eda WhatsApp).<\/p>\n\n\n\n<p>Ya viene&nbsp;<strong>septiembre<\/strong>, mes del testamento. Donde debes aprovechar que durante este mes los&nbsp;<strong>notarios<\/strong>&nbsp;de todo el pa\u00eds hacen descuento en este tr\u00e1mite personal del testamento, es necesario hacerlo para que m\u00e1s adelante no dejemos problemas familiares.<\/p>\n\n\n\n<p>Se acuerda de aquel diputado C\u00e1bula de&nbsp;<strong>Minatitl\u00e1n<\/strong>,&nbsp;<strong>Sergio Guti\u00e9rrez Luna<\/strong>, que vino a querer competirle la candidatura a la gubernatura a&nbsp;<strong>Roc\u00edo Nahle<\/strong>&nbsp;por el partido&nbsp;<strong>Morena<\/strong>, quien ha sido dos veces&nbsp;<strong>diputado federal<\/strong>&nbsp;por el&nbsp;<strong>Estado de M\u00e9xico<\/strong>. Durante su recorrido en el Estado se cortaba la vena diciendo que \u00e9l era el \u00fanico y el bueno para la gubernatura ya que tra\u00eda la l\u00ednea de M\u00e9xico. Adem\u00e1s de que \u00e9l era el \u00fanico aut\u00e9ntico Veracruzano.<\/p>\n\n\n\n<p>En algunas de sus giras por el Estado tra\u00eda con \u00e9l a su esposa&nbsp;<strong>Diana Karina Barreras<\/strong>, que en ese momento era&nbsp;<strong>diputada local<\/strong>&nbsp;por el&nbsp;<strong>Estado de Sonora<\/strong>. La parejita en esos momentos de campa\u00f1a eran pura humildad y miel con todos los que cre\u00edan en su proyecto pol\u00edtico, pero nada m\u00e1s no le dieron la candidatura a la gubernatura y pelaron gallo de Veracruz, se fueron a negociar a&nbsp;<strong>Morena nacional<\/strong>. Su continuidad de diputados federales, la de \u00e9l y su esposa. Con eso se les olvidaron los grupos Veracruzanos que se la jugaron en abierto con ellos.<\/p>\n\n\n\n<p>Ahora son todos poderosos y no se acuerdan de Veracruz. La&nbsp;<strong>diputada federal<\/strong>&nbsp;(dato protegido) y su distinguido esposo&nbsp;<strong>Cheko<\/strong>&nbsp;son de la realeza Morenista, gozan de los privilegios que da el pinche poder, tan es as\u00ed que la diputada federal hizo que una persona le pidiera disculpas p\u00fablicamente seg\u00fan por haberla ofendido.<\/p>\n\n\n\n<p>Pero eso no es todo, ahora los dos tortolitos se dan la gran vida viajando de lujo al extranjero (<strong>China<\/strong>,\u00a0<strong>Nueva York<\/strong>, etc.). Ella viste pura ropa de marca, reloj marca\u00a0<em>Hublot<\/em>\u00a0cost\u00f3 $377 mil 400 pesos, lentes de sol marca\u00a0<em>Maui Jim<\/em>\u00a0cost\u00f3 $11 mil pesos, anillo\u00a0<em>Tiffany T<\/em>\u00a0de oro cost\u00f3 $29 mil pesos, lentes\u00a0<em>Gucci<\/em> aviador cost\u00f3 10 mil 710 pesos, tenis\u00a0<em>Dolce &amp; Gabana Portofino<\/em>\u00a0cost\u00f3 $18 mil pesos, chamarra de piel\u00a0<em>Ferrari<\/em>\u00a0cost\u00f3 $40 mil pesos, y as\u00ed un sin n\u00famero de accesorios que utiliza la diputada federal.<\/p>\n\n\n\n<p>Adem\u00e1s,&nbsp;<strong>Cheko<\/strong>&nbsp;cuenta con costoso reloj marca&nbsp;<em>Ozzy Osbourne<\/em>&nbsp;de $800 mil pesos. Adem\u00e1s, pagaron dos boletos V.I.P., para ver la&nbsp;<strong>F\u00f3rmula Uno<\/strong>, con costo de cada boleto de $170 mil pesos.<\/p>\n\n\n\n<p>A este par de Morenistas se le olvid\u00f3 la pobreza franciscana y los veracruzanos, pero como dice Don Teofilito \u201cAc\u00e1 los esperamos\u201d.<\/p>\n\n\n\n<p><\/p>\n\n\n\n<p>Si la envidia fuera ti\u00f1a, \u00a1cu\u00e1ntos ti\u00f1osos habr\u00eda! Ese refr\u00e1n les queda a varios pol\u00edticos Morenistas que no le gusta ver el \u00e9xito pol\u00edtico de otros. As\u00ed le pasa al&nbsp;<strong>diputado local<\/strong>&nbsp;y presidente de la&nbsp;<strong>Junta de Coordinaci\u00f3n Pol\u00edtica del Congreso del Estado<\/strong>, el&nbsp;<strong>Maestro Esteban Bautista Hern\u00e1ndez<\/strong>&nbsp;que sus propios compa\u00f1eros de partido le tiran duro por su avance y buen trabajo que viene realizando en el Congreso Local.<\/p>\n\n\n\n<p>Es una persona que tiene las puertas abiertas en su oficina y buen trato con el personal, hace las audiencias de los mi\u00e9rcoles donde recibe a todos los que llegan de diversos puntos del Estado a su oficina pidiendo apoyo y orientaci\u00f3n en varios temas. Incluso lo han invitado a ir a las altas monta\u00f1as a que los visite y ya fue con ellos a escuchar sus necesidades.<\/p>\n\n\n\n<p>Es un diputado itinerante, anda recorriendo el Estado ayudando con eso a la gobernadora\u00a0<strong>Roc\u00edo Nahle<\/strong> en la gobernabilidad ya que, al escuchar las problem\u00e1ticas de los ciudadanos los orienta o los acompa\u00f1a a veces a las dependencias estatales y federales a que los escuchen y resuelvan sus problemas.<\/p>\n\n\n\n<p><strong>Bautista Hern\u00e1ndez<\/strong>&nbsp;siempre ha sido un hombre a todo terreno, por eso los pol\u00edticos flojos que solo se la pasan en sus oficinas chismeando lo envidian, pero \u00e9l siempre va haciendo o\u00eddos sordos a los chismes y como se dice:&nbsp;<em>\u201cTrabajo mata Grilla\u201d<\/em>. \u00a1En hora buena y que sigan los \u00e9xitos!<\/p>\n\n\n\n<p>Nos leemos la pr\u00f3xima semana, te invitamos a que nos sigas por todas nuestras plataformas y redes digitales, entrevistas y noticias&nbsp;<strong>INNOVA -DIGITAL-L\u00daDICO<\/strong>&nbsp;con&nbsp;<em>\u201cEL GORDITO DE ORO\u201d<\/em>&nbsp;y la revista imprenta y virtual&nbsp;<strong>INNOVA-DIGITAL<\/strong>.<\/p>\n\n\n\n<p>www.agenciainnovadigital.com.mx<\/p>\n\n\n\n<p><\/p>\n\n\n\n<p><\/p>\n\n\n\n<p><\/p>\n\n\n\n<p><\/p>\n\n\n\n<p><\/p>\n\n\n\n<p><\/p>\n\n\n\n<p><\/p>\n\n\n\n<p><\/p>\n\n\n\n<p><\/p>\n","protected":false},"excerpt":{"rendered":"<p>Juan de Dios S\u00e1nchez Abreu El Gordito de Oro Seguimos con la promoci\u00f3n del&nbsp;\u201cPRIMER FORO DE COMUNICACI\u00d3N\u201d&nbsp;para estudiantes y comunicadores. Ser\u00e1 presencial el d\u00eda viernes&nbsp;14 de noviembre 2025, en las instalaciones del&nbsp;Hotel H.B., de la ciudad de&nbsp;Xalapa, Ver. Informes al&nbsp;2281013502&nbsp;(Juan de Dios, v\u00eda WhatsApp). Ya viene&nbsp;septiembre, mes del testamento. Donde debes aprovechar que durante este [&hellip;]<\/p>\n","protected":false},"author":2,"featured_media":141259,"comment_status":"closed","ping_status":"closed","sticky":false,"template":"","format":"standard","meta":{"tdm_status":"","tdm_grid_status":"","footnotes":""},"categories":[70],"tags":[819,18437,25035,3578,16147],"class_list":{"0":"post-150356","1":"post","2":"type-post","3":"status-publish","4":"format-standard","5":"has-post-thumbnail","7":"category-de-opinion","8":"tag-congreso-local","9":"tag-esteban-bautista-hernandez","10":"tag-morena-veracruz","11":"tag-rocio-nahle","12":"tag-sergio-gutierrez-luna"},"yoast_head":"<!-- This site is optimized with the Yoast SEO plugin v27.4 - https:\/\/yoast.com\/product\/yoast-seo-wordpress\/ -->\n<title>SERGIO GUTI\u00c9RREZ Y DATO PROTEGIDO - Los pol\u00edticos Veracruz<\/title>\n<meta name=\"robots\" content=\"index, follow, max-snippet:-1, max-image-preview:large, max-video-preview:-1\" \/>\n<link rel=\"canonical\" href=\"https:\/\/lospoliticosveracruz.com\/?p=150356\" \/>\n<meta property=\"og:locale\" content=\"es_ES\" \/>\n<meta property=\"og:type\" content=\"article\" \/>\n<meta property=\"og:title\" content=\"SERGIO GUTI\u00c9RREZ Y DATO PROTEGIDO - Los pol\u00edticos Veracruz\" \/>\n<meta property=\"og:description\" content=\"Juan de Dios S\u00e1nchez Abreu El Gordito de Oro Seguimos con la promoci\u00f3n del&nbsp;\u201cPRIMER FORO DE COMUNICACI\u00d3N\u201d&nbsp;para estudiantes y comunicadores. Ser\u00e1 presencial el d\u00eda viernes&nbsp;14 de noviembre 2025, en las instalaciones del&nbsp;Hotel H.B., de la ciudad de&nbsp;Xalapa, Ver. Informes al&nbsp;2281013502&nbsp;(Juan de Dios, v\u00eda WhatsApp). Ya viene&nbsp;septiembre, mes del testamento. Donde debes aprovechar que durante este [&hellip;]\" \/>\n<meta property=\"og:url\" content=\"https:\/\/lospoliticosveracruz.com\/?p=150356\" \/>\n<meta property=\"og:site_name\" content=\"Los pol\u00edticos Veracruz\" \/>\n<meta property=\"article:publisher\" content=\"https:\/\/www.facebook.com\/people\/Notimemes-de-los-Polticos\/61565672886568\/\" \/>\n<meta property=\"article:published_time\" content=\"2025-08-10T16:28:23+00:00\" \/>\n<meta property=\"article:modified_time\" content=\"2025-08-10T16:51:46+00:00\" \/>\n<meta property=\"og:image\" content=\"https:\/\/lospoliticosveracruz.com\/wp-content\/uploads\/2025\/04\/Juan-Sanchez-Abreu.jpg\" \/>\n\t<meta property=\"og:image:width\" content=\"1250\" \/>\n\t<meta property=\"og:image:height\" content=\"667\" \/>\n\t<meta property=\"og:image:type\" content=\"image\/jpeg\" \/>\n<meta name=\"author\" content=\"Lo viste en Los Pol\u00edticos\" \/>\n<meta name=\"twitter:card\" content=\"summary_large_image\" \/>\n<meta name=\"twitter:creator\" content=\"@LosPoliticosVer\" \/>\n<meta name=\"twitter:site\" content=\"@LosPoliticosVer\" \/>\n<meta name=\"twitter:label1\" content=\"Escrito por\" \/>\n\t<meta name=\"twitter:data1\" content=\"Lo viste en Los Pol\u00edticos\" \/>\n\t<meta name=\"twitter:label2\" content=\"Tiempo de lectura\" \/>\n\t<meta name=\"twitter:data2\" content=\"4 minutos\" \/>\n<script type=\"application\/ld+json\" class=\"yoast-schema-graph\">{\"@context\":\"https:\\\/\\\/schema.org\",\"@graph\":[{\"@type\":\"Article\",\"@id\":\"https:\\\/\\\/lospoliticosveracruz.com\\\/?p=150356#article\",\"isPartOf\":{\"@id\":\"https:\\\/\\\/lospoliticosveracruz.com\\\/?p=150356\"},\"author\":{\"name\":\"Lo viste en Los Pol\u00edticos\",\"@id\":\"https:\\\/\\\/lospoliticosveracruz.com\\\/#\\\/schema\\\/person\\\/b8702bb0e538456e6efd07080bf2a4a2\"},\"headline\":\"SERGIO GUTI\u00c9RREZ Y DATO PROTEGIDO\",\"datePublished\":\"2025-08-10T16:28:23+00:00\",\"dateModified\":\"2025-08-10T16:51:46+00:00\",\"mainEntityOfPage\":{\"@id\":\"https:\\\/\\\/lospoliticosveracruz.com\\\/?p=150356\"},\"wordCount\":836,\"publisher\":{\"@id\":\"https:\\\/\\\/lospoliticosveracruz.com\\\/#organization\"},\"image\":{\"@id\":\"https:\\\/\\\/lospoliticosveracruz.com\\\/?p=150356#primaryimage\"},\"thumbnailUrl\":\"https:\\\/\\\/lospoliticosveracruz.com\\\/wp-content\\\/uploads\\\/2025\\\/04\\\/Juan-Sanchez-Abreu.jpg\",\"keywords\":[\"Congreso local\",\"Esteban Bautista Hern\u00e1ndez\",\"Morena Veracruz\",\"Roc\u00edo Nahle\",\"Sergio Guti\u00e9rrez Luna\"],\"articleSection\":[\"De Opini\u00f3n\"],\"inLanguage\":\"es\"},{\"@type\":\"WebPage\",\"@id\":\"https:\\\/\\\/lospoliticosveracruz.com\\\/?p=150356\",\"url\":\"https:\\\/\\\/lospoliticosveracruz.com\\\/?p=150356\",\"name\":\"SERGIO GUTI\u00c9RREZ Y DATO PROTEGIDO - Los pol\u00edticos Veracruz\",\"isPartOf\":{\"@id\":\"https:\\\/\\\/lospoliticosveracruz.com\\\/#website\"},\"primaryImageOfPage\":{\"@id\":\"https:\\\/\\\/lospoliticosveracruz.com\\\/?p=150356#primaryimage\"},\"image\":{\"@id\":\"https:\\\/\\\/lospoliticosveracruz.com\\\/?p=150356#primaryimage\"},\"thumbnailUrl\":\"https:\\\/\\\/lospoliticosveracruz.com\\\/wp-content\\\/uploads\\\/2025\\\/04\\\/Juan-Sanchez-Abreu.jpg\",\"datePublished\":\"2025-08-10T16:28:23+00:00\",\"dateModified\":\"2025-08-10T16:51:46+00:00\",\"breadcrumb\":{\"@id\":\"https:\\\/\\\/lospoliticosveracruz.com\\\/?p=150356#breadcrumb\"},\"inLanguage\":\"es\",\"potentialAction\":[{\"@type\":\"ReadAction\",\"target\":[\"https:\\\/\\\/lospoliticosveracruz.com\\\/?p=150356\"]}]},{\"@type\":\"ImageObject\",\"inLanguage\":\"es\",\"@id\":\"https:\\\/\\\/lospoliticosveracruz.com\\\/?p=150356#primaryimage\",\"url\":\"https:\\\/\\\/lospoliticosveracruz.com\\\/wp-content\\\/uploads\\\/2025\\\/04\\\/Juan-Sanchez-Abreu.jpg\",\"contentUrl\":\"https:\\\/\\\/lospoliticosveracruz.com\\\/wp-content\\\/uploads\\\/2025\\\/04\\\/Juan-Sanchez-Abreu.jpg\",\"width\":1250,\"height\":667},{\"@type\":\"BreadcrumbList\",\"@id\":\"https:\\\/\\\/lospoliticosveracruz.com\\\/?p=150356#breadcrumb\",\"itemListElement\":[{\"@type\":\"ListItem\",\"position\":1,\"name\":\"Portada\",\"item\":\"https:\\\/\\\/lospoliticosveracruz.com\\\/\"},{\"@type\":\"ListItem\",\"position\":2,\"name\":\"SERGIO GUTI\u00c9RREZ Y DATO PROTEGIDO\"}]},{\"@type\":\"WebSite\",\"@id\":\"https:\\\/\\\/lospoliticosveracruz.com\\\/#website\",\"url\":\"https:\\\/\\\/lospoliticosveracruz.com\\\/\",\"name\":\"Los pol\u00edticos Veracruz\",\"description\":\"\",\"publisher\":{\"@id\":\"https:\\\/\\\/lospoliticosveracruz.com\\\/#organization\"},\"potentialAction\":[{\"@type\":\"SearchAction\",\"target\":{\"@type\":\"EntryPoint\",\"urlTemplate\":\"https:\\\/\\\/lospoliticosveracruz.com\\\/?s={search_term_string}\"},\"query-input\":{\"@type\":\"PropertyValueSpecification\",\"valueRequired\":true,\"valueName\":\"search_term_string\"}}],\"inLanguage\":\"es\"},{\"@type\":\"Organization\",\"@id\":\"https:\\\/\\\/lospoliticosveracruz.com\\\/#organization\",\"name\":\"Los pol\u00edticos Veracruz\",\"url\":\"https:\\\/\\\/lospoliticosveracruz.com\\\/\",\"logo\":{\"@type\":\"ImageObject\",\"inLanguage\":\"es\",\"@id\":\"https:\\\/\\\/lospoliticosveracruz.com\\\/#\\\/schema\\\/logo\\\/image\\\/\",\"url\":\"https:\\\/\\\/lospoliticosveracruz.com\\\/wp-content\\\/uploads\\\/2025\\\/12\\\/Logo-Nuevo-LOS-POLITICOS-1.jpg\",\"contentUrl\":\"https:\\\/\\\/lospoliticosveracruz.com\\\/wp-content\\\/uploads\\\/2025\\\/12\\\/Logo-Nuevo-LOS-POLITICOS-1.jpg\",\"width\":260,\"height\":70,\"caption\":\"Los pol\u00edticos Veracruz\"},\"image\":{\"@id\":\"https:\\\/\\\/lospoliticosveracruz.com\\\/#\\\/schema\\\/logo\\\/image\\\/\"},\"sameAs\":[\"https:\\\/\\\/www.facebook.com\\\/people\\\/Notimemes-de-los-Polticos\\\/61565672886568\\\/\",\"https:\\\/\\\/x.com\\\/LosPoliticosVer\"]},{\"@type\":\"Person\",\"@id\":\"https:\\\/\\\/lospoliticosveracruz.com\\\/#\\\/schema\\\/person\\\/b8702bb0e538456e6efd07080bf2a4a2\",\"name\":\"Lo viste en Los Pol\u00edticos\",\"image\":{\"@type\":\"ImageObject\",\"inLanguage\":\"es\",\"@id\":\"https:\\\/\\\/secure.gravatar.com\\\/avatar\\\/3a8de04a2656d44082be478bd6c086daa447c4651605818287b9532d3d0bd435?s=96&d=mm&r=g\",\"url\":\"https:\\\/\\\/secure.gravatar.com\\\/avatar\\\/3a8de04a2656d44082be478bd6c086daa447c4651605818287b9532d3d0bd435?s=96&d=mm&r=g\",\"contentUrl\":\"https:\\\/\\\/secure.gravatar.com\\\/avatar\\\/3a8de04a2656d44082be478bd6c086daa447c4651605818287b9532d3d0bd435?s=96&d=mm&r=g\",\"caption\":\"Lo viste en Los Pol\u00edticos\"},\"url\":\"https:\\\/\\\/lospoliticosveracruz.com\\\/?author=2\"}]}<\/script>\n<!-- \/ Yoast SEO plugin. -->","yoast_head_json":{"title":"SERGIO GUTI\u00c9RREZ Y DATO PROTEGIDO - Los pol\u00edticos Veracruz","robots":{"index":"index","follow":"follow","max-snippet":"max-snippet:-1","max-image-preview":"max-image-preview:large","max-video-preview":"max-video-preview:-1"},"canonical":"https:\/\/lospoliticosveracruz.com\/?p=150356","og_locale":"es_ES","og_type":"article","og_title":"SERGIO GUTI\u00c9RREZ Y DATO PROTEGIDO - Los pol\u00edticos Veracruz","og_description":"Juan de Dios S\u00e1nchez Abreu El Gordito de Oro Seguimos con la promoci\u00f3n del&nbsp;\u201cPRIMER FORO DE COMUNICACI\u00d3N\u201d&nbsp;para estudiantes y comunicadores. Ser\u00e1 presencial el d\u00eda viernes&nbsp;14 de noviembre 2025, en las instalaciones del&nbsp;Hotel H.B., de la ciudad de&nbsp;Xalapa, Ver. Informes al&nbsp;2281013502&nbsp;(Juan de Dios, v\u00eda WhatsApp). Ya viene&nbsp;septiembre, mes del testamento. Donde debes aprovechar que durante este [&hellip;]","og_url":"https:\/\/lospoliticosveracruz.com\/?p=150356","og_site_name":"Los pol\u00edticos Veracruz","article_publisher":"https:\/\/www.facebook.com\/people\/Notimemes-de-los-Polticos\/61565672886568\/","article_published_time":"2025-08-10T16:28:23+00:00","article_modified_time":"2025-08-10T16:51:46+00:00","og_image":[{"width":1250,"height":667,"url":"https:\/\/lospoliticosveracruz.com\/wp-content\/uploads\/2025\/04\/Juan-Sanchez-Abreu.jpg","type":"image\/jpeg"}],"author":"Lo viste en Los Pol\u00edticos","twitter_card":"summary_large_image","twitter_creator":"@LosPoliticosVer","twitter_site":"@LosPoliticosVer","twitter_misc":{"Escrito por":"Lo viste en Los Pol\u00edticos","Tiempo de lectura":"4 minutos"},"schema":{"@context":"https:\/\/schema.org","@graph":[{"@type":"Article","@id":"https:\/\/lospoliticosveracruz.com\/?p=150356#article","isPartOf":{"@id":"https:\/\/lospoliticosveracruz.com\/?p=150356"},"author":{"name":"Lo viste en Los Pol\u00edticos","@id":"https:\/\/lospoliticosveracruz.com\/#\/schema\/person\/b8702bb0e538456e6efd07080bf2a4a2"},"headline":"SERGIO GUTI\u00c9RREZ Y DATO PROTEGIDO","datePublished":"2025-08-10T16:28:23+00:00","dateModified":"2025-08-10T16:51:46+00:00","mainEntityOfPage":{"@id":"https:\/\/lospoliticosveracruz.com\/?p=150356"},"wordCount":836,"publisher":{"@id":"https:\/\/lospoliticosveracruz.com\/#organization"},"image":{"@id":"https:\/\/lospoliticosveracruz.com\/?p=150356#primaryimage"},"thumbnailUrl":"https:\/\/lospoliticosveracruz.com\/wp-content\/uploads\/2025\/04\/Juan-Sanchez-Abreu.jpg","keywords":["Congreso local","Esteban Bautista Hern\u00e1ndez","Morena Veracruz","Roc\u00edo Nahle","Sergio Guti\u00e9rrez Luna"],"articleSection":["De Opini\u00f3n"],"inLanguage":"es"},{"@type":"WebPage","@id":"https:\/\/lospoliticosveracruz.com\/?p=150356","url":"https:\/\/lospoliticosveracruz.com\/?p=150356","name":"SERGIO GUTI\u00c9RREZ Y DATO PROTEGIDO - Los pol\u00edticos Veracruz","isPartOf":{"@id":"https:\/\/lospoliticosveracruz.com\/#website"},"primaryImageOfPage":{"@id":"https:\/\/lospoliticosveracruz.com\/?p=150356#primaryimage"},"image":{"@id":"https:\/\/lospoliticosveracruz.com\/?p=150356#primaryimage"},"thumbnailUrl":"https:\/\/lospoliticosveracruz.com\/wp-content\/uploads\/2025\/04\/Juan-Sanchez-Abreu.jpg","datePublished":"2025-08-10T16:28:23+00:00","dateModified":"2025-08-10T16:51:46+00:00","breadcrumb":{"@id":"https:\/\/lospoliticosveracruz.com\/?p=150356#breadcrumb"},"inLanguage":"es","potentialAction":[{"@type":"ReadAction","target":["https:\/\/lospoliticosveracruz.com\/?p=150356"]}]},{"@type":"ImageObject","inLanguage":"es","@id":"https:\/\/lospoliticosveracruz.com\/?p=150356#primaryimage","url":"https:\/\/lospoliticosveracruz.com\/wp-content\/uploads\/2025\/04\/Juan-Sanchez-Abreu.jpg","contentUrl":"https:\/\/lospoliticosveracruz.com\/wp-content\/uploads\/2025\/04\/Juan-Sanchez-Abreu.jpg","width":1250,"height":667},{"@type":"BreadcrumbList","@id":"https:\/\/lospoliticosveracruz.com\/?p=150356#breadcrumb","itemListElement":[{"@type":"ListItem","position":1,"name":"Portada","item":"https:\/\/lospoliticosveracruz.com\/"},{"@type":"ListItem","position":2,"name":"SERGIO GUTI\u00c9RREZ Y DATO PROTEGIDO"}]},{"@type":"WebSite","@id":"https:\/\/lospoliticosveracruz.com\/#website","url":"https:\/\/lospoliticosveracruz.com\/","name":"Los pol\u00edticos Veracruz","description":"","publisher":{"@id":"https:\/\/lospoliticosveracruz.com\/#organization"},"potentialAction":[{"@type":"SearchAction","target":{"@type":"EntryPoint","urlTemplate":"https:\/\/lospoliticosveracruz.com\/?s={search_term_string}"},"query-input":{"@type":"PropertyValueSpecification","valueRequired":true,"valueName":"search_term_string"}}],"inLanguage":"es"},{"@type":"Organization","@id":"https:\/\/lospoliticosveracruz.com\/#organization","name":"Los pol\u00edticos Veracruz","url":"https:\/\/lospoliticosveracruz.com\/","logo":{"@type":"ImageObject","inLanguage":"es","@id":"https:\/\/lospoliticosveracruz.com\/#\/schema\/logo\/image\/","url":"https:\/\/lospoliticosveracruz.com\/wp-content\/uploads\/2025\/12\/Logo-Nuevo-LOS-POLITICOS-1.jpg","contentUrl":"https:\/\/lospoliticosveracruz.com\/wp-content\/uploads\/2025\/12\/Logo-Nuevo-LOS-POLITICOS-1.jpg","width":260,"height":70,"caption":"Los pol\u00edticos Veracruz"},"image":{"@id":"https:\/\/lospoliticosveracruz.com\/#\/schema\/logo\/image\/"},"sameAs":["https:\/\/www.facebook.com\/people\/Notimemes-de-los-Polticos\/61565672886568\/","https:\/\/x.com\/LosPoliticosVer"]},{"@type":"Person","@id":"https:\/\/lospoliticosveracruz.com\/#\/schema\/person\/b8702bb0e538456e6efd07080bf2a4a2","name":"Lo viste en Los Pol\u00edticos","image":{"@type":"ImageObject","inLanguage":"es","@id":"https:\/\/secure.gravatar.com\/avatar\/3a8de04a2656d44082be478bd6c086daa447c4651605818287b9532d3d0bd435?s=96&d=mm&r=g","url":"https:\/\/secure.gravatar.com\/avatar\/3a8de04a2656d44082be478bd6c086daa447c4651605818287b9532d3d0bd435?s=96&d=mm&r=g","contentUrl":"https:\/\/secure.gravatar.com\/avatar\/3a8de04a2656d44082be478bd6c086daa447c4651605818287b9532d3d0bd435?s=96&d=mm&r=g","caption":"Lo viste en Los Pol\u00edticos"},"url":"https:\/\/lospoliticosveracruz.com\/?author=2"}]}},"_links":{"self":[{"href":"https:\/\/lospoliticosveracruz.com\/index.php?rest_route=\/wp\/v2\/posts\/150356","targetHints":{"allow":["GET"]}}],"collection":[{"href":"https:\/\/lospoliticosveracruz.com\/index.php?rest_route=\/wp\/v2\/posts"}],"about":[{"href":"https:\/\/lospoliticosveracruz.com\/index.php?rest_route=\/wp\/v2\/types\/post"}],"author":[{"embeddable":true,"href":"https:\/\/lospoliticosveracruz.com\/index.php?rest_route=\/wp\/v2\/users\/2"}],"replies":[{"embeddable":true,"href":"https:\/\/lospoliticosveracruz.com\/index.php?rest_route=%2Fwp%2Fv2%2Fcomments&post=150356"}],"version-history":[{"count":3,"href":"https:\/\/lospoliticosveracruz.com\/index.php?rest_route=\/wp\/v2\/posts\/150356\/revisions"}],"predecessor-version":[{"id":150361,"href":"https:\/\/lospoliticosveracruz.com\/index.php?rest_route=\/wp\/v2\/posts\/150356\/revisions\/150361"}],"wp:featuredmedia":[{"embeddable":true,"href":"https:\/\/lospoliticosveracruz.com\/index.php?rest_route=\/wp\/v2\/media\/141259"}],"wp:attachment":[{"href":"https:\/\/lospoliticosveracruz.com\/index.php?rest_route=%2Fwp%2Fv2%2Fmedia&parent=150356"}],"wp:term":[{"taxonomy":"category","embeddable":true,"href":"https:\/\/lospoliticosveracruz.com\/index.php?rest_route=%2Fwp%2Fv2%2Fcategories&post=150356"},{"taxonomy":"post_tag","embeddable":true,"href":"https:\/\/lospoliticosveracruz.com\/index.php?rest_route=%2Fwp%2Fv2%2Ftags&post=150356"}],"curies":[{"name":"wp","href":"https:\/\/api.w.org\/{rel}","templated":true}]}}