{"id":150507,"date":"2025-08-12T22:00:00","date_gmt":"2025-08-13T03:00:00","guid":{"rendered":"https:\/\/lospoliticosveracruz.com.mx\/?p=150507"},"modified":"2025-08-12T13:10:23","modified_gmt":"2025-08-12T18:10:23","slug":"2030-tan-lejos-tan-cerca","status":"publish","type":"post","link":"https:\/\/lospoliticosveracruz.com\/?p=150507","title":{"rendered":"2030: TAN LEJOS, TAN CERCA"},"content":{"rendered":"\n\n\n<p><strong>Salvador Mu\u00f1oz<\/strong><br><em>Los Pol\u00edticos<\/em><\/p>\n\n\n\n<p>Es muy temprano para hablar del <strong>2030<\/strong> para los ciudadanos, pero quiz\u00e1s demasiado corto para los partidos y m\u00e1s cuando las figuras que ten\u00edan, muchas se han apagado o desgastado; algunos, obvio es que los han o se han bloqueado; y otros m\u00e1s, apenas tratan de incubarlos.<\/p>\n\n\n\n<p>En el <strong>PRI<\/strong>, por ejemplo, si pregunta el partido, es seguro que <strong>H\u00e9ctor Yunes Landa<\/strong> alce la mano m\u00e1s r\u00e1pido que joven precoz; en el caso de <strong>Pepe Yunes<\/strong>, qui\u00e9n sabe si est\u00e9 en las condiciones mentales para tan solo alzar la mano.<\/p>\n\n\n\n<p>\u00a1Ojo! Habr\u00e1 que ver si de hoy para el <strong>2030<\/strong>, estar\u00e1n en condiciones de ser competitivos pero m\u00ednimo, si lo quieren ser, tendr\u00edan que estarse moviendo\u2026 y al menos hasta ahora, el \u00fanico que sale en la foto, es <strong>H\u00e9ctor<\/strong>.<\/p>\n\n\n\n<p>Est\u00e1n <strong>Am\u00e9rico Z\u00fa\u00f1iga<\/strong>, <strong>Juan Manuel Diez Francos<\/strong> o los hermanos <strong>V\u00e1zquez Parissi<\/strong>, cada quien con cierta influencia geopol\u00edtica muy bien demarcada, pero est\u00e1n m\u00e1s para candidatos a diputados federales, al menos que ellos quieran lo contrario.<\/p>\n\n\n\n<p>En el <strong>PAN<\/strong>, sus cartas estaban resumidas en un apellido: <strong>Yunes<\/strong>\u2026 hoy, ojal\u00e1 me contradiga el albiazul, no tiene en estos momentos con qu\u00e9, tan as\u00ed, que el <strong>PRI<\/strong> tiene caballada, flaca, mediana o gorda, como la quieran ver, pero el <strong>PAN<\/strong>, ni eso.<\/p>\n\n\n\n<p>La <strong>Juniorcracia<\/strong> igual se mueve\u2026 pero ya lo dijimos, menos en el <strong>PAN<\/strong>\u2026<\/p>\n\n\n\n<p>En el <strong>Verde<\/strong> hay quienes sue\u00f1an con ver a <strong>Javier Herrera Borunda<\/strong> como candidato a la gubernatura bajo la creencia de que la esencia pol\u00edtica viene con el ADN\u2026 lo mismo ocurre en <strong>Movimiento Ciudadano<\/strong> con <strong>Dante Delgado Morales<\/strong>, al que urge incubar si acaso sue\u00f1an con llevarlo al <strong>2030<\/strong>\u2026<\/p>\n\n\n\n<p>\u00a1Ah! Tambi\u00e9n est\u00e1 el hijo putativo de <strong>Dante Delgado Rannauro<\/strong>: <strong>Sergio Gil Rull\u00e1n<\/strong>, quien hasta este momento, es el alumno m\u00e1s aventajado que tienen en <strong>MC Veracruz<\/strong>. Agudo, \u00e1gil, joven y con la pol\u00edtica tratando de correr en sus venas y el colesterol\u2026<\/p>\n\n\n\n<p>Del <strong>PT<\/strong>, si un milagro ocurriera y se mantuviera al frente <strong>Vicente Aguilar<\/strong> hasta el <strong>2030<\/strong>, \u00a1capaz de que postula a <strong>Chent\u00edn Aguilar<\/strong>! Digo, nom\u00e1s para seguir con la <strong>Juniorcracia<\/strong>\u2026<\/p>\n\n\n\n<p>Curiosamente, en <strong>Morena<\/strong>, primero hay descartados que encartados: <strong>Manuel Huerta Ladr\u00f3n de Guevara<\/strong> est\u00e1 sentenciado a no llegar a la candidatura\u2026 vamos, dijeran en <strong>La Casa de los Famosos<\/strong>: \u00a1Est\u00e1 Nominado!<\/p>\n\n\n\n<p>Pero, \u00bfqui\u00e9n suena para el <strong>2030<\/strong>? \u00a1Nadie! \u00bfPor qu\u00e9? Es posible que ello se deba a que <strong>Roc\u00edo Nahle<\/strong> trae las riendas del Estado y de paso, de la militancia que entiende a la perfecci\u00f3n lo de no rebasar \u00a1ni por la izquierda!<\/p>\n\n\n\n<p>No se ve a <strong>Bola 8<\/strong>, tampoco a <strong>Zenyazen<\/strong>\u2026 <strong>G\u00f3mez Cazar\u00edn<\/strong> parece agazapado; \u00bfy mujeres? Las morenas no se ven\u2026 Por eso les dec\u00eda, para los ciudadanos, el <strong>2030<\/strong> est\u00e1 muy lejos\u2026 pero para los partidos pol\u00edticos, si no se apuran, se les puede venir encima el <strong>2030<\/strong>.<\/p>\n","protected":false},"excerpt":{"rendered":"<p>Salvador Mu\u00f1ozLos Pol\u00edticos Es muy temprano para hablar del 2030 para los ciudadanos, pero quiz\u00e1s demasiado corto para los partidos y m\u00e1s cuando las figuras que ten\u00edan, muchas se han apagado o desgastado; algunos, obvio es que los han o se han bloqueado; y otros m\u00e1s, apenas tratan de incubarlos. En el PRI, por ejemplo, [&hellip;]<\/p>\n","protected":false},"author":2,"featured_media":141805,"comment_status":"closed","ping_status":"closed","sticky":false,"template":"","format":"standard","meta":{"tdm_status":"","tdm_grid_status":"","footnotes":""},"categories":[70],"tags":[119,45116,3578,45117],"class_list":{"0":"post-150507","1":"post","2":"type-post","3":"status-publish","4":"format-standard","5":"has-post-thumbnail","7":"category-de-opinion","8":"tag-hector-yunes","9":"tag-partidos-politicos-veracruz","10":"tag-rocio-nahle","11":"tag-sucesion-gubernatura-2030"},"yoast_head":"<!-- This site is optimized with the Yoast SEO plugin v27.4 - https:\/\/yoast.com\/product\/yoast-seo-wordpress\/ -->\n<title>2030: TAN LEJOS, TAN CERCA - Los pol\u00edticos Veracruz<\/title>\n<meta name=\"robots\" content=\"index, follow, max-snippet:-1, max-image-preview:large, max-video-preview:-1\" \/>\n<link rel=\"canonical\" href=\"https:\/\/lospoliticosveracruz.com\/?p=150507\" \/>\n<meta property=\"og:locale\" content=\"es_ES\" \/>\n<meta property=\"og:type\" content=\"article\" \/>\n<meta property=\"og:title\" content=\"2030: TAN LEJOS, TAN CERCA - Los pol\u00edticos Veracruz\" \/>\n<meta property=\"og:description\" content=\"Salvador Mu\u00f1ozLos Pol\u00edticos Es muy temprano para hablar del 2030 para los ciudadanos, pero quiz\u00e1s demasiado corto para los partidos y m\u00e1s cuando las figuras que ten\u00edan, muchas se han apagado o desgastado; algunos, obvio es que los han o se han bloqueado; y otros m\u00e1s, apenas tratan de incubarlos. En el PRI, por ejemplo, [&hellip;]\" \/>\n<meta property=\"og:url\" content=\"https:\/\/lospoliticosveracruz.com\/?p=150507\" \/>\n<meta property=\"og:site_name\" content=\"Los pol\u00edticos Veracruz\" \/>\n<meta property=\"article:publisher\" content=\"https:\/\/www.facebook.com\/people\/Notimemes-de-los-Polticos\/61565672886568\/\" \/>\n<meta property=\"article:published_time\" content=\"2025-08-13T03:00:00+00:00\" \/>\n<meta property=\"og:image\" content=\"https:\/\/lospoliticosveracruz.com\/wp-content\/uploads\/2025\/04\/Chava-Munoz-1.jpg\" \/>\n\t<meta property=\"og:image:width\" content=\"1250\" \/>\n\t<meta property=\"og:image:height\" content=\"667\" \/>\n\t<meta property=\"og:image:type\" content=\"image\/jpeg\" \/>\n<meta name=\"author\" content=\"Lo viste en Los Pol\u00edticos\" \/>\n<meta name=\"twitter:card\" content=\"summary_large_image\" \/>\n<meta name=\"twitter:creator\" content=\"@LosPoliticosVer\" \/>\n<meta name=\"twitter:site\" content=\"@LosPoliticosVer\" \/>\n<meta name=\"twitter:label1\" content=\"Escrito por\" \/>\n\t<meta name=\"twitter:data1\" content=\"Lo viste en Los Pol\u00edticos\" \/>\n\t<meta name=\"twitter:label2\" content=\"Tiempo de lectura\" \/>\n\t<meta name=\"twitter:data2\" content=\"3 minutos\" \/>\n<script type=\"application\/ld+json\" class=\"yoast-schema-graph\">{\"@context\":\"https:\\\/\\\/schema.org\",\"@graph\":[{\"@type\":\"Article\",\"@id\":\"https:\\\/\\\/lospoliticosveracruz.com\\\/?p=150507#article\",\"isPartOf\":{\"@id\":\"https:\\\/\\\/lospoliticosveracruz.com\\\/?p=150507\"},\"author\":{\"name\":\"Lo viste en Los Pol\u00edticos\",\"@id\":\"https:\\\/\\\/lospoliticosveracruz.com\\\/#\\\/schema\\\/person\\\/b8702bb0e538456e6efd07080bf2a4a2\"},\"headline\":\"2030: TAN LEJOS, TAN CERCA\",\"datePublished\":\"2025-08-13T03:00:00+00:00\",\"mainEntityOfPage\":{\"@id\":\"https:\\\/\\\/lospoliticosveracruz.com\\\/?p=150507\"},\"wordCount\":506,\"publisher\":{\"@id\":\"https:\\\/\\\/lospoliticosveracruz.com\\\/#organization\"},\"image\":{\"@id\":\"https:\\\/\\\/lospoliticosveracruz.com\\\/?p=150507#primaryimage\"},\"thumbnailUrl\":\"https:\\\/\\\/lospoliticosveracruz.com\\\/wp-content\\\/uploads\\\/2025\\\/04\\\/Chava-Munoz-1.jpg\",\"keywords\":[\"H\u00e9ctor Yunes\",\"partidos pol\u00edticos Veracruz\",\"Roc\u00edo Nahle\",\"sucesi\u00f3n gubernatura 2030.\"],\"articleSection\":[\"De Opini\u00f3n\"],\"inLanguage\":\"es\"},{\"@type\":\"WebPage\",\"@id\":\"https:\\\/\\\/lospoliticosveracruz.com\\\/?p=150507\",\"url\":\"https:\\\/\\\/lospoliticosveracruz.com\\\/?p=150507\",\"name\":\"2030: TAN LEJOS, TAN CERCA - Los pol\u00edticos Veracruz\",\"isPartOf\":{\"@id\":\"https:\\\/\\\/lospoliticosveracruz.com\\\/#website\"},\"primaryImageOfPage\":{\"@id\":\"https:\\\/\\\/lospoliticosveracruz.com\\\/?p=150507#primaryimage\"},\"image\":{\"@id\":\"https:\\\/\\\/lospoliticosveracruz.com\\\/?p=150507#primaryimage\"},\"thumbnailUrl\":\"https:\\\/\\\/lospoliticosveracruz.com\\\/wp-content\\\/uploads\\\/2025\\\/04\\\/Chava-Munoz-1.jpg\",\"datePublished\":\"2025-08-13T03:00:00+00:00\",\"breadcrumb\":{\"@id\":\"https:\\\/\\\/lospoliticosveracruz.com\\\/?p=150507#breadcrumb\"},\"inLanguage\":\"es\",\"potentialAction\":[{\"@type\":\"ReadAction\",\"target\":[\"https:\\\/\\\/lospoliticosveracruz.com\\\/?p=150507\"]}]},{\"@type\":\"ImageObject\",\"inLanguage\":\"es\",\"@id\":\"https:\\\/\\\/lospoliticosveracruz.com\\\/?p=150507#primaryimage\",\"url\":\"https:\\\/\\\/lospoliticosveracruz.com\\\/wp-content\\\/uploads\\\/2025\\\/04\\\/Chava-Munoz-1.jpg\",\"contentUrl\":\"https:\\\/\\\/lospoliticosveracruz.com\\\/wp-content\\\/uploads\\\/2025\\\/04\\\/Chava-Munoz-1.jpg\",\"width\":1250,\"height\":667},{\"@type\":\"BreadcrumbList\",\"@id\":\"https:\\\/\\\/lospoliticosveracruz.com\\\/?p=150507#breadcrumb\",\"itemListElement\":[{\"@type\":\"ListItem\",\"position\":1,\"name\":\"Portada\",\"item\":\"https:\\\/\\\/lospoliticosveracruz.com\\\/\"},{\"@type\":\"ListItem\",\"position\":2,\"name\":\"2030: TAN LEJOS, TAN CERCA\"}]},{\"@type\":\"WebSite\",\"@id\":\"https:\\\/\\\/lospoliticosveracruz.com\\\/#website\",\"url\":\"https:\\\/\\\/lospoliticosveracruz.com\\\/\",\"name\":\"Los pol\u00edticos Veracruz\",\"description\":\"\",\"publisher\":{\"@id\":\"https:\\\/\\\/lospoliticosveracruz.com\\\/#organization\"},\"potentialAction\":[{\"@type\":\"SearchAction\",\"target\":{\"@type\":\"EntryPoint\",\"urlTemplate\":\"https:\\\/\\\/lospoliticosveracruz.com\\\/?s={search_term_string}\"},\"query-input\":{\"@type\":\"PropertyValueSpecification\",\"valueRequired\":true,\"valueName\":\"search_term_string\"}}],\"inLanguage\":\"es\"},{\"@type\":\"Organization\",\"@id\":\"https:\\\/\\\/lospoliticosveracruz.com\\\/#organization\",\"name\":\"Los pol\u00edticos Veracruz\",\"url\":\"https:\\\/\\\/lospoliticosveracruz.com\\\/\",\"logo\":{\"@type\":\"ImageObject\",\"inLanguage\":\"es\",\"@id\":\"https:\\\/\\\/lospoliticosveracruz.com\\\/#\\\/schema\\\/logo\\\/image\\\/\",\"url\":\"https:\\\/\\\/lospoliticosveracruz.com\\\/wp-content\\\/uploads\\\/2025\\\/12\\\/Logo-Nuevo-LOS-POLITICOS-1.jpg\",\"contentUrl\":\"https:\\\/\\\/lospoliticosveracruz.com\\\/wp-content\\\/uploads\\\/2025\\\/12\\\/Logo-Nuevo-LOS-POLITICOS-1.jpg\",\"width\":260,\"height\":70,\"caption\":\"Los pol\u00edticos Veracruz\"},\"image\":{\"@id\":\"https:\\\/\\\/lospoliticosveracruz.com\\\/#\\\/schema\\\/logo\\\/image\\\/\"},\"sameAs\":[\"https:\\\/\\\/www.facebook.com\\\/people\\\/Notimemes-de-los-Polticos\\\/61565672886568\\\/\",\"https:\\\/\\\/x.com\\\/LosPoliticosVer\"]},{\"@type\":\"Person\",\"@id\":\"https:\\\/\\\/lospoliticosveracruz.com\\\/#\\\/schema\\\/person\\\/b8702bb0e538456e6efd07080bf2a4a2\",\"name\":\"Lo viste en Los Pol\u00edticos\",\"image\":{\"@type\":\"ImageObject\",\"inLanguage\":\"es\",\"@id\":\"https:\\\/\\\/secure.gravatar.com\\\/avatar\\\/3a8de04a2656d44082be478bd6c086daa447c4651605818287b9532d3d0bd435?s=96&d=mm&r=g\",\"url\":\"https:\\\/\\\/secure.gravatar.com\\\/avatar\\\/3a8de04a2656d44082be478bd6c086daa447c4651605818287b9532d3d0bd435?s=96&d=mm&r=g\",\"contentUrl\":\"https:\\\/\\\/secure.gravatar.com\\\/avatar\\\/3a8de04a2656d44082be478bd6c086daa447c4651605818287b9532d3d0bd435?s=96&d=mm&r=g\",\"caption\":\"Lo viste en Los Pol\u00edticos\"},\"url\":\"https:\\\/\\\/lospoliticosveracruz.com\\\/?author=2\"}]}<\/script>\n<!-- \/ Yoast SEO plugin. -->","yoast_head_json":{"title":"2030: TAN LEJOS, TAN CERCA - Los pol\u00edticos Veracruz","robots":{"index":"index","follow":"follow","max-snippet":"max-snippet:-1","max-image-preview":"max-image-preview:large","max-video-preview":"max-video-preview:-1"},"canonical":"https:\/\/lospoliticosveracruz.com\/?p=150507","og_locale":"es_ES","og_type":"article","og_title":"2030: TAN LEJOS, TAN CERCA - Los pol\u00edticos Veracruz","og_description":"Salvador Mu\u00f1ozLos Pol\u00edticos Es muy temprano para hablar del 2030 para los ciudadanos, pero quiz\u00e1s demasiado corto para los partidos y m\u00e1s cuando las figuras que ten\u00edan, muchas se han apagado o desgastado; algunos, obvio es que los han o se han bloqueado; y otros m\u00e1s, apenas tratan de incubarlos. En el PRI, por ejemplo, [&hellip;]","og_url":"https:\/\/lospoliticosveracruz.com\/?p=150507","og_site_name":"Los pol\u00edticos Veracruz","article_publisher":"https:\/\/www.facebook.com\/people\/Notimemes-de-los-Polticos\/61565672886568\/","article_published_time":"2025-08-13T03:00:00+00:00","og_image":[{"width":1250,"height":667,"url":"https:\/\/lospoliticosveracruz.com\/wp-content\/uploads\/2025\/04\/Chava-Munoz-1.jpg","type":"image\/jpeg"}],"author":"Lo viste en Los Pol\u00edticos","twitter_card":"summary_large_image","twitter_creator":"@LosPoliticosVer","twitter_site":"@LosPoliticosVer","twitter_misc":{"Escrito por":"Lo viste en Los Pol\u00edticos","Tiempo de lectura":"3 minutos"},"schema":{"@context":"https:\/\/schema.org","@graph":[{"@type":"Article","@id":"https:\/\/lospoliticosveracruz.com\/?p=150507#article","isPartOf":{"@id":"https:\/\/lospoliticosveracruz.com\/?p=150507"},"author":{"name":"Lo viste en Los Pol\u00edticos","@id":"https:\/\/lospoliticosveracruz.com\/#\/schema\/person\/b8702bb0e538456e6efd07080bf2a4a2"},"headline":"2030: TAN LEJOS, TAN CERCA","datePublished":"2025-08-13T03:00:00+00:00","mainEntityOfPage":{"@id":"https:\/\/lospoliticosveracruz.com\/?p=150507"},"wordCount":506,"publisher":{"@id":"https:\/\/lospoliticosveracruz.com\/#organization"},"image":{"@id":"https:\/\/lospoliticosveracruz.com\/?p=150507#primaryimage"},"thumbnailUrl":"https:\/\/lospoliticosveracruz.com\/wp-content\/uploads\/2025\/04\/Chava-Munoz-1.jpg","keywords":["H\u00e9ctor Yunes","partidos pol\u00edticos Veracruz","Roc\u00edo Nahle","sucesi\u00f3n gubernatura 2030."],"articleSection":["De Opini\u00f3n"],"inLanguage":"es"},{"@type":"WebPage","@id":"https:\/\/lospoliticosveracruz.com\/?p=150507","url":"https:\/\/lospoliticosveracruz.com\/?p=150507","name":"2030: TAN LEJOS, TAN CERCA - Los pol\u00edticos Veracruz","isPartOf":{"@id":"https:\/\/lospoliticosveracruz.com\/#website"},"primaryImageOfPage":{"@id":"https:\/\/lospoliticosveracruz.com\/?p=150507#primaryimage"},"image":{"@id":"https:\/\/lospoliticosveracruz.com\/?p=150507#primaryimage"},"thumbnailUrl":"https:\/\/lospoliticosveracruz.com\/wp-content\/uploads\/2025\/04\/Chava-Munoz-1.jpg","datePublished":"2025-08-13T03:00:00+00:00","breadcrumb":{"@id":"https:\/\/lospoliticosveracruz.com\/?p=150507#breadcrumb"},"inLanguage":"es","potentialAction":[{"@type":"ReadAction","target":["https:\/\/lospoliticosveracruz.com\/?p=150507"]}]},{"@type":"ImageObject","inLanguage":"es","@id":"https:\/\/lospoliticosveracruz.com\/?p=150507#primaryimage","url":"https:\/\/lospoliticosveracruz.com\/wp-content\/uploads\/2025\/04\/Chava-Munoz-1.jpg","contentUrl":"https:\/\/lospoliticosveracruz.com\/wp-content\/uploads\/2025\/04\/Chava-Munoz-1.jpg","width":1250,"height":667},{"@type":"BreadcrumbList","@id":"https:\/\/lospoliticosveracruz.com\/?p=150507#breadcrumb","itemListElement":[{"@type":"ListItem","position":1,"name":"Portada","item":"https:\/\/lospoliticosveracruz.com\/"},{"@type":"ListItem","position":2,"name":"2030: TAN LEJOS, TAN CERCA"}]},{"@type":"WebSite","@id":"https:\/\/lospoliticosveracruz.com\/#website","url":"https:\/\/lospoliticosveracruz.com\/","name":"Los pol\u00edticos Veracruz","description":"","publisher":{"@id":"https:\/\/lospoliticosveracruz.com\/#organization"},"potentialAction":[{"@type":"SearchAction","target":{"@type":"EntryPoint","urlTemplate":"https:\/\/lospoliticosveracruz.com\/?s={search_term_string}"},"query-input":{"@type":"PropertyValueSpecification","valueRequired":true,"valueName":"search_term_string"}}],"inLanguage":"es"},{"@type":"Organization","@id":"https:\/\/lospoliticosveracruz.com\/#organization","name":"Los pol\u00edticos Veracruz","url":"https:\/\/lospoliticosveracruz.com\/","logo":{"@type":"ImageObject","inLanguage":"es","@id":"https:\/\/lospoliticosveracruz.com\/#\/schema\/logo\/image\/","url":"https:\/\/lospoliticosveracruz.com\/wp-content\/uploads\/2025\/12\/Logo-Nuevo-LOS-POLITICOS-1.jpg","contentUrl":"https:\/\/lospoliticosveracruz.com\/wp-content\/uploads\/2025\/12\/Logo-Nuevo-LOS-POLITICOS-1.jpg","width":260,"height":70,"caption":"Los pol\u00edticos Veracruz"},"image":{"@id":"https:\/\/lospoliticosveracruz.com\/#\/schema\/logo\/image\/"},"sameAs":["https:\/\/www.facebook.com\/people\/Notimemes-de-los-Polticos\/61565672886568\/","https:\/\/x.com\/LosPoliticosVer"]},{"@type":"Person","@id":"https:\/\/lospoliticosveracruz.com\/#\/schema\/person\/b8702bb0e538456e6efd07080bf2a4a2","name":"Lo viste en Los Pol\u00edticos","image":{"@type":"ImageObject","inLanguage":"es","@id":"https:\/\/secure.gravatar.com\/avatar\/3a8de04a2656d44082be478bd6c086daa447c4651605818287b9532d3d0bd435?s=96&d=mm&r=g","url":"https:\/\/secure.gravatar.com\/avatar\/3a8de04a2656d44082be478bd6c086daa447c4651605818287b9532d3d0bd435?s=96&d=mm&r=g","contentUrl":"https:\/\/secure.gravatar.com\/avatar\/3a8de04a2656d44082be478bd6c086daa447c4651605818287b9532d3d0bd435?s=96&d=mm&r=g","caption":"Lo viste en Los Pol\u00edticos"},"url":"https:\/\/lospoliticosveracruz.com\/?author=2"}]}},"_links":{"self":[{"href":"https:\/\/lospoliticosveracruz.com\/index.php?rest_route=\/wp\/v2\/posts\/150507","targetHints":{"allow":["GET"]}}],"collection":[{"href":"https:\/\/lospoliticosveracruz.com\/index.php?rest_route=\/wp\/v2\/posts"}],"about":[{"href":"https:\/\/lospoliticosveracruz.com\/index.php?rest_route=\/wp\/v2\/types\/post"}],"author":[{"embeddable":true,"href":"https:\/\/lospoliticosveracruz.com\/index.php?rest_route=\/wp\/v2\/users\/2"}],"replies":[{"embeddable":true,"href":"https:\/\/lospoliticosveracruz.com\/index.php?rest_route=%2Fwp%2Fv2%2Fcomments&post=150507"}],"version-history":[{"count":1,"href":"https:\/\/lospoliticosveracruz.com\/index.php?rest_route=\/wp\/v2\/posts\/150507\/revisions"}],"predecessor-version":[{"id":150508,"href":"https:\/\/lospoliticosveracruz.com\/index.php?rest_route=\/wp\/v2\/posts\/150507\/revisions\/150508"}],"wp:featuredmedia":[{"embeddable":true,"href":"https:\/\/lospoliticosveracruz.com\/index.php?rest_route=\/wp\/v2\/media\/141805"}],"wp:attachment":[{"href":"https:\/\/lospoliticosveracruz.com\/index.php?rest_route=%2Fwp%2Fv2%2Fmedia&parent=150507"}],"wp:term":[{"taxonomy":"category","embeddable":true,"href":"https:\/\/lospoliticosveracruz.com\/index.php?rest_route=%2Fwp%2Fv2%2Fcategories&post=150507"},{"taxonomy":"post_tag","embeddable":true,"href":"https:\/\/lospoliticosveracruz.com\/index.php?rest_route=%2Fwp%2Fv2%2Ftags&post=150507"}],"curies":[{"name":"wp","href":"https:\/\/api.w.org\/{rel}","templated":true}]}}