{"id":150540,"date":"2025-08-13T00:21:33","date_gmt":"2025-08-13T05:21:33","guid":{"rendered":"https:\/\/lospoliticosveracruz.com.mx\/?p=150540"},"modified":"2025-08-13T09:01:53","modified_gmt":"2025-08-13T14:01:53","slug":"veracruz-y-las-otras-crisis-de-gobierno","status":"publish","type":"post","link":"https:\/\/lospoliticosveracruz.com\/?p=150540","title":{"rendered":"VERACRUZ Y LAS OTRAS CRISIS DE GOBIERNO"},"content":{"rendered":"\n\n\n<p><br><strong>Ricardo Chua<\/strong><\/p>\n\n\n\n<p><em>Sale y Vale<\/em><\/p>\n\n\n\n<p>Desde este pasado lunes, el <strong>Gobierno de Veracruz<\/strong> encabezado por <strong>Roc\u00edo Nahle Garc\u00eda<\/strong>, de nuevo vive una <strong>CRISIS DE GOBERNABILIDAD<\/strong>. Esta no se ha notado mucho al exterior, pero al interior, s\u00ed est\u00e1 causando revuelo. Ya que cuando se pensaba que sus conflictos de <strong>comunicaci\u00f3n pol\u00edtica-medi\u00e1tica<\/strong> iban a calmarse, despu\u00e9s de las duras semanas donde la administraci\u00f3n estuvo en el \u00ab<strong>Ojo del Hurac\u00e1n<\/strong>\u00bb ante la opini\u00f3n p\u00fablica por esos errores, derivada de los hechos violentos y sangrientos ocurridos en la zona norte del Estado, de nuevo se presenta un conflicto m\u00e1s, ahora con los personajes que forman parte de las <strong>Mesas de Seguridad<\/strong>, que se convocan todos los d\u00edas por la ma\u00f1ana en la entidad.<\/p>\n\n\n\n<p>Sobre todo cuando la <strong>Fiscal de Veracruz<\/strong>, <strong>Ver\u00f3nica Hern\u00e1ndez<\/strong>, entr\u00f3 en la escena medi\u00e1tica para hablar de todos esos hechos violentos ante medios de comunicaci\u00f3n. Eventos que afectaron la imagen p\u00fablica del gobierno estatal y de <strong>Roc\u00edo Nahle<\/strong>. Donde se supon\u00eda que ambas entidades (<strong>Gobierno del Estado<\/strong> y <strong>Fiscal\u00eda General de Veracruz<\/strong>) hab\u00edan conversado para ponerse de acuerdo de c\u00f3mo tratar estos temas: la muerte de la <strong>maestra jubilada Irma Hern\u00e1ndez Cruz<\/strong> en <strong>\u00c1lamo<\/strong>; el mot\u00edn del penal de <strong>Tuxpan<\/strong> y la aparici\u00f3n de los cuerpos desmembrados en la carretera <strong>Poza Rica-Cazones<\/strong>. Pero pareciera que no fue as\u00ed y que la idea era \u00ab<strong>S\u00e1lvese la que pueda<\/strong>\u00bb. Y algo que ten\u00eda que estar coordinado, pues, simplemente no pas\u00f3 as\u00ed. De nuevo hubo caos.<\/p>\n\n\n\n<p>El problema fue que la <strong>Fiscal<\/strong> meti\u00f3 en un grave problema a la <strong>gobernadora<\/strong>, ya que <strong>Ver\u00f3nica Hern\u00e1ndez<\/strong> tuvo un <strong>ERROR DE C\u00c1LCULO<\/strong> terrible, al evidenciar a <strong>Roc\u00edo Nahle<\/strong> por todos los temas que tiene pendiente sobre los hechos de inseguridad que se generaron en el norte del Estado. Ya que por la falta de conocimiento de sus expresiones hechas en sus ruedas de prensa durante los d\u00edas pasados, se meti\u00f3 en varios problemas de comunicaci\u00f3n pol\u00edtica-medi\u00e1tica. Pero el equipo que maneja esa \u00e1rea en el gobierno estatal, en vez de calmarlos, contin\u00faa \u00ab<strong>apagando el fuego con gasolina<\/strong>\u00bb y por ello, <strong>NO HAY TREGUA<\/strong> para la mandataria en redes sociales ni en medios de comunicaci\u00f3n.<\/p>\n\n\n\n<p><strong>Ver\u00f3nica Hern\u00e1ndez<\/strong> da una precisi\u00f3n de todos esos hechos en <strong>Veracruz<\/strong>. Tanto as\u00ed que la propia <strong>Fiscal\u00eda General de la Rep\u00fablica (FGR)<\/strong>, ayer en la <strong>Ma\u00f1anera<\/strong> de <strong>Palacio Nacional<\/strong>, le pide que <strong>AMPL\u00cdE LA INFORMACI\u00d3N<\/strong> a la <strong>FGE<\/strong>. Con eso lo que hizo fue evidenciar lo que se dijo en <strong>Palacio de Gobierno<\/strong> en <strong>Xalapa<\/strong> con todo y m\u00e9dico que puso para explicar los hechos que derivaron en la muerte de la maestra jubilada y taxista de <strong>\u00c1lamo<\/strong>. En <strong>Veracruz<\/strong>, <strong>Roc\u00edo Nahle<\/strong> est\u00e1 viviendo un escenario donde pareciera que todos los personajes que llegaron por la <strong>4T<\/strong> al poder, sean del gobierno y de entidades independientes como la <strong>Fiscal\u00eda de Veracruz<\/strong>, no caminan de la mano con el gobierno.<\/p>\n\n\n\n<p>Por eso, muchos personajes cercanos al <strong>Gobierno de Veracruz<\/strong> temen que se agudicen m\u00e1s los presuntos problemas que se tienen entre la administraci\u00f3n estatal y la <strong>FGE<\/strong>. Mismos que vienen desde el 2023, cuando fue la elecci\u00f3n interna de <strong>MORENA<\/strong> para elegir candidato a gobernador. Lo cual puede provocar otras \u00abfisuras\u00bb al interior del gabinete, legisladores, l\u00edderes pol\u00edticos y el partido. Ya que, si bien es cierto, se dice que el que no sabe comunicar, no sabe gobernar, lo que se ve aqu\u00ed es que esto ya es un problema de <strong>ENTENDIMIENTO<\/strong> y de <strong>INGOBERNABILIDAD<\/strong> dentro del gabinete y sus \u00ab<strong>Mesas de Seguridad<\/strong>\u00bb donde interact\u00faan el <strong>Gobierno del Estado<\/strong> con la <strong>Fiscal\u00eda de Veracruz<\/strong>.<\/p>\n\n\n\n<p>\u00ab<strong>Garganta Profunda<\/strong>\u00bb dice que esto se percibe, sobre todo porque dentro de esas reuniones de las <strong>Mesas de Seguridad<\/strong>, la <strong>gobernadora<\/strong> se re\u00fane todas las ma\u00f1anas con la <strong>Fiscal de Veracruz<\/strong> para tratar todos los temas inherentes a las acciones de prevenci\u00f3n y aplicaci\u00f3n de la justicia, donde se tocan temas como los hechos violentos ocurridos en <strong>\u00c1lamo<\/strong>, <strong>Tuxpan<\/strong> y la carretera <strong>Poza Rica-Cazones<\/strong>. De ah\u00ed se sacan acuerdos sobre los casos que se tocan y todos traen un mismo discurso para que la narrativa sea la misma, tanto del gobierno estatal como de la <strong>Fiscal\u00eda<\/strong>. Pero lo del pasado lunes en el caso de <strong>Irma Hern\u00e1ndez<\/strong>, a quien dejaron mal, fue a la mandataria, no a la <strong>Fiscal<\/strong>.<\/p>\n\n\n\n<p>Ahora los comentarios de funcionarios de <strong>MORENA<\/strong> del gobierno estatal son demasiado fuertes en contra de la <strong>Fiscal de Veracruz<\/strong>, ya que muchos de ellos tienen la idea de que, para salir del paso, para no involucrarse tanto en el tema pol\u00edtico-medi\u00e1tico y, sobre todo, para que el \u00abgolpeteo\u00bb no le llegue a su persona y dependencia, <strong>Ver\u00f3nica Hern\u00e1ndez<\/strong> decidi\u00f3 se\u00f1alar el presunto motivo del asesinato de la <strong>maestra jubilada en \u00c1lamo<\/strong> por parte de un grupo delincuencial, cuando no era necesario especificar la causa de la muerte y pudo salir al paso diciendo que no pod\u00eda decir nada porque las investigaciones estaban en curso. Por eso la se\u00f1alan de que se \u00ab<strong>lav\u00f3 las manos<\/strong>\u00bb como <strong>Pilatos<\/strong>.<\/p>\n\n\n\n<p>Adem\u00e1s, le contaron a \u00ab<strong>Garganta Profunda<\/strong>\u00bb que no s\u00f3lo fue la exhibida que la <strong>FGE<\/strong> le dio a la <strong>gobernadora<\/strong>, hablando del crimen de la maestra jubilada, sino que tambi\u00e9n ahora que apareci\u00f3 la <strong>Fiscal<\/strong> ante los medios de comunicaci\u00f3n y se\u00f1ala que hay cuatro presuntos detenidos del caso, cuando corre la versi\u00f3n de que no los han podido y que no los van a poder vincular a proceso. Ya que presuntamente esto es un \u00abshow\u00bb montado para salir del paso, pero que s\u00f3lo beneficia a la <strong>FGE<\/strong> por el momento y deja expuesta a la <strong>gobernadora Roc\u00edo Nahle<\/strong>. Y eso fue lo que no les gust\u00f3 a los funcionarios estatales que entienden el tema de la comunicaci\u00f3n pol\u00edtica y medi\u00e1tica: que la \u00abmala\u00bb sigue siendo su <strong>Jefa<\/strong>, no los otros responsables.<\/p>\n\n\n\n<p><strong>REFLEXI\u00d3N.<\/strong> Es un hecho que alguien le tiene que ayudar a <strong>Roc\u00edo Nahle<\/strong>. La investidura que ostenta no puede seguir da\u00f1\u00e1ndose por los personajes que est\u00e1n a su alrededor y no le asesoran bien medi\u00e1tica y pol\u00edticamente en temas delicados. Ya no puede ir de mal en peor. Pasan los d\u00edas y aunque otra persona sea la que hable, la <strong>gobernadora<\/strong> sigue metida en esas \u00abespirales\u00bb de esc\u00e1ndalos de los que no ha podido salir desde que iniciaron estas crisis despu\u00e9s de las elecciones de alcaldes el pasado 1 de junio. No pueden permitir que la sigan evidenciando as\u00ed, buscando crear \u00ab<strong>Cortinas de Humo<\/strong>\u00bb que no les funcionan, y eso ha quedado demostrado por la opini\u00f3n p\u00fablica.<\/p>\n\n\n\n<p>As\u00ed que mientras los operadores, asesores y consultores pol\u00edtico-medi\u00e1ticos de <strong>Roc\u00edo Nahle<\/strong> est\u00e9n <strong>CONCENTRADOS<\/strong> y <strong>ENFOCADOS<\/strong> en crear \u00ab<strong>cajas chinas<\/strong>\u00bb ocupando el \u00ab<strong>CANIBALISMO<\/strong>\u00bb pol\u00edtico y generar una \u00ab<strong>Cena de Negros<\/strong>\u00bb o \u00ab<strong>Noche de los Cuchillos Largos<\/strong>\u00bb contra el senador <strong>Manuel Huerta Ladr\u00f3n de Guevara<\/strong>, dejando pasar y no creando \u00abcontenci\u00f3n\u00bb para que los problemas que se generan en <strong>Veracruz<\/strong> no \u00abgolpeen\u00bb directamente a la figura pol\u00edtica de <strong>Roc\u00edo Nahle<\/strong>, no lo van a poder evitar, hagan lo que hagan. Si contin\u00faan con sus \u00ab<strong>POLITIQUER\u00cdAS<\/strong>\u00bb como dec\u00eda <strong>Andr\u00e9s Manuel L\u00f3pez Obrador<\/strong> y no se ponen a actuar en consecuencia, el imaginario colectivo va a seguir <strong>DA\u00d1ANDO<\/strong> la investidura de la <strong>gobernadora<\/strong>. <strong>LO QUE SE VE, NO SE JUZGA. AM\u00c9N.<\/strong><\/p>\n","protected":false},"excerpt":{"rendered":"<p>Ricardo Chua Sale y Vale Desde este pasado lunes, el Gobierno de Veracruz encabezado por Roc\u00edo Nahle Garc\u00eda, de nuevo vive una CRISIS DE GOBERNABILIDAD. Esta no se ha notado mucho al exterior, pero al interior, s\u00ed est\u00e1 causando revuelo. Ya que cuando se pensaba que sus conflictos de comunicaci\u00f3n pol\u00edtica-medi\u00e1tica iban a calmarse, despu\u00e9s [&hellip;]<\/p>\n","protected":false},"author":2,"featured_media":141434,"comment_status":"closed","ping_status":"closed","sticky":false,"template":"","format":"standard","meta":{"tdm_status":"","tdm_grid_status":"","footnotes":""},"categories":[70],"tags":[1026,3578,195,15165],"class_list":{"0":"post-150540","1":"post","2":"type-post","3":"status-publish","4":"format-standard","5":"has-post-thumbnail","7":"category-de-opinion","8":"tag-morena","9":"tag-rocio-nahle","10":"tag-veracruz","11":"tag-veronica-hernandez-giadans"},"yoast_head":"<!-- This site is optimized with the Yoast SEO plugin v27.4 - https:\/\/yoast.com\/product\/yoast-seo-wordpress\/ -->\n<title>VERACRUZ Y LAS OTRAS CRISIS DE GOBIERNO - Los pol\u00edticos Veracruz<\/title>\n<meta name=\"robots\" content=\"index, follow, max-snippet:-1, max-image-preview:large, max-video-preview:-1\" \/>\n<link rel=\"canonical\" href=\"https:\/\/lospoliticosveracruz.com\/?p=150540\" \/>\n<meta property=\"og:locale\" content=\"es_ES\" \/>\n<meta property=\"og:type\" content=\"article\" \/>\n<meta property=\"og:title\" content=\"VERACRUZ Y LAS OTRAS CRISIS DE GOBIERNO - Los pol\u00edticos Veracruz\" \/>\n<meta property=\"og:description\" content=\"Ricardo Chua Sale y Vale Desde este pasado lunes, el Gobierno de Veracruz encabezado por Roc\u00edo Nahle Garc\u00eda, de nuevo vive una CRISIS DE GOBERNABILIDAD. Esta no se ha notado mucho al exterior, pero al interior, s\u00ed est\u00e1 causando revuelo. Ya que cuando se pensaba que sus conflictos de comunicaci\u00f3n pol\u00edtica-medi\u00e1tica iban a calmarse, despu\u00e9s [&hellip;]\" \/>\n<meta property=\"og:url\" content=\"https:\/\/lospoliticosveracruz.com\/?p=150540\" \/>\n<meta property=\"og:site_name\" content=\"Los pol\u00edticos Veracruz\" \/>\n<meta property=\"article:publisher\" content=\"https:\/\/www.facebook.com\/people\/Notimemes-de-los-Polticos\/61565672886568\/\" \/>\n<meta property=\"article:published_time\" content=\"2025-08-13T05:21:33+00:00\" \/>\n<meta property=\"article:modified_time\" content=\"2025-08-13T14:01:53+00:00\" \/>\n<meta property=\"og:image\" content=\"https:\/\/lospoliticosveracruz.com\/wp-content\/uploads\/2025\/04\/Chua-e1761364658706.jpg\" \/>\n\t<meta property=\"og:image:width\" content=\"600\" \/>\n\t<meta property=\"og:image:height\" content=\"320\" \/>\n\t<meta property=\"og:image:type\" content=\"image\/jpeg\" \/>\n<meta name=\"author\" content=\"Lo viste en Los Pol\u00edticos\" \/>\n<meta name=\"twitter:card\" content=\"summary_large_image\" \/>\n<meta name=\"twitter:creator\" content=\"@LosPoliticosVer\" \/>\n<meta name=\"twitter:site\" content=\"@LosPoliticosVer\" \/>\n<meta name=\"twitter:label1\" content=\"Escrito por\" \/>\n\t<meta name=\"twitter:data1\" content=\"Lo viste en Los Pol\u00edticos\" \/>\n\t<meta name=\"twitter:label2\" content=\"Tiempo de lectura\" \/>\n\t<meta name=\"twitter:data2\" content=\"6 minutos\" \/>\n<script type=\"application\/ld+json\" class=\"yoast-schema-graph\">{\"@context\":\"https:\\\/\\\/schema.org\",\"@graph\":[{\"@type\":\"Article\",\"@id\":\"https:\\\/\\\/lospoliticosveracruz.com\\\/?p=150540#article\",\"isPartOf\":{\"@id\":\"https:\\\/\\\/lospoliticosveracruz.com\\\/?p=150540\"},\"author\":{\"name\":\"Lo viste en Los Pol\u00edticos\",\"@id\":\"https:\\\/\\\/lospoliticosveracruz.com\\\/#\\\/schema\\\/person\\\/b8702bb0e538456e6efd07080bf2a4a2\"},\"headline\":\"VERACRUZ Y LAS OTRAS CRISIS DE GOBIERNO\",\"datePublished\":\"2025-08-13T05:21:33+00:00\",\"dateModified\":\"2025-08-13T14:01:53+00:00\",\"mainEntityOfPage\":{\"@id\":\"https:\\\/\\\/lospoliticosveracruz.com\\\/?p=150540\"},\"wordCount\":1306,\"publisher\":{\"@id\":\"https:\\\/\\\/lospoliticosveracruz.com\\\/#organization\"},\"image\":{\"@id\":\"https:\\\/\\\/lospoliticosveracruz.com\\\/?p=150540#primaryimage\"},\"thumbnailUrl\":\"https:\\\/\\\/lospoliticosveracruz.com\\\/wp-content\\\/uploads\\\/2025\\\/04\\\/Chua-e1761364658706.jpg\",\"keywords\":[\"Morena\",\"Roc\u00edo Nahle\",\"Veracruz\",\"Ver\u00f3nica Hern\u00e1ndez Giad\u00e1ns\"],\"articleSection\":[\"De Opini\u00f3n\"],\"inLanguage\":\"es\"},{\"@type\":\"WebPage\",\"@id\":\"https:\\\/\\\/lospoliticosveracruz.com\\\/?p=150540\",\"url\":\"https:\\\/\\\/lospoliticosveracruz.com\\\/?p=150540\",\"name\":\"VERACRUZ Y LAS OTRAS CRISIS DE GOBIERNO - Los pol\u00edticos Veracruz\",\"isPartOf\":{\"@id\":\"https:\\\/\\\/lospoliticosveracruz.com\\\/#website\"},\"primaryImageOfPage\":{\"@id\":\"https:\\\/\\\/lospoliticosveracruz.com\\\/?p=150540#primaryimage\"},\"image\":{\"@id\":\"https:\\\/\\\/lospoliticosveracruz.com\\\/?p=150540#primaryimage\"},\"thumbnailUrl\":\"https:\\\/\\\/lospoliticosveracruz.com\\\/wp-content\\\/uploads\\\/2025\\\/04\\\/Chua-e1761364658706.jpg\",\"datePublished\":\"2025-08-13T05:21:33+00:00\",\"dateModified\":\"2025-08-13T14:01:53+00:00\",\"breadcrumb\":{\"@id\":\"https:\\\/\\\/lospoliticosveracruz.com\\\/?p=150540#breadcrumb\"},\"inLanguage\":\"es\",\"potentialAction\":[{\"@type\":\"ReadAction\",\"target\":[\"https:\\\/\\\/lospoliticosveracruz.com\\\/?p=150540\"]}]},{\"@type\":\"ImageObject\",\"inLanguage\":\"es\",\"@id\":\"https:\\\/\\\/lospoliticosveracruz.com\\\/?p=150540#primaryimage\",\"url\":\"https:\\\/\\\/lospoliticosveracruz.com\\\/wp-content\\\/uploads\\\/2025\\\/04\\\/Chua-e1761364658706.jpg\",\"contentUrl\":\"https:\\\/\\\/lospoliticosveracruz.com\\\/wp-content\\\/uploads\\\/2025\\\/04\\\/Chua-e1761364658706.jpg\",\"width\":600,\"height\":320},{\"@type\":\"BreadcrumbList\",\"@id\":\"https:\\\/\\\/lospoliticosveracruz.com\\\/?p=150540#breadcrumb\",\"itemListElement\":[{\"@type\":\"ListItem\",\"position\":1,\"name\":\"Portada\",\"item\":\"https:\\\/\\\/lospoliticosveracruz.com\\\/\"},{\"@type\":\"ListItem\",\"position\":2,\"name\":\"VERACRUZ Y LAS OTRAS CRISIS DE GOBIERNO\"}]},{\"@type\":\"WebSite\",\"@id\":\"https:\\\/\\\/lospoliticosveracruz.com\\\/#website\",\"url\":\"https:\\\/\\\/lospoliticosveracruz.com\\\/\",\"name\":\"Los pol\u00edticos Veracruz\",\"description\":\"\",\"publisher\":{\"@id\":\"https:\\\/\\\/lospoliticosveracruz.com\\\/#organization\"},\"potentialAction\":[{\"@type\":\"SearchAction\",\"target\":{\"@type\":\"EntryPoint\",\"urlTemplate\":\"https:\\\/\\\/lospoliticosveracruz.com\\\/?s={search_term_string}\"},\"query-input\":{\"@type\":\"PropertyValueSpecification\",\"valueRequired\":true,\"valueName\":\"search_term_string\"}}],\"inLanguage\":\"es\"},{\"@type\":\"Organization\",\"@id\":\"https:\\\/\\\/lospoliticosveracruz.com\\\/#organization\",\"name\":\"Los pol\u00edticos Veracruz\",\"url\":\"https:\\\/\\\/lospoliticosveracruz.com\\\/\",\"logo\":{\"@type\":\"ImageObject\",\"inLanguage\":\"es\",\"@id\":\"https:\\\/\\\/lospoliticosveracruz.com\\\/#\\\/schema\\\/logo\\\/image\\\/\",\"url\":\"https:\\\/\\\/lospoliticosveracruz.com\\\/wp-content\\\/uploads\\\/2025\\\/12\\\/Logo-Nuevo-LOS-POLITICOS-1.jpg\",\"contentUrl\":\"https:\\\/\\\/lospoliticosveracruz.com\\\/wp-content\\\/uploads\\\/2025\\\/12\\\/Logo-Nuevo-LOS-POLITICOS-1.jpg\",\"width\":260,\"height\":70,\"caption\":\"Los pol\u00edticos Veracruz\"},\"image\":{\"@id\":\"https:\\\/\\\/lospoliticosveracruz.com\\\/#\\\/schema\\\/logo\\\/image\\\/\"},\"sameAs\":[\"https:\\\/\\\/www.facebook.com\\\/people\\\/Notimemes-de-los-Polticos\\\/61565672886568\\\/\",\"https:\\\/\\\/x.com\\\/LosPoliticosVer\"]},{\"@type\":\"Person\",\"@id\":\"https:\\\/\\\/lospoliticosveracruz.com\\\/#\\\/schema\\\/person\\\/b8702bb0e538456e6efd07080bf2a4a2\",\"name\":\"Lo viste en Los Pol\u00edticos\",\"image\":{\"@type\":\"ImageObject\",\"inLanguage\":\"es\",\"@id\":\"https:\\\/\\\/secure.gravatar.com\\\/avatar\\\/3a8de04a2656d44082be478bd6c086daa447c4651605818287b9532d3d0bd435?s=96&d=mm&r=g\",\"url\":\"https:\\\/\\\/secure.gravatar.com\\\/avatar\\\/3a8de04a2656d44082be478bd6c086daa447c4651605818287b9532d3d0bd435?s=96&d=mm&r=g\",\"contentUrl\":\"https:\\\/\\\/secure.gravatar.com\\\/avatar\\\/3a8de04a2656d44082be478bd6c086daa447c4651605818287b9532d3d0bd435?s=96&d=mm&r=g\",\"caption\":\"Lo viste en Los Pol\u00edticos\"},\"url\":\"https:\\\/\\\/lospoliticosveracruz.com\\\/?author=2\"}]}<\/script>\n<!-- \/ Yoast SEO plugin. -->","yoast_head_json":{"title":"VERACRUZ Y LAS OTRAS CRISIS DE GOBIERNO - Los pol\u00edticos Veracruz","robots":{"index":"index","follow":"follow","max-snippet":"max-snippet:-1","max-image-preview":"max-image-preview:large","max-video-preview":"max-video-preview:-1"},"canonical":"https:\/\/lospoliticosveracruz.com\/?p=150540","og_locale":"es_ES","og_type":"article","og_title":"VERACRUZ Y LAS OTRAS CRISIS DE GOBIERNO - Los pol\u00edticos Veracruz","og_description":"Ricardo Chua Sale y Vale Desde este pasado lunes, el Gobierno de Veracruz encabezado por Roc\u00edo Nahle Garc\u00eda, de nuevo vive una CRISIS DE GOBERNABILIDAD. Esta no se ha notado mucho al exterior, pero al interior, s\u00ed est\u00e1 causando revuelo. Ya que cuando se pensaba que sus conflictos de comunicaci\u00f3n pol\u00edtica-medi\u00e1tica iban a calmarse, despu\u00e9s [&hellip;]","og_url":"https:\/\/lospoliticosveracruz.com\/?p=150540","og_site_name":"Los pol\u00edticos Veracruz","article_publisher":"https:\/\/www.facebook.com\/people\/Notimemes-de-los-Polticos\/61565672886568\/","article_published_time":"2025-08-13T05:21:33+00:00","article_modified_time":"2025-08-13T14:01:53+00:00","og_image":[{"width":600,"height":320,"url":"https:\/\/lospoliticosveracruz.com\/wp-content\/uploads\/2025\/04\/Chua-e1761364658706.jpg","type":"image\/jpeg"}],"author":"Lo viste en Los Pol\u00edticos","twitter_card":"summary_large_image","twitter_creator":"@LosPoliticosVer","twitter_site":"@LosPoliticosVer","twitter_misc":{"Escrito por":"Lo viste en Los Pol\u00edticos","Tiempo de lectura":"6 minutos"},"schema":{"@context":"https:\/\/schema.org","@graph":[{"@type":"Article","@id":"https:\/\/lospoliticosveracruz.com\/?p=150540#article","isPartOf":{"@id":"https:\/\/lospoliticosveracruz.com\/?p=150540"},"author":{"name":"Lo viste en Los Pol\u00edticos","@id":"https:\/\/lospoliticosveracruz.com\/#\/schema\/person\/b8702bb0e538456e6efd07080bf2a4a2"},"headline":"VERACRUZ Y LAS OTRAS CRISIS DE GOBIERNO","datePublished":"2025-08-13T05:21:33+00:00","dateModified":"2025-08-13T14:01:53+00:00","mainEntityOfPage":{"@id":"https:\/\/lospoliticosveracruz.com\/?p=150540"},"wordCount":1306,"publisher":{"@id":"https:\/\/lospoliticosveracruz.com\/#organization"},"image":{"@id":"https:\/\/lospoliticosveracruz.com\/?p=150540#primaryimage"},"thumbnailUrl":"https:\/\/lospoliticosveracruz.com\/wp-content\/uploads\/2025\/04\/Chua-e1761364658706.jpg","keywords":["Morena","Roc\u00edo Nahle","Veracruz","Ver\u00f3nica Hern\u00e1ndez Giad\u00e1ns"],"articleSection":["De Opini\u00f3n"],"inLanguage":"es"},{"@type":"WebPage","@id":"https:\/\/lospoliticosveracruz.com\/?p=150540","url":"https:\/\/lospoliticosveracruz.com\/?p=150540","name":"VERACRUZ Y LAS OTRAS CRISIS DE GOBIERNO - Los pol\u00edticos Veracruz","isPartOf":{"@id":"https:\/\/lospoliticosveracruz.com\/#website"},"primaryImageOfPage":{"@id":"https:\/\/lospoliticosveracruz.com\/?p=150540#primaryimage"},"image":{"@id":"https:\/\/lospoliticosveracruz.com\/?p=150540#primaryimage"},"thumbnailUrl":"https:\/\/lospoliticosveracruz.com\/wp-content\/uploads\/2025\/04\/Chua-e1761364658706.jpg","datePublished":"2025-08-13T05:21:33+00:00","dateModified":"2025-08-13T14:01:53+00:00","breadcrumb":{"@id":"https:\/\/lospoliticosveracruz.com\/?p=150540#breadcrumb"},"inLanguage":"es","potentialAction":[{"@type":"ReadAction","target":["https:\/\/lospoliticosveracruz.com\/?p=150540"]}]},{"@type":"ImageObject","inLanguage":"es","@id":"https:\/\/lospoliticosveracruz.com\/?p=150540#primaryimage","url":"https:\/\/lospoliticosveracruz.com\/wp-content\/uploads\/2025\/04\/Chua-e1761364658706.jpg","contentUrl":"https:\/\/lospoliticosveracruz.com\/wp-content\/uploads\/2025\/04\/Chua-e1761364658706.jpg","width":600,"height":320},{"@type":"BreadcrumbList","@id":"https:\/\/lospoliticosveracruz.com\/?p=150540#breadcrumb","itemListElement":[{"@type":"ListItem","position":1,"name":"Portada","item":"https:\/\/lospoliticosveracruz.com\/"},{"@type":"ListItem","position":2,"name":"VERACRUZ Y LAS OTRAS CRISIS DE GOBIERNO"}]},{"@type":"WebSite","@id":"https:\/\/lospoliticosveracruz.com\/#website","url":"https:\/\/lospoliticosveracruz.com\/","name":"Los pol\u00edticos Veracruz","description":"","publisher":{"@id":"https:\/\/lospoliticosveracruz.com\/#organization"},"potentialAction":[{"@type":"SearchAction","target":{"@type":"EntryPoint","urlTemplate":"https:\/\/lospoliticosveracruz.com\/?s={search_term_string}"},"query-input":{"@type":"PropertyValueSpecification","valueRequired":true,"valueName":"search_term_string"}}],"inLanguage":"es"},{"@type":"Organization","@id":"https:\/\/lospoliticosveracruz.com\/#organization","name":"Los pol\u00edticos Veracruz","url":"https:\/\/lospoliticosveracruz.com\/","logo":{"@type":"ImageObject","inLanguage":"es","@id":"https:\/\/lospoliticosveracruz.com\/#\/schema\/logo\/image\/","url":"https:\/\/lospoliticosveracruz.com\/wp-content\/uploads\/2025\/12\/Logo-Nuevo-LOS-POLITICOS-1.jpg","contentUrl":"https:\/\/lospoliticosveracruz.com\/wp-content\/uploads\/2025\/12\/Logo-Nuevo-LOS-POLITICOS-1.jpg","width":260,"height":70,"caption":"Los pol\u00edticos Veracruz"},"image":{"@id":"https:\/\/lospoliticosveracruz.com\/#\/schema\/logo\/image\/"},"sameAs":["https:\/\/www.facebook.com\/people\/Notimemes-de-los-Polticos\/61565672886568\/","https:\/\/x.com\/LosPoliticosVer"]},{"@type":"Person","@id":"https:\/\/lospoliticosveracruz.com\/#\/schema\/person\/b8702bb0e538456e6efd07080bf2a4a2","name":"Lo viste en Los Pol\u00edticos","image":{"@type":"ImageObject","inLanguage":"es","@id":"https:\/\/secure.gravatar.com\/avatar\/3a8de04a2656d44082be478bd6c086daa447c4651605818287b9532d3d0bd435?s=96&d=mm&r=g","url":"https:\/\/secure.gravatar.com\/avatar\/3a8de04a2656d44082be478bd6c086daa447c4651605818287b9532d3d0bd435?s=96&d=mm&r=g","contentUrl":"https:\/\/secure.gravatar.com\/avatar\/3a8de04a2656d44082be478bd6c086daa447c4651605818287b9532d3d0bd435?s=96&d=mm&r=g","caption":"Lo viste en Los Pol\u00edticos"},"url":"https:\/\/lospoliticosveracruz.com\/?author=2"}]}},"_links":{"self":[{"href":"https:\/\/lospoliticosveracruz.com\/index.php?rest_route=\/wp\/v2\/posts\/150540","targetHints":{"allow":["GET"]}}],"collection":[{"href":"https:\/\/lospoliticosveracruz.com\/index.php?rest_route=\/wp\/v2\/posts"}],"about":[{"href":"https:\/\/lospoliticosveracruz.com\/index.php?rest_route=\/wp\/v2\/types\/post"}],"author":[{"embeddable":true,"href":"https:\/\/lospoliticosveracruz.com\/index.php?rest_route=\/wp\/v2\/users\/2"}],"replies":[{"embeddable":true,"href":"https:\/\/lospoliticosveracruz.com\/index.php?rest_route=%2Fwp%2Fv2%2Fcomments&post=150540"}],"version-history":[{"count":3,"href":"https:\/\/lospoliticosveracruz.com\/index.php?rest_route=\/wp\/v2\/posts\/150540\/revisions"}],"predecessor-version":[{"id":150562,"href":"https:\/\/lospoliticosveracruz.com\/index.php?rest_route=\/wp\/v2\/posts\/150540\/revisions\/150562"}],"wp:featuredmedia":[{"embeddable":true,"href":"https:\/\/lospoliticosveracruz.com\/index.php?rest_route=\/wp\/v2\/media\/141434"}],"wp:attachment":[{"href":"https:\/\/lospoliticosveracruz.com\/index.php?rest_route=%2Fwp%2Fv2%2Fmedia&parent=150540"}],"wp:term":[{"taxonomy":"category","embeddable":true,"href":"https:\/\/lospoliticosveracruz.com\/index.php?rest_route=%2Fwp%2Fv2%2Fcategories&post=150540"},{"taxonomy":"post_tag","embeddable":true,"href":"https:\/\/lospoliticosveracruz.com\/index.php?rest_route=%2Fwp%2Fv2%2Ftags&post=150540"}],"curies":[{"name":"wp","href":"https:\/\/api.w.org\/{rel}","templated":true}]}}