{"id":150542,"date":"2025-08-13T06:56:56","date_gmt":"2025-08-13T11:56:56","guid":{"rendered":"https:\/\/lospoliticosveracruz.com.mx\/?p=150542"},"modified":"2025-08-13T09:15:37","modified_gmt":"2025-08-13T14:15:37","slug":"golpe-blando-sin-efecto","status":"publish","type":"post","link":"https:\/\/lospoliticosveracruz.com\/?p=150542","title":{"rendered":"GOLPE BLANDO, SIN EFECTO"},"content":{"rendered":"\n\n\n<p><br><strong>Fanny Y\u00e9pez<\/strong><br><em>La Columna<\/em><br><br>En columnas anteriores hemos abordado el t\u00e9rmino <strong>\u00abgolpe blando\u00bb<\/strong>, que se utiliza para describir <strong>una estrategia de desestabilizaci\u00f3n pol\u00edtica que busca deponer a un gobierno, sin recurrir a la violencia directa<\/strong>. Se caracteriza por el uso de t\u00e1cticas como <strong>la desinformaci\u00f3n, la manipulaci\u00f3n medi\u00e1tica, la judicializaci\u00f3n de la pol\u00edtica y la promoci\u00f3n de protestas sociales<\/strong> para generar ingobernabilidad y forzar la renuncia o destituci\u00f3n del mandatario en turno. <strong>No es descabellado establecer que, en la entidad veracruzana, personajes perversos se hayan confabulado para poner en marcha algo parecido<\/strong> para debilitar la estructura que conforma el primer c\u00edrculo del poder estatal.<\/p>\n\n\n\n<p>Por ello, los <strong>ataques sistem\u00e1ticos hacia los que conforman el c\u00edrculo rojo, Ricardo Ahued Bardahuil, Jos\u00e9 Manuel Pozos Castro, Tanya Carola Viveros Chazaro, Miguel Reyes Hern\u00e1ndez y Diego Casta\u00f1eda Aburto<\/strong> son constantes. Estos funcionarios son de todas las confianzas de la <strong>Gobernadora Roc\u00edo Nahle<\/strong>, en ellos descansan varias estrategias de gobierno, por ello no es dif\u00edcil establecer que se han puesto en marcha diversas t\u00e1cticas, <strong>para desorganizar a este grupo compacto, que emprende acciones diversas en el primer c\u00edrculo de poder<\/strong>.<\/p>\n\n\n\n<p>Lo destacable aqu\u00ed es que estos cinco elementos tienen un amplio curr\u00edculo comprobado y <strong>su fortaleza nace ah\u00ed, en la experiencia y madurez que han demostrado<\/strong>, el trabajo que desempe\u00f1an les da la confianza de mantenerse blindados ante esos embates. Por supuesto que no es la primera vez que algo as\u00ed sucede, otros gobiernos del mundo han vivido este tipo de acciones y muchos han sabido sortear las agresiones. As\u00ed es que con ese efecto tendr\u00e1n que sostenerse el resto del tiempo que les toque estar al frente de esas responsabilidades.<\/p>\n\n\n\n<h3 class=\"wp-block-heading\"><strong>Xochitl Hern\u00e1ndez Colin se retira de Sedesol<\/strong><\/h3>\n\n\n\n<p>La renuncia de <strong>Xochitl Hern\u00e1ndez Colin<\/strong>, a la <strong>subsecretar\u00eda de Desarrollo Social y Humano de la Sedesol<\/strong>, deja un hueco muy grande por la capacidad y experiencia de esa ex diputada federal, pero, adem\u00e1s, <strong>deja un gran ejemplo de dignidad y decoro<\/strong>, porque su renuncia obedece, dicen los que saben, a que no desarrollaba toda su creatividad y talento para desempe\u00f1ar esa responsabilidad.<\/p>\n\n\n\n<p>En la <strong>Sedesol<\/strong> existen dos grupos y dir\u00edan los jarochos, el de los malos y el de los m\u00e1s malos, porque, aunque todos est\u00e1n en la misma dependencia, <strong>los cotos de poder son muy evidentes<\/strong> y la titular, <strong>Margarita Santopietro Peralta<\/strong>, no ha podido poner orden en la realizaci\u00f3n de esos importantes programas sociales, para los que menos tienen, que todav\u00eda los siguen esperando.<\/p>\n\n\n\n<p><strong>Xochitl Hern\u00e1ndez es una mujer con la ideolog\u00eda de izquierda hasta la m\u00e9dula<\/strong>, identificada con importantes personalidades de <strong>Morena<\/strong> y de los allegados a la presidenta <strong>Claudia Sheinbaum Pardo<\/strong>, as\u00ed es que cuando recibi\u00f3 una nueva oferta de trabajo, no lo pens\u00f3 dos veces, tom\u00f3 la decisi\u00f3n que deseaba tomar desde hace mucho tiempo y se fue sin esc\u00e1ndalo y sin rencores.<\/p>\n\n\n\n<p>Con la carrera de <strong>Ciencias Pol\u00edticas y Sociales<\/strong> logr\u00f3 el perfil m\u00e1s adecuado para su tendencia pol\u00edtica, pero siempre ha destacado por su rectitud y honestidad en su toma de decisiones, as\u00ed es que, <strong>\u201cdonde se pare volver\u00e1 a hacer lumbre\u201d<\/strong>, porque sabe responder a la responsabilidad que le asignen.<\/p>\n\n\n\n<p>Cu\u00e1ntos m\u00e1s estar\u00e1n en las mismas condiciones, sin poder cumplir con el trabajo encomendado, pero por cuestiones personales y en algunos casos por la necesidad de esos ingresos, no se atreven y los veracruzanos seguimos pagando esas situaciones. Tenemos entendido que <strong>X\u00f3chitl Hern\u00e1ndez<\/strong> recibi\u00f3 una invitaci\u00f3n para integrarse al gobierno federal, pr\u00f3ximamente les informaremos en qu\u00e9 secretar\u00eda y qu\u00e9 cargo desempe\u00f1ar\u00e1 en la <strong>Ciudad de M\u00e9xico<\/strong>.<\/p>\n\n\n\n<p>La <strong>gobernadora Roc\u00edo Nahle<\/strong> ha sido muy consecuente con sus colaboradores, y algunos no han sabido corresponder en la medida que se les ofreci\u00f3 esa confianza, as\u00ed es que, <strong>los cambios que se tengan que hacer en el gabinete, ser\u00e1n bien vistos<\/strong>, porque por la mediocridad de algunos se obstruye el trabajo de los dem\u00e1s, y eso no es sano para ese equipo en conjunto, que comanda <strong>Roc\u00edo<\/strong>.<\/p>\n\n\n\n<h3 class=\"wp-block-heading\"><strong>Piedra contra coyol, Manuel y Esteban<\/strong><\/h3>\n\n\n\n<p>El pleito entre <strong>Esteban Ram\u00edrez Zepeta<\/strong> y <strong>Manuel Huerta Ladr\u00f3n de Guevara<\/strong>, ambos morenistas, es verdaderamente rid\u00edculo ante los ojos de los veracruzanos. El primero es el actual <strong>presidente de Morena<\/strong> y el segundo es el <strong>ex dirigente de ese mismo partido<\/strong>, ambos se atreven, en sus respectivos discursos, a hablar de unidad en esas filas, <strong>cuando ellos son los que protagonizan esa rivalidad que est\u00e1 fracturando a ese incipiente partido<\/strong>.<\/p>\n\n\n\n<p>Lo m\u00e1s reciente es el show que dieron estos personajes respecto al triunfo del candidato de <strong>Movimiento Ciudadano<\/strong> en <strong>Poza Rica<\/strong>, <strong>Emilio Romero<\/strong>, que gan\u00f3 la alcald\u00eda el pasado <strong>1 de junio<\/strong> y que bien la pudo haber ganado por <strong>Morena<\/strong>, pero ese partido le dio la espalda \u2013bueno fue <strong>Zepeta<\/strong>\u2013 y tuvo que migrar seguro de que obtendr\u00eda el \u00e9xito y as\u00ed fue.<\/p>\n\n\n\n<p><strong>Manuel Huerta<\/strong> apoyaba a la persona, no al partido <strong>MC<\/strong>, porque lo reconoc\u00eda como morenista, aplicando el principio de no traicionar, sin embargo, eso hoy se lo reprocha <strong>Esteban Ram\u00edrez Zepeta<\/strong>. Todo este desajuste se pudo evitar desde el principio, pero <strong>la soberbia y otros pecadillos le dieron al traste al partido en el poder<\/strong>, que cada vez se le hace m\u00e1s dif\u00edcil revertir el da\u00f1o cometido.<\/p>\n\n\n\n<p>Ahora con manifestaciones mal organizadas pretende llamar la atenci\u00f3n, pero solo est\u00e1n revolviendo m\u00e1s el agua. <strong>Los morenos en general opinan que no tienen la menor intenci\u00f3n de apoyar a ninguno de los dos personajes<\/strong>, porque hasta hoy los dos est\u00e1n perdiendo, no hay ganador, y s\u00ed es importante recordarles que <strong>Morena no es de su propiedad<\/strong>, que est\u00e1n echando por la borda todo el trabajo y la imagen que le construy\u00f3 a ese <strong>Movimiento<\/strong> el ex presidente <strong>Andr\u00e9s Manuel L\u00f3pez Obrador<\/strong>.<\/p>\n\n\n\n<p>En <strong>Poza Rica<\/strong> ocurri\u00f3 lo mismo que en el municipio de <strong>Acajete<\/strong>, donde triunf\u00f3 la aspirante de <strong>Morena<\/strong> a la presidencia municipal de esa misma demarcaci\u00f3n, quien al verse rechazada por el partido guinda opt\u00f3 por el cobijo del <strong>MC<\/strong> y gan\u00f3. Por ello, el municipio de <strong>Acajete<\/strong> tendr\u00e1 por primera vez en su historia una alcaldesa en la figura de <strong>Mar\u00eda Claudia Nava Santos<\/strong>, quien la tarde\u2013noche del <strong>mi\u00e9rcoles 4 de junio<\/strong>, recibi\u00f3 su constancia de mayor\u00eda, que la acredita como pr\u00f3xima presidenta municipal.<\/p>\n\n\n\n<p><strong>Nava Santos<\/strong>, candidata del <strong>Movimiento Ciudadano (MC)<\/strong>, obtuvo un contundente triunfo en las urnas el pasado <strong>1 de junio<\/strong>, con un total de <strong>1,951 votos<\/strong>, <strong>resultado que marca un precedente en la historia pol\u00edtica del municipio<\/strong>.<\/p>\n","protected":false},"excerpt":{"rendered":"<p>Fanny Y\u00e9pezLa Columna En columnas anteriores hemos abordado el t\u00e9rmino \u00abgolpe blando\u00bb, que se utiliza para describir una estrategia de desestabilizaci\u00f3n pol\u00edtica que busca deponer a un gobierno, sin recurrir a la violencia directa. Se caracteriza por el uso de t\u00e1cticas como la desinformaci\u00f3n, la manipulaci\u00f3n medi\u00e1tica, la judicializaci\u00f3n de la pol\u00edtica y la promoci\u00f3n [&hellip;]<\/p>\n","protected":false},"author":2,"featured_media":141383,"comment_status":"closed","ping_status":"closed","sticky":false,"template":"","format":"standard","meta":{"tdm_status":"","tdm_grid_status":"","footnotes":""},"categories":[70],"tags":[17053,45155,10317,1850,1026,3578,195],"class_list":{"0":"post-150542","1":"post","2":"type-post","3":"status-publish","4":"format-standard","5":"has-post-thumbnail","7":"category-de-opinion","8":"tag-esteban-ramirez-zepeta","9":"tag-golpe-blando-veracruz","10":"tag-manuel-huerta","11":"tag-manuel-huerta-ladron-de-guevara","12":"tag-morena","13":"tag-rocio-nahle","14":"tag-veracruz"},"yoast_head":"<!-- This site is optimized with the Yoast SEO plugin v27.4 - https:\/\/yoast.com\/product\/yoast-seo-wordpress\/ -->\n<title>GOLPE BLANDO, SIN EFECTO - Los pol\u00edticos Veracruz<\/title>\n<meta name=\"robots\" content=\"index, follow, max-snippet:-1, max-image-preview:large, max-video-preview:-1\" \/>\n<link rel=\"canonical\" href=\"https:\/\/lospoliticosveracruz.com\/?p=150542\" \/>\n<meta property=\"og:locale\" content=\"es_ES\" \/>\n<meta property=\"og:type\" content=\"article\" \/>\n<meta property=\"og:title\" content=\"GOLPE BLANDO, SIN EFECTO - Los pol\u00edticos Veracruz\" \/>\n<meta property=\"og:description\" content=\"Fanny Y\u00e9pezLa Columna En columnas anteriores hemos abordado el t\u00e9rmino \u00abgolpe blando\u00bb, que se utiliza para describir una estrategia de desestabilizaci\u00f3n pol\u00edtica que busca deponer a un gobierno, sin recurrir a la violencia directa. Se caracteriza por el uso de t\u00e1cticas como la desinformaci\u00f3n, la manipulaci\u00f3n medi\u00e1tica, la judicializaci\u00f3n de la pol\u00edtica y la promoci\u00f3n [&hellip;]\" \/>\n<meta property=\"og:url\" content=\"https:\/\/lospoliticosveracruz.com\/?p=150542\" \/>\n<meta property=\"og:site_name\" content=\"Los pol\u00edticos Veracruz\" \/>\n<meta property=\"article:publisher\" content=\"https:\/\/www.facebook.com\/people\/Notimemes-de-los-Polticos\/61565672886568\/\" \/>\n<meta property=\"article:published_time\" content=\"2025-08-13T11:56:56+00:00\" \/>\n<meta property=\"article:modified_time\" content=\"2025-08-13T14:15:37+00:00\" \/>\n<meta property=\"og:image\" content=\"https:\/\/lospoliticosveracruz.com\/wp-content\/uploads\/2025\/04\/Fanny-Yepez-Luna-e1768657334923.jpg\" \/>\n\t<meta property=\"og:image:width\" content=\"600\" \/>\n\t<meta property=\"og:image:height\" content=\"320\" \/>\n\t<meta property=\"og:image:type\" content=\"image\/jpeg\" \/>\n<meta name=\"author\" content=\"Lo viste en Los Pol\u00edticos\" \/>\n<meta name=\"twitter:card\" content=\"summary_large_image\" \/>\n<meta name=\"twitter:creator\" content=\"@LosPoliticosVer\" \/>\n<meta name=\"twitter:site\" content=\"@LosPoliticosVer\" \/>\n<meta name=\"twitter:label1\" content=\"Escrito por\" \/>\n\t<meta name=\"twitter:data1\" content=\"Lo viste en Los Pol\u00edticos\" \/>\n\t<meta name=\"twitter:label2\" content=\"Tiempo de lectura\" \/>\n\t<meta name=\"twitter:data2\" content=\"6 minutos\" \/>\n<script type=\"application\/ld+json\" class=\"yoast-schema-graph\">{\"@context\":\"https:\\\/\\\/schema.org\",\"@graph\":[{\"@type\":\"Article\",\"@id\":\"https:\\\/\\\/lospoliticosveracruz.com\\\/?p=150542#article\",\"isPartOf\":{\"@id\":\"https:\\\/\\\/lospoliticosveracruz.com\\\/?p=150542\"},\"author\":{\"name\":\"Lo viste en Los Pol\u00edticos\",\"@id\":\"https:\\\/\\\/lospoliticosveracruz.com\\\/#\\\/schema\\\/person\\\/b8702bb0e538456e6efd07080bf2a4a2\"},\"headline\":\"GOLPE BLANDO, SIN EFECTO\",\"datePublished\":\"2025-08-13T11:56:56+00:00\",\"dateModified\":\"2025-08-13T14:15:37+00:00\",\"mainEntityOfPage\":{\"@id\":\"https:\\\/\\\/lospoliticosveracruz.com\\\/?p=150542\"},\"wordCount\":1149,\"publisher\":{\"@id\":\"https:\\\/\\\/lospoliticosveracruz.com\\\/#organization\"},\"image\":{\"@id\":\"https:\\\/\\\/lospoliticosveracruz.com\\\/?p=150542#primaryimage\"},\"thumbnailUrl\":\"https:\\\/\\\/lospoliticosveracruz.com\\\/wp-content\\\/uploads\\\/2025\\\/04\\\/Fanny-Yepez-Luna-e1768657334923.jpg\",\"keywords\":[\"Esteban Ram\u00edrez Zepeta\",\"golpe blando Veracruz\",\"Manuel Huerta\",\"Manuel Huerta Ladr\u00f3n de Guevara\",\"Morena\",\"Roc\u00edo Nahle\",\"Veracruz\"],\"articleSection\":[\"De Opini\u00f3n\"],\"inLanguage\":\"es\"},{\"@type\":\"WebPage\",\"@id\":\"https:\\\/\\\/lospoliticosveracruz.com\\\/?p=150542\",\"url\":\"https:\\\/\\\/lospoliticosveracruz.com\\\/?p=150542\",\"name\":\"GOLPE BLANDO, SIN EFECTO - Los pol\u00edticos Veracruz\",\"isPartOf\":{\"@id\":\"https:\\\/\\\/lospoliticosveracruz.com\\\/#website\"},\"primaryImageOfPage\":{\"@id\":\"https:\\\/\\\/lospoliticosveracruz.com\\\/?p=150542#primaryimage\"},\"image\":{\"@id\":\"https:\\\/\\\/lospoliticosveracruz.com\\\/?p=150542#primaryimage\"},\"thumbnailUrl\":\"https:\\\/\\\/lospoliticosveracruz.com\\\/wp-content\\\/uploads\\\/2025\\\/04\\\/Fanny-Yepez-Luna-e1768657334923.jpg\",\"datePublished\":\"2025-08-13T11:56:56+00:00\",\"dateModified\":\"2025-08-13T14:15:37+00:00\",\"breadcrumb\":{\"@id\":\"https:\\\/\\\/lospoliticosveracruz.com\\\/?p=150542#breadcrumb\"},\"inLanguage\":\"es\",\"potentialAction\":[{\"@type\":\"ReadAction\",\"target\":[\"https:\\\/\\\/lospoliticosveracruz.com\\\/?p=150542\"]}]},{\"@type\":\"ImageObject\",\"inLanguage\":\"es\",\"@id\":\"https:\\\/\\\/lospoliticosveracruz.com\\\/?p=150542#primaryimage\",\"url\":\"https:\\\/\\\/lospoliticosveracruz.com\\\/wp-content\\\/uploads\\\/2025\\\/04\\\/Fanny-Yepez-Luna-e1768657334923.jpg\",\"contentUrl\":\"https:\\\/\\\/lospoliticosveracruz.com\\\/wp-content\\\/uploads\\\/2025\\\/04\\\/Fanny-Yepez-Luna-e1768657334923.jpg\",\"width\":600,\"height\":320},{\"@type\":\"BreadcrumbList\",\"@id\":\"https:\\\/\\\/lospoliticosveracruz.com\\\/?p=150542#breadcrumb\",\"itemListElement\":[{\"@type\":\"ListItem\",\"position\":1,\"name\":\"Portada\",\"item\":\"https:\\\/\\\/lospoliticosveracruz.com\\\/\"},{\"@type\":\"ListItem\",\"position\":2,\"name\":\"GOLPE BLANDO, SIN EFECTO\"}]},{\"@type\":\"WebSite\",\"@id\":\"https:\\\/\\\/lospoliticosveracruz.com\\\/#website\",\"url\":\"https:\\\/\\\/lospoliticosveracruz.com\\\/\",\"name\":\"Los pol\u00edticos Veracruz\",\"description\":\"\",\"publisher\":{\"@id\":\"https:\\\/\\\/lospoliticosveracruz.com\\\/#organization\"},\"potentialAction\":[{\"@type\":\"SearchAction\",\"target\":{\"@type\":\"EntryPoint\",\"urlTemplate\":\"https:\\\/\\\/lospoliticosveracruz.com\\\/?s={search_term_string}\"},\"query-input\":{\"@type\":\"PropertyValueSpecification\",\"valueRequired\":true,\"valueName\":\"search_term_string\"}}],\"inLanguage\":\"es\"},{\"@type\":\"Organization\",\"@id\":\"https:\\\/\\\/lospoliticosveracruz.com\\\/#organization\",\"name\":\"Los pol\u00edticos Veracruz\",\"url\":\"https:\\\/\\\/lospoliticosveracruz.com\\\/\",\"logo\":{\"@type\":\"ImageObject\",\"inLanguage\":\"es\",\"@id\":\"https:\\\/\\\/lospoliticosveracruz.com\\\/#\\\/schema\\\/logo\\\/image\\\/\",\"url\":\"https:\\\/\\\/lospoliticosveracruz.com\\\/wp-content\\\/uploads\\\/2025\\\/12\\\/Logo-Nuevo-LOS-POLITICOS-1.jpg\",\"contentUrl\":\"https:\\\/\\\/lospoliticosveracruz.com\\\/wp-content\\\/uploads\\\/2025\\\/12\\\/Logo-Nuevo-LOS-POLITICOS-1.jpg\",\"width\":260,\"height\":70,\"caption\":\"Los pol\u00edticos Veracruz\"},\"image\":{\"@id\":\"https:\\\/\\\/lospoliticosveracruz.com\\\/#\\\/schema\\\/logo\\\/image\\\/\"},\"sameAs\":[\"https:\\\/\\\/www.facebook.com\\\/people\\\/Notimemes-de-los-Polticos\\\/61565672886568\\\/\",\"https:\\\/\\\/x.com\\\/LosPoliticosVer\"]},{\"@type\":\"Person\",\"@id\":\"https:\\\/\\\/lospoliticosveracruz.com\\\/#\\\/schema\\\/person\\\/b8702bb0e538456e6efd07080bf2a4a2\",\"name\":\"Lo viste en Los Pol\u00edticos\",\"image\":{\"@type\":\"ImageObject\",\"inLanguage\":\"es\",\"@id\":\"https:\\\/\\\/secure.gravatar.com\\\/avatar\\\/3a8de04a2656d44082be478bd6c086daa447c4651605818287b9532d3d0bd435?s=96&d=mm&r=g\",\"url\":\"https:\\\/\\\/secure.gravatar.com\\\/avatar\\\/3a8de04a2656d44082be478bd6c086daa447c4651605818287b9532d3d0bd435?s=96&d=mm&r=g\",\"contentUrl\":\"https:\\\/\\\/secure.gravatar.com\\\/avatar\\\/3a8de04a2656d44082be478bd6c086daa447c4651605818287b9532d3d0bd435?s=96&d=mm&r=g\",\"caption\":\"Lo viste en Los Pol\u00edticos\"},\"url\":\"https:\\\/\\\/lospoliticosveracruz.com\\\/?author=2\"}]}<\/script>\n<!-- \/ Yoast SEO plugin. -->","yoast_head_json":{"title":"GOLPE BLANDO, SIN EFECTO - Los pol\u00edticos Veracruz","robots":{"index":"index","follow":"follow","max-snippet":"max-snippet:-1","max-image-preview":"max-image-preview:large","max-video-preview":"max-video-preview:-1"},"canonical":"https:\/\/lospoliticosveracruz.com\/?p=150542","og_locale":"es_ES","og_type":"article","og_title":"GOLPE BLANDO, SIN EFECTO - Los pol\u00edticos Veracruz","og_description":"Fanny Y\u00e9pezLa Columna En columnas anteriores hemos abordado el t\u00e9rmino \u00abgolpe blando\u00bb, que se utiliza para describir una estrategia de desestabilizaci\u00f3n pol\u00edtica que busca deponer a un gobierno, sin recurrir a la violencia directa. Se caracteriza por el uso de t\u00e1cticas como la desinformaci\u00f3n, la manipulaci\u00f3n medi\u00e1tica, la judicializaci\u00f3n de la pol\u00edtica y la promoci\u00f3n [&hellip;]","og_url":"https:\/\/lospoliticosveracruz.com\/?p=150542","og_site_name":"Los pol\u00edticos Veracruz","article_publisher":"https:\/\/www.facebook.com\/people\/Notimemes-de-los-Polticos\/61565672886568\/","article_published_time":"2025-08-13T11:56:56+00:00","article_modified_time":"2025-08-13T14:15:37+00:00","og_image":[{"width":600,"height":320,"url":"https:\/\/lospoliticosveracruz.com\/wp-content\/uploads\/2025\/04\/Fanny-Yepez-Luna-e1768657334923.jpg","type":"image\/jpeg"}],"author":"Lo viste en Los Pol\u00edticos","twitter_card":"summary_large_image","twitter_creator":"@LosPoliticosVer","twitter_site":"@LosPoliticosVer","twitter_misc":{"Escrito por":"Lo viste en Los Pol\u00edticos","Tiempo de lectura":"6 minutos"},"schema":{"@context":"https:\/\/schema.org","@graph":[{"@type":"Article","@id":"https:\/\/lospoliticosveracruz.com\/?p=150542#article","isPartOf":{"@id":"https:\/\/lospoliticosveracruz.com\/?p=150542"},"author":{"name":"Lo viste en Los Pol\u00edticos","@id":"https:\/\/lospoliticosveracruz.com\/#\/schema\/person\/b8702bb0e538456e6efd07080bf2a4a2"},"headline":"GOLPE BLANDO, SIN EFECTO","datePublished":"2025-08-13T11:56:56+00:00","dateModified":"2025-08-13T14:15:37+00:00","mainEntityOfPage":{"@id":"https:\/\/lospoliticosveracruz.com\/?p=150542"},"wordCount":1149,"publisher":{"@id":"https:\/\/lospoliticosveracruz.com\/#organization"},"image":{"@id":"https:\/\/lospoliticosveracruz.com\/?p=150542#primaryimage"},"thumbnailUrl":"https:\/\/lospoliticosveracruz.com\/wp-content\/uploads\/2025\/04\/Fanny-Yepez-Luna-e1768657334923.jpg","keywords":["Esteban Ram\u00edrez Zepeta","golpe blando Veracruz","Manuel Huerta","Manuel Huerta Ladr\u00f3n de Guevara","Morena","Roc\u00edo Nahle","Veracruz"],"articleSection":["De Opini\u00f3n"],"inLanguage":"es"},{"@type":"WebPage","@id":"https:\/\/lospoliticosveracruz.com\/?p=150542","url":"https:\/\/lospoliticosveracruz.com\/?p=150542","name":"GOLPE BLANDO, SIN EFECTO - Los pol\u00edticos Veracruz","isPartOf":{"@id":"https:\/\/lospoliticosveracruz.com\/#website"},"primaryImageOfPage":{"@id":"https:\/\/lospoliticosveracruz.com\/?p=150542#primaryimage"},"image":{"@id":"https:\/\/lospoliticosveracruz.com\/?p=150542#primaryimage"},"thumbnailUrl":"https:\/\/lospoliticosveracruz.com\/wp-content\/uploads\/2025\/04\/Fanny-Yepez-Luna-e1768657334923.jpg","datePublished":"2025-08-13T11:56:56+00:00","dateModified":"2025-08-13T14:15:37+00:00","breadcrumb":{"@id":"https:\/\/lospoliticosveracruz.com\/?p=150542#breadcrumb"},"inLanguage":"es","potentialAction":[{"@type":"ReadAction","target":["https:\/\/lospoliticosveracruz.com\/?p=150542"]}]},{"@type":"ImageObject","inLanguage":"es","@id":"https:\/\/lospoliticosveracruz.com\/?p=150542#primaryimage","url":"https:\/\/lospoliticosveracruz.com\/wp-content\/uploads\/2025\/04\/Fanny-Yepez-Luna-e1768657334923.jpg","contentUrl":"https:\/\/lospoliticosveracruz.com\/wp-content\/uploads\/2025\/04\/Fanny-Yepez-Luna-e1768657334923.jpg","width":600,"height":320},{"@type":"BreadcrumbList","@id":"https:\/\/lospoliticosveracruz.com\/?p=150542#breadcrumb","itemListElement":[{"@type":"ListItem","position":1,"name":"Portada","item":"https:\/\/lospoliticosveracruz.com\/"},{"@type":"ListItem","position":2,"name":"GOLPE BLANDO, SIN EFECTO"}]},{"@type":"WebSite","@id":"https:\/\/lospoliticosveracruz.com\/#website","url":"https:\/\/lospoliticosveracruz.com\/","name":"Los pol\u00edticos Veracruz","description":"","publisher":{"@id":"https:\/\/lospoliticosveracruz.com\/#organization"},"potentialAction":[{"@type":"SearchAction","target":{"@type":"EntryPoint","urlTemplate":"https:\/\/lospoliticosveracruz.com\/?s={search_term_string}"},"query-input":{"@type":"PropertyValueSpecification","valueRequired":true,"valueName":"search_term_string"}}],"inLanguage":"es"},{"@type":"Organization","@id":"https:\/\/lospoliticosveracruz.com\/#organization","name":"Los pol\u00edticos Veracruz","url":"https:\/\/lospoliticosveracruz.com\/","logo":{"@type":"ImageObject","inLanguage":"es","@id":"https:\/\/lospoliticosveracruz.com\/#\/schema\/logo\/image\/","url":"https:\/\/lospoliticosveracruz.com\/wp-content\/uploads\/2025\/12\/Logo-Nuevo-LOS-POLITICOS-1.jpg","contentUrl":"https:\/\/lospoliticosveracruz.com\/wp-content\/uploads\/2025\/12\/Logo-Nuevo-LOS-POLITICOS-1.jpg","width":260,"height":70,"caption":"Los pol\u00edticos Veracruz"},"image":{"@id":"https:\/\/lospoliticosveracruz.com\/#\/schema\/logo\/image\/"},"sameAs":["https:\/\/www.facebook.com\/people\/Notimemes-de-los-Polticos\/61565672886568\/","https:\/\/x.com\/LosPoliticosVer"]},{"@type":"Person","@id":"https:\/\/lospoliticosveracruz.com\/#\/schema\/person\/b8702bb0e538456e6efd07080bf2a4a2","name":"Lo viste en Los Pol\u00edticos","image":{"@type":"ImageObject","inLanguage":"es","@id":"https:\/\/secure.gravatar.com\/avatar\/3a8de04a2656d44082be478bd6c086daa447c4651605818287b9532d3d0bd435?s=96&d=mm&r=g","url":"https:\/\/secure.gravatar.com\/avatar\/3a8de04a2656d44082be478bd6c086daa447c4651605818287b9532d3d0bd435?s=96&d=mm&r=g","contentUrl":"https:\/\/secure.gravatar.com\/avatar\/3a8de04a2656d44082be478bd6c086daa447c4651605818287b9532d3d0bd435?s=96&d=mm&r=g","caption":"Lo viste en Los Pol\u00edticos"},"url":"https:\/\/lospoliticosveracruz.com\/?author=2"}]}},"_links":{"self":[{"href":"https:\/\/lospoliticosveracruz.com\/index.php?rest_route=\/wp\/v2\/posts\/150542","targetHints":{"allow":["GET"]}}],"collection":[{"href":"https:\/\/lospoliticosveracruz.com\/index.php?rest_route=\/wp\/v2\/posts"}],"about":[{"href":"https:\/\/lospoliticosveracruz.com\/index.php?rest_route=\/wp\/v2\/types\/post"}],"author":[{"embeddable":true,"href":"https:\/\/lospoliticosveracruz.com\/index.php?rest_route=\/wp\/v2\/users\/2"}],"replies":[{"embeddable":true,"href":"https:\/\/lospoliticosveracruz.com\/index.php?rest_route=%2Fwp%2Fv2%2Fcomments&post=150542"}],"version-history":[{"count":2,"href":"https:\/\/lospoliticosveracruz.com\/index.php?rest_route=\/wp\/v2\/posts\/150542\/revisions"}],"predecessor-version":[{"id":150564,"href":"https:\/\/lospoliticosveracruz.com\/index.php?rest_route=\/wp\/v2\/posts\/150542\/revisions\/150564"}],"wp:featuredmedia":[{"embeddable":true,"href":"https:\/\/lospoliticosveracruz.com\/index.php?rest_route=\/wp\/v2\/media\/141383"}],"wp:attachment":[{"href":"https:\/\/lospoliticosveracruz.com\/index.php?rest_route=%2Fwp%2Fv2%2Fmedia&parent=150542"}],"wp:term":[{"taxonomy":"category","embeddable":true,"href":"https:\/\/lospoliticosveracruz.com\/index.php?rest_route=%2Fwp%2Fv2%2Fcategories&post=150542"},{"taxonomy":"post_tag","embeddable":true,"href":"https:\/\/lospoliticosveracruz.com\/index.php?rest_route=%2Fwp%2Fv2%2Ftags&post=150542"}],"curies":[{"name":"wp","href":"https:\/\/api.w.org\/{rel}","templated":true}]}}