{"id":150549,"date":"2025-08-13T08:29:30","date_gmt":"2025-08-13T13:29:30","guid":{"rendered":"https:\/\/lospoliticosveracruz.com.mx\/?p=150549"},"modified":"2025-08-13T08:30:48","modified_gmt":"2025-08-13T13:30:48","slug":"con-aroma-a-crisis","status":"publish","type":"post","link":"https:\/\/lospoliticosveracruz.com\/?p=150549","title":{"rendered":"CON AROMA A CRISIS\u2026"},"content":{"rendered":"\n\n\n<p><strong>Yamiri Rodr\u00edguez Madrid<\/strong><\/p>\n\n\n\n<p><em>La vuelta a Veracruz en un&nbsp;teclazo<\/em><\/p>\n\n\n\n<p>M\u00e9xico ocupa el 11\u00b0 lugar en producci\u00f3n de caf\u00e9 a nivel mundial. &nbsp;Tan solo el a\u00f1o pasado,&nbsp;hab\u00eda aproximadamente&nbsp;704 mil hect\u00e1reas&nbsp;sembradas&nbsp;tanto de caf\u00e9 ar\u00e1bica como robusta. El Banco de M\u00e9xico report\u00f3 que, entre enero y mayo de&nbsp;este a\u00f1o, las exportaciones se dispararon 135\u202f%, logrando un r\u00e9cord de 588\u202fmil millones de d\u00f3lares, gracias a precios internacionales elevados y menor oferta de Brasil y Vietnam, aunado a que el 85\u202f% de la producci\u00f3n nacional se destina a la exportaci\u00f3n, principalmente hacia Estados Unidos (m\u00e1s del 60\u202f%), seguido de Alemania, Canad\u00e1 y algunos pa\u00edses de la Uni\u00f3n Europea. Esto supondr\u00eda grandes noticias para el sector cafetalero, pero no es as\u00ed.<\/p>\n\n\n\n<p>A pesar de los buenos precios, los peque\u00f1os productores reciben s\u00f3lo entre el 6\u202f% y 7\u202f% del valor final del caf\u00e9, siendo marginados por intermediarios y grandes empresas globales. Esa situaci\u00f3n se repite corte tras corte en Veracruz, donde por a\u00f1os los peque\u00f1os productores han alzado la voz por el trato que reciben de los coyotes y que empresas como Nestl\u00e9, han sido contraproducentes para ellos.<\/p>\n\n\n\n<p>A eso se suma la roya que les ha respirado en la nuca durante varios a\u00f1os. Muchos peque\u00f1os productores han preferido reconvertir sus productos o vender sus tierras a fraccionadores, tal y como ha pasado en Coatepec, pese a que esa es una regi\u00f3n que ha impulsado que&nbsp;Veracruz sea el segundo mayor estado productor de caf\u00e9 en M\u00e9xico, generando aproximadamente 25\u202f% de la producci\u00f3n nacional.<\/p>\n\n\n\n<p>Recordemos que el a\u00f1o pasado, todav\u00eda en la administraci\u00f3n de Cuitl\u00e1huac Garc\u00eda Jim\u00e9nez,&nbsp;se implement\u00f3&nbsp;la estrategia integral Caf\u00e9 Veracruz,&nbsp;con el fin de&nbsp;posicionar al caf\u00e9 sustentable de la entidad como uno de los mejores a nivel nacional e internacional,&nbsp;en coordinaci\u00f3n con la Secretar\u00eda de Desarrollo Econ\u00f3mico y Portuario, la Universidad Veracruzana,&nbsp;Cafecol&nbsp;y la Agencia de los Estados Unidos para el Desarrollo Internacional (USAID).<\/p>\n\n\n\n<p>El proyecto&nbsp;se hab\u00eda&nbsp;dividido en 3 pilares: implementaci\u00f3n de&nbsp;211&nbsp;escuelas campesinas para fomentar pr\u00e1cticas sustentables con el uso de biofertilizantes y la eliminaci\u00f3n de herbicidas; bajar el porcentaje de caf\u00e9 cereza con atributos de excelencia para elevar el valor del grano y la vinculaci\u00f3n con el mercado.&nbsp;A un a\u00f1o en Coatepec, por lo menos, vaya usted a saber d\u00f3nde oper\u00f3 la escuela campesina y si sigue en funciones, pues varios peque\u00f1os productores consultados, no sab\u00edan de esta.<\/p>\n\n\n\n<p>Apenas este martes, en&nbsp;C\u00f3rdoba,&nbsp;en apoyo a productores de caf\u00e9 de&nbsp;12 comunidades de&nbsp;la Sierra del Gallego,&nbsp;se entregaron&nbsp;33&nbsp;mil plantas de caf\u00e9 injertado y directa, lo que&nbsp;contribuir\u00e1&nbsp;en la remediaci\u00f3n del medio ambiente&nbsp;con 16 mil hect\u00e1reas a impactar; en&nbsp;el valor&nbsp;comercial,&nbsp;as\u00ed como tur\u00edstico. Al respecto, el diputado federal&nbsp;Javier Herrera Borunda,&nbsp;explic\u00f3 que se trata de un&nbsp;Consejo Consultivo Municipal&nbsp;que&nbsp;opera de manera din\u00e1mica&nbsp;y que ser\u00e1&nbsp;ejemplo para transmitir a las nuevas administraciones municipales de otros estados&nbsp;sobre c\u00f3mo deben de ejecutar acciones conjuntas.&nbsp;Desafortunadamente, a diferencia de C\u00f3rdoba, otros municipios cafetaleros se han cruzado de brazos.<\/p>\n\n\n\n<p>Los productores ahora est\u00e1n preocupados porque saben que, en unos d\u00edas m\u00e1s, volver\u00e1 a bajar el precio del arom\u00e1tico. Para el consumidor puede ser una buena noticia comprar su kilo de caf\u00e9 en un precio promedio de 230 pesos, pero para quien vive de eso, es una piedra m\u00e1s en el pesado costal que han venido arrastrando durante a\u00f1os.<\/p>\n\n\n\n<p>Urge una estrategia real y funcional para nuestro caf\u00e9 veracruzano.<\/p>\n\n\n\n<p>@YamiriRodriguez<\/p>\n","protected":false},"excerpt":{"rendered":"<p>Yamiri Rodr\u00edguez Madrid La vuelta a Veracruz en un&nbsp;teclazo M\u00e9xico ocupa el 11\u00b0 lugar en producci\u00f3n de caf\u00e9 a nivel mundial. &nbsp;Tan solo el a\u00f1o pasado,&nbsp;hab\u00eda aproximadamente&nbsp;704 mil hect\u00e1reas&nbsp;sembradas&nbsp;tanto de caf\u00e9 ar\u00e1bica como robusta. El Banco de M\u00e9xico report\u00f3 que, entre enero y mayo de&nbsp;este a\u00f1o, las exportaciones se dispararon 135\u202f%, logrando un r\u00e9cord de [&hellip;]<\/p>\n","protected":false},"author":2,"featured_media":141413,"comment_status":"closed","ping_status":"closed","sticky":false,"template":"","format":"standard","meta":{"tdm_status":"","tdm_grid_status":"","footnotes":""},"categories":[70],"tags":[1083],"class_list":{"0":"post-150549","1":"post","2":"type-post","3":"status-publish","4":"format-standard","5":"has-post-thumbnail","7":"category-de-opinion","8":"tag-cafe"},"yoast_head":"<!-- This site is optimized with the Yoast SEO plugin v27.4 - https:\/\/yoast.com\/product\/yoast-seo-wordpress\/ -->\n<title>CON AROMA A CRISIS\u2026 - Los pol\u00edticos Veracruz<\/title>\n<meta name=\"robots\" content=\"index, follow, max-snippet:-1, max-image-preview:large, max-video-preview:-1\" \/>\n<link rel=\"canonical\" href=\"https:\/\/lospoliticosveracruz.com\/?p=150549\" \/>\n<meta property=\"og:locale\" content=\"es_ES\" \/>\n<meta property=\"og:type\" content=\"article\" \/>\n<meta property=\"og:title\" content=\"CON AROMA A CRISIS\u2026 - Los pol\u00edticos Veracruz\" \/>\n<meta property=\"og:description\" content=\"Yamiri Rodr\u00edguez Madrid La vuelta a Veracruz en un&nbsp;teclazo M\u00e9xico ocupa el 11\u00b0 lugar en producci\u00f3n de caf\u00e9 a nivel mundial. &nbsp;Tan solo el a\u00f1o pasado,&nbsp;hab\u00eda aproximadamente&nbsp;704 mil hect\u00e1reas&nbsp;sembradas&nbsp;tanto de caf\u00e9 ar\u00e1bica como robusta. El Banco de M\u00e9xico report\u00f3 que, entre enero y mayo de&nbsp;este a\u00f1o, las exportaciones se dispararon 135\u202f%, logrando un r\u00e9cord de [&hellip;]\" \/>\n<meta property=\"og:url\" content=\"https:\/\/lospoliticosveracruz.com\/?p=150549\" \/>\n<meta property=\"og:site_name\" content=\"Los pol\u00edticos Veracruz\" \/>\n<meta property=\"article:publisher\" content=\"https:\/\/www.facebook.com\/people\/Notimemes-de-los-Polticos\/61565672886568\/\" \/>\n<meta property=\"article:published_time\" content=\"2025-08-13T13:29:30+00:00\" \/>\n<meta property=\"article:modified_time\" content=\"2025-08-13T13:30:48+00:00\" \/>\n<meta property=\"og:image\" content=\"https:\/\/lospoliticosveracruz.com\/wp-content\/uploads\/2025\/04\/Yamiri-Rodriguez-Madrid-e1768315710241.jpg\" \/>\n\t<meta property=\"og:image:width\" content=\"600\" \/>\n\t<meta property=\"og:image:height\" content=\"320\" \/>\n\t<meta property=\"og:image:type\" content=\"image\/jpeg\" \/>\n<meta name=\"author\" content=\"Lo viste en Los Pol\u00edticos\" \/>\n<meta name=\"twitter:card\" content=\"summary_large_image\" \/>\n<meta name=\"twitter:creator\" content=\"@LosPoliticosVer\" \/>\n<meta name=\"twitter:site\" content=\"@LosPoliticosVer\" \/>\n<meta name=\"twitter:label1\" content=\"Escrito por\" \/>\n\t<meta name=\"twitter:data1\" content=\"Lo viste en Los Pol\u00edticos\" \/>\n\t<meta name=\"twitter:label2\" content=\"Tiempo de lectura\" \/>\n\t<meta name=\"twitter:data2\" content=\"3 minutos\" \/>\n<script type=\"application\/ld+json\" class=\"yoast-schema-graph\">{\"@context\":\"https:\\\/\\\/schema.org\",\"@graph\":[{\"@type\":\"Article\",\"@id\":\"https:\\\/\\\/lospoliticosveracruz.com\\\/?p=150549#article\",\"isPartOf\":{\"@id\":\"https:\\\/\\\/lospoliticosveracruz.com\\\/?p=150549\"},\"author\":{\"name\":\"Lo viste en Los Pol\u00edticos\",\"@id\":\"https:\\\/\\\/lospoliticosveracruz.com\\\/#\\\/schema\\\/person\\\/b8702bb0e538456e6efd07080bf2a4a2\"},\"headline\":\"CON AROMA A CRISIS\u2026\",\"datePublished\":\"2025-08-13T13:29:30+00:00\",\"dateModified\":\"2025-08-13T13:30:48+00:00\",\"mainEntityOfPage\":{\"@id\":\"https:\\\/\\\/lospoliticosveracruz.com\\\/?p=150549\"},\"wordCount\":667,\"publisher\":{\"@id\":\"https:\\\/\\\/lospoliticosveracruz.com\\\/#organization\"},\"image\":{\"@id\":\"https:\\\/\\\/lospoliticosveracruz.com\\\/?p=150549#primaryimage\"},\"thumbnailUrl\":\"https:\\\/\\\/lospoliticosveracruz.com\\\/wp-content\\\/uploads\\\/2025\\\/04\\\/Yamiri-Rodriguez-Madrid-e1768315710241.jpg\",\"keywords\":[\"caf\u00e9\"],\"articleSection\":[\"De Opini\u00f3n\"],\"inLanguage\":\"es\"},{\"@type\":\"WebPage\",\"@id\":\"https:\\\/\\\/lospoliticosveracruz.com\\\/?p=150549\",\"url\":\"https:\\\/\\\/lospoliticosveracruz.com\\\/?p=150549\",\"name\":\"CON AROMA A CRISIS\u2026 - Los pol\u00edticos Veracruz\",\"isPartOf\":{\"@id\":\"https:\\\/\\\/lospoliticosveracruz.com\\\/#website\"},\"primaryImageOfPage\":{\"@id\":\"https:\\\/\\\/lospoliticosveracruz.com\\\/?p=150549#primaryimage\"},\"image\":{\"@id\":\"https:\\\/\\\/lospoliticosveracruz.com\\\/?p=150549#primaryimage\"},\"thumbnailUrl\":\"https:\\\/\\\/lospoliticosveracruz.com\\\/wp-content\\\/uploads\\\/2025\\\/04\\\/Yamiri-Rodriguez-Madrid-e1768315710241.jpg\",\"datePublished\":\"2025-08-13T13:29:30+00:00\",\"dateModified\":\"2025-08-13T13:30:48+00:00\",\"breadcrumb\":{\"@id\":\"https:\\\/\\\/lospoliticosveracruz.com\\\/?p=150549#breadcrumb\"},\"inLanguage\":\"es\",\"potentialAction\":[{\"@type\":\"ReadAction\",\"target\":[\"https:\\\/\\\/lospoliticosveracruz.com\\\/?p=150549\"]}]},{\"@type\":\"ImageObject\",\"inLanguage\":\"es\",\"@id\":\"https:\\\/\\\/lospoliticosveracruz.com\\\/?p=150549#primaryimage\",\"url\":\"https:\\\/\\\/lospoliticosveracruz.com\\\/wp-content\\\/uploads\\\/2025\\\/04\\\/Yamiri-Rodriguez-Madrid-e1768315710241.jpg\",\"contentUrl\":\"https:\\\/\\\/lospoliticosveracruz.com\\\/wp-content\\\/uploads\\\/2025\\\/04\\\/Yamiri-Rodriguez-Madrid-e1768315710241.jpg\",\"width\":600,\"height\":320},{\"@type\":\"BreadcrumbList\",\"@id\":\"https:\\\/\\\/lospoliticosveracruz.com\\\/?p=150549#breadcrumb\",\"itemListElement\":[{\"@type\":\"ListItem\",\"position\":1,\"name\":\"Portada\",\"item\":\"https:\\\/\\\/lospoliticosveracruz.com\\\/\"},{\"@type\":\"ListItem\",\"position\":2,\"name\":\"CON AROMA A CRISIS\u2026\"}]},{\"@type\":\"WebSite\",\"@id\":\"https:\\\/\\\/lospoliticosveracruz.com\\\/#website\",\"url\":\"https:\\\/\\\/lospoliticosveracruz.com\\\/\",\"name\":\"Los pol\u00edticos Veracruz\",\"description\":\"\",\"publisher\":{\"@id\":\"https:\\\/\\\/lospoliticosveracruz.com\\\/#organization\"},\"potentialAction\":[{\"@type\":\"SearchAction\",\"target\":{\"@type\":\"EntryPoint\",\"urlTemplate\":\"https:\\\/\\\/lospoliticosveracruz.com\\\/?s={search_term_string}\"},\"query-input\":{\"@type\":\"PropertyValueSpecification\",\"valueRequired\":true,\"valueName\":\"search_term_string\"}}],\"inLanguage\":\"es\"},{\"@type\":\"Organization\",\"@id\":\"https:\\\/\\\/lospoliticosveracruz.com\\\/#organization\",\"name\":\"Los pol\u00edticos Veracruz\",\"url\":\"https:\\\/\\\/lospoliticosveracruz.com\\\/\",\"logo\":{\"@type\":\"ImageObject\",\"inLanguage\":\"es\",\"@id\":\"https:\\\/\\\/lospoliticosveracruz.com\\\/#\\\/schema\\\/logo\\\/image\\\/\",\"url\":\"https:\\\/\\\/lospoliticosveracruz.com\\\/wp-content\\\/uploads\\\/2025\\\/12\\\/Logo-Nuevo-LOS-POLITICOS-1.jpg\",\"contentUrl\":\"https:\\\/\\\/lospoliticosveracruz.com\\\/wp-content\\\/uploads\\\/2025\\\/12\\\/Logo-Nuevo-LOS-POLITICOS-1.jpg\",\"width\":260,\"height\":70,\"caption\":\"Los pol\u00edticos Veracruz\"},\"image\":{\"@id\":\"https:\\\/\\\/lospoliticosveracruz.com\\\/#\\\/schema\\\/logo\\\/image\\\/\"},\"sameAs\":[\"https:\\\/\\\/www.facebook.com\\\/people\\\/Notimemes-de-los-Polticos\\\/61565672886568\\\/\",\"https:\\\/\\\/x.com\\\/LosPoliticosVer\"]},{\"@type\":\"Person\",\"@id\":\"https:\\\/\\\/lospoliticosveracruz.com\\\/#\\\/schema\\\/person\\\/b8702bb0e538456e6efd07080bf2a4a2\",\"name\":\"Lo viste en Los Pol\u00edticos\",\"image\":{\"@type\":\"ImageObject\",\"inLanguage\":\"es\",\"@id\":\"https:\\\/\\\/secure.gravatar.com\\\/avatar\\\/3a8de04a2656d44082be478bd6c086daa447c4651605818287b9532d3d0bd435?s=96&d=mm&r=g\",\"url\":\"https:\\\/\\\/secure.gravatar.com\\\/avatar\\\/3a8de04a2656d44082be478bd6c086daa447c4651605818287b9532d3d0bd435?s=96&d=mm&r=g\",\"contentUrl\":\"https:\\\/\\\/secure.gravatar.com\\\/avatar\\\/3a8de04a2656d44082be478bd6c086daa447c4651605818287b9532d3d0bd435?s=96&d=mm&r=g\",\"caption\":\"Lo viste en Los Pol\u00edticos\"},\"url\":\"https:\\\/\\\/lospoliticosveracruz.com\\\/?author=2\"}]}<\/script>\n<!-- \/ Yoast SEO plugin. -->","yoast_head_json":{"title":"CON AROMA A CRISIS\u2026 - Los pol\u00edticos Veracruz","robots":{"index":"index","follow":"follow","max-snippet":"max-snippet:-1","max-image-preview":"max-image-preview:large","max-video-preview":"max-video-preview:-1"},"canonical":"https:\/\/lospoliticosveracruz.com\/?p=150549","og_locale":"es_ES","og_type":"article","og_title":"CON AROMA A CRISIS\u2026 - Los pol\u00edticos Veracruz","og_description":"Yamiri Rodr\u00edguez Madrid La vuelta a Veracruz en un&nbsp;teclazo M\u00e9xico ocupa el 11\u00b0 lugar en producci\u00f3n de caf\u00e9 a nivel mundial. &nbsp;Tan solo el a\u00f1o pasado,&nbsp;hab\u00eda aproximadamente&nbsp;704 mil hect\u00e1reas&nbsp;sembradas&nbsp;tanto de caf\u00e9 ar\u00e1bica como robusta. El Banco de M\u00e9xico report\u00f3 que, entre enero y mayo de&nbsp;este a\u00f1o, las exportaciones se dispararon 135\u202f%, logrando un r\u00e9cord de [&hellip;]","og_url":"https:\/\/lospoliticosveracruz.com\/?p=150549","og_site_name":"Los pol\u00edticos Veracruz","article_publisher":"https:\/\/www.facebook.com\/people\/Notimemes-de-los-Polticos\/61565672886568\/","article_published_time":"2025-08-13T13:29:30+00:00","article_modified_time":"2025-08-13T13:30:48+00:00","og_image":[{"width":600,"height":320,"url":"https:\/\/lospoliticosveracruz.com\/wp-content\/uploads\/2025\/04\/Yamiri-Rodriguez-Madrid-e1768315710241.jpg","type":"image\/jpeg"}],"author":"Lo viste en Los Pol\u00edticos","twitter_card":"summary_large_image","twitter_creator":"@LosPoliticosVer","twitter_site":"@LosPoliticosVer","twitter_misc":{"Escrito por":"Lo viste en Los Pol\u00edticos","Tiempo de lectura":"3 minutos"},"schema":{"@context":"https:\/\/schema.org","@graph":[{"@type":"Article","@id":"https:\/\/lospoliticosveracruz.com\/?p=150549#article","isPartOf":{"@id":"https:\/\/lospoliticosveracruz.com\/?p=150549"},"author":{"name":"Lo viste en Los Pol\u00edticos","@id":"https:\/\/lospoliticosveracruz.com\/#\/schema\/person\/b8702bb0e538456e6efd07080bf2a4a2"},"headline":"CON AROMA A CRISIS\u2026","datePublished":"2025-08-13T13:29:30+00:00","dateModified":"2025-08-13T13:30:48+00:00","mainEntityOfPage":{"@id":"https:\/\/lospoliticosveracruz.com\/?p=150549"},"wordCount":667,"publisher":{"@id":"https:\/\/lospoliticosveracruz.com\/#organization"},"image":{"@id":"https:\/\/lospoliticosveracruz.com\/?p=150549#primaryimage"},"thumbnailUrl":"https:\/\/lospoliticosveracruz.com\/wp-content\/uploads\/2025\/04\/Yamiri-Rodriguez-Madrid-e1768315710241.jpg","keywords":["caf\u00e9"],"articleSection":["De Opini\u00f3n"],"inLanguage":"es"},{"@type":"WebPage","@id":"https:\/\/lospoliticosveracruz.com\/?p=150549","url":"https:\/\/lospoliticosveracruz.com\/?p=150549","name":"CON AROMA A CRISIS\u2026 - Los pol\u00edticos Veracruz","isPartOf":{"@id":"https:\/\/lospoliticosveracruz.com\/#website"},"primaryImageOfPage":{"@id":"https:\/\/lospoliticosveracruz.com\/?p=150549#primaryimage"},"image":{"@id":"https:\/\/lospoliticosveracruz.com\/?p=150549#primaryimage"},"thumbnailUrl":"https:\/\/lospoliticosveracruz.com\/wp-content\/uploads\/2025\/04\/Yamiri-Rodriguez-Madrid-e1768315710241.jpg","datePublished":"2025-08-13T13:29:30+00:00","dateModified":"2025-08-13T13:30:48+00:00","breadcrumb":{"@id":"https:\/\/lospoliticosveracruz.com\/?p=150549#breadcrumb"},"inLanguage":"es","potentialAction":[{"@type":"ReadAction","target":["https:\/\/lospoliticosveracruz.com\/?p=150549"]}]},{"@type":"ImageObject","inLanguage":"es","@id":"https:\/\/lospoliticosveracruz.com\/?p=150549#primaryimage","url":"https:\/\/lospoliticosveracruz.com\/wp-content\/uploads\/2025\/04\/Yamiri-Rodriguez-Madrid-e1768315710241.jpg","contentUrl":"https:\/\/lospoliticosveracruz.com\/wp-content\/uploads\/2025\/04\/Yamiri-Rodriguez-Madrid-e1768315710241.jpg","width":600,"height":320},{"@type":"BreadcrumbList","@id":"https:\/\/lospoliticosveracruz.com\/?p=150549#breadcrumb","itemListElement":[{"@type":"ListItem","position":1,"name":"Portada","item":"https:\/\/lospoliticosveracruz.com\/"},{"@type":"ListItem","position":2,"name":"CON AROMA A CRISIS\u2026"}]},{"@type":"WebSite","@id":"https:\/\/lospoliticosveracruz.com\/#website","url":"https:\/\/lospoliticosveracruz.com\/","name":"Los pol\u00edticos Veracruz","description":"","publisher":{"@id":"https:\/\/lospoliticosveracruz.com\/#organization"},"potentialAction":[{"@type":"SearchAction","target":{"@type":"EntryPoint","urlTemplate":"https:\/\/lospoliticosveracruz.com\/?s={search_term_string}"},"query-input":{"@type":"PropertyValueSpecification","valueRequired":true,"valueName":"search_term_string"}}],"inLanguage":"es"},{"@type":"Organization","@id":"https:\/\/lospoliticosveracruz.com\/#organization","name":"Los pol\u00edticos Veracruz","url":"https:\/\/lospoliticosveracruz.com\/","logo":{"@type":"ImageObject","inLanguage":"es","@id":"https:\/\/lospoliticosveracruz.com\/#\/schema\/logo\/image\/","url":"https:\/\/lospoliticosveracruz.com\/wp-content\/uploads\/2025\/12\/Logo-Nuevo-LOS-POLITICOS-1.jpg","contentUrl":"https:\/\/lospoliticosveracruz.com\/wp-content\/uploads\/2025\/12\/Logo-Nuevo-LOS-POLITICOS-1.jpg","width":260,"height":70,"caption":"Los pol\u00edticos Veracruz"},"image":{"@id":"https:\/\/lospoliticosveracruz.com\/#\/schema\/logo\/image\/"},"sameAs":["https:\/\/www.facebook.com\/people\/Notimemes-de-los-Polticos\/61565672886568\/","https:\/\/x.com\/LosPoliticosVer"]},{"@type":"Person","@id":"https:\/\/lospoliticosveracruz.com\/#\/schema\/person\/b8702bb0e538456e6efd07080bf2a4a2","name":"Lo viste en Los Pol\u00edticos","image":{"@type":"ImageObject","inLanguage":"es","@id":"https:\/\/secure.gravatar.com\/avatar\/3a8de04a2656d44082be478bd6c086daa447c4651605818287b9532d3d0bd435?s=96&d=mm&r=g","url":"https:\/\/secure.gravatar.com\/avatar\/3a8de04a2656d44082be478bd6c086daa447c4651605818287b9532d3d0bd435?s=96&d=mm&r=g","contentUrl":"https:\/\/secure.gravatar.com\/avatar\/3a8de04a2656d44082be478bd6c086daa447c4651605818287b9532d3d0bd435?s=96&d=mm&r=g","caption":"Lo viste en Los Pol\u00edticos"},"url":"https:\/\/lospoliticosveracruz.com\/?author=2"}]}},"_links":{"self":[{"href":"https:\/\/lospoliticosveracruz.com\/index.php?rest_route=\/wp\/v2\/posts\/150549","targetHints":{"allow":["GET"]}}],"collection":[{"href":"https:\/\/lospoliticosveracruz.com\/index.php?rest_route=\/wp\/v2\/posts"}],"about":[{"href":"https:\/\/lospoliticosveracruz.com\/index.php?rest_route=\/wp\/v2\/types\/post"}],"author":[{"embeddable":true,"href":"https:\/\/lospoliticosveracruz.com\/index.php?rest_route=\/wp\/v2\/users\/2"}],"replies":[{"embeddable":true,"href":"https:\/\/lospoliticosveracruz.com\/index.php?rest_route=%2Fwp%2Fv2%2Fcomments&post=150549"}],"version-history":[{"count":1,"href":"https:\/\/lospoliticosveracruz.com\/index.php?rest_route=\/wp\/v2\/posts\/150549\/revisions"}],"predecessor-version":[{"id":150550,"href":"https:\/\/lospoliticosveracruz.com\/index.php?rest_route=\/wp\/v2\/posts\/150549\/revisions\/150550"}],"wp:featuredmedia":[{"embeddable":true,"href":"https:\/\/lospoliticosveracruz.com\/index.php?rest_route=\/wp\/v2\/media\/141413"}],"wp:attachment":[{"href":"https:\/\/lospoliticosveracruz.com\/index.php?rest_route=%2Fwp%2Fv2%2Fmedia&parent=150549"}],"wp:term":[{"taxonomy":"category","embeddable":true,"href":"https:\/\/lospoliticosveracruz.com\/index.php?rest_route=%2Fwp%2Fv2%2Fcategories&post=150549"},{"taxonomy":"post_tag","embeddable":true,"href":"https:\/\/lospoliticosveracruz.com\/index.php?rest_route=%2Fwp%2Fv2%2Ftags&post=150549"}],"curies":[{"name":"wp","href":"https:\/\/api.w.org\/{rel}","templated":true}]}}