{"id":150630,"date":"2025-08-14T10:45:53","date_gmt":"2025-08-14T15:45:53","guid":{"rendered":"https:\/\/lospoliticosveracruz.com.mx\/?p=150630"},"modified":"2025-08-14T10:55:53","modified_gmt":"2025-08-14T15:55:53","slug":"sucesion-uv-29","status":"publish","type":"post","link":"https:\/\/lospoliticosveracruz.com\/?p=150630","title":{"rendered":"SUCESI\u00d3N UV (29)"},"content":{"rendered":"\n\n\n<p><strong>Sergio Gonz\u00e1lez Levet<\/strong><br><em>Sin tacto<\/em><\/p>\n\n\n\n<p>Ayer <strong>mi\u00e9rcoles 13 de agosto<\/strong> poco antes de las <strong>12:00 h<\/strong>, est\u00e1bamos la <strong>doctora Sara Ladr\u00f3n de Guevara<\/strong>, el <strong>doctor Ra\u00fal Arias Lovillo<\/strong> y un servidor en las instalaciones de la <strong>Galer\u00eda Realia de Xalapa<\/strong>, prepar\u00e1ndonos para empezar el programa en vivo de la serie <strong>La UV en Llamas<\/strong>, que produce el canal de Internet <strong>NV TV<\/strong>.<\/p>\n\n\n\n<p>Entre que acord\u00e1bamos detalles sencillos como el orden de intervenci\u00f3n o el lugar en que nos sentar\u00edamos, lleg\u00f3 el momento para entrar a la espera final, el filo del agua de cada programa, en el que cada participante termina de componer hasta donde puede sus emociones y se dispone a contestar y preguntar de la mejor manera posible.<\/p>\n\n\n\n<p>Justo cuando entr\u00e1bamos a la recta final\u2026 \u00a1se fue la luz! Y se fue precisamente en buena parte de la calle <strong>Xalape\u00f1os Ilustres<\/strong> y durante un periodo de tiempo bastante extenso, tanto como para que nos vi\u00e9ramos en la necesidad de suspender la emisi\u00f3n y avisarlo como pudimos con los celulares, a trav\u00e9s de las <strong>redes sociales<\/strong>.<\/p>\n\n\n\n<p>La decisi\u00f3n que tomamos los <strong>exrectores<\/strong>, los directivos de <strong>NV TV<\/strong> y el conductor fue que nuevamente intentaremos hacer el programa en directo, <em>urbis et orbi<\/em>. Lo programamos para la <strong>1 de la tarde<\/strong> de hoy <strong>jueves 14<\/strong> y lo haremos desde alg\u00fan lugar del campus de la <strong>Universidad Veracruzana<\/strong>, con la esperanza de que ah\u00ed no falle el servicio de <strong>energ\u00eda el\u00e9ctrica<\/strong>, como sucedi\u00f3 ayer de manera tan conveniente para quienes est\u00e1n a favor de la <strong>pr\u00f3rroga<\/strong> que otorg\u00f3 la <strong>Junta de Gobierno<\/strong> al rector <strong>Mart\u00edn Aguilar<\/strong> para que graciosamente siga al frente de los destinos de la casa de estudios, esa misma que bajo los destinos de su conducci\u00f3n f\u00e9rrea ha tenido un extraordinario descenso en su prestigio y en la calidad de los <strong>servicios educativos y sociales<\/strong> que ofrece al pueblo de <strong>Veracruz<\/strong>, seg\u00fan consta en los <strong>indicadores de cobertura y calidad<\/strong> de los \u00faltimos cuatro a\u00f1os.<\/p>\n\n\n\n<p>Invito pues nuevamente a las arrojadas lectoras y a los gentiles seguidores de <strong>\u201cSin tacto\u201d<\/strong> a que nos sigan a partir de las <strong>13:00 h<\/strong>, <strong>1 de la tarde<\/strong>, en la siguiente liga:<\/p>\n\n\n\n<p><a href=\"https:\/\/www.facebook.com\/share\/p\/197orXkEA1\"><strong><em>https:\/\/www.facebook.com\/share\/p\/197orXkEA1<\/em><\/strong><\/a><\/p>\n\n\n\n<p>La <strong>doctora Sara<\/strong> y el <strong>doctor Ra\u00fal<\/strong> nos ofrecer\u00e1n un panorama actualizado del conflicto surgido en la <strong>UV<\/strong> con motivo de la sorpresiva decisi\u00f3n de la <strong>Junta de Gobierno<\/strong> de cancelar el <strong>proceso de selecci\u00f3n del Rector<\/strong> para los pr\u00f3ximos cuatro a\u00f1os \u2014como lo establece con toda precisi\u00f3n el conjunto de las <strong>leyes universitarias<\/strong>\u2014, y otorgar graciosamente una pr\u00f3rroga de cuatro a\u00f1os a <strong>Mart\u00edn Aguilar<\/strong>.<\/p>\n\n\n\n<p>Verdaderos especialistas del <strong>Derecho<\/strong>, egresados muchos de la <strong>Facultad de Leyes de la UV<\/strong>, han remarcado que la <strong>Junta de Gobierno<\/strong> no tiene facultades para cancelar el proceso de sucesi\u00f3n y menos para otorgar la pr\u00f3rroga que pretende para el <strong>Rector<\/strong> actual.<\/p>\n\n\n\n<p>Parte importante de ese programa es que quienes lo vean podr\u00e1n participar libremente con sus comentarios y opiniones, con el fin de tener una idea de lo que piensa la <strong>comunidad universitaria<\/strong>.<\/p>\n\n\n\n<p>Los esperamos a todos a trav\u00e9s de <strong>NV TV<\/strong>.<\/p>\n\n\n\n<p><strong><a>sglevet@gmail.com<\/a><\/strong><\/p>\n","protected":false},"excerpt":{"rendered":"<p>Sergio Gonz\u00e1lez LevetSin tacto Ayer mi\u00e9rcoles 13 de agosto poco antes de las 12:00 h, est\u00e1bamos la doctora Sara Ladr\u00f3n de Guevara, el doctor Ra\u00fal Arias Lovillo y un servidor en las instalaciones de la Galer\u00eda Realia de Xalapa, prepar\u00e1ndonos para empezar el programa en vivo de la serie La UV en Llamas, que produce [&hellip;]<\/p>\n","protected":false},"author":2,"featured_media":141432,"comment_status":"closed","ping_status":"closed","sticky":false,"template":"","format":"standard","meta":{"tdm_status":"","tdm_grid_status":"","footnotes":""},"categories":[70],"tags":[45216,44346,45215,45015,219],"class_list":{"0":"post-150630","1":"post","2":"type-post","3":"status-publish","4":"format-standard","5":"has-post-thumbnail","7":"category-de-opinion","8":"tag-conflicto-universitario-veracruz","9":"tag-junta-de-gobierno-uv","10":"tag-martin-aguilar-rector","11":"tag-sucesion-rectoral-uv","12":"tag-universidad-veracruzana"},"yoast_head":"<!-- This site is optimized with the Yoast SEO plugin v27.4 - https:\/\/yoast.com\/product\/yoast-seo-wordpress\/ -->\n<title>SUCESI\u00d3N UV (29) - Los pol\u00edticos Veracruz<\/title>\n<meta name=\"robots\" content=\"index, follow, max-snippet:-1, max-image-preview:large, max-video-preview:-1\" \/>\n<link rel=\"canonical\" href=\"https:\/\/lospoliticosveracruz.com\/?p=150630\" \/>\n<meta property=\"og:locale\" content=\"es_ES\" \/>\n<meta property=\"og:type\" content=\"article\" \/>\n<meta property=\"og:title\" content=\"SUCESI\u00d3N UV (29) - Los pol\u00edticos Veracruz\" \/>\n<meta property=\"og:description\" content=\"Sergio Gonz\u00e1lez LevetSin tacto Ayer mi\u00e9rcoles 13 de agosto poco antes de las 12:00 h, est\u00e1bamos la doctora Sara Ladr\u00f3n de Guevara, el doctor Ra\u00fal Arias Lovillo y un servidor en las instalaciones de la Galer\u00eda Realia de Xalapa, prepar\u00e1ndonos para empezar el programa en vivo de la serie La UV en Llamas, que produce [&hellip;]\" \/>\n<meta property=\"og:url\" content=\"https:\/\/lospoliticosveracruz.com\/?p=150630\" \/>\n<meta property=\"og:site_name\" content=\"Los pol\u00edticos Veracruz\" \/>\n<meta property=\"article:publisher\" content=\"https:\/\/www.facebook.com\/people\/Notimemes-de-los-Polticos\/61565672886568\/\" \/>\n<meta property=\"article:published_time\" content=\"2025-08-14T15:45:53+00:00\" \/>\n<meta property=\"article:modified_time\" content=\"2025-08-14T15:55:53+00:00\" \/>\n<meta property=\"og:image\" content=\"https:\/\/lospoliticosveracruz.com\/wp-content\/uploads\/2025\/04\/Levet.jpg\" \/>\n\t<meta property=\"og:image:width\" content=\"1250\" \/>\n\t<meta property=\"og:image:height\" content=\"667\" \/>\n\t<meta property=\"og:image:type\" content=\"image\/jpeg\" \/>\n<meta name=\"author\" content=\"Lo viste en Los Pol\u00edticos\" \/>\n<meta name=\"twitter:card\" content=\"summary_large_image\" \/>\n<meta name=\"twitter:creator\" content=\"@LosPoliticosVer\" \/>\n<meta name=\"twitter:site\" content=\"@LosPoliticosVer\" \/>\n<meta name=\"twitter:label1\" content=\"Escrito por\" \/>\n\t<meta name=\"twitter:data1\" content=\"Lo viste en Los Pol\u00edticos\" \/>\n\t<meta name=\"twitter:label2\" content=\"Tiempo de lectura\" \/>\n\t<meta name=\"twitter:data2\" content=\"3 minutos\" \/>\n<script type=\"application\/ld+json\" class=\"yoast-schema-graph\">{\"@context\":\"https:\\\/\\\/schema.org\",\"@graph\":[{\"@type\":\"Article\",\"@id\":\"https:\\\/\\\/lospoliticosveracruz.com\\\/?p=150630#article\",\"isPartOf\":{\"@id\":\"https:\\\/\\\/lospoliticosveracruz.com\\\/?p=150630\"},\"author\":{\"name\":\"Lo viste en Los Pol\u00edticos\",\"@id\":\"https:\\\/\\\/lospoliticosveracruz.com\\\/#\\\/schema\\\/person\\\/b8702bb0e538456e6efd07080bf2a4a2\"},\"headline\":\"SUCESI\u00d3N UV (29)\",\"datePublished\":\"2025-08-14T15:45:53+00:00\",\"dateModified\":\"2025-08-14T15:55:53+00:00\",\"mainEntityOfPage\":{\"@id\":\"https:\\\/\\\/lospoliticosveracruz.com\\\/?p=150630\"},\"wordCount\":555,\"publisher\":{\"@id\":\"https:\\\/\\\/lospoliticosveracruz.com\\\/#organization\"},\"image\":{\"@id\":\"https:\\\/\\\/lospoliticosveracruz.com\\\/?p=150630#primaryimage\"},\"thumbnailUrl\":\"https:\\\/\\\/lospoliticosveracruz.com\\\/wp-content\\\/uploads\\\/2025\\\/04\\\/Levet-e1773931000156.jpg\",\"keywords\":[\"conflicto universitario Veracruz\",\"Junta de Gobierno UV\",\"Mart\u00edn Aguilar rector\",\"sucesi\u00f3n rectoral UV\",\"Universidad Veracruzana\"],\"articleSection\":[\"De Opini\u00f3n\"],\"inLanguage\":\"es\"},{\"@type\":\"WebPage\",\"@id\":\"https:\\\/\\\/lospoliticosveracruz.com\\\/?p=150630\",\"url\":\"https:\\\/\\\/lospoliticosveracruz.com\\\/?p=150630\",\"name\":\"SUCESI\u00d3N UV (29) - Los pol\u00edticos Veracruz\",\"isPartOf\":{\"@id\":\"https:\\\/\\\/lospoliticosveracruz.com\\\/#website\"},\"primaryImageOfPage\":{\"@id\":\"https:\\\/\\\/lospoliticosveracruz.com\\\/?p=150630#primaryimage\"},\"image\":{\"@id\":\"https:\\\/\\\/lospoliticosveracruz.com\\\/?p=150630#primaryimage\"},\"thumbnailUrl\":\"https:\\\/\\\/lospoliticosveracruz.com\\\/wp-content\\\/uploads\\\/2025\\\/04\\\/Levet-e1773931000156.jpg\",\"datePublished\":\"2025-08-14T15:45:53+00:00\",\"dateModified\":\"2025-08-14T15:55:53+00:00\",\"breadcrumb\":{\"@id\":\"https:\\\/\\\/lospoliticosveracruz.com\\\/?p=150630#breadcrumb\"},\"inLanguage\":\"es\",\"potentialAction\":[{\"@type\":\"ReadAction\",\"target\":[\"https:\\\/\\\/lospoliticosveracruz.com\\\/?p=150630\"]}]},{\"@type\":\"ImageObject\",\"inLanguage\":\"es\",\"@id\":\"https:\\\/\\\/lospoliticosveracruz.com\\\/?p=150630#primaryimage\",\"url\":\"https:\\\/\\\/lospoliticosveracruz.com\\\/wp-content\\\/uploads\\\/2025\\\/04\\\/Levet-e1773931000156.jpg\",\"contentUrl\":\"https:\\\/\\\/lospoliticosveracruz.com\\\/wp-content\\\/uploads\\\/2025\\\/04\\\/Levet-e1773931000156.jpg\",\"width\":600,\"height\":320},{\"@type\":\"BreadcrumbList\",\"@id\":\"https:\\\/\\\/lospoliticosveracruz.com\\\/?p=150630#breadcrumb\",\"itemListElement\":[{\"@type\":\"ListItem\",\"position\":1,\"name\":\"Portada\",\"item\":\"https:\\\/\\\/lospoliticosveracruz.com\\\/\"},{\"@type\":\"ListItem\",\"position\":2,\"name\":\"SUCESI\u00d3N UV (29)\"}]},{\"@type\":\"WebSite\",\"@id\":\"https:\\\/\\\/lospoliticosveracruz.com\\\/#website\",\"url\":\"https:\\\/\\\/lospoliticosveracruz.com\\\/\",\"name\":\"Los pol\u00edticos Veracruz\",\"description\":\"\",\"publisher\":{\"@id\":\"https:\\\/\\\/lospoliticosveracruz.com\\\/#organization\"},\"potentialAction\":[{\"@type\":\"SearchAction\",\"target\":{\"@type\":\"EntryPoint\",\"urlTemplate\":\"https:\\\/\\\/lospoliticosveracruz.com\\\/?s={search_term_string}\"},\"query-input\":{\"@type\":\"PropertyValueSpecification\",\"valueRequired\":true,\"valueName\":\"search_term_string\"}}],\"inLanguage\":\"es\"},{\"@type\":\"Organization\",\"@id\":\"https:\\\/\\\/lospoliticosveracruz.com\\\/#organization\",\"name\":\"Los pol\u00edticos Veracruz\",\"url\":\"https:\\\/\\\/lospoliticosveracruz.com\\\/\",\"logo\":{\"@type\":\"ImageObject\",\"inLanguage\":\"es\",\"@id\":\"https:\\\/\\\/lospoliticosveracruz.com\\\/#\\\/schema\\\/logo\\\/image\\\/\",\"url\":\"https:\\\/\\\/lospoliticosveracruz.com\\\/wp-content\\\/uploads\\\/2025\\\/12\\\/Logo-Nuevo-LOS-POLITICOS-1.jpg\",\"contentUrl\":\"https:\\\/\\\/lospoliticosveracruz.com\\\/wp-content\\\/uploads\\\/2025\\\/12\\\/Logo-Nuevo-LOS-POLITICOS-1.jpg\",\"width\":260,\"height\":70,\"caption\":\"Los pol\u00edticos Veracruz\"},\"image\":{\"@id\":\"https:\\\/\\\/lospoliticosveracruz.com\\\/#\\\/schema\\\/logo\\\/image\\\/\"},\"sameAs\":[\"https:\\\/\\\/www.facebook.com\\\/people\\\/Notimemes-de-los-Polticos\\\/61565672886568\\\/\",\"https:\\\/\\\/x.com\\\/LosPoliticosVer\"]},{\"@type\":\"Person\",\"@id\":\"https:\\\/\\\/lospoliticosveracruz.com\\\/#\\\/schema\\\/person\\\/b8702bb0e538456e6efd07080bf2a4a2\",\"name\":\"Lo viste en Los Pol\u00edticos\",\"image\":{\"@type\":\"ImageObject\",\"inLanguage\":\"es\",\"@id\":\"https:\\\/\\\/secure.gravatar.com\\\/avatar\\\/3a8de04a2656d44082be478bd6c086daa447c4651605818287b9532d3d0bd435?s=96&d=mm&r=g\",\"url\":\"https:\\\/\\\/secure.gravatar.com\\\/avatar\\\/3a8de04a2656d44082be478bd6c086daa447c4651605818287b9532d3d0bd435?s=96&d=mm&r=g\",\"contentUrl\":\"https:\\\/\\\/secure.gravatar.com\\\/avatar\\\/3a8de04a2656d44082be478bd6c086daa447c4651605818287b9532d3d0bd435?s=96&d=mm&r=g\",\"caption\":\"Lo viste en Los Pol\u00edticos\"},\"url\":\"https:\\\/\\\/lospoliticosveracruz.com\\\/?author=2\"}]}<\/script>\n<!-- \/ Yoast SEO plugin. -->","yoast_head_json":{"title":"SUCESI\u00d3N UV (29) - Los pol\u00edticos Veracruz","robots":{"index":"index","follow":"follow","max-snippet":"max-snippet:-1","max-image-preview":"max-image-preview:large","max-video-preview":"max-video-preview:-1"},"canonical":"https:\/\/lospoliticosveracruz.com\/?p=150630","og_locale":"es_ES","og_type":"article","og_title":"SUCESI\u00d3N UV (29) - Los pol\u00edticos Veracruz","og_description":"Sergio Gonz\u00e1lez LevetSin tacto Ayer mi\u00e9rcoles 13 de agosto poco antes de las 12:00 h, est\u00e1bamos la doctora Sara Ladr\u00f3n de Guevara, el doctor Ra\u00fal Arias Lovillo y un servidor en las instalaciones de la Galer\u00eda Realia de Xalapa, prepar\u00e1ndonos para empezar el programa en vivo de la serie La UV en Llamas, que produce [&hellip;]","og_url":"https:\/\/lospoliticosveracruz.com\/?p=150630","og_site_name":"Los pol\u00edticos Veracruz","article_publisher":"https:\/\/www.facebook.com\/people\/Notimemes-de-los-Polticos\/61565672886568\/","article_published_time":"2025-08-14T15:45:53+00:00","article_modified_time":"2025-08-14T15:55:53+00:00","og_image":[{"width":1250,"height":667,"url":"https:\/\/lospoliticosveracruz.com\/wp-content\/uploads\/2025\/04\/Levet.jpg","type":"image\/jpeg"}],"author":"Lo viste en Los Pol\u00edticos","twitter_card":"summary_large_image","twitter_creator":"@LosPoliticosVer","twitter_site":"@LosPoliticosVer","twitter_misc":{"Escrito por":"Lo viste en Los Pol\u00edticos","Tiempo de lectura":"3 minutos"},"schema":{"@context":"https:\/\/schema.org","@graph":[{"@type":"Article","@id":"https:\/\/lospoliticosveracruz.com\/?p=150630#article","isPartOf":{"@id":"https:\/\/lospoliticosveracruz.com\/?p=150630"},"author":{"name":"Lo viste en Los Pol\u00edticos","@id":"https:\/\/lospoliticosveracruz.com\/#\/schema\/person\/b8702bb0e538456e6efd07080bf2a4a2"},"headline":"SUCESI\u00d3N UV (29)","datePublished":"2025-08-14T15:45:53+00:00","dateModified":"2025-08-14T15:55:53+00:00","mainEntityOfPage":{"@id":"https:\/\/lospoliticosveracruz.com\/?p=150630"},"wordCount":555,"publisher":{"@id":"https:\/\/lospoliticosveracruz.com\/#organization"},"image":{"@id":"https:\/\/lospoliticosveracruz.com\/?p=150630#primaryimage"},"thumbnailUrl":"https:\/\/lospoliticosveracruz.com\/wp-content\/uploads\/2025\/04\/Levet-e1773931000156.jpg","keywords":["conflicto universitario Veracruz","Junta de Gobierno UV","Mart\u00edn Aguilar rector","sucesi\u00f3n rectoral UV","Universidad Veracruzana"],"articleSection":["De Opini\u00f3n"],"inLanguage":"es"},{"@type":"WebPage","@id":"https:\/\/lospoliticosveracruz.com\/?p=150630","url":"https:\/\/lospoliticosveracruz.com\/?p=150630","name":"SUCESI\u00d3N UV (29) - Los pol\u00edticos Veracruz","isPartOf":{"@id":"https:\/\/lospoliticosveracruz.com\/#website"},"primaryImageOfPage":{"@id":"https:\/\/lospoliticosveracruz.com\/?p=150630#primaryimage"},"image":{"@id":"https:\/\/lospoliticosveracruz.com\/?p=150630#primaryimage"},"thumbnailUrl":"https:\/\/lospoliticosveracruz.com\/wp-content\/uploads\/2025\/04\/Levet-e1773931000156.jpg","datePublished":"2025-08-14T15:45:53+00:00","dateModified":"2025-08-14T15:55:53+00:00","breadcrumb":{"@id":"https:\/\/lospoliticosveracruz.com\/?p=150630#breadcrumb"},"inLanguage":"es","potentialAction":[{"@type":"ReadAction","target":["https:\/\/lospoliticosveracruz.com\/?p=150630"]}]},{"@type":"ImageObject","inLanguage":"es","@id":"https:\/\/lospoliticosveracruz.com\/?p=150630#primaryimage","url":"https:\/\/lospoliticosveracruz.com\/wp-content\/uploads\/2025\/04\/Levet-e1773931000156.jpg","contentUrl":"https:\/\/lospoliticosveracruz.com\/wp-content\/uploads\/2025\/04\/Levet-e1773931000156.jpg","width":600,"height":320},{"@type":"BreadcrumbList","@id":"https:\/\/lospoliticosveracruz.com\/?p=150630#breadcrumb","itemListElement":[{"@type":"ListItem","position":1,"name":"Portada","item":"https:\/\/lospoliticosveracruz.com\/"},{"@type":"ListItem","position":2,"name":"SUCESI\u00d3N UV (29)"}]},{"@type":"WebSite","@id":"https:\/\/lospoliticosveracruz.com\/#website","url":"https:\/\/lospoliticosveracruz.com\/","name":"Los pol\u00edticos Veracruz","description":"","publisher":{"@id":"https:\/\/lospoliticosveracruz.com\/#organization"},"potentialAction":[{"@type":"SearchAction","target":{"@type":"EntryPoint","urlTemplate":"https:\/\/lospoliticosveracruz.com\/?s={search_term_string}"},"query-input":{"@type":"PropertyValueSpecification","valueRequired":true,"valueName":"search_term_string"}}],"inLanguage":"es"},{"@type":"Organization","@id":"https:\/\/lospoliticosveracruz.com\/#organization","name":"Los pol\u00edticos Veracruz","url":"https:\/\/lospoliticosveracruz.com\/","logo":{"@type":"ImageObject","inLanguage":"es","@id":"https:\/\/lospoliticosveracruz.com\/#\/schema\/logo\/image\/","url":"https:\/\/lospoliticosveracruz.com\/wp-content\/uploads\/2025\/12\/Logo-Nuevo-LOS-POLITICOS-1.jpg","contentUrl":"https:\/\/lospoliticosveracruz.com\/wp-content\/uploads\/2025\/12\/Logo-Nuevo-LOS-POLITICOS-1.jpg","width":260,"height":70,"caption":"Los pol\u00edticos Veracruz"},"image":{"@id":"https:\/\/lospoliticosveracruz.com\/#\/schema\/logo\/image\/"},"sameAs":["https:\/\/www.facebook.com\/people\/Notimemes-de-los-Polticos\/61565672886568\/","https:\/\/x.com\/LosPoliticosVer"]},{"@type":"Person","@id":"https:\/\/lospoliticosveracruz.com\/#\/schema\/person\/b8702bb0e538456e6efd07080bf2a4a2","name":"Lo viste en Los Pol\u00edticos","image":{"@type":"ImageObject","inLanguage":"es","@id":"https:\/\/secure.gravatar.com\/avatar\/3a8de04a2656d44082be478bd6c086daa447c4651605818287b9532d3d0bd435?s=96&d=mm&r=g","url":"https:\/\/secure.gravatar.com\/avatar\/3a8de04a2656d44082be478bd6c086daa447c4651605818287b9532d3d0bd435?s=96&d=mm&r=g","contentUrl":"https:\/\/secure.gravatar.com\/avatar\/3a8de04a2656d44082be478bd6c086daa447c4651605818287b9532d3d0bd435?s=96&d=mm&r=g","caption":"Lo viste en Los Pol\u00edticos"},"url":"https:\/\/lospoliticosveracruz.com\/?author=2"}]}},"_links":{"self":[{"href":"https:\/\/lospoliticosveracruz.com\/index.php?rest_route=\/wp\/v2\/posts\/150630","targetHints":{"allow":["GET"]}}],"collection":[{"href":"https:\/\/lospoliticosveracruz.com\/index.php?rest_route=\/wp\/v2\/posts"}],"about":[{"href":"https:\/\/lospoliticosveracruz.com\/index.php?rest_route=\/wp\/v2\/types\/post"}],"author":[{"embeddable":true,"href":"https:\/\/lospoliticosveracruz.com\/index.php?rest_route=\/wp\/v2\/users\/2"}],"replies":[{"embeddable":true,"href":"https:\/\/lospoliticosveracruz.com\/index.php?rest_route=%2Fwp%2Fv2%2Fcomments&post=150630"}],"version-history":[{"count":4,"href":"https:\/\/lospoliticosveracruz.com\/index.php?rest_route=\/wp\/v2\/posts\/150630\/revisions"}],"predecessor-version":[{"id":150637,"href":"https:\/\/lospoliticosveracruz.com\/index.php?rest_route=\/wp\/v2\/posts\/150630\/revisions\/150637"}],"wp:featuredmedia":[{"embeddable":true,"href":"https:\/\/lospoliticosveracruz.com\/index.php?rest_route=\/wp\/v2\/media\/141432"}],"wp:attachment":[{"href":"https:\/\/lospoliticosveracruz.com\/index.php?rest_route=%2Fwp%2Fv2%2Fmedia&parent=150630"}],"wp:term":[{"taxonomy":"category","embeddable":true,"href":"https:\/\/lospoliticosveracruz.com\/index.php?rest_route=%2Fwp%2Fv2%2Fcategories&post=150630"},{"taxonomy":"post_tag","embeddable":true,"href":"https:\/\/lospoliticosveracruz.com\/index.php?rest_route=%2Fwp%2Fv2%2Ftags&post=150630"}],"curies":[{"name":"wp","href":"https:\/\/api.w.org\/{rel}","templated":true}]}}