{"id":150687,"date":"2025-08-15T00:09:44","date_gmt":"2025-08-15T05:09:44","guid":{"rendered":"https:\/\/lospoliticosveracruz.com.mx\/?p=150687"},"modified":"2025-08-15T00:10:04","modified_gmt":"2025-08-15T05:10:04","slug":"estado-constitucional-vs-estado-no-constitucional","status":"publish","type":"post","link":"https:\/\/lospoliticosveracruz.com\/?p=150687","title":{"rendered":"ESTADO CONSTITUCIONAL vs ESTADO NO CONSTITUCIONAL"},"content":{"rendered":"\n\n\n<p><strong>Jos\u00e9 Luis Ortega Vidal<\/strong><\/p>\n\n\n\n<p><em>Claroscuros<\/em> <\/p>\n\n\n\n<p>(1)<br>Al director del CERESO de Tuxpan de Rodr\u00edguez Cano, Antonio Huesca Figueroa, lo asesinaron a balazos el pasado dieciocho de junio, cuando circulaba a bordo de su veh\u00edculo por las calles de la ciudad y puerto en el norte veracruzano.<br>Ayer, catorce de agosto -casi dos meses despu\u00e9s del crimen de Huesca Figueroa, quien hab\u00eda sido amenazado-, result\u00f3 ultimado su colega, Ren\u00e9 Vergara Vergara, director del Penal \u201cLa Toma\u201d, ubicado en Amatl\u00e1n de Los Reyes, en la zona de las altas monta\u00f1as de Veracruz.<br>Vergara Vergara tambi\u00e9n muri\u00f3 a causa de balazos cuando sal\u00eda de su domicilio en la ciudad de C\u00f3rdoba, para abordar una camioneta Van, de uso oficial, empleada para el traslado de reos.<br>Por el municipio de Amatl\u00e1n de los Reyes cruza el ferrocarril que comunica a la ciudad y puerto de Veracruz con la ciudad de M\u00e9xico, capital del pa\u00eds; Las Patronas, un grupo de extraordinarias mujeres amatlecas, durante a\u00f1os -con esp\u00edritu y coraz\u00f3n solidarios- han compartido comida y agua a migrantes que viajan a bordo de \u201cLa bestia\u201d, como se denomina al tren.<br>C\u00f3rdoba, la Ciudad de los 30 Caballeros, l\u00edmita con Amatl\u00e1n de los Reyes y Fort\u00edn, municipios con los que comparte la problem\u00e1tica de inseguridad, de ra\u00edces hist\u00f3ricas y estructurales.<br>(2)<br>Un dato hist\u00f3rico: en esta regi\u00f3n oper\u00f3 Toribio \u201cEl Toro\u201d Gargallo Peralta, alias Juan Zavaleta, nativo de la frontera entre Tezonapa, Veracruz y Acatl\u00e1n de P\u00e9rez Figueroa, Oaxaca.<br>El nombre de Toribio Gargallo, y el referente a su banda, est\u00e1n vinculados a cientos de asesinatos y a fosas clandestinas.<br>Hay un punto clave respecto al \u201cToro\u201d Gargallo: su historia particular como asesino se liga a hechos originales de autodefensa -d\u00e9cada de los a\u00f1os setenta del siglo pasado-, a condiciones de sobrevivencia en una regi\u00f3n violenta, sin ley, olvidada por instituciones oficiales; as\u00ed como su evoluci\u00f3n a mat\u00f3n bajo la orden de intereses pol\u00edticos, tanto particulares como de Estado -d\u00e9cadas de los setenta y ochenta, hasta su muerte bajo una lluvia de balas oficiales en 1991-.<br>Este punto nos remite a un hilo conductor: la construcci\u00f3n, consolidaci\u00f3n de da\u00f1os estructurales severos, que se heredan durante generaciones en y desde el poder, al mismo tiempo de crearse -como ocurre en la actualidad- elementos de Estado fallido y de Estado paralelo.<br>Dicho de otro modo: frente al Estado Constitucional ha nacido su n\u00e9mesis: el Estado No Constitucional.<br>A Toribio Gargallo lo cre\u00f3 el Estado Constitucional y cuando ya no result\u00f3 \u00fatil o rebas\u00f3 los l\u00edmites impuestos, el Estado Constitucional lo elimin\u00f3.<br>Sin embargo, el c\u00e1ncer institucional que dio vida a Gargallo Peralta, no desapareci\u00f3; m\u00e1s bien creci\u00f3, hizo met\u00e1stasis y se convirti\u00f3 en c\u00e1ncer estructural.<br>Desde este c\u00e1ncer estructural aparece el Estado No Constitucional y los nuevos Toribios Gargallo se han convertido en la hidra de las cabezas inmortales: el Estado Constitucional corta una cabeza pero el Estado No Constitucional genera dos cabezas y no s\u00f3lo contin\u00faa fuera de control, sino que lo envenena todo: la econom\u00eda, las instituciones p\u00fablicas, a la sociedad sumida en confusiones pol\u00edticas junto con su indiferencia como elemento \u2013ingenuo- de sobrevivencia.<br>Va, a modo de par\u00e1frasis de un cl\u00e1sico marxista: en M\u00e9xico el Estado No Constitucional ha contaminado la Estructura y la Superestructura del Estado Constitucional.<br>(3)<br>El asesinato de dos directores de CERESOS o penales en Veracruz, constituye un ejemplo de lo anterior: en el M\u00e9xico y el Veracruz de hoy nadie tiene garant\u00eda de sobrevivir porque el Estado Constitucional ha perdido el monopolio de la violencia, que lo define, lo construye y lo obliga a cuidar de sus ciudadanos.<br>En esta din\u00e1mica se inscriben el mot\u00edn del penal de Tuxpan con el saldo de nueve reos asesinados, as\u00ed como la ejecuci\u00f3n de un ex reo justo cuando sal\u00eda del penal Zamora en San Andr\u00e9s Tuxtla; ambos casos ocurridos recientemente.<br>(4)<br>M\u00e9xico acaba de entregar 26 reos de alta peligrosidad a Estados Unidos.<br>La tuta, El cuini y anexas fueron encarcelados por El Estado Constitucional, pero a\u00fan presos operaban para el Estado No Constitucional.<br>A ese grado llega el poder del cancer denominado crimen organizado en M\u00e9xico; de ah\u00ed su env\u00edo al otro lado de la frontera.<br>(5)<br>El resto de esta historia es un asunto de estad\u00edsticas, de circunstancias geogr\u00e1ficas y de suerte: Campeche y Yucat\u00e1n no aparecen en la recomendaci\u00f3n de prevenci\u00f3n del gobierno de Donald Trump para sus viajeros a M\u00e9xico.<br>Mientras que las otras treinta entidades federativas s\u00ed, son enlistadas por la administraci\u00f3n trompista con cuatro categor\u00edas que van desde la uno, o bajo riesgo, hasta la cuatro, o muy alto riesgo.<br>Veracruz se encuentra en el n\u00famero dos que no es el menos peligroso pero tampoco el peor.<br>Colima, Guerrero, Michoac\u00e1n, Sinaloa, Tamaulipas, Zacatecas, son categor\u00eda cuatro y el gobierno norteamericano recomienda no viajar a estos estados.<br>(6)<br>Tendr\u00edamos que elaborar nuestro propio mapa de riesgos en el estado de Veracruz.<br>(7)<br>En mi opini\u00f3n: Xalapa entrar\u00eda en la categor\u00eda uno: con elementos de violencia pero de riesgo bajo.<br>Veracruz, Boca de R\u00edo, Orizaba, son categor\u00eda uno, como destinos tur\u00edsticos de bajo riesgo.<br>Aunque han tenido momentos de categor\u00eda dos: con elementos de violencia de mayor nivel al de Xalapa; lo cual no est\u00e1 ocurriendo en este momento.<br>(8)<br>En el otro extremo tenemos a Santiago Xochiapa, Playa Vicente, San Juan Evangelista, Sayula de Aleman, Isla, Juan Rodr\u00edguez Clara, Texistepec, Poza Rica, Tuxpan, Coxquihui, Papantla, \u00c1lamo, Maltrata, Zongolica, Tezonapa, Omealca, Paso del Macho, Yanga, Cuitlahuac, Las Choapas, Nanchital de L\u00e1zaro Cardenas, Coatzacoalcos, San Andr\u00e9s Tuxtla, Ciudad Lerdo, Vega de Alatorre, Mart\u00ednez de la Torre, ubicados en la categor\u00eda cuatro, de alto riesgo.<br>(9)<br>Acayucan, Hueyapan de Ocampo, Tlapacoyan, Cazones de Herrera, Tihuatl\u00e1n, Coatzintla, Tierra Blanca, Chacaltianguis, Oluta, Soconusco, Jes\u00fas Carranza, Catemaco, Alvarado, Cosamaloapan, Tres Valles, Oteapan, Chinameca, Minatitl\u00e1n, Cosoleacaque, J\u00e1ltipan, C\u00f3rdoba, Amatl\u00e1n de los Reyes, Ixtaczoquitl\u00e1n, Ciudad Mendoza, R\u00edo Blanco, Cerro Azul, Guti\u00e9rrez Zamora, Cardel, Nautla, Actopan, Alto Lucero, Rafael Delgado, Tlacapoyan, son categor\u00eda tres: riesgo mediano con elementos de alto riesgo.<br>(9)<br>Aclaro que mi opini\u00f3n est\u00e1 basada en recuentos de hechos violentos como ataques y\/o asesinatos individuales o colectivos, adem\u00e1s de cr\u00edmenes pol\u00edticos, secuestros, entre otros delitos de alto impacto, durante lo que va del a\u00f1o 2025.<br>Este texto apenas puede referirse como art\u00edculo de opini\u00f3n; no se trata de un Ensayo acad\u00e9mico; por lo tanto es perfectamente corregible y est\u00e1 sujeto a informaci\u00f3n m\u00e1s detallada de testigos, v\u00edctimas y lectores.<br>A\u00f1ado otra perspectiva personal: la realidad var\u00eda d\u00eda con d\u00eda, de modo que el sur de Veracruz puede presentar elementos de gravedad durante un d\u00eda, una semana o un mes y luego vivir condiciones de relativa calma; lo mismo puede suceder -y sucede- en el centro o norte.<br>Hay m\u00e1s: no abarco todos los municipios de la huasteca alta o baja porque no cuento con informaci\u00f3n de esas \u00e1reas que incluyen docenas de municipios y enfrentan sus particulares problem\u00e1ticas.<br>Tenemos, siempre seg\u00fan mi particular punto de vista, municipios en las categor\u00edas dos y tres que no incluyo por razones de espacio.<\/p>\n","protected":false},"excerpt":{"rendered":"<p>Jos\u00e9 Luis Ortega Vidal Claroscuros (1)Al director del CERESO de Tuxpan de Rodr\u00edguez Cano, Antonio Huesca Figueroa, lo asesinaron a balazos el pasado dieciocho de junio, cuando circulaba a bordo de su veh\u00edculo por las calles de la ciudad y puerto en el norte veracruzano.Ayer, catorce de agosto -casi dos meses despu\u00e9s del crimen de [&hellip;]<\/p>\n","protected":false},"author":2,"featured_media":141392,"comment_status":"closed","ping_status":"closed","sticky":false,"template":"","format":"standard","meta":{"tdm_status":"","tdm_grid_status":"","footnotes":""},"categories":[70],"tags":[751,45239,203,195],"class_list":{"0":"post-150687","1":"post","2":"type-post","3":"status-publish","4":"format-standard","5":"has-post-thumbnail","7":"category-de-opinion","8":"tag-cordoba","9":"tag-toribio-gargallo","10":"tag-tuxpan","11":"tag-veracruz"},"yoast_head":"<!-- This site is optimized with the Yoast SEO plugin v27.4 - https:\/\/yoast.com\/product\/yoast-seo-wordpress\/ -->\n<title>ESTADO CONSTITUCIONAL vs ESTADO NO CONSTITUCIONAL - Los pol\u00edticos Veracruz<\/title>\n<meta name=\"robots\" content=\"index, follow, max-snippet:-1, max-image-preview:large, max-video-preview:-1\" \/>\n<link rel=\"canonical\" href=\"https:\/\/lospoliticosveracruz.com\/?p=150687\" \/>\n<meta property=\"og:locale\" content=\"es_ES\" \/>\n<meta property=\"og:type\" content=\"article\" \/>\n<meta property=\"og:title\" content=\"ESTADO CONSTITUCIONAL vs ESTADO NO CONSTITUCIONAL - Los pol\u00edticos Veracruz\" \/>\n<meta property=\"og:description\" content=\"Jos\u00e9 Luis Ortega Vidal Claroscuros (1)Al director del CERESO de Tuxpan de Rodr\u00edguez Cano, Antonio Huesca Figueroa, lo asesinaron a balazos el pasado dieciocho de junio, cuando circulaba a bordo de su veh\u00edculo por las calles de la ciudad y puerto en el norte veracruzano.Ayer, catorce de agosto -casi dos meses despu\u00e9s del crimen de [&hellip;]\" \/>\n<meta property=\"og:url\" content=\"https:\/\/lospoliticosveracruz.com\/?p=150687\" \/>\n<meta property=\"og:site_name\" content=\"Los pol\u00edticos Veracruz\" \/>\n<meta property=\"article:publisher\" content=\"https:\/\/www.facebook.com\/people\/Notimemes-de-los-Polticos\/61565672886568\/\" \/>\n<meta property=\"article:published_time\" content=\"2025-08-15T05:09:44+00:00\" \/>\n<meta property=\"article:modified_time\" content=\"2025-08-15T05:10:04+00:00\" \/>\n<meta property=\"og:image\" content=\"https:\/\/lospoliticosveracruz.com\/wp-content\/uploads\/2025\/04\/Jose-Luis-Ortega-Vidal.jpg\" \/>\n\t<meta property=\"og:image:width\" content=\"1250\" \/>\n\t<meta property=\"og:image:height\" content=\"667\" \/>\n\t<meta property=\"og:image:type\" content=\"image\/jpeg\" \/>\n<meta name=\"author\" content=\"Lo viste en Los Pol\u00edticos\" \/>\n<meta name=\"twitter:card\" content=\"summary_large_image\" \/>\n<meta name=\"twitter:creator\" content=\"@LosPoliticosVer\" \/>\n<meta name=\"twitter:site\" content=\"@LosPoliticosVer\" \/>\n<meta name=\"twitter:label1\" content=\"Escrito por\" \/>\n\t<meta name=\"twitter:data1\" content=\"Lo viste en Los Pol\u00edticos\" \/>\n\t<meta name=\"twitter:label2\" content=\"Tiempo de lectura\" \/>\n\t<meta name=\"twitter:data2\" content=\"6 minutos\" \/>\n<script type=\"application\/ld+json\" class=\"yoast-schema-graph\">{\"@context\":\"https:\\\/\\\/schema.org\",\"@graph\":[{\"@type\":\"Article\",\"@id\":\"https:\\\/\\\/lospoliticosveracruz.com\\\/?p=150687#article\",\"isPartOf\":{\"@id\":\"https:\\\/\\\/lospoliticosveracruz.com\\\/?p=150687\"},\"author\":{\"name\":\"Lo viste en Los Pol\u00edticos\",\"@id\":\"https:\\\/\\\/lospoliticosveracruz.com\\\/#\\\/schema\\\/person\\\/b8702bb0e538456e6efd07080bf2a4a2\"},\"headline\":\"ESTADO CONSTITUCIONAL vs ESTADO NO CONSTITUCIONAL\",\"datePublished\":\"2025-08-15T05:09:44+00:00\",\"dateModified\":\"2025-08-15T05:10:04+00:00\",\"mainEntityOfPage\":{\"@id\":\"https:\\\/\\\/lospoliticosveracruz.com\\\/?p=150687\"},\"wordCount\":1278,\"publisher\":{\"@id\":\"https:\\\/\\\/lospoliticosveracruz.com\\\/#organization\"},\"image\":{\"@id\":\"https:\\\/\\\/lospoliticosveracruz.com\\\/?p=150687#primaryimage\"},\"thumbnailUrl\":\"https:\\\/\\\/lospoliticosveracruz.com\\\/wp-content\\\/uploads\\\/2025\\\/04\\\/Jose-Luis-Ortega-Vidal.jpg\",\"keywords\":[\"C\u00f3rdoba\",\"Toribio Gargallo\",\"Tuxpan\",\"Veracruz\"],\"articleSection\":[\"De Opini\u00f3n\"],\"inLanguage\":\"es\"},{\"@type\":\"WebPage\",\"@id\":\"https:\\\/\\\/lospoliticosveracruz.com\\\/?p=150687\",\"url\":\"https:\\\/\\\/lospoliticosveracruz.com\\\/?p=150687\",\"name\":\"ESTADO CONSTITUCIONAL vs ESTADO NO CONSTITUCIONAL - Los pol\u00edticos Veracruz\",\"isPartOf\":{\"@id\":\"https:\\\/\\\/lospoliticosveracruz.com\\\/#website\"},\"primaryImageOfPage\":{\"@id\":\"https:\\\/\\\/lospoliticosveracruz.com\\\/?p=150687#primaryimage\"},\"image\":{\"@id\":\"https:\\\/\\\/lospoliticosveracruz.com\\\/?p=150687#primaryimage\"},\"thumbnailUrl\":\"https:\\\/\\\/lospoliticosveracruz.com\\\/wp-content\\\/uploads\\\/2025\\\/04\\\/Jose-Luis-Ortega-Vidal.jpg\",\"datePublished\":\"2025-08-15T05:09:44+00:00\",\"dateModified\":\"2025-08-15T05:10:04+00:00\",\"breadcrumb\":{\"@id\":\"https:\\\/\\\/lospoliticosveracruz.com\\\/?p=150687#breadcrumb\"},\"inLanguage\":\"es\",\"potentialAction\":[{\"@type\":\"ReadAction\",\"target\":[\"https:\\\/\\\/lospoliticosveracruz.com\\\/?p=150687\"]}]},{\"@type\":\"ImageObject\",\"inLanguage\":\"es\",\"@id\":\"https:\\\/\\\/lospoliticosveracruz.com\\\/?p=150687#primaryimage\",\"url\":\"https:\\\/\\\/lospoliticosveracruz.com\\\/wp-content\\\/uploads\\\/2025\\\/04\\\/Jose-Luis-Ortega-Vidal.jpg\",\"contentUrl\":\"https:\\\/\\\/lospoliticosveracruz.com\\\/wp-content\\\/uploads\\\/2025\\\/04\\\/Jose-Luis-Ortega-Vidal.jpg\",\"width\":1250,\"height\":667},{\"@type\":\"BreadcrumbList\",\"@id\":\"https:\\\/\\\/lospoliticosveracruz.com\\\/?p=150687#breadcrumb\",\"itemListElement\":[{\"@type\":\"ListItem\",\"position\":1,\"name\":\"Portada\",\"item\":\"https:\\\/\\\/lospoliticosveracruz.com\\\/\"},{\"@type\":\"ListItem\",\"position\":2,\"name\":\"ESTADO CONSTITUCIONAL vs ESTADO NO CONSTITUCIONAL\"}]},{\"@type\":\"WebSite\",\"@id\":\"https:\\\/\\\/lospoliticosveracruz.com\\\/#website\",\"url\":\"https:\\\/\\\/lospoliticosveracruz.com\\\/\",\"name\":\"Los pol\u00edticos Veracruz\",\"description\":\"\",\"publisher\":{\"@id\":\"https:\\\/\\\/lospoliticosveracruz.com\\\/#organization\"},\"potentialAction\":[{\"@type\":\"SearchAction\",\"target\":{\"@type\":\"EntryPoint\",\"urlTemplate\":\"https:\\\/\\\/lospoliticosveracruz.com\\\/?s={search_term_string}\"},\"query-input\":{\"@type\":\"PropertyValueSpecification\",\"valueRequired\":true,\"valueName\":\"search_term_string\"}}],\"inLanguage\":\"es\"},{\"@type\":\"Organization\",\"@id\":\"https:\\\/\\\/lospoliticosveracruz.com\\\/#organization\",\"name\":\"Los pol\u00edticos Veracruz\",\"url\":\"https:\\\/\\\/lospoliticosveracruz.com\\\/\",\"logo\":{\"@type\":\"ImageObject\",\"inLanguage\":\"es\",\"@id\":\"https:\\\/\\\/lospoliticosveracruz.com\\\/#\\\/schema\\\/logo\\\/image\\\/\",\"url\":\"https:\\\/\\\/lospoliticosveracruz.com\\\/wp-content\\\/uploads\\\/2025\\\/12\\\/Logo-Nuevo-LOS-POLITICOS-1.jpg\",\"contentUrl\":\"https:\\\/\\\/lospoliticosveracruz.com\\\/wp-content\\\/uploads\\\/2025\\\/12\\\/Logo-Nuevo-LOS-POLITICOS-1.jpg\",\"width\":260,\"height\":70,\"caption\":\"Los pol\u00edticos Veracruz\"},\"image\":{\"@id\":\"https:\\\/\\\/lospoliticosveracruz.com\\\/#\\\/schema\\\/logo\\\/image\\\/\"},\"sameAs\":[\"https:\\\/\\\/www.facebook.com\\\/people\\\/Notimemes-de-los-Polticos\\\/61565672886568\\\/\",\"https:\\\/\\\/x.com\\\/LosPoliticosVer\"]},{\"@type\":\"Person\",\"@id\":\"https:\\\/\\\/lospoliticosveracruz.com\\\/#\\\/schema\\\/person\\\/b8702bb0e538456e6efd07080bf2a4a2\",\"name\":\"Lo viste en Los Pol\u00edticos\",\"image\":{\"@type\":\"ImageObject\",\"inLanguage\":\"es\",\"@id\":\"https:\\\/\\\/secure.gravatar.com\\\/avatar\\\/3a8de04a2656d44082be478bd6c086daa447c4651605818287b9532d3d0bd435?s=96&d=mm&r=g\",\"url\":\"https:\\\/\\\/secure.gravatar.com\\\/avatar\\\/3a8de04a2656d44082be478bd6c086daa447c4651605818287b9532d3d0bd435?s=96&d=mm&r=g\",\"contentUrl\":\"https:\\\/\\\/secure.gravatar.com\\\/avatar\\\/3a8de04a2656d44082be478bd6c086daa447c4651605818287b9532d3d0bd435?s=96&d=mm&r=g\",\"caption\":\"Lo viste en Los Pol\u00edticos\"},\"url\":\"https:\\\/\\\/lospoliticosveracruz.com\\\/?author=2\"}]}<\/script>\n<!-- \/ Yoast SEO plugin. -->","yoast_head_json":{"title":"ESTADO CONSTITUCIONAL vs ESTADO NO CONSTITUCIONAL - Los pol\u00edticos Veracruz","robots":{"index":"index","follow":"follow","max-snippet":"max-snippet:-1","max-image-preview":"max-image-preview:large","max-video-preview":"max-video-preview:-1"},"canonical":"https:\/\/lospoliticosveracruz.com\/?p=150687","og_locale":"es_ES","og_type":"article","og_title":"ESTADO CONSTITUCIONAL vs ESTADO NO CONSTITUCIONAL - Los pol\u00edticos Veracruz","og_description":"Jos\u00e9 Luis Ortega Vidal Claroscuros (1)Al director del CERESO de Tuxpan de Rodr\u00edguez Cano, Antonio Huesca Figueroa, lo asesinaron a balazos el pasado dieciocho de junio, cuando circulaba a bordo de su veh\u00edculo por las calles de la ciudad y puerto en el norte veracruzano.Ayer, catorce de agosto -casi dos meses despu\u00e9s del crimen de [&hellip;]","og_url":"https:\/\/lospoliticosveracruz.com\/?p=150687","og_site_name":"Los pol\u00edticos Veracruz","article_publisher":"https:\/\/www.facebook.com\/people\/Notimemes-de-los-Polticos\/61565672886568\/","article_published_time":"2025-08-15T05:09:44+00:00","article_modified_time":"2025-08-15T05:10:04+00:00","og_image":[{"width":1250,"height":667,"url":"https:\/\/lospoliticosveracruz.com\/wp-content\/uploads\/2025\/04\/Jose-Luis-Ortega-Vidal.jpg","type":"image\/jpeg"}],"author":"Lo viste en Los Pol\u00edticos","twitter_card":"summary_large_image","twitter_creator":"@LosPoliticosVer","twitter_site":"@LosPoliticosVer","twitter_misc":{"Escrito por":"Lo viste en Los Pol\u00edticos","Tiempo de lectura":"6 minutos"},"schema":{"@context":"https:\/\/schema.org","@graph":[{"@type":"Article","@id":"https:\/\/lospoliticosveracruz.com\/?p=150687#article","isPartOf":{"@id":"https:\/\/lospoliticosveracruz.com\/?p=150687"},"author":{"name":"Lo viste en Los Pol\u00edticos","@id":"https:\/\/lospoliticosveracruz.com\/#\/schema\/person\/b8702bb0e538456e6efd07080bf2a4a2"},"headline":"ESTADO CONSTITUCIONAL vs ESTADO NO CONSTITUCIONAL","datePublished":"2025-08-15T05:09:44+00:00","dateModified":"2025-08-15T05:10:04+00:00","mainEntityOfPage":{"@id":"https:\/\/lospoliticosveracruz.com\/?p=150687"},"wordCount":1278,"publisher":{"@id":"https:\/\/lospoliticosveracruz.com\/#organization"},"image":{"@id":"https:\/\/lospoliticosveracruz.com\/?p=150687#primaryimage"},"thumbnailUrl":"https:\/\/lospoliticosveracruz.com\/wp-content\/uploads\/2025\/04\/Jose-Luis-Ortega-Vidal.jpg","keywords":["C\u00f3rdoba","Toribio Gargallo","Tuxpan","Veracruz"],"articleSection":["De Opini\u00f3n"],"inLanguage":"es"},{"@type":"WebPage","@id":"https:\/\/lospoliticosveracruz.com\/?p=150687","url":"https:\/\/lospoliticosveracruz.com\/?p=150687","name":"ESTADO CONSTITUCIONAL vs ESTADO NO CONSTITUCIONAL - Los pol\u00edticos Veracruz","isPartOf":{"@id":"https:\/\/lospoliticosveracruz.com\/#website"},"primaryImageOfPage":{"@id":"https:\/\/lospoliticosveracruz.com\/?p=150687#primaryimage"},"image":{"@id":"https:\/\/lospoliticosveracruz.com\/?p=150687#primaryimage"},"thumbnailUrl":"https:\/\/lospoliticosveracruz.com\/wp-content\/uploads\/2025\/04\/Jose-Luis-Ortega-Vidal.jpg","datePublished":"2025-08-15T05:09:44+00:00","dateModified":"2025-08-15T05:10:04+00:00","breadcrumb":{"@id":"https:\/\/lospoliticosveracruz.com\/?p=150687#breadcrumb"},"inLanguage":"es","potentialAction":[{"@type":"ReadAction","target":["https:\/\/lospoliticosveracruz.com\/?p=150687"]}]},{"@type":"ImageObject","inLanguage":"es","@id":"https:\/\/lospoliticosveracruz.com\/?p=150687#primaryimage","url":"https:\/\/lospoliticosveracruz.com\/wp-content\/uploads\/2025\/04\/Jose-Luis-Ortega-Vidal.jpg","contentUrl":"https:\/\/lospoliticosveracruz.com\/wp-content\/uploads\/2025\/04\/Jose-Luis-Ortega-Vidal.jpg","width":1250,"height":667},{"@type":"BreadcrumbList","@id":"https:\/\/lospoliticosveracruz.com\/?p=150687#breadcrumb","itemListElement":[{"@type":"ListItem","position":1,"name":"Portada","item":"https:\/\/lospoliticosveracruz.com\/"},{"@type":"ListItem","position":2,"name":"ESTADO CONSTITUCIONAL vs ESTADO NO CONSTITUCIONAL"}]},{"@type":"WebSite","@id":"https:\/\/lospoliticosveracruz.com\/#website","url":"https:\/\/lospoliticosveracruz.com\/","name":"Los pol\u00edticos Veracruz","description":"","publisher":{"@id":"https:\/\/lospoliticosveracruz.com\/#organization"},"potentialAction":[{"@type":"SearchAction","target":{"@type":"EntryPoint","urlTemplate":"https:\/\/lospoliticosveracruz.com\/?s={search_term_string}"},"query-input":{"@type":"PropertyValueSpecification","valueRequired":true,"valueName":"search_term_string"}}],"inLanguage":"es"},{"@type":"Organization","@id":"https:\/\/lospoliticosveracruz.com\/#organization","name":"Los pol\u00edticos Veracruz","url":"https:\/\/lospoliticosveracruz.com\/","logo":{"@type":"ImageObject","inLanguage":"es","@id":"https:\/\/lospoliticosveracruz.com\/#\/schema\/logo\/image\/","url":"https:\/\/lospoliticosveracruz.com\/wp-content\/uploads\/2025\/12\/Logo-Nuevo-LOS-POLITICOS-1.jpg","contentUrl":"https:\/\/lospoliticosveracruz.com\/wp-content\/uploads\/2025\/12\/Logo-Nuevo-LOS-POLITICOS-1.jpg","width":260,"height":70,"caption":"Los pol\u00edticos Veracruz"},"image":{"@id":"https:\/\/lospoliticosveracruz.com\/#\/schema\/logo\/image\/"},"sameAs":["https:\/\/www.facebook.com\/people\/Notimemes-de-los-Polticos\/61565672886568\/","https:\/\/x.com\/LosPoliticosVer"]},{"@type":"Person","@id":"https:\/\/lospoliticosveracruz.com\/#\/schema\/person\/b8702bb0e538456e6efd07080bf2a4a2","name":"Lo viste en Los Pol\u00edticos","image":{"@type":"ImageObject","inLanguage":"es","@id":"https:\/\/secure.gravatar.com\/avatar\/3a8de04a2656d44082be478bd6c086daa447c4651605818287b9532d3d0bd435?s=96&d=mm&r=g","url":"https:\/\/secure.gravatar.com\/avatar\/3a8de04a2656d44082be478bd6c086daa447c4651605818287b9532d3d0bd435?s=96&d=mm&r=g","contentUrl":"https:\/\/secure.gravatar.com\/avatar\/3a8de04a2656d44082be478bd6c086daa447c4651605818287b9532d3d0bd435?s=96&d=mm&r=g","caption":"Lo viste en Los Pol\u00edticos"},"url":"https:\/\/lospoliticosveracruz.com\/?author=2"}]}},"_links":{"self":[{"href":"https:\/\/lospoliticosveracruz.com\/index.php?rest_route=\/wp\/v2\/posts\/150687","targetHints":{"allow":["GET"]}}],"collection":[{"href":"https:\/\/lospoliticosveracruz.com\/index.php?rest_route=\/wp\/v2\/posts"}],"about":[{"href":"https:\/\/lospoliticosveracruz.com\/index.php?rest_route=\/wp\/v2\/types\/post"}],"author":[{"embeddable":true,"href":"https:\/\/lospoliticosveracruz.com\/index.php?rest_route=\/wp\/v2\/users\/2"}],"replies":[{"embeddable":true,"href":"https:\/\/lospoliticosveracruz.com\/index.php?rest_route=%2Fwp%2Fv2%2Fcomments&post=150687"}],"version-history":[{"count":1,"href":"https:\/\/lospoliticosveracruz.com\/index.php?rest_route=\/wp\/v2\/posts\/150687\/revisions"}],"predecessor-version":[{"id":150688,"href":"https:\/\/lospoliticosveracruz.com\/index.php?rest_route=\/wp\/v2\/posts\/150687\/revisions\/150688"}],"wp:featuredmedia":[{"embeddable":true,"href":"https:\/\/lospoliticosveracruz.com\/index.php?rest_route=\/wp\/v2\/media\/141392"}],"wp:attachment":[{"href":"https:\/\/lospoliticosveracruz.com\/index.php?rest_route=%2Fwp%2Fv2%2Fmedia&parent=150687"}],"wp:term":[{"taxonomy":"category","embeddable":true,"href":"https:\/\/lospoliticosveracruz.com\/index.php?rest_route=%2Fwp%2Fv2%2Fcategories&post=150687"},{"taxonomy":"post_tag","embeddable":true,"href":"https:\/\/lospoliticosveracruz.com\/index.php?rest_route=%2Fwp%2Fv2%2Ftags&post=150687"}],"curies":[{"name":"wp","href":"https:\/\/api.w.org\/{rel}","templated":true}]}}