{"id":150693,"date":"2025-08-15T07:10:06","date_gmt":"2025-08-15T12:10:06","guid":{"rendered":"https:\/\/lospoliticosveracruz.com.mx\/?p=150693"},"modified":"2025-08-15T07:10:25","modified_gmt":"2025-08-15T12:10:25","slug":"mr-trump","status":"publish","type":"post","link":"https:\/\/lospoliticosveracruz.com\/?p=150693","title":{"rendered":"MR. TRUMP\u2026"},"content":{"rendered":"\n\n\n<p><br><strong>Fanny Y\u00e9pez<\/strong><br><em>La Columna<\/em><\/p>\n\n\n\n<p>En la historia de M\u00e9xico se han registrado varias intervenciones militares por parte de Estados Unidos, la m\u00e1s notable siendo la Guerra M\u00e9xico-Estados Unidos (1846-1848), donde M\u00e9xico perdi\u00f3 una gran parte de su territorio. Adem\u00e1s de esta guerra, hubo otras intervenciones, aunque no todas involucraron invasiones militares directas con grandes batallas.<br>Guerra M\u00e9xico-Estados Unidos (1846-1848):<br>Esta fue la intervenci\u00f3n m\u00e1s significativa. Las tropas estadounidenses invadieron M\u00e9xico, resultando en la p\u00e9rdida de m\u00e1s de la mitad del territorio mexicano, incluyendo California, Nuevo M\u00e9xico y Texas.<br>Ataque de EU en plena Revoluci\u00f3n Mexicana<br>Posteriormente, el 21 de abril de 1914, Estados Unidos volvi\u00f3 a intervenir en territorio mexicano, cuando el pa\u00eds se encontraba en plena Revoluci\u00f3n Mexicana. A diferencia de la primera ocasi\u00f3n, esta vez no lo hicieron con la intensi\u00f3n de expandir su territorio, sino de intervenir en asuntos pol\u00edticos de un M\u00e9xico dividido por la Guerra Civil.<br>En esa ocasi\u00f3n, el vecino del norte bombarde\u00f3 el Puerto de Veracruz. El pretexto fue la negativa de Victoriano Huerta a aceptar una exigencia de desagravio, izando la bandera de aquel pa\u00eds. No hubo una declaraci\u00f3n de guerra, y el almirante Fletcher encabez\u00f3 el bombardeo y la invasi\u00f3n. Los norteamericanos se retiraron el 23 de noviembre de ese a\u00f1o.<br>Resaltamos estos hechos hist\u00f3ricos por lo que este jueves asegur\u00f3 el Presidente Donald Trump, @potus sobre que, M\u00e9xico acata las \u00f3rdenes de EU en materia de seguridad, al igual que Canad\u00e1, y asegur\u00f3 que el mundo ha comenzado a respetar nuevamente a los estadounidenses.<br>Como ciudadana mexicana, de este pa\u00eds soberano, le aclaro a Donald Trump que millones de ciudadanos mexicanos, siempre hemos respetado al vecino pa\u00eds del norte y somos agradecidos por todo el apoyo que ha brindado a mi pa\u00eds. Por favor M\u00edster Presidente no generalice. Las y los mexicanos siempre hemos respetado la soberan\u00eda de naciones de todo el mundo. Y con esa convicci\u00f3n solicito respetuosamente al titular del gobierno de los EU respeto total a M\u00e9xico.<br>Mister Trump, le recuerdo que, as\u00ed como los ciudadanos de los Estados Unidos, las y los mexicanos tenemos nuestro libre albedrio \u201c freewill\u201d que es la creencia de aquellas doctrinas filos\u00f3ficas seg\u00fan la cual las personas tienen el poder de elegir y tomar sus propias decisiones.<br>Y aunque es una trillada frase, insisto: \u00abEl respeto al derecho ajeno es la paz\u00bb fue dicha por Benito Ju\u00e1rez, expresidente de M\u00e9xico. Esta frase se ha convertido en un lema emblem\u00e1tico del pa\u00eds, especialmente asociado a las Leyes de Reforma, donde se buscaba la tolerancia y el respeto a la diversidad.<br>Aunque la frase es atribuida a Ju\u00e1rez, algunos estudiosos se\u00f1alan que podr\u00eda tener influencias de la obra de Immanuel Kant, especialmente de su tratado \u00abLa paz perpetua\u00bb. Sin embargo, la frase se populariz\u00f3 y consolid\u00f3 en el contexto de la lucha de Ju\u00e1rez por la soberan\u00eda de M\u00e9xico, frente a la intervenci\u00f3n extranjera y las guerras civiles, enfatizando la importancia del respeto mutuo entre naciones e individuos para lograr la paz.<br>Se\u00f1or Presidente Trump, ser\u00e9nese, c\u00e1lmese. Muchos le apostamos a la paz y a las luchas pac\u00edficas y respetuosas, como las que en su tiempo enarbolaron Mahatma Ghandi y Nelson Mandela. Rechazamos los conflictos b\u00e9licos y la denostaci\u00f3n. Pero a la vez no le tememos ni a la muerte, porque sabemos desde que nacemos que alguna vez ha de venir. Ejemplo de ello son nuestras fiestas de \u201cTodos Santos\u201d cuando se celebra y honra a nuestros muertos.<br>Mister Trump, le extiendo mi mano cordial y de respeto, y le insisto, \u201cdenle una oportunidad a la paz y a la cordialidad\u201d, \u201cGive Peace a Chance\u201d como cantaba mi adorado Jonh Lennon.<br>El coletazo de Odebrecht llegar\u00eda hasta el estado de Veracruz<br>El coletazo del esc\u00e1ndalo de corrupci\u00f3n donde esta inmiscuido el regio Carlos Alberto Trevi\u00f1o Medina, quien ocup\u00f3 varios cargos dentro de Pemex, entre ellos director corporativo de Administraci\u00f3n y Servicios, y director general de la petrolera hasta el fin del sexenio pe\u00f1ista, llegar\u00e1 al de estado de Veracruz.<br>Hay que recordar que, seg\u00fan Emilio Lozoya Austin, ex director de Pemex, Trevi\u00f1o habr\u00eda recibido aproximadamente 4 millones de pesos como soborno, a cambio de autorizar un contrato para la planta Etileno XXI, vinculada a la filial Braskem de Odebrecht<br>El ahora presunto delincuente, en enero de 2005, fue nombrado por el entonces Presidente Vicente Fox como Oficial Mayor en la Secretar\u00eda de Energ\u00eda (Sener).<br>Fue nombrado director general de Petr\u00f3leos Mexicanos (Pemex) en noviembre de 2017, durante el Gobierno de Enrique Pe\u00f1a Nieto, y ocup\u00f3 ese cargo hasta finales de ese sexenio.<br>Este discutido personaje es gente cercana a el expresidente priista, Enrique Pe\u00f1a Nieto.<br>Entonces, la l\u00ednea de investigaci\u00f3n del esc\u00e1ndalo de corrupci\u00f3n Odebrecht, va a llegar a la entidad veracruzana, porque en Veracruz, este caso se refiere a la investigaci\u00f3n de presuntos sobornos pagados por la constructora brasile\u00f1a, Odebrecht, a funcionarios del gobierno estatal de ese entonces. Se vincula con la transferencia de 3.7 millones de d\u00f3lares a una empresa fantasma en Veracruz llamada Blunderbuss Company de M\u00e9xico. Adem\u00e1s, se se\u00f1ala la participaci\u00f3n de Odebrecht en proyectos de agua y energ\u00eda en el estado, con la asociaci\u00f3n del gobierno de aquella administraci\u00f3n estatal con filiales de la empresa, seg\u00fan mexicanos Contra la Corrupci\u00f3n y la Impunidad.<br>En Veracruz, el caso Odebrecht se refiere a acusaciones de corrupci\u00f3n y sobornos relacionados con contratos p\u00fablicos otorgados a la constructora brasile\u00f1a. Se se\u00f1ala que Odebrecht pag\u00f3 sobornos para obtener contratos en proyectos como la ampliaci\u00f3n de la planta de agua potable en Veracruz y un proyecto de energ\u00eda el\u00e9ctrica. Adem\u00e1s, se menciona la existencia de una empresa fantasma en Veracruz, Blunderbuss Company, a la que Odebrecht transfiri\u00f3 millones de d\u00f3lares.<br>Detalles del caso:<br>Transferencia a Blunderbuss Company:<br>Odebrecht realiz\u00f3 transferencias desde bancos en Antigua y Panam\u00e1 a Blunderbuss Company, una empresa constituida en Veracruz con domicilios en colonias populares de Poza Rica y Papantla.<br>El gobierno de Veracruz, se asoci\u00f3 con filiales de Odebrecht en proyectos de agua potable en el puerto y generaci\u00f3n de energ\u00eda el\u00e9ctrica.<br>Se identific\u00f3 al director del grupo que maneja la distribuci\u00f3n de agua en Veracruz y al fundador de tres empresas asociadas al gobierno de aquellas fechas, quienes tambi\u00e9n aparecen en el sumario Lava Jato en Brasil, que investiga sobornos a cambio de contratos p\u00fablicos.<br>Dos permisos otorgados por el gobierno de Enrique Pe\u00f1a Nieto en 2013, a Odebrecht para generar energ\u00eda el\u00e9ctrica en Veracruz, siguen vigentes.<\/p>\n","protected":false},"excerpt":{"rendered":"<p>Fanny Y\u00e9pezLa Columna En la historia de M\u00e9xico se han registrado varias intervenciones militares por parte de Estados Unidos, la m\u00e1s notable siendo la Guerra M\u00e9xico-Estados Unidos (1846-1848), donde M\u00e9xico perdi\u00f3 una gran parte de su territorio. Adem\u00e1s de esta guerra, hubo otras intervenciones, aunque no todas involucraron invasiones militares directas con grandes batallas.Guerra M\u00e9xico-Estados [&hellip;]<\/p>\n","protected":false},"author":2,"featured_media":141383,"comment_status":"closed","ping_status":"closed","sticky":false,"template":"","format":"standard","meta":{"tdm_status":"","tdm_grid_status":"","footnotes":""},"categories":[70],"tags":[123,45240,195],"class_list":{"0":"post-150693","1":"post","2":"type-post","3":"status-publish","4":"format-standard","5":"has-post-thumbnail","7":"category-de-opinion","8":"tag-estados-unidos","9":"tag-oderbrecht","10":"tag-veracruz"},"yoast_head":"<!-- This site is optimized with the Yoast SEO plugin v27.4 - https:\/\/yoast.com\/product\/yoast-seo-wordpress\/ -->\n<title>MR. TRUMP\u2026 - Los pol\u00edticos Veracruz<\/title>\n<meta name=\"robots\" content=\"index, follow, max-snippet:-1, max-image-preview:large, max-video-preview:-1\" \/>\n<link rel=\"canonical\" href=\"https:\/\/lospoliticosveracruz.com\/?p=150693\" \/>\n<meta property=\"og:locale\" content=\"es_ES\" \/>\n<meta property=\"og:type\" content=\"article\" \/>\n<meta property=\"og:title\" content=\"MR. TRUMP\u2026 - Los pol\u00edticos Veracruz\" \/>\n<meta property=\"og:description\" content=\"Fanny Y\u00e9pezLa Columna En la historia de M\u00e9xico se han registrado varias intervenciones militares por parte de Estados Unidos, la m\u00e1s notable siendo la Guerra M\u00e9xico-Estados Unidos (1846-1848), donde M\u00e9xico perdi\u00f3 una gran parte de su territorio. Adem\u00e1s de esta guerra, hubo otras intervenciones, aunque no todas involucraron invasiones militares directas con grandes batallas.Guerra M\u00e9xico-Estados [&hellip;]\" \/>\n<meta property=\"og:url\" content=\"https:\/\/lospoliticosveracruz.com\/?p=150693\" \/>\n<meta property=\"og:site_name\" content=\"Los pol\u00edticos Veracruz\" \/>\n<meta property=\"article:publisher\" content=\"https:\/\/www.facebook.com\/people\/Notimemes-de-los-Polticos\/61565672886568\/\" \/>\n<meta property=\"article:published_time\" content=\"2025-08-15T12:10:06+00:00\" \/>\n<meta property=\"article:modified_time\" content=\"2025-08-15T12:10:25+00:00\" \/>\n<meta property=\"og:image\" content=\"https:\/\/lospoliticosveracruz.com\/wp-content\/uploads\/2025\/04\/Fanny-Yepez-Luna.jpg\" \/>\n\t<meta property=\"og:image:width\" content=\"1250\" \/>\n\t<meta property=\"og:image:height\" content=\"667\" \/>\n\t<meta property=\"og:image:type\" content=\"image\/jpeg\" \/>\n<meta name=\"author\" content=\"Lo viste en Los Pol\u00edticos\" \/>\n<meta name=\"twitter:card\" content=\"summary_large_image\" \/>\n<meta name=\"twitter:creator\" content=\"@LosPoliticosVer\" \/>\n<meta name=\"twitter:site\" content=\"@LosPoliticosVer\" \/>\n<meta name=\"twitter:label1\" content=\"Escrito por\" \/>\n\t<meta name=\"twitter:data1\" content=\"Lo viste en Los Pol\u00edticos\" \/>\n\t<meta name=\"twitter:label2\" content=\"Tiempo de lectura\" \/>\n\t<meta name=\"twitter:data2\" content=\"6 minutos\" \/>\n<script type=\"application\/ld+json\" class=\"yoast-schema-graph\">{\"@context\":\"https:\\\/\\\/schema.org\",\"@graph\":[{\"@type\":\"Article\",\"@id\":\"https:\\\/\\\/lospoliticosveracruz.com\\\/?p=150693#article\",\"isPartOf\":{\"@id\":\"https:\\\/\\\/lospoliticosveracruz.com\\\/?p=150693\"},\"author\":{\"name\":\"Lo viste en Los Pol\u00edticos\",\"@id\":\"https:\\\/\\\/lospoliticosveracruz.com\\\/#\\\/schema\\\/person\\\/b8702bb0e538456e6efd07080bf2a4a2\"},\"headline\":\"MR. TRUMP\u2026\",\"datePublished\":\"2025-08-15T12:10:06+00:00\",\"dateModified\":\"2025-08-15T12:10:25+00:00\",\"mainEntityOfPage\":{\"@id\":\"https:\\\/\\\/lospoliticosveracruz.com\\\/?p=150693\"},\"wordCount\":1160,\"publisher\":{\"@id\":\"https:\\\/\\\/lospoliticosveracruz.com\\\/#organization\"},\"image\":{\"@id\":\"https:\\\/\\\/lospoliticosveracruz.com\\\/?p=150693#primaryimage\"},\"thumbnailUrl\":\"https:\\\/\\\/lospoliticosveracruz.com\\\/wp-content\\\/uploads\\\/2025\\\/04\\\/Fanny-Yepez-Luna-e1768657334923.jpg\",\"keywords\":[\"Estados Unidos\",\"Oderbrecht\",\"Veracruz\"],\"articleSection\":[\"De Opini\u00f3n\"],\"inLanguage\":\"es\"},{\"@type\":\"WebPage\",\"@id\":\"https:\\\/\\\/lospoliticosveracruz.com\\\/?p=150693\",\"url\":\"https:\\\/\\\/lospoliticosveracruz.com\\\/?p=150693\",\"name\":\"MR. TRUMP\u2026 - Los pol\u00edticos Veracruz\",\"isPartOf\":{\"@id\":\"https:\\\/\\\/lospoliticosveracruz.com\\\/#website\"},\"primaryImageOfPage\":{\"@id\":\"https:\\\/\\\/lospoliticosveracruz.com\\\/?p=150693#primaryimage\"},\"image\":{\"@id\":\"https:\\\/\\\/lospoliticosveracruz.com\\\/?p=150693#primaryimage\"},\"thumbnailUrl\":\"https:\\\/\\\/lospoliticosveracruz.com\\\/wp-content\\\/uploads\\\/2025\\\/04\\\/Fanny-Yepez-Luna-e1768657334923.jpg\",\"datePublished\":\"2025-08-15T12:10:06+00:00\",\"dateModified\":\"2025-08-15T12:10:25+00:00\",\"breadcrumb\":{\"@id\":\"https:\\\/\\\/lospoliticosveracruz.com\\\/?p=150693#breadcrumb\"},\"inLanguage\":\"es\",\"potentialAction\":[{\"@type\":\"ReadAction\",\"target\":[\"https:\\\/\\\/lospoliticosveracruz.com\\\/?p=150693\"]}]},{\"@type\":\"ImageObject\",\"inLanguage\":\"es\",\"@id\":\"https:\\\/\\\/lospoliticosveracruz.com\\\/?p=150693#primaryimage\",\"url\":\"https:\\\/\\\/lospoliticosveracruz.com\\\/wp-content\\\/uploads\\\/2025\\\/04\\\/Fanny-Yepez-Luna-e1768657334923.jpg\",\"contentUrl\":\"https:\\\/\\\/lospoliticosveracruz.com\\\/wp-content\\\/uploads\\\/2025\\\/04\\\/Fanny-Yepez-Luna-e1768657334923.jpg\",\"width\":600,\"height\":320},{\"@type\":\"BreadcrumbList\",\"@id\":\"https:\\\/\\\/lospoliticosveracruz.com\\\/?p=150693#breadcrumb\",\"itemListElement\":[{\"@type\":\"ListItem\",\"position\":1,\"name\":\"Portada\",\"item\":\"https:\\\/\\\/lospoliticosveracruz.com\\\/\"},{\"@type\":\"ListItem\",\"position\":2,\"name\":\"MR. TRUMP\u2026\"}]},{\"@type\":\"WebSite\",\"@id\":\"https:\\\/\\\/lospoliticosveracruz.com\\\/#website\",\"url\":\"https:\\\/\\\/lospoliticosveracruz.com\\\/\",\"name\":\"Los pol\u00edticos Veracruz\",\"description\":\"\",\"publisher\":{\"@id\":\"https:\\\/\\\/lospoliticosveracruz.com\\\/#organization\"},\"potentialAction\":[{\"@type\":\"SearchAction\",\"target\":{\"@type\":\"EntryPoint\",\"urlTemplate\":\"https:\\\/\\\/lospoliticosveracruz.com\\\/?s={search_term_string}\"},\"query-input\":{\"@type\":\"PropertyValueSpecification\",\"valueRequired\":true,\"valueName\":\"search_term_string\"}}],\"inLanguage\":\"es\"},{\"@type\":\"Organization\",\"@id\":\"https:\\\/\\\/lospoliticosveracruz.com\\\/#organization\",\"name\":\"Los pol\u00edticos Veracruz\",\"url\":\"https:\\\/\\\/lospoliticosveracruz.com\\\/\",\"logo\":{\"@type\":\"ImageObject\",\"inLanguage\":\"es\",\"@id\":\"https:\\\/\\\/lospoliticosveracruz.com\\\/#\\\/schema\\\/logo\\\/image\\\/\",\"url\":\"https:\\\/\\\/lospoliticosveracruz.com\\\/wp-content\\\/uploads\\\/2025\\\/12\\\/Logo-Nuevo-LOS-POLITICOS-1.jpg\",\"contentUrl\":\"https:\\\/\\\/lospoliticosveracruz.com\\\/wp-content\\\/uploads\\\/2025\\\/12\\\/Logo-Nuevo-LOS-POLITICOS-1.jpg\",\"width\":260,\"height\":70,\"caption\":\"Los pol\u00edticos Veracruz\"},\"image\":{\"@id\":\"https:\\\/\\\/lospoliticosveracruz.com\\\/#\\\/schema\\\/logo\\\/image\\\/\"},\"sameAs\":[\"https:\\\/\\\/www.facebook.com\\\/people\\\/Notimemes-de-los-Polticos\\\/61565672886568\\\/\",\"https:\\\/\\\/x.com\\\/LosPoliticosVer\"]},{\"@type\":\"Person\",\"@id\":\"https:\\\/\\\/lospoliticosveracruz.com\\\/#\\\/schema\\\/person\\\/b8702bb0e538456e6efd07080bf2a4a2\",\"name\":\"Lo viste en Los Pol\u00edticos\",\"image\":{\"@type\":\"ImageObject\",\"inLanguage\":\"es\",\"@id\":\"https:\\\/\\\/secure.gravatar.com\\\/avatar\\\/3a8de04a2656d44082be478bd6c086daa447c4651605818287b9532d3d0bd435?s=96&d=mm&r=g\",\"url\":\"https:\\\/\\\/secure.gravatar.com\\\/avatar\\\/3a8de04a2656d44082be478bd6c086daa447c4651605818287b9532d3d0bd435?s=96&d=mm&r=g\",\"contentUrl\":\"https:\\\/\\\/secure.gravatar.com\\\/avatar\\\/3a8de04a2656d44082be478bd6c086daa447c4651605818287b9532d3d0bd435?s=96&d=mm&r=g\",\"caption\":\"Lo viste en Los Pol\u00edticos\"},\"url\":\"https:\\\/\\\/lospoliticosveracruz.com\\\/?author=2\"}]}<\/script>\n<!-- \/ Yoast SEO plugin. -->","yoast_head_json":{"title":"MR. TRUMP\u2026 - Los pol\u00edticos Veracruz","robots":{"index":"index","follow":"follow","max-snippet":"max-snippet:-1","max-image-preview":"max-image-preview:large","max-video-preview":"max-video-preview:-1"},"canonical":"https:\/\/lospoliticosveracruz.com\/?p=150693","og_locale":"es_ES","og_type":"article","og_title":"MR. TRUMP\u2026 - Los pol\u00edticos Veracruz","og_description":"Fanny Y\u00e9pezLa Columna En la historia de M\u00e9xico se han registrado varias intervenciones militares por parte de Estados Unidos, la m\u00e1s notable siendo la Guerra M\u00e9xico-Estados Unidos (1846-1848), donde M\u00e9xico perdi\u00f3 una gran parte de su territorio. Adem\u00e1s de esta guerra, hubo otras intervenciones, aunque no todas involucraron invasiones militares directas con grandes batallas.Guerra M\u00e9xico-Estados [&hellip;]","og_url":"https:\/\/lospoliticosveracruz.com\/?p=150693","og_site_name":"Los pol\u00edticos Veracruz","article_publisher":"https:\/\/www.facebook.com\/people\/Notimemes-de-los-Polticos\/61565672886568\/","article_published_time":"2025-08-15T12:10:06+00:00","article_modified_time":"2025-08-15T12:10:25+00:00","og_image":[{"width":1250,"height":667,"url":"https:\/\/lospoliticosveracruz.com\/wp-content\/uploads\/2025\/04\/Fanny-Yepez-Luna.jpg","type":"image\/jpeg"}],"author":"Lo viste en Los Pol\u00edticos","twitter_card":"summary_large_image","twitter_creator":"@LosPoliticosVer","twitter_site":"@LosPoliticosVer","twitter_misc":{"Escrito por":"Lo viste en Los Pol\u00edticos","Tiempo de lectura":"6 minutos"},"schema":{"@context":"https:\/\/schema.org","@graph":[{"@type":"Article","@id":"https:\/\/lospoliticosveracruz.com\/?p=150693#article","isPartOf":{"@id":"https:\/\/lospoliticosveracruz.com\/?p=150693"},"author":{"name":"Lo viste en Los Pol\u00edticos","@id":"https:\/\/lospoliticosveracruz.com\/#\/schema\/person\/b8702bb0e538456e6efd07080bf2a4a2"},"headline":"MR. TRUMP\u2026","datePublished":"2025-08-15T12:10:06+00:00","dateModified":"2025-08-15T12:10:25+00:00","mainEntityOfPage":{"@id":"https:\/\/lospoliticosveracruz.com\/?p=150693"},"wordCount":1160,"publisher":{"@id":"https:\/\/lospoliticosveracruz.com\/#organization"},"image":{"@id":"https:\/\/lospoliticosveracruz.com\/?p=150693#primaryimage"},"thumbnailUrl":"https:\/\/lospoliticosveracruz.com\/wp-content\/uploads\/2025\/04\/Fanny-Yepez-Luna-e1768657334923.jpg","keywords":["Estados Unidos","Oderbrecht","Veracruz"],"articleSection":["De Opini\u00f3n"],"inLanguage":"es"},{"@type":"WebPage","@id":"https:\/\/lospoliticosveracruz.com\/?p=150693","url":"https:\/\/lospoliticosveracruz.com\/?p=150693","name":"MR. TRUMP\u2026 - Los pol\u00edticos Veracruz","isPartOf":{"@id":"https:\/\/lospoliticosveracruz.com\/#website"},"primaryImageOfPage":{"@id":"https:\/\/lospoliticosveracruz.com\/?p=150693#primaryimage"},"image":{"@id":"https:\/\/lospoliticosveracruz.com\/?p=150693#primaryimage"},"thumbnailUrl":"https:\/\/lospoliticosveracruz.com\/wp-content\/uploads\/2025\/04\/Fanny-Yepez-Luna-e1768657334923.jpg","datePublished":"2025-08-15T12:10:06+00:00","dateModified":"2025-08-15T12:10:25+00:00","breadcrumb":{"@id":"https:\/\/lospoliticosveracruz.com\/?p=150693#breadcrumb"},"inLanguage":"es","potentialAction":[{"@type":"ReadAction","target":["https:\/\/lospoliticosveracruz.com\/?p=150693"]}]},{"@type":"ImageObject","inLanguage":"es","@id":"https:\/\/lospoliticosveracruz.com\/?p=150693#primaryimage","url":"https:\/\/lospoliticosveracruz.com\/wp-content\/uploads\/2025\/04\/Fanny-Yepez-Luna-e1768657334923.jpg","contentUrl":"https:\/\/lospoliticosveracruz.com\/wp-content\/uploads\/2025\/04\/Fanny-Yepez-Luna-e1768657334923.jpg","width":600,"height":320},{"@type":"BreadcrumbList","@id":"https:\/\/lospoliticosveracruz.com\/?p=150693#breadcrumb","itemListElement":[{"@type":"ListItem","position":1,"name":"Portada","item":"https:\/\/lospoliticosveracruz.com\/"},{"@type":"ListItem","position":2,"name":"MR. TRUMP\u2026"}]},{"@type":"WebSite","@id":"https:\/\/lospoliticosveracruz.com\/#website","url":"https:\/\/lospoliticosveracruz.com\/","name":"Los pol\u00edticos Veracruz","description":"","publisher":{"@id":"https:\/\/lospoliticosveracruz.com\/#organization"},"potentialAction":[{"@type":"SearchAction","target":{"@type":"EntryPoint","urlTemplate":"https:\/\/lospoliticosveracruz.com\/?s={search_term_string}"},"query-input":{"@type":"PropertyValueSpecification","valueRequired":true,"valueName":"search_term_string"}}],"inLanguage":"es"},{"@type":"Organization","@id":"https:\/\/lospoliticosveracruz.com\/#organization","name":"Los pol\u00edticos Veracruz","url":"https:\/\/lospoliticosveracruz.com\/","logo":{"@type":"ImageObject","inLanguage":"es","@id":"https:\/\/lospoliticosveracruz.com\/#\/schema\/logo\/image\/","url":"https:\/\/lospoliticosveracruz.com\/wp-content\/uploads\/2025\/12\/Logo-Nuevo-LOS-POLITICOS-1.jpg","contentUrl":"https:\/\/lospoliticosveracruz.com\/wp-content\/uploads\/2025\/12\/Logo-Nuevo-LOS-POLITICOS-1.jpg","width":260,"height":70,"caption":"Los pol\u00edticos Veracruz"},"image":{"@id":"https:\/\/lospoliticosveracruz.com\/#\/schema\/logo\/image\/"},"sameAs":["https:\/\/www.facebook.com\/people\/Notimemes-de-los-Polticos\/61565672886568\/","https:\/\/x.com\/LosPoliticosVer"]},{"@type":"Person","@id":"https:\/\/lospoliticosveracruz.com\/#\/schema\/person\/b8702bb0e538456e6efd07080bf2a4a2","name":"Lo viste en Los Pol\u00edticos","image":{"@type":"ImageObject","inLanguage":"es","@id":"https:\/\/secure.gravatar.com\/avatar\/3a8de04a2656d44082be478bd6c086daa447c4651605818287b9532d3d0bd435?s=96&d=mm&r=g","url":"https:\/\/secure.gravatar.com\/avatar\/3a8de04a2656d44082be478bd6c086daa447c4651605818287b9532d3d0bd435?s=96&d=mm&r=g","contentUrl":"https:\/\/secure.gravatar.com\/avatar\/3a8de04a2656d44082be478bd6c086daa447c4651605818287b9532d3d0bd435?s=96&d=mm&r=g","caption":"Lo viste en Los Pol\u00edticos"},"url":"https:\/\/lospoliticosveracruz.com\/?author=2"}]}},"_links":{"self":[{"href":"https:\/\/lospoliticosveracruz.com\/index.php?rest_route=\/wp\/v2\/posts\/150693","targetHints":{"allow":["GET"]}}],"collection":[{"href":"https:\/\/lospoliticosveracruz.com\/index.php?rest_route=\/wp\/v2\/posts"}],"about":[{"href":"https:\/\/lospoliticosveracruz.com\/index.php?rest_route=\/wp\/v2\/types\/post"}],"author":[{"embeddable":true,"href":"https:\/\/lospoliticosveracruz.com\/index.php?rest_route=\/wp\/v2\/users\/2"}],"replies":[{"embeddable":true,"href":"https:\/\/lospoliticosveracruz.com\/index.php?rest_route=%2Fwp%2Fv2%2Fcomments&post=150693"}],"version-history":[{"count":1,"href":"https:\/\/lospoliticosveracruz.com\/index.php?rest_route=\/wp\/v2\/posts\/150693\/revisions"}],"predecessor-version":[{"id":150694,"href":"https:\/\/lospoliticosveracruz.com\/index.php?rest_route=\/wp\/v2\/posts\/150693\/revisions\/150694"}],"wp:featuredmedia":[{"embeddable":true,"href":"https:\/\/lospoliticosveracruz.com\/index.php?rest_route=\/wp\/v2\/media\/141383"}],"wp:attachment":[{"href":"https:\/\/lospoliticosveracruz.com\/index.php?rest_route=%2Fwp%2Fv2%2Fmedia&parent=150693"}],"wp:term":[{"taxonomy":"category","embeddable":true,"href":"https:\/\/lospoliticosveracruz.com\/index.php?rest_route=%2Fwp%2Fv2%2Fcategories&post=150693"},{"taxonomy":"post_tag","embeddable":true,"href":"https:\/\/lospoliticosveracruz.com\/index.php?rest_route=%2Fwp%2Fv2%2Ftags&post=150693"}],"curies":[{"name":"wp","href":"https:\/\/api.w.org\/{rel}","templated":true}]}}