{"id":150706,"date":"2025-08-15T09:26:21","date_gmt":"2025-08-15T14:26:21","guid":{"rendered":"https:\/\/lospoliticosveracruz.com.mx\/?p=150706"},"modified":"2025-08-15T09:27:22","modified_gmt":"2025-08-15T14:27:22","slug":"academicos-del-snii-contra-la-prorroga","status":"publish","type":"post","link":"https:\/\/lospoliticosveracruz.com\/?p=150706","title":{"rendered":"ACAD\u00c9MICOS DEL SNII CONTRA LA PR\u00d3RROGA"},"content":{"rendered":"\n\n\n<p><strong>Miguel Casillas<\/strong><\/p>\n\n\n\n<p>En una&nbsp;<strong>universidad<\/strong>&nbsp;despolitizada, sin pr\u00e1cticas democr\u00e1ticas arraigadas, con un antecedente autoritario de a\u00f1os, con una legislaci\u00f3n centralista y con autoridades que de manera deliberada inhiben la libre expresi\u00f3n de los integrantes de la comunidad, es notorio que un grupo de&nbsp;<strong>acad\u00e9micos<\/strong>&nbsp;levante la voz y fije una clara postura en defensa de la&nbsp;<strong>legalidad<\/strong>.<\/p>\n\n\n\n<p>En la actual coyuntura son muchos los comunicados contra la&nbsp;<strong>pr\u00f3rroga<\/strong>, est\u00e1n los de los&nbsp;<strong>ex rectores<\/strong>, los de una veintena de ex integrantes de la&nbsp;<strong>Junta de Gobierno<\/strong>, los de un amplio grupo de juristas prestigiosos de la&nbsp;<strong>Universidad<\/strong>; por supuesto est\u00e1n los comunicados de juntas acad\u00e9micas y consejos t\u00e9cnicos que se oponen a la&nbsp;<strong>pr\u00f3rroga<\/strong>, muchos de los cuales fueron le\u00eddos de modo valiente en la \u00faltima sesi\u00f3n del&nbsp;<strong>Consejo Universitario<\/strong>. A la&nbsp;<strong>Red UV por la legalidad<\/strong>&nbsp;se han adherido cientos de universitarios y sus comunicados tienen cada vez m\u00e1s firmantes. Son cientos los art\u00edculos y notas de prensa que se han escrito contra la arbitraria decisi\u00f3n de la&nbsp;<strong>Junta<\/strong>&nbsp;y suman miles las expresiones de rechazo en las redes sociales. Hoy se manifiestan los&nbsp;<strong>investigadores del SNII<\/strong>.<\/p>\n\n\n\n<p>Frente a la resistencia contra la&nbsp;<strong>pr\u00f3rroga<\/strong>&nbsp;se ha levantado una enorme campa\u00f1a de desinformaci\u00f3n y un muy complejo andamiaje de amenazas, supervisiones, vigilancia y control. El autoritarismo trata de imponerse, pero le est\u00e1 resultando contraproducente: a m\u00e1s amenazas y vigilancia, mayor indignaci\u00f3n de los&nbsp;<strong>universitarios<\/strong>&nbsp;que no se dejan mangonear. Frente a la arbitrariedad y el abuso hoy levanta su voz el poder&nbsp;<strong>acad\u00e9mico<\/strong>.<\/p>\n\n\n\n<p>En este contexto resulta muy significativo el comunicado que firman casi 80&nbsp;<strong>acad\u00e9micas<\/strong>&nbsp;y&nbsp;<strong>acad\u00e9micos<\/strong>&nbsp;integrantes del&nbsp;<strong>Sistema Nacional de Investigadoras e Investigadores (SNII)<\/strong>&nbsp;contra la&nbsp;<strong>pr\u00f3rroga<\/strong>. Afirman:<\/p>\n\n\n\n<p>\u201cConscientes de la crisis institucional que atraviesa la&nbsp;<strong>Universidad Veracruzana<\/strong>, derivada de la&nbsp;<strong>pr\u00f3rroga ilegal<\/strong>&nbsp;que la&nbsp;<strong>Junta de Gobierno<\/strong>&nbsp;otorg\u00f3 al rector saliente&nbsp;<strong>Mart\u00edn Gerardo Aguilar S\u00e1nchez<\/strong>&nbsp;para extender ileg\u00edtimamente su gesti\u00f3n para el periodo 2025\u20132029, las y los miembros del&nbsp;<strong>Sistema Nacional de Investigadoras e Investigadores<\/strong>&nbsp;de la&nbsp;<strong>UV<\/strong>, nos manifestamos firmemente contra esta violaci\u00f3n del orden normativo universitario. Exigimos que la&nbsp;<strong>Junta de Gobierno<\/strong>&nbsp;revierta el acuerdo que otorg\u00f3 la&nbsp;<strong>pr\u00f3rroga<\/strong>, restituya el camino hacia la legalidad y expida la convocatoria correspondiente para abrir el debido proceso de designaci\u00f3n de la persona titular de la&nbsp;<strong>Rector\u00eda<\/strong>&nbsp;conforme a la normatividad vigente.\u201d<\/p>\n\n\n\n<p>Firman la carta muy distinguidos&nbsp;<strong>acad\u00e9micos<\/strong>. Hay de todas las \u00e1reas y de diferentes regiones; mujeres y hombres de todos los niveles del&nbsp;<strong>SNII<\/strong>, desde los&nbsp;<strong>em\u00e9ritos<\/strong>&nbsp;hasta los&nbsp;<strong>candidatos a investigador nacional<\/strong>. Estamos hablando de lo m\u00e1s granado de la investigaci\u00f3n cient\u00edfica universitaria, de&nbsp;<strong>profesores<\/strong>&nbsp;y&nbsp;<strong>profesoras<\/strong>&nbsp;de un enorme prestigio acad\u00e9mico, poseedores de muy elevadas credenciales y con una muy significativa productividad como resultado de sus investigaciones. Son autores de libros y art\u00edculos cient\u00edficos, grandes docentes y directores de tesis, pero tambi\u00e9n son importantes divulgadores de sus conocimientos especializados. Su alto capital acad\u00e9mico favorece su participaci\u00f3n en redes, jurados, comisiones de evaluaci\u00f3n y una variedad de organismos cient\u00edficos. Son los l\u00edderes acad\u00e9micos de sus campos de conocimiento, son quienes sostienen los programas de&nbsp;<strong>posgrado<\/strong>&nbsp;de excelencia y quienes conducen con su experiencia los proyectos de vinculaci\u00f3n y servicios que ofrece la&nbsp;<strong>Universidad<\/strong>.<\/p>\n\n\n\n<p>La voz de las y los&nbsp;<strong>acad\u00e9micos<\/strong>&nbsp;del&nbsp;<strong>SNII<\/strong>&nbsp;se sostiene en su autoridad acad\u00e9mica, en su prestigio y en su producci\u00f3n cient\u00edfica. Viven de y para la&nbsp;<strong>universidad<\/strong>&nbsp;y el trabajo acad\u00e9mico. Por tanto, emiten una voz autorizada, leg\u00edtima y digna, que ahora se levanta para rechazar la imposici\u00f3n de una terrible arbitrariedad.<\/p>\n\n\n\n<p>Firman el documento los doctores&nbsp;<strong>Ros\u00edo C\u00f3rdova Plaza<\/strong>,&nbsp;<strong>C\u00e9sar Ignacio Beristain Guevara<\/strong>,&nbsp;<strong>Carmen Bl\u00e1zquez Dom\u00ednguez<\/strong>,&nbsp;<strong>Celia del Palacio<\/strong>,&nbsp;<strong>Jorge Manzo Denes<\/strong>,&nbsp;<strong>Mar\u00eda Elena Hern\u00e1ndez Aguilar<\/strong>,&nbsp;<strong>Martha Elena Mungu\u00eda Zatarain<\/strong>,&nbsp;<strong>Adalberto Tejeda Mart\u00ednez<\/strong>,&nbsp;<strong>Alfredo P\u00e9rez Pavon<\/strong>,&nbsp;<strong>Armando J. Mart\u00ednez Chac\u00f3n<\/strong>,&nbsp;<strong>Consuelo Morgado Valle<\/strong>,&nbsp;<strong>Edward A. Ellis<\/strong>,&nbsp;<strong>Ernesto Trevi\u00f1o Ronz\u00f3n<\/strong>,&nbsp;<strong>Genaro A. Coria Avila<\/strong>,&nbsp;<strong>Jaime Fisher y Salazar<\/strong>,&nbsp;<strong>Jeysira Jacqueline Dorantes Carri\u00f3n<\/strong>,&nbsp;<strong>Luis Beltr\u00e1n Parrazal<\/strong>,&nbsp;<strong>Luis I. Garc\u00eda Hern\u00e1ndez<\/strong>,&nbsp;<strong>Luis Juventino Garc\u00eda Ru\u00edz<\/strong>,&nbsp;<strong>Miguel Casillas<\/strong>,&nbsp;<strong>Myrna Hern\u00e1ndez Matus<\/strong>,&nbsp;<strong>Noe Vel\u00e1zquez Rosas<\/strong>,&nbsp;<strong>Norma Ang\u00e9lica Cuevas Velasco<\/strong>,&nbsp;<strong>Pablo Sol Mora<\/strong>,&nbsp;<strong>Rodrigo Garc\u00eda de la Sienra<\/strong>,&nbsp;<strong>Tania Romo Gonz\u00e1lez de la Parra<\/strong>,&nbsp;<strong>Yovana Celaya Nandez<\/strong>,&nbsp;<strong>Zaira Julieta Dom\u00ednguez Esquivel<\/strong>,&nbsp;<strong>Abraham Cuesta Borges<\/strong>,&nbsp;<strong>Alejandro Le\u00f3n Maldonado<\/strong>,&nbsp;<strong>Alejandro Salinas<\/strong>,&nbsp;<strong>Ara Varsovia Hern\u00e1ndez Eslava<\/strong>,&nbsp;<strong>Araceli Aguilar Melendez<\/strong>,&nbsp;<strong>Carlos H. \u00c1vila Bello<\/strong>,&nbsp;<strong>Carlos Roberto Cerd\u00e1n Cabrera<\/strong>,&nbsp;<strong>Carlos Ruz Sald\u00edvar<\/strong>,&nbsp;<strong>Claudia Elisa Gidi Blanchet<\/strong>,&nbsp;<strong>Cuauhtemoc Campuzano<\/strong>,&nbsp;<strong>Deissy Herrera Covarrubias<\/strong>,&nbsp;<strong>Donaj\u00ed Cu\u00e9llar Escamilla<\/strong>,&nbsp;<strong>Enrique Flores Andrade<\/strong>,&nbsp;<strong>Evodia Silva Rivera<\/strong>,&nbsp;<strong>Francisco Sergio Salem Silva<\/strong>,&nbsp;<strong>Gerardo Alvarado Castillo<\/strong>,&nbsp;<strong>Gerardo Antonio Galindo Pel\u00e1ez<\/strong>,&nbsp;<strong>Hubonor Ayala Flores<\/strong>,&nbsp;<strong>Hugo P\u00e9rez Pastenes<\/strong>,&nbsp;<strong>Jaime Jim\u00e9nez Guzm\u00e1n<\/strong>,&nbsp;<strong>Jos\u00e9 Luis Cuevas Gayosso<\/strong>,&nbsp;<strong>Jos\u00e9 Rigoberto Gabriel Arg\u00fcelles<\/strong>,&nbsp;<strong>Karla Paola Mart\u00ednez R\u00e1mila<\/strong>,&nbsp;<strong>Laura Oliva Z\u00e1rate<\/strong>,&nbsp;<strong>Luis Alfredo Dupont Garc\u00eda<\/strong>,&nbsp;<strong>Ma. Rebeca Toledo C\u00e1rdenas<\/strong>,&nbsp;<strong>Maria del Socorro Herrera Meza<\/strong>,&nbsp;<strong>Mar\u00eda Malva Flores Garc\u00eda<\/strong>,&nbsp;<strong>Nora M. Basurto Santos<\/strong>,&nbsp;<strong>Octavio Hidalgo Vel\u00e1squez<\/strong>,&nbsp;<strong>Rafael Vela Mart\u00ednez<\/strong>,&nbsp;<strong>Raquel Velasco Gonz\u00e1lez<\/strong>,&nbsp;<strong>Raquiel L\u00f3pez Mart\u00ednez<\/strong>,&nbsp;<strong>Ricardo Javier Mercado del Collado<\/strong>,&nbsp;<strong>Roberto Cruz Arzabal<\/strong>,&nbsp;<strong>Rosa Marina Madrid Paredones<\/strong>,&nbsp;<strong>Sara Huerta Gonz\u00e1lez<\/strong>,&nbsp;<strong>Sendy Mel\u00e9ndez Ch\u00e1vez<\/strong>,&nbsp;<strong>Sergio Francisco Ju\u00e1rez Cerrillo<\/strong>,&nbsp;<strong>Adriano Fabre Armando<\/strong>,&nbsp;<strong>Carlos Hilario Silverio<\/strong>,&nbsp;<strong>Diana Hern\u00e1ndez Su\u00e1rez<\/strong>,&nbsp;<strong>Ernesto Pedro Men\u00e9ndez Acu\u00f1a<\/strong>,&nbsp;<strong>Gloria Esperanza De Dios Le\u00f3n<\/strong>,&nbsp;<strong>Imelda Torres Sandoval<\/strong>,&nbsp;<strong>Ismael Guzm\u00e1n Barrera<\/strong>,&nbsp;<strong>Jos\u00e9 Miguel Barajas Garc\u00eda<\/strong>,&nbsp;<strong>Karen Happeth Cuevas Castel\u00e1n<\/strong>,&nbsp;<strong>Miriam Barradas Moctezuma<\/strong>,&nbsp;<strong>M\u00f3nica Mendoza Madrigal<\/strong>.<\/p>\n\n\n\n<p><\/p>\n","protected":false},"excerpt":{"rendered":"<p>Miguel Casillas En una&nbsp;universidad&nbsp;despolitizada, sin pr\u00e1cticas democr\u00e1ticas arraigadas, con un antecedente autoritario de a\u00f1os, con una legislaci\u00f3n centralista y con autoridades que de manera deliberada inhiben la libre expresi\u00f3n de los integrantes de la comunidad, es notorio que un grupo de&nbsp;acad\u00e9micos&nbsp;levante la voz y fije una clara postura en defensa de la&nbsp;legalidad. En la actual [&hellip;]<\/p>\n","protected":false},"author":2,"featured_media":130573,"comment_status":"closed","ping_status":"closed","sticky":false,"template":"","format":"standard","meta":{"tdm_status":"","tdm_grid_status":"","footnotes":""},"categories":[70],"tags":[44346,45256,29805,45255,45254],"class_list":{"0":"post-150706","1":"post","2":"type-post","3":"status-publish","4":"format-standard","5":"has-post-thumbnail","7":"category-de-opinion","8":"tag-junta-de-gobierno-uv","9":"tag-legalidad-universitaria-mexico","10":"tag-martin-gerardo-aguilar-sanchez","11":"tag-snii-academicos-uv","12":"tag-universidad-veracruzana-prorroga-rector"},"yoast_head":"<!-- This site is optimized with the Yoast SEO plugin v27.4 - https:\/\/yoast.com\/product\/yoast-seo-wordpress\/ -->\n<title>ACAD\u00c9MICOS DEL SNII CONTRA LA PR\u00d3RROGA - Los pol\u00edticos Veracruz<\/title>\n<meta name=\"robots\" content=\"index, follow, max-snippet:-1, max-image-preview:large, max-video-preview:-1\" \/>\n<link rel=\"canonical\" href=\"https:\/\/lospoliticosveracruz.com\/?p=150706\" \/>\n<meta property=\"og:locale\" content=\"es_ES\" \/>\n<meta property=\"og:type\" content=\"article\" \/>\n<meta property=\"og:title\" content=\"ACAD\u00c9MICOS DEL SNII CONTRA LA PR\u00d3RROGA - Los pol\u00edticos Veracruz\" \/>\n<meta property=\"og:description\" content=\"Miguel Casillas En una&nbsp;universidad&nbsp;despolitizada, sin pr\u00e1cticas democr\u00e1ticas arraigadas, con un antecedente autoritario de a\u00f1os, con una legislaci\u00f3n centralista y con autoridades que de manera deliberada inhiben la libre expresi\u00f3n de los integrantes de la comunidad, es notorio que un grupo de&nbsp;acad\u00e9micos&nbsp;levante la voz y fije una clara postura en defensa de la&nbsp;legalidad. En la actual [&hellip;]\" \/>\n<meta property=\"og:url\" content=\"https:\/\/lospoliticosveracruz.com\/?p=150706\" \/>\n<meta property=\"og:site_name\" content=\"Los pol\u00edticos Veracruz\" \/>\n<meta property=\"article:publisher\" content=\"https:\/\/www.facebook.com\/people\/Notimemes-de-los-Polticos\/61565672886568\/\" \/>\n<meta property=\"article:published_time\" content=\"2025-08-15T14:26:21+00:00\" \/>\n<meta property=\"article:modified_time\" content=\"2025-08-15T14:27:22+00:00\" \/>\n<meta property=\"og:image\" content=\"https:\/\/lospoliticosveracruz.com\/wp-content\/uploads\/2024\/09\/Opinion.jpg\" \/>\n\t<meta property=\"og:image:width\" content=\"600\" \/>\n\t<meta property=\"og:image:height\" content=\"320\" \/>\n\t<meta property=\"og:image:type\" content=\"image\/jpeg\" \/>\n<meta name=\"author\" content=\"Lo viste en Los Pol\u00edticos\" \/>\n<meta name=\"twitter:card\" content=\"summary_large_image\" \/>\n<meta name=\"twitter:creator\" content=\"@LosPoliticosVer\" \/>\n<meta name=\"twitter:site\" content=\"@LosPoliticosVer\" \/>\n<meta name=\"twitter:label1\" content=\"Escrito por\" \/>\n\t<meta name=\"twitter:data1\" content=\"Lo viste en Los Pol\u00edticos\" \/>\n\t<meta name=\"twitter:label2\" content=\"Tiempo de lectura\" \/>\n\t<meta name=\"twitter:data2\" content=\"6 minutos\" \/>\n<script type=\"application\/ld+json\" class=\"yoast-schema-graph\">{\"@context\":\"https:\\\/\\\/schema.org\",\"@graph\":[{\"@type\":\"Article\",\"@id\":\"https:\\\/\\\/lospoliticosveracruz.com\\\/?p=150706#article\",\"isPartOf\":{\"@id\":\"https:\\\/\\\/lospoliticosveracruz.com\\\/?p=150706\"},\"author\":{\"name\":\"Lo viste en Los Pol\u00edticos\",\"@id\":\"https:\\\/\\\/lospoliticosveracruz.com\\\/#\\\/schema\\\/person\\\/b8702bb0e538456e6efd07080bf2a4a2\"},\"headline\":\"ACAD\u00c9MICOS DEL SNII CONTRA LA PR\u00d3RROGA\",\"datePublished\":\"2025-08-15T14:26:21+00:00\",\"dateModified\":\"2025-08-15T14:27:22+00:00\",\"mainEntityOfPage\":{\"@id\":\"https:\\\/\\\/lospoliticosveracruz.com\\\/?p=150706\"},\"wordCount\":1123,\"publisher\":{\"@id\":\"https:\\\/\\\/lospoliticosveracruz.com\\\/#organization\"},\"image\":{\"@id\":\"https:\\\/\\\/lospoliticosveracruz.com\\\/?p=150706#primaryimage\"},\"thumbnailUrl\":\"https:\\\/\\\/lospoliticosveracruz.com\\\/wp-content\\\/uploads\\\/2024\\\/09\\\/Opinion.jpg\",\"keywords\":[\"Junta de Gobierno UV\",\"legalidad universitaria M\u00e9xico\",\"Mart\u00edn Gerardo Aguilar S\u00e1nchez\",\"SNII acad\u00e9micos UV\",\"Universidad Veracruzana pr\u00f3rroga rector\"],\"articleSection\":[\"De Opini\u00f3n\"],\"inLanguage\":\"es\"},{\"@type\":\"WebPage\",\"@id\":\"https:\\\/\\\/lospoliticosveracruz.com\\\/?p=150706\",\"url\":\"https:\\\/\\\/lospoliticosveracruz.com\\\/?p=150706\",\"name\":\"ACAD\u00c9MICOS DEL SNII CONTRA LA PR\u00d3RROGA - Los pol\u00edticos Veracruz\",\"isPartOf\":{\"@id\":\"https:\\\/\\\/lospoliticosveracruz.com\\\/#website\"},\"primaryImageOfPage\":{\"@id\":\"https:\\\/\\\/lospoliticosveracruz.com\\\/?p=150706#primaryimage\"},\"image\":{\"@id\":\"https:\\\/\\\/lospoliticosveracruz.com\\\/?p=150706#primaryimage\"},\"thumbnailUrl\":\"https:\\\/\\\/lospoliticosveracruz.com\\\/wp-content\\\/uploads\\\/2024\\\/09\\\/Opinion.jpg\",\"datePublished\":\"2025-08-15T14:26:21+00:00\",\"dateModified\":\"2025-08-15T14:27:22+00:00\",\"breadcrumb\":{\"@id\":\"https:\\\/\\\/lospoliticosveracruz.com\\\/?p=150706#breadcrumb\"},\"inLanguage\":\"es\",\"potentialAction\":[{\"@type\":\"ReadAction\",\"target\":[\"https:\\\/\\\/lospoliticosveracruz.com\\\/?p=150706\"]}]},{\"@type\":\"ImageObject\",\"inLanguage\":\"es\",\"@id\":\"https:\\\/\\\/lospoliticosveracruz.com\\\/?p=150706#primaryimage\",\"url\":\"https:\\\/\\\/lospoliticosveracruz.com\\\/wp-content\\\/uploads\\\/2024\\\/09\\\/Opinion.jpg\",\"contentUrl\":\"https:\\\/\\\/lospoliticosveracruz.com\\\/wp-content\\\/uploads\\\/2024\\\/09\\\/Opinion.jpg\",\"width\":600,\"height\":320},{\"@type\":\"BreadcrumbList\",\"@id\":\"https:\\\/\\\/lospoliticosveracruz.com\\\/?p=150706#breadcrumb\",\"itemListElement\":[{\"@type\":\"ListItem\",\"position\":1,\"name\":\"Portada\",\"item\":\"https:\\\/\\\/lospoliticosveracruz.com\\\/\"},{\"@type\":\"ListItem\",\"position\":2,\"name\":\"ACAD\u00c9MICOS DEL SNII CONTRA LA PR\u00d3RROGA\"}]},{\"@type\":\"WebSite\",\"@id\":\"https:\\\/\\\/lospoliticosveracruz.com\\\/#website\",\"url\":\"https:\\\/\\\/lospoliticosveracruz.com\\\/\",\"name\":\"Los pol\u00edticos Veracruz\",\"description\":\"\",\"publisher\":{\"@id\":\"https:\\\/\\\/lospoliticosveracruz.com\\\/#organization\"},\"potentialAction\":[{\"@type\":\"SearchAction\",\"target\":{\"@type\":\"EntryPoint\",\"urlTemplate\":\"https:\\\/\\\/lospoliticosveracruz.com\\\/?s={search_term_string}\"},\"query-input\":{\"@type\":\"PropertyValueSpecification\",\"valueRequired\":true,\"valueName\":\"search_term_string\"}}],\"inLanguage\":\"es\"},{\"@type\":\"Organization\",\"@id\":\"https:\\\/\\\/lospoliticosveracruz.com\\\/#organization\",\"name\":\"Los pol\u00edticos Veracruz\",\"url\":\"https:\\\/\\\/lospoliticosveracruz.com\\\/\",\"logo\":{\"@type\":\"ImageObject\",\"inLanguage\":\"es\",\"@id\":\"https:\\\/\\\/lospoliticosveracruz.com\\\/#\\\/schema\\\/logo\\\/image\\\/\",\"url\":\"https:\\\/\\\/lospoliticosveracruz.com\\\/wp-content\\\/uploads\\\/2025\\\/12\\\/Logo-Nuevo-LOS-POLITICOS-1.jpg\",\"contentUrl\":\"https:\\\/\\\/lospoliticosveracruz.com\\\/wp-content\\\/uploads\\\/2025\\\/12\\\/Logo-Nuevo-LOS-POLITICOS-1.jpg\",\"width\":260,\"height\":70,\"caption\":\"Los pol\u00edticos Veracruz\"},\"image\":{\"@id\":\"https:\\\/\\\/lospoliticosveracruz.com\\\/#\\\/schema\\\/logo\\\/image\\\/\"},\"sameAs\":[\"https:\\\/\\\/www.facebook.com\\\/people\\\/Notimemes-de-los-Polticos\\\/61565672886568\\\/\",\"https:\\\/\\\/x.com\\\/LosPoliticosVer\"]},{\"@type\":\"Person\",\"@id\":\"https:\\\/\\\/lospoliticosveracruz.com\\\/#\\\/schema\\\/person\\\/b8702bb0e538456e6efd07080bf2a4a2\",\"name\":\"Lo viste en Los Pol\u00edticos\",\"image\":{\"@type\":\"ImageObject\",\"inLanguage\":\"es\",\"@id\":\"https:\\\/\\\/secure.gravatar.com\\\/avatar\\\/3a8de04a2656d44082be478bd6c086daa447c4651605818287b9532d3d0bd435?s=96&d=mm&r=g\",\"url\":\"https:\\\/\\\/secure.gravatar.com\\\/avatar\\\/3a8de04a2656d44082be478bd6c086daa447c4651605818287b9532d3d0bd435?s=96&d=mm&r=g\",\"contentUrl\":\"https:\\\/\\\/secure.gravatar.com\\\/avatar\\\/3a8de04a2656d44082be478bd6c086daa447c4651605818287b9532d3d0bd435?s=96&d=mm&r=g\",\"caption\":\"Lo viste en Los Pol\u00edticos\"},\"url\":\"https:\\\/\\\/lospoliticosveracruz.com\\\/?author=2\"}]}<\/script>\n<!-- \/ Yoast SEO plugin. -->","yoast_head_json":{"title":"ACAD\u00c9MICOS DEL SNII CONTRA LA PR\u00d3RROGA - Los pol\u00edticos Veracruz","robots":{"index":"index","follow":"follow","max-snippet":"max-snippet:-1","max-image-preview":"max-image-preview:large","max-video-preview":"max-video-preview:-1"},"canonical":"https:\/\/lospoliticosveracruz.com\/?p=150706","og_locale":"es_ES","og_type":"article","og_title":"ACAD\u00c9MICOS DEL SNII CONTRA LA PR\u00d3RROGA - Los pol\u00edticos Veracruz","og_description":"Miguel Casillas En una&nbsp;universidad&nbsp;despolitizada, sin pr\u00e1cticas democr\u00e1ticas arraigadas, con un antecedente autoritario de a\u00f1os, con una legislaci\u00f3n centralista y con autoridades que de manera deliberada inhiben la libre expresi\u00f3n de los integrantes de la comunidad, es notorio que un grupo de&nbsp;acad\u00e9micos&nbsp;levante la voz y fije una clara postura en defensa de la&nbsp;legalidad. En la actual [&hellip;]","og_url":"https:\/\/lospoliticosveracruz.com\/?p=150706","og_site_name":"Los pol\u00edticos Veracruz","article_publisher":"https:\/\/www.facebook.com\/people\/Notimemes-de-los-Polticos\/61565672886568\/","article_published_time":"2025-08-15T14:26:21+00:00","article_modified_time":"2025-08-15T14:27:22+00:00","og_image":[{"width":600,"height":320,"url":"https:\/\/lospoliticosveracruz.com\/wp-content\/uploads\/2024\/09\/Opinion.jpg","type":"image\/jpeg"}],"author":"Lo viste en Los Pol\u00edticos","twitter_card":"summary_large_image","twitter_creator":"@LosPoliticosVer","twitter_site":"@LosPoliticosVer","twitter_misc":{"Escrito por":"Lo viste en Los Pol\u00edticos","Tiempo de lectura":"6 minutos"},"schema":{"@context":"https:\/\/schema.org","@graph":[{"@type":"Article","@id":"https:\/\/lospoliticosveracruz.com\/?p=150706#article","isPartOf":{"@id":"https:\/\/lospoliticosveracruz.com\/?p=150706"},"author":{"name":"Lo viste en Los Pol\u00edticos","@id":"https:\/\/lospoliticosveracruz.com\/#\/schema\/person\/b8702bb0e538456e6efd07080bf2a4a2"},"headline":"ACAD\u00c9MICOS DEL SNII CONTRA LA PR\u00d3RROGA","datePublished":"2025-08-15T14:26:21+00:00","dateModified":"2025-08-15T14:27:22+00:00","mainEntityOfPage":{"@id":"https:\/\/lospoliticosveracruz.com\/?p=150706"},"wordCount":1123,"publisher":{"@id":"https:\/\/lospoliticosveracruz.com\/#organization"},"image":{"@id":"https:\/\/lospoliticosveracruz.com\/?p=150706#primaryimage"},"thumbnailUrl":"https:\/\/lospoliticosveracruz.com\/wp-content\/uploads\/2024\/09\/Opinion.jpg","keywords":["Junta de Gobierno UV","legalidad universitaria M\u00e9xico","Mart\u00edn Gerardo Aguilar S\u00e1nchez","SNII acad\u00e9micos UV","Universidad Veracruzana pr\u00f3rroga rector"],"articleSection":["De Opini\u00f3n"],"inLanguage":"es"},{"@type":"WebPage","@id":"https:\/\/lospoliticosveracruz.com\/?p=150706","url":"https:\/\/lospoliticosveracruz.com\/?p=150706","name":"ACAD\u00c9MICOS DEL SNII CONTRA LA PR\u00d3RROGA - Los pol\u00edticos Veracruz","isPartOf":{"@id":"https:\/\/lospoliticosveracruz.com\/#website"},"primaryImageOfPage":{"@id":"https:\/\/lospoliticosveracruz.com\/?p=150706#primaryimage"},"image":{"@id":"https:\/\/lospoliticosveracruz.com\/?p=150706#primaryimage"},"thumbnailUrl":"https:\/\/lospoliticosveracruz.com\/wp-content\/uploads\/2024\/09\/Opinion.jpg","datePublished":"2025-08-15T14:26:21+00:00","dateModified":"2025-08-15T14:27:22+00:00","breadcrumb":{"@id":"https:\/\/lospoliticosveracruz.com\/?p=150706#breadcrumb"},"inLanguage":"es","potentialAction":[{"@type":"ReadAction","target":["https:\/\/lospoliticosveracruz.com\/?p=150706"]}]},{"@type":"ImageObject","inLanguage":"es","@id":"https:\/\/lospoliticosveracruz.com\/?p=150706#primaryimage","url":"https:\/\/lospoliticosveracruz.com\/wp-content\/uploads\/2024\/09\/Opinion.jpg","contentUrl":"https:\/\/lospoliticosveracruz.com\/wp-content\/uploads\/2024\/09\/Opinion.jpg","width":600,"height":320},{"@type":"BreadcrumbList","@id":"https:\/\/lospoliticosveracruz.com\/?p=150706#breadcrumb","itemListElement":[{"@type":"ListItem","position":1,"name":"Portada","item":"https:\/\/lospoliticosveracruz.com\/"},{"@type":"ListItem","position":2,"name":"ACAD\u00c9MICOS DEL SNII CONTRA LA PR\u00d3RROGA"}]},{"@type":"WebSite","@id":"https:\/\/lospoliticosveracruz.com\/#website","url":"https:\/\/lospoliticosveracruz.com\/","name":"Los pol\u00edticos Veracruz","description":"","publisher":{"@id":"https:\/\/lospoliticosveracruz.com\/#organization"},"potentialAction":[{"@type":"SearchAction","target":{"@type":"EntryPoint","urlTemplate":"https:\/\/lospoliticosveracruz.com\/?s={search_term_string}"},"query-input":{"@type":"PropertyValueSpecification","valueRequired":true,"valueName":"search_term_string"}}],"inLanguage":"es"},{"@type":"Organization","@id":"https:\/\/lospoliticosveracruz.com\/#organization","name":"Los pol\u00edticos Veracruz","url":"https:\/\/lospoliticosveracruz.com\/","logo":{"@type":"ImageObject","inLanguage":"es","@id":"https:\/\/lospoliticosveracruz.com\/#\/schema\/logo\/image\/","url":"https:\/\/lospoliticosveracruz.com\/wp-content\/uploads\/2025\/12\/Logo-Nuevo-LOS-POLITICOS-1.jpg","contentUrl":"https:\/\/lospoliticosveracruz.com\/wp-content\/uploads\/2025\/12\/Logo-Nuevo-LOS-POLITICOS-1.jpg","width":260,"height":70,"caption":"Los pol\u00edticos Veracruz"},"image":{"@id":"https:\/\/lospoliticosveracruz.com\/#\/schema\/logo\/image\/"},"sameAs":["https:\/\/www.facebook.com\/people\/Notimemes-de-los-Polticos\/61565672886568\/","https:\/\/x.com\/LosPoliticosVer"]},{"@type":"Person","@id":"https:\/\/lospoliticosveracruz.com\/#\/schema\/person\/b8702bb0e538456e6efd07080bf2a4a2","name":"Lo viste en Los Pol\u00edticos","image":{"@type":"ImageObject","inLanguage":"es","@id":"https:\/\/secure.gravatar.com\/avatar\/3a8de04a2656d44082be478bd6c086daa447c4651605818287b9532d3d0bd435?s=96&d=mm&r=g","url":"https:\/\/secure.gravatar.com\/avatar\/3a8de04a2656d44082be478bd6c086daa447c4651605818287b9532d3d0bd435?s=96&d=mm&r=g","contentUrl":"https:\/\/secure.gravatar.com\/avatar\/3a8de04a2656d44082be478bd6c086daa447c4651605818287b9532d3d0bd435?s=96&d=mm&r=g","caption":"Lo viste en Los Pol\u00edticos"},"url":"https:\/\/lospoliticosveracruz.com\/?author=2"}]}},"_links":{"self":[{"href":"https:\/\/lospoliticosveracruz.com\/index.php?rest_route=\/wp\/v2\/posts\/150706","targetHints":{"allow":["GET"]}}],"collection":[{"href":"https:\/\/lospoliticosveracruz.com\/index.php?rest_route=\/wp\/v2\/posts"}],"about":[{"href":"https:\/\/lospoliticosveracruz.com\/index.php?rest_route=\/wp\/v2\/types\/post"}],"author":[{"embeddable":true,"href":"https:\/\/lospoliticosveracruz.com\/index.php?rest_route=\/wp\/v2\/users\/2"}],"replies":[{"embeddable":true,"href":"https:\/\/lospoliticosveracruz.com\/index.php?rest_route=%2Fwp%2Fv2%2Fcomments&post=150706"}],"version-history":[{"count":2,"href":"https:\/\/lospoliticosveracruz.com\/index.php?rest_route=\/wp\/v2\/posts\/150706\/revisions"}],"predecessor-version":[{"id":150708,"href":"https:\/\/lospoliticosveracruz.com\/index.php?rest_route=\/wp\/v2\/posts\/150706\/revisions\/150708"}],"wp:featuredmedia":[{"embeddable":true,"href":"https:\/\/lospoliticosveracruz.com\/index.php?rest_route=\/wp\/v2\/media\/130573"}],"wp:attachment":[{"href":"https:\/\/lospoliticosveracruz.com\/index.php?rest_route=%2Fwp%2Fv2%2Fmedia&parent=150706"}],"wp:term":[{"taxonomy":"category","embeddable":true,"href":"https:\/\/lospoliticosveracruz.com\/index.php?rest_route=%2Fwp%2Fv2%2Fcategories&post=150706"},{"taxonomy":"post_tag","embeddable":true,"href":"https:\/\/lospoliticosveracruz.com\/index.php?rest_route=%2Fwp%2Fv2%2Ftags&post=150706"}],"curies":[{"name":"wp","href":"https:\/\/api.w.org\/{rel}","templated":true}]}}