{"id":15087,"date":"2015-03-01T20:56:58","date_gmt":"2015-03-02T02:56:58","guid":{"rendered":"http:\/\/www.lospoliticosveracruz.com.mx\/?p=15087"},"modified":"2015-03-01T20:56:58","modified_gmt":"2015-03-02T02:56:58","slug":"xalapa-globalizado","status":"publish","type":"post","link":"https:\/\/lospoliticosveracruz.com\/?p=15087","title":{"rendered":"Xalapa Globalizado"},"content":{"rendered":"<p><a href=\"http:\/\/www.lospoliticosveracruz.com.mx\/wp-content\/uploads\/2013\/04\/americo-candidato-malacara01.jpg\"><img loading=\"lazy\" decoding=\"async\" class=\"alignnone size-medium wp-image-10820\" src=\"http:\/\/www.lospoliticosveracruz.com.mx\/wp-content\/uploads\/2013\/04\/americo-candidato-malacara01-300x293.jpg\" alt=\"americo-candidato-malacara01\" width=\"300\" height=\"293\" \/><\/a><\/p>\n<p><strong>Rodrigo Montoya Rivera<\/strong><\/p>\n<p><em>Ideas<\/em><br \/>\nYa desde el inicio de la administraci\u00f3n el alcalde capitalino Am\u00e9rico Z\u00fa\u00f1iga Mart\u00ednez ven\u00eda aplicando una de las m\u00e1ximas de Albert Einstein \u201cNo busques resultados diferentes al aplicar las mismas f\u00f3rmulas\u201d. Y la realidad es que Xalapa necesita no de experimentos pero si de la atenci\u00f3n de nuevos mecanismos que permitan al gobierno en turno lograr la estrategia correcta para que el municipio pueda emprender acciones que realmente beneficien al ciudadano xalape\u00f1o.<br \/>\nY desde un comienzo el gobierno municipal que por segunda ocasi\u00f3n comprende un periodo de 4 a\u00f1os (como en la \u00e9poca de Reynaldo Escobar P\u00e9rez) 2014- 2017 el mun\u00edcipe capitalino se ha involucrado con los tres \u00f3rdenes de gobierno como el Federal y la Sedatu\u00a0o el del Estado con la SIOP o algunas organizaciones no gubernamentales que coadyuvan con el desarrollo de las ciudades como lo es el Banco Interamericano de Desarrollo BID que a trav\u00e9s de la ICES (Iniciativa de Ciudades Emergentes y Sostenibles) ha dado a Xalapa un interesante programa de acci\u00f3n que engloba varios estudios de lo que a esta capital le hace falta. Cabe se\u00f1alarse que el municipio no vio afectadas las arcas de la tesorer\u00eda en la realizaci\u00f3n de estos dict\u00e1menes.<br \/>\nEn el marco de la mesa de trabajo \u201cRetos y oportunidades para las ciudades emergentes\u201d la ciudad capital se fortaleci\u00f3 con Alcaldes de Espa\u00f1a, Am\u00e9rica Latina y el Caribe, asegur\u00f3 Z\u00fa\u00f1iga Mart\u00ednez quien adem\u00e1s coment\u00f3 que gracias al trabajo junto al BID hoy la ciudad que \u00e9l tiene la responsabilidad y el alto honor de gobernar intercambia experiencias que permitir\u00e1n en un mediano plazo implementar programas en diversos rubros como lo son el desarrollo econ\u00f3mico y comercial entre otros, esto dicho por el edil en su participaci\u00f3n en la Casa Am\u00e9rica en Madrid Espa\u00f1a.<br \/>\nTambi\u00e9n el alcalde, habl\u00f3 sobre el gran reto que representa la movilidad urbana, en su intervenci\u00f3n ante titulares de diversas municipalidades de la naci\u00f3n hizo el comentario de que Xalapa tiene el dise\u00f1o de un plato roto, refiri\u00e9ndose a las calles que existen en las diferentes partes de la ciudad, angostas y con cada vez mayor n\u00famero de veh\u00edculos \u201csi bien es cierto no somos la ciudad con m\u00e1s carros, si lo somos con m\u00e1s autom\u00f3viles por kil\u00f3metro cuadrado\u201d. De ah\u00ed la importancia del Consejo de Movilidad en el cu\u00e1l se han llevado a cabo importantes sesiones de trabajo involucrando principalmente a la sociedad civil y a autoridades estatales como tr\u00e1nsito, transporte y seguridad p\u00fablica.<br \/>\nAnte las voces incr\u00e9dulas, el Ayuntamiento de Xalapa sigue avanzando a paso firme, siempre existir\u00e1n detalles que componer y planes que ajustar o modificar. Lo que si es cierto es que la capital veracruzana se encuentra gobernada por personas que a un a\u00f1o con dos meses de administraci\u00f3n han dado la cara con resultados en diferentes rubros, de ah\u00ed los reconocimientos de la FENAMM y CONAM y el Premio Gilberto Rinc\u00f3n Gallardo y la inclusi\u00f3n de este municipio s\u00f3lo junto con Campeche en los programas del BID. Se van haciendo bien las cosas.<br \/>\nNota 1. Este domingo con tristeza me enter\u00e9 de que hab\u00edan fallecido tres j\u00f3venes veracruzanos, dos de ellos fueron parte del equipo del Secretario y despu\u00e9s Diputado Local Am\u00e9rico Z\u00fa\u00f1iga Mart\u00ednez. Tambi\u00e9n compartimos tareas cuando tuve el honor de encabezar el FJR Xalapa ahora Red de J\u00f3venes x M\u00e9xico. Entusiastas din\u00e1micos y sobre todo buenos muchachos, descansen en Paz \u00c1ngel Moreno Casta\u00f1eda y Abiel Isa\u00ed Hern\u00e1ndez Bigurra. En vida j\u00f3venes inquietos part\u00edcipes de las circunstancias sociales de la vida pol\u00edtica en Xalapa y Veracruz pero al mismo tiempo buenos hijos, hermanos y ciudadanos. Pronta resignaci\u00f3n para sus familias.<br \/>\nL\u00e9eme en: www.rodrigomontoya.com.mx<br \/>\nTwitter: @RodrigoMontoyaR<br \/>\nComentarios: rodrigomontoya91@gmail.com<\/p>\n","protected":false},"excerpt":{"rendered":"<p>Rodrigo Montoya Rivera Ideas Ya desde el inicio de la administraci\u00f3n el alcalde capitalino Am\u00e9rico Z\u00fa\u00f1iga Mart\u00ednez ven\u00eda aplicando una de las m\u00e1ximas de Albert Einstein \u201cNo busques resultados diferentes al aplicar las mismas f\u00f3rmulas\u201d. Y la realidad es que Xalapa necesita no de experimentos pero si de la atenci\u00f3n de nuevos mecanismos que permitan [&hellip;]<\/p>\n","protected":false},"author":2,"featured_media":0,"comment_status":"open","ping_status":"open","sticky":false,"template":"","format":"standard","meta":{"tdm_status":"","tdm_grid_status":"","footnotes":""},"categories":[70],"tags":[539,1948],"class_list":{"0":"post-15087","1":"post","2":"type-post","3":"status-publish","4":"format-standard","6":"category-de-opinion","7":"tag-americo-zuniga-martinez","8":"tag-sedatu"},"yoast_head":"<!-- This site is optimized with the Yoast SEO plugin v27.4 - https:\/\/yoast.com\/product\/yoast-seo-wordpress\/ -->\n<title>Xalapa Globalizado - Los pol\u00edticos Veracruz<\/title>\n<meta name=\"robots\" content=\"index, follow, max-snippet:-1, max-image-preview:large, max-video-preview:-1\" \/>\n<link rel=\"canonical\" href=\"https:\/\/lospoliticosveracruz.com\/?p=15087\" \/>\n<meta property=\"og:locale\" content=\"es_ES\" \/>\n<meta property=\"og:type\" content=\"article\" \/>\n<meta property=\"og:title\" content=\"Xalapa Globalizado - Los pol\u00edticos Veracruz\" \/>\n<meta property=\"og:description\" content=\"Rodrigo Montoya Rivera Ideas Ya desde el inicio de la administraci\u00f3n el alcalde capitalino Am\u00e9rico Z\u00fa\u00f1iga Mart\u00ednez ven\u00eda aplicando una de las m\u00e1ximas de Albert Einstein \u201cNo busques resultados diferentes al aplicar las mismas f\u00f3rmulas\u201d. Y la realidad es que Xalapa necesita no de experimentos pero si de la atenci\u00f3n de nuevos mecanismos que permitan [&hellip;]\" \/>\n<meta property=\"og:url\" content=\"https:\/\/lospoliticosveracruz.com\/?p=15087\" \/>\n<meta property=\"og:site_name\" content=\"Los pol\u00edticos Veracruz\" \/>\n<meta property=\"article:publisher\" content=\"https:\/\/www.facebook.com\/people\/Notimemes-de-los-Polticos\/61565672886568\/\" \/>\n<meta property=\"article:published_time\" content=\"2015-03-02T02:56:58+00:00\" \/>\n<meta property=\"og:image\" content=\"http:\/\/www.lospoliticosveracruz.com.mx\/wp-content\/uploads\/2013\/04\/americo-candidato-malacara01-300x293.jpg\" \/>\n<meta name=\"author\" content=\"Lo viste en Los Pol\u00edticos\" \/>\n<meta name=\"twitter:card\" content=\"summary_large_image\" \/>\n<meta name=\"twitter:creator\" content=\"@LosPoliticosVer\" \/>\n<meta name=\"twitter:site\" content=\"@LosPoliticosVer\" \/>\n<meta name=\"twitter:label1\" content=\"Escrito por\" \/>\n\t<meta name=\"twitter:data1\" content=\"Lo viste en Los Pol\u00edticos\" \/>\n\t<meta name=\"twitter:label2\" content=\"Tiempo de lectura\" \/>\n\t<meta name=\"twitter:data2\" content=\"3 minutos\" \/>\n<script type=\"application\/ld+json\" class=\"yoast-schema-graph\">{\"@context\":\"https:\\\/\\\/schema.org\",\"@graph\":[{\"@type\":\"Article\",\"@id\":\"https:\\\/\\\/lospoliticosveracruz.com\\\/?p=15087#article\",\"isPartOf\":{\"@id\":\"https:\\\/\\\/lospoliticosveracruz.com\\\/?p=15087\"},\"author\":{\"name\":\"Lo viste en Los Pol\u00edticos\",\"@id\":\"https:\\\/\\\/lospoliticosveracruz.com\\\/#\\\/schema\\\/person\\\/b8702bb0e538456e6efd07080bf2a4a2\"},\"headline\":\"Xalapa Globalizado\",\"datePublished\":\"2015-03-02T02:56:58+00:00\",\"mainEntityOfPage\":{\"@id\":\"https:\\\/\\\/lospoliticosveracruz.com\\\/?p=15087\"},\"wordCount\":681,\"commentCount\":0,\"publisher\":{\"@id\":\"https:\\\/\\\/lospoliticosveracruz.com\\\/#organization\"},\"image\":{\"@id\":\"https:\\\/\\\/lospoliticosveracruz.com\\\/?p=15087#primaryimage\"},\"thumbnailUrl\":\"http:\\\/\\\/www.lospoliticosveracruz.com.mx\\\/wp-content\\\/uploads\\\/2013\\\/04\\\/americo-candidato-malacara01-300x293.jpg\",\"keywords\":[\"Am\u00e9rico Z\u00fa\u00f1iga Mart\u00ednez\",\"Sedatu\"],\"articleSection\":[\"De Opini\u00f3n\"],\"inLanguage\":\"es\",\"potentialAction\":[{\"@type\":\"CommentAction\",\"name\":\"Comment\",\"target\":[\"https:\\\/\\\/lospoliticosveracruz.com\\\/?p=15087#respond\"]}]},{\"@type\":\"WebPage\",\"@id\":\"https:\\\/\\\/lospoliticosveracruz.com\\\/?p=15087\",\"url\":\"https:\\\/\\\/lospoliticosveracruz.com\\\/?p=15087\",\"name\":\"Xalapa Globalizado - Los pol\u00edticos Veracruz\",\"isPartOf\":{\"@id\":\"https:\\\/\\\/lospoliticosveracruz.com\\\/#website\"},\"primaryImageOfPage\":{\"@id\":\"https:\\\/\\\/lospoliticosveracruz.com\\\/?p=15087#primaryimage\"},\"image\":{\"@id\":\"https:\\\/\\\/lospoliticosveracruz.com\\\/?p=15087#primaryimage\"},\"thumbnailUrl\":\"http:\\\/\\\/www.lospoliticosveracruz.com.mx\\\/wp-content\\\/uploads\\\/2013\\\/04\\\/americo-candidato-malacara01-300x293.jpg\",\"datePublished\":\"2015-03-02T02:56:58+00:00\",\"breadcrumb\":{\"@id\":\"https:\\\/\\\/lospoliticosveracruz.com\\\/?p=15087#breadcrumb\"},\"inLanguage\":\"es\",\"potentialAction\":[{\"@type\":\"ReadAction\",\"target\":[\"https:\\\/\\\/lospoliticosveracruz.com\\\/?p=15087\"]}]},{\"@type\":\"ImageObject\",\"inLanguage\":\"es\",\"@id\":\"https:\\\/\\\/lospoliticosveracruz.com\\\/?p=15087#primaryimage\",\"url\":\"http:\\\/\\\/www.lospoliticosveracruz.com.mx\\\/wp-content\\\/uploads\\\/2013\\\/04\\\/americo-candidato-malacara01-300x293.jpg\",\"contentUrl\":\"http:\\\/\\\/www.lospoliticosveracruz.com.mx\\\/wp-content\\\/uploads\\\/2013\\\/04\\\/americo-candidato-malacara01-300x293.jpg\"},{\"@type\":\"BreadcrumbList\",\"@id\":\"https:\\\/\\\/lospoliticosveracruz.com\\\/?p=15087#breadcrumb\",\"itemListElement\":[{\"@type\":\"ListItem\",\"position\":1,\"name\":\"Portada\",\"item\":\"https:\\\/\\\/lospoliticosveracruz.com\\\/\"},{\"@type\":\"ListItem\",\"position\":2,\"name\":\"Xalapa Globalizado\"}]},{\"@type\":\"WebSite\",\"@id\":\"https:\\\/\\\/lospoliticosveracruz.com\\\/#website\",\"url\":\"https:\\\/\\\/lospoliticosveracruz.com\\\/\",\"name\":\"Los pol\u00edticos Veracruz\",\"description\":\"\",\"publisher\":{\"@id\":\"https:\\\/\\\/lospoliticosveracruz.com\\\/#organization\"},\"potentialAction\":[{\"@type\":\"SearchAction\",\"target\":{\"@type\":\"EntryPoint\",\"urlTemplate\":\"https:\\\/\\\/lospoliticosveracruz.com\\\/?s={search_term_string}\"},\"query-input\":{\"@type\":\"PropertyValueSpecification\",\"valueRequired\":true,\"valueName\":\"search_term_string\"}}],\"inLanguage\":\"es\"},{\"@type\":\"Organization\",\"@id\":\"https:\\\/\\\/lospoliticosveracruz.com\\\/#organization\",\"name\":\"Los pol\u00edticos Veracruz\",\"url\":\"https:\\\/\\\/lospoliticosveracruz.com\\\/\",\"logo\":{\"@type\":\"ImageObject\",\"inLanguage\":\"es\",\"@id\":\"https:\\\/\\\/lospoliticosveracruz.com\\\/#\\\/schema\\\/logo\\\/image\\\/\",\"url\":\"https:\\\/\\\/lospoliticosveracruz.com\\\/wp-content\\\/uploads\\\/2025\\\/12\\\/Logo-Nuevo-LOS-POLITICOS-1.jpg\",\"contentUrl\":\"https:\\\/\\\/lospoliticosveracruz.com\\\/wp-content\\\/uploads\\\/2025\\\/12\\\/Logo-Nuevo-LOS-POLITICOS-1.jpg\",\"width\":260,\"height\":70,\"caption\":\"Los pol\u00edticos Veracruz\"},\"image\":{\"@id\":\"https:\\\/\\\/lospoliticosveracruz.com\\\/#\\\/schema\\\/logo\\\/image\\\/\"},\"sameAs\":[\"https:\\\/\\\/www.facebook.com\\\/people\\\/Notimemes-de-los-Polticos\\\/61565672886568\\\/\",\"https:\\\/\\\/x.com\\\/LosPoliticosVer\"]},{\"@type\":\"Person\",\"@id\":\"https:\\\/\\\/lospoliticosveracruz.com\\\/#\\\/schema\\\/person\\\/b8702bb0e538456e6efd07080bf2a4a2\",\"name\":\"Lo viste en Los Pol\u00edticos\",\"image\":{\"@type\":\"ImageObject\",\"inLanguage\":\"es\",\"@id\":\"https:\\\/\\\/secure.gravatar.com\\\/avatar\\\/3a8de04a2656d44082be478bd6c086daa447c4651605818287b9532d3d0bd435?s=96&d=mm&r=g\",\"url\":\"https:\\\/\\\/secure.gravatar.com\\\/avatar\\\/3a8de04a2656d44082be478bd6c086daa447c4651605818287b9532d3d0bd435?s=96&d=mm&r=g\",\"contentUrl\":\"https:\\\/\\\/secure.gravatar.com\\\/avatar\\\/3a8de04a2656d44082be478bd6c086daa447c4651605818287b9532d3d0bd435?s=96&d=mm&r=g\",\"caption\":\"Lo viste en Los Pol\u00edticos\"},\"url\":\"https:\\\/\\\/lospoliticosveracruz.com\\\/?author=2\"}]}<\/script>\n<!-- \/ Yoast SEO plugin. -->","yoast_head_json":{"title":"Xalapa Globalizado - Los pol\u00edticos Veracruz","robots":{"index":"index","follow":"follow","max-snippet":"max-snippet:-1","max-image-preview":"max-image-preview:large","max-video-preview":"max-video-preview:-1"},"canonical":"https:\/\/lospoliticosveracruz.com\/?p=15087","og_locale":"es_ES","og_type":"article","og_title":"Xalapa Globalizado - Los pol\u00edticos Veracruz","og_description":"Rodrigo Montoya Rivera Ideas Ya desde el inicio de la administraci\u00f3n el alcalde capitalino Am\u00e9rico Z\u00fa\u00f1iga Mart\u00ednez ven\u00eda aplicando una de las m\u00e1ximas de Albert Einstein \u201cNo busques resultados diferentes al aplicar las mismas f\u00f3rmulas\u201d. Y la realidad es que Xalapa necesita no de experimentos pero si de la atenci\u00f3n de nuevos mecanismos que permitan [&hellip;]","og_url":"https:\/\/lospoliticosveracruz.com\/?p=15087","og_site_name":"Los pol\u00edticos Veracruz","article_publisher":"https:\/\/www.facebook.com\/people\/Notimemes-de-los-Polticos\/61565672886568\/","article_published_time":"2015-03-02T02:56:58+00:00","og_image":[{"url":"http:\/\/www.lospoliticosveracruz.com.mx\/wp-content\/uploads\/2013\/04\/americo-candidato-malacara01-300x293.jpg","type":"","width":"","height":""}],"author":"Lo viste en Los Pol\u00edticos","twitter_card":"summary_large_image","twitter_creator":"@LosPoliticosVer","twitter_site":"@LosPoliticosVer","twitter_misc":{"Escrito por":"Lo viste en Los Pol\u00edticos","Tiempo de lectura":"3 minutos"},"schema":{"@context":"https:\/\/schema.org","@graph":[{"@type":"Article","@id":"https:\/\/lospoliticosveracruz.com\/?p=15087#article","isPartOf":{"@id":"https:\/\/lospoliticosveracruz.com\/?p=15087"},"author":{"name":"Lo viste en Los Pol\u00edticos","@id":"https:\/\/lospoliticosveracruz.com\/#\/schema\/person\/b8702bb0e538456e6efd07080bf2a4a2"},"headline":"Xalapa Globalizado","datePublished":"2015-03-02T02:56:58+00:00","mainEntityOfPage":{"@id":"https:\/\/lospoliticosveracruz.com\/?p=15087"},"wordCount":681,"commentCount":0,"publisher":{"@id":"https:\/\/lospoliticosveracruz.com\/#organization"},"image":{"@id":"https:\/\/lospoliticosveracruz.com\/?p=15087#primaryimage"},"thumbnailUrl":"http:\/\/www.lospoliticosveracruz.com.mx\/wp-content\/uploads\/2013\/04\/americo-candidato-malacara01-300x293.jpg","keywords":["Am\u00e9rico Z\u00fa\u00f1iga Mart\u00ednez","Sedatu"],"articleSection":["De Opini\u00f3n"],"inLanguage":"es","potentialAction":[{"@type":"CommentAction","name":"Comment","target":["https:\/\/lospoliticosveracruz.com\/?p=15087#respond"]}]},{"@type":"WebPage","@id":"https:\/\/lospoliticosveracruz.com\/?p=15087","url":"https:\/\/lospoliticosveracruz.com\/?p=15087","name":"Xalapa Globalizado - Los pol\u00edticos Veracruz","isPartOf":{"@id":"https:\/\/lospoliticosveracruz.com\/#website"},"primaryImageOfPage":{"@id":"https:\/\/lospoliticosveracruz.com\/?p=15087#primaryimage"},"image":{"@id":"https:\/\/lospoliticosveracruz.com\/?p=15087#primaryimage"},"thumbnailUrl":"http:\/\/www.lospoliticosveracruz.com.mx\/wp-content\/uploads\/2013\/04\/americo-candidato-malacara01-300x293.jpg","datePublished":"2015-03-02T02:56:58+00:00","breadcrumb":{"@id":"https:\/\/lospoliticosveracruz.com\/?p=15087#breadcrumb"},"inLanguage":"es","potentialAction":[{"@type":"ReadAction","target":["https:\/\/lospoliticosveracruz.com\/?p=15087"]}]},{"@type":"ImageObject","inLanguage":"es","@id":"https:\/\/lospoliticosveracruz.com\/?p=15087#primaryimage","url":"http:\/\/www.lospoliticosveracruz.com.mx\/wp-content\/uploads\/2013\/04\/americo-candidato-malacara01-300x293.jpg","contentUrl":"http:\/\/www.lospoliticosveracruz.com.mx\/wp-content\/uploads\/2013\/04\/americo-candidato-malacara01-300x293.jpg"},{"@type":"BreadcrumbList","@id":"https:\/\/lospoliticosveracruz.com\/?p=15087#breadcrumb","itemListElement":[{"@type":"ListItem","position":1,"name":"Portada","item":"https:\/\/lospoliticosveracruz.com\/"},{"@type":"ListItem","position":2,"name":"Xalapa Globalizado"}]},{"@type":"WebSite","@id":"https:\/\/lospoliticosveracruz.com\/#website","url":"https:\/\/lospoliticosveracruz.com\/","name":"Los pol\u00edticos Veracruz","description":"","publisher":{"@id":"https:\/\/lospoliticosveracruz.com\/#organization"},"potentialAction":[{"@type":"SearchAction","target":{"@type":"EntryPoint","urlTemplate":"https:\/\/lospoliticosveracruz.com\/?s={search_term_string}"},"query-input":{"@type":"PropertyValueSpecification","valueRequired":true,"valueName":"search_term_string"}}],"inLanguage":"es"},{"@type":"Organization","@id":"https:\/\/lospoliticosveracruz.com\/#organization","name":"Los pol\u00edticos Veracruz","url":"https:\/\/lospoliticosveracruz.com\/","logo":{"@type":"ImageObject","inLanguage":"es","@id":"https:\/\/lospoliticosveracruz.com\/#\/schema\/logo\/image\/","url":"https:\/\/lospoliticosveracruz.com\/wp-content\/uploads\/2025\/12\/Logo-Nuevo-LOS-POLITICOS-1.jpg","contentUrl":"https:\/\/lospoliticosveracruz.com\/wp-content\/uploads\/2025\/12\/Logo-Nuevo-LOS-POLITICOS-1.jpg","width":260,"height":70,"caption":"Los pol\u00edticos Veracruz"},"image":{"@id":"https:\/\/lospoliticosveracruz.com\/#\/schema\/logo\/image\/"},"sameAs":["https:\/\/www.facebook.com\/people\/Notimemes-de-los-Polticos\/61565672886568\/","https:\/\/x.com\/LosPoliticosVer"]},{"@type":"Person","@id":"https:\/\/lospoliticosveracruz.com\/#\/schema\/person\/b8702bb0e538456e6efd07080bf2a4a2","name":"Lo viste en Los Pol\u00edticos","image":{"@type":"ImageObject","inLanguage":"es","@id":"https:\/\/secure.gravatar.com\/avatar\/3a8de04a2656d44082be478bd6c086daa447c4651605818287b9532d3d0bd435?s=96&d=mm&r=g","url":"https:\/\/secure.gravatar.com\/avatar\/3a8de04a2656d44082be478bd6c086daa447c4651605818287b9532d3d0bd435?s=96&d=mm&r=g","contentUrl":"https:\/\/secure.gravatar.com\/avatar\/3a8de04a2656d44082be478bd6c086daa447c4651605818287b9532d3d0bd435?s=96&d=mm&r=g","caption":"Lo viste en Los Pol\u00edticos"},"url":"https:\/\/lospoliticosveracruz.com\/?author=2"}]}},"_links":{"self":[{"href":"https:\/\/lospoliticosveracruz.com\/index.php?rest_route=\/wp\/v2\/posts\/15087","targetHints":{"allow":["GET"]}}],"collection":[{"href":"https:\/\/lospoliticosveracruz.com\/index.php?rest_route=\/wp\/v2\/posts"}],"about":[{"href":"https:\/\/lospoliticosveracruz.com\/index.php?rest_route=\/wp\/v2\/types\/post"}],"author":[{"embeddable":true,"href":"https:\/\/lospoliticosveracruz.com\/index.php?rest_route=\/wp\/v2\/users\/2"}],"replies":[{"embeddable":true,"href":"https:\/\/lospoliticosveracruz.com\/index.php?rest_route=%2Fwp%2Fv2%2Fcomments&post=15087"}],"version-history":[{"count":2,"href":"https:\/\/lospoliticosveracruz.com\/index.php?rest_route=\/wp\/v2\/posts\/15087\/revisions"}],"predecessor-version":[{"id":15089,"href":"https:\/\/lospoliticosveracruz.com\/index.php?rest_route=\/wp\/v2\/posts\/15087\/revisions\/15089"}],"wp:attachment":[{"href":"https:\/\/lospoliticosveracruz.com\/index.php?rest_route=%2Fwp%2Fv2%2Fmedia&parent=15087"}],"wp:term":[{"taxonomy":"category","embeddable":true,"href":"https:\/\/lospoliticosveracruz.com\/index.php?rest_route=%2Fwp%2Fv2%2Fcategories&post=15087"},{"taxonomy":"post_tag","embeddable":true,"href":"https:\/\/lospoliticosveracruz.com\/index.php?rest_route=%2Fwp%2Fv2%2Ftags&post=15087"}],"curies":[{"name":"wp","href":"https:\/\/api.w.org\/{rel}","templated":true}]}}