{"id":15091,"date":"2015-03-01T21:41:00","date_gmt":"2015-03-02T03:41:00","guid":{"rendered":"http:\/\/www.lospoliticosveracruz.com.mx\/?p=15091"},"modified":"2015-03-01T22:07:48","modified_gmt":"2015-03-02T04:07:48","slug":"las-mujeres-del-pri","status":"publish","type":"post","link":"https:\/\/lospoliticosveracruz.com\/?p=15091","title":{"rendered":"Las Mujeres del PRI"},"content":{"rendered":"<p><a href=\"http:\/\/www.lospoliticosveracruz.com.mx\/wp-content\/uploads\/2015\/03\/carmen-salinas.jpg\"><img loading=\"lazy\" decoding=\"async\" class=\"alignnone size-medium wp-image-15093\" src=\"http:\/\/www.lospoliticosveracruz.com.mx\/wp-content\/uploads\/2015\/03\/carmen-salinas-300x168.jpg\" alt=\"carmen-salinas\" width=\"300\" height=\"168\" \/><\/a><\/p>\n<p><strong>Brenda Caballero<\/strong><br \/>\n<em>N\u00fameros Rojos<\/em><\/p>\n<p>&nbsp;<\/p>\n<p>Definitivamente, el fin de semana fue un d\u00eda muy movido, y no me refiero al D\u00eda de la Familia, donde muchas participaron en diversos eventos sociales y deportivos; sino por la lista que todos los pri\u00edstas esperaban. Las famosas \u201cPlurinominales\u201d.<br \/>\nS\u00ed, aqu\u00e9llas que muchos ciudadanos deseamos que desaparezcan, puesto que parecen m\u00e1s favores pagados que selecci\u00f3n de los mejores militantes del partido con experiencia.<br \/>\nLa lista dada a conocer el s\u00e1bado por el Partido Revolucionario Institucional, estoy segura no tuvo muchas sorpresas, pues predominaron los varones encabezando las cinco circunscripciones (los que seguritito quedan), algunos integrantes del gabinete federal, los dirigentes del tricolor y l\u00edderes sindicales, en pocas palabras, muchos pe\u00f1istas.<br \/>\nPero s\u00ed hubo sorpresas, principalmente en las mujeres.<br \/>\nEn principio, la hija del l\u00edder de la bancada pri\u00edsta, Sylvana Beltrones. Bueno, era de esperarse que fuese elegida, siendo la \u00fanica hija de Manlio Fabio Beltrones y nombrada secretaria general adjunta del PRI durante la campa\u00f1a a la presidencia de Enrique Pe\u00f1a Nieto (2012).<br \/>\nAs\u00ed que no dudemos que cuando llegue a San L\u00e1zaro\u00a0a sus 33 a\u00f1os, Sylvana, m\u00e1s que presentar iniciativas para el pueblo, modele sus zapatos Christian Louboutin, sus bolsas Louis Vuitton y destaque en las revistas de espect\u00e1culos.<br \/>\nAunque si de espect\u00e1culos se trata, no pod\u00eda faltar una actriz, y adivin\u00f3 usted\u2026 \u00a1de Televisa! Que a un d\u00eda de salir en la lista, ya ten\u00eda sus propios memes diciendo: \u00a1Guardias, ll\u00e9venme a San L\u00e1zaro! o \u00a1Ru\u00e9gale a Diosito que me d\u00e9 un huesito!: Carmen Salinas.<br \/>\nEsta es una designaci\u00f3n que no me queda muy clara, ya que hace como diez d\u00edas, cuando defendi\u00f3 \u201ccasualmente a Pe\u00f1a Nieto\u201d con los hijos fuera del matrimonio, al preguntarle si quer\u00eda un puesto dentro de la pol\u00edtica dijo: \u201cNo, para nada; eso se d\u00e9jalo para la gente que sabe, los compa\u00f1eros que se meten en la vida pol\u00edtica no tienen verg\u00fcenza; yo no soy de pol\u00edtica; zapatero a tus zapatos; para ser pol\u00edtico hay que ser como este se\u00f1or que estudi\u00f3 leyes\u201d.<br \/>\nAunque pensando a fondo, creo que ella fue designada solamente por una cosa: para distraer la atenci\u00f3n\u2026 y lo consigui\u00f3. O al menos que sea \u201cdedazo\u201d de la Gaviota.<br \/>\nOtra designaci\u00f3n extra\u00f1a es la pluri a la mam\u00e1 de Cuauht\u00e9moc, pero no del futbolista, sino del que fuese acusado de tener una red de prostituci\u00f3n en el PRI del DF.<br \/>\nGuillermina de la Torre Malv\u00e1ez, actual l\u00edder de los pepenadores en el DF, es la que como buena madre toma el lugar del hijo \u00a1No cabe duda que en el PRI tienen muy buen coraz\u00f3n!<br \/>\nMujeres como Ivonne Ortega, Secretaria General del PRI; Estela Ponce, alcaldesa de la Paz; Martha Tamayo, dirigente pri\u00edsta en Sinaloa; B\u00e1rbara Botello, alcaldesa de Le\u00f3n, se entiende hasta cierto punto que est\u00e9n en la lista, pues vienen trabajando dentro del partido.<br \/>\nAhora si nos vamos con las mujeres veracruzanas pri\u00edstas que est\u00e1n incluidas en la tercera circunscripci\u00f3n, encontramos que la primera est\u00e1 hasta la d\u00e9cima cuarta posici\u00f3n, que si bien no tiene tantas tablas en el partido como muchas otras mujeres, Corintia Cruz Oreg\u00f3n ha sabido colocarse, y era de esperarse que siendo la actual Secretaria General del PRI estatal amarrara candidatura.<br \/>\nErika Ayala R\u00edos tambi\u00e9n tom\u00f3 lugar en lalista de pluris aunque muy alejada: en la posici\u00f3n 18, por lo que m\u00e1s le vale hacer changuitos para que H\u00e9ctor Yunes deje la Senadur\u00eda y suba como suplente.<br \/>\nOtra veracruzana en la lista es Lilia Christfield Lugo, aunque en el lugar veintid\u00f3s, donde se le ve muy dif\u00edcil, a pesar de que ha sido ex secretaria del programa de acci\u00f3n y gesti\u00f3n social en el CDE del PRI, consejera pol\u00edtica estatal y consejera pol\u00edtica Nacional del PRI.<br \/>\nY por si algo faltara, en el lugar n\u00famero treinta y ocho est\u00e1 Mar\u00eda Elena C\u00f3rdoba Molina, actual Secretaria Particular del actual Presidente Alfredo Ferrari Saavedra. \u00a1No! si para eso el PRI se pinta solo.<br \/>\nSe dice que con todos los temas de corrupci\u00f3n a nivel federal, el PRI ha perdido de diez a doce puntos en las encuestas; ahora, habr\u00e1 que esperar cu\u00e1ntos m\u00e1s pierde por \u201cestas elecciones\u201d.<br \/>\nHablando de las otras candidaturas, las votadas, tal parece que en Xalapa, la capital de Veracruz, Elizabeth Morales se perfila en las preferencias, aunque habr\u00e1 que esperar a la designaci\u00f3n de su suplente. Elsa de Le\u00f3n Aguirre, ser\u00eda una buena opci\u00f3n.<\/p>\n<p>Email:caballero_brenda@hotmail.com<\/p>\n","protected":false},"excerpt":{"rendered":"<p>Brenda Caballero N\u00fameros Rojos &nbsp; Definitivamente, el fin de semana fue un d\u00eda muy movido, y no me refiero al D\u00eda de la Familia, donde muchas participaron en diversos eventos sociales y deportivos; sino por la lista que todos los pri\u00edstas esperaban. Las famosas \u201cPlurinominales\u201d. S\u00ed, aqu\u00e9llas que muchos ciudadanos deseamos que desaparezcan, puesto que [&hellip;]<\/p>\n","protected":false},"author":2,"featured_media":0,"comment_status":"open","ping_status":"open","sticky":false,"template":"","format":"standard","meta":{"tdm_status":"","tdm_grid_status":"","footnotes":""},"categories":[70],"tags":[1949,1950],"class_list":{"0":"post-15091","1":"post","2":"type-post","3":"status-publish","4":"format-standard","6":"category-de-opinion","7":"tag-partido-revolucionario-institucional","8":"tag-sylvana-beltrones"},"yoast_head":"<!-- This site is optimized with the Yoast SEO plugin v27.4 - https:\/\/yoast.com\/product\/yoast-seo-wordpress\/ -->\n<title>Las Mujeres del PRI - Los pol\u00edticos Veracruz<\/title>\n<meta name=\"robots\" content=\"index, follow, max-snippet:-1, max-image-preview:large, max-video-preview:-1\" \/>\n<link rel=\"canonical\" href=\"https:\/\/lospoliticosveracruz.com\/?p=15091\" \/>\n<meta property=\"og:locale\" content=\"es_ES\" \/>\n<meta property=\"og:type\" content=\"article\" \/>\n<meta property=\"og:title\" content=\"Las Mujeres del PRI - Los pol\u00edticos Veracruz\" \/>\n<meta property=\"og:description\" content=\"Brenda Caballero N\u00fameros Rojos &nbsp; Definitivamente, el fin de semana fue un d\u00eda muy movido, y no me refiero al D\u00eda de la Familia, donde muchas participaron en diversos eventos sociales y deportivos; sino por la lista que todos los pri\u00edstas esperaban. Las famosas \u201cPlurinominales\u201d. S\u00ed, aqu\u00e9llas que muchos ciudadanos deseamos que desaparezcan, puesto que [&hellip;]\" \/>\n<meta property=\"og:url\" content=\"https:\/\/lospoliticosveracruz.com\/?p=15091\" \/>\n<meta property=\"og:site_name\" content=\"Los pol\u00edticos Veracruz\" \/>\n<meta property=\"article:publisher\" content=\"https:\/\/www.facebook.com\/people\/Notimemes-de-los-Polticos\/61565672886568\/\" \/>\n<meta property=\"article:published_time\" content=\"2015-03-02T03:41:00+00:00\" \/>\n<meta property=\"article:modified_time\" content=\"2015-03-02T04:07:48+00:00\" \/>\n<meta property=\"og:image\" content=\"http:\/\/www.lospoliticosveracruz.com.mx\/wp-content\/uploads\/2015\/03\/carmen-salinas-300x168.jpg\" \/>\n<meta name=\"author\" content=\"Lo viste en Los Pol\u00edticos\" \/>\n<meta name=\"twitter:card\" content=\"summary_large_image\" \/>\n<meta name=\"twitter:creator\" content=\"@LosPoliticosVer\" \/>\n<meta name=\"twitter:site\" content=\"@LosPoliticosVer\" \/>\n<meta name=\"twitter:label1\" content=\"Escrito por\" \/>\n\t<meta name=\"twitter:data1\" content=\"Lo viste en Los Pol\u00edticos\" \/>\n\t<meta name=\"twitter:label2\" content=\"Tiempo de lectura\" \/>\n\t<meta name=\"twitter:data2\" content=\"4 minutos\" \/>\n<script type=\"application\/ld+json\" class=\"yoast-schema-graph\">{\"@context\":\"https:\\\/\\\/schema.org\",\"@graph\":[{\"@type\":\"Article\",\"@id\":\"https:\\\/\\\/lospoliticosveracruz.com\\\/?p=15091#article\",\"isPartOf\":{\"@id\":\"https:\\\/\\\/lospoliticosveracruz.com\\\/?p=15091\"},\"author\":{\"name\":\"Lo viste en Los Pol\u00edticos\",\"@id\":\"https:\\\/\\\/lospoliticosveracruz.com\\\/#\\\/schema\\\/person\\\/b8702bb0e538456e6efd07080bf2a4a2\"},\"headline\":\"Las Mujeres del PRI\",\"datePublished\":\"2015-03-02T03:41:00+00:00\",\"dateModified\":\"2015-03-02T04:07:48+00:00\",\"mainEntityOfPage\":{\"@id\":\"https:\\\/\\\/lospoliticosveracruz.com\\\/?p=15091\"},\"wordCount\":812,\"commentCount\":0,\"publisher\":{\"@id\":\"https:\\\/\\\/lospoliticosveracruz.com\\\/#organization\"},\"image\":{\"@id\":\"https:\\\/\\\/lospoliticosveracruz.com\\\/?p=15091#primaryimage\"},\"thumbnailUrl\":\"http:\\\/\\\/www.lospoliticosveracruz.com.mx\\\/wp-content\\\/uploads\\\/2015\\\/03\\\/carmen-salinas-300x168.jpg\",\"keywords\":[\"Partido Revolucionario Institucional\",\"Sylvana Beltrones\"],\"articleSection\":[\"De Opini\u00f3n\"],\"inLanguage\":\"es\",\"potentialAction\":[{\"@type\":\"CommentAction\",\"name\":\"Comment\",\"target\":[\"https:\\\/\\\/lospoliticosveracruz.com\\\/?p=15091#respond\"]}]},{\"@type\":\"WebPage\",\"@id\":\"https:\\\/\\\/lospoliticosveracruz.com\\\/?p=15091\",\"url\":\"https:\\\/\\\/lospoliticosveracruz.com\\\/?p=15091\",\"name\":\"Las Mujeres del PRI - Los pol\u00edticos Veracruz\",\"isPartOf\":{\"@id\":\"https:\\\/\\\/lospoliticosveracruz.com\\\/#website\"},\"primaryImageOfPage\":{\"@id\":\"https:\\\/\\\/lospoliticosveracruz.com\\\/?p=15091#primaryimage\"},\"image\":{\"@id\":\"https:\\\/\\\/lospoliticosveracruz.com\\\/?p=15091#primaryimage\"},\"thumbnailUrl\":\"http:\\\/\\\/www.lospoliticosveracruz.com.mx\\\/wp-content\\\/uploads\\\/2015\\\/03\\\/carmen-salinas-300x168.jpg\",\"datePublished\":\"2015-03-02T03:41:00+00:00\",\"dateModified\":\"2015-03-02T04:07:48+00:00\",\"breadcrumb\":{\"@id\":\"https:\\\/\\\/lospoliticosveracruz.com\\\/?p=15091#breadcrumb\"},\"inLanguage\":\"es\",\"potentialAction\":[{\"@type\":\"ReadAction\",\"target\":[\"https:\\\/\\\/lospoliticosveracruz.com\\\/?p=15091\"]}]},{\"@type\":\"ImageObject\",\"inLanguage\":\"es\",\"@id\":\"https:\\\/\\\/lospoliticosveracruz.com\\\/?p=15091#primaryimage\",\"url\":\"http:\\\/\\\/www.lospoliticosveracruz.com.mx\\\/wp-content\\\/uploads\\\/2015\\\/03\\\/carmen-salinas-300x168.jpg\",\"contentUrl\":\"http:\\\/\\\/www.lospoliticosveracruz.com.mx\\\/wp-content\\\/uploads\\\/2015\\\/03\\\/carmen-salinas-300x168.jpg\"},{\"@type\":\"BreadcrumbList\",\"@id\":\"https:\\\/\\\/lospoliticosveracruz.com\\\/?p=15091#breadcrumb\",\"itemListElement\":[{\"@type\":\"ListItem\",\"position\":1,\"name\":\"Portada\",\"item\":\"https:\\\/\\\/lospoliticosveracruz.com\\\/\"},{\"@type\":\"ListItem\",\"position\":2,\"name\":\"Las Mujeres del PRI\"}]},{\"@type\":\"WebSite\",\"@id\":\"https:\\\/\\\/lospoliticosveracruz.com\\\/#website\",\"url\":\"https:\\\/\\\/lospoliticosveracruz.com\\\/\",\"name\":\"Los pol\u00edticos Veracruz\",\"description\":\"\",\"publisher\":{\"@id\":\"https:\\\/\\\/lospoliticosveracruz.com\\\/#organization\"},\"potentialAction\":[{\"@type\":\"SearchAction\",\"target\":{\"@type\":\"EntryPoint\",\"urlTemplate\":\"https:\\\/\\\/lospoliticosveracruz.com\\\/?s={search_term_string}\"},\"query-input\":{\"@type\":\"PropertyValueSpecification\",\"valueRequired\":true,\"valueName\":\"search_term_string\"}}],\"inLanguage\":\"es\"},{\"@type\":\"Organization\",\"@id\":\"https:\\\/\\\/lospoliticosveracruz.com\\\/#organization\",\"name\":\"Los pol\u00edticos Veracruz\",\"url\":\"https:\\\/\\\/lospoliticosveracruz.com\\\/\",\"logo\":{\"@type\":\"ImageObject\",\"inLanguage\":\"es\",\"@id\":\"https:\\\/\\\/lospoliticosveracruz.com\\\/#\\\/schema\\\/logo\\\/image\\\/\",\"url\":\"https:\\\/\\\/lospoliticosveracruz.com\\\/wp-content\\\/uploads\\\/2025\\\/12\\\/Logo-Nuevo-LOS-POLITICOS-1.jpg\",\"contentUrl\":\"https:\\\/\\\/lospoliticosveracruz.com\\\/wp-content\\\/uploads\\\/2025\\\/12\\\/Logo-Nuevo-LOS-POLITICOS-1.jpg\",\"width\":260,\"height\":70,\"caption\":\"Los pol\u00edticos Veracruz\"},\"image\":{\"@id\":\"https:\\\/\\\/lospoliticosveracruz.com\\\/#\\\/schema\\\/logo\\\/image\\\/\"},\"sameAs\":[\"https:\\\/\\\/www.facebook.com\\\/people\\\/Notimemes-de-los-Polticos\\\/61565672886568\\\/\",\"https:\\\/\\\/x.com\\\/LosPoliticosVer\"]},{\"@type\":\"Person\",\"@id\":\"https:\\\/\\\/lospoliticosveracruz.com\\\/#\\\/schema\\\/person\\\/b8702bb0e538456e6efd07080bf2a4a2\",\"name\":\"Lo viste en Los Pol\u00edticos\",\"image\":{\"@type\":\"ImageObject\",\"inLanguage\":\"es\",\"@id\":\"https:\\\/\\\/secure.gravatar.com\\\/avatar\\\/3a8de04a2656d44082be478bd6c086daa447c4651605818287b9532d3d0bd435?s=96&d=mm&r=g\",\"url\":\"https:\\\/\\\/secure.gravatar.com\\\/avatar\\\/3a8de04a2656d44082be478bd6c086daa447c4651605818287b9532d3d0bd435?s=96&d=mm&r=g\",\"contentUrl\":\"https:\\\/\\\/secure.gravatar.com\\\/avatar\\\/3a8de04a2656d44082be478bd6c086daa447c4651605818287b9532d3d0bd435?s=96&d=mm&r=g\",\"caption\":\"Lo viste en Los Pol\u00edticos\"},\"url\":\"https:\\\/\\\/lospoliticosveracruz.com\\\/?author=2\"}]}<\/script>\n<!-- \/ Yoast SEO plugin. -->","yoast_head_json":{"title":"Las Mujeres del PRI - Los pol\u00edticos Veracruz","robots":{"index":"index","follow":"follow","max-snippet":"max-snippet:-1","max-image-preview":"max-image-preview:large","max-video-preview":"max-video-preview:-1"},"canonical":"https:\/\/lospoliticosveracruz.com\/?p=15091","og_locale":"es_ES","og_type":"article","og_title":"Las Mujeres del PRI - Los pol\u00edticos Veracruz","og_description":"Brenda Caballero N\u00fameros Rojos &nbsp; Definitivamente, el fin de semana fue un d\u00eda muy movido, y no me refiero al D\u00eda de la Familia, donde muchas participaron en diversos eventos sociales y deportivos; sino por la lista que todos los pri\u00edstas esperaban. Las famosas \u201cPlurinominales\u201d. S\u00ed, aqu\u00e9llas que muchos ciudadanos deseamos que desaparezcan, puesto que [&hellip;]","og_url":"https:\/\/lospoliticosveracruz.com\/?p=15091","og_site_name":"Los pol\u00edticos Veracruz","article_publisher":"https:\/\/www.facebook.com\/people\/Notimemes-de-los-Polticos\/61565672886568\/","article_published_time":"2015-03-02T03:41:00+00:00","article_modified_time":"2015-03-02T04:07:48+00:00","og_image":[{"url":"http:\/\/www.lospoliticosveracruz.com.mx\/wp-content\/uploads\/2015\/03\/carmen-salinas-300x168.jpg","type":"","width":"","height":""}],"author":"Lo viste en Los Pol\u00edticos","twitter_card":"summary_large_image","twitter_creator":"@LosPoliticosVer","twitter_site":"@LosPoliticosVer","twitter_misc":{"Escrito por":"Lo viste en Los Pol\u00edticos","Tiempo de lectura":"4 minutos"},"schema":{"@context":"https:\/\/schema.org","@graph":[{"@type":"Article","@id":"https:\/\/lospoliticosveracruz.com\/?p=15091#article","isPartOf":{"@id":"https:\/\/lospoliticosveracruz.com\/?p=15091"},"author":{"name":"Lo viste en Los Pol\u00edticos","@id":"https:\/\/lospoliticosveracruz.com\/#\/schema\/person\/b8702bb0e538456e6efd07080bf2a4a2"},"headline":"Las Mujeres del PRI","datePublished":"2015-03-02T03:41:00+00:00","dateModified":"2015-03-02T04:07:48+00:00","mainEntityOfPage":{"@id":"https:\/\/lospoliticosveracruz.com\/?p=15091"},"wordCount":812,"commentCount":0,"publisher":{"@id":"https:\/\/lospoliticosveracruz.com\/#organization"},"image":{"@id":"https:\/\/lospoliticosveracruz.com\/?p=15091#primaryimage"},"thumbnailUrl":"http:\/\/www.lospoliticosveracruz.com.mx\/wp-content\/uploads\/2015\/03\/carmen-salinas-300x168.jpg","keywords":["Partido Revolucionario Institucional","Sylvana Beltrones"],"articleSection":["De Opini\u00f3n"],"inLanguage":"es","potentialAction":[{"@type":"CommentAction","name":"Comment","target":["https:\/\/lospoliticosveracruz.com\/?p=15091#respond"]}]},{"@type":"WebPage","@id":"https:\/\/lospoliticosveracruz.com\/?p=15091","url":"https:\/\/lospoliticosveracruz.com\/?p=15091","name":"Las Mujeres del PRI - Los pol\u00edticos Veracruz","isPartOf":{"@id":"https:\/\/lospoliticosveracruz.com\/#website"},"primaryImageOfPage":{"@id":"https:\/\/lospoliticosveracruz.com\/?p=15091#primaryimage"},"image":{"@id":"https:\/\/lospoliticosveracruz.com\/?p=15091#primaryimage"},"thumbnailUrl":"http:\/\/www.lospoliticosveracruz.com.mx\/wp-content\/uploads\/2015\/03\/carmen-salinas-300x168.jpg","datePublished":"2015-03-02T03:41:00+00:00","dateModified":"2015-03-02T04:07:48+00:00","breadcrumb":{"@id":"https:\/\/lospoliticosveracruz.com\/?p=15091#breadcrumb"},"inLanguage":"es","potentialAction":[{"@type":"ReadAction","target":["https:\/\/lospoliticosveracruz.com\/?p=15091"]}]},{"@type":"ImageObject","inLanguage":"es","@id":"https:\/\/lospoliticosveracruz.com\/?p=15091#primaryimage","url":"http:\/\/www.lospoliticosveracruz.com.mx\/wp-content\/uploads\/2015\/03\/carmen-salinas-300x168.jpg","contentUrl":"http:\/\/www.lospoliticosveracruz.com.mx\/wp-content\/uploads\/2015\/03\/carmen-salinas-300x168.jpg"},{"@type":"BreadcrumbList","@id":"https:\/\/lospoliticosveracruz.com\/?p=15091#breadcrumb","itemListElement":[{"@type":"ListItem","position":1,"name":"Portada","item":"https:\/\/lospoliticosveracruz.com\/"},{"@type":"ListItem","position":2,"name":"Las Mujeres del PRI"}]},{"@type":"WebSite","@id":"https:\/\/lospoliticosveracruz.com\/#website","url":"https:\/\/lospoliticosveracruz.com\/","name":"Los pol\u00edticos Veracruz","description":"","publisher":{"@id":"https:\/\/lospoliticosveracruz.com\/#organization"},"potentialAction":[{"@type":"SearchAction","target":{"@type":"EntryPoint","urlTemplate":"https:\/\/lospoliticosveracruz.com\/?s={search_term_string}"},"query-input":{"@type":"PropertyValueSpecification","valueRequired":true,"valueName":"search_term_string"}}],"inLanguage":"es"},{"@type":"Organization","@id":"https:\/\/lospoliticosveracruz.com\/#organization","name":"Los pol\u00edticos Veracruz","url":"https:\/\/lospoliticosveracruz.com\/","logo":{"@type":"ImageObject","inLanguage":"es","@id":"https:\/\/lospoliticosveracruz.com\/#\/schema\/logo\/image\/","url":"https:\/\/lospoliticosveracruz.com\/wp-content\/uploads\/2025\/12\/Logo-Nuevo-LOS-POLITICOS-1.jpg","contentUrl":"https:\/\/lospoliticosveracruz.com\/wp-content\/uploads\/2025\/12\/Logo-Nuevo-LOS-POLITICOS-1.jpg","width":260,"height":70,"caption":"Los pol\u00edticos Veracruz"},"image":{"@id":"https:\/\/lospoliticosveracruz.com\/#\/schema\/logo\/image\/"},"sameAs":["https:\/\/www.facebook.com\/people\/Notimemes-de-los-Polticos\/61565672886568\/","https:\/\/x.com\/LosPoliticosVer"]},{"@type":"Person","@id":"https:\/\/lospoliticosveracruz.com\/#\/schema\/person\/b8702bb0e538456e6efd07080bf2a4a2","name":"Lo viste en Los Pol\u00edticos","image":{"@type":"ImageObject","inLanguage":"es","@id":"https:\/\/secure.gravatar.com\/avatar\/3a8de04a2656d44082be478bd6c086daa447c4651605818287b9532d3d0bd435?s=96&d=mm&r=g","url":"https:\/\/secure.gravatar.com\/avatar\/3a8de04a2656d44082be478bd6c086daa447c4651605818287b9532d3d0bd435?s=96&d=mm&r=g","contentUrl":"https:\/\/secure.gravatar.com\/avatar\/3a8de04a2656d44082be478bd6c086daa447c4651605818287b9532d3d0bd435?s=96&d=mm&r=g","caption":"Lo viste en Los Pol\u00edticos"},"url":"https:\/\/lospoliticosveracruz.com\/?author=2"}]}},"_links":{"self":[{"href":"https:\/\/lospoliticosveracruz.com\/index.php?rest_route=\/wp\/v2\/posts\/15091","targetHints":{"allow":["GET"]}}],"collection":[{"href":"https:\/\/lospoliticosveracruz.com\/index.php?rest_route=\/wp\/v2\/posts"}],"about":[{"href":"https:\/\/lospoliticosveracruz.com\/index.php?rest_route=\/wp\/v2\/types\/post"}],"author":[{"embeddable":true,"href":"https:\/\/lospoliticosveracruz.com\/index.php?rest_route=\/wp\/v2\/users\/2"}],"replies":[{"embeddable":true,"href":"https:\/\/lospoliticosveracruz.com\/index.php?rest_route=%2Fwp%2Fv2%2Fcomments&post=15091"}],"version-history":[{"count":3,"href":"https:\/\/lospoliticosveracruz.com\/index.php?rest_route=\/wp\/v2\/posts\/15091\/revisions"}],"predecessor-version":[{"id":15098,"href":"https:\/\/lospoliticosveracruz.com\/index.php?rest_route=\/wp\/v2\/posts\/15091\/revisions\/15098"}],"wp:attachment":[{"href":"https:\/\/lospoliticosveracruz.com\/index.php?rest_route=%2Fwp%2Fv2%2Fmedia&parent=15091"}],"wp:term":[{"taxonomy":"category","embeddable":true,"href":"https:\/\/lospoliticosveracruz.com\/index.php?rest_route=%2Fwp%2Fv2%2Fcategories&post=15091"},{"taxonomy":"post_tag","embeddable":true,"href":"https:\/\/lospoliticosveracruz.com\/index.php?rest_route=%2Fwp%2Fv2%2Ftags&post=15091"}],"curies":[{"name":"wp","href":"https:\/\/api.w.org\/{rel}","templated":true}]}}