{"id":150952,"date":"2025-08-19T13:48:05","date_gmt":"2025-08-19T18:48:05","guid":{"rendered":"https:\/\/lospoliticosveracruz.com.mx\/?p=150952"},"modified":"2025-08-19T13:48:24","modified_gmt":"2025-08-19T18:48:24","slug":"no-son-los-adversarios-es-su-familia","status":"publish","type":"post","link":"https:\/\/lospoliticosveracruz.com\/?p=150952","title":{"rendered":"NO SON LOS ADVERSARIOS, ES SU FAMILIA"},"content":{"rendered":"\n\n\n<p><strong>Bernardo Guti\u00e9rrez Parra&nbsp;<\/strong><\/p>\n\n\n\n<p><em>Desde el Caf\u00e9&nbsp;<\/em><\/p>\n\n\n\n<p>Si algo tuvo Andr\u00e9s Manuel L\u00f3pez Obrador como presidente fue un f\u00e9rreo control sobre sus ministros y gobernadores. Este control se extendi\u00f3 a legisladores federales, locales y alcaldes. Si quer\u00eda saber sobre un gobernador (por poner un ejemplo), en cuesti\u00f3n de minutos le dec\u00edan d\u00f3nde estaba, con qui\u00e9n estaba y qu\u00e9 estaba haciendo. Nada escapaba al big eye del tabasque\u00f1o y nadie jam\u00e1s se le sali\u00f3 del huacal.<\/p>\n\n\n\n<p>Ya parece que iba a permitir que cualquiera de sus chalanes se largara de vacaciones y se diera vida de pash\u00e1 en hoteles de cinco estrellas. M\u00e1s se hubiera tardado cualquiera de sus secretarios en irse a Canc\u00fan un fin de semana con una g\u00fcera (o g\u00fcero, seg\u00fan sus gustos), que en pasarlo por las armas en el pared\u00f3n de sus ma\u00f1aneras y ponerlo de patitas en la calle.&nbsp;<\/p>\n\n\n\n<p>Pero con sus hijos no ha podido y por lo visto no podr\u00e1. La austeridad franciscana que practica, la mandaron al diablo sus v\u00e1stagos desde que andaba en su tercera campa\u00f1a por la presidencia y un reportero descubri\u00f3 que su hijo Andy L\u00f3pez Beltr\u00e1n usaba tenis de 27 mil pesos. Pero como era candidato y todo se le perdonaba, el bullicio no pas\u00f3 a mayores.<\/p>\n\n\n\n<p>Ya como presidente las cosas fueron diferentes.&nbsp;&nbsp;<\/p>\n\n\n\n<p>Basta recordar el esc\u00e1ndalo de la Casa Gris donde vivi\u00f3 Jos\u00e9 Ram\u00f3n, el balagardo mayor. Y los negocios poco claros pero con ganancias multimillonarias que realizaron al amparo del poder de papi Andy y Gonzalo.&nbsp;<\/p>\n\n\n\n<p>Y ah\u00ed tienes al pap\u00e1, lector, defendiendo al trio de z\u00e1nganos: \u201cMis hijos son honrados, austeros, trabajadores y viven en la justa median\u00eda\u201d.&nbsp;<\/p>\n\n\n\n<p>No pus s\u00ed.&nbsp;<\/p>\n\n\n\n<p>Hace unas semanas Andy dio pruebas de su austeridad al ser fotografiado en Tokio en un hotel de cinco estrellas, comprando en tiendas de marca y gastando hasta 47 mil pesos en una cena. Y pas\u00f3 lo que ten\u00eda que pasar; en lugar de mostrarse compungido o avergonzado, le sali\u00f3 la soberbia y le ech\u00f3 la culpa a los hip\u00f3critas conservadores que le mandaron esp\u00edas.&nbsp;&nbsp;<\/p>\n\n\n\n<p>El domingo anterior el periodista Jorge Garc\u00eda Orozco, comparti\u00f3 una fotograf\u00eda en la que Jos\u00e9 Ram\u00f3n L\u00f3pez Beltr\u00e1n aparece usando unas sandalias Gucci con un costo de 880 d\u00f3lares o 16 mil 494 pesos.&nbsp;<\/p>\n\n\n\n<p>Pura austeridad.&nbsp;<\/p>\n\n\n\n<p>En mayo de este a\u00f1o trascendi\u00f3 que Beatriz Guti\u00e9rrez M\u00fcller hab\u00eda solicitado la ciudadan\u00eda espa\u00f1ola lo mismo que dos hermanos del expresidente: P\u00edo y Mart\u00edn (alias Martinazo) lo que nadie desminti\u00f3.&nbsp;<\/p>\n\n\n\n<p>Este lunes el diario espa\u00f1ol ABC public\u00f3 que la do\u00f1a probablemente se vaya a vivir a Madrid en el exclusivo barrio de La Moraleja, junto con su hijo Jes\u00fas Ernesto que ya tiene 18 a\u00f1os y estudiar\u00e1 en la Universidad Complutense.&nbsp;<\/p>\n\n\n\n<p>Esto provoc\u00f3 una iracunda reacci\u00f3n de la se\u00f1ora que en una misiva con errores de sintaxis, imperdonables en una maestra en letras y doctora en teor\u00eda literaria, dijo que en el ABC de all\u00e1, \u201ccalumniadores profesionales de la derecha m\u00e1s rancia y corrupta est\u00e1n fanatizados por completo y quieren vengarse de ya saben qui\u00e9n. Porque ese lindo se\u00f1or logr\u00f3 reducir la pobreza y la desigualdad en nuestro pa\u00eds\u201d. M\u00e1s adelante agreg\u00f3: \u201cEstoy enamorada de ese hombre y de mi hijito. Somos una familia muy unida a la cual han vilipendiado por los ideales de ese loco hermoso llamado AMLO\u201d. Y el hashtag \u201cAMLO loco hermoso\u201d va que vuela para hacerse viral.&nbsp;<\/p>\n\n\n\n<p>Luego vino lo de siempre; la amenaza de meter al bote al mensajero y a quienes repitieron el mensaje.&nbsp;<\/p>\n\n\n\n<p>\u00bfEs pecado que la esposa y los hijos de AMLO viajen y vivan donde se les pegue la gana? No. \u00bfEs pecado que derrochen m\u00e1s que los de antes? Tampoco. Pecado es que no comulguen con lo que ellos mismos han pregonado, y que la austeridad y justa median\u00eda sea solo parte de su hip\u00f3crita discurso. Pecado es que se victimicen cuando los agarran en la maroma y griten \u201cal corrupto al corrupto\u201d cuando los corruptos son ellos.&nbsp;<\/p>\n\n\n\n<p>L\u00e1stima por Andr\u00e9s Manuel que es la gran v\u00edctima. Es tabasque\u00f1o est\u00e1 viendo c\u00f3mo se hace polvo su deseo de que Andy suceda a Claudia Sheinbaum en el 2030, lo que no suceder\u00e1 ni yendo a bailar a Chalma. Por torpe, prepotente, altanero y z\u00e1ngano, Andy no tiene espolones para gallo y los mismos morenos lo van a hacer a un lado.&nbsp;<\/p>\n\n\n\n<p>Por otra parte, al exigirle perd\u00f3n a la Corona espa\u00f1ola por las atrocidades que cometieron los peninsulares durante la conquista, Andr\u00e9s Manuel qued\u00f3 ante los espa\u00f1oles como el villano de la pel\u00edcula, cuando la de la idea y la que le llev\u00f3 la mano a la hora de redactar la misiva fue su esposa.&nbsp;<\/p>\n\n\n\n<p>Lo que son las cosas, mientras la se\u00f1ora quiz\u00e1 se vaya a Espa\u00f1a porque seg\u00fan sus palabras: \u201cNo es una puerta que est\u00e9 cerrada\u201d, Andr\u00e9s Manuel tendr\u00e1 que contentarse conque le cuente c\u00f3mo viven los ricos en La Moraleja, entre ellos la propia Beatriz.<\/p>\n\n\n\n<p>bernagup28@gmail.com<\/p>\n","protected":false},"excerpt":{"rendered":"<p>Bernardo Guti\u00e9rrez Parra&nbsp; Desde el Caf\u00e9&nbsp; Si algo tuvo Andr\u00e9s Manuel L\u00f3pez Obrador como presidente fue un f\u00e9rreo control sobre sus ministros y gobernadores. Este control se extendi\u00f3 a legisladores federales, locales y alcaldes. Si quer\u00eda saber sobre un gobernador (por poner un ejemplo), en cuesti\u00f3n de minutos le dec\u00edan d\u00f3nde estaba, con qui\u00e9n estaba [&hellip;]<\/p>\n","protected":false},"author":2,"featured_media":141479,"comment_status":"closed","ping_status":"closed","sticky":false,"template":"","format":"standard","meta":{"tdm_status":"","tdm_grid_status":"","footnotes":""},"categories":[70],"tags":[],"class_list":{"0":"post-150952","1":"post","2":"type-post","3":"status-publish","4":"format-standard","5":"has-post-thumbnail","7":"category-de-opinion"},"yoast_head":"<!-- This site is optimized with the Yoast SEO plugin v27.4 - https:\/\/yoast.com\/product\/yoast-seo-wordpress\/ -->\n<title>NO SON LOS ADVERSARIOS, ES SU FAMILIA - Los pol\u00edticos Veracruz<\/title>\n<meta name=\"robots\" content=\"index, follow, max-snippet:-1, max-image-preview:large, max-video-preview:-1\" \/>\n<link rel=\"canonical\" href=\"https:\/\/lospoliticosveracruz.com\/?p=150952\" \/>\n<meta property=\"og:locale\" content=\"es_ES\" \/>\n<meta property=\"og:type\" content=\"article\" \/>\n<meta property=\"og:title\" content=\"NO SON LOS ADVERSARIOS, ES SU FAMILIA - Los pol\u00edticos Veracruz\" \/>\n<meta property=\"og:description\" content=\"Bernardo Guti\u00e9rrez Parra&nbsp; Desde el Caf\u00e9&nbsp; Si algo tuvo Andr\u00e9s Manuel L\u00f3pez Obrador como presidente fue un f\u00e9rreo control sobre sus ministros y gobernadores. Este control se extendi\u00f3 a legisladores federales, locales y alcaldes. Si quer\u00eda saber sobre un gobernador (por poner un ejemplo), en cuesti\u00f3n de minutos le dec\u00edan d\u00f3nde estaba, con qui\u00e9n estaba [&hellip;]\" \/>\n<meta property=\"og:url\" content=\"https:\/\/lospoliticosveracruz.com\/?p=150952\" \/>\n<meta property=\"og:site_name\" content=\"Los pol\u00edticos Veracruz\" \/>\n<meta property=\"article:publisher\" content=\"https:\/\/www.facebook.com\/people\/Notimemes-de-los-Polticos\/61565672886568\/\" \/>\n<meta property=\"article:published_time\" content=\"2025-08-19T18:48:05+00:00\" \/>\n<meta property=\"article:modified_time\" content=\"2025-08-19T18:48:24+00:00\" \/>\n<meta property=\"og:image\" content=\"https:\/\/lospoliticosveracruz.com\/wp-content\/uploads\/2025\/04\/Bernardo-Gutierrez-Parra.jpg\" \/>\n\t<meta property=\"og:image:width\" content=\"1250\" \/>\n\t<meta property=\"og:image:height\" content=\"667\" \/>\n\t<meta property=\"og:image:type\" content=\"image\/jpeg\" \/>\n<meta name=\"author\" content=\"Lo viste en Los Pol\u00edticos\" \/>\n<meta name=\"twitter:card\" content=\"summary_large_image\" \/>\n<meta name=\"twitter:creator\" content=\"@LosPoliticosVer\" \/>\n<meta name=\"twitter:site\" content=\"@LosPoliticosVer\" \/>\n<meta name=\"twitter:label1\" content=\"Escrito por\" \/>\n\t<meta name=\"twitter:data1\" content=\"Lo viste en Los Pol\u00edticos\" \/>\n\t<meta name=\"twitter:label2\" content=\"Tiempo de lectura\" \/>\n\t<meta name=\"twitter:data2\" content=\"5 minutos\" \/>\n<script type=\"application\/ld+json\" class=\"yoast-schema-graph\">{\"@context\":\"https:\\\/\\\/schema.org\",\"@graph\":[{\"@type\":\"Article\",\"@id\":\"https:\\\/\\\/lospoliticosveracruz.com\\\/?p=150952#article\",\"isPartOf\":{\"@id\":\"https:\\\/\\\/lospoliticosveracruz.com\\\/?p=150952\"},\"author\":{\"name\":\"Lo viste en Los Pol\u00edticos\",\"@id\":\"https:\\\/\\\/lospoliticosveracruz.com\\\/#\\\/schema\\\/person\\\/b8702bb0e538456e6efd07080bf2a4a2\"},\"headline\":\"NO SON LOS ADVERSARIOS, ES SU FAMILIA\",\"datePublished\":\"2025-08-19T18:48:05+00:00\",\"dateModified\":\"2025-08-19T18:48:24+00:00\",\"mainEntityOfPage\":{\"@id\":\"https:\\\/\\\/lospoliticosveracruz.com\\\/?p=150952\"},\"wordCount\":914,\"publisher\":{\"@id\":\"https:\\\/\\\/lospoliticosveracruz.com\\\/#organization\"},\"image\":{\"@id\":\"https:\\\/\\\/lospoliticosveracruz.com\\\/?p=150952#primaryimage\"},\"thumbnailUrl\":\"https:\\\/\\\/lospoliticosveracruz.com\\\/wp-content\\\/uploads\\\/2025\\\/04\\\/Bernardo-Gutierrez-Parra.jpg\",\"articleSection\":[\"De Opini\u00f3n\"],\"inLanguage\":\"es\"},{\"@type\":\"WebPage\",\"@id\":\"https:\\\/\\\/lospoliticosveracruz.com\\\/?p=150952\",\"url\":\"https:\\\/\\\/lospoliticosveracruz.com\\\/?p=150952\",\"name\":\"NO SON LOS ADVERSARIOS, ES SU FAMILIA - Los pol\u00edticos Veracruz\",\"isPartOf\":{\"@id\":\"https:\\\/\\\/lospoliticosveracruz.com\\\/#website\"},\"primaryImageOfPage\":{\"@id\":\"https:\\\/\\\/lospoliticosveracruz.com\\\/?p=150952#primaryimage\"},\"image\":{\"@id\":\"https:\\\/\\\/lospoliticosveracruz.com\\\/?p=150952#primaryimage\"},\"thumbnailUrl\":\"https:\\\/\\\/lospoliticosveracruz.com\\\/wp-content\\\/uploads\\\/2025\\\/04\\\/Bernardo-Gutierrez-Parra.jpg\",\"datePublished\":\"2025-08-19T18:48:05+00:00\",\"dateModified\":\"2025-08-19T18:48:24+00:00\",\"breadcrumb\":{\"@id\":\"https:\\\/\\\/lospoliticosveracruz.com\\\/?p=150952#breadcrumb\"},\"inLanguage\":\"es\",\"potentialAction\":[{\"@type\":\"ReadAction\",\"target\":[\"https:\\\/\\\/lospoliticosveracruz.com\\\/?p=150952\"]}]},{\"@type\":\"ImageObject\",\"inLanguage\":\"es\",\"@id\":\"https:\\\/\\\/lospoliticosveracruz.com\\\/?p=150952#primaryimage\",\"url\":\"https:\\\/\\\/lospoliticosveracruz.com\\\/wp-content\\\/uploads\\\/2025\\\/04\\\/Bernardo-Gutierrez-Parra.jpg\",\"contentUrl\":\"https:\\\/\\\/lospoliticosveracruz.com\\\/wp-content\\\/uploads\\\/2025\\\/04\\\/Bernardo-Gutierrez-Parra.jpg\",\"width\":1250,\"height\":667},{\"@type\":\"BreadcrumbList\",\"@id\":\"https:\\\/\\\/lospoliticosveracruz.com\\\/?p=150952#breadcrumb\",\"itemListElement\":[{\"@type\":\"ListItem\",\"position\":1,\"name\":\"Portada\",\"item\":\"https:\\\/\\\/lospoliticosveracruz.com\\\/\"},{\"@type\":\"ListItem\",\"position\":2,\"name\":\"NO SON LOS ADVERSARIOS, ES SU FAMILIA\"}]},{\"@type\":\"WebSite\",\"@id\":\"https:\\\/\\\/lospoliticosveracruz.com\\\/#website\",\"url\":\"https:\\\/\\\/lospoliticosveracruz.com\\\/\",\"name\":\"Los pol\u00edticos Veracruz\",\"description\":\"\",\"publisher\":{\"@id\":\"https:\\\/\\\/lospoliticosveracruz.com\\\/#organization\"},\"potentialAction\":[{\"@type\":\"SearchAction\",\"target\":{\"@type\":\"EntryPoint\",\"urlTemplate\":\"https:\\\/\\\/lospoliticosveracruz.com\\\/?s={search_term_string}\"},\"query-input\":{\"@type\":\"PropertyValueSpecification\",\"valueRequired\":true,\"valueName\":\"search_term_string\"}}],\"inLanguage\":\"es\"},{\"@type\":\"Organization\",\"@id\":\"https:\\\/\\\/lospoliticosveracruz.com\\\/#organization\",\"name\":\"Los pol\u00edticos Veracruz\",\"url\":\"https:\\\/\\\/lospoliticosveracruz.com\\\/\",\"logo\":{\"@type\":\"ImageObject\",\"inLanguage\":\"es\",\"@id\":\"https:\\\/\\\/lospoliticosveracruz.com\\\/#\\\/schema\\\/logo\\\/image\\\/\",\"url\":\"https:\\\/\\\/lospoliticosveracruz.com\\\/wp-content\\\/uploads\\\/2025\\\/12\\\/Logo-Nuevo-LOS-POLITICOS-1.jpg\",\"contentUrl\":\"https:\\\/\\\/lospoliticosveracruz.com\\\/wp-content\\\/uploads\\\/2025\\\/12\\\/Logo-Nuevo-LOS-POLITICOS-1.jpg\",\"width\":260,\"height\":70,\"caption\":\"Los pol\u00edticos Veracruz\"},\"image\":{\"@id\":\"https:\\\/\\\/lospoliticosveracruz.com\\\/#\\\/schema\\\/logo\\\/image\\\/\"},\"sameAs\":[\"https:\\\/\\\/www.facebook.com\\\/people\\\/Notimemes-de-los-Polticos\\\/61565672886568\\\/\",\"https:\\\/\\\/x.com\\\/LosPoliticosVer\"]},{\"@type\":\"Person\",\"@id\":\"https:\\\/\\\/lospoliticosveracruz.com\\\/#\\\/schema\\\/person\\\/b8702bb0e538456e6efd07080bf2a4a2\",\"name\":\"Lo viste en Los Pol\u00edticos\",\"image\":{\"@type\":\"ImageObject\",\"inLanguage\":\"es\",\"@id\":\"https:\\\/\\\/secure.gravatar.com\\\/avatar\\\/3a8de04a2656d44082be478bd6c086daa447c4651605818287b9532d3d0bd435?s=96&d=mm&r=g\",\"url\":\"https:\\\/\\\/secure.gravatar.com\\\/avatar\\\/3a8de04a2656d44082be478bd6c086daa447c4651605818287b9532d3d0bd435?s=96&d=mm&r=g\",\"contentUrl\":\"https:\\\/\\\/secure.gravatar.com\\\/avatar\\\/3a8de04a2656d44082be478bd6c086daa447c4651605818287b9532d3d0bd435?s=96&d=mm&r=g\",\"caption\":\"Lo viste en Los Pol\u00edticos\"},\"url\":\"https:\\\/\\\/lospoliticosveracruz.com\\\/?author=2\"}]}<\/script>\n<!-- \/ Yoast SEO plugin. -->","yoast_head_json":{"title":"NO SON LOS ADVERSARIOS, ES SU FAMILIA - Los pol\u00edticos Veracruz","robots":{"index":"index","follow":"follow","max-snippet":"max-snippet:-1","max-image-preview":"max-image-preview:large","max-video-preview":"max-video-preview:-1"},"canonical":"https:\/\/lospoliticosveracruz.com\/?p=150952","og_locale":"es_ES","og_type":"article","og_title":"NO SON LOS ADVERSARIOS, ES SU FAMILIA - Los pol\u00edticos Veracruz","og_description":"Bernardo Guti\u00e9rrez Parra&nbsp; Desde el Caf\u00e9&nbsp; Si algo tuvo Andr\u00e9s Manuel L\u00f3pez Obrador como presidente fue un f\u00e9rreo control sobre sus ministros y gobernadores. Este control se extendi\u00f3 a legisladores federales, locales y alcaldes. Si quer\u00eda saber sobre un gobernador (por poner un ejemplo), en cuesti\u00f3n de minutos le dec\u00edan d\u00f3nde estaba, con qui\u00e9n estaba [&hellip;]","og_url":"https:\/\/lospoliticosveracruz.com\/?p=150952","og_site_name":"Los pol\u00edticos Veracruz","article_publisher":"https:\/\/www.facebook.com\/people\/Notimemes-de-los-Polticos\/61565672886568\/","article_published_time":"2025-08-19T18:48:05+00:00","article_modified_time":"2025-08-19T18:48:24+00:00","og_image":[{"width":1250,"height":667,"url":"https:\/\/lospoliticosveracruz.com\/wp-content\/uploads\/2025\/04\/Bernardo-Gutierrez-Parra.jpg","type":"image\/jpeg"}],"author":"Lo viste en Los Pol\u00edticos","twitter_card":"summary_large_image","twitter_creator":"@LosPoliticosVer","twitter_site":"@LosPoliticosVer","twitter_misc":{"Escrito por":"Lo viste en Los Pol\u00edticos","Tiempo de lectura":"5 minutos"},"schema":{"@context":"https:\/\/schema.org","@graph":[{"@type":"Article","@id":"https:\/\/lospoliticosveracruz.com\/?p=150952#article","isPartOf":{"@id":"https:\/\/lospoliticosveracruz.com\/?p=150952"},"author":{"name":"Lo viste en Los Pol\u00edticos","@id":"https:\/\/lospoliticosveracruz.com\/#\/schema\/person\/b8702bb0e538456e6efd07080bf2a4a2"},"headline":"NO SON LOS ADVERSARIOS, ES SU FAMILIA","datePublished":"2025-08-19T18:48:05+00:00","dateModified":"2025-08-19T18:48:24+00:00","mainEntityOfPage":{"@id":"https:\/\/lospoliticosveracruz.com\/?p=150952"},"wordCount":914,"publisher":{"@id":"https:\/\/lospoliticosveracruz.com\/#organization"},"image":{"@id":"https:\/\/lospoliticosveracruz.com\/?p=150952#primaryimage"},"thumbnailUrl":"https:\/\/lospoliticosveracruz.com\/wp-content\/uploads\/2025\/04\/Bernardo-Gutierrez-Parra.jpg","articleSection":["De Opini\u00f3n"],"inLanguage":"es"},{"@type":"WebPage","@id":"https:\/\/lospoliticosveracruz.com\/?p=150952","url":"https:\/\/lospoliticosveracruz.com\/?p=150952","name":"NO SON LOS ADVERSARIOS, ES SU FAMILIA - Los pol\u00edticos Veracruz","isPartOf":{"@id":"https:\/\/lospoliticosveracruz.com\/#website"},"primaryImageOfPage":{"@id":"https:\/\/lospoliticosveracruz.com\/?p=150952#primaryimage"},"image":{"@id":"https:\/\/lospoliticosveracruz.com\/?p=150952#primaryimage"},"thumbnailUrl":"https:\/\/lospoliticosveracruz.com\/wp-content\/uploads\/2025\/04\/Bernardo-Gutierrez-Parra.jpg","datePublished":"2025-08-19T18:48:05+00:00","dateModified":"2025-08-19T18:48:24+00:00","breadcrumb":{"@id":"https:\/\/lospoliticosveracruz.com\/?p=150952#breadcrumb"},"inLanguage":"es","potentialAction":[{"@type":"ReadAction","target":["https:\/\/lospoliticosveracruz.com\/?p=150952"]}]},{"@type":"ImageObject","inLanguage":"es","@id":"https:\/\/lospoliticosveracruz.com\/?p=150952#primaryimage","url":"https:\/\/lospoliticosveracruz.com\/wp-content\/uploads\/2025\/04\/Bernardo-Gutierrez-Parra.jpg","contentUrl":"https:\/\/lospoliticosveracruz.com\/wp-content\/uploads\/2025\/04\/Bernardo-Gutierrez-Parra.jpg","width":1250,"height":667},{"@type":"BreadcrumbList","@id":"https:\/\/lospoliticosveracruz.com\/?p=150952#breadcrumb","itemListElement":[{"@type":"ListItem","position":1,"name":"Portada","item":"https:\/\/lospoliticosveracruz.com\/"},{"@type":"ListItem","position":2,"name":"NO SON LOS ADVERSARIOS, ES SU FAMILIA"}]},{"@type":"WebSite","@id":"https:\/\/lospoliticosveracruz.com\/#website","url":"https:\/\/lospoliticosveracruz.com\/","name":"Los pol\u00edticos Veracruz","description":"","publisher":{"@id":"https:\/\/lospoliticosveracruz.com\/#organization"},"potentialAction":[{"@type":"SearchAction","target":{"@type":"EntryPoint","urlTemplate":"https:\/\/lospoliticosveracruz.com\/?s={search_term_string}"},"query-input":{"@type":"PropertyValueSpecification","valueRequired":true,"valueName":"search_term_string"}}],"inLanguage":"es"},{"@type":"Organization","@id":"https:\/\/lospoliticosveracruz.com\/#organization","name":"Los pol\u00edticos Veracruz","url":"https:\/\/lospoliticosveracruz.com\/","logo":{"@type":"ImageObject","inLanguage":"es","@id":"https:\/\/lospoliticosveracruz.com\/#\/schema\/logo\/image\/","url":"https:\/\/lospoliticosveracruz.com\/wp-content\/uploads\/2025\/12\/Logo-Nuevo-LOS-POLITICOS-1.jpg","contentUrl":"https:\/\/lospoliticosveracruz.com\/wp-content\/uploads\/2025\/12\/Logo-Nuevo-LOS-POLITICOS-1.jpg","width":260,"height":70,"caption":"Los pol\u00edticos Veracruz"},"image":{"@id":"https:\/\/lospoliticosveracruz.com\/#\/schema\/logo\/image\/"},"sameAs":["https:\/\/www.facebook.com\/people\/Notimemes-de-los-Polticos\/61565672886568\/","https:\/\/x.com\/LosPoliticosVer"]},{"@type":"Person","@id":"https:\/\/lospoliticosveracruz.com\/#\/schema\/person\/b8702bb0e538456e6efd07080bf2a4a2","name":"Lo viste en Los Pol\u00edticos","image":{"@type":"ImageObject","inLanguage":"es","@id":"https:\/\/secure.gravatar.com\/avatar\/3a8de04a2656d44082be478bd6c086daa447c4651605818287b9532d3d0bd435?s=96&d=mm&r=g","url":"https:\/\/secure.gravatar.com\/avatar\/3a8de04a2656d44082be478bd6c086daa447c4651605818287b9532d3d0bd435?s=96&d=mm&r=g","contentUrl":"https:\/\/secure.gravatar.com\/avatar\/3a8de04a2656d44082be478bd6c086daa447c4651605818287b9532d3d0bd435?s=96&d=mm&r=g","caption":"Lo viste en Los Pol\u00edticos"},"url":"https:\/\/lospoliticosveracruz.com\/?author=2"}]}},"_links":{"self":[{"href":"https:\/\/lospoliticosveracruz.com\/index.php?rest_route=\/wp\/v2\/posts\/150952","targetHints":{"allow":["GET"]}}],"collection":[{"href":"https:\/\/lospoliticosveracruz.com\/index.php?rest_route=\/wp\/v2\/posts"}],"about":[{"href":"https:\/\/lospoliticosveracruz.com\/index.php?rest_route=\/wp\/v2\/types\/post"}],"author":[{"embeddable":true,"href":"https:\/\/lospoliticosveracruz.com\/index.php?rest_route=\/wp\/v2\/users\/2"}],"replies":[{"embeddable":true,"href":"https:\/\/lospoliticosveracruz.com\/index.php?rest_route=%2Fwp%2Fv2%2Fcomments&post=150952"}],"version-history":[{"count":1,"href":"https:\/\/lospoliticosveracruz.com\/index.php?rest_route=\/wp\/v2\/posts\/150952\/revisions"}],"predecessor-version":[{"id":150953,"href":"https:\/\/lospoliticosveracruz.com\/index.php?rest_route=\/wp\/v2\/posts\/150952\/revisions\/150953"}],"wp:featuredmedia":[{"embeddable":true,"href":"https:\/\/lospoliticosveracruz.com\/index.php?rest_route=\/wp\/v2\/media\/141479"}],"wp:attachment":[{"href":"https:\/\/lospoliticosveracruz.com\/index.php?rest_route=%2Fwp%2Fv2%2Fmedia&parent=150952"}],"wp:term":[{"taxonomy":"category","embeddable":true,"href":"https:\/\/lospoliticosveracruz.com\/index.php?rest_route=%2Fwp%2Fv2%2Fcategories&post=150952"},{"taxonomy":"post_tag","embeddable":true,"href":"https:\/\/lospoliticosveracruz.com\/index.php?rest_route=%2Fwp%2Fv2%2Ftags&post=150952"}],"curies":[{"name":"wp","href":"https:\/\/api.w.org\/{rel}","templated":true}]}}