{"id":150963,"date":"2025-08-19T20:59:00","date_gmt":"2025-08-20T01:59:00","guid":{"rendered":"https:\/\/lospoliticosveracruz.com.mx\/?p=150963"},"modified":"2025-08-19T18:57:55","modified_gmt":"2025-08-19T23:57:55","slug":"omnipresencia","status":"publish","type":"post","link":"https:\/\/lospoliticosveracruz.com\/?p=150963","title":{"rendered":"OMNIPRESENCIA"},"content":{"rendered":"\n\n\n<p><strong>Guadalupe H. Mar<\/strong><\/p>\n\n\n\n<p><em>Mira Pol\u00edtica<\/em><\/p>\n\n\n\n<p><strong>MILENARIA COSTUMBRITA<\/strong>&nbsp;\u2026 \u00bfSab\u00edan ustedes amables lectoras y lectores que el gabinete legal de esa entelequia llamada&nbsp;<strong>gobierno del estado de Veracruz<\/strong>, adem\u00e1s de la&nbsp;<strong>gobernadora la ingeniera qu\u00edmica Norma Roc\u00edo Nahle Garc\u00eda<\/strong>, lo integran 14 secretarios de despacho, una jefatura de la Oficina y Programa de Gobierno, as\u00ed como una Contralor\u00eda General del Estado?<\/p>\n\n\n\n<p>Una m\u00e1s dif\u00edcil. \u00bfSaben ustedes los nombres de los titulares de las secretar\u00edas de&nbsp;<strong>Infraestructura y Obras P\u00fablicas<\/strong>, la de&nbsp;<strong>Desarrollo Agropecuario, Rural y Pesca<\/strong>, o de&nbsp;<strong>Desarrollo Econ\u00f3mico y Portuario<\/strong>, o al menos la del&nbsp;<strong>secretario de Trabajo, Previsi\u00f3n Social y Productividad<\/strong>?<\/p>\n\n\n\n<p>No se apuren amables lectoras y lectores, la mayor\u00eda de los veracruzanos tampoco saben los nombres de los titulares de esas secretar\u00edas de despacho del&nbsp;<strong>gobierno del estado de Veracruz<\/strong>.<\/p>\n\n\n\n<p>Hemos preguntado por aqu\u00ed y por all\u00e1 y el m\u00e1s conocido es el&nbsp;<strong>secretario de Gobierno, don Ricardo Ahued Bardahuil<\/strong>, pero nadie, absolutamente nadie de los entrevistados nos ha sabido dar el nombre de al menos tres de los 14 secretarios de despacho de la actual administraci\u00f3n estatal.<\/p>\n\n\n\n<p>Mencionan algunos de los entrevistados a la&nbsp;<strong>maestra Claudia Tello Espinosa<\/strong>,&nbsp;<strong>secretaria de Educaci\u00f3n<\/strong>&nbsp;y algunos, sobre todo en el sur de la entidad veracruzana, a&nbsp;<strong>Mar\u00eda X\u00f3chitl Molina Gonz\u00e1lez<\/strong>, titular de la&nbsp;<strong>Secretar\u00eda de Cultura<\/strong>.<\/p>\n\n\n\n<p>La que se conoce un poquito m\u00e1s, pero no mucho, es a la&nbsp;<strong>doctora en Antropolog\u00eda y secretaria de Protecci\u00f3n Civil del gobierno del estado, Guadalupe Osorno Maldonado<\/strong>&nbsp;y eso porque tiene que hacerla de pararrayos en temporada de desastres naturales.<\/p>\n\n\n\n<p>Incre\u00edble pero cierto, es que salvo los compa\u00f1eros periodistas y comunicadores de la fuente policiaca o la nota roja, son los \u00fanicos que se saben el nombre del&nbsp;<strong>secretario de Seguridad P\u00fablica, Alfonso Reyes Garc\u00e9s<\/strong>.<\/p>\n\n\n\n<p>Del resto, algunos solo balbucean nombres y apellidos.<\/p>\n\n\n\n<p>Vaya, los entrevistados en su mayor\u00eda no recuerdan siquiera el nombre del actual&nbsp;<strong>secretario de Finanzas y nada de Planeaci\u00f3n, Miguel Santiago Reyes Hern\u00e1ndez<\/strong>, quien aqu\u00ed entre nos, es m\u00e1s recordado por su paso en la&nbsp;<strong>Comisi\u00f3n Federal de Electricidad (CFE)<\/strong>.<\/p>\n\n\n\n<p>Es obvio que no se les conoce a los integrantes del&nbsp;<strong>gabinete legal del gobierno del estado de Veracruz<\/strong>, por la simple y sencilla raz\u00f3n de que no salen a la luz p\u00fablica para nada.<\/p>\n\n\n\n<p>No hacen declaraciones period\u00edsticas, no se les ve por los caf\u00e9s, ni siquiera caminando los domingos por&nbsp;<strong>Plaza Am\u00e9ricas de Xalapa<\/strong>, mucho menos acompa\u00f1ando a sus familias en el cine.<\/p>\n\n\n\n<p>No tenemos la certeza. No nos consta, pero pareciera que la consigna a todos ellos es no aparecer en p\u00fablico, no hacer declaraciones period\u00edsticas y mucho menos dejarse ver cual mortales que son.<\/p>\n\n\n\n<p>Guste o no guste. El objetivo de la&nbsp;<strong>omnipresencia<\/strong>&nbsp;se cumple en&nbsp;<strong>Veracruz<\/strong>.<\/p>\n\n\n\n<p><strong>IGUALITO HIZO JES\u00daS<\/strong>&nbsp;\u2026 Pero no crean amables lectoras y lectores que esto de la&nbsp;<strong>omnipresencia<\/strong>&nbsp;es algo nuevo. No para nada, pues ya se hac\u00eda desde hace miles de a\u00f1os y uno de los casos m\u00e1s conocidos es el de&nbsp;<strong>Jes\u00fas de Nazaret<\/strong>, quien nombr\u00f3 a&nbsp;<strong>12 ap\u00f3stoles<\/strong>&nbsp;para que fueran sus seguidores, fundaran la&nbsp;<strong>iglesia cat\u00f3lica<\/strong>&nbsp;y, sobre todo, para difundir su mensaje despu\u00e9s de su muerte y resurrecci\u00f3n.<\/p>\n\n\n\n<p>Con todo respeto amables lectoras y lectores les preguntamos los nombres de esos&nbsp;<strong>12 ap\u00f3stoles<\/strong>.<\/p>\n\n\n\n<p>No se apure, tambi\u00e9n la mayor\u00eda solo recuerda a&nbsp;<strong>Pedro<\/strong>, cuyo verdadero nombre era&nbsp;<strong>Sim\u00f3n<\/strong>, pero&nbsp;<strong>Jes\u00fas<\/strong>&nbsp;se lo cambi\u00f3 por el que significa piedra.<\/p>\n\n\n\n<p>Pues bien, y para que no se queden con la duda, el resto de los&nbsp;<strong>ap\u00f3stoles<\/strong>&nbsp;nombrados por&nbsp;<strong>Jes\u00fas de Nazaret<\/strong>&nbsp;para fundar la&nbsp;<strong>iglesia cat\u00f3lica<\/strong>&nbsp;eran:&nbsp;<strong>Andr\u00e9s<\/strong>,&nbsp;<strong>Santiago<\/strong>&nbsp;(hijo de Zebedeo),&nbsp;<strong>Juan<\/strong>,&nbsp;<strong>Felipe<\/strong>,&nbsp;<strong>Bartolom\u00e9<\/strong>,&nbsp;<strong>Tom\u00e1s<\/strong>,&nbsp;<strong>Mateo<\/strong>,&nbsp;<strong>Santiago<\/strong>&nbsp;(hijo de Alfeo),&nbsp;<strong>Judas Tadeo<\/strong>,&nbsp;<strong>Sim\u00f3n el Zelote<\/strong>&nbsp;y&nbsp;<strong>Judas Iscariote<\/strong>.<\/p>\n\n\n\n<p><strong>DOS MIL 25 A\u00d1OS DESPU\u00c9S<\/strong>&nbsp;\u2026 Los veracruzanos esperamos que la actual administraci\u00f3n estatal, con su&nbsp;<strong>gabinete legal<\/strong>&nbsp;integrado por 14 secretarios de despacho, una jefatura de la Oficina y Programa de Gobierno, as\u00ed como una Contralor\u00eda General del Estado tengan el mismo \u00e9xito que tuvo&nbsp;<strong>Jes\u00fas de Nazaret<\/strong>&nbsp;con su&nbsp;<strong>omnipresencia<\/strong>.&nbsp;<strong>Am\u00e9n. Vaya desgaste.<\/strong><\/p>\n\n\n\n<p><strong>D\u00cdGALO SIN MIEDO<\/strong>&nbsp;\u2026 Al correo electr\u00f3nico&nbsp;<strong>guadalupehmar@gmail.com<\/strong><\/p>\n","protected":false},"excerpt":{"rendered":"<p>Guadalupe H. Mar Mira Pol\u00edtica MILENARIA COSTUMBRITA&nbsp;\u2026 \u00bfSab\u00edan ustedes amables lectoras y lectores que el gabinete legal de esa entelequia llamada&nbsp;gobierno del estado de Veracruz, adem\u00e1s de la&nbsp;gobernadora la ingeniera qu\u00edmica Norma Roc\u00edo Nahle Garc\u00eda, lo integran 14 secretarios de despacho, una jefatura de la Oficina y Programa de Gobierno, as\u00ed como una Contralor\u00eda General [&hellip;]<\/p>\n","protected":false},"author":2,"featured_media":141398,"comment_status":"closed","ping_status":"closed","sticky":false,"template":"","format":"standard","meta":{"tdm_status":"","tdm_grid_status":"","footnotes":""},"categories":[70],"tags":[45470,12502,45471,45468,45469],"class_list":{"0":"post-150963","1":"post","2":"type-post","3":"status-publish","4":"format-standard","5":"has-post-thumbnail","7":"category-de-opinion","8":"tag-gabinete-legal-veracruz","9":"tag-gobierno-del-estado-de-veracruz","10":"tag-guadalupe-h-mar-columna","11":"tag-omnipresencia-politica","12":"tag-rocio-nahle-secretarios"},"yoast_head":"<!-- This site is optimized with the Yoast SEO plugin v27.4 - https:\/\/yoast.com\/product\/yoast-seo-wordpress\/ -->\n<title>OMNIPRESENCIA - Los pol\u00edticos Veracruz<\/title>\n<meta name=\"robots\" content=\"index, follow, max-snippet:-1, max-image-preview:large, max-video-preview:-1\" \/>\n<link rel=\"canonical\" href=\"https:\/\/lospoliticosveracruz.com\/?p=150963\" \/>\n<meta property=\"og:locale\" content=\"es_ES\" \/>\n<meta property=\"og:type\" content=\"article\" \/>\n<meta property=\"og:title\" content=\"OMNIPRESENCIA - Los pol\u00edticos Veracruz\" \/>\n<meta property=\"og:description\" content=\"Guadalupe H. Mar Mira Pol\u00edtica MILENARIA COSTUMBRITA&nbsp;\u2026 \u00bfSab\u00edan ustedes amables lectoras y lectores que el gabinete legal de esa entelequia llamada&nbsp;gobierno del estado de Veracruz, adem\u00e1s de la&nbsp;gobernadora la ingeniera qu\u00edmica Norma Roc\u00edo Nahle Garc\u00eda, lo integran 14 secretarios de despacho, una jefatura de la Oficina y Programa de Gobierno, as\u00ed como una Contralor\u00eda General [&hellip;]\" \/>\n<meta property=\"og:url\" content=\"https:\/\/lospoliticosveracruz.com\/?p=150963\" \/>\n<meta property=\"og:site_name\" content=\"Los pol\u00edticos Veracruz\" \/>\n<meta property=\"article:publisher\" content=\"https:\/\/www.facebook.com\/people\/Notimemes-de-los-Polticos\/61565672886568\/\" \/>\n<meta property=\"article:published_time\" content=\"2025-08-20T01:59:00+00:00\" \/>\n<meta property=\"og:image\" content=\"https:\/\/lospoliticosveracruz.com\/wp-content\/uploads\/2025\/04\/Lupita-H-Mar.jpg\" \/>\n\t<meta property=\"og:image:width\" content=\"1250\" \/>\n\t<meta property=\"og:image:height\" content=\"667\" \/>\n\t<meta property=\"og:image:type\" content=\"image\/jpeg\" \/>\n<meta name=\"author\" content=\"Lo viste en Los Pol\u00edticos\" \/>\n<meta name=\"twitter:card\" content=\"summary_large_image\" \/>\n<meta name=\"twitter:creator\" content=\"@LosPoliticosVer\" \/>\n<meta name=\"twitter:site\" content=\"@LosPoliticosVer\" \/>\n<meta name=\"twitter:label1\" content=\"Escrito por\" \/>\n\t<meta name=\"twitter:data1\" content=\"Lo viste en Los Pol\u00edticos\" \/>\n\t<meta name=\"twitter:label2\" content=\"Tiempo de lectura\" \/>\n\t<meta name=\"twitter:data2\" content=\"4 minutos\" \/>\n<script type=\"application\/ld+json\" class=\"yoast-schema-graph\">{\"@context\":\"https:\\\/\\\/schema.org\",\"@graph\":[{\"@type\":\"Article\",\"@id\":\"https:\\\/\\\/lospoliticosveracruz.com\\\/?p=150963#article\",\"isPartOf\":{\"@id\":\"https:\\\/\\\/lospoliticosveracruz.com\\\/?p=150963\"},\"author\":{\"name\":\"Lo viste en Los Pol\u00edticos\",\"@id\":\"https:\\\/\\\/lospoliticosveracruz.com\\\/#\\\/schema\\\/person\\\/b8702bb0e538456e6efd07080bf2a4a2\"},\"headline\":\"OMNIPRESENCIA\",\"datePublished\":\"2025-08-20T01:59:00+00:00\",\"mainEntityOfPage\":{\"@id\":\"https:\\\/\\\/lospoliticosveracruz.com\\\/?p=150963\"},\"wordCount\":805,\"publisher\":{\"@id\":\"https:\\\/\\\/lospoliticosveracruz.com\\\/#organization\"},\"image\":{\"@id\":\"https:\\\/\\\/lospoliticosveracruz.com\\\/?p=150963#primaryimage\"},\"thumbnailUrl\":\"https:\\\/\\\/lospoliticosveracruz.com\\\/wp-content\\\/uploads\\\/2025\\\/04\\\/Lupita-H-Mar.jpg\",\"keywords\":[\"gabinete legal Veracruz\",\"Gobierno del Estado de Veracruz\",\"Guadalupe H. Mar columna\",\"omnipresencia pol\u00edtica\",\"Roc\u00edo Nahle secretarios\"],\"articleSection\":[\"De Opini\u00f3n\"],\"inLanguage\":\"es\"},{\"@type\":\"WebPage\",\"@id\":\"https:\\\/\\\/lospoliticosveracruz.com\\\/?p=150963\",\"url\":\"https:\\\/\\\/lospoliticosveracruz.com\\\/?p=150963\",\"name\":\"OMNIPRESENCIA - Los pol\u00edticos Veracruz\",\"isPartOf\":{\"@id\":\"https:\\\/\\\/lospoliticosveracruz.com\\\/#website\"},\"primaryImageOfPage\":{\"@id\":\"https:\\\/\\\/lospoliticosveracruz.com\\\/?p=150963#primaryimage\"},\"image\":{\"@id\":\"https:\\\/\\\/lospoliticosveracruz.com\\\/?p=150963#primaryimage\"},\"thumbnailUrl\":\"https:\\\/\\\/lospoliticosveracruz.com\\\/wp-content\\\/uploads\\\/2025\\\/04\\\/Lupita-H-Mar.jpg\",\"datePublished\":\"2025-08-20T01:59:00+00:00\",\"breadcrumb\":{\"@id\":\"https:\\\/\\\/lospoliticosveracruz.com\\\/?p=150963#breadcrumb\"},\"inLanguage\":\"es\",\"potentialAction\":[{\"@type\":\"ReadAction\",\"target\":[\"https:\\\/\\\/lospoliticosveracruz.com\\\/?p=150963\"]}]},{\"@type\":\"ImageObject\",\"inLanguage\":\"es\",\"@id\":\"https:\\\/\\\/lospoliticosveracruz.com\\\/?p=150963#primaryimage\",\"url\":\"https:\\\/\\\/lospoliticosveracruz.com\\\/wp-content\\\/uploads\\\/2025\\\/04\\\/Lupita-H-Mar.jpg\",\"contentUrl\":\"https:\\\/\\\/lospoliticosveracruz.com\\\/wp-content\\\/uploads\\\/2025\\\/04\\\/Lupita-H-Mar.jpg\",\"width\":1250,\"height\":667},{\"@type\":\"BreadcrumbList\",\"@id\":\"https:\\\/\\\/lospoliticosveracruz.com\\\/?p=150963#breadcrumb\",\"itemListElement\":[{\"@type\":\"ListItem\",\"position\":1,\"name\":\"Portada\",\"item\":\"https:\\\/\\\/lospoliticosveracruz.com\\\/\"},{\"@type\":\"ListItem\",\"position\":2,\"name\":\"OMNIPRESENCIA\"}]},{\"@type\":\"WebSite\",\"@id\":\"https:\\\/\\\/lospoliticosveracruz.com\\\/#website\",\"url\":\"https:\\\/\\\/lospoliticosveracruz.com\\\/\",\"name\":\"Los pol\u00edticos Veracruz\",\"description\":\"\",\"publisher\":{\"@id\":\"https:\\\/\\\/lospoliticosveracruz.com\\\/#organization\"},\"potentialAction\":[{\"@type\":\"SearchAction\",\"target\":{\"@type\":\"EntryPoint\",\"urlTemplate\":\"https:\\\/\\\/lospoliticosveracruz.com\\\/?s={search_term_string}\"},\"query-input\":{\"@type\":\"PropertyValueSpecification\",\"valueRequired\":true,\"valueName\":\"search_term_string\"}}],\"inLanguage\":\"es\"},{\"@type\":\"Organization\",\"@id\":\"https:\\\/\\\/lospoliticosveracruz.com\\\/#organization\",\"name\":\"Los pol\u00edticos Veracruz\",\"url\":\"https:\\\/\\\/lospoliticosveracruz.com\\\/\",\"logo\":{\"@type\":\"ImageObject\",\"inLanguage\":\"es\",\"@id\":\"https:\\\/\\\/lospoliticosveracruz.com\\\/#\\\/schema\\\/logo\\\/image\\\/\",\"url\":\"https:\\\/\\\/lospoliticosveracruz.com\\\/wp-content\\\/uploads\\\/2025\\\/12\\\/Logo-Nuevo-LOS-POLITICOS-1.jpg\",\"contentUrl\":\"https:\\\/\\\/lospoliticosveracruz.com\\\/wp-content\\\/uploads\\\/2025\\\/12\\\/Logo-Nuevo-LOS-POLITICOS-1.jpg\",\"width\":260,\"height\":70,\"caption\":\"Los pol\u00edticos Veracruz\"},\"image\":{\"@id\":\"https:\\\/\\\/lospoliticosveracruz.com\\\/#\\\/schema\\\/logo\\\/image\\\/\"},\"sameAs\":[\"https:\\\/\\\/www.facebook.com\\\/people\\\/Notimemes-de-los-Polticos\\\/61565672886568\\\/\",\"https:\\\/\\\/x.com\\\/LosPoliticosVer\"]},{\"@type\":\"Person\",\"@id\":\"https:\\\/\\\/lospoliticosveracruz.com\\\/#\\\/schema\\\/person\\\/b8702bb0e538456e6efd07080bf2a4a2\",\"name\":\"Lo viste en Los Pol\u00edticos\",\"image\":{\"@type\":\"ImageObject\",\"inLanguage\":\"es\",\"@id\":\"https:\\\/\\\/secure.gravatar.com\\\/avatar\\\/3a8de04a2656d44082be478bd6c086daa447c4651605818287b9532d3d0bd435?s=96&d=mm&r=g\",\"url\":\"https:\\\/\\\/secure.gravatar.com\\\/avatar\\\/3a8de04a2656d44082be478bd6c086daa447c4651605818287b9532d3d0bd435?s=96&d=mm&r=g\",\"contentUrl\":\"https:\\\/\\\/secure.gravatar.com\\\/avatar\\\/3a8de04a2656d44082be478bd6c086daa447c4651605818287b9532d3d0bd435?s=96&d=mm&r=g\",\"caption\":\"Lo viste en Los Pol\u00edticos\"},\"url\":\"https:\\\/\\\/lospoliticosveracruz.com\\\/?author=2\"}]}<\/script>\n<!-- \/ Yoast SEO plugin. -->","yoast_head_json":{"title":"OMNIPRESENCIA - Los pol\u00edticos Veracruz","robots":{"index":"index","follow":"follow","max-snippet":"max-snippet:-1","max-image-preview":"max-image-preview:large","max-video-preview":"max-video-preview:-1"},"canonical":"https:\/\/lospoliticosveracruz.com\/?p=150963","og_locale":"es_ES","og_type":"article","og_title":"OMNIPRESENCIA - Los pol\u00edticos Veracruz","og_description":"Guadalupe H. Mar Mira Pol\u00edtica MILENARIA COSTUMBRITA&nbsp;\u2026 \u00bfSab\u00edan ustedes amables lectoras y lectores que el gabinete legal de esa entelequia llamada&nbsp;gobierno del estado de Veracruz, adem\u00e1s de la&nbsp;gobernadora la ingeniera qu\u00edmica Norma Roc\u00edo Nahle Garc\u00eda, lo integran 14 secretarios de despacho, una jefatura de la Oficina y Programa de Gobierno, as\u00ed como una Contralor\u00eda General [&hellip;]","og_url":"https:\/\/lospoliticosveracruz.com\/?p=150963","og_site_name":"Los pol\u00edticos Veracruz","article_publisher":"https:\/\/www.facebook.com\/people\/Notimemes-de-los-Polticos\/61565672886568\/","article_published_time":"2025-08-20T01:59:00+00:00","og_image":[{"width":1250,"height":667,"url":"https:\/\/lospoliticosveracruz.com\/wp-content\/uploads\/2025\/04\/Lupita-H-Mar.jpg","type":"image\/jpeg"}],"author":"Lo viste en Los Pol\u00edticos","twitter_card":"summary_large_image","twitter_creator":"@LosPoliticosVer","twitter_site":"@LosPoliticosVer","twitter_misc":{"Escrito por":"Lo viste en Los Pol\u00edticos","Tiempo de lectura":"4 minutos"},"schema":{"@context":"https:\/\/schema.org","@graph":[{"@type":"Article","@id":"https:\/\/lospoliticosveracruz.com\/?p=150963#article","isPartOf":{"@id":"https:\/\/lospoliticosveracruz.com\/?p=150963"},"author":{"name":"Lo viste en Los Pol\u00edticos","@id":"https:\/\/lospoliticosveracruz.com\/#\/schema\/person\/b8702bb0e538456e6efd07080bf2a4a2"},"headline":"OMNIPRESENCIA","datePublished":"2025-08-20T01:59:00+00:00","mainEntityOfPage":{"@id":"https:\/\/lospoliticosveracruz.com\/?p=150963"},"wordCount":805,"publisher":{"@id":"https:\/\/lospoliticosveracruz.com\/#organization"},"image":{"@id":"https:\/\/lospoliticosveracruz.com\/?p=150963#primaryimage"},"thumbnailUrl":"https:\/\/lospoliticosveracruz.com\/wp-content\/uploads\/2025\/04\/Lupita-H-Mar.jpg","keywords":["gabinete legal Veracruz","Gobierno del Estado de Veracruz","Guadalupe H. Mar columna","omnipresencia pol\u00edtica","Roc\u00edo Nahle secretarios"],"articleSection":["De Opini\u00f3n"],"inLanguage":"es"},{"@type":"WebPage","@id":"https:\/\/lospoliticosveracruz.com\/?p=150963","url":"https:\/\/lospoliticosveracruz.com\/?p=150963","name":"OMNIPRESENCIA - Los pol\u00edticos Veracruz","isPartOf":{"@id":"https:\/\/lospoliticosveracruz.com\/#website"},"primaryImageOfPage":{"@id":"https:\/\/lospoliticosveracruz.com\/?p=150963#primaryimage"},"image":{"@id":"https:\/\/lospoliticosveracruz.com\/?p=150963#primaryimage"},"thumbnailUrl":"https:\/\/lospoliticosveracruz.com\/wp-content\/uploads\/2025\/04\/Lupita-H-Mar.jpg","datePublished":"2025-08-20T01:59:00+00:00","breadcrumb":{"@id":"https:\/\/lospoliticosveracruz.com\/?p=150963#breadcrumb"},"inLanguage":"es","potentialAction":[{"@type":"ReadAction","target":["https:\/\/lospoliticosveracruz.com\/?p=150963"]}]},{"@type":"ImageObject","inLanguage":"es","@id":"https:\/\/lospoliticosveracruz.com\/?p=150963#primaryimage","url":"https:\/\/lospoliticosveracruz.com\/wp-content\/uploads\/2025\/04\/Lupita-H-Mar.jpg","contentUrl":"https:\/\/lospoliticosveracruz.com\/wp-content\/uploads\/2025\/04\/Lupita-H-Mar.jpg","width":1250,"height":667},{"@type":"BreadcrumbList","@id":"https:\/\/lospoliticosveracruz.com\/?p=150963#breadcrumb","itemListElement":[{"@type":"ListItem","position":1,"name":"Portada","item":"https:\/\/lospoliticosveracruz.com\/"},{"@type":"ListItem","position":2,"name":"OMNIPRESENCIA"}]},{"@type":"WebSite","@id":"https:\/\/lospoliticosveracruz.com\/#website","url":"https:\/\/lospoliticosveracruz.com\/","name":"Los pol\u00edticos Veracruz","description":"","publisher":{"@id":"https:\/\/lospoliticosveracruz.com\/#organization"},"potentialAction":[{"@type":"SearchAction","target":{"@type":"EntryPoint","urlTemplate":"https:\/\/lospoliticosveracruz.com\/?s={search_term_string}"},"query-input":{"@type":"PropertyValueSpecification","valueRequired":true,"valueName":"search_term_string"}}],"inLanguage":"es"},{"@type":"Organization","@id":"https:\/\/lospoliticosveracruz.com\/#organization","name":"Los pol\u00edticos Veracruz","url":"https:\/\/lospoliticosveracruz.com\/","logo":{"@type":"ImageObject","inLanguage":"es","@id":"https:\/\/lospoliticosveracruz.com\/#\/schema\/logo\/image\/","url":"https:\/\/lospoliticosveracruz.com\/wp-content\/uploads\/2025\/12\/Logo-Nuevo-LOS-POLITICOS-1.jpg","contentUrl":"https:\/\/lospoliticosveracruz.com\/wp-content\/uploads\/2025\/12\/Logo-Nuevo-LOS-POLITICOS-1.jpg","width":260,"height":70,"caption":"Los pol\u00edticos Veracruz"},"image":{"@id":"https:\/\/lospoliticosveracruz.com\/#\/schema\/logo\/image\/"},"sameAs":["https:\/\/www.facebook.com\/people\/Notimemes-de-los-Polticos\/61565672886568\/","https:\/\/x.com\/LosPoliticosVer"]},{"@type":"Person","@id":"https:\/\/lospoliticosveracruz.com\/#\/schema\/person\/b8702bb0e538456e6efd07080bf2a4a2","name":"Lo viste en Los Pol\u00edticos","image":{"@type":"ImageObject","inLanguage":"es","@id":"https:\/\/secure.gravatar.com\/avatar\/3a8de04a2656d44082be478bd6c086daa447c4651605818287b9532d3d0bd435?s=96&d=mm&r=g","url":"https:\/\/secure.gravatar.com\/avatar\/3a8de04a2656d44082be478bd6c086daa447c4651605818287b9532d3d0bd435?s=96&d=mm&r=g","contentUrl":"https:\/\/secure.gravatar.com\/avatar\/3a8de04a2656d44082be478bd6c086daa447c4651605818287b9532d3d0bd435?s=96&d=mm&r=g","caption":"Lo viste en Los Pol\u00edticos"},"url":"https:\/\/lospoliticosveracruz.com\/?author=2"}]}},"_links":{"self":[{"href":"https:\/\/lospoliticosveracruz.com\/index.php?rest_route=\/wp\/v2\/posts\/150963","targetHints":{"allow":["GET"]}}],"collection":[{"href":"https:\/\/lospoliticosveracruz.com\/index.php?rest_route=\/wp\/v2\/posts"}],"about":[{"href":"https:\/\/lospoliticosveracruz.com\/index.php?rest_route=\/wp\/v2\/types\/post"}],"author":[{"embeddable":true,"href":"https:\/\/lospoliticosveracruz.com\/index.php?rest_route=\/wp\/v2\/users\/2"}],"replies":[{"embeddable":true,"href":"https:\/\/lospoliticosveracruz.com\/index.php?rest_route=%2Fwp%2Fv2%2Fcomments&post=150963"}],"version-history":[{"count":1,"href":"https:\/\/lospoliticosveracruz.com\/index.php?rest_route=\/wp\/v2\/posts\/150963\/revisions"}],"predecessor-version":[{"id":150964,"href":"https:\/\/lospoliticosveracruz.com\/index.php?rest_route=\/wp\/v2\/posts\/150963\/revisions\/150964"}],"wp:featuredmedia":[{"embeddable":true,"href":"https:\/\/lospoliticosveracruz.com\/index.php?rest_route=\/wp\/v2\/media\/141398"}],"wp:attachment":[{"href":"https:\/\/lospoliticosveracruz.com\/index.php?rest_route=%2Fwp%2Fv2%2Fmedia&parent=150963"}],"wp:term":[{"taxonomy":"category","embeddable":true,"href":"https:\/\/lospoliticosveracruz.com\/index.php?rest_route=%2Fwp%2Fv2%2Fcategories&post=150963"},{"taxonomy":"post_tag","embeddable":true,"href":"https:\/\/lospoliticosveracruz.com\/index.php?rest_route=%2Fwp%2Fv2%2Ftags&post=150963"}],"curies":[{"name":"wp","href":"https:\/\/api.w.org\/{rel}","templated":true}]}}